{"id":27843,"date":"2018-01-09T10:33:27","date_gmt":"2018-01-09T09:33:27","guid":{"rendered":"http:\/\/www.tressis.com\/blog\/?p=27843"},"modified":"2018-01-09T10:33:27","modified_gmt":"2018-01-09T09:33:27","slug":"dejarse-llevar-la-corriente","status":"publish","type":"post","link":"https:\/\/www.tressis.com\/ca\/blog\/dejarse-llevar-la-corriente\/","title":{"rendered":"Lo mejor, dejarse llevar por la corriente"},"content":{"rendered":"<p>Nada tan f\u00e1cil como dejarse llevar por la corriente, sobre todo cuando esta lo hace para bien.<!--more--><\/p>\n<p>As\u00ed son d\u00edas como el de ayer, en los que no sucede nada especial, pero que nos dejan con la bolsa de EE.UU. alcanzando otro m\u00e1ximo. La macro ya sabemos que bien, por lo que queda comprobar qu\u00e9 nos trae la presentaci\u00f3n de resultados del \u00faltimo trimestre del a\u00f1o pasado, que por lo menos en las apuestas cotiza al alza.<\/p>\n<p>Lo m\u00e1s destacado de la sesi\u00f3n vino a refrendar el estado de gracia de la econom\u00eda europea. Adem\u00e1s de que las ventas minoristas se\u00f1alan el crecimiento del consumo, indispensable si queremos seguir hablando de la progresi\u00f3n de la actividad, los adelantados de confianza son los que de verdad nos deben importar, porque son los que al fin y al cabo nos indican si el PIB sube a futuro o no. Y viendo algunos datos parece que s\u00ed, como pueden ser la confianza econ\u00f3mica y la de los inversores, en m\u00e1ximos casi de todo el siglo la primera y desde antes de la crisis financiera la segunda.<\/p>\n<p>Esta sensaci\u00f3n positiva naturalmente tiene que impactar contra el euro, apreci\u00e1ndolo frente al d\u00f3lar debido a la presi\u00f3n que puede sufrir el BCE. Sin embargo, analizando la otra cara de la moneda es donde surgen las dudas, pues a pesar de que la &#8220;guerra civil&#8221; prosigue dentro de la Reserva Federal, el camino de las subidas de tipos de inter\u00e9s parece estar bien predefinido.<\/p>\n<p>Precisamente se dice que es el cruce entre el euro y el d\u00f3lar una de las mejores formas de explicar lo que sucede con el petr\u00f3leo (otra vez alrededor de 68 d\u00f3lares\/barril) y el resto de materias primas. Claro que teniendo la guerra no declarada entre productores convencionales y no convencionales por un lado, as\u00ed como la fortaleza de la demanda por otro, se hace m\u00e1s dif\u00edcil si cabe ir repartiendo las cotas de responsabilidad entre cada uno de los factores.<\/p>\n<p>Buen d\u00eda.<\/p>\n<p><center><strong>Am\u00edlcar Barrios Vilallonga<\/strong><br \/>\nDirecci\u00f3n de Inversiones<\/center><\/p>\n","protected":false},"excerpt":{"rendered":"<p>Nada tan f\u00e1cil como dejarse llevar por la corriente, sobre todo cuando esta lo hace para bien.<\/p>\n","protected":false},"author":4,"featured_media":27844,"comment_status":"open","ping_status":"closed","sticky":false,"template":"","format":"standard","meta":{"_acf_changed":false,"footnotes":""},"categories":[9721],"tags":[559,638,1362,1550,1632,2168,4845,4856,5235,5761,6401,6868],"class_list":["post-27843","post","type-post","status-publish","format-standard","has-post-thumbnail","hentry","category-morning-meeting","tag-bce","tag-bolsa-de-eeuu","tag-confianza-economica","tag-crecimiento-del-consumo","tag-crisis-financiera","tag-economia-europea","tag-petroleo","tag-pib","tag-productores-convencionales","tag-reserva-federal","tag-subidas-tipos-de-interes","tag-ventas-minoristas"],"acf":[],"yoast_head":"<!-- This site is optimized with the Yoast SEO plugin v27.5 - https:\/\/yoast.com\/product\/yoast-seo-wordpress\/ -->\n<title>Lo mejor, dejarse llevar por la corriente<\/title>\n<meta name=\"description\" content=\"Lo m\u00e1s destacado de la sesi\u00f3n de ayer vino a refrendar el estado de gracia de la econom\u00eda europea\" \/>\n<meta name=\"robots\" content=\"index, follow, max-snippet:-1, max-image-preview:large, max-video-preview:-1\" \/>\n<link rel=\"canonical\" href=\"https:\/\/www.tressis.com\/ca\/blog\/dejarse-llevar-la-corriente\/\" \/>\n<meta property=\"og:locale\" content=\"ca_ES\" \/>\n<meta property=\"og:type\" content=\"article\" \/>\n<meta property=\"og:title\" content=\"Lo mejor, dejarse llevar por la corriente\" \/>\n<meta property=\"og:description\" content=\"Lo m\u00e1s destacado de la sesi\u00f3n de ayer vino a refrendar el estado de gracia de la econom\u00eda europea\" \/>\n<meta property=\"og:url\" content=\"https:\/\/www.tressis.com\/ca\/blog\/dejarse-llevar-la-corriente\/\" \/>\n<meta property=\"og:site_name\" content=\"Tressis\" \/>\n<meta property=\"article:publisher\" content=\"https:\/\/www.facebook.com\/Tressis\/\" \/>\n<meta property=\"article:published_time\" content=\"2018-01-09T09:33:27+00:00\" \/>\n<meta property=\"og:image\" content=\"https:\/\/www.tressis.com\/wp-content\/uploads\/2018\/01\/20180109-mmv.jpg\" \/>\n\t<meta property=\"og:image:width\" content=\"1100\" \/>\n\t<meta property=\"og:image:height\" content=\"487\" \/>\n\t<meta property=\"og:image:type\" content=\"image\/jpeg\" \/>\n<meta name=\"author\" content=\"Lola\" \/>\n<meta name=\"twitter:card\" content=\"summary_large_image\" \/>\n<meta name=\"twitter:creator\" content=\"@TressisSV\" \/>\n<meta name=\"twitter:site\" content=\"@TressisSV\" \/>\n<meta name=\"twitter:label1\" content=\"Escrit per\" \/>\n\t<meta name=\"twitter:data1\" content=\"Lola\" \/>\n\t<meta name=\"twitter:label2\" content=\"Temps estimat de lectura\" \/>\n\t<meta name=\"twitter:data2\" content=\"2 minuts\" \/>\n<script type=\"application\/ld+json\" class=\"yoast-schema-graph\">{\"@context\":\"https:\\\/\\\/schema.org\",\"@graph\":[{\"@type\":\"Article\",\"@id\":\"https:\\\/\\\/www.tressis.com\\\/ca\\\/blog\\\/dejarse-llevar-la-corriente\\\/#article\",\"isPartOf\":{\"@id\":\"https:\\\/\\\/www.tressis.com\\\/ca\\\/blog\\\/dejarse-llevar-la-corriente\\\/\"},\"author\":{\"name\":\"Lola\",\"@id\":\"https:\\\/\\\/www.tressis.com\\\/ca\\\/#\\\/schema\\\/person\\\/b833c1d724d8764920b6d6852c70584e\"},\"headline\":\"Lo mejor, dejarse llevar por la corriente\",\"datePublished\":\"2018-01-09T09:33:27+00:00\",\"mainEntityOfPage\":{\"@id\":\"https:\\\/\\\/www.tressis.com\\\/ca\\\/blog\\\/dejarse-llevar-la-corriente\\\/\"},\"wordCount\":370,\"commentCount\":0,\"publisher\":{\"@id\":\"https:\\\/\\\/www.tressis.com\\\/ca\\\/#organization\"},\"image\":{\"@id\":\"https:\\\/\\\/www.tressis.com\\\/ca\\\/blog\\\/dejarse-llevar-la-corriente\\\/#primaryimage\"},\"thumbnailUrl\":\"https:\\\/\\\/www.tressis.com\\\/wp-content\\\/uploads\\\/2018\\\/01\\\/20180109-mmv.jpg\",\"keywords\":[\"BCE\",\"bolsa de EEUU\",\"confianza econ\u00f3mica\",\"crecimiento del consumo\",\"crisis financiera\",\"econom\u00eda europea\",\"petr\u00f3leo\",\"PIB\",\"productores convencionales\",\"Reserva Federal\",\"subidas tipos de inter\u00e9s\",\"ventas minoristas\"],\"articleSection\":[\"Morning meeting\"],\"inLanguage\":\"ca\",\"potentialAction\":[{\"@type\":\"CommentAction\",\"name\":\"Comment\",\"target\":[\"https:\\\/\\\/www.tressis.com\\\/ca\\\/blog\\\/dejarse-llevar-la-corriente\\\/#respond\"]}]},{\"@type\":\"WebPage\",\"@id\":\"https:\\\/\\\/www.tressis.com\\\/ca\\\/blog\\\/dejarse-llevar-la-corriente\\\/\",\"url\":\"https:\\\/\\\/www.tressis.com\\\/ca\\\/blog\\\/dejarse-llevar-la-corriente\\\/\",\"name\":\"Lo mejor, dejarse llevar por la corriente\",\"isPartOf\":{\"@id\":\"https:\\\/\\\/www.tressis.com\\\/ca\\\/#website\"},\"primaryImageOfPage\":{\"@id\":\"https:\\\/\\\/www.tressis.com\\\/ca\\\/blog\\\/dejarse-llevar-la-corriente\\\/#primaryimage\"},\"image\":{\"@id\":\"https:\\\/\\\/www.tressis.com\\\/ca\\\/blog\\\/dejarse-llevar-la-corriente\\\/#primaryimage\"},\"thumbnailUrl\":\"https:\\\/\\\/www.tressis.com\\\/wp-content\\\/uploads\\\/2018\\\/01\\\/20180109-mmv.jpg\",\"datePublished\":\"2018-01-09T09:33:27+00:00\",\"description\":\"Lo m\u00e1s destacado de la sesi\u00f3n de ayer vino a refrendar el estado de gracia de la econom\u00eda europea\",\"breadcrumb\":{\"@id\":\"https:\\\/\\\/www.tressis.com\\\/ca\\\/blog\\\/dejarse-llevar-la-corriente\\\/#breadcrumb\"},\"inLanguage\":\"ca\",\"potentialAction\":[{\"@type\":\"ReadAction\",\"target\":[\"https:\\\/\\\/www.tressis.com\\\/ca\\\/blog\\\/dejarse-llevar-la-corriente\\\/\"]}]},{\"@type\":\"ImageObject\",\"inLanguage\":\"ca\",\"@id\":\"https:\\\/\\\/www.tressis.com\\\/ca\\\/blog\\\/dejarse-llevar-la-corriente\\\/#primaryimage\",\"url\":\"https:\\\/\\\/www.tressis.com\\\/wp-content\\\/uploads\\\/2018\\\/01\\\/20180109-mmv.jpg\",\"contentUrl\":\"https:\\\/\\\/www.tressis.com\\\/wp-content\\\/uploads\\\/2018\\\/01\\\/20180109-mmv.jpg\",\"width\":1100,\"height\":487,\"caption\":\"Lo mejor, dejarse llevar por la corriente\"},{\"@type\":\"BreadcrumbList\",\"@id\":\"https:\\\/\\\/www.tressis.com\\\/ca\\\/blog\\\/dejarse-llevar-la-corriente\\\/#breadcrumb\",\"itemListElement\":[{\"@type\":\"ListItem\",\"position\":1,\"name\":\"Inicio\",\"item\":\"https:\\\/\\\/www.tressis.com\\\/ca\\\/\"},{\"@type\":\"ListItem\",\"position\":2,\"name\":\"Lo mejor, dejarse llevar por la corriente\"}]},{\"@type\":\"WebSite\",\"@id\":\"https:\\\/\\\/www.tressis.com\\\/ca\\\/#website\",\"url\":\"https:\\\/\\\/www.tressis.com\\\/ca\\\/\",\"name\":\"Tressis banca privada\",\"description\":\"Tressis | Planificaci\u00f3n financiera y gesti\u00f3n de patrimonios\",\"publisher\":{\"@id\":\"https:\\\/\\\/www.tressis.com\\\/ca\\\/#organization\"},\"potentialAction\":[{\"@type\":\"SearchAction\",\"target\":{\"@type\":\"EntryPoint\",\"urlTemplate\":\"https:\\\/\\\/www.tressis.com\\\/ca\\\/?s={search_term_string}\"},\"query-input\":{\"@type\":\"PropertyValueSpecification\",\"valueRequired\":true,\"valueName\":\"search_term_string\"}}],\"inLanguage\":\"ca\"},{\"@type\":\"Organization\",\"@id\":\"https:\\\/\\\/www.tressis.com\\\/ca\\\/#organization\",\"name\":\"Tressis\",\"url\":\"https:\\\/\\\/www.tressis.com\\\/ca\\\/\",\"logo\":{\"@type\":\"ImageObject\",\"inLanguage\":\"ca\",\"@id\":\"https:\\\/\\\/www.tressis.com\\\/ca\\\/#\\\/schema\\\/logo\\\/image\\\/\",\"url\":\"https:\\\/\\\/www.tressis.com\\\/wp-content\\\/uploads\\\/2025\\\/06\\\/logo-tressis-112.png\",\"contentUrl\":\"https:\\\/\\\/www.tressis.com\\\/wp-content\\\/uploads\\\/2025\\\/06\\\/logo-tressis-112.png\",\"width\":112,\"height\":112,\"caption\":\"Tressis\"},\"image\":{\"@id\":\"https:\\\/\\\/www.tressis.com\\\/ca\\\/#\\\/schema\\\/logo\\\/image\\\/\"},\"sameAs\":[\"https:\\\/\\\/www.facebook.com\\\/Tressis\\\/\",\"https:\\\/\\\/x.com\\\/TressisSV\",\"https:\\\/\\\/www.instagram.com\\\/tressissv\\\/?hl=es\",\"https:\\\/\\\/linkedin.com\\\/company\\\/tressis\\\/\",\"https:\\\/\\\/www.youtube.com\\\/user\\\/tressissv\",\"https:\\\/\\\/open.spotify.com\\\/show\\\/3jmTe1Nf0wqMILl7diWV6h?si=d7112519f13c4593&nd=1\"]},{\"@type\":\"Person\",\"@id\":\"https:\\\/\\\/www.tressis.com\\\/ca\\\/#\\\/schema\\\/person\\\/b833c1d724d8764920b6d6852c70584e\",\"name\":\"Lola\",\"image\":{\"@type\":\"ImageObject\",\"inLanguage\":\"ca\",\"@id\":\"https:\\\/\\\/secure.gravatar.com\\\/avatar\\\/05e646486b23ff45df9649110609c7e31b8c4a3e2821caa23d6317f405e0c51d?s=96&d=mm&r=g\",\"url\":\"https:\\\/\\\/secure.gravatar.com\\\/avatar\\\/05e646486b23ff45df9649110609c7e31b8c4a3e2821caa23d6317f405e0c51d?s=96&d=mm&r=g\",\"contentUrl\":\"https:\\\/\\\/secure.gravatar.com\\\/avatar\\\/05e646486b23ff45df9649110609c7e31b8c4a3e2821caa23d6317f405e0c51d?s=96&d=mm&r=g\",\"caption\":\"Lola\"}}]}<\/script>\n<!-- \/ Yoast SEO plugin. -->","yoast_head_json":{"title":"Lo mejor, dejarse llevar por la corriente","description":"Lo m\u00e1s destacado de la sesi\u00f3n de ayer vino a refrendar el estado de gracia de la econom\u00eda europea","robots":{"index":"index","follow":"follow","max-snippet":"max-snippet:-1","max-image-preview":"max-image-preview:large","max-video-preview":"max-video-preview:-1"},"canonical":"https:\/\/www.tressis.com\/ca\/blog\/dejarse-llevar-la-corriente\/","og_locale":"ca_ES","og_type":"article","og_title":"Lo mejor, dejarse llevar por la corriente","og_description":"Lo m\u00e1s destacado de la sesi\u00f3n de ayer vino a refrendar el estado de gracia de la econom\u00eda europea","og_url":"https:\/\/www.tressis.com\/ca\/blog\/dejarse-llevar-la-corriente\/","og_site_name":"Tressis","article_publisher":"https:\/\/www.facebook.com\/Tressis\/","article_published_time":"2018-01-09T09:33:27+00:00","og_image":[{"width":1100,"height":487,"url":"https:\/\/www.tressis.com\/wp-content\/uploads\/2018\/01\/20180109-mmv.jpg","type":"image\/jpeg"}],"author":"Lola","twitter_card":"summary_large_image","twitter_creator":"@TressisSV","twitter_site":"@TressisSV","twitter_misc":{"Escrit per":"Lola","Temps estimat de lectura":"2 minuts"},"schema":{"@context":"https:\/\/schema.org","@graph":[{"@type":"Article","@id":"https:\/\/www.tressis.com\/ca\/blog\/dejarse-llevar-la-corriente\/#article","isPartOf":{"@id":"https:\/\/www.tressis.com\/ca\/blog\/dejarse-llevar-la-corriente\/"},"author":{"name":"Lola","@id":"https:\/\/www.tressis.com\/ca\/#\/schema\/person\/b833c1d724d8764920b6d6852c70584e"},"headline":"Lo mejor, dejarse llevar por la corriente","datePublished":"2018-01-09T09:33:27+00:00","mainEntityOfPage":{"@id":"https:\/\/www.tressis.com\/ca\/blog\/dejarse-llevar-la-corriente\/"},"wordCount":370,"commentCount":0,"publisher":{"@id":"https:\/\/www.tressis.com\/ca\/#organization"},"image":{"@id":"https:\/\/www.tressis.com\/ca\/blog\/dejarse-llevar-la-corriente\/#primaryimage"},"thumbnailUrl":"https:\/\/www.tressis.com\/wp-content\/uploads\/2018\/01\/20180109-mmv.jpg","keywords":["BCE","bolsa de EEUU","confianza econ\u00f3mica","crecimiento del consumo","crisis financiera","econom\u00eda europea","petr\u00f3leo","PIB","productores convencionales","Reserva Federal","subidas tipos de inter\u00e9s","ventas minoristas"],"articleSection":["Morning meeting"],"inLanguage":"ca","potentialAction":[{"@type":"CommentAction","name":"Comment","target":["https:\/\/www.tressis.com\/ca\/blog\/dejarse-llevar-la-corriente\/#respond"]}]},{"@type":"WebPage","@id":"https:\/\/www.tressis.com\/ca\/blog\/dejarse-llevar-la-corriente\/","url":"https:\/\/www.tressis.com\/ca\/blog\/dejarse-llevar-la-corriente\/","name":"Lo mejor, dejarse llevar por la corriente","isPartOf":{"@id":"https:\/\/www.tressis.com\/ca\/#website"},"primaryImageOfPage":{"@id":"https:\/\/www.tressis.com\/ca\/blog\/dejarse-llevar-la-corriente\/#primaryimage"},"image":{"@id":"https:\/\/www.tressis.com\/ca\/blog\/dejarse-llevar-la-corriente\/#primaryimage"},"thumbnailUrl":"https:\/\/www.tressis.com\/wp-content\/uploads\/2018\/01\/20180109-mmv.jpg","datePublished":"2018-01-09T09:33:27+00:00","description":"Lo m\u00e1s destacado de la sesi\u00f3n de ayer vino a refrendar el estado de gracia de la econom\u00eda europea","breadcrumb":{"@id":"https:\/\/www.tressis.com\/ca\/blog\/dejarse-llevar-la-corriente\/#breadcrumb"},"inLanguage":"ca","potentialAction":[{"@type":"ReadAction","target":["https:\/\/www.tressis.com\/ca\/blog\/dejarse-llevar-la-corriente\/"]}]},{"@type":"ImageObject","inLanguage":"ca","@id":"https:\/\/www.tressis.com\/ca\/blog\/dejarse-llevar-la-corriente\/#primaryimage","url":"https:\/\/www.tressis.com\/wp-content\/uploads\/2018\/01\/20180109-mmv.jpg","contentUrl":"https:\/\/www.tressis.com\/wp-content\/uploads\/2018\/01\/20180109-mmv.jpg","width":1100,"height":487,"caption":"Lo mejor, dejarse llevar por la corriente"},{"@type":"BreadcrumbList","@id":"https:\/\/www.tressis.com\/ca\/blog\/dejarse-llevar-la-corriente\/#breadcrumb","itemListElement":[{"@type":"ListItem","position":1,"name":"Inicio","item":"https:\/\/www.tressis.com\/ca\/"},{"@type":"ListItem","position":2,"name":"Lo mejor, dejarse llevar por la corriente"}]},{"@type":"WebSite","@id":"https:\/\/www.tressis.com\/ca\/#website","url":"https:\/\/www.tressis.com\/ca\/","name":"Tressis banca privada","description":"Tressis | Planificaci\u00f3n financiera y gesti\u00f3n de patrimonios","publisher":{"@id":"https:\/\/www.tressis.com\/ca\/#organization"},"potentialAction":[{"@type":"SearchAction","target":{"@type":"EntryPoint","urlTemplate":"https:\/\/www.tressis.com\/ca\/?s={search_term_string}"},"query-input":{"@type":"PropertyValueSpecification","valueRequired":true,"valueName":"search_term_string"}}],"inLanguage":"ca"},{"@type":"Organization","@id":"https:\/\/www.tressis.com\/ca\/#organization","name":"Tressis","url":"https:\/\/www.tressis.com\/ca\/","logo":{"@type":"ImageObject","inLanguage":"ca","@id":"https:\/\/www.tressis.com\/ca\/#\/schema\/logo\/image\/","url":"https:\/\/www.tressis.com\/wp-content\/uploads\/2025\/06\/logo-tressis-112.png","contentUrl":"https:\/\/www.tressis.com\/wp-content\/uploads\/2025\/06\/logo-tressis-112.png","width":112,"height":112,"caption":"Tressis"},"image":{"@id":"https:\/\/www.tressis.com\/ca\/#\/schema\/logo\/image\/"},"sameAs":["https:\/\/www.facebook.com\/Tressis\/","https:\/\/x.com\/TressisSV","https:\/\/www.instagram.com\/tressissv\/?hl=es","https:\/\/linkedin.com\/company\/tressis\/","https:\/\/www.youtube.com\/user\/tressissv","https:\/\/open.spotify.com\/show\/3jmTe1Nf0wqMILl7diWV6h?si=d7112519f13c4593&nd=1"]},{"@type":"Person","@id":"https:\/\/www.tressis.com\/ca\/#\/schema\/person\/b833c1d724d8764920b6d6852c70584e","name":"Lola","image":{"@type":"ImageObject","inLanguage":"ca","@id":"https:\/\/secure.gravatar.com\/avatar\/05e646486b23ff45df9649110609c7e31b8c4a3e2821caa23d6317f405e0c51d?s=96&d=mm&r=g","url":"https:\/\/secure.gravatar.com\/avatar\/05e646486b23ff45df9649110609c7e31b8c4a3e2821caa23d6317f405e0c51d?s=96&d=mm&r=g","contentUrl":"https:\/\/secure.gravatar.com\/avatar\/05e646486b23ff45df9649110609c7e31b8c4a3e2821caa23d6317f405e0c51d?s=96&d=mm&r=g","caption":"Lola"}}]}},"_links":{"self":[{"href":"https:\/\/www.tressis.com\/ca\/wp-json\/wp\/v2\/posts\/27843","targetHints":{"allow":["GET"]}}],"collection":[{"href":"https:\/\/www.tressis.com\/ca\/wp-json\/wp\/v2\/posts"}],"about":[{"href":"https:\/\/www.tressis.com\/ca\/wp-json\/wp\/v2\/types\/post"}],"author":[{"embeddable":true,"href":"https:\/\/www.tressis.com\/ca\/wp-json\/wp\/v2\/users\/4"}],"replies":[{"embeddable":true,"href":"https:\/\/www.tressis.com\/ca\/wp-json\/wp\/v2\/comments?post=27843"}],"version-history":[{"count":0,"href":"https:\/\/www.tressis.com\/ca\/wp-json\/wp\/v2\/posts\/27843\/revisions"}],"wp:featuredmedia":[{"embeddable":true,"href":"https:\/\/www.tressis.com\/ca\/wp-json\/wp\/v2\/media\/27844"}],"wp:attachment":[{"href":"https:\/\/www.tressis.com\/ca\/wp-json\/wp\/v2\/media?parent=27843"}],"wp:term":[{"taxonomy":"category","embeddable":true,"href":"https:\/\/www.tressis.com\/ca\/wp-json\/wp\/v2\/categories?post=27843"},{"taxonomy":"post_tag","embeddable":true,"href":"https:\/\/www.tressis.com\/ca\/wp-json\/wp\/v2\/tags?post=27843"}],"curies":[{"name":"wp","href":"https:\/\/api.w.org\/{rel}","templated":true}]}}