{"id":27815,"date":"2018-01-04T10:47:12","date_gmt":"2018-01-04T09:47:12","guid":{"rendered":"http:\/\/www.tressis.com\/blog\/?p=27815"},"modified":"2018-01-04T10:47:12","modified_gmt":"2018-01-04T09:47:12","slug":"cuarto-dia-del-ano","status":"publish","type":"post","link":"https:\/\/www.tressis.com\/ca\/blog\/cuarto-dia-del-ano\/","title":{"rendered":"Cuarto d\u00eda del a\u00f1o"},"content":{"rendered":"<p>Aunque lo que no cambia ni siquiera un poco son las sensaciones positivas del mercado, que mantiene el riesgo como la apuesta que mejor paga.<!--more--><\/p>\n<p>Los problemas pol\u00edticos hoy por hoy no importan porque los indicadores acompa\u00f1an. En EE.UU. el ISM de manufacturas repunta en diciembre casi hasta los 60 puntos, solo con la decepci\u00f3n de la partida de empleo. Por su parte, en China el PMI de servicios que elabora Caixin se ha situado en m\u00e1ximos de tres a\u00f1os, demostrando que la confianza dentro del sector terciario marcha adecuadamente. Y tambi\u00e9n el PMI japon\u00e9s, pero de manufacturas, ha escalado hasta su nivel m\u00e1s elevado en cuatro a\u00f1os aprovechando el buen momento que atraviesa la actividad en las Islas, ayudada por un banco central que repetir\u00e1 todas las veces que haga falta que los est\u00edmulos todav\u00eda no se quitan.<\/p>\n<p>Hablando del petr\u00f3leo todo cambia ligeramente. El precio sube como lo hace la bolsa, s\u00ed, si bien aqu\u00ed influyen la oferta y la demanda. Esta \u00faltima se presenta m\u00e1s s\u00f3lida gracias al entorno de recuperaci\u00f3n\/crecimiento global, mientras que por el lado de la variable de la oferta hay m\u00e1s complejidad. Est\u00e1 el pacto de la OPEP, est\u00e1n factores puntuales como cierres de oleoductos, y tambi\u00e9n est\u00e1 el impacto de las protestas que se van sucediendo entre los distintos pa\u00edses productores, siendo ahora el turno de Ir\u00e1n. Pensar en un cambio de r\u00e9gimen es dif\u00edcil, pero para subir el precio vale todo .<\/p>\n<p>Queda para el final el punto m\u00e1s importante de la sesi\u00f3n, las actas de la reuni\u00f3n de diciembre de la Reserva Federal. Porque no nos enga\u00f1emos, si alguien es perfectamente capaz de mover los mercados solo, cuando y como quiera, ese es el FOMC. Pues bien, sabida la divisi\u00f3n a la hora de decidir subir los tipos, tambi\u00e9n nos dicen las actas que la hay de cara al programa m\u00e1s o menos establecido con vistas a 2018, que apunta a otros tres incrementos. De ah\u00ed que los mercados est\u00e9n cotizando con cautela y sin mucho convencimiento el pr\u00f3ximo movimiento en este sentido. Adem\u00e1s de todo esto, destaca el debate acerca del impacto de la reforma fiscal sobre la inflaci\u00f3n, y con ello sobre la curva, si bien a\u00fan parece demasiado pronto.<\/p>\n<p>Buen d\u00eda.<\/p>\n<p><center><strong>Am\u00edlcar Barrios Vilallonga<\/strong><br \/>\nDirecci\u00f3n de Inversiones<\/center><\/p>\n","protected":false},"excerpt":{"rendered":"<p>Aunque lo que no cambia ni siquiera un poco son las sensaciones positivas del mercado, que mantiene el riesgo como la apuesta que mejor paga.<\/p>\n","protected":false},"author":4,"featured_media":27816,"comment_status":"open","ping_status":"closed","sticky":false,"template":"","format":"standard","meta":{"_acf_changed":false,"footnotes":""},"categories":[9721],"tags":[943,1118,2206,2792,3453,3688,3921,4249,4587,4610,4845,4927,5761,6501],"class_list":["post-27815","post","type-post","status-publish","format-standard","has-post-thumbnail","hentry","category-morning-meeting","tag-caixin","tag-china","tag-eeuu","tag-fomc","tag-inflacion","tag-ism","tag-macroeconomico","tag-micro","tag-oferta-y-demanda","tag-opep","tag-petroleo","tag-pmi","tag-reserva-federal","tag-temas-politicos"],"acf":[],"yoast_head":"<!-- This site is optimized with the Yoast SEO plugin v27.4 - https:\/\/yoast.com\/product\/yoast-seo-wordpress\/ -->\n<title>Cuarto d\u00eda del a\u00f1o<\/title>\n<meta name=\"description\" content=\"Esto empieza a ir cogiendo forma poco a poco en todos sus frentes, el macroecon\u00f3mico, el micro y por supuesto que no iba a faltar el pol\u00edtico\" \/>\n<meta name=\"robots\" content=\"index, follow, max-snippet:-1, max-image-preview:large, max-video-preview:-1\" \/>\n<link rel=\"canonical\" href=\"https:\/\/www.tressis.com\/ca\/blog\/cuarto-dia-del-ano\/\" \/>\n<meta property=\"og:locale\" content=\"ca_ES\" \/>\n<meta property=\"og:type\" content=\"article\" \/>\n<meta property=\"og:title\" content=\"Cuarto d\u00eda del a\u00f1o\" \/>\n<meta property=\"og:description\" content=\"Esto empieza a ir cogiendo forma poco a poco en todos sus frentes, el macroecon\u00f3mico, el micro y por supuesto que no iba a faltar el pol\u00edtico\" \/>\n<meta property=\"og:url\" content=\"https:\/\/www.tressis.com\/ca\/blog\/cuarto-dia-del-ano\/\" \/>\n<meta property=\"og:site_name\" content=\"Tressis\" \/>\n<meta property=\"article:publisher\" content=\"https:\/\/www.facebook.com\/Tressis\/\" \/>\n<meta property=\"article:published_time\" content=\"2018-01-04T09:47:12+00:00\" \/>\n<meta property=\"og:image\" content=\"https:\/\/www.tressis.com\/wp-content\/uploads\/2018\/01\/20180104-mmv.jpg\" \/>\n\t<meta property=\"og:image:width\" content=\"1100\" \/>\n\t<meta property=\"og:image:height\" content=\"487\" \/>\n\t<meta property=\"og:image:type\" content=\"image\/jpeg\" \/>\n<meta name=\"author\" content=\"Lola\" \/>\n<meta name=\"twitter:card\" content=\"summary_large_image\" \/>\n<meta name=\"twitter:creator\" content=\"@TressisSV\" \/>\n<meta name=\"twitter:site\" content=\"@TressisSV\" \/>\n<meta name=\"twitter:label1\" content=\"Escrit per\" \/>\n\t<meta name=\"twitter:data1\" content=\"Lola\" \/>\n\t<meta name=\"twitter:label2\" content=\"Temps estimat de lectura\" \/>\n\t<meta name=\"twitter:data2\" content=\"2 minuts\" \/>\n<script type=\"application\/ld+json\" class=\"yoast-schema-graph\">{\"@context\":\"https:\\\/\\\/schema.org\",\"@graph\":[{\"@type\":\"Article\",\"@id\":\"https:\\\/\\\/www.tressis.com\\\/ca\\\/blog\\\/cuarto-dia-del-ano\\\/#article\",\"isPartOf\":{\"@id\":\"https:\\\/\\\/www.tressis.com\\\/ca\\\/blog\\\/cuarto-dia-del-ano\\\/\"},\"author\":{\"name\":\"Lola\",\"@id\":\"https:\\\/\\\/www.tressis.com\\\/ca\\\/#\\\/schema\\\/person\\\/b833c1d724d8764920b6d6852c70584e\"},\"headline\":\"Cuarto d\u00eda del a\u00f1o\",\"datePublished\":\"2018-01-04T09:47:12+00:00\",\"mainEntityOfPage\":{\"@id\":\"https:\\\/\\\/www.tressis.com\\\/ca\\\/blog\\\/cuarto-dia-del-ano\\\/\"},\"wordCount\":422,\"commentCount\":0,\"publisher\":{\"@id\":\"https:\\\/\\\/www.tressis.com\\\/ca\\\/#organization\"},\"image\":{\"@id\":\"https:\\\/\\\/www.tressis.com\\\/ca\\\/blog\\\/cuarto-dia-del-ano\\\/#primaryimage\"},\"thumbnailUrl\":\"https:\\\/\\\/www.tressis.com\\\/wp-content\\\/uploads\\\/2018\\\/01\\\/20180104-mmv.jpg\",\"keywords\":[\"Caixin\",\"china\",\"EEUU\",\"FOMC\",\"inflaci\u00f3n\",\"ISM\",\"macroecon\u00f3mico\",\"micro\",\"oferta y demanda\",\"OPEP\",\"petr\u00f3leo\",\"PMI\",\"Reserva Federal\",\"temas pol\u00edticos\"],\"articleSection\":[\"Morning meeting\"],\"inLanguage\":\"ca\",\"potentialAction\":[{\"@type\":\"CommentAction\",\"name\":\"Comment\",\"target\":[\"https:\\\/\\\/www.tressis.com\\\/ca\\\/blog\\\/cuarto-dia-del-ano\\\/#respond\"]}]},{\"@type\":\"WebPage\",\"@id\":\"https:\\\/\\\/www.tressis.com\\\/ca\\\/blog\\\/cuarto-dia-del-ano\\\/\",\"url\":\"https:\\\/\\\/www.tressis.com\\\/ca\\\/blog\\\/cuarto-dia-del-ano\\\/\",\"name\":\"Cuarto d\u00eda del a\u00f1o\",\"isPartOf\":{\"@id\":\"https:\\\/\\\/www.tressis.com\\\/ca\\\/#website\"},\"primaryImageOfPage\":{\"@id\":\"https:\\\/\\\/www.tressis.com\\\/ca\\\/blog\\\/cuarto-dia-del-ano\\\/#primaryimage\"},\"image\":{\"@id\":\"https:\\\/\\\/www.tressis.com\\\/ca\\\/blog\\\/cuarto-dia-del-ano\\\/#primaryimage\"},\"thumbnailUrl\":\"https:\\\/\\\/www.tressis.com\\\/wp-content\\\/uploads\\\/2018\\\/01\\\/20180104-mmv.jpg\",\"datePublished\":\"2018-01-04T09:47:12+00:00\",\"description\":\"Esto empieza a ir cogiendo forma poco a poco en todos sus frentes, el macroecon\u00f3mico, el micro y por supuesto que no iba a faltar el pol\u00edtico\",\"breadcrumb\":{\"@id\":\"https:\\\/\\\/www.tressis.com\\\/ca\\\/blog\\\/cuarto-dia-del-ano\\\/#breadcrumb\"},\"inLanguage\":\"ca\",\"potentialAction\":[{\"@type\":\"ReadAction\",\"target\":[\"https:\\\/\\\/www.tressis.com\\\/ca\\\/blog\\\/cuarto-dia-del-ano\\\/\"]}]},{\"@type\":\"ImageObject\",\"inLanguage\":\"ca\",\"@id\":\"https:\\\/\\\/www.tressis.com\\\/ca\\\/blog\\\/cuarto-dia-del-ano\\\/#primaryimage\",\"url\":\"https:\\\/\\\/www.tressis.com\\\/wp-content\\\/uploads\\\/2018\\\/01\\\/20180104-mmv.jpg\",\"contentUrl\":\"https:\\\/\\\/www.tressis.com\\\/wp-content\\\/uploads\\\/2018\\\/01\\\/20180104-mmv.jpg\",\"width\":1100,\"height\":487,\"caption\":\"Cuarto d\u00eda del a\u00f1o\"},{\"@type\":\"BreadcrumbList\",\"@id\":\"https:\\\/\\\/www.tressis.com\\\/ca\\\/blog\\\/cuarto-dia-del-ano\\\/#breadcrumb\",\"itemListElement\":[{\"@type\":\"ListItem\",\"position\":1,\"name\":\"Inicio\",\"item\":\"https:\\\/\\\/www.tressis.com\\\/ca\\\/\"},{\"@type\":\"ListItem\",\"position\":2,\"name\":\"Cuarto d\u00eda del a\u00f1o\"}]},{\"@type\":\"WebSite\",\"@id\":\"https:\\\/\\\/www.tressis.com\\\/ca\\\/#website\",\"url\":\"https:\\\/\\\/www.tressis.com\\\/ca\\\/\",\"name\":\"Tressis banca privada\",\"description\":\"Tressis | Planificaci\u00f3n financiera y gesti\u00f3n de patrimonios\",\"publisher\":{\"@id\":\"https:\\\/\\\/www.tressis.com\\\/ca\\\/#organization\"},\"potentialAction\":[{\"@type\":\"SearchAction\",\"target\":{\"@type\":\"EntryPoint\",\"urlTemplate\":\"https:\\\/\\\/www.tressis.com\\\/ca\\\/?s={search_term_string}\"},\"query-input\":{\"@type\":\"PropertyValueSpecification\",\"valueRequired\":true,\"valueName\":\"search_term_string\"}}],\"inLanguage\":\"ca\"},{\"@type\":\"Organization\",\"@id\":\"https:\\\/\\\/www.tressis.com\\\/ca\\\/#organization\",\"name\":\"Tressis\",\"url\":\"https:\\\/\\\/www.tressis.com\\\/ca\\\/\",\"logo\":{\"@type\":\"ImageObject\",\"inLanguage\":\"ca\",\"@id\":\"https:\\\/\\\/www.tressis.com\\\/ca\\\/#\\\/schema\\\/logo\\\/image\\\/\",\"url\":\"https:\\\/\\\/www.tressis.com\\\/wp-content\\\/uploads\\\/2025\\\/06\\\/logo-tressis-112.png\",\"contentUrl\":\"https:\\\/\\\/www.tressis.com\\\/wp-content\\\/uploads\\\/2025\\\/06\\\/logo-tressis-112.png\",\"width\":112,\"height\":112,\"caption\":\"Tressis\"},\"image\":{\"@id\":\"https:\\\/\\\/www.tressis.com\\\/ca\\\/#\\\/schema\\\/logo\\\/image\\\/\"},\"sameAs\":[\"https:\\\/\\\/www.facebook.com\\\/Tressis\\\/\",\"https:\\\/\\\/x.com\\\/TressisSV\",\"https:\\\/\\\/www.instagram.com\\\/tressissv\\\/?hl=es\",\"https:\\\/\\\/linkedin.com\\\/company\\\/tressis\\\/\",\"https:\\\/\\\/www.youtube.com\\\/user\\\/tressissv\",\"https:\\\/\\\/open.spotify.com\\\/show\\\/3jmTe1Nf0wqMILl7diWV6h?si=d7112519f13c4593&nd=1\"]},{\"@type\":\"Person\",\"@id\":\"https:\\\/\\\/www.tressis.com\\\/ca\\\/#\\\/schema\\\/person\\\/b833c1d724d8764920b6d6852c70584e\",\"name\":\"Lola\",\"image\":{\"@type\":\"ImageObject\",\"inLanguage\":\"ca\",\"@id\":\"https:\\\/\\\/secure.gravatar.com\\\/avatar\\\/05e646486b23ff45df9649110609c7e31b8c4a3e2821caa23d6317f405e0c51d?s=96&d=mm&r=g\",\"url\":\"https:\\\/\\\/secure.gravatar.com\\\/avatar\\\/05e646486b23ff45df9649110609c7e31b8c4a3e2821caa23d6317f405e0c51d?s=96&d=mm&r=g\",\"contentUrl\":\"https:\\\/\\\/secure.gravatar.com\\\/avatar\\\/05e646486b23ff45df9649110609c7e31b8c4a3e2821caa23d6317f405e0c51d?s=96&d=mm&r=g\",\"caption\":\"Lola\"}}]}<\/script>\n<!-- \/ Yoast SEO plugin. -->","yoast_head_json":{"title":"Cuarto d\u00eda del a\u00f1o","description":"Esto empieza a ir cogiendo forma poco a poco en todos sus frentes, el macroecon\u00f3mico, el micro y por supuesto que no iba a faltar el pol\u00edtico","robots":{"index":"index","follow":"follow","max-snippet":"max-snippet:-1","max-image-preview":"max-image-preview:large","max-video-preview":"max-video-preview:-1"},"canonical":"https:\/\/www.tressis.com\/ca\/blog\/cuarto-dia-del-ano\/","og_locale":"ca_ES","og_type":"article","og_title":"Cuarto d\u00eda del a\u00f1o","og_description":"Esto empieza a ir cogiendo forma poco a poco en todos sus frentes, el macroecon\u00f3mico, el micro y por supuesto que no iba a faltar el pol\u00edtico","og_url":"https:\/\/www.tressis.com\/ca\/blog\/cuarto-dia-del-ano\/","og_site_name":"Tressis","article_publisher":"https:\/\/www.facebook.com\/Tressis\/","article_published_time":"2018-01-04T09:47:12+00:00","og_image":[{"width":1100,"height":487,"url":"https:\/\/www.tressis.com\/wp-content\/uploads\/2018\/01\/20180104-mmv.jpg","type":"image\/jpeg"}],"author":"Lola","twitter_card":"summary_large_image","twitter_creator":"@TressisSV","twitter_site":"@TressisSV","twitter_misc":{"Escrit per":"Lola","Temps estimat de lectura":"2 minuts"},"schema":{"@context":"https:\/\/schema.org","@graph":[{"@type":"Article","@id":"https:\/\/www.tressis.com\/ca\/blog\/cuarto-dia-del-ano\/#article","isPartOf":{"@id":"https:\/\/www.tressis.com\/ca\/blog\/cuarto-dia-del-ano\/"},"author":{"name":"Lola","@id":"https:\/\/www.tressis.com\/ca\/#\/schema\/person\/b833c1d724d8764920b6d6852c70584e"},"headline":"Cuarto d\u00eda del a\u00f1o","datePublished":"2018-01-04T09:47:12+00:00","mainEntityOfPage":{"@id":"https:\/\/www.tressis.com\/ca\/blog\/cuarto-dia-del-ano\/"},"wordCount":422,"commentCount":0,"publisher":{"@id":"https:\/\/www.tressis.com\/ca\/#organization"},"image":{"@id":"https:\/\/www.tressis.com\/ca\/blog\/cuarto-dia-del-ano\/#primaryimage"},"thumbnailUrl":"https:\/\/www.tressis.com\/wp-content\/uploads\/2018\/01\/20180104-mmv.jpg","keywords":["Caixin","china","EEUU","FOMC","inflaci\u00f3n","ISM","macroecon\u00f3mico","micro","oferta y demanda","OPEP","petr\u00f3leo","PMI","Reserva Federal","temas pol\u00edticos"],"articleSection":["Morning meeting"],"inLanguage":"ca","potentialAction":[{"@type":"CommentAction","name":"Comment","target":["https:\/\/www.tressis.com\/ca\/blog\/cuarto-dia-del-ano\/#respond"]}]},{"@type":"WebPage","@id":"https:\/\/www.tressis.com\/ca\/blog\/cuarto-dia-del-ano\/","url":"https:\/\/www.tressis.com\/ca\/blog\/cuarto-dia-del-ano\/","name":"Cuarto d\u00eda del a\u00f1o","isPartOf":{"@id":"https:\/\/www.tressis.com\/ca\/#website"},"primaryImageOfPage":{"@id":"https:\/\/www.tressis.com\/ca\/blog\/cuarto-dia-del-ano\/#primaryimage"},"image":{"@id":"https:\/\/www.tressis.com\/ca\/blog\/cuarto-dia-del-ano\/#primaryimage"},"thumbnailUrl":"https:\/\/www.tressis.com\/wp-content\/uploads\/2018\/01\/20180104-mmv.jpg","datePublished":"2018-01-04T09:47:12+00:00","description":"Esto empieza a ir cogiendo forma poco a poco en todos sus frentes, el macroecon\u00f3mico, el micro y por supuesto que no iba a faltar el pol\u00edtico","breadcrumb":{"@id":"https:\/\/www.tressis.com\/ca\/blog\/cuarto-dia-del-ano\/#breadcrumb"},"inLanguage":"ca","potentialAction":[{"@type":"ReadAction","target":["https:\/\/www.tressis.com\/ca\/blog\/cuarto-dia-del-ano\/"]}]},{"@type":"ImageObject","inLanguage":"ca","@id":"https:\/\/www.tressis.com\/ca\/blog\/cuarto-dia-del-ano\/#primaryimage","url":"https:\/\/www.tressis.com\/wp-content\/uploads\/2018\/01\/20180104-mmv.jpg","contentUrl":"https:\/\/www.tressis.com\/wp-content\/uploads\/2018\/01\/20180104-mmv.jpg","width":1100,"height":487,"caption":"Cuarto d\u00eda del a\u00f1o"},{"@type":"BreadcrumbList","@id":"https:\/\/www.tressis.com\/ca\/blog\/cuarto-dia-del-ano\/#breadcrumb","itemListElement":[{"@type":"ListItem","position":1,"name":"Inicio","item":"https:\/\/www.tressis.com\/ca\/"},{"@type":"ListItem","position":2,"name":"Cuarto d\u00eda del a\u00f1o"}]},{"@type":"WebSite","@id":"https:\/\/www.tressis.com\/ca\/#website","url":"https:\/\/www.tressis.com\/ca\/","name":"Tressis banca privada","description":"Tressis | Planificaci\u00f3n financiera y gesti\u00f3n de patrimonios","publisher":{"@id":"https:\/\/www.tressis.com\/ca\/#organization"},"potentialAction":[{"@type":"SearchAction","target":{"@type":"EntryPoint","urlTemplate":"https:\/\/www.tressis.com\/ca\/?s={search_term_string}"},"query-input":{"@type":"PropertyValueSpecification","valueRequired":true,"valueName":"search_term_string"}}],"inLanguage":"ca"},{"@type":"Organization","@id":"https:\/\/www.tressis.com\/ca\/#organization","name":"Tressis","url":"https:\/\/www.tressis.com\/ca\/","logo":{"@type":"ImageObject","inLanguage":"ca","@id":"https:\/\/www.tressis.com\/ca\/#\/schema\/logo\/image\/","url":"https:\/\/www.tressis.com\/wp-content\/uploads\/2025\/06\/logo-tressis-112.png","contentUrl":"https:\/\/www.tressis.com\/wp-content\/uploads\/2025\/06\/logo-tressis-112.png","width":112,"height":112,"caption":"Tressis"},"image":{"@id":"https:\/\/www.tressis.com\/ca\/#\/schema\/logo\/image\/"},"sameAs":["https:\/\/www.facebook.com\/Tressis\/","https:\/\/x.com\/TressisSV","https:\/\/www.instagram.com\/tressissv\/?hl=es","https:\/\/linkedin.com\/company\/tressis\/","https:\/\/www.youtube.com\/user\/tressissv","https:\/\/open.spotify.com\/show\/3jmTe1Nf0wqMILl7diWV6h?si=d7112519f13c4593&nd=1"]},{"@type":"Person","@id":"https:\/\/www.tressis.com\/ca\/#\/schema\/person\/b833c1d724d8764920b6d6852c70584e","name":"Lola","image":{"@type":"ImageObject","inLanguage":"ca","@id":"https:\/\/secure.gravatar.com\/avatar\/05e646486b23ff45df9649110609c7e31b8c4a3e2821caa23d6317f405e0c51d?s=96&d=mm&r=g","url":"https:\/\/secure.gravatar.com\/avatar\/05e646486b23ff45df9649110609c7e31b8c4a3e2821caa23d6317f405e0c51d?s=96&d=mm&r=g","contentUrl":"https:\/\/secure.gravatar.com\/avatar\/05e646486b23ff45df9649110609c7e31b8c4a3e2821caa23d6317f405e0c51d?s=96&d=mm&r=g","caption":"Lola"}}]}},"_links":{"self":[{"href":"https:\/\/www.tressis.com\/ca\/wp-json\/wp\/v2\/posts\/27815","targetHints":{"allow":["GET"]}}],"collection":[{"href":"https:\/\/www.tressis.com\/ca\/wp-json\/wp\/v2\/posts"}],"about":[{"href":"https:\/\/www.tressis.com\/ca\/wp-json\/wp\/v2\/types\/post"}],"author":[{"embeddable":true,"href":"https:\/\/www.tressis.com\/ca\/wp-json\/wp\/v2\/users\/4"}],"replies":[{"embeddable":true,"href":"https:\/\/www.tressis.com\/ca\/wp-json\/wp\/v2\/comments?post=27815"}],"version-history":[{"count":0,"href":"https:\/\/www.tressis.com\/ca\/wp-json\/wp\/v2\/posts\/27815\/revisions"}],"wp:featuredmedia":[{"embeddable":true,"href":"https:\/\/www.tressis.com\/ca\/wp-json\/wp\/v2\/media\/27816"}],"wp:attachment":[{"href":"https:\/\/www.tressis.com\/ca\/wp-json\/wp\/v2\/media?parent=27815"}],"wp:term":[{"taxonomy":"category","embeddable":true,"href":"https:\/\/www.tressis.com\/ca\/wp-json\/wp\/v2\/categories?post=27815"},{"taxonomy":"post_tag","embeddable":true,"href":"https:\/\/www.tressis.com\/ca\/wp-json\/wp\/v2\/tags?post=27815"}],"curies":[{"name":"wp","href":"https:\/\/api.w.org\/{rel}","templated":true}]}}