{"id":27805,"date":"2018-01-03T10:55:58","date_gmt":"2018-01-03T09:55:58","guid":{"rendered":"http:\/\/www.tressis.com\/blog\/?p=27805"},"modified":"2018-01-03T10:55:58","modified_gmt":"2018-01-03T09:55:58","slug":"cambio-ano-supone-punto-aparte","status":"publish","type":"post","link":"https:\/\/www.tressis.com\/ca\/blog\/cambio-ano-supone-punto-aparte\/","title":{"rendered":"Tenemos en mente que el cambio de a\u00f1o supone un punto y aparte"},"content":{"rendered":"<p>Por el contrario y a pesar de su condici\u00f3n, los mercados no tienen en cuenta si en Occidente ayer era marzo y hoy noviembre, y es que la t\u00f3nica sigue siendo la misma, el comportamiento se mantiene intacto y la bolsa de EEUU sigue rompiendo nuevos m\u00e1ximos hist\u00f3ricos.<!--more--><\/p>\n<p>Ahora queda la duda de si una apertura como esa ser\u00e1 se\u00f1al de otro ejercicio de n\u00fameros verdes, o muy verdes de los activos de riesgo.<\/p>\n<p>Tampoco ha cambiado ni lo m\u00e1s m\u00ednimo la evoluci\u00f3n macroecon\u00f3mica global. EEUU es lo que es y no hay que pedir otra cosa. Asia ha empezado fuerte, s\u00ed, claro que siempre est\u00e1n las dudas sobre si China ser\u00e1 capaz de contener sus excesos, como muy bien viene haciendo en los \u00faltimos a\u00f1os. Por \u00faltimo queda Europa, que con los n\u00fameros de los PMI de manufacturas en la mano casi se puede asegurar que sigue liderando el crecimiento en estos momentos. Con el empuje de Francia y Alemania la zona euro ha vuelto a romper los m\u00e1ximos de la serie hist\u00f3rica, ya en 60,6 puntos.<\/p>\n<p>Esto \u00faltimo, lo de que Europa crezca m\u00e1s y mejor que el resto, es una de las razones, si no la raz\u00f3n, que da a entender la evoluci\u00f3n del euro frente al d\u00f3lar. Roto el 1,20 por primera vez desde la vuelta de verano, se perfora la banda 1,15-1,20 en la que los inversores tan c\u00f3modos se sent\u00edan. Sin embargo, esta fragilidad del d\u00f3lar no termina de ser del todo fiable, dado que la reforma fiscal de Trump ya es un hecho que no solo puede potenciar la actividad interior norteamericana, tambi\u00e9n la inflaci\u00f3n. Veremos, ya que por suerte o por desgracia, en esto de las divisas, acertar se acierta poco.<\/p>\n<p>Por cierto, mencionarles que tampoco para el Reino Unido hay un giro radical. El PMI manufacturero de diciembre ha cedido ligeramente despu\u00e9s de que el anterior subiera con fuerza, un dato este que representa un oasis en mitad de la bater\u00eda de malos indicadores econ\u00f3micos que est\u00e1n sufriendo las islas a cuenta del <i>brexit<\/i>.<\/p>\n<p>Ni la macro ni la micro, pero tampoco la pol\u00edtica internacional nos trae novedades quitando el juego de cartas entre Corea del Norte y sus aliados\/enemigos. Alemania, casi como en Catalu\u00f1a, sigue sin gobierno y la dificultad de formarlo, Ir\u00e1n sufre una oleada de protestas tan t\u00edpicas de la regi\u00f3n, el <i>brexit<\/i> avanza tan lento que parece no hacerlo, EEUU se enfrenta a otro techo de gasto&#8230;<\/p>\n<p>Buen d\u00eda.<\/p>\n<p><center><strong>Am\u00edlcar Barrios Vilallonga<\/strong><br \/>\nDirecci\u00f3n de Inversiones<\/center><\/p>\n","protected":false},"excerpt":{"rendered":"<p>Por el contrario y a pesar de su condici\u00f3n, los mercados no tienen en cuenta si en Occidente ayer era marzo y hoy noviembre, y es que la t\u00f3nica sigue siendo la misma, el comportamiento se mantiene intacto y la bolsa de EEUU sigue rompiendo nuevos m\u00e1ximos hist\u00f3ricos.<\/p>\n","protected":false},"author":4,"featured_media":27806,"comment_status":"open","ping_status":"closed","sticky":false,"template":"","format":"standard","meta":{"_acf_changed":false,"footnotes":""},"categories":[9721],"tags":[141,811,1080,1118,1468,2206,2556,2879,4927,5545],"class_list":["post-27805","post","type-post","status-publish","format-standard","has-post-thumbnail","hentry","category-morning-meeting","tag-alemania","tag-brexit","tag-cataluna","tag-china","tag-corea-del-norte","tag-eeuu","tag-europa","tag-francia","tag-pmi","tag-reforma-fiscal-trump"],"acf":[],"yoast_head":"<!-- This site is optimized with the Yoast SEO plugin v27.4 - https:\/\/yoast.com\/product\/yoast-seo-wordpress\/ -->\n<title>Tenemos en mente que el cambio de a\u00f1o supone un punto y aparte<\/title>\n<meta name=\"description\" content=\"En el no tan fondo de nuestro subconsciente sabemos que tan solo se trata de una red de mentiras que siempre vuelve y que nos tejemos para nosotros mismos\" \/>\n<meta name=\"robots\" content=\"index, follow, max-snippet:-1, max-image-preview:large, max-video-preview:-1\" \/>\n<link rel=\"canonical\" href=\"https:\/\/www.tressis.com\/ca\/blog\/cambio-ano-supone-punto-aparte\/\" \/>\n<meta property=\"og:locale\" content=\"ca_ES\" \/>\n<meta property=\"og:type\" content=\"article\" \/>\n<meta property=\"og:title\" content=\"Tenemos en mente que el cambio de a\u00f1o supone un punto y aparte\" \/>\n<meta property=\"og:description\" content=\"En el no tan fondo de nuestro subconsciente sabemos que tan solo se trata de una red de mentiras que siempre vuelve y que nos tejemos para nosotros mismos\" \/>\n<meta property=\"og:url\" content=\"https:\/\/www.tressis.com\/ca\/blog\/cambio-ano-supone-punto-aparte\/\" \/>\n<meta property=\"og:site_name\" content=\"Tressis\" \/>\n<meta property=\"article:publisher\" content=\"https:\/\/www.facebook.com\/Tressis\/\" \/>\n<meta property=\"article:published_time\" content=\"2018-01-03T09:55:58+00:00\" \/>\n<meta property=\"og:image\" content=\"https:\/\/www.tressis.com\/wp-content\/uploads\/2018\/01\/20180103-mmv.jpg\" \/>\n\t<meta property=\"og:image:width\" content=\"1100\" \/>\n\t<meta property=\"og:image:height\" content=\"487\" \/>\n\t<meta property=\"og:image:type\" content=\"image\/jpeg\" \/>\n<meta name=\"author\" content=\"Lola\" \/>\n<meta name=\"twitter:card\" content=\"summary_large_image\" \/>\n<meta name=\"twitter:creator\" content=\"@TressisSV\" \/>\n<meta name=\"twitter:site\" content=\"@TressisSV\" \/>\n<meta name=\"twitter:label1\" content=\"Escrit per\" \/>\n\t<meta name=\"twitter:data1\" content=\"Lola\" \/>\n\t<meta name=\"twitter:label2\" content=\"Temps estimat de lectura\" \/>\n\t<meta name=\"twitter:data2\" content=\"2 minuts\" \/>\n<script type=\"application\/ld+json\" class=\"yoast-schema-graph\">{\"@context\":\"https:\\\/\\\/schema.org\",\"@graph\":[{\"@type\":\"Article\",\"@id\":\"https:\\\/\\\/www.tressis.com\\\/ca\\\/blog\\\/cambio-ano-supone-punto-aparte\\\/#article\",\"isPartOf\":{\"@id\":\"https:\\\/\\\/www.tressis.com\\\/ca\\\/blog\\\/cambio-ano-supone-punto-aparte\\\/\"},\"author\":{\"name\":\"Lola\",\"@id\":\"https:\\\/\\\/www.tressis.com\\\/ca\\\/#\\\/schema\\\/person\\\/b833c1d724d8764920b6d6852c70584e\"},\"headline\":\"Tenemos en mente que el cambio de a\u00f1o supone un punto y aparte\",\"datePublished\":\"2018-01-03T09:55:58+00:00\",\"mainEntityOfPage\":{\"@id\":\"https:\\\/\\\/www.tressis.com\\\/ca\\\/blog\\\/cambio-ano-supone-punto-aparte\\\/\"},\"wordCount\":467,\"commentCount\":0,\"publisher\":{\"@id\":\"https:\\\/\\\/www.tressis.com\\\/ca\\\/#organization\"},\"image\":{\"@id\":\"https:\\\/\\\/www.tressis.com\\\/ca\\\/blog\\\/cambio-ano-supone-punto-aparte\\\/#primaryimage\"},\"thumbnailUrl\":\"https:\\\/\\\/www.tressis.com\\\/wp-content\\\/uploads\\\/2018\\\/01\\\/20180103-mmv.jpg\",\"keywords\":[\"Alemania\",\"Brexit\",\"Catalu\u00f1a\",\"china\",\"Corea del Norte\",\"EEUU\",\"Europa\",\"Francia\",\"PMI\",\"reforma fiscal Trump\"],\"articleSection\":[\"Morning meeting\"],\"inLanguage\":\"ca\",\"potentialAction\":[{\"@type\":\"CommentAction\",\"name\":\"Comment\",\"target\":[\"https:\\\/\\\/www.tressis.com\\\/ca\\\/blog\\\/cambio-ano-supone-punto-aparte\\\/#respond\"]}]},{\"@type\":\"WebPage\",\"@id\":\"https:\\\/\\\/www.tressis.com\\\/ca\\\/blog\\\/cambio-ano-supone-punto-aparte\\\/\",\"url\":\"https:\\\/\\\/www.tressis.com\\\/ca\\\/blog\\\/cambio-ano-supone-punto-aparte\\\/\",\"name\":\"Tenemos en mente que el cambio de a\u00f1o supone un punto y aparte\",\"isPartOf\":{\"@id\":\"https:\\\/\\\/www.tressis.com\\\/ca\\\/#website\"},\"primaryImageOfPage\":{\"@id\":\"https:\\\/\\\/www.tressis.com\\\/ca\\\/blog\\\/cambio-ano-supone-punto-aparte\\\/#primaryimage\"},\"image\":{\"@id\":\"https:\\\/\\\/www.tressis.com\\\/ca\\\/blog\\\/cambio-ano-supone-punto-aparte\\\/#primaryimage\"},\"thumbnailUrl\":\"https:\\\/\\\/www.tressis.com\\\/wp-content\\\/uploads\\\/2018\\\/01\\\/20180103-mmv.jpg\",\"datePublished\":\"2018-01-03T09:55:58+00:00\",\"description\":\"En el no tan fondo de nuestro subconsciente sabemos que tan solo se trata de una red de mentiras que siempre vuelve y que nos tejemos para nosotros mismos\",\"breadcrumb\":{\"@id\":\"https:\\\/\\\/www.tressis.com\\\/ca\\\/blog\\\/cambio-ano-supone-punto-aparte\\\/#breadcrumb\"},\"inLanguage\":\"ca\",\"potentialAction\":[{\"@type\":\"ReadAction\",\"target\":[\"https:\\\/\\\/www.tressis.com\\\/ca\\\/blog\\\/cambio-ano-supone-punto-aparte\\\/\"]}]},{\"@type\":\"ImageObject\",\"inLanguage\":\"ca\",\"@id\":\"https:\\\/\\\/www.tressis.com\\\/ca\\\/blog\\\/cambio-ano-supone-punto-aparte\\\/#primaryimage\",\"url\":\"https:\\\/\\\/www.tressis.com\\\/wp-content\\\/uploads\\\/2018\\\/01\\\/20180103-mmv.jpg\",\"contentUrl\":\"https:\\\/\\\/www.tressis.com\\\/wp-content\\\/uploads\\\/2018\\\/01\\\/20180103-mmv.jpg\",\"width\":1100,\"height\":487,\"caption\":\"Tenemos en mente que el cambio de a\u00f1o supone un punto y aparte\"},{\"@type\":\"BreadcrumbList\",\"@id\":\"https:\\\/\\\/www.tressis.com\\\/ca\\\/blog\\\/cambio-ano-supone-punto-aparte\\\/#breadcrumb\",\"itemListElement\":[{\"@type\":\"ListItem\",\"position\":1,\"name\":\"Inicio\",\"item\":\"https:\\\/\\\/www.tressis.com\\\/ca\\\/\"},{\"@type\":\"ListItem\",\"position\":2,\"name\":\"Tenemos en mente que el cambio de a\u00f1o supone un punto y aparte\"}]},{\"@type\":\"WebSite\",\"@id\":\"https:\\\/\\\/www.tressis.com\\\/ca\\\/#website\",\"url\":\"https:\\\/\\\/www.tressis.com\\\/ca\\\/\",\"name\":\"Tressis banca privada\",\"description\":\"Tressis | Planificaci\u00f3n financiera y gesti\u00f3n de patrimonios\",\"publisher\":{\"@id\":\"https:\\\/\\\/www.tressis.com\\\/ca\\\/#organization\"},\"potentialAction\":[{\"@type\":\"SearchAction\",\"target\":{\"@type\":\"EntryPoint\",\"urlTemplate\":\"https:\\\/\\\/www.tressis.com\\\/ca\\\/?s={search_term_string}\"},\"query-input\":{\"@type\":\"PropertyValueSpecification\",\"valueRequired\":true,\"valueName\":\"search_term_string\"}}],\"inLanguage\":\"ca\"},{\"@type\":\"Organization\",\"@id\":\"https:\\\/\\\/www.tressis.com\\\/ca\\\/#organization\",\"name\":\"Tressis\",\"url\":\"https:\\\/\\\/www.tressis.com\\\/ca\\\/\",\"logo\":{\"@type\":\"ImageObject\",\"inLanguage\":\"ca\",\"@id\":\"https:\\\/\\\/www.tressis.com\\\/ca\\\/#\\\/schema\\\/logo\\\/image\\\/\",\"url\":\"https:\\\/\\\/www.tressis.com\\\/wp-content\\\/uploads\\\/2025\\\/06\\\/logo-tressis-112.png\",\"contentUrl\":\"https:\\\/\\\/www.tressis.com\\\/wp-content\\\/uploads\\\/2025\\\/06\\\/logo-tressis-112.png\",\"width\":112,\"height\":112,\"caption\":\"Tressis\"},\"image\":{\"@id\":\"https:\\\/\\\/www.tressis.com\\\/ca\\\/#\\\/schema\\\/logo\\\/image\\\/\"},\"sameAs\":[\"https:\\\/\\\/www.facebook.com\\\/Tressis\\\/\",\"https:\\\/\\\/x.com\\\/TressisSV\",\"https:\\\/\\\/www.instagram.com\\\/tressissv\\\/?hl=es\",\"https:\\\/\\\/linkedin.com\\\/company\\\/tressis\\\/\",\"https:\\\/\\\/www.youtube.com\\\/user\\\/tressissv\",\"https:\\\/\\\/open.spotify.com\\\/show\\\/3jmTe1Nf0wqMILl7diWV6h?si=d7112519f13c4593&nd=1\"]},{\"@type\":\"Person\",\"@id\":\"https:\\\/\\\/www.tressis.com\\\/ca\\\/#\\\/schema\\\/person\\\/b833c1d724d8764920b6d6852c70584e\",\"name\":\"Lola\",\"image\":{\"@type\":\"ImageObject\",\"inLanguage\":\"ca\",\"@id\":\"https:\\\/\\\/secure.gravatar.com\\\/avatar\\\/05e646486b23ff45df9649110609c7e31b8c4a3e2821caa23d6317f405e0c51d?s=96&d=mm&r=g\",\"url\":\"https:\\\/\\\/secure.gravatar.com\\\/avatar\\\/05e646486b23ff45df9649110609c7e31b8c4a3e2821caa23d6317f405e0c51d?s=96&d=mm&r=g\",\"contentUrl\":\"https:\\\/\\\/secure.gravatar.com\\\/avatar\\\/05e646486b23ff45df9649110609c7e31b8c4a3e2821caa23d6317f405e0c51d?s=96&d=mm&r=g\",\"caption\":\"Lola\"}}]}<\/script>\n<!-- \/ Yoast SEO plugin. -->","yoast_head_json":{"title":"Tenemos en mente que el cambio de a\u00f1o supone un punto y aparte","description":"En el no tan fondo de nuestro subconsciente sabemos que tan solo se trata de una red de mentiras que siempre vuelve y que nos tejemos para nosotros mismos","robots":{"index":"index","follow":"follow","max-snippet":"max-snippet:-1","max-image-preview":"max-image-preview:large","max-video-preview":"max-video-preview:-1"},"canonical":"https:\/\/www.tressis.com\/ca\/blog\/cambio-ano-supone-punto-aparte\/","og_locale":"ca_ES","og_type":"article","og_title":"Tenemos en mente que el cambio de a\u00f1o supone un punto y aparte","og_description":"En el no tan fondo de nuestro subconsciente sabemos que tan solo se trata de una red de mentiras que siempre vuelve y que nos tejemos para nosotros mismos","og_url":"https:\/\/www.tressis.com\/ca\/blog\/cambio-ano-supone-punto-aparte\/","og_site_name":"Tressis","article_publisher":"https:\/\/www.facebook.com\/Tressis\/","article_published_time":"2018-01-03T09:55:58+00:00","og_image":[{"width":1100,"height":487,"url":"https:\/\/www.tressis.com\/wp-content\/uploads\/2018\/01\/20180103-mmv.jpg","type":"image\/jpeg"}],"author":"Lola","twitter_card":"summary_large_image","twitter_creator":"@TressisSV","twitter_site":"@TressisSV","twitter_misc":{"Escrit per":"Lola","Temps estimat de lectura":"2 minuts"},"schema":{"@context":"https:\/\/schema.org","@graph":[{"@type":"Article","@id":"https:\/\/www.tressis.com\/ca\/blog\/cambio-ano-supone-punto-aparte\/#article","isPartOf":{"@id":"https:\/\/www.tressis.com\/ca\/blog\/cambio-ano-supone-punto-aparte\/"},"author":{"name":"Lola","@id":"https:\/\/www.tressis.com\/ca\/#\/schema\/person\/b833c1d724d8764920b6d6852c70584e"},"headline":"Tenemos en mente que el cambio de a\u00f1o supone un punto y aparte","datePublished":"2018-01-03T09:55:58+00:00","mainEntityOfPage":{"@id":"https:\/\/www.tressis.com\/ca\/blog\/cambio-ano-supone-punto-aparte\/"},"wordCount":467,"commentCount":0,"publisher":{"@id":"https:\/\/www.tressis.com\/ca\/#organization"},"image":{"@id":"https:\/\/www.tressis.com\/ca\/blog\/cambio-ano-supone-punto-aparte\/#primaryimage"},"thumbnailUrl":"https:\/\/www.tressis.com\/wp-content\/uploads\/2018\/01\/20180103-mmv.jpg","keywords":["Alemania","Brexit","Catalu\u00f1a","china","Corea del Norte","EEUU","Europa","Francia","PMI","reforma fiscal Trump"],"articleSection":["Morning meeting"],"inLanguage":"ca","potentialAction":[{"@type":"CommentAction","name":"Comment","target":["https:\/\/www.tressis.com\/ca\/blog\/cambio-ano-supone-punto-aparte\/#respond"]}]},{"@type":"WebPage","@id":"https:\/\/www.tressis.com\/ca\/blog\/cambio-ano-supone-punto-aparte\/","url":"https:\/\/www.tressis.com\/ca\/blog\/cambio-ano-supone-punto-aparte\/","name":"Tenemos en mente que el cambio de a\u00f1o supone un punto y aparte","isPartOf":{"@id":"https:\/\/www.tressis.com\/ca\/#website"},"primaryImageOfPage":{"@id":"https:\/\/www.tressis.com\/ca\/blog\/cambio-ano-supone-punto-aparte\/#primaryimage"},"image":{"@id":"https:\/\/www.tressis.com\/ca\/blog\/cambio-ano-supone-punto-aparte\/#primaryimage"},"thumbnailUrl":"https:\/\/www.tressis.com\/wp-content\/uploads\/2018\/01\/20180103-mmv.jpg","datePublished":"2018-01-03T09:55:58+00:00","description":"En el no tan fondo de nuestro subconsciente sabemos que tan solo se trata de una red de mentiras que siempre vuelve y que nos tejemos para nosotros mismos","breadcrumb":{"@id":"https:\/\/www.tressis.com\/ca\/blog\/cambio-ano-supone-punto-aparte\/#breadcrumb"},"inLanguage":"ca","potentialAction":[{"@type":"ReadAction","target":["https:\/\/www.tressis.com\/ca\/blog\/cambio-ano-supone-punto-aparte\/"]}]},{"@type":"ImageObject","inLanguage":"ca","@id":"https:\/\/www.tressis.com\/ca\/blog\/cambio-ano-supone-punto-aparte\/#primaryimage","url":"https:\/\/www.tressis.com\/wp-content\/uploads\/2018\/01\/20180103-mmv.jpg","contentUrl":"https:\/\/www.tressis.com\/wp-content\/uploads\/2018\/01\/20180103-mmv.jpg","width":1100,"height":487,"caption":"Tenemos en mente que el cambio de a\u00f1o supone un punto y aparte"},{"@type":"BreadcrumbList","@id":"https:\/\/www.tressis.com\/ca\/blog\/cambio-ano-supone-punto-aparte\/#breadcrumb","itemListElement":[{"@type":"ListItem","position":1,"name":"Inicio","item":"https:\/\/www.tressis.com\/ca\/"},{"@type":"ListItem","position":2,"name":"Tenemos en mente que el cambio de a\u00f1o supone un punto y aparte"}]},{"@type":"WebSite","@id":"https:\/\/www.tressis.com\/ca\/#website","url":"https:\/\/www.tressis.com\/ca\/","name":"Tressis banca privada","description":"Tressis | Planificaci\u00f3n financiera y gesti\u00f3n de patrimonios","publisher":{"@id":"https:\/\/www.tressis.com\/ca\/#organization"},"potentialAction":[{"@type":"SearchAction","target":{"@type":"EntryPoint","urlTemplate":"https:\/\/www.tressis.com\/ca\/?s={search_term_string}"},"query-input":{"@type":"PropertyValueSpecification","valueRequired":true,"valueName":"search_term_string"}}],"inLanguage":"ca"},{"@type":"Organization","@id":"https:\/\/www.tressis.com\/ca\/#organization","name":"Tressis","url":"https:\/\/www.tressis.com\/ca\/","logo":{"@type":"ImageObject","inLanguage":"ca","@id":"https:\/\/www.tressis.com\/ca\/#\/schema\/logo\/image\/","url":"https:\/\/www.tressis.com\/wp-content\/uploads\/2025\/06\/logo-tressis-112.png","contentUrl":"https:\/\/www.tressis.com\/wp-content\/uploads\/2025\/06\/logo-tressis-112.png","width":112,"height":112,"caption":"Tressis"},"image":{"@id":"https:\/\/www.tressis.com\/ca\/#\/schema\/logo\/image\/"},"sameAs":["https:\/\/www.facebook.com\/Tressis\/","https:\/\/x.com\/TressisSV","https:\/\/www.instagram.com\/tressissv\/?hl=es","https:\/\/linkedin.com\/company\/tressis\/","https:\/\/www.youtube.com\/user\/tressissv","https:\/\/open.spotify.com\/show\/3jmTe1Nf0wqMILl7diWV6h?si=d7112519f13c4593&nd=1"]},{"@type":"Person","@id":"https:\/\/www.tressis.com\/ca\/#\/schema\/person\/b833c1d724d8764920b6d6852c70584e","name":"Lola","image":{"@type":"ImageObject","inLanguage":"ca","@id":"https:\/\/secure.gravatar.com\/avatar\/05e646486b23ff45df9649110609c7e31b8c4a3e2821caa23d6317f405e0c51d?s=96&d=mm&r=g","url":"https:\/\/secure.gravatar.com\/avatar\/05e646486b23ff45df9649110609c7e31b8c4a3e2821caa23d6317f405e0c51d?s=96&d=mm&r=g","contentUrl":"https:\/\/secure.gravatar.com\/avatar\/05e646486b23ff45df9649110609c7e31b8c4a3e2821caa23d6317f405e0c51d?s=96&d=mm&r=g","caption":"Lola"}}]}},"_links":{"self":[{"href":"https:\/\/www.tressis.com\/ca\/wp-json\/wp\/v2\/posts\/27805","targetHints":{"allow":["GET"]}}],"collection":[{"href":"https:\/\/www.tressis.com\/ca\/wp-json\/wp\/v2\/posts"}],"about":[{"href":"https:\/\/www.tressis.com\/ca\/wp-json\/wp\/v2\/types\/post"}],"author":[{"embeddable":true,"href":"https:\/\/www.tressis.com\/ca\/wp-json\/wp\/v2\/users\/4"}],"replies":[{"embeddable":true,"href":"https:\/\/www.tressis.com\/ca\/wp-json\/wp\/v2\/comments?post=27805"}],"version-history":[{"count":0,"href":"https:\/\/www.tressis.com\/ca\/wp-json\/wp\/v2\/posts\/27805\/revisions"}],"wp:featuredmedia":[{"embeddable":true,"href":"https:\/\/www.tressis.com\/ca\/wp-json\/wp\/v2\/media\/27806"}],"wp:attachment":[{"href":"https:\/\/www.tressis.com\/ca\/wp-json\/wp\/v2\/media?parent=27805"}],"wp:term":[{"taxonomy":"category","embeddable":true,"href":"https:\/\/www.tressis.com\/ca\/wp-json\/wp\/v2\/categories?post=27805"},{"taxonomy":"post_tag","embeddable":true,"href":"https:\/\/www.tressis.com\/ca\/wp-json\/wp\/v2\/tags?post=27805"}],"curies":[{"name":"wp","href":"https:\/\/api.w.org\/{rel}","templated":true}]}}