{"id":27713,"date":"2017-12-18T10:25:10","date_gmt":"2017-12-18T09:25:10","guid":{"rendered":"http:\/\/www.tressis.com\/blog\/?p=27713"},"modified":"2022-05-04T16:45:37","modified_gmt":"2022-05-04T14:45:37","slug":"reforma-fiscal-americana-lista-la-firma","status":"publish","type":"post","link":"https:\/\/www.tressis.com\/ca\/blog\/reforma-fiscal-americana-lista-la-firma\/","title":{"rendered":"Reforma fiscal americana lista para la firma"},"content":{"rendered":"<p>Wall Street cerr\u00f3 la semana pasada con fuertes ganancias y nuevos m\u00e1ximos hist\u00f3ricos de sus tres principales referencias, el Dow Jones de Industriales, el S&amp;P500 y sobre todo del Nasdaq, ante la expectativa de que la reforma impositiva obtendr\u00e1 el suficiente apoyo de los legisladores del Partido Republicano en los pr\u00f3ximos d\u00edas y Trump pueda firmarla antes de Navidad.<\/p>\n<p>&nbsp;<\/p>\n<p>El fracaso de los conservadores en las elecciones al Senado por el estado de Alabama ha ayudado a que &#8220;d\u00edscolos&#8221; como Marco Rubio (Florida) o Bob Corker (Tennessee) hayan decidido cambiar de opini\u00f3n y se comprometan con un texto que dista mucho de la fuerte reducci\u00f3n que quer\u00eda conseguir el Gobierno y que quedar\u00eda de la siguiente manera:<\/p>\n<p>&nbsp;<\/p>\n<p>\u2022 El impuesto de sociedades se reduce hasta el 21%.<br \/>\n\u2022 El tramo m\u00e1s alto del impuesto sobre la renta quedar\u00e1 en el 37%<br \/>\n\u2022 Se elimina la obligaci\u00f3n individual de contratar un seguro de salud bajo Obamacare a partir de 2019.<br \/>\n\u2022 Las multinacionales podr\u00e1n repatriar sus beneficios en el extranjero al 15,5% para los activos l\u00edquidos y del 8% para los il\u00edquidos.<\/p>\n<p>&nbsp;<\/p>\n<p>En Europa, el Bundesbank revis\u00f3 al alza sus previsiones de crecimiento sobre la econom\u00eda alemana, por las buenas perspectivas sobre el consumo, las exportaciones y la expectativa de que Merkel consiga formar gobierno con el apoyo de los socialistas del SPD. Todo lo contrario que la instituci\u00f3n espa\u00f1ola, que ante la incertidumbre en Catalu\u00f1a, decid\u00eda reducir hasta el 2,4% interanual el incremento del PIB el a\u00f1o que viene. Adem\u00e1s, la ca\u00edda de las exportaciones reduc\u00eda el super\u00e1vit de la balanza comercial comunitaria, mientras las importaciones manten\u00edan su fortaleza. Por su parte, Fitch mejor\u00f3 la nota de la deuda soberana de Portugal en dos escalones y la retir\u00f3 del llamado nivel de &#8220;bono basura&#8221;, donde la manten\u00eda desde noviembre de 2011. Esto serv\u00eda para el 10 a\u00f1os luso cotizar\u00e1 por debajo del referente italiano por primera vez desde 2010.<\/p>\n<p>&nbsp;<\/p>\n<p>Por \u00faltimo, la falta de presiones inflacionistas y la reactivaci\u00f3n del crecimiento de la econom\u00eda rusa estaban detr\u00e1s de la decisi\u00f3n del Banco de Rusia de rebajar en 50 puntos b\u00e1sicos los tipos de inter\u00e9s de referencia del pa\u00eds.<\/p>\n<p>&nbsp;<\/p>\n<p>Durante el d\u00eda de hoy conoceremos los datos de IPC zona euro y Theresa May comparecer\u00e1 en el Parlamento para anunciar los avances sobre el <i>brexit<\/i>.<\/p>\n<p>&nbsp;<\/p>\n<p>Buena semana.<\/p>\n<p>&nbsp;<\/p>\n<p><center><strong>Jorge Gonz\u00e1lez G\u00f3mez<\/strong><br \/>\nDirecci\u00f3n de Inversiones<\/center><\/p>\n","protected":false},"excerpt":{"rendered":"<p>Wall Street cerr\u00f3 la semana pasada con fuertes ganancias y nuevos m\u00e1ximos hist\u00f3ricos de sus tres principales referencias, el Dow Jones de Industriales, el S&amp;P500 y sobre todo del Nasdaq, ante la expectativa de que la reforma impositiva obtendr\u00e1 el suficiente apoyo de los legisladores del Partido Republicano en los pr\u00f3ximos d\u00edas y Trump pueda [&hellip;]<\/p>\n","protected":false},"author":4,"featured_media":27714,"comment_status":"open","ping_status":"closed","sticky":false,"template":"","format":"standard","meta":{"_acf_changed":false,"footnotes":""},"categories":[9721],"tags":[624,869,894,1982,2126,2481,2556,2771,3312,3959,4235,4550,4732,4856,5533,5981,6274,6734,6955],"class_list":["post-27713","post","type-post","status-publish","format-standard","has-post-thumbnail","hentry","category-morning-meeting","tag-bob-corker","tag-bundesbank","tag-caida-de-las-exportaciones","tag-deuda-soberana","tag-dow-jones","tag-estado-de-alabama","tag-europa","tag-fitch","tag-incertidumbre-cataluna","tag-marco-rubio","tag-merkel","tag-obamacare","tag-partido-republicano","tag-pib","tag-referente-italiano","tag-sp500","tag-spd","tag-trump","tag-wall-street"],"acf":[],"yoast_head":"<!-- This site is optimized with the Yoast SEO plugin v27.4 - https:\/\/yoast.com\/product\/yoast-seo-wordpress\/ -->\n<title>Reforma fiscal americana lista para la firma<\/title>\n<meta name=\"description\" content=\"M\u00e1ximos hist\u00f3ricos de los \u00edndices norteamericanos ante la expectativa de que la rebaja impositiva obtendr\u00e1 el suficiente apoyo de los legisladores del Partido Republicano en los pr\u00f3ximos d\u00edas\" \/>\n<meta name=\"robots\" content=\"index, follow, max-snippet:-1, max-image-preview:large, max-video-preview:-1\" \/>\n<link rel=\"canonical\" href=\"https:\/\/www.tressis.com\/ca\/blog\/reforma-fiscal-americana-lista-la-firma\/\" \/>\n<meta property=\"og:locale\" content=\"ca_ES\" \/>\n<meta property=\"og:type\" content=\"article\" \/>\n<meta property=\"og:title\" content=\"Reforma fiscal americana lista para la firma\" \/>\n<meta property=\"og:description\" content=\"M\u00e1ximos hist\u00f3ricos de los \u00edndices norteamericanos ante la expectativa de que la rebaja impositiva obtendr\u00e1 el suficiente apoyo de los legisladores del Partido Republicano en los pr\u00f3ximos d\u00edas\" \/>\n<meta property=\"og:url\" content=\"https:\/\/www.tressis.com\/ca\/blog\/reforma-fiscal-americana-lista-la-firma\/\" \/>\n<meta property=\"og:site_name\" content=\"Tressis\" \/>\n<meta property=\"article:publisher\" content=\"https:\/\/www.facebook.com\/Tressis\/\" \/>\n<meta property=\"article:published_time\" content=\"2017-12-18T09:25:10+00:00\" \/>\n<meta property=\"article:modified_time\" content=\"2022-05-04T14:45:37+00:00\" \/>\n<meta property=\"og:image\" content=\"https:\/\/www.tressis.com\/wp-content\/uploads\/2017\/12\/20171218-mmv.jpg\" \/>\n\t<meta property=\"og:image:width\" content=\"1100\" \/>\n\t<meta property=\"og:image:height\" content=\"487\" \/>\n\t<meta property=\"og:image:type\" content=\"image\/jpeg\" \/>\n<meta name=\"author\" content=\"Lola\" \/>\n<meta name=\"twitter:card\" content=\"summary_large_image\" \/>\n<meta name=\"twitter:creator\" content=\"@TressisSV\" \/>\n<meta name=\"twitter:site\" content=\"@TressisSV\" \/>\n<meta name=\"twitter:label1\" content=\"Escrit per\" \/>\n\t<meta name=\"twitter:data1\" content=\"Lola\" \/>\n\t<meta name=\"twitter:label2\" content=\"Temps estimat de lectura\" \/>\n\t<meta name=\"twitter:data2\" content=\"2 minuts\" \/>\n<script type=\"application\/ld+json\" class=\"yoast-schema-graph\">{\"@context\":\"https:\\\/\\\/schema.org\",\"@graph\":[{\"@type\":\"Article\",\"@id\":\"https:\\\/\\\/www.tressis.com\\\/ca\\\/blog\\\/reforma-fiscal-americana-lista-la-firma\\\/#article\",\"isPartOf\":{\"@id\":\"https:\\\/\\\/www.tressis.com\\\/ca\\\/blog\\\/reforma-fiscal-americana-lista-la-firma\\\/\"},\"author\":{\"name\":\"Lola\",\"@id\":\"https:\\\/\\\/www.tressis.com\\\/ca\\\/#\\\/schema\\\/person\\\/b833c1d724d8764920b6d6852c70584e\"},\"headline\":\"Reforma fiscal americana lista para la firma\",\"datePublished\":\"2017-12-18T09:25:10+00:00\",\"dateModified\":\"2022-05-04T14:45:37+00:00\",\"mainEntityOfPage\":{\"@id\":\"https:\\\/\\\/www.tressis.com\\\/ca\\\/blog\\\/reforma-fiscal-americana-lista-la-firma\\\/\"},\"wordCount\":433,\"commentCount\":0,\"publisher\":{\"@id\":\"https:\\\/\\\/www.tressis.com\\\/ca\\\/#organization\"},\"image\":{\"@id\":\"https:\\\/\\\/www.tressis.com\\\/ca\\\/blog\\\/reforma-fiscal-americana-lista-la-firma\\\/#primaryimage\"},\"thumbnailUrl\":\"https:\\\/\\\/www.tressis.com\\\/wp-content\\\/uploads\\\/2017\\\/12\\\/20171218-mmv.jpg\",\"keywords\":[\"Bob Corker\",\"Bundesbank\",\"ca\u00edda de las exportaciones\",\"deuda soberana\",\"Dow Jones\",\"estado de Alabama\",\"Europa\",\"Fitch\",\"incertidumbre Catalu\u00f1a\",\"Marco Rubio\",\"Merkel\",\"Obamacare\",\"partido republicano\",\"PIB\",\"referente italiano\",\"S&amp;P500\",\"SPD\",\"Trump\",\"Wall Street\"],\"articleSection\":[\"Morning meeting\"],\"inLanguage\":\"ca\",\"potentialAction\":[{\"@type\":\"CommentAction\",\"name\":\"Comment\",\"target\":[\"https:\\\/\\\/www.tressis.com\\\/ca\\\/blog\\\/reforma-fiscal-americana-lista-la-firma\\\/#respond\"]}]},{\"@type\":\"WebPage\",\"@id\":\"https:\\\/\\\/www.tressis.com\\\/ca\\\/blog\\\/reforma-fiscal-americana-lista-la-firma\\\/\",\"url\":\"https:\\\/\\\/www.tressis.com\\\/ca\\\/blog\\\/reforma-fiscal-americana-lista-la-firma\\\/\",\"name\":\"Reforma fiscal americana lista para la firma\",\"isPartOf\":{\"@id\":\"https:\\\/\\\/www.tressis.com\\\/ca\\\/#website\"},\"primaryImageOfPage\":{\"@id\":\"https:\\\/\\\/www.tressis.com\\\/ca\\\/blog\\\/reforma-fiscal-americana-lista-la-firma\\\/#primaryimage\"},\"image\":{\"@id\":\"https:\\\/\\\/www.tressis.com\\\/ca\\\/blog\\\/reforma-fiscal-americana-lista-la-firma\\\/#primaryimage\"},\"thumbnailUrl\":\"https:\\\/\\\/www.tressis.com\\\/wp-content\\\/uploads\\\/2017\\\/12\\\/20171218-mmv.jpg\",\"datePublished\":\"2017-12-18T09:25:10+00:00\",\"dateModified\":\"2022-05-04T14:45:37+00:00\",\"description\":\"M\u00e1ximos hist\u00f3ricos de los \u00edndices norteamericanos ante la expectativa de que la rebaja impositiva obtendr\u00e1 el suficiente apoyo de los legisladores del Partido Republicano en los pr\u00f3ximos d\u00edas\",\"breadcrumb\":{\"@id\":\"https:\\\/\\\/www.tressis.com\\\/ca\\\/blog\\\/reforma-fiscal-americana-lista-la-firma\\\/#breadcrumb\"},\"inLanguage\":\"ca\",\"potentialAction\":[{\"@type\":\"ReadAction\",\"target\":[\"https:\\\/\\\/www.tressis.com\\\/ca\\\/blog\\\/reforma-fiscal-americana-lista-la-firma\\\/\"]}]},{\"@type\":\"ImageObject\",\"inLanguage\":\"ca\",\"@id\":\"https:\\\/\\\/www.tressis.com\\\/ca\\\/blog\\\/reforma-fiscal-americana-lista-la-firma\\\/#primaryimage\",\"url\":\"https:\\\/\\\/www.tressis.com\\\/wp-content\\\/uploads\\\/2017\\\/12\\\/20171218-mmv.jpg\",\"contentUrl\":\"https:\\\/\\\/www.tressis.com\\\/wp-content\\\/uploads\\\/2017\\\/12\\\/20171218-mmv.jpg\",\"width\":1100,\"height\":487,\"caption\":\"Reforma fiscal americana lista para la firma\"},{\"@type\":\"BreadcrumbList\",\"@id\":\"https:\\\/\\\/www.tressis.com\\\/ca\\\/blog\\\/reforma-fiscal-americana-lista-la-firma\\\/#breadcrumb\",\"itemListElement\":[{\"@type\":\"ListItem\",\"position\":1,\"name\":\"Inicio\",\"item\":\"https:\\\/\\\/www.tressis.com\\\/ca\\\/\"},{\"@type\":\"ListItem\",\"position\":2,\"name\":\"Reforma fiscal americana lista para la firma\"}]},{\"@type\":\"WebSite\",\"@id\":\"https:\\\/\\\/www.tressis.com\\\/ca\\\/#website\",\"url\":\"https:\\\/\\\/www.tressis.com\\\/ca\\\/\",\"name\":\"Tressis banca privada\",\"description\":\"Tressis | Planificaci\u00f3n financiera y gesti\u00f3n de patrimonios\",\"publisher\":{\"@id\":\"https:\\\/\\\/www.tressis.com\\\/ca\\\/#organization\"},\"potentialAction\":[{\"@type\":\"SearchAction\",\"target\":{\"@type\":\"EntryPoint\",\"urlTemplate\":\"https:\\\/\\\/www.tressis.com\\\/ca\\\/?s={search_term_string}\"},\"query-input\":{\"@type\":\"PropertyValueSpecification\",\"valueRequired\":true,\"valueName\":\"search_term_string\"}}],\"inLanguage\":\"ca\"},{\"@type\":\"Organization\",\"@id\":\"https:\\\/\\\/www.tressis.com\\\/ca\\\/#organization\",\"name\":\"Tressis\",\"url\":\"https:\\\/\\\/www.tressis.com\\\/ca\\\/\",\"logo\":{\"@type\":\"ImageObject\",\"inLanguage\":\"ca\",\"@id\":\"https:\\\/\\\/www.tressis.com\\\/ca\\\/#\\\/schema\\\/logo\\\/image\\\/\",\"url\":\"https:\\\/\\\/www.tressis.com\\\/wp-content\\\/uploads\\\/2025\\\/06\\\/logo-tressis-112.png\",\"contentUrl\":\"https:\\\/\\\/www.tressis.com\\\/wp-content\\\/uploads\\\/2025\\\/06\\\/logo-tressis-112.png\",\"width\":112,\"height\":112,\"caption\":\"Tressis\"},\"image\":{\"@id\":\"https:\\\/\\\/www.tressis.com\\\/ca\\\/#\\\/schema\\\/logo\\\/image\\\/\"},\"sameAs\":[\"https:\\\/\\\/www.facebook.com\\\/Tressis\\\/\",\"https:\\\/\\\/x.com\\\/TressisSV\",\"https:\\\/\\\/www.instagram.com\\\/tressissv\\\/?hl=es\",\"https:\\\/\\\/linkedin.com\\\/company\\\/tressis\\\/\",\"https:\\\/\\\/www.youtube.com\\\/user\\\/tressissv\",\"https:\\\/\\\/open.spotify.com\\\/show\\\/3jmTe1Nf0wqMILl7diWV6h?si=d7112519f13c4593&nd=1\"]},{\"@type\":\"Person\",\"@id\":\"https:\\\/\\\/www.tressis.com\\\/ca\\\/#\\\/schema\\\/person\\\/b833c1d724d8764920b6d6852c70584e\",\"name\":\"Lola\",\"image\":{\"@type\":\"ImageObject\",\"inLanguage\":\"ca\",\"@id\":\"https:\\\/\\\/secure.gravatar.com\\\/avatar\\\/05e646486b23ff45df9649110609c7e31b8c4a3e2821caa23d6317f405e0c51d?s=96&d=mm&r=g\",\"url\":\"https:\\\/\\\/secure.gravatar.com\\\/avatar\\\/05e646486b23ff45df9649110609c7e31b8c4a3e2821caa23d6317f405e0c51d?s=96&d=mm&r=g\",\"contentUrl\":\"https:\\\/\\\/secure.gravatar.com\\\/avatar\\\/05e646486b23ff45df9649110609c7e31b8c4a3e2821caa23d6317f405e0c51d?s=96&d=mm&r=g\",\"caption\":\"Lola\"}}]}<\/script>\n<!-- \/ Yoast SEO plugin. -->","yoast_head_json":{"title":"Reforma fiscal americana lista para la firma","description":"M\u00e1ximos hist\u00f3ricos de los \u00edndices norteamericanos ante la expectativa de que la rebaja impositiva obtendr\u00e1 el suficiente apoyo de los legisladores del Partido Republicano en los pr\u00f3ximos d\u00edas","robots":{"index":"index","follow":"follow","max-snippet":"max-snippet:-1","max-image-preview":"max-image-preview:large","max-video-preview":"max-video-preview:-1"},"canonical":"https:\/\/www.tressis.com\/ca\/blog\/reforma-fiscal-americana-lista-la-firma\/","og_locale":"ca_ES","og_type":"article","og_title":"Reforma fiscal americana lista para la firma","og_description":"M\u00e1ximos hist\u00f3ricos de los \u00edndices norteamericanos ante la expectativa de que la rebaja impositiva obtendr\u00e1 el suficiente apoyo de los legisladores del Partido Republicano en los pr\u00f3ximos d\u00edas","og_url":"https:\/\/www.tressis.com\/ca\/blog\/reforma-fiscal-americana-lista-la-firma\/","og_site_name":"Tressis","article_publisher":"https:\/\/www.facebook.com\/Tressis\/","article_published_time":"2017-12-18T09:25:10+00:00","article_modified_time":"2022-05-04T14:45:37+00:00","og_image":[{"width":1100,"height":487,"url":"https:\/\/www.tressis.com\/wp-content\/uploads\/2017\/12\/20171218-mmv.jpg","type":"image\/jpeg"}],"author":"Lola","twitter_card":"summary_large_image","twitter_creator":"@TressisSV","twitter_site":"@TressisSV","twitter_misc":{"Escrit per":"Lola","Temps estimat de lectura":"2 minuts"},"schema":{"@context":"https:\/\/schema.org","@graph":[{"@type":"Article","@id":"https:\/\/www.tressis.com\/ca\/blog\/reforma-fiscal-americana-lista-la-firma\/#article","isPartOf":{"@id":"https:\/\/www.tressis.com\/ca\/blog\/reforma-fiscal-americana-lista-la-firma\/"},"author":{"name":"Lola","@id":"https:\/\/www.tressis.com\/ca\/#\/schema\/person\/b833c1d724d8764920b6d6852c70584e"},"headline":"Reforma fiscal americana lista para la firma","datePublished":"2017-12-18T09:25:10+00:00","dateModified":"2022-05-04T14:45:37+00:00","mainEntityOfPage":{"@id":"https:\/\/www.tressis.com\/ca\/blog\/reforma-fiscal-americana-lista-la-firma\/"},"wordCount":433,"commentCount":0,"publisher":{"@id":"https:\/\/www.tressis.com\/ca\/#organization"},"image":{"@id":"https:\/\/www.tressis.com\/ca\/blog\/reforma-fiscal-americana-lista-la-firma\/#primaryimage"},"thumbnailUrl":"https:\/\/www.tressis.com\/wp-content\/uploads\/2017\/12\/20171218-mmv.jpg","keywords":["Bob Corker","Bundesbank","ca\u00edda de las exportaciones","deuda soberana","Dow Jones","estado de Alabama","Europa","Fitch","incertidumbre Catalu\u00f1a","Marco Rubio","Merkel","Obamacare","partido republicano","PIB","referente italiano","S&amp;P500","SPD","Trump","Wall Street"],"articleSection":["Morning meeting"],"inLanguage":"ca","potentialAction":[{"@type":"CommentAction","name":"Comment","target":["https:\/\/www.tressis.com\/ca\/blog\/reforma-fiscal-americana-lista-la-firma\/#respond"]}]},{"@type":"WebPage","@id":"https:\/\/www.tressis.com\/ca\/blog\/reforma-fiscal-americana-lista-la-firma\/","url":"https:\/\/www.tressis.com\/ca\/blog\/reforma-fiscal-americana-lista-la-firma\/","name":"Reforma fiscal americana lista para la firma","isPartOf":{"@id":"https:\/\/www.tressis.com\/ca\/#website"},"primaryImageOfPage":{"@id":"https:\/\/www.tressis.com\/ca\/blog\/reforma-fiscal-americana-lista-la-firma\/#primaryimage"},"image":{"@id":"https:\/\/www.tressis.com\/ca\/blog\/reforma-fiscal-americana-lista-la-firma\/#primaryimage"},"thumbnailUrl":"https:\/\/www.tressis.com\/wp-content\/uploads\/2017\/12\/20171218-mmv.jpg","datePublished":"2017-12-18T09:25:10+00:00","dateModified":"2022-05-04T14:45:37+00:00","description":"M\u00e1ximos hist\u00f3ricos de los \u00edndices norteamericanos ante la expectativa de que la rebaja impositiva obtendr\u00e1 el suficiente apoyo de los legisladores del Partido Republicano en los pr\u00f3ximos d\u00edas","breadcrumb":{"@id":"https:\/\/www.tressis.com\/ca\/blog\/reforma-fiscal-americana-lista-la-firma\/#breadcrumb"},"inLanguage":"ca","potentialAction":[{"@type":"ReadAction","target":["https:\/\/www.tressis.com\/ca\/blog\/reforma-fiscal-americana-lista-la-firma\/"]}]},{"@type":"ImageObject","inLanguage":"ca","@id":"https:\/\/www.tressis.com\/ca\/blog\/reforma-fiscal-americana-lista-la-firma\/#primaryimage","url":"https:\/\/www.tressis.com\/wp-content\/uploads\/2017\/12\/20171218-mmv.jpg","contentUrl":"https:\/\/www.tressis.com\/wp-content\/uploads\/2017\/12\/20171218-mmv.jpg","width":1100,"height":487,"caption":"Reforma fiscal americana lista para la firma"},{"@type":"BreadcrumbList","@id":"https:\/\/www.tressis.com\/ca\/blog\/reforma-fiscal-americana-lista-la-firma\/#breadcrumb","itemListElement":[{"@type":"ListItem","position":1,"name":"Inicio","item":"https:\/\/www.tressis.com\/ca\/"},{"@type":"ListItem","position":2,"name":"Reforma fiscal americana lista para la firma"}]},{"@type":"WebSite","@id":"https:\/\/www.tressis.com\/ca\/#website","url":"https:\/\/www.tressis.com\/ca\/","name":"Tressis banca privada","description":"Tressis | Planificaci\u00f3n financiera y gesti\u00f3n de patrimonios","publisher":{"@id":"https:\/\/www.tressis.com\/ca\/#organization"},"potentialAction":[{"@type":"SearchAction","target":{"@type":"EntryPoint","urlTemplate":"https:\/\/www.tressis.com\/ca\/?s={search_term_string}"},"query-input":{"@type":"PropertyValueSpecification","valueRequired":true,"valueName":"search_term_string"}}],"inLanguage":"ca"},{"@type":"Organization","@id":"https:\/\/www.tressis.com\/ca\/#organization","name":"Tressis","url":"https:\/\/www.tressis.com\/ca\/","logo":{"@type":"ImageObject","inLanguage":"ca","@id":"https:\/\/www.tressis.com\/ca\/#\/schema\/logo\/image\/","url":"https:\/\/www.tressis.com\/wp-content\/uploads\/2025\/06\/logo-tressis-112.png","contentUrl":"https:\/\/www.tressis.com\/wp-content\/uploads\/2025\/06\/logo-tressis-112.png","width":112,"height":112,"caption":"Tressis"},"image":{"@id":"https:\/\/www.tressis.com\/ca\/#\/schema\/logo\/image\/"},"sameAs":["https:\/\/www.facebook.com\/Tressis\/","https:\/\/x.com\/TressisSV","https:\/\/www.instagram.com\/tressissv\/?hl=es","https:\/\/linkedin.com\/company\/tressis\/","https:\/\/www.youtube.com\/user\/tressissv","https:\/\/open.spotify.com\/show\/3jmTe1Nf0wqMILl7diWV6h?si=d7112519f13c4593&nd=1"]},{"@type":"Person","@id":"https:\/\/www.tressis.com\/ca\/#\/schema\/person\/b833c1d724d8764920b6d6852c70584e","name":"Lola","image":{"@type":"ImageObject","inLanguage":"ca","@id":"https:\/\/secure.gravatar.com\/avatar\/05e646486b23ff45df9649110609c7e31b8c4a3e2821caa23d6317f405e0c51d?s=96&d=mm&r=g","url":"https:\/\/secure.gravatar.com\/avatar\/05e646486b23ff45df9649110609c7e31b8c4a3e2821caa23d6317f405e0c51d?s=96&d=mm&r=g","contentUrl":"https:\/\/secure.gravatar.com\/avatar\/05e646486b23ff45df9649110609c7e31b8c4a3e2821caa23d6317f405e0c51d?s=96&d=mm&r=g","caption":"Lola"}}]}},"_links":{"self":[{"href":"https:\/\/www.tressis.com\/ca\/wp-json\/wp\/v2\/posts\/27713","targetHints":{"allow":["GET"]}}],"collection":[{"href":"https:\/\/www.tressis.com\/ca\/wp-json\/wp\/v2\/posts"}],"about":[{"href":"https:\/\/www.tressis.com\/ca\/wp-json\/wp\/v2\/types\/post"}],"author":[{"embeddable":true,"href":"https:\/\/www.tressis.com\/ca\/wp-json\/wp\/v2\/users\/4"}],"replies":[{"embeddable":true,"href":"https:\/\/www.tressis.com\/ca\/wp-json\/wp\/v2\/comments?post=27713"}],"version-history":[{"count":0,"href":"https:\/\/www.tressis.com\/ca\/wp-json\/wp\/v2\/posts\/27713\/revisions"}],"wp:featuredmedia":[{"embeddable":true,"href":"https:\/\/www.tressis.com\/ca\/wp-json\/wp\/v2\/media\/27714"}],"wp:attachment":[{"href":"https:\/\/www.tressis.com\/ca\/wp-json\/wp\/v2\/media?parent=27713"}],"wp:term":[{"taxonomy":"category","embeddable":true,"href":"https:\/\/www.tressis.com\/ca\/wp-json\/wp\/v2\/categories?post=27713"},{"taxonomy":"post_tag","embeddable":true,"href":"https:\/\/www.tressis.com\/ca\/wp-json\/wp\/v2\/tags?post=27713"}],"curies":[{"name":"wp","href":"https:\/\/api.w.org\/{rel}","templated":true}]}}