{"id":27662,"date":"2017-12-12T10:55:46","date_gmt":"2017-12-12T09:55:46","guid":{"rendered":"http:\/\/www.tressis.com\/blog\/?p=27662"},"modified":"2017-12-12T10:55:46","modified_gmt":"2017-12-12T09:55:46","slug":"tendremos-regalo-inesperado-parte-la-fed-bce","status":"publish","type":"post","link":"https:\/\/www.tressis.com\/ca\/blog\/tendremos-regalo-inesperado-parte-la-fed-bce\/","title":{"rendered":"\u00bfTendremos regalo inesperado por parte de la FED y el BCE?"},"content":{"rendered":"<p>Esta semana no deber\u00eda ser de sorpresas desagradables, y esperamos que no afecte a los mercados que la Fed o el BCE aparezcan con un regalo inesperado que d\u00e9 al traste con todo.<!--more--><\/p>\n<p>Poca macro ayer, pero creciendo a lo largo de los d\u00edas, esperemos que para mostrar una recuperaci\u00f3n econ\u00f3mica fortaleci\u00e9ndose, solo con la clase pol\u00edtica como el sempiterno riesgo incalculable.<\/p>\n<p>Precisamente es este segmento, el de los dirigentes, el m\u00e1s movido. En EEUU porque las elecciones al representante en el Senado podr\u00edan complicar los planes para aprobar una reforma fiscal que avanza como buenamente puede, entre cr\u00edticas de propios y extra\u00f1os. Y en el Reino Unido porque ahora que parec\u00eda que hab\u00eda ciertos progresos, dice Theresa May que no pagar\u00e1n la factura del <i>brexit<\/i>, otro golpe m\u00e1s de tim\u00f3n con el que tan solo consigue minar su poder e influencia dentro y fuera de las islas.<\/p>\n<p>A pesar de todo esto no nos enga\u00f1emos, porque las conversaciones de la calle no van sobre si se suben tipos o si el consumo aporta m\u00e1s que la inversi\u00f3n. Toca <i>bitcoin<\/i>. Desde ayer que cotizan en un mercado organizado como es el de derivados de Chicago, parece que ya empiezan a acercarse a la mayor\u00eda de edad. El problema que con variaciones intradiarias del 10, 15 o 20% se puede afirmar que pierden el car\u00e1cter de inversi\u00f3n y se acercan m\u00e1s al de especulaci\u00f3n. \u00bfLa llegada de esta y otras criptomonedas no est\u00e1 diciendo algo que a\u00fan, con toda la humildad que requiere, no somos capaces de ver? \u00bfEs un cambio o una muestra de que la locura burbujera est\u00e1 en pleno esplendor? \u00bfO las dos?<\/p>\n<p>El petr\u00f3leo, por eso de que la gasolina es un bien de uso diario, tambi\u00e9n puede ser propio de hablar. Con la resaca posterior a la renovaci\u00f3n y extensi\u00f3n de los acuerdos de la OPEP, el barril se ha permitido alcanzar m\u00e1ximos de dos a\u00f1os y medio, si bien necesitamos saber que la interrupci\u00f3n de un oleoducto en el mar del Norte o la &#8220;estabilidad ganada&#8221; por el chavismo en las \u00faltimas elecciones siempre son un apoyo.<\/p>\n<p>Buen d\u00eda.<\/p>\n<p><center><strong>Am\u00edlcar Barrios Vilallonga<\/strong><br \/>\nDirecci\u00f3n de Inversiones<\/center><\/p>\n","protected":false},"excerpt":{"rendered":"<p>Esta semana no deber\u00eda ser de sorpresas desagradables, y esperamos que no afecte a los mercados que la Fed o el BCE aparezcan con un regalo inesperado que d\u00e9 al traste con todo.<\/p>\n","protected":false},"author":4,"featured_media":27663,"comment_status":"open","ping_status":"closed","sticky":false,"template":"","format":"standard","meta":{"_acf_changed":false,"footnotes":""},"categories":[9721],"tags":[559,612,811,1113,2206,2720,4613,5444,5542,5579,6568],"class_list":["post-27662","post","type-post","status-publish","format-standard","has-post-thumbnail","hentry","category-morning-meeting","tag-bce","tag-bitcoin","tag-brexit","tag-chicago","tag-eeuu","tag-fed","tag-opepo","tag-recuperacion-economica","tag-reforma-fiscal","tag-reino-unido","tag-theresa-may"],"acf":[],"yoast_head":"<!-- This site is optimized with the Yoast SEO plugin v27.4 - https:\/\/yoast.com\/product\/yoast-seo-wordpress\/ -->\n<title>\u00bfTendremos regalo inesperado por parte de la FED y el BCE?<\/title>\n<meta name=\"description\" content=\"Las conversaciones de la calle no van sobre si se suben tipos o si el consumo aporta m\u00e1s que la inversi\u00f3n\" \/>\n<meta name=\"robots\" content=\"index, follow, max-snippet:-1, max-image-preview:large, max-video-preview:-1\" \/>\n<link rel=\"canonical\" href=\"https:\/\/www.tressis.com\/ca\/blog\/tendremos-regalo-inesperado-parte-la-fed-bce\/\" \/>\n<meta property=\"og:locale\" content=\"ca_ES\" \/>\n<meta property=\"og:type\" content=\"article\" \/>\n<meta property=\"og:title\" content=\"\u00bfTendremos regalo inesperado por parte de la FED y el BCE?\" \/>\n<meta property=\"og:description\" content=\"Las conversaciones de la calle no van sobre si se suben tipos o si el consumo aporta m\u00e1s que la inversi\u00f3n\" \/>\n<meta property=\"og:url\" content=\"https:\/\/www.tressis.com\/ca\/blog\/tendremos-regalo-inesperado-parte-la-fed-bce\/\" \/>\n<meta property=\"og:site_name\" content=\"Tressis\" \/>\n<meta property=\"article:publisher\" content=\"https:\/\/www.facebook.com\/Tressis\/\" \/>\n<meta property=\"article:published_time\" content=\"2017-12-12T09:55:46+00:00\" \/>\n<meta property=\"og:image\" content=\"https:\/\/www.tressis.com\/wp-content\/uploads\/2017\/12\/20171212-mmv.jpg\" \/>\n\t<meta property=\"og:image:width\" content=\"1100\" \/>\n\t<meta property=\"og:image:height\" content=\"487\" \/>\n\t<meta property=\"og:image:type\" content=\"image\/jpeg\" \/>\n<meta name=\"author\" content=\"Lola\" \/>\n<meta name=\"twitter:card\" content=\"summary_large_image\" \/>\n<meta name=\"twitter:creator\" content=\"@TressisSV\" \/>\n<meta name=\"twitter:site\" content=\"@TressisSV\" \/>\n<meta name=\"twitter:label1\" content=\"Escrit per\" \/>\n\t<meta name=\"twitter:data1\" content=\"Lola\" \/>\n\t<meta name=\"twitter:label2\" content=\"Temps estimat de lectura\" \/>\n\t<meta name=\"twitter:data2\" content=\"2 minuts\" \/>\n<script type=\"application\/ld+json\" class=\"yoast-schema-graph\">{\"@context\":\"https:\\\/\\\/schema.org\",\"@graph\":[{\"@type\":\"Article\",\"@id\":\"https:\\\/\\\/www.tressis.com\\\/ca\\\/blog\\\/tendremos-regalo-inesperado-parte-la-fed-bce\\\/#article\",\"isPartOf\":{\"@id\":\"https:\\\/\\\/www.tressis.com\\\/ca\\\/blog\\\/tendremos-regalo-inesperado-parte-la-fed-bce\\\/\"},\"author\":{\"name\":\"Lola\",\"@id\":\"https:\\\/\\\/www.tressis.com\\\/ca\\\/#\\\/schema\\\/person\\\/b833c1d724d8764920b6d6852c70584e\"},\"headline\":\"\u00bfTendremos regalo inesperado por parte de la FED y el BCE?\",\"datePublished\":\"2017-12-12T09:55:46+00:00\",\"mainEntityOfPage\":{\"@id\":\"https:\\\/\\\/www.tressis.com\\\/ca\\\/blog\\\/tendremos-regalo-inesperado-parte-la-fed-bce\\\/\"},\"wordCount\":402,\"commentCount\":0,\"publisher\":{\"@id\":\"https:\\\/\\\/www.tressis.com\\\/ca\\\/#organization\"},\"image\":{\"@id\":\"https:\\\/\\\/www.tressis.com\\\/ca\\\/blog\\\/tendremos-regalo-inesperado-parte-la-fed-bce\\\/#primaryimage\"},\"thumbnailUrl\":\"https:\\\/\\\/www.tressis.com\\\/wp-content\\\/uploads\\\/2017\\\/12\\\/20171212-mmv.jpg\",\"keywords\":[\"BCE\",\"bitcoin\",\"Brexit\",\"Chicago\",\"EEUU\",\"fed\",\"OPEPO\",\"recuperaci\u00f3n econ\u00f3mica\",\"reforma fiscal\",\"reino unido\",\"Theresa May\"],\"articleSection\":[\"Morning meeting\"],\"inLanguage\":\"ca\",\"potentialAction\":[{\"@type\":\"CommentAction\",\"name\":\"Comment\",\"target\":[\"https:\\\/\\\/www.tressis.com\\\/ca\\\/blog\\\/tendremos-regalo-inesperado-parte-la-fed-bce\\\/#respond\"]}]},{\"@type\":\"WebPage\",\"@id\":\"https:\\\/\\\/www.tressis.com\\\/ca\\\/blog\\\/tendremos-regalo-inesperado-parte-la-fed-bce\\\/\",\"url\":\"https:\\\/\\\/www.tressis.com\\\/ca\\\/blog\\\/tendremos-regalo-inesperado-parte-la-fed-bce\\\/\",\"name\":\"\u00bfTendremos regalo inesperado por parte de la FED y el BCE?\",\"isPartOf\":{\"@id\":\"https:\\\/\\\/www.tressis.com\\\/ca\\\/#website\"},\"primaryImageOfPage\":{\"@id\":\"https:\\\/\\\/www.tressis.com\\\/ca\\\/blog\\\/tendremos-regalo-inesperado-parte-la-fed-bce\\\/#primaryimage\"},\"image\":{\"@id\":\"https:\\\/\\\/www.tressis.com\\\/ca\\\/blog\\\/tendremos-regalo-inesperado-parte-la-fed-bce\\\/#primaryimage\"},\"thumbnailUrl\":\"https:\\\/\\\/www.tressis.com\\\/wp-content\\\/uploads\\\/2017\\\/12\\\/20171212-mmv.jpg\",\"datePublished\":\"2017-12-12T09:55:46+00:00\",\"description\":\"Las conversaciones de la calle no van sobre si se suben tipos o si el consumo aporta m\u00e1s que la inversi\u00f3n\",\"breadcrumb\":{\"@id\":\"https:\\\/\\\/www.tressis.com\\\/ca\\\/blog\\\/tendremos-regalo-inesperado-parte-la-fed-bce\\\/#breadcrumb\"},\"inLanguage\":\"ca\",\"potentialAction\":[{\"@type\":\"ReadAction\",\"target\":[\"https:\\\/\\\/www.tressis.com\\\/ca\\\/blog\\\/tendremos-regalo-inesperado-parte-la-fed-bce\\\/\"]}]},{\"@type\":\"ImageObject\",\"inLanguage\":\"ca\",\"@id\":\"https:\\\/\\\/www.tressis.com\\\/ca\\\/blog\\\/tendremos-regalo-inesperado-parte-la-fed-bce\\\/#primaryimage\",\"url\":\"https:\\\/\\\/www.tressis.com\\\/wp-content\\\/uploads\\\/2017\\\/12\\\/20171212-mmv.jpg\",\"contentUrl\":\"https:\\\/\\\/www.tressis.com\\\/wp-content\\\/uploads\\\/2017\\\/12\\\/20171212-mmv.jpg\",\"width\":1100,\"height\":487,\"caption\":\"\u00bfTendremos regalo inesperado por parte de la FED y el BCE?\"},{\"@type\":\"BreadcrumbList\",\"@id\":\"https:\\\/\\\/www.tressis.com\\\/ca\\\/blog\\\/tendremos-regalo-inesperado-parte-la-fed-bce\\\/#breadcrumb\",\"itemListElement\":[{\"@type\":\"ListItem\",\"position\":1,\"name\":\"Inicio\",\"item\":\"https:\\\/\\\/www.tressis.com\\\/ca\\\/\"},{\"@type\":\"ListItem\",\"position\":2,\"name\":\"\u00bfTendremos regalo inesperado por parte de la FED y el BCE?\"}]},{\"@type\":\"WebSite\",\"@id\":\"https:\\\/\\\/www.tressis.com\\\/ca\\\/#website\",\"url\":\"https:\\\/\\\/www.tressis.com\\\/ca\\\/\",\"name\":\"Tressis banca privada\",\"description\":\"Tressis | Planificaci\u00f3n financiera y gesti\u00f3n de patrimonios\",\"publisher\":{\"@id\":\"https:\\\/\\\/www.tressis.com\\\/ca\\\/#organization\"},\"potentialAction\":[{\"@type\":\"SearchAction\",\"target\":{\"@type\":\"EntryPoint\",\"urlTemplate\":\"https:\\\/\\\/www.tressis.com\\\/ca\\\/?s={search_term_string}\"},\"query-input\":{\"@type\":\"PropertyValueSpecification\",\"valueRequired\":true,\"valueName\":\"search_term_string\"}}],\"inLanguage\":\"ca\"},{\"@type\":\"Organization\",\"@id\":\"https:\\\/\\\/www.tressis.com\\\/ca\\\/#organization\",\"name\":\"Tressis\",\"url\":\"https:\\\/\\\/www.tressis.com\\\/ca\\\/\",\"logo\":{\"@type\":\"ImageObject\",\"inLanguage\":\"ca\",\"@id\":\"https:\\\/\\\/www.tressis.com\\\/ca\\\/#\\\/schema\\\/logo\\\/image\\\/\",\"url\":\"https:\\\/\\\/www.tressis.com\\\/wp-content\\\/uploads\\\/2025\\\/06\\\/logo-tressis-112.png\",\"contentUrl\":\"https:\\\/\\\/www.tressis.com\\\/wp-content\\\/uploads\\\/2025\\\/06\\\/logo-tressis-112.png\",\"width\":112,\"height\":112,\"caption\":\"Tressis\"},\"image\":{\"@id\":\"https:\\\/\\\/www.tressis.com\\\/ca\\\/#\\\/schema\\\/logo\\\/image\\\/\"},\"sameAs\":[\"https:\\\/\\\/www.facebook.com\\\/Tressis\\\/\",\"https:\\\/\\\/x.com\\\/TressisSV\",\"https:\\\/\\\/www.instagram.com\\\/tressissv\\\/?hl=es\",\"https:\\\/\\\/linkedin.com\\\/company\\\/tressis\\\/\",\"https:\\\/\\\/www.youtube.com\\\/user\\\/tressissv\",\"https:\\\/\\\/open.spotify.com\\\/show\\\/3jmTe1Nf0wqMILl7diWV6h?si=d7112519f13c4593&nd=1\"]},{\"@type\":\"Person\",\"@id\":\"https:\\\/\\\/www.tressis.com\\\/ca\\\/#\\\/schema\\\/person\\\/b833c1d724d8764920b6d6852c70584e\",\"name\":\"Lola\",\"image\":{\"@type\":\"ImageObject\",\"inLanguage\":\"ca\",\"@id\":\"https:\\\/\\\/secure.gravatar.com\\\/avatar\\\/05e646486b23ff45df9649110609c7e31b8c4a3e2821caa23d6317f405e0c51d?s=96&d=mm&r=g\",\"url\":\"https:\\\/\\\/secure.gravatar.com\\\/avatar\\\/05e646486b23ff45df9649110609c7e31b8c4a3e2821caa23d6317f405e0c51d?s=96&d=mm&r=g\",\"contentUrl\":\"https:\\\/\\\/secure.gravatar.com\\\/avatar\\\/05e646486b23ff45df9649110609c7e31b8c4a3e2821caa23d6317f405e0c51d?s=96&d=mm&r=g\",\"caption\":\"Lola\"}}]}<\/script>\n<!-- \/ Yoast SEO plugin. -->","yoast_head_json":{"title":"\u00bfTendremos regalo inesperado por parte de la FED y el BCE?","description":"Las conversaciones de la calle no van sobre si se suben tipos o si el consumo aporta m\u00e1s que la inversi\u00f3n","robots":{"index":"index","follow":"follow","max-snippet":"max-snippet:-1","max-image-preview":"max-image-preview:large","max-video-preview":"max-video-preview:-1"},"canonical":"https:\/\/www.tressis.com\/ca\/blog\/tendremos-regalo-inesperado-parte-la-fed-bce\/","og_locale":"ca_ES","og_type":"article","og_title":"\u00bfTendremos regalo inesperado por parte de la FED y el BCE?","og_description":"Las conversaciones de la calle no van sobre si se suben tipos o si el consumo aporta m\u00e1s que la inversi\u00f3n","og_url":"https:\/\/www.tressis.com\/ca\/blog\/tendremos-regalo-inesperado-parte-la-fed-bce\/","og_site_name":"Tressis","article_publisher":"https:\/\/www.facebook.com\/Tressis\/","article_published_time":"2017-12-12T09:55:46+00:00","og_image":[{"width":1100,"height":487,"url":"https:\/\/www.tressis.com\/wp-content\/uploads\/2017\/12\/20171212-mmv.jpg","type":"image\/jpeg"}],"author":"Lola","twitter_card":"summary_large_image","twitter_creator":"@TressisSV","twitter_site":"@TressisSV","twitter_misc":{"Escrit per":"Lola","Temps estimat de lectura":"2 minuts"},"schema":{"@context":"https:\/\/schema.org","@graph":[{"@type":"Article","@id":"https:\/\/www.tressis.com\/ca\/blog\/tendremos-regalo-inesperado-parte-la-fed-bce\/#article","isPartOf":{"@id":"https:\/\/www.tressis.com\/ca\/blog\/tendremos-regalo-inesperado-parte-la-fed-bce\/"},"author":{"name":"Lola","@id":"https:\/\/www.tressis.com\/ca\/#\/schema\/person\/b833c1d724d8764920b6d6852c70584e"},"headline":"\u00bfTendremos regalo inesperado por parte de la FED y el BCE?","datePublished":"2017-12-12T09:55:46+00:00","mainEntityOfPage":{"@id":"https:\/\/www.tressis.com\/ca\/blog\/tendremos-regalo-inesperado-parte-la-fed-bce\/"},"wordCount":402,"commentCount":0,"publisher":{"@id":"https:\/\/www.tressis.com\/ca\/#organization"},"image":{"@id":"https:\/\/www.tressis.com\/ca\/blog\/tendremos-regalo-inesperado-parte-la-fed-bce\/#primaryimage"},"thumbnailUrl":"https:\/\/www.tressis.com\/wp-content\/uploads\/2017\/12\/20171212-mmv.jpg","keywords":["BCE","bitcoin","Brexit","Chicago","EEUU","fed","OPEPO","recuperaci\u00f3n econ\u00f3mica","reforma fiscal","reino unido","Theresa May"],"articleSection":["Morning meeting"],"inLanguage":"ca","potentialAction":[{"@type":"CommentAction","name":"Comment","target":["https:\/\/www.tressis.com\/ca\/blog\/tendremos-regalo-inesperado-parte-la-fed-bce\/#respond"]}]},{"@type":"WebPage","@id":"https:\/\/www.tressis.com\/ca\/blog\/tendremos-regalo-inesperado-parte-la-fed-bce\/","url":"https:\/\/www.tressis.com\/ca\/blog\/tendremos-regalo-inesperado-parte-la-fed-bce\/","name":"\u00bfTendremos regalo inesperado por parte de la FED y el BCE?","isPartOf":{"@id":"https:\/\/www.tressis.com\/ca\/#website"},"primaryImageOfPage":{"@id":"https:\/\/www.tressis.com\/ca\/blog\/tendremos-regalo-inesperado-parte-la-fed-bce\/#primaryimage"},"image":{"@id":"https:\/\/www.tressis.com\/ca\/blog\/tendremos-regalo-inesperado-parte-la-fed-bce\/#primaryimage"},"thumbnailUrl":"https:\/\/www.tressis.com\/wp-content\/uploads\/2017\/12\/20171212-mmv.jpg","datePublished":"2017-12-12T09:55:46+00:00","description":"Las conversaciones de la calle no van sobre si se suben tipos o si el consumo aporta m\u00e1s que la inversi\u00f3n","breadcrumb":{"@id":"https:\/\/www.tressis.com\/ca\/blog\/tendremos-regalo-inesperado-parte-la-fed-bce\/#breadcrumb"},"inLanguage":"ca","potentialAction":[{"@type":"ReadAction","target":["https:\/\/www.tressis.com\/ca\/blog\/tendremos-regalo-inesperado-parte-la-fed-bce\/"]}]},{"@type":"ImageObject","inLanguage":"ca","@id":"https:\/\/www.tressis.com\/ca\/blog\/tendremos-regalo-inesperado-parte-la-fed-bce\/#primaryimage","url":"https:\/\/www.tressis.com\/wp-content\/uploads\/2017\/12\/20171212-mmv.jpg","contentUrl":"https:\/\/www.tressis.com\/wp-content\/uploads\/2017\/12\/20171212-mmv.jpg","width":1100,"height":487,"caption":"\u00bfTendremos regalo inesperado por parte de la FED y el BCE?"},{"@type":"BreadcrumbList","@id":"https:\/\/www.tressis.com\/ca\/blog\/tendremos-regalo-inesperado-parte-la-fed-bce\/#breadcrumb","itemListElement":[{"@type":"ListItem","position":1,"name":"Inicio","item":"https:\/\/www.tressis.com\/ca\/"},{"@type":"ListItem","position":2,"name":"\u00bfTendremos regalo inesperado por parte de la FED y el BCE?"}]},{"@type":"WebSite","@id":"https:\/\/www.tressis.com\/ca\/#website","url":"https:\/\/www.tressis.com\/ca\/","name":"Tressis banca privada","description":"Tressis | Planificaci\u00f3n financiera y gesti\u00f3n de patrimonios","publisher":{"@id":"https:\/\/www.tressis.com\/ca\/#organization"},"potentialAction":[{"@type":"SearchAction","target":{"@type":"EntryPoint","urlTemplate":"https:\/\/www.tressis.com\/ca\/?s={search_term_string}"},"query-input":{"@type":"PropertyValueSpecification","valueRequired":true,"valueName":"search_term_string"}}],"inLanguage":"ca"},{"@type":"Organization","@id":"https:\/\/www.tressis.com\/ca\/#organization","name":"Tressis","url":"https:\/\/www.tressis.com\/ca\/","logo":{"@type":"ImageObject","inLanguage":"ca","@id":"https:\/\/www.tressis.com\/ca\/#\/schema\/logo\/image\/","url":"https:\/\/www.tressis.com\/wp-content\/uploads\/2025\/06\/logo-tressis-112.png","contentUrl":"https:\/\/www.tressis.com\/wp-content\/uploads\/2025\/06\/logo-tressis-112.png","width":112,"height":112,"caption":"Tressis"},"image":{"@id":"https:\/\/www.tressis.com\/ca\/#\/schema\/logo\/image\/"},"sameAs":["https:\/\/www.facebook.com\/Tressis\/","https:\/\/x.com\/TressisSV","https:\/\/www.instagram.com\/tressissv\/?hl=es","https:\/\/linkedin.com\/company\/tressis\/","https:\/\/www.youtube.com\/user\/tressissv","https:\/\/open.spotify.com\/show\/3jmTe1Nf0wqMILl7diWV6h?si=d7112519f13c4593&nd=1"]},{"@type":"Person","@id":"https:\/\/www.tressis.com\/ca\/#\/schema\/person\/b833c1d724d8764920b6d6852c70584e","name":"Lola","image":{"@type":"ImageObject","inLanguage":"ca","@id":"https:\/\/secure.gravatar.com\/avatar\/05e646486b23ff45df9649110609c7e31b8c4a3e2821caa23d6317f405e0c51d?s=96&d=mm&r=g","url":"https:\/\/secure.gravatar.com\/avatar\/05e646486b23ff45df9649110609c7e31b8c4a3e2821caa23d6317f405e0c51d?s=96&d=mm&r=g","contentUrl":"https:\/\/secure.gravatar.com\/avatar\/05e646486b23ff45df9649110609c7e31b8c4a3e2821caa23d6317f405e0c51d?s=96&d=mm&r=g","caption":"Lola"}}]}},"_links":{"self":[{"href":"https:\/\/www.tressis.com\/ca\/wp-json\/wp\/v2\/posts\/27662","targetHints":{"allow":["GET"]}}],"collection":[{"href":"https:\/\/www.tressis.com\/ca\/wp-json\/wp\/v2\/posts"}],"about":[{"href":"https:\/\/www.tressis.com\/ca\/wp-json\/wp\/v2\/types\/post"}],"author":[{"embeddable":true,"href":"https:\/\/www.tressis.com\/ca\/wp-json\/wp\/v2\/users\/4"}],"replies":[{"embeddable":true,"href":"https:\/\/www.tressis.com\/ca\/wp-json\/wp\/v2\/comments?post=27662"}],"version-history":[{"count":0,"href":"https:\/\/www.tressis.com\/ca\/wp-json\/wp\/v2\/posts\/27662\/revisions"}],"wp:featuredmedia":[{"embeddable":true,"href":"https:\/\/www.tressis.com\/ca\/wp-json\/wp\/v2\/media\/27663"}],"wp:attachment":[{"href":"https:\/\/www.tressis.com\/ca\/wp-json\/wp\/v2\/media?parent=27662"}],"wp:term":[{"taxonomy":"category","embeddable":true,"href":"https:\/\/www.tressis.com\/ca\/wp-json\/wp\/v2\/categories?post=27662"},{"taxonomy":"post_tag","embeddable":true,"href":"https:\/\/www.tressis.com\/ca\/wp-json\/wp\/v2\/tags?post=27662"}],"curies":[{"name":"wp","href":"https:\/\/api.w.org\/{rel}","templated":true}]}}