{"id":27581,"date":"2017-12-01T10:54:06","date_gmt":"2017-12-01T09:54:06","guid":{"rendered":"http:\/\/www.tressis.com\/blog\/?p=27581"},"modified":"2017-12-01T10:54:06","modified_gmt":"2017-12-01T09:54:06","slug":"la-inflacion-no-termina-remontar","status":"publish","type":"post","link":"https:\/\/www.tressis.com\/ca\/blog\/la-inflacion-no-termina-remontar\/","title":{"rendered":"La inflaci\u00f3n no termina de remontar"},"content":{"rendered":"<p>Los republicanos no se terminan de aclarar entre s\u00ed para aprobar una reforma casi integral del sistema impositivo estadounidense.<!--more--><\/p>\n<p>La votaci\u00f3n, retrasada a hoy, sigue rodeada de incertidumbre respecto a qu\u00e9 va a incluir, si bien lo que descuenta el mercado es que podr\u00eda servir para impulsar una inflaci\u00f3n que no termina de remontar (justo ayer se public\u00f3 el PCE, que muestra esto mismo).<\/p>\n<p>De suceder eso, va a tener algo m\u00e1s de trabajo el futuro FOMC de la Fed, que ya ha empezado a rellenar alguna vacante con perfiles m\u00e1s ortodoxos. Aunque lo cierto es que la actualidad de nombramientos norteamericanos no va sobre el banco central, pues parece que Tillerson no va a cumplir ni un a\u00f1o al frente de Exteriores despu\u00e9s de que o \u00e9l o su jefe se hayan dedicado a ir dinamitando la imagen de EEUU.<\/p>\n<p>Lo que s\u00ed sabemos es que la OPEP-no OPEP ya ha sellado la prolongaci\u00f3n en el tiempo del acuerdo de reducci\u00f3n de extracci\u00f3n de petr\u00f3leo hasta finales de 2018. Tambi\u00e9n que se han impuesto las tesis rusas de revisar el acuerdo en junio, por eso de que las cuentas de muchos pa\u00edses est\u00e1n al l\u00edmite. Y tambi\u00e9n ha quedado claro que los productores convencionales siguen con m\u00e1s de un ojo en los <i>frackers<\/i>, conscientes de que tarde o temprano se van a levantar en armas contra los se\u00f1ores del barril.<\/p>\n<p>Impuestos y petr\u00f3leo han relegado a la indiferencia el d\u00eda a d\u00eda de los acuerdos de Gobierno en Alemania. As\u00ed que queda el consuelo de saber que las presiones inflacionistas de la zona euro s\u00ed tienen algo m\u00e1s de reconocimiento. O m\u00e1s bien la falta de las mismas, porque un repunte de los precios por culpa de la energ\u00eda, pero sin que responda la subyacente, no es todo lo deseable que cabr\u00eda esperar, por lo que a\u00fan habr\u00e1 que seguir esperando a que el IPC represente una amenaza.<\/p>\n<p>Por el contrario, el <i>brexit<\/i> s\u00ed tiene m\u00e1s seguimiento de continuo, dado que salirse de la Uni\u00f3n Europea a voluntad sigue chocando incluso a\u00f1o y medio despu\u00e9s. M\u00e1s a\u00fan para los brit\u00e1nicos, tanto para los que votaron a favor como para los que no, pues es com\u00fan para todos ellos el que los efectos secundarios sobre la econom\u00eda sean palpables. La confianza de los consumidores Gfk, como muchos otros indicadores, sigue reflejando que algo no muy bueno se acerca, si bien con menos agresividad de lo que cabr\u00eda esperar.<\/p>\n<p>Tan solo falta comentar la lectura del PMI chino de manufacturas para cerrar la semana. Concretamente del elaborado por Caixin, m\u00e1s cercano a la realidad que el oficial, posiblemente alterado por las &#8220;influencias&#8221; del Gobierno. Pues bien, el descenso hasta m\u00ednimos en cinco meses de la referencia se debe, entre otros, al efecto negativo (o positivo, seg\u00fan se mire) de las medidas anticontaminaci\u00f3n.<\/p>\n<p>Buen fin de semana.<\/p>\n<p><center><strong><br \/>\nAm\u00edlcar Barrios Vilallonga<\/strong><br \/>\nDirecci\u00f3n de Inversiones<\/center><\/p>\n","protected":false},"excerpt":{"rendered":"<p>Los republicanos no se terminan de aclarar entre s\u00ed para aprobar una reforma casi integral del sistema impositivo estadounidense.<\/p>\n","protected":false},"author":4,"featured_media":27582,"comment_status":"open","ping_status":"closed","sticky":false,"template":"","format":"standard","meta":{"_acf_changed":false,"footnotes":""},"categories":[9721],"tags":[811,943,2206,2720,2792,3036,3061,3298,3453,3644,4048,4610,4749,4845,6202,6577,6772],"class_list":["post-27581","post","type-post","status-publish","format-standard","has-post-thumbnail","hentry","category-morning-meeting","tag-brexit","tag-caixin","tag-eeuu","tag-fed","tag-fomc","tag-gfk","tag-gobierno-de-alemania","tag-impulsar-inflacion","tag-inflacion","tag-ipc","tag-medidas-anti-contaminacion","tag-opep","tag-pce","tag-petroleo","tag-sistema-impositivo-estadounidense","tag-tillerson","tag-union-europea"],"acf":[],"yoast_head":"<!-- This site is optimized with the Yoast SEO plugin v27.4 - https:\/\/yoast.com\/product\/yoast-seo-wordpress\/ -->\n<title>La inflaci\u00f3n no termina de remontar<\/title>\n<meta name=\"description\" content=\"Lo que s\u00ed sabemos es que la OPEP-no OPEP ya ha sellado la prolongaci\u00f3n en el tiempo del acuerdo de reducci\u00f3n de extracci\u00f3n de petr\u00f3leo hasta finales de 2018\" \/>\n<meta name=\"robots\" content=\"index, follow, max-snippet:-1, max-image-preview:large, max-video-preview:-1\" \/>\n<link rel=\"canonical\" href=\"https:\/\/www.tressis.com\/ca\/blog\/la-inflacion-no-termina-remontar\/\" \/>\n<meta property=\"og:locale\" content=\"ca_ES\" \/>\n<meta property=\"og:type\" content=\"article\" \/>\n<meta property=\"og:title\" content=\"La inflaci\u00f3n no termina de remontar\" \/>\n<meta property=\"og:description\" content=\"Lo que s\u00ed sabemos es que la OPEP-no OPEP ya ha sellado la prolongaci\u00f3n en el tiempo del acuerdo de reducci\u00f3n de extracci\u00f3n de petr\u00f3leo hasta finales de 2018\" \/>\n<meta property=\"og:url\" content=\"https:\/\/www.tressis.com\/ca\/blog\/la-inflacion-no-termina-remontar\/\" \/>\n<meta property=\"og:site_name\" content=\"Tressis\" \/>\n<meta property=\"article:publisher\" content=\"https:\/\/www.facebook.com\/Tressis\/\" \/>\n<meta property=\"article:published_time\" content=\"2017-12-01T09:54:06+00:00\" \/>\n<meta property=\"og:image\" content=\"https:\/\/www.tressis.com\/wp-content\/uploads\/2017\/12\/20171201-mmv.jpg\" \/>\n\t<meta property=\"og:image:width\" content=\"1100\" \/>\n\t<meta property=\"og:image:height\" content=\"487\" \/>\n\t<meta property=\"og:image:type\" content=\"image\/jpeg\" \/>\n<meta name=\"author\" content=\"Lola\" \/>\n<meta name=\"twitter:card\" content=\"summary_large_image\" \/>\n<meta name=\"twitter:creator\" content=\"@TressisSV\" \/>\n<meta name=\"twitter:site\" content=\"@TressisSV\" \/>\n<meta name=\"twitter:label1\" content=\"Escrit per\" \/>\n\t<meta name=\"twitter:data1\" content=\"Lola\" \/>\n\t<meta name=\"twitter:label2\" content=\"Temps estimat de lectura\" \/>\n\t<meta name=\"twitter:data2\" content=\"3 minuts\" \/>\n<script type=\"application\/ld+json\" class=\"yoast-schema-graph\">{\"@context\":\"https:\\\/\\\/schema.org\",\"@graph\":[{\"@type\":\"Article\",\"@id\":\"https:\\\/\\\/www.tressis.com\\\/ca\\\/blog\\\/la-inflacion-no-termina-remontar\\\/#article\",\"isPartOf\":{\"@id\":\"https:\\\/\\\/www.tressis.com\\\/ca\\\/blog\\\/la-inflacion-no-termina-remontar\\\/\"},\"author\":{\"name\":\"Lola\",\"@id\":\"https:\\\/\\\/www.tressis.com\\\/ca\\\/#\\\/schema\\\/person\\\/b833c1d724d8764920b6d6852c70584e\"},\"headline\":\"La inflaci\u00f3n no termina de remontar\",\"datePublished\":\"2017-12-01T09:54:06+00:00\",\"mainEntityOfPage\":{\"@id\":\"https:\\\/\\\/www.tressis.com\\\/ca\\\/blog\\\/la-inflacion-no-termina-remontar\\\/\"},\"wordCount\":529,\"commentCount\":0,\"publisher\":{\"@id\":\"https:\\\/\\\/www.tressis.com\\\/ca\\\/#organization\"},\"image\":{\"@id\":\"https:\\\/\\\/www.tressis.com\\\/ca\\\/blog\\\/la-inflacion-no-termina-remontar\\\/#primaryimage\"},\"thumbnailUrl\":\"https:\\\/\\\/www.tressis.com\\\/wp-content\\\/uploads\\\/2017\\\/12\\\/20171201-mmv.jpg\",\"keywords\":[\"Brexit\",\"Caixin\",\"EEUU\",\"fed\",\"FOMC\",\"Gfk\",\"Gobierno de Alemania\",\"impulsar inflaci\u00f3n\",\"inflaci\u00f3n\",\"IPC\",\"medidas anti contaminaci\u00f3n\",\"OPEP\",\"PCE\",\"petr\u00f3leo\",\"sistema impositivo estadounidense\",\"Tillerson\",\"Uni\u00f3n Europea\"],\"articleSection\":[\"Morning meeting\"],\"inLanguage\":\"ca\",\"potentialAction\":[{\"@type\":\"CommentAction\",\"name\":\"Comment\",\"target\":[\"https:\\\/\\\/www.tressis.com\\\/ca\\\/blog\\\/la-inflacion-no-termina-remontar\\\/#respond\"]}]},{\"@type\":\"WebPage\",\"@id\":\"https:\\\/\\\/www.tressis.com\\\/ca\\\/blog\\\/la-inflacion-no-termina-remontar\\\/\",\"url\":\"https:\\\/\\\/www.tressis.com\\\/ca\\\/blog\\\/la-inflacion-no-termina-remontar\\\/\",\"name\":\"La inflaci\u00f3n no termina de remontar\",\"isPartOf\":{\"@id\":\"https:\\\/\\\/www.tressis.com\\\/ca\\\/#website\"},\"primaryImageOfPage\":{\"@id\":\"https:\\\/\\\/www.tressis.com\\\/ca\\\/blog\\\/la-inflacion-no-termina-remontar\\\/#primaryimage\"},\"image\":{\"@id\":\"https:\\\/\\\/www.tressis.com\\\/ca\\\/blog\\\/la-inflacion-no-termina-remontar\\\/#primaryimage\"},\"thumbnailUrl\":\"https:\\\/\\\/www.tressis.com\\\/wp-content\\\/uploads\\\/2017\\\/12\\\/20171201-mmv.jpg\",\"datePublished\":\"2017-12-01T09:54:06+00:00\",\"description\":\"Lo que s\u00ed sabemos es que la OPEP-no OPEP ya ha sellado la prolongaci\u00f3n en el tiempo del acuerdo de reducci\u00f3n de extracci\u00f3n de petr\u00f3leo hasta finales de 2018\",\"breadcrumb\":{\"@id\":\"https:\\\/\\\/www.tressis.com\\\/ca\\\/blog\\\/la-inflacion-no-termina-remontar\\\/#breadcrumb\"},\"inLanguage\":\"ca\",\"potentialAction\":[{\"@type\":\"ReadAction\",\"target\":[\"https:\\\/\\\/www.tressis.com\\\/ca\\\/blog\\\/la-inflacion-no-termina-remontar\\\/\"]}]},{\"@type\":\"ImageObject\",\"inLanguage\":\"ca\",\"@id\":\"https:\\\/\\\/www.tressis.com\\\/ca\\\/blog\\\/la-inflacion-no-termina-remontar\\\/#primaryimage\",\"url\":\"https:\\\/\\\/www.tressis.com\\\/wp-content\\\/uploads\\\/2017\\\/12\\\/20171201-mmv.jpg\",\"contentUrl\":\"https:\\\/\\\/www.tressis.com\\\/wp-content\\\/uploads\\\/2017\\\/12\\\/20171201-mmv.jpg\",\"width\":1100,\"height\":487,\"caption\":\"La inflaci\u00f3n no termina de remontar\"},{\"@type\":\"BreadcrumbList\",\"@id\":\"https:\\\/\\\/www.tressis.com\\\/ca\\\/blog\\\/la-inflacion-no-termina-remontar\\\/#breadcrumb\",\"itemListElement\":[{\"@type\":\"ListItem\",\"position\":1,\"name\":\"Inicio\",\"item\":\"https:\\\/\\\/www.tressis.com\\\/ca\\\/\"},{\"@type\":\"ListItem\",\"position\":2,\"name\":\"La inflaci\u00f3n no termina de remontar\"}]},{\"@type\":\"WebSite\",\"@id\":\"https:\\\/\\\/www.tressis.com\\\/ca\\\/#website\",\"url\":\"https:\\\/\\\/www.tressis.com\\\/ca\\\/\",\"name\":\"Tressis banca privada\",\"description\":\"Tressis | Planificaci\u00f3n financiera y gesti\u00f3n de patrimonios\",\"publisher\":{\"@id\":\"https:\\\/\\\/www.tressis.com\\\/ca\\\/#organization\"},\"potentialAction\":[{\"@type\":\"SearchAction\",\"target\":{\"@type\":\"EntryPoint\",\"urlTemplate\":\"https:\\\/\\\/www.tressis.com\\\/ca\\\/?s={search_term_string}\"},\"query-input\":{\"@type\":\"PropertyValueSpecification\",\"valueRequired\":true,\"valueName\":\"search_term_string\"}}],\"inLanguage\":\"ca\"},{\"@type\":\"Organization\",\"@id\":\"https:\\\/\\\/www.tressis.com\\\/ca\\\/#organization\",\"name\":\"Tressis\",\"url\":\"https:\\\/\\\/www.tressis.com\\\/ca\\\/\",\"logo\":{\"@type\":\"ImageObject\",\"inLanguage\":\"ca\",\"@id\":\"https:\\\/\\\/www.tressis.com\\\/ca\\\/#\\\/schema\\\/logo\\\/image\\\/\",\"url\":\"https:\\\/\\\/www.tressis.com\\\/wp-content\\\/uploads\\\/2025\\\/06\\\/logo-tressis-112.png\",\"contentUrl\":\"https:\\\/\\\/www.tressis.com\\\/wp-content\\\/uploads\\\/2025\\\/06\\\/logo-tressis-112.png\",\"width\":112,\"height\":112,\"caption\":\"Tressis\"},\"image\":{\"@id\":\"https:\\\/\\\/www.tressis.com\\\/ca\\\/#\\\/schema\\\/logo\\\/image\\\/\"},\"sameAs\":[\"https:\\\/\\\/www.facebook.com\\\/Tressis\\\/\",\"https:\\\/\\\/x.com\\\/TressisSV\",\"https:\\\/\\\/www.instagram.com\\\/tressissv\\\/?hl=es\",\"https:\\\/\\\/linkedin.com\\\/company\\\/tressis\\\/\",\"https:\\\/\\\/www.youtube.com\\\/user\\\/tressissv\",\"https:\\\/\\\/open.spotify.com\\\/show\\\/3jmTe1Nf0wqMILl7diWV6h?si=d7112519f13c4593&nd=1\"]},{\"@type\":\"Person\",\"@id\":\"https:\\\/\\\/www.tressis.com\\\/ca\\\/#\\\/schema\\\/person\\\/b833c1d724d8764920b6d6852c70584e\",\"name\":\"Lola\",\"image\":{\"@type\":\"ImageObject\",\"inLanguage\":\"ca\",\"@id\":\"https:\\\/\\\/secure.gravatar.com\\\/avatar\\\/05e646486b23ff45df9649110609c7e31b8c4a3e2821caa23d6317f405e0c51d?s=96&d=mm&r=g\",\"url\":\"https:\\\/\\\/secure.gravatar.com\\\/avatar\\\/05e646486b23ff45df9649110609c7e31b8c4a3e2821caa23d6317f405e0c51d?s=96&d=mm&r=g\",\"contentUrl\":\"https:\\\/\\\/secure.gravatar.com\\\/avatar\\\/05e646486b23ff45df9649110609c7e31b8c4a3e2821caa23d6317f405e0c51d?s=96&d=mm&r=g\",\"caption\":\"Lola\"}}]}<\/script>\n<!-- \/ Yoast SEO plugin. -->","yoast_head_json":{"title":"La inflaci\u00f3n no termina de remontar","description":"Lo que s\u00ed sabemos es que la OPEP-no OPEP ya ha sellado la prolongaci\u00f3n en el tiempo del acuerdo de reducci\u00f3n de extracci\u00f3n de petr\u00f3leo hasta finales de 2018","robots":{"index":"index","follow":"follow","max-snippet":"max-snippet:-1","max-image-preview":"max-image-preview:large","max-video-preview":"max-video-preview:-1"},"canonical":"https:\/\/www.tressis.com\/ca\/blog\/la-inflacion-no-termina-remontar\/","og_locale":"ca_ES","og_type":"article","og_title":"La inflaci\u00f3n no termina de remontar","og_description":"Lo que s\u00ed sabemos es que la OPEP-no OPEP ya ha sellado la prolongaci\u00f3n en el tiempo del acuerdo de reducci\u00f3n de extracci\u00f3n de petr\u00f3leo hasta finales de 2018","og_url":"https:\/\/www.tressis.com\/ca\/blog\/la-inflacion-no-termina-remontar\/","og_site_name":"Tressis","article_publisher":"https:\/\/www.facebook.com\/Tressis\/","article_published_time":"2017-12-01T09:54:06+00:00","og_image":[{"width":1100,"height":487,"url":"https:\/\/www.tressis.com\/wp-content\/uploads\/2017\/12\/20171201-mmv.jpg","type":"image\/jpeg"}],"author":"Lola","twitter_card":"summary_large_image","twitter_creator":"@TressisSV","twitter_site":"@TressisSV","twitter_misc":{"Escrit per":"Lola","Temps estimat de lectura":"3 minuts"},"schema":{"@context":"https:\/\/schema.org","@graph":[{"@type":"Article","@id":"https:\/\/www.tressis.com\/ca\/blog\/la-inflacion-no-termina-remontar\/#article","isPartOf":{"@id":"https:\/\/www.tressis.com\/ca\/blog\/la-inflacion-no-termina-remontar\/"},"author":{"name":"Lola","@id":"https:\/\/www.tressis.com\/ca\/#\/schema\/person\/b833c1d724d8764920b6d6852c70584e"},"headline":"La inflaci\u00f3n no termina de remontar","datePublished":"2017-12-01T09:54:06+00:00","mainEntityOfPage":{"@id":"https:\/\/www.tressis.com\/ca\/blog\/la-inflacion-no-termina-remontar\/"},"wordCount":529,"commentCount":0,"publisher":{"@id":"https:\/\/www.tressis.com\/ca\/#organization"},"image":{"@id":"https:\/\/www.tressis.com\/ca\/blog\/la-inflacion-no-termina-remontar\/#primaryimage"},"thumbnailUrl":"https:\/\/www.tressis.com\/wp-content\/uploads\/2017\/12\/20171201-mmv.jpg","keywords":["Brexit","Caixin","EEUU","fed","FOMC","Gfk","Gobierno de Alemania","impulsar inflaci\u00f3n","inflaci\u00f3n","IPC","medidas anti contaminaci\u00f3n","OPEP","PCE","petr\u00f3leo","sistema impositivo estadounidense","Tillerson","Uni\u00f3n Europea"],"articleSection":["Morning meeting"],"inLanguage":"ca","potentialAction":[{"@type":"CommentAction","name":"Comment","target":["https:\/\/www.tressis.com\/ca\/blog\/la-inflacion-no-termina-remontar\/#respond"]}]},{"@type":"WebPage","@id":"https:\/\/www.tressis.com\/ca\/blog\/la-inflacion-no-termina-remontar\/","url":"https:\/\/www.tressis.com\/ca\/blog\/la-inflacion-no-termina-remontar\/","name":"La inflaci\u00f3n no termina de remontar","isPartOf":{"@id":"https:\/\/www.tressis.com\/ca\/#website"},"primaryImageOfPage":{"@id":"https:\/\/www.tressis.com\/ca\/blog\/la-inflacion-no-termina-remontar\/#primaryimage"},"image":{"@id":"https:\/\/www.tressis.com\/ca\/blog\/la-inflacion-no-termina-remontar\/#primaryimage"},"thumbnailUrl":"https:\/\/www.tressis.com\/wp-content\/uploads\/2017\/12\/20171201-mmv.jpg","datePublished":"2017-12-01T09:54:06+00:00","description":"Lo que s\u00ed sabemos es que la OPEP-no OPEP ya ha sellado la prolongaci\u00f3n en el tiempo del acuerdo de reducci\u00f3n de extracci\u00f3n de petr\u00f3leo hasta finales de 2018","breadcrumb":{"@id":"https:\/\/www.tressis.com\/ca\/blog\/la-inflacion-no-termina-remontar\/#breadcrumb"},"inLanguage":"ca","potentialAction":[{"@type":"ReadAction","target":["https:\/\/www.tressis.com\/ca\/blog\/la-inflacion-no-termina-remontar\/"]}]},{"@type":"ImageObject","inLanguage":"ca","@id":"https:\/\/www.tressis.com\/ca\/blog\/la-inflacion-no-termina-remontar\/#primaryimage","url":"https:\/\/www.tressis.com\/wp-content\/uploads\/2017\/12\/20171201-mmv.jpg","contentUrl":"https:\/\/www.tressis.com\/wp-content\/uploads\/2017\/12\/20171201-mmv.jpg","width":1100,"height":487,"caption":"La inflaci\u00f3n no termina de remontar"},{"@type":"BreadcrumbList","@id":"https:\/\/www.tressis.com\/ca\/blog\/la-inflacion-no-termina-remontar\/#breadcrumb","itemListElement":[{"@type":"ListItem","position":1,"name":"Inicio","item":"https:\/\/www.tressis.com\/ca\/"},{"@type":"ListItem","position":2,"name":"La inflaci\u00f3n no termina de remontar"}]},{"@type":"WebSite","@id":"https:\/\/www.tressis.com\/ca\/#website","url":"https:\/\/www.tressis.com\/ca\/","name":"Tressis banca privada","description":"Tressis | Planificaci\u00f3n financiera y gesti\u00f3n de patrimonios","publisher":{"@id":"https:\/\/www.tressis.com\/ca\/#organization"},"potentialAction":[{"@type":"SearchAction","target":{"@type":"EntryPoint","urlTemplate":"https:\/\/www.tressis.com\/ca\/?s={search_term_string}"},"query-input":{"@type":"PropertyValueSpecification","valueRequired":true,"valueName":"search_term_string"}}],"inLanguage":"ca"},{"@type":"Organization","@id":"https:\/\/www.tressis.com\/ca\/#organization","name":"Tressis","url":"https:\/\/www.tressis.com\/ca\/","logo":{"@type":"ImageObject","inLanguage":"ca","@id":"https:\/\/www.tressis.com\/ca\/#\/schema\/logo\/image\/","url":"https:\/\/www.tressis.com\/wp-content\/uploads\/2025\/06\/logo-tressis-112.png","contentUrl":"https:\/\/www.tressis.com\/wp-content\/uploads\/2025\/06\/logo-tressis-112.png","width":112,"height":112,"caption":"Tressis"},"image":{"@id":"https:\/\/www.tressis.com\/ca\/#\/schema\/logo\/image\/"},"sameAs":["https:\/\/www.facebook.com\/Tressis\/","https:\/\/x.com\/TressisSV","https:\/\/www.instagram.com\/tressissv\/?hl=es","https:\/\/linkedin.com\/company\/tressis\/","https:\/\/www.youtube.com\/user\/tressissv","https:\/\/open.spotify.com\/show\/3jmTe1Nf0wqMILl7diWV6h?si=d7112519f13c4593&nd=1"]},{"@type":"Person","@id":"https:\/\/www.tressis.com\/ca\/#\/schema\/person\/b833c1d724d8764920b6d6852c70584e","name":"Lola","image":{"@type":"ImageObject","inLanguage":"ca","@id":"https:\/\/secure.gravatar.com\/avatar\/05e646486b23ff45df9649110609c7e31b8c4a3e2821caa23d6317f405e0c51d?s=96&d=mm&r=g","url":"https:\/\/secure.gravatar.com\/avatar\/05e646486b23ff45df9649110609c7e31b8c4a3e2821caa23d6317f405e0c51d?s=96&d=mm&r=g","contentUrl":"https:\/\/secure.gravatar.com\/avatar\/05e646486b23ff45df9649110609c7e31b8c4a3e2821caa23d6317f405e0c51d?s=96&d=mm&r=g","caption":"Lola"}}]}},"_links":{"self":[{"href":"https:\/\/www.tressis.com\/ca\/wp-json\/wp\/v2\/posts\/27581","targetHints":{"allow":["GET"]}}],"collection":[{"href":"https:\/\/www.tressis.com\/ca\/wp-json\/wp\/v2\/posts"}],"about":[{"href":"https:\/\/www.tressis.com\/ca\/wp-json\/wp\/v2\/types\/post"}],"author":[{"embeddable":true,"href":"https:\/\/www.tressis.com\/ca\/wp-json\/wp\/v2\/users\/4"}],"replies":[{"embeddable":true,"href":"https:\/\/www.tressis.com\/ca\/wp-json\/wp\/v2\/comments?post=27581"}],"version-history":[{"count":0,"href":"https:\/\/www.tressis.com\/ca\/wp-json\/wp\/v2\/posts\/27581\/revisions"}],"wp:featuredmedia":[{"embeddable":true,"href":"https:\/\/www.tressis.com\/ca\/wp-json\/wp\/v2\/media\/27582"}],"wp:attachment":[{"href":"https:\/\/www.tressis.com\/ca\/wp-json\/wp\/v2\/media?parent=27581"}],"wp:term":[{"taxonomy":"category","embeddable":true,"href":"https:\/\/www.tressis.com\/ca\/wp-json\/wp\/v2\/categories?post=27581"},{"taxonomy":"post_tag","embeddable":true,"href":"https:\/\/www.tressis.com\/ca\/wp-json\/wp\/v2\/tags?post=27581"}],"curies":[{"name":"wp","href":"https:\/\/api.w.org\/{rel}","templated":true}]}}