{"id":27557,"date":"2017-11-30T10:46:11","date_gmt":"2017-11-30T09:46:11","guid":{"rendered":"http:\/\/www.tressis.com\/blog\/?p=27557"},"modified":"2017-11-30T10:46:11","modified_gmt":"2017-11-30T09:46:11","slug":"janet-yellen-mas-agresiva","status":"publish","type":"post","link":"https:\/\/www.tressis.com\/ca\/blog\/janet-yellen-mas-agresiva\/","title":{"rendered":"Una Janet Yellen m\u00e1s agresiva"},"content":{"rendered":"<p>Una Janet Yellen m\u00e1s agresiva de lo que acostumbra provocaba un repunte del bono americano a diez a\u00f1os, con su consiguiente reacci\u00f3n al alza del sector financiero en los mercados de renta variable.<!--more--><\/p>\n<p>Y es que en la \u00faltima comparecencia de la presidenta de la Reserva Federal en el Congreso comentaba que el fortalecimiento de la econom\u00eda de Estados Unidos respaldar\u00e1 alzas continuas de las tasas de inter\u00e9s. Adem\u00e1s, la presidenta espera que la inflaci\u00f3n se sit\u00fae cerca de los objetivos en no mucho tiempo. Por su parte el Libro Beige del banco central estadounidense apunta a una &#8220;leve mejora&#8221; en las perspectivas de crecimiento y reiteraba que en el \u00faltimo mes el ritmo de mejora de la econom\u00eda de la regi\u00f3n se mantuvo. Adem\u00e1s, observan un aumento de las presiones inflacionista y un crecimiento moderado de los salarios.<\/p>\n<p>Por su parte, el Senado de Estados Unidos dio un paso m\u00e1s hacia la aprobaci\u00f3n de la reforma impositiva, prioritario para la Casa Blanca. Tambi\u00e9n al otro lado del Atl\u00e1ntico conoc\u00edamos un buen dato del PIB americano 3T17, gracias a la revisi\u00f3n al alza de la inversi\u00f3n privada y del gasto p\u00fablico. Adem\u00e1s, la fortaleza del empleo y los bajos costes de financiaci\u00f3n han permitido que la venta de viviendas pendientes aumentara m\u00e1s de lo esperado tras la recuperaci\u00f3n de las transacciones en el sureste del pa\u00eds.<\/p>\n<p>En Europa, las noticias se centraban en Alemania y el Reino Unido. En el primer caso, la inflaci\u00f3n sorprend\u00eda al alza, pero las ventas minoristas eran peores de lo esperado. En el caso de la isla, las noticias sobre avances en la negociaci\u00f3n del\u00a0<i>brexit<\/i>\u00a0provocaban repuntes del\u00a0<i>gilt<\/i>\u00a0y ca\u00eddas del FTSE 100.<\/p>\n<p>A todas estas noticias los mercados reaccionaron generalmente con ligeros avances, con las excepci\u00f3n de en los sectores tecnol\u00f3gicos, donde el v\u00e9rtigo empieza a aparecer tras un a\u00f1os de fuertes subidas, y en el sector energ\u00e9tico, cuyos inversores se mostraban cautos, ya fuera por la reuni\u00f3n clave de la OPEP de hoy o por el repunte de los inventarios de gasolina y destilados en EEUU. Entre los \u00edndices europeos destacaba el buen comportamiento del Ibex.<\/p>\n<p>Durante el d\u00eda de hoy, la madrugada nos ha dejado un buen PMI chino y la primera subida de tipos en Corea del Sur en 6 a\u00f1os, del 1,25% al 1,5%. Pero los inversores estar\u00e1n atentos de los datos inflaci\u00f3n comunitaria y americana.<\/p>\n<p>Que tengan un buen d\u00eda.<\/p>\n<p><center><strong>Jorge Gonz\u00e1lez G\u00f3mez<\/strong><br \/>\nDirecci\u00f3n de Inversiones<\/center><\/p>\n","protected":false},"excerpt":{"rendered":"<p>Una Janet Yellen m\u00e1s agresiva de lo que acostumbra provocaba un repunte del bono americano a diez a\u00f1os, con su consiguiente reacci\u00f3n al alza del sector financiero en los mercados de renta variable.<\/p>\n","protected":false},"author":4,"featured_media":27558,"comment_status":"open","ping_status":"closed","sticky":false,"template":"","format":"standard","meta":{"_acf_changed":false,"footnotes":""},"categories":[9721],"tags":[481,697,1061,1469,2492,2556,2897,2976,3220,3459,3463,3713,3851,4610,4859,4933,6047,6130],"class_list":["post-27557","post","type-post","status-publish","format-standard","has-post-thumbnail","hentry","category-morning-meeting","tag-banco-central-estadounidense","tag-bono-americano","tag-casa-blanca","tag-corea-del-sur","tag-estados-unidos","tag-europa","tag-ftse","tag-gasto-publico","tag-ibex","tag-inflacion-americana","tag-inflacion-comunitaria","tag-janet-yellen","tag-libro-beige","tag-opep","tag-pib-americano","tag-pmi-chino","tag-sector-energetico","tag-senado-eeuu"],"acf":[],"yoast_head":"<!-- This site is optimized with the Yoast SEO plugin v27.4 - https:\/\/yoast.com\/product\/yoast-seo-wordpress\/ -->\n<title>Una Janet Yellen m\u00e1s agresiva<\/title>\n<meta name=\"description\" content=\"En su \u00faltima comparecencia coment\u00f3 que el fortalecimiento de la econom\u00eda de Estados Unidos respaldar\u00e1 alzas continuas de las tasas de inter\u00e9s\" \/>\n<meta name=\"robots\" content=\"index, follow, max-snippet:-1, max-image-preview:large, max-video-preview:-1\" \/>\n<link rel=\"canonical\" href=\"https:\/\/www.tressis.com\/ca\/blog\/janet-yellen-mas-agresiva\/\" \/>\n<meta property=\"og:locale\" content=\"ca_ES\" \/>\n<meta property=\"og:type\" content=\"article\" \/>\n<meta property=\"og:title\" content=\"Una Janet Yellen m\u00e1s agresiva\" \/>\n<meta property=\"og:description\" content=\"En su \u00faltima comparecencia coment\u00f3 que el fortalecimiento de la econom\u00eda de Estados Unidos respaldar\u00e1 alzas continuas de las tasas de inter\u00e9s\" \/>\n<meta property=\"og:url\" content=\"https:\/\/www.tressis.com\/ca\/blog\/janet-yellen-mas-agresiva\/\" \/>\n<meta property=\"og:site_name\" content=\"Tressis\" \/>\n<meta property=\"article:publisher\" content=\"https:\/\/www.facebook.com\/Tressis\/\" \/>\n<meta property=\"article:published_time\" content=\"2017-11-30T09:46:11+00:00\" \/>\n<meta property=\"og:image\" content=\"https:\/\/www.tressis.com\/wp-content\/uploads\/2017\/11\/20171130-mmv.jpg\" \/>\n\t<meta property=\"og:image:width\" content=\"1100\" \/>\n\t<meta property=\"og:image:height\" content=\"487\" \/>\n\t<meta property=\"og:image:type\" content=\"image\/jpeg\" \/>\n<meta name=\"author\" content=\"Lola\" \/>\n<meta name=\"twitter:card\" content=\"summary_large_image\" \/>\n<meta name=\"twitter:creator\" content=\"@TressisSV\" \/>\n<meta name=\"twitter:site\" content=\"@TressisSV\" \/>\n<meta name=\"twitter:label1\" content=\"Escrit per\" \/>\n\t<meta name=\"twitter:data1\" content=\"Lola\" \/>\n\t<meta name=\"twitter:label2\" content=\"Temps estimat de lectura\" \/>\n\t<meta name=\"twitter:data2\" content=\"2 minuts\" \/>\n<script type=\"application\/ld+json\" class=\"yoast-schema-graph\">{\"@context\":\"https:\\\/\\\/schema.org\",\"@graph\":[{\"@type\":\"Article\",\"@id\":\"https:\\\/\\\/www.tressis.com\\\/ca\\\/blog\\\/janet-yellen-mas-agresiva\\\/#article\",\"isPartOf\":{\"@id\":\"https:\\\/\\\/www.tressis.com\\\/ca\\\/blog\\\/janet-yellen-mas-agresiva\\\/\"},\"author\":{\"name\":\"Lola\",\"@id\":\"https:\\\/\\\/www.tressis.com\\\/ca\\\/#\\\/schema\\\/person\\\/b833c1d724d8764920b6d6852c70584e\"},\"headline\":\"Una Janet Yellen m\u00e1s agresiva\",\"datePublished\":\"2017-11-30T09:46:11+00:00\",\"mainEntityOfPage\":{\"@id\":\"https:\\\/\\\/www.tressis.com\\\/ca\\\/blog\\\/janet-yellen-mas-agresiva\\\/\"},\"wordCount\":453,\"commentCount\":0,\"publisher\":{\"@id\":\"https:\\\/\\\/www.tressis.com\\\/ca\\\/#organization\"},\"image\":{\"@id\":\"https:\\\/\\\/www.tressis.com\\\/ca\\\/blog\\\/janet-yellen-mas-agresiva\\\/#primaryimage\"},\"thumbnailUrl\":\"https:\\\/\\\/www.tressis.com\\\/wp-content\\\/uploads\\\/2017\\\/11\\\/20171130-mmv.jpg\",\"keywords\":[\"banco central estadounidense\",\"bono americano\",\"Casa Blanca\",\"Corea del Sur\",\"Estados Unidos\",\"Europa\",\"FTSE\",\"gasto p\u00fablico\",\"Ibex\",\"inflaci\u00f3n americana\",\"inflaci\u00f3n comunitaria\",\"Janet Yellen\",\"libro beige\",\"OPEP\",\"PIB americano\",\"PMI chino\",\"sector energ\u00e9tico\",\"Senado EEUU\"],\"articleSection\":[\"Morning meeting\"],\"inLanguage\":\"ca\",\"potentialAction\":[{\"@type\":\"CommentAction\",\"name\":\"Comment\",\"target\":[\"https:\\\/\\\/www.tressis.com\\\/ca\\\/blog\\\/janet-yellen-mas-agresiva\\\/#respond\"]}]},{\"@type\":\"WebPage\",\"@id\":\"https:\\\/\\\/www.tressis.com\\\/ca\\\/blog\\\/janet-yellen-mas-agresiva\\\/\",\"url\":\"https:\\\/\\\/www.tressis.com\\\/ca\\\/blog\\\/janet-yellen-mas-agresiva\\\/\",\"name\":\"Una Janet Yellen m\u00e1s agresiva\",\"isPartOf\":{\"@id\":\"https:\\\/\\\/www.tressis.com\\\/ca\\\/#website\"},\"primaryImageOfPage\":{\"@id\":\"https:\\\/\\\/www.tressis.com\\\/ca\\\/blog\\\/janet-yellen-mas-agresiva\\\/#primaryimage\"},\"image\":{\"@id\":\"https:\\\/\\\/www.tressis.com\\\/ca\\\/blog\\\/janet-yellen-mas-agresiva\\\/#primaryimage\"},\"thumbnailUrl\":\"https:\\\/\\\/www.tressis.com\\\/wp-content\\\/uploads\\\/2017\\\/11\\\/20171130-mmv.jpg\",\"datePublished\":\"2017-11-30T09:46:11+00:00\",\"description\":\"En su \u00faltima comparecencia coment\u00f3 que el fortalecimiento de la econom\u00eda de Estados Unidos respaldar\u00e1 alzas continuas de las tasas de inter\u00e9s\",\"breadcrumb\":{\"@id\":\"https:\\\/\\\/www.tressis.com\\\/ca\\\/blog\\\/janet-yellen-mas-agresiva\\\/#breadcrumb\"},\"inLanguage\":\"ca\",\"potentialAction\":[{\"@type\":\"ReadAction\",\"target\":[\"https:\\\/\\\/www.tressis.com\\\/ca\\\/blog\\\/janet-yellen-mas-agresiva\\\/\"]}]},{\"@type\":\"ImageObject\",\"inLanguage\":\"ca\",\"@id\":\"https:\\\/\\\/www.tressis.com\\\/ca\\\/blog\\\/janet-yellen-mas-agresiva\\\/#primaryimage\",\"url\":\"https:\\\/\\\/www.tressis.com\\\/wp-content\\\/uploads\\\/2017\\\/11\\\/20171130-mmv.jpg\",\"contentUrl\":\"https:\\\/\\\/www.tressis.com\\\/wp-content\\\/uploads\\\/2017\\\/11\\\/20171130-mmv.jpg\",\"width\":1100,\"height\":487,\"caption\":\"Janet Yellen m\u00e1s agresiva\"},{\"@type\":\"BreadcrumbList\",\"@id\":\"https:\\\/\\\/www.tressis.com\\\/ca\\\/blog\\\/janet-yellen-mas-agresiva\\\/#breadcrumb\",\"itemListElement\":[{\"@type\":\"ListItem\",\"position\":1,\"name\":\"Inicio\",\"item\":\"https:\\\/\\\/www.tressis.com\\\/ca\\\/\"},{\"@type\":\"ListItem\",\"position\":2,\"name\":\"Una Janet Yellen m\u00e1s agresiva\"}]},{\"@type\":\"WebSite\",\"@id\":\"https:\\\/\\\/www.tressis.com\\\/ca\\\/#website\",\"url\":\"https:\\\/\\\/www.tressis.com\\\/ca\\\/\",\"name\":\"Tressis banca privada\",\"description\":\"Tressis | Planificaci\u00f3n financiera y gesti\u00f3n de patrimonios\",\"publisher\":{\"@id\":\"https:\\\/\\\/www.tressis.com\\\/ca\\\/#organization\"},\"potentialAction\":[{\"@type\":\"SearchAction\",\"target\":{\"@type\":\"EntryPoint\",\"urlTemplate\":\"https:\\\/\\\/www.tressis.com\\\/ca\\\/?s={search_term_string}\"},\"query-input\":{\"@type\":\"PropertyValueSpecification\",\"valueRequired\":true,\"valueName\":\"search_term_string\"}}],\"inLanguage\":\"ca\"},{\"@type\":\"Organization\",\"@id\":\"https:\\\/\\\/www.tressis.com\\\/ca\\\/#organization\",\"name\":\"Tressis\",\"url\":\"https:\\\/\\\/www.tressis.com\\\/ca\\\/\",\"logo\":{\"@type\":\"ImageObject\",\"inLanguage\":\"ca\",\"@id\":\"https:\\\/\\\/www.tressis.com\\\/ca\\\/#\\\/schema\\\/logo\\\/image\\\/\",\"url\":\"https:\\\/\\\/www.tressis.com\\\/wp-content\\\/uploads\\\/2025\\\/06\\\/logo-tressis-112.png\",\"contentUrl\":\"https:\\\/\\\/www.tressis.com\\\/wp-content\\\/uploads\\\/2025\\\/06\\\/logo-tressis-112.png\",\"width\":112,\"height\":112,\"caption\":\"Tressis\"},\"image\":{\"@id\":\"https:\\\/\\\/www.tressis.com\\\/ca\\\/#\\\/schema\\\/logo\\\/image\\\/\"},\"sameAs\":[\"https:\\\/\\\/www.facebook.com\\\/Tressis\\\/\",\"https:\\\/\\\/x.com\\\/TressisSV\",\"https:\\\/\\\/www.instagram.com\\\/tressissv\\\/?hl=es\",\"https:\\\/\\\/linkedin.com\\\/company\\\/tressis\\\/\",\"https:\\\/\\\/www.youtube.com\\\/user\\\/tressissv\",\"https:\\\/\\\/open.spotify.com\\\/show\\\/3jmTe1Nf0wqMILl7diWV6h?si=d7112519f13c4593&nd=1\"]},{\"@type\":\"Person\",\"@id\":\"https:\\\/\\\/www.tressis.com\\\/ca\\\/#\\\/schema\\\/person\\\/b833c1d724d8764920b6d6852c70584e\",\"name\":\"Lola\",\"image\":{\"@type\":\"ImageObject\",\"inLanguage\":\"ca\",\"@id\":\"https:\\\/\\\/secure.gravatar.com\\\/avatar\\\/05e646486b23ff45df9649110609c7e31b8c4a3e2821caa23d6317f405e0c51d?s=96&d=mm&r=g\",\"url\":\"https:\\\/\\\/secure.gravatar.com\\\/avatar\\\/05e646486b23ff45df9649110609c7e31b8c4a3e2821caa23d6317f405e0c51d?s=96&d=mm&r=g\",\"contentUrl\":\"https:\\\/\\\/secure.gravatar.com\\\/avatar\\\/05e646486b23ff45df9649110609c7e31b8c4a3e2821caa23d6317f405e0c51d?s=96&d=mm&r=g\",\"caption\":\"Lola\"}}]}<\/script>\n<!-- \/ Yoast SEO plugin. -->","yoast_head_json":{"title":"Una Janet Yellen m\u00e1s agresiva","description":"En su \u00faltima comparecencia coment\u00f3 que el fortalecimiento de la econom\u00eda de Estados Unidos respaldar\u00e1 alzas continuas de las tasas de inter\u00e9s","robots":{"index":"index","follow":"follow","max-snippet":"max-snippet:-1","max-image-preview":"max-image-preview:large","max-video-preview":"max-video-preview:-1"},"canonical":"https:\/\/www.tressis.com\/ca\/blog\/janet-yellen-mas-agresiva\/","og_locale":"ca_ES","og_type":"article","og_title":"Una Janet Yellen m\u00e1s agresiva","og_description":"En su \u00faltima comparecencia coment\u00f3 que el fortalecimiento de la econom\u00eda de Estados Unidos respaldar\u00e1 alzas continuas de las tasas de inter\u00e9s","og_url":"https:\/\/www.tressis.com\/ca\/blog\/janet-yellen-mas-agresiva\/","og_site_name":"Tressis","article_publisher":"https:\/\/www.facebook.com\/Tressis\/","article_published_time":"2017-11-30T09:46:11+00:00","og_image":[{"width":1100,"height":487,"url":"https:\/\/www.tressis.com\/wp-content\/uploads\/2017\/11\/20171130-mmv.jpg","type":"image\/jpeg"}],"author":"Lola","twitter_card":"summary_large_image","twitter_creator":"@TressisSV","twitter_site":"@TressisSV","twitter_misc":{"Escrit per":"Lola","Temps estimat de lectura":"2 minuts"},"schema":{"@context":"https:\/\/schema.org","@graph":[{"@type":"Article","@id":"https:\/\/www.tressis.com\/ca\/blog\/janet-yellen-mas-agresiva\/#article","isPartOf":{"@id":"https:\/\/www.tressis.com\/ca\/blog\/janet-yellen-mas-agresiva\/"},"author":{"name":"Lola","@id":"https:\/\/www.tressis.com\/ca\/#\/schema\/person\/b833c1d724d8764920b6d6852c70584e"},"headline":"Una Janet Yellen m\u00e1s agresiva","datePublished":"2017-11-30T09:46:11+00:00","mainEntityOfPage":{"@id":"https:\/\/www.tressis.com\/ca\/blog\/janet-yellen-mas-agresiva\/"},"wordCount":453,"commentCount":0,"publisher":{"@id":"https:\/\/www.tressis.com\/ca\/#organization"},"image":{"@id":"https:\/\/www.tressis.com\/ca\/blog\/janet-yellen-mas-agresiva\/#primaryimage"},"thumbnailUrl":"https:\/\/www.tressis.com\/wp-content\/uploads\/2017\/11\/20171130-mmv.jpg","keywords":["banco central estadounidense","bono americano","Casa Blanca","Corea del Sur","Estados Unidos","Europa","FTSE","gasto p\u00fablico","Ibex","inflaci\u00f3n americana","inflaci\u00f3n comunitaria","Janet Yellen","libro beige","OPEP","PIB americano","PMI chino","sector energ\u00e9tico","Senado EEUU"],"articleSection":["Morning meeting"],"inLanguage":"ca","potentialAction":[{"@type":"CommentAction","name":"Comment","target":["https:\/\/www.tressis.com\/ca\/blog\/janet-yellen-mas-agresiva\/#respond"]}]},{"@type":"WebPage","@id":"https:\/\/www.tressis.com\/ca\/blog\/janet-yellen-mas-agresiva\/","url":"https:\/\/www.tressis.com\/ca\/blog\/janet-yellen-mas-agresiva\/","name":"Una Janet Yellen m\u00e1s agresiva","isPartOf":{"@id":"https:\/\/www.tressis.com\/ca\/#website"},"primaryImageOfPage":{"@id":"https:\/\/www.tressis.com\/ca\/blog\/janet-yellen-mas-agresiva\/#primaryimage"},"image":{"@id":"https:\/\/www.tressis.com\/ca\/blog\/janet-yellen-mas-agresiva\/#primaryimage"},"thumbnailUrl":"https:\/\/www.tressis.com\/wp-content\/uploads\/2017\/11\/20171130-mmv.jpg","datePublished":"2017-11-30T09:46:11+00:00","description":"En su \u00faltima comparecencia coment\u00f3 que el fortalecimiento de la econom\u00eda de Estados Unidos respaldar\u00e1 alzas continuas de las tasas de inter\u00e9s","breadcrumb":{"@id":"https:\/\/www.tressis.com\/ca\/blog\/janet-yellen-mas-agresiva\/#breadcrumb"},"inLanguage":"ca","potentialAction":[{"@type":"ReadAction","target":["https:\/\/www.tressis.com\/ca\/blog\/janet-yellen-mas-agresiva\/"]}]},{"@type":"ImageObject","inLanguage":"ca","@id":"https:\/\/www.tressis.com\/ca\/blog\/janet-yellen-mas-agresiva\/#primaryimage","url":"https:\/\/www.tressis.com\/wp-content\/uploads\/2017\/11\/20171130-mmv.jpg","contentUrl":"https:\/\/www.tressis.com\/wp-content\/uploads\/2017\/11\/20171130-mmv.jpg","width":1100,"height":487,"caption":"Janet Yellen m\u00e1s agresiva"},{"@type":"BreadcrumbList","@id":"https:\/\/www.tressis.com\/ca\/blog\/janet-yellen-mas-agresiva\/#breadcrumb","itemListElement":[{"@type":"ListItem","position":1,"name":"Inicio","item":"https:\/\/www.tressis.com\/ca\/"},{"@type":"ListItem","position":2,"name":"Una Janet Yellen m\u00e1s agresiva"}]},{"@type":"WebSite","@id":"https:\/\/www.tressis.com\/ca\/#website","url":"https:\/\/www.tressis.com\/ca\/","name":"Tressis banca privada","description":"Tressis | Planificaci\u00f3n financiera y gesti\u00f3n de patrimonios","publisher":{"@id":"https:\/\/www.tressis.com\/ca\/#organization"},"potentialAction":[{"@type":"SearchAction","target":{"@type":"EntryPoint","urlTemplate":"https:\/\/www.tressis.com\/ca\/?s={search_term_string}"},"query-input":{"@type":"PropertyValueSpecification","valueRequired":true,"valueName":"search_term_string"}}],"inLanguage":"ca"},{"@type":"Organization","@id":"https:\/\/www.tressis.com\/ca\/#organization","name":"Tressis","url":"https:\/\/www.tressis.com\/ca\/","logo":{"@type":"ImageObject","inLanguage":"ca","@id":"https:\/\/www.tressis.com\/ca\/#\/schema\/logo\/image\/","url":"https:\/\/www.tressis.com\/wp-content\/uploads\/2025\/06\/logo-tressis-112.png","contentUrl":"https:\/\/www.tressis.com\/wp-content\/uploads\/2025\/06\/logo-tressis-112.png","width":112,"height":112,"caption":"Tressis"},"image":{"@id":"https:\/\/www.tressis.com\/ca\/#\/schema\/logo\/image\/"},"sameAs":["https:\/\/www.facebook.com\/Tressis\/","https:\/\/x.com\/TressisSV","https:\/\/www.instagram.com\/tressissv\/?hl=es","https:\/\/linkedin.com\/company\/tressis\/","https:\/\/www.youtube.com\/user\/tressissv","https:\/\/open.spotify.com\/show\/3jmTe1Nf0wqMILl7diWV6h?si=d7112519f13c4593&nd=1"]},{"@type":"Person","@id":"https:\/\/www.tressis.com\/ca\/#\/schema\/person\/b833c1d724d8764920b6d6852c70584e","name":"Lola","image":{"@type":"ImageObject","inLanguage":"ca","@id":"https:\/\/secure.gravatar.com\/avatar\/05e646486b23ff45df9649110609c7e31b8c4a3e2821caa23d6317f405e0c51d?s=96&d=mm&r=g","url":"https:\/\/secure.gravatar.com\/avatar\/05e646486b23ff45df9649110609c7e31b8c4a3e2821caa23d6317f405e0c51d?s=96&d=mm&r=g","contentUrl":"https:\/\/secure.gravatar.com\/avatar\/05e646486b23ff45df9649110609c7e31b8c4a3e2821caa23d6317f405e0c51d?s=96&d=mm&r=g","caption":"Lola"}}]}},"_links":{"self":[{"href":"https:\/\/www.tressis.com\/ca\/wp-json\/wp\/v2\/posts\/27557","targetHints":{"allow":["GET"]}}],"collection":[{"href":"https:\/\/www.tressis.com\/ca\/wp-json\/wp\/v2\/posts"}],"about":[{"href":"https:\/\/www.tressis.com\/ca\/wp-json\/wp\/v2\/types\/post"}],"author":[{"embeddable":true,"href":"https:\/\/www.tressis.com\/ca\/wp-json\/wp\/v2\/users\/4"}],"replies":[{"embeddable":true,"href":"https:\/\/www.tressis.com\/ca\/wp-json\/wp\/v2\/comments?post=27557"}],"version-history":[{"count":0,"href":"https:\/\/www.tressis.com\/ca\/wp-json\/wp\/v2\/posts\/27557\/revisions"}],"wp:featuredmedia":[{"embeddable":true,"href":"https:\/\/www.tressis.com\/ca\/wp-json\/wp\/v2\/media\/27558"}],"wp:attachment":[{"href":"https:\/\/www.tressis.com\/ca\/wp-json\/wp\/v2\/media?parent=27557"}],"wp:term":[{"taxonomy":"category","embeddable":true,"href":"https:\/\/www.tressis.com\/ca\/wp-json\/wp\/v2\/categories?post=27557"},{"taxonomy":"post_tag","embeddable":true,"href":"https:\/\/www.tressis.com\/ca\/wp-json\/wp\/v2\/tags?post=27557"}],"curies":[{"name":"wp","href":"https:\/\/api.w.org\/{rel}","templated":true}]}}