{"id":26890,"date":"2017-09-22T10:48:25","date_gmt":"2017-09-22T08:48:25","guid":{"rendered":"http:\/\/www.tressis.com\/blog\/?p=26890"},"modified":"2017-09-22T10:48:25","modified_gmt":"2017-09-22T08:48:25","slug":"brexit-sigue-encallado","status":"publish","type":"post","link":"https:\/\/www.tressis.com\/ca\/blog\/brexit-sigue-encallado\/","title":{"rendered":"El brexit sigue encallado"},"content":{"rendered":"<p>El periodo actual de &#8220;entreguerras&#8221; de los mercados vive entre la claridad de la Reserva Federal y la confusi\u00f3n que generan no saber si el BCE va a seguir los pasos de la primera, empezando a retirar unos est\u00edmulos que han acaparado la renta fija de la regi\u00f3n.<!--more--><\/p>\n<p>Al menos sabemos, mirando la pantalla eso s\u00ed, que las curvas de deuda occidentales apuntan hacia un mundo monetariamente normalizado.<\/p>\n<p>La otra pol\u00edtica, la que copa gente muchas veces m\u00e1s preocupada en mantener el puesto que en prestar el servicio para el que se supone que est\u00e1 ah\u00ed, est\u00e1 en pleno auge. Los insultos\/amenazas entre EEUU y la Corea comunista est\u00e1n pasando de la tensi\u00f3n a la guasa. El <i>brexit<\/i> sigue encallado por culpa de que los que eligieron salir, que no terminan de digerir las consecuencias del voto. Lo de Catalu\u00f1a, adem\u00e1s de rozar el esperpento, encima ahora nos va a costar prorrogar la aprobaci\u00f3n de los presupuestos para un pa\u00eds que estaba empezando a salir de la crisis. Solo falta que en Alemania los partidos radicales a izquierda y derecha se conviertan este domingo en la llave de Gobierno para afirmar que la sociedad no sabe hacia d\u00f3nde va.<\/p>\n<p>Pero por m\u00e1s que los problemas de \u00edndole pol\u00edtica crecen, la econom\u00eda y los mercados prefieren fijarse en asuntos que merecen m\u00e1s la pena. La reuni\u00f3n de hoy de la OPEP no es una de ellas, pues ya ha quedado demostrado que han perdido mucha de la influencia que llegaron a tener sobre el precio del barril. Pero s\u00ed conviene fijarse en que la confianza de los consumidores de la zona euro mejora de forma lenta y persistente. M\u00e1s o menos lo mismo sucede con los indicadores macro de EEUU, aunque con m\u00e1s altibajos. En todo caso, los que se publicaron ayer, regional de Filadelfia e \u00edndice de indicadores adelantados, son de los que confirman que la actividad se est\u00e1 recuperando de cara al final de a\u00f1o, huracanes aparte.<\/p>\n<p>El punto negativo de la sesi\u00f3n en t\u00e9rminos de mercado fue para China. Standard &amp; Poor\u00b4s rebajaba la calidad crediticia, aunque todav\u00eda dentro del grupo de la A, debido a un problema ya reconocido pero que a medio plazo puede ser extremadamente grave, que no es otro que el crecimiento desmedido del endeudamiento del sector privado.<\/p>\n<p>\u200bBuen fin de semana\u200b.<\/p>\n<p><strong>Am\u00edlcar Barrios Vilallonga<\/strong><br \/>\nDirecci\u00f3n de Inversiones<\/p>\n","protected":false},"excerpt":{"rendered":"<p>El periodo actual de &#8220;entreguerras&#8221; de los mercados vive entre la claridad de la Reserva Federal y la confusi\u00f3n que generan no saber si el BCE va a seguir los pasos de la primera, empezando a retirar unos est\u00edmulos que han acaparado la renta fija de la regi\u00f3n.<\/p>\n","protected":false},"author":4,"featured_media":26891,"comment_status":"open","ping_status":"closed","sticky":false,"template":"","format":"standard","meta":{"_acf_changed":false,"footnotes":""},"categories":[9721],"tags":[508,559,811,1080,1118,2206,2735,4610,5761,6277],"class_list":["post-26890","post","type-post","status-publish","format-standard","has-post-thumbnail","hentry","category-morning-meeting","tag-bancos-centrales","tag-bce","tag-brexit","tag-cataluna","tag-china","tag-eeuu","tag-filadelfia","tag-opep","tag-reserva-federal","tag-standard-poors"],"acf":[],"yoast_head":"<!-- This site is optimized with the Yoast SEO plugin v27.5 - https:\/\/yoast.com\/product\/yoast-seo-wordpress\/ -->\n<title>El brexit sigue encallado<\/title>\n<meta name=\"description\" content=\"Los que eligieron que saliera adelante no terminan de digerir las consecuencias del voto\" \/>\n<meta name=\"robots\" content=\"index, follow, max-snippet:-1, max-image-preview:large, max-video-preview:-1\" \/>\n<link rel=\"canonical\" href=\"https:\/\/www.tressis.com\/ca\/blog\/brexit-sigue-encallado\/\" \/>\n<meta property=\"og:locale\" content=\"ca_ES\" \/>\n<meta property=\"og:type\" content=\"article\" \/>\n<meta property=\"og:title\" content=\"El brexit sigue encallado\" \/>\n<meta property=\"og:description\" content=\"Los que eligieron que saliera adelante no terminan de digerir las consecuencias del voto\" \/>\n<meta property=\"og:url\" content=\"https:\/\/www.tressis.com\/ca\/blog\/brexit-sigue-encallado\/\" \/>\n<meta property=\"og:site_name\" content=\"Tressis\" \/>\n<meta property=\"article:publisher\" content=\"https:\/\/www.facebook.com\/Tressis\/\" \/>\n<meta property=\"article:published_time\" content=\"2017-09-22T08:48:25+00:00\" \/>\n<meta property=\"og:image\" content=\"https:\/\/www.tressis.com\/wp-content\/uploads\/2017\/09\/20170922-mmv.jpg\" \/>\n\t<meta property=\"og:image:width\" content=\"1100\" \/>\n\t<meta property=\"og:image:height\" content=\"487\" \/>\n\t<meta property=\"og:image:type\" content=\"image\/jpeg\" \/>\n<meta name=\"author\" content=\"Lola\" \/>\n<meta name=\"twitter:card\" content=\"summary_large_image\" \/>\n<meta name=\"twitter:creator\" content=\"@TressisSV\" \/>\n<meta name=\"twitter:site\" content=\"@TressisSV\" \/>\n<meta name=\"twitter:label1\" content=\"Escrit per\" \/>\n\t<meta name=\"twitter:data1\" content=\"Lola\" \/>\n\t<meta name=\"twitter:label2\" content=\"Temps estimat de lectura\" \/>\n\t<meta name=\"twitter:data2\" content=\"2 minuts\" \/>\n<script type=\"application\/ld+json\" class=\"yoast-schema-graph\">{\"@context\":\"https:\\\/\\\/schema.org\",\"@graph\":[{\"@type\":\"Article\",\"@id\":\"https:\\\/\\\/www.tressis.com\\\/ca\\\/blog\\\/brexit-sigue-encallado\\\/#article\",\"isPartOf\":{\"@id\":\"https:\\\/\\\/www.tressis.com\\\/ca\\\/blog\\\/brexit-sigue-encallado\\\/\"},\"author\":{\"name\":\"Lola\",\"@id\":\"https:\\\/\\\/www.tressis.com\\\/ca\\\/#\\\/schema\\\/person\\\/b833c1d724d8764920b6d6852c70584e\"},\"headline\":\"El brexit sigue encallado\",\"datePublished\":\"2017-09-22T08:48:25+00:00\",\"mainEntityOfPage\":{\"@id\":\"https:\\\/\\\/www.tressis.com\\\/ca\\\/blog\\\/brexit-sigue-encallado\\\/\"},\"wordCount\":425,\"commentCount\":0,\"publisher\":{\"@id\":\"https:\\\/\\\/www.tressis.com\\\/ca\\\/#organization\"},\"image\":{\"@id\":\"https:\\\/\\\/www.tressis.com\\\/ca\\\/blog\\\/brexit-sigue-encallado\\\/#primaryimage\"},\"thumbnailUrl\":\"https:\\\/\\\/www.tressis.com\\\/wp-content\\\/uploads\\\/2017\\\/09\\\/20170922-mmv.jpg\",\"keywords\":[\"bancos centrales\",\"BCE\",\"Brexit\",\"Catalu\u00f1a\",\"china\",\"EEUU\",\"Filadelfia\",\"OPEP\",\"Reserva Federal\",\"Standard &amp; Poor's\"],\"articleSection\":[\"Morning meeting\"],\"inLanguage\":\"ca\",\"potentialAction\":[{\"@type\":\"CommentAction\",\"name\":\"Comment\",\"target\":[\"https:\\\/\\\/www.tressis.com\\\/ca\\\/blog\\\/brexit-sigue-encallado\\\/#respond\"]}]},{\"@type\":\"WebPage\",\"@id\":\"https:\\\/\\\/www.tressis.com\\\/ca\\\/blog\\\/brexit-sigue-encallado\\\/\",\"url\":\"https:\\\/\\\/www.tressis.com\\\/ca\\\/blog\\\/brexit-sigue-encallado\\\/\",\"name\":\"El brexit sigue encallado\",\"isPartOf\":{\"@id\":\"https:\\\/\\\/www.tressis.com\\\/ca\\\/#website\"},\"primaryImageOfPage\":{\"@id\":\"https:\\\/\\\/www.tressis.com\\\/ca\\\/blog\\\/brexit-sigue-encallado\\\/#primaryimage\"},\"image\":{\"@id\":\"https:\\\/\\\/www.tressis.com\\\/ca\\\/blog\\\/brexit-sigue-encallado\\\/#primaryimage\"},\"thumbnailUrl\":\"https:\\\/\\\/www.tressis.com\\\/wp-content\\\/uploads\\\/2017\\\/09\\\/20170922-mmv.jpg\",\"datePublished\":\"2017-09-22T08:48:25+00:00\",\"description\":\"Los que eligieron que saliera adelante no terminan de digerir las consecuencias del voto\",\"breadcrumb\":{\"@id\":\"https:\\\/\\\/www.tressis.com\\\/ca\\\/blog\\\/brexit-sigue-encallado\\\/#breadcrumb\"},\"inLanguage\":\"ca\",\"potentialAction\":[{\"@type\":\"ReadAction\",\"target\":[\"https:\\\/\\\/www.tressis.com\\\/ca\\\/blog\\\/brexit-sigue-encallado\\\/\"]}]},{\"@type\":\"ImageObject\",\"inLanguage\":\"ca\",\"@id\":\"https:\\\/\\\/www.tressis.com\\\/ca\\\/blog\\\/brexit-sigue-encallado\\\/#primaryimage\",\"url\":\"https:\\\/\\\/www.tressis.com\\\/wp-content\\\/uploads\\\/2017\\\/09\\\/20170922-mmv.jpg\",\"contentUrl\":\"https:\\\/\\\/www.tressis.com\\\/wp-content\\\/uploads\\\/2017\\\/09\\\/20170922-mmv.jpg\",\"width\":1100,\"height\":487,\"caption\":\"El brexit sigue encallado\"},{\"@type\":\"BreadcrumbList\",\"@id\":\"https:\\\/\\\/www.tressis.com\\\/ca\\\/blog\\\/brexit-sigue-encallado\\\/#breadcrumb\",\"itemListElement\":[{\"@type\":\"ListItem\",\"position\":1,\"name\":\"Inicio\",\"item\":\"https:\\\/\\\/www.tressis.com\\\/ca\\\/\"},{\"@type\":\"ListItem\",\"position\":2,\"name\":\"El brexit sigue encallado\"}]},{\"@type\":\"WebSite\",\"@id\":\"https:\\\/\\\/www.tressis.com\\\/ca\\\/#website\",\"url\":\"https:\\\/\\\/www.tressis.com\\\/ca\\\/\",\"name\":\"Tressis banca privada\",\"description\":\"Tressis | Planificaci\u00f3n financiera y gesti\u00f3n de patrimonios\",\"publisher\":{\"@id\":\"https:\\\/\\\/www.tressis.com\\\/ca\\\/#organization\"},\"potentialAction\":[{\"@type\":\"SearchAction\",\"target\":{\"@type\":\"EntryPoint\",\"urlTemplate\":\"https:\\\/\\\/www.tressis.com\\\/ca\\\/?s={search_term_string}\"},\"query-input\":{\"@type\":\"PropertyValueSpecification\",\"valueRequired\":true,\"valueName\":\"search_term_string\"}}],\"inLanguage\":\"ca\"},{\"@type\":\"Organization\",\"@id\":\"https:\\\/\\\/www.tressis.com\\\/ca\\\/#organization\",\"name\":\"Tressis\",\"url\":\"https:\\\/\\\/www.tressis.com\\\/ca\\\/\",\"logo\":{\"@type\":\"ImageObject\",\"inLanguage\":\"ca\",\"@id\":\"https:\\\/\\\/www.tressis.com\\\/ca\\\/#\\\/schema\\\/logo\\\/image\\\/\",\"url\":\"https:\\\/\\\/www.tressis.com\\\/wp-content\\\/uploads\\\/2025\\\/06\\\/logo-tressis-112.png\",\"contentUrl\":\"https:\\\/\\\/www.tressis.com\\\/wp-content\\\/uploads\\\/2025\\\/06\\\/logo-tressis-112.png\",\"width\":112,\"height\":112,\"caption\":\"Tressis\"},\"image\":{\"@id\":\"https:\\\/\\\/www.tressis.com\\\/ca\\\/#\\\/schema\\\/logo\\\/image\\\/\"},\"sameAs\":[\"https:\\\/\\\/www.facebook.com\\\/Tressis\\\/\",\"https:\\\/\\\/x.com\\\/TressisSV\",\"https:\\\/\\\/www.instagram.com\\\/tressissv\\\/?hl=es\",\"https:\\\/\\\/linkedin.com\\\/company\\\/tressis\\\/\",\"https:\\\/\\\/www.youtube.com\\\/user\\\/tressissv\",\"https:\\\/\\\/open.spotify.com\\\/show\\\/3jmTe1Nf0wqMILl7diWV6h?si=d7112519f13c4593&nd=1\"]},{\"@type\":\"Person\",\"@id\":\"https:\\\/\\\/www.tressis.com\\\/ca\\\/#\\\/schema\\\/person\\\/b833c1d724d8764920b6d6852c70584e\",\"name\":\"Lola\",\"image\":{\"@type\":\"ImageObject\",\"inLanguage\":\"ca\",\"@id\":\"https:\\\/\\\/secure.gravatar.com\\\/avatar\\\/05e646486b23ff45df9649110609c7e31b8c4a3e2821caa23d6317f405e0c51d?s=96&d=mm&r=g\",\"url\":\"https:\\\/\\\/secure.gravatar.com\\\/avatar\\\/05e646486b23ff45df9649110609c7e31b8c4a3e2821caa23d6317f405e0c51d?s=96&d=mm&r=g\",\"contentUrl\":\"https:\\\/\\\/secure.gravatar.com\\\/avatar\\\/05e646486b23ff45df9649110609c7e31b8c4a3e2821caa23d6317f405e0c51d?s=96&d=mm&r=g\",\"caption\":\"Lola\"}}]}<\/script>\n<!-- \/ Yoast SEO plugin. -->","yoast_head_json":{"title":"El brexit sigue encallado","description":"Los que eligieron que saliera adelante no terminan de digerir las consecuencias del voto","robots":{"index":"index","follow":"follow","max-snippet":"max-snippet:-1","max-image-preview":"max-image-preview:large","max-video-preview":"max-video-preview:-1"},"canonical":"https:\/\/www.tressis.com\/ca\/blog\/brexit-sigue-encallado\/","og_locale":"ca_ES","og_type":"article","og_title":"El brexit sigue encallado","og_description":"Los que eligieron que saliera adelante no terminan de digerir las consecuencias del voto","og_url":"https:\/\/www.tressis.com\/ca\/blog\/brexit-sigue-encallado\/","og_site_name":"Tressis","article_publisher":"https:\/\/www.facebook.com\/Tressis\/","article_published_time":"2017-09-22T08:48:25+00:00","og_image":[{"width":1100,"height":487,"url":"https:\/\/www.tressis.com\/wp-content\/uploads\/2017\/09\/20170922-mmv.jpg","type":"image\/jpeg"}],"author":"Lola","twitter_card":"summary_large_image","twitter_creator":"@TressisSV","twitter_site":"@TressisSV","twitter_misc":{"Escrit per":"Lola","Temps estimat de lectura":"2 minuts"},"schema":{"@context":"https:\/\/schema.org","@graph":[{"@type":"Article","@id":"https:\/\/www.tressis.com\/ca\/blog\/brexit-sigue-encallado\/#article","isPartOf":{"@id":"https:\/\/www.tressis.com\/ca\/blog\/brexit-sigue-encallado\/"},"author":{"name":"Lola","@id":"https:\/\/www.tressis.com\/ca\/#\/schema\/person\/b833c1d724d8764920b6d6852c70584e"},"headline":"El brexit sigue encallado","datePublished":"2017-09-22T08:48:25+00:00","mainEntityOfPage":{"@id":"https:\/\/www.tressis.com\/ca\/blog\/brexit-sigue-encallado\/"},"wordCount":425,"commentCount":0,"publisher":{"@id":"https:\/\/www.tressis.com\/ca\/#organization"},"image":{"@id":"https:\/\/www.tressis.com\/ca\/blog\/brexit-sigue-encallado\/#primaryimage"},"thumbnailUrl":"https:\/\/www.tressis.com\/wp-content\/uploads\/2017\/09\/20170922-mmv.jpg","keywords":["bancos centrales","BCE","Brexit","Catalu\u00f1a","china","EEUU","Filadelfia","OPEP","Reserva Federal","Standard &amp; Poor's"],"articleSection":["Morning meeting"],"inLanguage":"ca","potentialAction":[{"@type":"CommentAction","name":"Comment","target":["https:\/\/www.tressis.com\/ca\/blog\/brexit-sigue-encallado\/#respond"]}]},{"@type":"WebPage","@id":"https:\/\/www.tressis.com\/ca\/blog\/brexit-sigue-encallado\/","url":"https:\/\/www.tressis.com\/ca\/blog\/brexit-sigue-encallado\/","name":"El brexit sigue encallado","isPartOf":{"@id":"https:\/\/www.tressis.com\/ca\/#website"},"primaryImageOfPage":{"@id":"https:\/\/www.tressis.com\/ca\/blog\/brexit-sigue-encallado\/#primaryimage"},"image":{"@id":"https:\/\/www.tressis.com\/ca\/blog\/brexit-sigue-encallado\/#primaryimage"},"thumbnailUrl":"https:\/\/www.tressis.com\/wp-content\/uploads\/2017\/09\/20170922-mmv.jpg","datePublished":"2017-09-22T08:48:25+00:00","description":"Los que eligieron que saliera adelante no terminan de digerir las consecuencias del voto","breadcrumb":{"@id":"https:\/\/www.tressis.com\/ca\/blog\/brexit-sigue-encallado\/#breadcrumb"},"inLanguage":"ca","potentialAction":[{"@type":"ReadAction","target":["https:\/\/www.tressis.com\/ca\/blog\/brexit-sigue-encallado\/"]}]},{"@type":"ImageObject","inLanguage":"ca","@id":"https:\/\/www.tressis.com\/ca\/blog\/brexit-sigue-encallado\/#primaryimage","url":"https:\/\/www.tressis.com\/wp-content\/uploads\/2017\/09\/20170922-mmv.jpg","contentUrl":"https:\/\/www.tressis.com\/wp-content\/uploads\/2017\/09\/20170922-mmv.jpg","width":1100,"height":487,"caption":"El brexit sigue encallado"},{"@type":"BreadcrumbList","@id":"https:\/\/www.tressis.com\/ca\/blog\/brexit-sigue-encallado\/#breadcrumb","itemListElement":[{"@type":"ListItem","position":1,"name":"Inicio","item":"https:\/\/www.tressis.com\/ca\/"},{"@type":"ListItem","position":2,"name":"El brexit sigue encallado"}]},{"@type":"WebSite","@id":"https:\/\/www.tressis.com\/ca\/#website","url":"https:\/\/www.tressis.com\/ca\/","name":"Tressis banca privada","description":"Tressis | Planificaci\u00f3n financiera y gesti\u00f3n de patrimonios","publisher":{"@id":"https:\/\/www.tressis.com\/ca\/#organization"},"potentialAction":[{"@type":"SearchAction","target":{"@type":"EntryPoint","urlTemplate":"https:\/\/www.tressis.com\/ca\/?s={search_term_string}"},"query-input":{"@type":"PropertyValueSpecification","valueRequired":true,"valueName":"search_term_string"}}],"inLanguage":"ca"},{"@type":"Organization","@id":"https:\/\/www.tressis.com\/ca\/#organization","name":"Tressis","url":"https:\/\/www.tressis.com\/ca\/","logo":{"@type":"ImageObject","inLanguage":"ca","@id":"https:\/\/www.tressis.com\/ca\/#\/schema\/logo\/image\/","url":"https:\/\/www.tressis.com\/wp-content\/uploads\/2025\/06\/logo-tressis-112.png","contentUrl":"https:\/\/www.tressis.com\/wp-content\/uploads\/2025\/06\/logo-tressis-112.png","width":112,"height":112,"caption":"Tressis"},"image":{"@id":"https:\/\/www.tressis.com\/ca\/#\/schema\/logo\/image\/"},"sameAs":["https:\/\/www.facebook.com\/Tressis\/","https:\/\/x.com\/TressisSV","https:\/\/www.instagram.com\/tressissv\/?hl=es","https:\/\/linkedin.com\/company\/tressis\/","https:\/\/www.youtube.com\/user\/tressissv","https:\/\/open.spotify.com\/show\/3jmTe1Nf0wqMILl7diWV6h?si=d7112519f13c4593&nd=1"]},{"@type":"Person","@id":"https:\/\/www.tressis.com\/ca\/#\/schema\/person\/b833c1d724d8764920b6d6852c70584e","name":"Lola","image":{"@type":"ImageObject","inLanguage":"ca","@id":"https:\/\/secure.gravatar.com\/avatar\/05e646486b23ff45df9649110609c7e31b8c4a3e2821caa23d6317f405e0c51d?s=96&d=mm&r=g","url":"https:\/\/secure.gravatar.com\/avatar\/05e646486b23ff45df9649110609c7e31b8c4a3e2821caa23d6317f405e0c51d?s=96&d=mm&r=g","contentUrl":"https:\/\/secure.gravatar.com\/avatar\/05e646486b23ff45df9649110609c7e31b8c4a3e2821caa23d6317f405e0c51d?s=96&d=mm&r=g","caption":"Lola"}}]}},"_links":{"self":[{"href":"https:\/\/www.tressis.com\/ca\/wp-json\/wp\/v2\/posts\/26890","targetHints":{"allow":["GET"]}}],"collection":[{"href":"https:\/\/www.tressis.com\/ca\/wp-json\/wp\/v2\/posts"}],"about":[{"href":"https:\/\/www.tressis.com\/ca\/wp-json\/wp\/v2\/types\/post"}],"author":[{"embeddable":true,"href":"https:\/\/www.tressis.com\/ca\/wp-json\/wp\/v2\/users\/4"}],"replies":[{"embeddable":true,"href":"https:\/\/www.tressis.com\/ca\/wp-json\/wp\/v2\/comments?post=26890"}],"version-history":[{"count":0,"href":"https:\/\/www.tressis.com\/ca\/wp-json\/wp\/v2\/posts\/26890\/revisions"}],"wp:featuredmedia":[{"embeddable":true,"href":"https:\/\/www.tressis.com\/ca\/wp-json\/wp\/v2\/media\/26891"}],"wp:attachment":[{"href":"https:\/\/www.tressis.com\/ca\/wp-json\/wp\/v2\/media?parent=26890"}],"wp:term":[{"taxonomy":"category","embeddable":true,"href":"https:\/\/www.tressis.com\/ca\/wp-json\/wp\/v2\/categories?post=26890"},{"taxonomy":"post_tag","embeddable":true,"href":"https:\/\/www.tressis.com\/ca\/wp-json\/wp\/v2\/tags?post=26890"}],"curies":[{"name":"wp","href":"https:\/\/api.w.org\/{rel}","templated":true}]}}