{"id":26603,"date":"2017-08-25T10:51:23","date_gmt":"2017-08-25T08:51:23","guid":{"rendered":"http:\/\/www.tressis.com\/blog\/?p=26603"},"modified":"2017-08-25T10:51:23","modified_gmt":"2017-08-25T08:51:23","slug":"valle-recondito-wyoming","status":"publish","type":"post","link":"https:\/\/www.tressis.com\/ca\/blog\/valle-recondito-wyoming\/","title":{"rendered":"En un valle rec\u00f3ndito de Wyoming&#8230;"},"content":{"rendered":"<p>Hoy tenemos las conclusiones del evento m\u00e1s importante del mes, o eso es, por lo menos, lo que opinan las mesas de <i>trading<\/i> de medio mundo tras haber pasado un verano aburrido y falto de volumen de contrataci\u00f3n.<!--more--><\/p>\n<p>En un valle rec\u00f3ndito de Wyoming y resguardado por las monta\u00f1as rocosas, los banqueros, economistas y doctores m\u00e1s influyentes del mundo se re\u00fanen para discutir sobre inflaci\u00f3n, comercio, mercado laboral, etc. M\u00e1s de 150 autores de estudios y 350 conferenciantes que moldean el contenido de los libros de econom\u00eda que estudian los j\u00f3venes de hoy en d\u00eda. <\/p>\n<p>Pero eso parece que da igual. El mundo sintonizar\u00e1 Bloomberg TV durante poco m\u00e1s de una hora para estar atento al discurso que dar\u00e1n tanto Draghi como Yellen, y al turno de preguntas en el que seguro saldr\u00e1n cuestiones como &#8220;\u00bfhabr\u00e1 una nueva subida de tipos por parte de la Fed antes de final de a\u00f1o?&#8221; o &#8220;\u00bfreducir\u00e1 el BCE el balance a partir de octubre?&#8221;.<\/p>\n<p>La sesi\u00f3n de ayer dio muestra de lo que estamos contando: poco volumen y escasas variaciones en los \u00edndices; y en el plano macro, lo m\u00e1s relevante fue el dato de venta de viviendas de segunda mano en EEUU, que decepcion\u00f3 (5,44 millones vs. 5,57 esperados).<\/p>\n<p>Buen fin de semana.<\/p>\n<p><strong>Pablo Nortes Planas<\/strong><br \/>\nDirecci\u00f3n de Inversiones<\/p>\n","protected":false},"excerpt":{"rendered":"<p>Hoy tenemos las conclusiones del evento m\u00e1s importante del mes, o eso es, por lo menos, lo que opinan las mesas de trading de medio mundo tras haber pasado un verano aburrido y falto de volumen de contrataci\u00f3n.<\/p>\n","protected":false},"author":4,"featured_media":26604,"comment_status":"open","ping_status":"closed","sticky":false,"template":"","format":"standard","meta":{"_acf_changed":false,"footnotes":""},"categories":[9721],"tags":[559,1230,2129,2206,2720,3397,3453,4168,4961,6326,6968,6976],"class_list":["post-26603","post","type-post","status-publish","format-standard","has-post-thumbnail","hentry","category-morning-meeting","tag-bce","tag-comercio","tag-draghi","tag-eeuu","tag-fed","tag-indices","tag-inflacion","tag-mercado-laboral","tag-poco-volumen","tag-subida-de-tipos","tag-wyoming","tag-yellen"],"acf":[],"yoast_head":"<!-- This site is optimized with the Yoast SEO plugin v27.5 - https:\/\/yoast.com\/product\/yoast-seo-wordpress\/ -->\n<title>En un valle rec\u00f3ndito de Wyoming...<\/title>\n<meta name=\"description\" content=\"Durante poco m\u00e1s de una hora todos estaremos atentos al discurso que dar\u00e1n tanto Mario Draghi como Janet Yellen y daremos nuestra opini\u00f3n al respecto\" \/>\n<meta name=\"robots\" content=\"index, follow, max-snippet:-1, max-image-preview:large, max-video-preview:-1\" \/>\n<link rel=\"canonical\" href=\"https:\/\/www.tressis.com\/ca\/blog\/valle-recondito-wyoming\/\" \/>\n<meta property=\"og:locale\" content=\"ca_ES\" \/>\n<meta property=\"og:type\" content=\"article\" \/>\n<meta property=\"og:title\" content=\"En un valle rec\u00f3ndito de Wyoming...\" \/>\n<meta property=\"og:description\" content=\"Durante poco m\u00e1s de una hora todos estaremos atentos al discurso que dar\u00e1n tanto Mario Draghi como Janet Yellen y daremos nuestra opini\u00f3n al respecto\" \/>\n<meta property=\"og:url\" content=\"https:\/\/www.tressis.com\/ca\/blog\/valle-recondito-wyoming\/\" \/>\n<meta property=\"og:site_name\" content=\"Tressis\" \/>\n<meta property=\"article:publisher\" content=\"https:\/\/www.facebook.com\/Tressis\/\" \/>\n<meta property=\"article:published_time\" content=\"2017-08-25T08:51:23+00:00\" \/>\n<meta property=\"og:image\" content=\"https:\/\/www.tressis.com\/wp-content\/uploads\/2017\/08\/20170825-mmv.jpg\" \/>\n\t<meta property=\"og:image:width\" content=\"1100\" \/>\n\t<meta property=\"og:image:height\" content=\"487\" \/>\n\t<meta property=\"og:image:type\" content=\"image\/jpeg\" \/>\n<meta name=\"author\" content=\"Lola\" \/>\n<meta name=\"twitter:card\" content=\"summary_large_image\" \/>\n<meta name=\"twitter:creator\" content=\"@TressisSV\" \/>\n<meta name=\"twitter:site\" content=\"@TressisSV\" \/>\n<meta name=\"twitter:label1\" content=\"Escrit per\" \/>\n\t<meta name=\"twitter:data1\" content=\"Lola\" \/>\n\t<meta name=\"twitter:label2\" content=\"Temps estimat de lectura\" \/>\n\t<meta name=\"twitter:data2\" content=\"1 minut\" \/>\n<script type=\"application\/ld+json\" class=\"yoast-schema-graph\">{\"@context\":\"https:\\\/\\\/schema.org\",\"@graph\":[{\"@type\":\"Article\",\"@id\":\"https:\\\/\\\/www.tressis.com\\\/ca\\\/blog\\\/valle-recondito-wyoming\\\/#article\",\"isPartOf\":{\"@id\":\"https:\\\/\\\/www.tressis.com\\\/ca\\\/blog\\\/valle-recondito-wyoming\\\/\"},\"author\":{\"name\":\"Lola\",\"@id\":\"https:\\\/\\\/www.tressis.com\\\/ca\\\/#\\\/schema\\\/person\\\/b833c1d724d8764920b6d6852c70584e\"},\"headline\":\"En un valle rec\u00f3ndito de Wyoming&#8230;\",\"datePublished\":\"2017-08-25T08:51:23+00:00\",\"mainEntityOfPage\":{\"@id\":\"https:\\\/\\\/www.tressis.com\\\/ca\\\/blog\\\/valle-recondito-wyoming\\\/\"},\"wordCount\":238,\"commentCount\":0,\"publisher\":{\"@id\":\"https:\\\/\\\/www.tressis.com\\\/ca\\\/#organization\"},\"image\":{\"@id\":\"https:\\\/\\\/www.tressis.com\\\/ca\\\/blog\\\/valle-recondito-wyoming\\\/#primaryimage\"},\"thumbnailUrl\":\"https:\\\/\\\/www.tressis.com\\\/wp-content\\\/uploads\\\/2017\\\/08\\\/20170825-mmv.jpg\",\"keywords\":[\"BCE\",\"comercio\",\"draghi\",\"EEUU\",\"fed\",\"\u00edndices\",\"inflaci\u00f3n\",\"mercado laboral\",\"poco volumen\",\"subida de tipos\",\"Wyoming\",\"yellen\"],\"articleSection\":[\"Morning meeting\"],\"inLanguage\":\"ca\",\"potentialAction\":[{\"@type\":\"CommentAction\",\"name\":\"Comment\",\"target\":[\"https:\\\/\\\/www.tressis.com\\\/ca\\\/blog\\\/valle-recondito-wyoming\\\/#respond\"]}]},{\"@type\":\"WebPage\",\"@id\":\"https:\\\/\\\/www.tressis.com\\\/ca\\\/blog\\\/valle-recondito-wyoming\\\/\",\"url\":\"https:\\\/\\\/www.tressis.com\\\/ca\\\/blog\\\/valle-recondito-wyoming\\\/\",\"name\":\"En un valle rec\u00f3ndito de Wyoming...\",\"isPartOf\":{\"@id\":\"https:\\\/\\\/www.tressis.com\\\/ca\\\/#website\"},\"primaryImageOfPage\":{\"@id\":\"https:\\\/\\\/www.tressis.com\\\/ca\\\/blog\\\/valle-recondito-wyoming\\\/#primaryimage\"},\"image\":{\"@id\":\"https:\\\/\\\/www.tressis.com\\\/ca\\\/blog\\\/valle-recondito-wyoming\\\/#primaryimage\"},\"thumbnailUrl\":\"https:\\\/\\\/www.tressis.com\\\/wp-content\\\/uploads\\\/2017\\\/08\\\/20170825-mmv.jpg\",\"datePublished\":\"2017-08-25T08:51:23+00:00\",\"description\":\"Durante poco m\u00e1s de una hora todos estaremos atentos al discurso que dar\u00e1n tanto Mario Draghi como Janet Yellen y daremos nuestra opini\u00f3n al respecto\",\"breadcrumb\":{\"@id\":\"https:\\\/\\\/www.tressis.com\\\/ca\\\/blog\\\/valle-recondito-wyoming\\\/#breadcrumb\"},\"inLanguage\":\"ca\",\"potentialAction\":[{\"@type\":\"ReadAction\",\"target\":[\"https:\\\/\\\/www.tressis.com\\\/ca\\\/blog\\\/valle-recondito-wyoming\\\/\"]}]},{\"@type\":\"ImageObject\",\"inLanguage\":\"ca\",\"@id\":\"https:\\\/\\\/www.tressis.com\\\/ca\\\/blog\\\/valle-recondito-wyoming\\\/#primaryimage\",\"url\":\"https:\\\/\\\/www.tressis.com\\\/wp-content\\\/uploads\\\/2017\\\/08\\\/20170825-mmv.jpg\",\"contentUrl\":\"https:\\\/\\\/www.tressis.com\\\/wp-content\\\/uploads\\\/2017\\\/08\\\/20170825-mmv.jpg\",\"width\":1100,\"height\":487,\"caption\":\"En un valle rec\u00f3ndito de Wyoming...\"},{\"@type\":\"BreadcrumbList\",\"@id\":\"https:\\\/\\\/www.tressis.com\\\/ca\\\/blog\\\/valle-recondito-wyoming\\\/#breadcrumb\",\"itemListElement\":[{\"@type\":\"ListItem\",\"position\":1,\"name\":\"Inicio\",\"item\":\"https:\\\/\\\/www.tressis.com\\\/ca\\\/\"},{\"@type\":\"ListItem\",\"position\":2,\"name\":\"En un valle rec\u00f3ndito de Wyoming&#8230;\"}]},{\"@type\":\"WebSite\",\"@id\":\"https:\\\/\\\/www.tressis.com\\\/ca\\\/#website\",\"url\":\"https:\\\/\\\/www.tressis.com\\\/ca\\\/\",\"name\":\"Tressis banca privada\",\"description\":\"Tressis | Planificaci\u00f3n financiera y gesti\u00f3n de patrimonios\",\"publisher\":{\"@id\":\"https:\\\/\\\/www.tressis.com\\\/ca\\\/#organization\"},\"potentialAction\":[{\"@type\":\"SearchAction\",\"target\":{\"@type\":\"EntryPoint\",\"urlTemplate\":\"https:\\\/\\\/www.tressis.com\\\/ca\\\/?s={search_term_string}\"},\"query-input\":{\"@type\":\"PropertyValueSpecification\",\"valueRequired\":true,\"valueName\":\"search_term_string\"}}],\"inLanguage\":\"ca\"},{\"@type\":\"Organization\",\"@id\":\"https:\\\/\\\/www.tressis.com\\\/ca\\\/#organization\",\"name\":\"Tressis\",\"url\":\"https:\\\/\\\/www.tressis.com\\\/ca\\\/\",\"logo\":{\"@type\":\"ImageObject\",\"inLanguage\":\"ca\",\"@id\":\"https:\\\/\\\/www.tressis.com\\\/ca\\\/#\\\/schema\\\/logo\\\/image\\\/\",\"url\":\"https:\\\/\\\/www.tressis.com\\\/wp-content\\\/uploads\\\/2025\\\/06\\\/logo-tressis-112.png\",\"contentUrl\":\"https:\\\/\\\/www.tressis.com\\\/wp-content\\\/uploads\\\/2025\\\/06\\\/logo-tressis-112.png\",\"width\":112,\"height\":112,\"caption\":\"Tressis\"},\"image\":{\"@id\":\"https:\\\/\\\/www.tressis.com\\\/ca\\\/#\\\/schema\\\/logo\\\/image\\\/\"},\"sameAs\":[\"https:\\\/\\\/www.facebook.com\\\/Tressis\\\/\",\"https:\\\/\\\/x.com\\\/TressisSV\",\"https:\\\/\\\/www.instagram.com\\\/tressissv\\\/?hl=es\",\"https:\\\/\\\/linkedin.com\\\/company\\\/tressis\\\/\",\"https:\\\/\\\/www.youtube.com\\\/user\\\/tressissv\",\"https:\\\/\\\/open.spotify.com\\\/show\\\/3jmTe1Nf0wqMILl7diWV6h?si=d7112519f13c4593&nd=1\"]},{\"@type\":\"Person\",\"@id\":\"https:\\\/\\\/www.tressis.com\\\/ca\\\/#\\\/schema\\\/person\\\/b833c1d724d8764920b6d6852c70584e\",\"name\":\"Lola\",\"image\":{\"@type\":\"ImageObject\",\"inLanguage\":\"ca\",\"@id\":\"https:\\\/\\\/secure.gravatar.com\\\/avatar\\\/05e646486b23ff45df9649110609c7e31b8c4a3e2821caa23d6317f405e0c51d?s=96&d=mm&r=g\",\"url\":\"https:\\\/\\\/secure.gravatar.com\\\/avatar\\\/05e646486b23ff45df9649110609c7e31b8c4a3e2821caa23d6317f405e0c51d?s=96&d=mm&r=g\",\"contentUrl\":\"https:\\\/\\\/secure.gravatar.com\\\/avatar\\\/05e646486b23ff45df9649110609c7e31b8c4a3e2821caa23d6317f405e0c51d?s=96&d=mm&r=g\",\"caption\":\"Lola\"}}]}<\/script>\n<!-- \/ Yoast SEO plugin. -->","yoast_head_json":{"title":"En un valle rec\u00f3ndito de Wyoming...","description":"Durante poco m\u00e1s de una hora todos estaremos atentos al discurso que dar\u00e1n tanto Mario Draghi como Janet Yellen y daremos nuestra opini\u00f3n al respecto","robots":{"index":"index","follow":"follow","max-snippet":"max-snippet:-1","max-image-preview":"max-image-preview:large","max-video-preview":"max-video-preview:-1"},"canonical":"https:\/\/www.tressis.com\/ca\/blog\/valle-recondito-wyoming\/","og_locale":"ca_ES","og_type":"article","og_title":"En un valle rec\u00f3ndito de Wyoming...","og_description":"Durante poco m\u00e1s de una hora todos estaremos atentos al discurso que dar\u00e1n tanto Mario Draghi como Janet Yellen y daremos nuestra opini\u00f3n al respecto","og_url":"https:\/\/www.tressis.com\/ca\/blog\/valle-recondito-wyoming\/","og_site_name":"Tressis","article_publisher":"https:\/\/www.facebook.com\/Tressis\/","article_published_time":"2017-08-25T08:51:23+00:00","og_image":[{"width":1100,"height":487,"url":"https:\/\/www.tressis.com\/wp-content\/uploads\/2017\/08\/20170825-mmv.jpg","type":"image\/jpeg"}],"author":"Lola","twitter_card":"summary_large_image","twitter_creator":"@TressisSV","twitter_site":"@TressisSV","twitter_misc":{"Escrit per":"Lola","Temps estimat de lectura":"1 minut"},"schema":{"@context":"https:\/\/schema.org","@graph":[{"@type":"Article","@id":"https:\/\/www.tressis.com\/ca\/blog\/valle-recondito-wyoming\/#article","isPartOf":{"@id":"https:\/\/www.tressis.com\/ca\/blog\/valle-recondito-wyoming\/"},"author":{"name":"Lola","@id":"https:\/\/www.tressis.com\/ca\/#\/schema\/person\/b833c1d724d8764920b6d6852c70584e"},"headline":"En un valle rec\u00f3ndito de Wyoming&#8230;","datePublished":"2017-08-25T08:51:23+00:00","mainEntityOfPage":{"@id":"https:\/\/www.tressis.com\/ca\/blog\/valle-recondito-wyoming\/"},"wordCount":238,"commentCount":0,"publisher":{"@id":"https:\/\/www.tressis.com\/ca\/#organization"},"image":{"@id":"https:\/\/www.tressis.com\/ca\/blog\/valle-recondito-wyoming\/#primaryimage"},"thumbnailUrl":"https:\/\/www.tressis.com\/wp-content\/uploads\/2017\/08\/20170825-mmv.jpg","keywords":["BCE","comercio","draghi","EEUU","fed","\u00edndices","inflaci\u00f3n","mercado laboral","poco volumen","subida de tipos","Wyoming","yellen"],"articleSection":["Morning meeting"],"inLanguage":"ca","potentialAction":[{"@type":"CommentAction","name":"Comment","target":["https:\/\/www.tressis.com\/ca\/blog\/valle-recondito-wyoming\/#respond"]}]},{"@type":"WebPage","@id":"https:\/\/www.tressis.com\/ca\/blog\/valle-recondito-wyoming\/","url":"https:\/\/www.tressis.com\/ca\/blog\/valle-recondito-wyoming\/","name":"En un valle rec\u00f3ndito de Wyoming...","isPartOf":{"@id":"https:\/\/www.tressis.com\/ca\/#website"},"primaryImageOfPage":{"@id":"https:\/\/www.tressis.com\/ca\/blog\/valle-recondito-wyoming\/#primaryimage"},"image":{"@id":"https:\/\/www.tressis.com\/ca\/blog\/valle-recondito-wyoming\/#primaryimage"},"thumbnailUrl":"https:\/\/www.tressis.com\/wp-content\/uploads\/2017\/08\/20170825-mmv.jpg","datePublished":"2017-08-25T08:51:23+00:00","description":"Durante poco m\u00e1s de una hora todos estaremos atentos al discurso que dar\u00e1n tanto Mario Draghi como Janet Yellen y daremos nuestra opini\u00f3n al respecto","breadcrumb":{"@id":"https:\/\/www.tressis.com\/ca\/blog\/valle-recondito-wyoming\/#breadcrumb"},"inLanguage":"ca","potentialAction":[{"@type":"ReadAction","target":["https:\/\/www.tressis.com\/ca\/blog\/valle-recondito-wyoming\/"]}]},{"@type":"ImageObject","inLanguage":"ca","@id":"https:\/\/www.tressis.com\/ca\/blog\/valle-recondito-wyoming\/#primaryimage","url":"https:\/\/www.tressis.com\/wp-content\/uploads\/2017\/08\/20170825-mmv.jpg","contentUrl":"https:\/\/www.tressis.com\/wp-content\/uploads\/2017\/08\/20170825-mmv.jpg","width":1100,"height":487,"caption":"En un valle rec\u00f3ndito de Wyoming..."},{"@type":"BreadcrumbList","@id":"https:\/\/www.tressis.com\/ca\/blog\/valle-recondito-wyoming\/#breadcrumb","itemListElement":[{"@type":"ListItem","position":1,"name":"Inicio","item":"https:\/\/www.tressis.com\/ca\/"},{"@type":"ListItem","position":2,"name":"En un valle rec\u00f3ndito de Wyoming&#8230;"}]},{"@type":"WebSite","@id":"https:\/\/www.tressis.com\/ca\/#website","url":"https:\/\/www.tressis.com\/ca\/","name":"Tressis banca privada","description":"Tressis | Planificaci\u00f3n financiera y gesti\u00f3n de patrimonios","publisher":{"@id":"https:\/\/www.tressis.com\/ca\/#organization"},"potentialAction":[{"@type":"SearchAction","target":{"@type":"EntryPoint","urlTemplate":"https:\/\/www.tressis.com\/ca\/?s={search_term_string}"},"query-input":{"@type":"PropertyValueSpecification","valueRequired":true,"valueName":"search_term_string"}}],"inLanguage":"ca"},{"@type":"Organization","@id":"https:\/\/www.tressis.com\/ca\/#organization","name":"Tressis","url":"https:\/\/www.tressis.com\/ca\/","logo":{"@type":"ImageObject","inLanguage":"ca","@id":"https:\/\/www.tressis.com\/ca\/#\/schema\/logo\/image\/","url":"https:\/\/www.tressis.com\/wp-content\/uploads\/2025\/06\/logo-tressis-112.png","contentUrl":"https:\/\/www.tressis.com\/wp-content\/uploads\/2025\/06\/logo-tressis-112.png","width":112,"height":112,"caption":"Tressis"},"image":{"@id":"https:\/\/www.tressis.com\/ca\/#\/schema\/logo\/image\/"},"sameAs":["https:\/\/www.facebook.com\/Tressis\/","https:\/\/x.com\/TressisSV","https:\/\/www.instagram.com\/tressissv\/?hl=es","https:\/\/linkedin.com\/company\/tressis\/","https:\/\/www.youtube.com\/user\/tressissv","https:\/\/open.spotify.com\/show\/3jmTe1Nf0wqMILl7diWV6h?si=d7112519f13c4593&nd=1"]},{"@type":"Person","@id":"https:\/\/www.tressis.com\/ca\/#\/schema\/person\/b833c1d724d8764920b6d6852c70584e","name":"Lola","image":{"@type":"ImageObject","inLanguage":"ca","@id":"https:\/\/secure.gravatar.com\/avatar\/05e646486b23ff45df9649110609c7e31b8c4a3e2821caa23d6317f405e0c51d?s=96&d=mm&r=g","url":"https:\/\/secure.gravatar.com\/avatar\/05e646486b23ff45df9649110609c7e31b8c4a3e2821caa23d6317f405e0c51d?s=96&d=mm&r=g","contentUrl":"https:\/\/secure.gravatar.com\/avatar\/05e646486b23ff45df9649110609c7e31b8c4a3e2821caa23d6317f405e0c51d?s=96&d=mm&r=g","caption":"Lola"}}]}},"_links":{"self":[{"href":"https:\/\/www.tressis.com\/ca\/wp-json\/wp\/v2\/posts\/26603","targetHints":{"allow":["GET"]}}],"collection":[{"href":"https:\/\/www.tressis.com\/ca\/wp-json\/wp\/v2\/posts"}],"about":[{"href":"https:\/\/www.tressis.com\/ca\/wp-json\/wp\/v2\/types\/post"}],"author":[{"embeddable":true,"href":"https:\/\/www.tressis.com\/ca\/wp-json\/wp\/v2\/users\/4"}],"replies":[{"embeddable":true,"href":"https:\/\/www.tressis.com\/ca\/wp-json\/wp\/v2\/comments?post=26603"}],"version-history":[{"count":0,"href":"https:\/\/www.tressis.com\/ca\/wp-json\/wp\/v2\/posts\/26603\/revisions"}],"wp:featuredmedia":[{"embeddable":true,"href":"https:\/\/www.tressis.com\/ca\/wp-json\/wp\/v2\/media\/26604"}],"wp:attachment":[{"href":"https:\/\/www.tressis.com\/ca\/wp-json\/wp\/v2\/media?parent=26603"}],"wp:term":[{"taxonomy":"category","embeddable":true,"href":"https:\/\/www.tressis.com\/ca\/wp-json\/wp\/v2\/categories?post=26603"},{"taxonomy":"post_tag","embeddable":true,"href":"https:\/\/www.tressis.com\/ca\/wp-json\/wp\/v2\/tags?post=26603"}],"curies":[{"name":"wp","href":"https:\/\/api.w.org\/{rel}","templated":true}]}}