{"id":26564,"date":"2017-08-17T10:43:14","date_gmt":"2017-08-17T08:43:14","guid":{"rendered":"http:\/\/www.tressis.com\/blog\/?p=26564"},"modified":"2017-08-17T10:43:14","modified_gmt":"2017-08-17T08:43:14","slug":"la-fed-no-descansa","status":"publish","type":"post","link":"https:\/\/www.tressis.com\/ca\/blog\/la-fed-no-descansa\/","title":{"rendered":"La Fed no descansa"},"content":{"rendered":"<p>Aunque el mercado siga, la actividad en el mismo demuestra que agosto no solo es momento de vacaciones en Espa\u00f1a. Y que mejor que los movimientos de ida y vuelta para demostrarlo, tan f\u00e1cil como es pasar del verde al rojo y viceversa.<!--more--><\/p>\n<p>Pero como decimos, esto no para. Las actas de la Fed, por derecho, se convirtieron en el acontecimiento de la sesi\u00f3n, si bien los inversores ya ven\u00edan cotizando lo que pod\u00eda esperarse de ellas. Y es que como se ha venido viendo en las \u00faltimas lecturas, la inflaci\u00f3n ya se ha convertido en un problema para el FOMC, que por culpa de la falta de presiones en precios, vislumbra la posibilidad de posponer esa subida de tipos que apuntaba a final de a\u00f1o. Esto contrasta con el agregado del calendario de indicadores, cuya mejora reciente es manifiesta, a pesar de que como sucedi\u00f3 ayer con los datos de construcci\u00f3n, siempre hay puntos negativos.<\/p>\n<p>Quiz\u00e1s en el pr\u00f3ximo acontecimiento de calado que tiene lugar en Jackson Hole la semana que viene averig\u00fcemos algo m\u00e1s de las verdaderas intenciones de la Reserva Federal. Eso mientras se sigue especulando sobre si Mario Draghi tiene intenci\u00f3n o no de levantar alguna carta en esta mano del QE. De momento las apuestas est\u00e1n del lado del no, sabiendo que la segunda lectura del PIB de la zona euro correspondiente al trimestre pasado, con el crecimiento mayor al esperado, puede hacer una aportaci\u00f3n al comienzo del fin del programa.<\/p>\n<p>El Banco de Inglaterra tambi\u00e9n es el que tiene ante si la papeleta m\u00e1s dif\u00edcil. Es cierto que el paro ha seguido cayendo ya hasta el m\u00ednimo en cuarenta a\u00f1os, algo que contrasta de lleno con el resto de indicadores, cada semana peores en todos los \u00e1mbitos. Y el mercado laboral no se salva de esta quema descontrolada, pues a pesar de que se sigan generando puestos, los salarios reales, que no los nominales, est\u00e1n viendo mermada su capacidad adquisitiva por la voracidad de la inflaci\u00f3n generada a ra\u00edz del desplome de la libra. Pol\u00edtica, que no econom\u00eda.<\/p>\n<p>Buen d\u00eda.<\/p>\n<p><strong>Am\u00edlcar Barrios Vilallonga<\/strong><br \/>\nDirecci\u00f3n de Inversiones<\/p>\n","protected":false},"excerpt":{"rendered":"<p>Aunque el mercado siga, la actividad en el mismo demuestra que agosto no solo es momento de vacaciones en Espa\u00f1a. Y que mejor que los movimientos de ida y vuelta para demostrarlo, tan f\u00e1cil como es pasar del verde al rojo y viceversa.<\/p>\n","protected":false},"author":4,"featured_media":26567,"comment_status":"open","ping_status":"closed","sticky":false,"template":"","format":"standard","meta":{"_acf_changed":false,"footnotes":""},"categories":[9721],"tags":[101,224,488,2446,2720,2792,3352,3708,3973,4168,4856,5313,5761],"class_list":["post-26564","post","type-post","status-publish","format-standard","has-post-thumbnail","hentry","category-morning-meeting","tag-agosto","tag-andres-carrero-blanco","tag-banco-de-inglaterra","tag-espana","tag-fed","tag-fomc","tag-indicadores","tag-jackson-hole","tag-mario-draghi","tag-mercado-laboral","tag-pib","tag-qe","tag-reserva-federal"],"acf":[],"yoast_head":"<!-- This site is optimized with the Yoast SEO plugin v27.4 - https:\/\/yoast.com\/product\/yoast-seo-wordpress\/ -->\n<title>La Fed no descansa<\/title>\n<meta name=\"description\" content=\"Las actas de la Fed se convirtieron en el acontecimiento de la sesi\u00f3n, si bien los inversores ya ven\u00edan cotizando lo que pod\u00eda esperarse de ellas\" \/>\n<meta name=\"robots\" content=\"index, follow, max-snippet:-1, max-image-preview:large, max-video-preview:-1\" \/>\n<link rel=\"canonical\" href=\"https:\/\/www.tressis.com\/ca\/blog\/la-fed-no-descansa\/\" \/>\n<meta property=\"og:locale\" content=\"ca_ES\" \/>\n<meta property=\"og:type\" content=\"article\" \/>\n<meta property=\"og:title\" content=\"La Fed no descansa\" \/>\n<meta property=\"og:description\" content=\"Las actas de la Fed se convirtieron en el acontecimiento de la sesi\u00f3n, si bien los inversores ya ven\u00edan cotizando lo que pod\u00eda esperarse de ellas\" \/>\n<meta property=\"og:url\" content=\"https:\/\/www.tressis.com\/ca\/blog\/la-fed-no-descansa\/\" \/>\n<meta property=\"og:site_name\" content=\"Tressis\" \/>\n<meta property=\"article:publisher\" content=\"https:\/\/www.facebook.com\/Tressis\/\" \/>\n<meta property=\"article:published_time\" content=\"2017-08-17T08:43:14+00:00\" \/>\n<meta property=\"og:image\" content=\"https:\/\/www.tressis.com\/wp-content\/uploads\/2017\/08\/fed.png\" \/>\n\t<meta property=\"og:image:width\" content=\"1100\" \/>\n\t<meta property=\"og:image:height\" content=\"487\" \/>\n\t<meta property=\"og:image:type\" content=\"image\/png\" \/>\n<meta name=\"author\" content=\"Lola\" \/>\n<meta name=\"twitter:card\" content=\"summary_large_image\" \/>\n<meta name=\"twitter:creator\" content=\"@TressisSV\" \/>\n<meta name=\"twitter:site\" content=\"@TressisSV\" \/>\n<meta name=\"twitter:label1\" content=\"Escrit per\" \/>\n\t<meta name=\"twitter:data1\" content=\"Lola\" \/>\n\t<meta name=\"twitter:label2\" content=\"Temps estimat de lectura\" \/>\n\t<meta name=\"twitter:data2\" content=\"2 minuts\" \/>\n<script type=\"application\/ld+json\" class=\"yoast-schema-graph\">{\"@context\":\"https:\\\/\\\/schema.org\",\"@graph\":[{\"@type\":\"Article\",\"@id\":\"https:\\\/\\\/www.tressis.com\\\/ca\\\/blog\\\/la-fed-no-descansa\\\/#article\",\"isPartOf\":{\"@id\":\"https:\\\/\\\/www.tressis.com\\\/ca\\\/blog\\\/la-fed-no-descansa\\\/\"},\"author\":{\"name\":\"Lola\",\"@id\":\"https:\\\/\\\/www.tressis.com\\\/ca\\\/#\\\/schema\\\/person\\\/b833c1d724d8764920b6d6852c70584e\"},\"headline\":\"La Fed no descansa\",\"datePublished\":\"2017-08-17T08:43:14+00:00\",\"mainEntityOfPage\":{\"@id\":\"https:\\\/\\\/www.tressis.com\\\/ca\\\/blog\\\/la-fed-no-descansa\\\/\"},\"wordCount\":384,\"commentCount\":0,\"publisher\":{\"@id\":\"https:\\\/\\\/www.tressis.com\\\/ca\\\/#organization\"},\"image\":{\"@id\":\"https:\\\/\\\/www.tressis.com\\\/ca\\\/blog\\\/la-fed-no-descansa\\\/#primaryimage\"},\"thumbnailUrl\":\"https:\\\/\\\/www.tressis.com\\\/wp-content\\\/uploads\\\/2017\\\/08\\\/fed.png\",\"keywords\":[\"agosto\",\"Andr\u00e9s Carrero Blanco\",\"Banco de Inglaterra\",\"Espa\u00f1a\",\"fed\",\"FOMC\",\"indicadores\",\"Jackson Hole\",\"Mario Draghi\",\"mercado laboral\",\"PIB\",\"QE\",\"Reserva Federal\"],\"articleSection\":[\"Morning meeting\"],\"inLanguage\":\"ca\",\"potentialAction\":[{\"@type\":\"CommentAction\",\"name\":\"Comment\",\"target\":[\"https:\\\/\\\/www.tressis.com\\\/ca\\\/blog\\\/la-fed-no-descansa\\\/#respond\"]}]},{\"@type\":\"WebPage\",\"@id\":\"https:\\\/\\\/www.tressis.com\\\/ca\\\/blog\\\/la-fed-no-descansa\\\/\",\"url\":\"https:\\\/\\\/www.tressis.com\\\/ca\\\/blog\\\/la-fed-no-descansa\\\/\",\"name\":\"La Fed no descansa\",\"isPartOf\":{\"@id\":\"https:\\\/\\\/www.tressis.com\\\/ca\\\/#website\"},\"primaryImageOfPage\":{\"@id\":\"https:\\\/\\\/www.tressis.com\\\/ca\\\/blog\\\/la-fed-no-descansa\\\/#primaryimage\"},\"image\":{\"@id\":\"https:\\\/\\\/www.tressis.com\\\/ca\\\/blog\\\/la-fed-no-descansa\\\/#primaryimage\"},\"thumbnailUrl\":\"https:\\\/\\\/www.tressis.com\\\/wp-content\\\/uploads\\\/2017\\\/08\\\/fed.png\",\"datePublished\":\"2017-08-17T08:43:14+00:00\",\"description\":\"Las actas de la Fed se convirtieron en el acontecimiento de la sesi\u00f3n, si bien los inversores ya ven\u00edan cotizando lo que pod\u00eda esperarse de ellas\",\"breadcrumb\":{\"@id\":\"https:\\\/\\\/www.tressis.com\\\/ca\\\/blog\\\/la-fed-no-descansa\\\/#breadcrumb\"},\"inLanguage\":\"ca\",\"potentialAction\":[{\"@type\":\"ReadAction\",\"target\":[\"https:\\\/\\\/www.tressis.com\\\/ca\\\/blog\\\/la-fed-no-descansa\\\/\"]}]},{\"@type\":\"ImageObject\",\"inLanguage\":\"ca\",\"@id\":\"https:\\\/\\\/www.tressis.com\\\/ca\\\/blog\\\/la-fed-no-descansa\\\/#primaryimage\",\"url\":\"https:\\\/\\\/www.tressis.com\\\/wp-content\\\/uploads\\\/2017\\\/08\\\/fed.png\",\"contentUrl\":\"https:\\\/\\\/www.tressis.com\\\/wp-content\\\/uploads\\\/2017\\\/08\\\/fed.png\",\"width\":1100,\"height\":487,\"caption\":\"La Fed no descansa\"},{\"@type\":\"BreadcrumbList\",\"@id\":\"https:\\\/\\\/www.tressis.com\\\/ca\\\/blog\\\/la-fed-no-descansa\\\/#breadcrumb\",\"itemListElement\":[{\"@type\":\"ListItem\",\"position\":1,\"name\":\"Inicio\",\"item\":\"https:\\\/\\\/www.tressis.com\\\/ca\\\/\"},{\"@type\":\"ListItem\",\"position\":2,\"name\":\"La Fed no descansa\"}]},{\"@type\":\"WebSite\",\"@id\":\"https:\\\/\\\/www.tressis.com\\\/ca\\\/#website\",\"url\":\"https:\\\/\\\/www.tressis.com\\\/ca\\\/\",\"name\":\"Tressis banca privada\",\"description\":\"Tressis | Planificaci\u00f3n financiera y gesti\u00f3n de patrimonios\",\"publisher\":{\"@id\":\"https:\\\/\\\/www.tressis.com\\\/ca\\\/#organization\"},\"potentialAction\":[{\"@type\":\"SearchAction\",\"target\":{\"@type\":\"EntryPoint\",\"urlTemplate\":\"https:\\\/\\\/www.tressis.com\\\/ca\\\/?s={search_term_string}\"},\"query-input\":{\"@type\":\"PropertyValueSpecification\",\"valueRequired\":true,\"valueName\":\"search_term_string\"}}],\"inLanguage\":\"ca\"},{\"@type\":\"Organization\",\"@id\":\"https:\\\/\\\/www.tressis.com\\\/ca\\\/#organization\",\"name\":\"Tressis\",\"url\":\"https:\\\/\\\/www.tressis.com\\\/ca\\\/\",\"logo\":{\"@type\":\"ImageObject\",\"inLanguage\":\"ca\",\"@id\":\"https:\\\/\\\/www.tressis.com\\\/ca\\\/#\\\/schema\\\/logo\\\/image\\\/\",\"url\":\"https:\\\/\\\/www.tressis.com\\\/wp-content\\\/uploads\\\/2025\\\/06\\\/logo-tressis-112.png\",\"contentUrl\":\"https:\\\/\\\/www.tressis.com\\\/wp-content\\\/uploads\\\/2025\\\/06\\\/logo-tressis-112.png\",\"width\":112,\"height\":112,\"caption\":\"Tressis\"},\"image\":{\"@id\":\"https:\\\/\\\/www.tressis.com\\\/ca\\\/#\\\/schema\\\/logo\\\/image\\\/\"},\"sameAs\":[\"https:\\\/\\\/www.facebook.com\\\/Tressis\\\/\",\"https:\\\/\\\/x.com\\\/TressisSV\",\"https:\\\/\\\/www.instagram.com\\\/tressissv\\\/?hl=es\",\"https:\\\/\\\/linkedin.com\\\/company\\\/tressis\\\/\",\"https:\\\/\\\/www.youtube.com\\\/user\\\/tressissv\",\"https:\\\/\\\/open.spotify.com\\\/show\\\/3jmTe1Nf0wqMILl7diWV6h?si=d7112519f13c4593&nd=1\"]},{\"@type\":\"Person\",\"@id\":\"https:\\\/\\\/www.tressis.com\\\/ca\\\/#\\\/schema\\\/person\\\/b833c1d724d8764920b6d6852c70584e\",\"name\":\"Lola\",\"image\":{\"@type\":\"ImageObject\",\"inLanguage\":\"ca\",\"@id\":\"https:\\\/\\\/secure.gravatar.com\\\/avatar\\\/05e646486b23ff45df9649110609c7e31b8c4a3e2821caa23d6317f405e0c51d?s=96&d=mm&r=g\",\"url\":\"https:\\\/\\\/secure.gravatar.com\\\/avatar\\\/05e646486b23ff45df9649110609c7e31b8c4a3e2821caa23d6317f405e0c51d?s=96&d=mm&r=g\",\"contentUrl\":\"https:\\\/\\\/secure.gravatar.com\\\/avatar\\\/05e646486b23ff45df9649110609c7e31b8c4a3e2821caa23d6317f405e0c51d?s=96&d=mm&r=g\",\"caption\":\"Lola\"}}]}<\/script>\n<!-- \/ Yoast SEO plugin. -->","yoast_head_json":{"title":"La Fed no descansa","description":"Las actas de la Fed se convirtieron en el acontecimiento de la sesi\u00f3n, si bien los inversores ya ven\u00edan cotizando lo que pod\u00eda esperarse de ellas","robots":{"index":"index","follow":"follow","max-snippet":"max-snippet:-1","max-image-preview":"max-image-preview:large","max-video-preview":"max-video-preview:-1"},"canonical":"https:\/\/www.tressis.com\/ca\/blog\/la-fed-no-descansa\/","og_locale":"ca_ES","og_type":"article","og_title":"La Fed no descansa","og_description":"Las actas de la Fed se convirtieron en el acontecimiento de la sesi\u00f3n, si bien los inversores ya ven\u00edan cotizando lo que pod\u00eda esperarse de ellas","og_url":"https:\/\/www.tressis.com\/ca\/blog\/la-fed-no-descansa\/","og_site_name":"Tressis","article_publisher":"https:\/\/www.facebook.com\/Tressis\/","article_published_time":"2017-08-17T08:43:14+00:00","og_image":[{"width":1100,"height":487,"url":"https:\/\/www.tressis.com\/wp-content\/uploads\/2017\/08\/fed.png","type":"image\/png"}],"author":"Lola","twitter_card":"summary_large_image","twitter_creator":"@TressisSV","twitter_site":"@TressisSV","twitter_misc":{"Escrit per":"Lola","Temps estimat de lectura":"2 minuts"},"schema":{"@context":"https:\/\/schema.org","@graph":[{"@type":"Article","@id":"https:\/\/www.tressis.com\/ca\/blog\/la-fed-no-descansa\/#article","isPartOf":{"@id":"https:\/\/www.tressis.com\/ca\/blog\/la-fed-no-descansa\/"},"author":{"name":"Lola","@id":"https:\/\/www.tressis.com\/ca\/#\/schema\/person\/b833c1d724d8764920b6d6852c70584e"},"headline":"La Fed no descansa","datePublished":"2017-08-17T08:43:14+00:00","mainEntityOfPage":{"@id":"https:\/\/www.tressis.com\/ca\/blog\/la-fed-no-descansa\/"},"wordCount":384,"commentCount":0,"publisher":{"@id":"https:\/\/www.tressis.com\/ca\/#organization"},"image":{"@id":"https:\/\/www.tressis.com\/ca\/blog\/la-fed-no-descansa\/#primaryimage"},"thumbnailUrl":"https:\/\/www.tressis.com\/wp-content\/uploads\/2017\/08\/fed.png","keywords":["agosto","Andr\u00e9s Carrero Blanco","Banco de Inglaterra","Espa\u00f1a","fed","FOMC","indicadores","Jackson Hole","Mario Draghi","mercado laboral","PIB","QE","Reserva Federal"],"articleSection":["Morning meeting"],"inLanguage":"ca","potentialAction":[{"@type":"CommentAction","name":"Comment","target":["https:\/\/www.tressis.com\/ca\/blog\/la-fed-no-descansa\/#respond"]}]},{"@type":"WebPage","@id":"https:\/\/www.tressis.com\/ca\/blog\/la-fed-no-descansa\/","url":"https:\/\/www.tressis.com\/ca\/blog\/la-fed-no-descansa\/","name":"La Fed no descansa","isPartOf":{"@id":"https:\/\/www.tressis.com\/ca\/#website"},"primaryImageOfPage":{"@id":"https:\/\/www.tressis.com\/ca\/blog\/la-fed-no-descansa\/#primaryimage"},"image":{"@id":"https:\/\/www.tressis.com\/ca\/blog\/la-fed-no-descansa\/#primaryimage"},"thumbnailUrl":"https:\/\/www.tressis.com\/wp-content\/uploads\/2017\/08\/fed.png","datePublished":"2017-08-17T08:43:14+00:00","description":"Las actas de la Fed se convirtieron en el acontecimiento de la sesi\u00f3n, si bien los inversores ya ven\u00edan cotizando lo que pod\u00eda esperarse de ellas","breadcrumb":{"@id":"https:\/\/www.tressis.com\/ca\/blog\/la-fed-no-descansa\/#breadcrumb"},"inLanguage":"ca","potentialAction":[{"@type":"ReadAction","target":["https:\/\/www.tressis.com\/ca\/blog\/la-fed-no-descansa\/"]}]},{"@type":"ImageObject","inLanguage":"ca","@id":"https:\/\/www.tressis.com\/ca\/blog\/la-fed-no-descansa\/#primaryimage","url":"https:\/\/www.tressis.com\/wp-content\/uploads\/2017\/08\/fed.png","contentUrl":"https:\/\/www.tressis.com\/wp-content\/uploads\/2017\/08\/fed.png","width":1100,"height":487,"caption":"La Fed no descansa"},{"@type":"BreadcrumbList","@id":"https:\/\/www.tressis.com\/ca\/blog\/la-fed-no-descansa\/#breadcrumb","itemListElement":[{"@type":"ListItem","position":1,"name":"Inicio","item":"https:\/\/www.tressis.com\/ca\/"},{"@type":"ListItem","position":2,"name":"La Fed no descansa"}]},{"@type":"WebSite","@id":"https:\/\/www.tressis.com\/ca\/#website","url":"https:\/\/www.tressis.com\/ca\/","name":"Tressis banca privada","description":"Tressis | Planificaci\u00f3n financiera y gesti\u00f3n de patrimonios","publisher":{"@id":"https:\/\/www.tressis.com\/ca\/#organization"},"potentialAction":[{"@type":"SearchAction","target":{"@type":"EntryPoint","urlTemplate":"https:\/\/www.tressis.com\/ca\/?s={search_term_string}"},"query-input":{"@type":"PropertyValueSpecification","valueRequired":true,"valueName":"search_term_string"}}],"inLanguage":"ca"},{"@type":"Organization","@id":"https:\/\/www.tressis.com\/ca\/#organization","name":"Tressis","url":"https:\/\/www.tressis.com\/ca\/","logo":{"@type":"ImageObject","inLanguage":"ca","@id":"https:\/\/www.tressis.com\/ca\/#\/schema\/logo\/image\/","url":"https:\/\/www.tressis.com\/wp-content\/uploads\/2025\/06\/logo-tressis-112.png","contentUrl":"https:\/\/www.tressis.com\/wp-content\/uploads\/2025\/06\/logo-tressis-112.png","width":112,"height":112,"caption":"Tressis"},"image":{"@id":"https:\/\/www.tressis.com\/ca\/#\/schema\/logo\/image\/"},"sameAs":["https:\/\/www.facebook.com\/Tressis\/","https:\/\/x.com\/TressisSV","https:\/\/www.instagram.com\/tressissv\/?hl=es","https:\/\/linkedin.com\/company\/tressis\/","https:\/\/www.youtube.com\/user\/tressissv","https:\/\/open.spotify.com\/show\/3jmTe1Nf0wqMILl7diWV6h?si=d7112519f13c4593&nd=1"]},{"@type":"Person","@id":"https:\/\/www.tressis.com\/ca\/#\/schema\/person\/b833c1d724d8764920b6d6852c70584e","name":"Lola","image":{"@type":"ImageObject","inLanguage":"ca","@id":"https:\/\/secure.gravatar.com\/avatar\/05e646486b23ff45df9649110609c7e31b8c4a3e2821caa23d6317f405e0c51d?s=96&d=mm&r=g","url":"https:\/\/secure.gravatar.com\/avatar\/05e646486b23ff45df9649110609c7e31b8c4a3e2821caa23d6317f405e0c51d?s=96&d=mm&r=g","contentUrl":"https:\/\/secure.gravatar.com\/avatar\/05e646486b23ff45df9649110609c7e31b8c4a3e2821caa23d6317f405e0c51d?s=96&d=mm&r=g","caption":"Lola"}}]}},"_links":{"self":[{"href":"https:\/\/www.tressis.com\/ca\/wp-json\/wp\/v2\/posts\/26564","targetHints":{"allow":["GET"]}}],"collection":[{"href":"https:\/\/www.tressis.com\/ca\/wp-json\/wp\/v2\/posts"}],"about":[{"href":"https:\/\/www.tressis.com\/ca\/wp-json\/wp\/v2\/types\/post"}],"author":[{"embeddable":true,"href":"https:\/\/www.tressis.com\/ca\/wp-json\/wp\/v2\/users\/4"}],"replies":[{"embeddable":true,"href":"https:\/\/www.tressis.com\/ca\/wp-json\/wp\/v2\/comments?post=26564"}],"version-history":[{"count":0,"href":"https:\/\/www.tressis.com\/ca\/wp-json\/wp\/v2\/posts\/26564\/revisions"}],"wp:featuredmedia":[{"embeddable":true,"href":"https:\/\/www.tressis.com\/ca\/wp-json\/wp\/v2\/media\/26567"}],"wp:attachment":[{"href":"https:\/\/www.tressis.com\/ca\/wp-json\/wp\/v2\/media?parent=26564"}],"wp:term":[{"taxonomy":"category","embeddable":true,"href":"https:\/\/www.tressis.com\/ca\/wp-json\/wp\/v2\/categories?post=26564"},{"taxonomy":"post_tag","embeddable":true,"href":"https:\/\/www.tressis.com\/ca\/wp-json\/wp\/v2\/tags?post=26564"}],"curies":[{"name":"wp","href":"https:\/\/api.w.org\/{rel}","templated":true}]}}