{"id":26501,"date":"2017-08-02T11:11:14","date_gmt":"2017-08-02T09:11:14","guid":{"rendered":"http:\/\/www.tressis.com\/blog\/?p=26501"},"modified":"2017-08-02T11:11:14","modified_gmt":"2017-08-02T09:11:14","slug":"erase-una-vez","status":"publish","type":"post","link":"https:\/\/www.tressis.com\/ca\/blog\/erase-una-vez\/","title":{"rendered":"\u00c9rase una vez&#8230;"},"content":{"rendered":"<p>Incluso se habl\u00f3 de que podr\u00eda caer hasta el 0,9 por tal y cual y aqu\u00ed y all\u00e1.<!--more--><\/p>\n<p>\u00bfY d\u00f3nde ha quedado ahora todo eso? Porque se habla ya m\u00e1s del 1,2 o hasta de tirar hasta el 1,3, porque en esto de marcar tendencias dentro de la \u00faltima moda nunca faltan aprendices de brujo.<\/p>\n<p>Fijando la atenci\u00f3n en el calendario de indicadores es totalmente cierto que el momentum de la econom\u00eda europea es mejor que la norteamericana, pero tampoco hay que elevarlo exponencialmente que ya sabemos el historial de unos y otros. El PMI manufacturero de la zona euro publicado ayer demuestra que el bloque efectivamente disfruta de una tendencia positiva en t\u00e9rminos de crecimiento. El problema llega cuando toca hablar de los precios. Y es que la subpartida de \u00e9stos dentro del PMI refleja que se impone la cautela, y cuando esto sucede, las expectativas de que el BCE reduzca el QE se posponen en el tiempo. Cosas del mercado.<\/p>\n<p>EEUU va por detr\u00e1s ahora porque cogiendo un plazo m\u00e1s prolongado Europa no est\u00e1 en disposici\u00f3n de ni siquiera levantar la voz. El ISM manufacturero de junio descendi\u00f3 una d\u00e9cima de forma inesperada, pero ello no ha despertado ning\u00fan miedo viendo que los n\u00fameros que ha venido registrando en los \u00faltimos meses son lo suficientemente altos. Algo m\u00e1s de nerviosismo debieran suponer unos gastos e ingresos personales que siguieran sumando m\u00e1s lecturas como la de junio, mes en que se han quedado plano y una d\u00e9cima al alza, respectivamente.<\/p>\n<p>A pesar de todo, la verdadera sorpresa por el lado estadounidense estaba reservada a la inflaci\u00f3n. Dec\u00edamos hace poco que el deflactor del PIB, una medida de c\u00e1lculo de precios, con su descenso hab\u00eda contribuido, como los IPC general y subyacente m\u00e1s cercanos, a reducir las esperanzas de que la Reserva Federal suba tipos nuevamente este a\u00f1o. Pues ayer al fin un indicador relacionado, el PCE correspondiente a junio (el que de verdad sigue la Fed) sub\u00eda una d\u00e9cima en t\u00e9rminos interanuales, d\u00e1ndole ox\u00edgeno al ala m\u00e1s ortodoxa del FOMC.<\/p>\n<p>Sea Europa o EEUU la cabeza del pelot\u00f3n, la realidad es que la microeconom\u00eda tambi\u00e9n est\u00e1 diciendo mucho en el comportamiento de los mercados. De ah\u00ed el nuevo m\u00e1ximo del Dow Jones, que no del S&amp;P o el Nasdaq, si bien los buenos resultados de Apple, con todav\u00eda m\u00e1s beneficio del que se esperaba, es muy probable que impulsen hoy a la bolsa de EEUU, para variar, por el empuje de las grandes tecnol\u00f3gicas.<\/p>\n<p>Buen d\u00eda.<\/p>\n<p><strong>Am\u00edlcar Barrios Vilallonga<\/strong><br \/>\nDirecci\u00f3n de Inversiones<\/p>\n","protected":false},"excerpt":{"rendered":"<p>Incluso se habl\u00f3 de que podr\u00eda caer hasta el 0,9 por tal y cual y aqu\u00ed y all\u00e1.<\/p>\n","protected":false},"author":4,"featured_media":26502,"comment_status":"open","ping_status":"closed","sticky":false,"template":"","format":"standard","meta":{"_acf_changed":false,"footnotes":""},"categories":[9721],"tags":[559,2126,2168,2206,2551,2792,3352,3453,3658,4856,4939,5313,5761,5790,6517],"class_list":["post-26501","post","type-post","status-publish","format-standard","has-post-thumbnail","hentry","category-morning-meeting","tag-bce","tag-dow-jones","tag-economia-europea","tag-eeuu","tag-eurodolar","tag-fomc","tag-indicadores","tag-inflacion","tag-ipc-general","tag-pib","tag-pmi-manufacturero","tag-qe","tag-reserva-federal","tag-resultados-apple","tag-tendencia-positiva"],"acf":[],"yoast_head":"<!-- This site is optimized with the Yoast SEO plugin v27.5 - https:\/\/yoast.com\/product\/yoast-seo-wordpress\/ -->\n<title>\u00c9rase una vez...<\/title>\n<meta name=\"description\" content=\"...Bueno, en realidad har\u00e1 seis meses y algo m\u00e1s en el que una buena cantidad de inversores hablaban de la paridad entre el euro y el d\u00f3lar\" \/>\n<meta name=\"robots\" content=\"index, follow, max-snippet:-1, max-image-preview:large, max-video-preview:-1\" \/>\n<link rel=\"canonical\" href=\"https:\/\/www.tressis.com\/ca\/blog\/erase-una-vez\/\" \/>\n<meta property=\"og:locale\" content=\"ca_ES\" \/>\n<meta property=\"og:type\" content=\"article\" \/>\n<meta property=\"og:title\" content=\"\u00c9rase una vez...\" \/>\n<meta property=\"og:description\" content=\"...Bueno, en realidad har\u00e1 seis meses y algo m\u00e1s en el que una buena cantidad de inversores hablaban de la paridad entre el euro y el d\u00f3lar\" \/>\n<meta property=\"og:url\" content=\"https:\/\/www.tressis.com\/ca\/blog\/erase-una-vez\/\" \/>\n<meta property=\"og:site_name\" content=\"Tressis\" \/>\n<meta property=\"article:publisher\" content=\"https:\/\/www.facebook.com\/Tressis\/\" \/>\n<meta property=\"article:published_time\" content=\"2017-08-02T09:11:14+00:00\" \/>\n<meta property=\"og:image\" content=\"https:\/\/www.tressis.com\/wp-content\/uploads\/2017\/08\/20170802-mmv.jpg\" \/>\n\t<meta property=\"og:image:width\" content=\"1100\" \/>\n\t<meta property=\"og:image:height\" content=\"487\" \/>\n\t<meta property=\"og:image:type\" content=\"image\/jpeg\" \/>\n<meta name=\"author\" content=\"Lola\" \/>\n<meta name=\"twitter:card\" content=\"summary_large_image\" \/>\n<meta name=\"twitter:creator\" content=\"@TressisSV\" \/>\n<meta name=\"twitter:site\" content=\"@TressisSV\" \/>\n<meta name=\"twitter:label1\" content=\"Escrit per\" \/>\n\t<meta name=\"twitter:data1\" content=\"Lola\" \/>\n\t<meta name=\"twitter:label2\" content=\"Temps estimat de lectura\" \/>\n\t<meta name=\"twitter:data2\" content=\"2 minuts\" \/>\n<script type=\"application\/ld+json\" class=\"yoast-schema-graph\">{\"@context\":\"https:\\\/\\\/schema.org\",\"@graph\":[{\"@type\":\"Article\",\"@id\":\"https:\\\/\\\/www.tressis.com\\\/ca\\\/blog\\\/erase-una-vez\\\/#article\",\"isPartOf\":{\"@id\":\"https:\\\/\\\/www.tressis.com\\\/ca\\\/blog\\\/erase-una-vez\\\/\"},\"author\":{\"name\":\"Lola\",\"@id\":\"https:\\\/\\\/www.tressis.com\\\/ca\\\/#\\\/schema\\\/person\\\/b833c1d724d8764920b6d6852c70584e\"},\"headline\":\"\u00c9rase una vez&#8230;\",\"datePublished\":\"2017-08-02T09:11:14+00:00\",\"mainEntityOfPage\":{\"@id\":\"https:\\\/\\\/www.tressis.com\\\/ca\\\/blog\\\/erase-una-vez\\\/\"},\"wordCount\":462,\"commentCount\":0,\"publisher\":{\"@id\":\"https:\\\/\\\/www.tressis.com\\\/ca\\\/#organization\"},\"image\":{\"@id\":\"https:\\\/\\\/www.tressis.com\\\/ca\\\/blog\\\/erase-una-vez\\\/#primaryimage\"},\"thumbnailUrl\":\"https:\\\/\\\/www.tressis.com\\\/wp-content\\\/uploads\\\/2017\\\/08\\\/20170802-mmv.jpg\",\"keywords\":[\"BCE\",\"Dow Jones\",\"econom\u00eda europea\",\"EEUU\",\"euro\\\/d\u00f3lar\",\"FOMC\",\"indicadores\",\"inflaci\u00f3n\",\"IPC general\",\"PIB\",\"PMI manufacturero\",\"QE\",\"Reserva Federal\",\"resultados Apple\",\"tendencia positiva\"],\"articleSection\":[\"Morning meeting\"],\"inLanguage\":\"ca\",\"potentialAction\":[{\"@type\":\"CommentAction\",\"name\":\"Comment\",\"target\":[\"https:\\\/\\\/www.tressis.com\\\/ca\\\/blog\\\/erase-una-vez\\\/#respond\"]}]},{\"@type\":\"WebPage\",\"@id\":\"https:\\\/\\\/www.tressis.com\\\/ca\\\/blog\\\/erase-una-vez\\\/\",\"url\":\"https:\\\/\\\/www.tressis.com\\\/ca\\\/blog\\\/erase-una-vez\\\/\",\"name\":\"\u00c9rase una vez...\",\"isPartOf\":{\"@id\":\"https:\\\/\\\/www.tressis.com\\\/ca\\\/#website\"},\"primaryImageOfPage\":{\"@id\":\"https:\\\/\\\/www.tressis.com\\\/ca\\\/blog\\\/erase-una-vez\\\/#primaryimage\"},\"image\":{\"@id\":\"https:\\\/\\\/www.tressis.com\\\/ca\\\/blog\\\/erase-una-vez\\\/#primaryimage\"},\"thumbnailUrl\":\"https:\\\/\\\/www.tressis.com\\\/wp-content\\\/uploads\\\/2017\\\/08\\\/20170802-mmv.jpg\",\"datePublished\":\"2017-08-02T09:11:14+00:00\",\"description\":\"...Bueno, en realidad har\u00e1 seis meses y algo m\u00e1s en el que una buena cantidad de inversores hablaban de la paridad entre el euro y el d\u00f3lar\",\"breadcrumb\":{\"@id\":\"https:\\\/\\\/www.tressis.com\\\/ca\\\/blog\\\/erase-una-vez\\\/#breadcrumb\"},\"inLanguage\":\"ca\",\"potentialAction\":[{\"@type\":\"ReadAction\",\"target\":[\"https:\\\/\\\/www.tressis.com\\\/ca\\\/blog\\\/erase-una-vez\\\/\"]}]},{\"@type\":\"ImageObject\",\"inLanguage\":\"ca\",\"@id\":\"https:\\\/\\\/www.tressis.com\\\/ca\\\/blog\\\/erase-una-vez\\\/#primaryimage\",\"url\":\"https:\\\/\\\/www.tressis.com\\\/wp-content\\\/uploads\\\/2017\\\/08\\\/20170802-mmv.jpg\",\"contentUrl\":\"https:\\\/\\\/www.tressis.com\\\/wp-content\\\/uploads\\\/2017\\\/08\\\/20170802-mmv.jpg\",\"width\":1100,\"height\":487,\"caption\":\"\u00c9rase una vez...\"},{\"@type\":\"BreadcrumbList\",\"@id\":\"https:\\\/\\\/www.tressis.com\\\/ca\\\/blog\\\/erase-una-vez\\\/#breadcrumb\",\"itemListElement\":[{\"@type\":\"ListItem\",\"position\":1,\"name\":\"Inicio\",\"item\":\"https:\\\/\\\/www.tressis.com\\\/ca\\\/\"},{\"@type\":\"ListItem\",\"position\":2,\"name\":\"\u00c9rase una vez&#8230;\"}]},{\"@type\":\"WebSite\",\"@id\":\"https:\\\/\\\/www.tressis.com\\\/ca\\\/#website\",\"url\":\"https:\\\/\\\/www.tressis.com\\\/ca\\\/\",\"name\":\"Tressis banca privada\",\"description\":\"Tressis | Planificaci\u00f3n financiera y gesti\u00f3n de patrimonios\",\"publisher\":{\"@id\":\"https:\\\/\\\/www.tressis.com\\\/ca\\\/#organization\"},\"potentialAction\":[{\"@type\":\"SearchAction\",\"target\":{\"@type\":\"EntryPoint\",\"urlTemplate\":\"https:\\\/\\\/www.tressis.com\\\/ca\\\/?s={search_term_string}\"},\"query-input\":{\"@type\":\"PropertyValueSpecification\",\"valueRequired\":true,\"valueName\":\"search_term_string\"}}],\"inLanguage\":\"ca\"},{\"@type\":\"Organization\",\"@id\":\"https:\\\/\\\/www.tressis.com\\\/ca\\\/#organization\",\"name\":\"Tressis\",\"url\":\"https:\\\/\\\/www.tressis.com\\\/ca\\\/\",\"logo\":{\"@type\":\"ImageObject\",\"inLanguage\":\"ca\",\"@id\":\"https:\\\/\\\/www.tressis.com\\\/ca\\\/#\\\/schema\\\/logo\\\/image\\\/\",\"url\":\"https:\\\/\\\/www.tressis.com\\\/wp-content\\\/uploads\\\/2025\\\/06\\\/logo-tressis-112.png\",\"contentUrl\":\"https:\\\/\\\/www.tressis.com\\\/wp-content\\\/uploads\\\/2025\\\/06\\\/logo-tressis-112.png\",\"width\":112,\"height\":112,\"caption\":\"Tressis\"},\"image\":{\"@id\":\"https:\\\/\\\/www.tressis.com\\\/ca\\\/#\\\/schema\\\/logo\\\/image\\\/\"},\"sameAs\":[\"https:\\\/\\\/www.facebook.com\\\/Tressis\\\/\",\"https:\\\/\\\/x.com\\\/TressisSV\",\"https:\\\/\\\/www.instagram.com\\\/tressissv\\\/?hl=es\",\"https:\\\/\\\/linkedin.com\\\/company\\\/tressis\\\/\",\"https:\\\/\\\/www.youtube.com\\\/user\\\/tressissv\",\"https:\\\/\\\/open.spotify.com\\\/show\\\/3jmTe1Nf0wqMILl7diWV6h?si=d7112519f13c4593&nd=1\"]},{\"@type\":\"Person\",\"@id\":\"https:\\\/\\\/www.tressis.com\\\/ca\\\/#\\\/schema\\\/person\\\/b833c1d724d8764920b6d6852c70584e\",\"name\":\"Lola\",\"image\":{\"@type\":\"ImageObject\",\"inLanguage\":\"ca\",\"@id\":\"https:\\\/\\\/secure.gravatar.com\\\/avatar\\\/05e646486b23ff45df9649110609c7e31b8c4a3e2821caa23d6317f405e0c51d?s=96&d=mm&r=g\",\"url\":\"https:\\\/\\\/secure.gravatar.com\\\/avatar\\\/05e646486b23ff45df9649110609c7e31b8c4a3e2821caa23d6317f405e0c51d?s=96&d=mm&r=g\",\"contentUrl\":\"https:\\\/\\\/secure.gravatar.com\\\/avatar\\\/05e646486b23ff45df9649110609c7e31b8c4a3e2821caa23d6317f405e0c51d?s=96&d=mm&r=g\",\"caption\":\"Lola\"}}]}<\/script>\n<!-- \/ Yoast SEO plugin. -->","yoast_head_json":{"title":"\u00c9rase una vez...","description":"...Bueno, en realidad har\u00e1 seis meses y algo m\u00e1s en el que una buena cantidad de inversores hablaban de la paridad entre el euro y el d\u00f3lar","robots":{"index":"index","follow":"follow","max-snippet":"max-snippet:-1","max-image-preview":"max-image-preview:large","max-video-preview":"max-video-preview:-1"},"canonical":"https:\/\/www.tressis.com\/ca\/blog\/erase-una-vez\/","og_locale":"ca_ES","og_type":"article","og_title":"\u00c9rase una vez...","og_description":"...Bueno, en realidad har\u00e1 seis meses y algo m\u00e1s en el que una buena cantidad de inversores hablaban de la paridad entre el euro y el d\u00f3lar","og_url":"https:\/\/www.tressis.com\/ca\/blog\/erase-una-vez\/","og_site_name":"Tressis","article_publisher":"https:\/\/www.facebook.com\/Tressis\/","article_published_time":"2017-08-02T09:11:14+00:00","og_image":[{"width":1100,"height":487,"url":"https:\/\/www.tressis.com\/wp-content\/uploads\/2017\/08\/20170802-mmv.jpg","type":"image\/jpeg"}],"author":"Lola","twitter_card":"summary_large_image","twitter_creator":"@TressisSV","twitter_site":"@TressisSV","twitter_misc":{"Escrit per":"Lola","Temps estimat de lectura":"2 minuts"},"schema":{"@context":"https:\/\/schema.org","@graph":[{"@type":"Article","@id":"https:\/\/www.tressis.com\/ca\/blog\/erase-una-vez\/#article","isPartOf":{"@id":"https:\/\/www.tressis.com\/ca\/blog\/erase-una-vez\/"},"author":{"name":"Lola","@id":"https:\/\/www.tressis.com\/ca\/#\/schema\/person\/b833c1d724d8764920b6d6852c70584e"},"headline":"\u00c9rase una vez&#8230;","datePublished":"2017-08-02T09:11:14+00:00","mainEntityOfPage":{"@id":"https:\/\/www.tressis.com\/ca\/blog\/erase-una-vez\/"},"wordCount":462,"commentCount":0,"publisher":{"@id":"https:\/\/www.tressis.com\/ca\/#organization"},"image":{"@id":"https:\/\/www.tressis.com\/ca\/blog\/erase-una-vez\/#primaryimage"},"thumbnailUrl":"https:\/\/www.tressis.com\/wp-content\/uploads\/2017\/08\/20170802-mmv.jpg","keywords":["BCE","Dow Jones","econom\u00eda europea","EEUU","euro\/d\u00f3lar","FOMC","indicadores","inflaci\u00f3n","IPC general","PIB","PMI manufacturero","QE","Reserva Federal","resultados Apple","tendencia positiva"],"articleSection":["Morning meeting"],"inLanguage":"ca","potentialAction":[{"@type":"CommentAction","name":"Comment","target":["https:\/\/www.tressis.com\/ca\/blog\/erase-una-vez\/#respond"]}]},{"@type":"WebPage","@id":"https:\/\/www.tressis.com\/ca\/blog\/erase-una-vez\/","url":"https:\/\/www.tressis.com\/ca\/blog\/erase-una-vez\/","name":"\u00c9rase una vez...","isPartOf":{"@id":"https:\/\/www.tressis.com\/ca\/#website"},"primaryImageOfPage":{"@id":"https:\/\/www.tressis.com\/ca\/blog\/erase-una-vez\/#primaryimage"},"image":{"@id":"https:\/\/www.tressis.com\/ca\/blog\/erase-una-vez\/#primaryimage"},"thumbnailUrl":"https:\/\/www.tressis.com\/wp-content\/uploads\/2017\/08\/20170802-mmv.jpg","datePublished":"2017-08-02T09:11:14+00:00","description":"...Bueno, en realidad har\u00e1 seis meses y algo m\u00e1s en el que una buena cantidad de inversores hablaban de la paridad entre el euro y el d\u00f3lar","breadcrumb":{"@id":"https:\/\/www.tressis.com\/ca\/blog\/erase-una-vez\/#breadcrumb"},"inLanguage":"ca","potentialAction":[{"@type":"ReadAction","target":["https:\/\/www.tressis.com\/ca\/blog\/erase-una-vez\/"]}]},{"@type":"ImageObject","inLanguage":"ca","@id":"https:\/\/www.tressis.com\/ca\/blog\/erase-una-vez\/#primaryimage","url":"https:\/\/www.tressis.com\/wp-content\/uploads\/2017\/08\/20170802-mmv.jpg","contentUrl":"https:\/\/www.tressis.com\/wp-content\/uploads\/2017\/08\/20170802-mmv.jpg","width":1100,"height":487,"caption":"\u00c9rase una vez..."},{"@type":"BreadcrumbList","@id":"https:\/\/www.tressis.com\/ca\/blog\/erase-una-vez\/#breadcrumb","itemListElement":[{"@type":"ListItem","position":1,"name":"Inicio","item":"https:\/\/www.tressis.com\/ca\/"},{"@type":"ListItem","position":2,"name":"\u00c9rase una vez&#8230;"}]},{"@type":"WebSite","@id":"https:\/\/www.tressis.com\/ca\/#website","url":"https:\/\/www.tressis.com\/ca\/","name":"Tressis banca privada","description":"Tressis | Planificaci\u00f3n financiera y gesti\u00f3n de patrimonios","publisher":{"@id":"https:\/\/www.tressis.com\/ca\/#organization"},"potentialAction":[{"@type":"SearchAction","target":{"@type":"EntryPoint","urlTemplate":"https:\/\/www.tressis.com\/ca\/?s={search_term_string}"},"query-input":{"@type":"PropertyValueSpecification","valueRequired":true,"valueName":"search_term_string"}}],"inLanguage":"ca"},{"@type":"Organization","@id":"https:\/\/www.tressis.com\/ca\/#organization","name":"Tressis","url":"https:\/\/www.tressis.com\/ca\/","logo":{"@type":"ImageObject","inLanguage":"ca","@id":"https:\/\/www.tressis.com\/ca\/#\/schema\/logo\/image\/","url":"https:\/\/www.tressis.com\/wp-content\/uploads\/2025\/06\/logo-tressis-112.png","contentUrl":"https:\/\/www.tressis.com\/wp-content\/uploads\/2025\/06\/logo-tressis-112.png","width":112,"height":112,"caption":"Tressis"},"image":{"@id":"https:\/\/www.tressis.com\/ca\/#\/schema\/logo\/image\/"},"sameAs":["https:\/\/www.facebook.com\/Tressis\/","https:\/\/x.com\/TressisSV","https:\/\/www.instagram.com\/tressissv\/?hl=es","https:\/\/linkedin.com\/company\/tressis\/","https:\/\/www.youtube.com\/user\/tressissv","https:\/\/open.spotify.com\/show\/3jmTe1Nf0wqMILl7diWV6h?si=d7112519f13c4593&nd=1"]},{"@type":"Person","@id":"https:\/\/www.tressis.com\/ca\/#\/schema\/person\/b833c1d724d8764920b6d6852c70584e","name":"Lola","image":{"@type":"ImageObject","inLanguage":"ca","@id":"https:\/\/secure.gravatar.com\/avatar\/05e646486b23ff45df9649110609c7e31b8c4a3e2821caa23d6317f405e0c51d?s=96&d=mm&r=g","url":"https:\/\/secure.gravatar.com\/avatar\/05e646486b23ff45df9649110609c7e31b8c4a3e2821caa23d6317f405e0c51d?s=96&d=mm&r=g","contentUrl":"https:\/\/secure.gravatar.com\/avatar\/05e646486b23ff45df9649110609c7e31b8c4a3e2821caa23d6317f405e0c51d?s=96&d=mm&r=g","caption":"Lola"}}]}},"_links":{"self":[{"href":"https:\/\/www.tressis.com\/ca\/wp-json\/wp\/v2\/posts\/26501","targetHints":{"allow":["GET"]}}],"collection":[{"href":"https:\/\/www.tressis.com\/ca\/wp-json\/wp\/v2\/posts"}],"about":[{"href":"https:\/\/www.tressis.com\/ca\/wp-json\/wp\/v2\/types\/post"}],"author":[{"embeddable":true,"href":"https:\/\/www.tressis.com\/ca\/wp-json\/wp\/v2\/users\/4"}],"replies":[{"embeddable":true,"href":"https:\/\/www.tressis.com\/ca\/wp-json\/wp\/v2\/comments?post=26501"}],"version-history":[{"count":0,"href":"https:\/\/www.tressis.com\/ca\/wp-json\/wp\/v2\/posts\/26501\/revisions"}],"wp:featuredmedia":[{"embeddable":true,"href":"https:\/\/www.tressis.com\/ca\/wp-json\/wp\/v2\/media\/26502"}],"wp:attachment":[{"href":"https:\/\/www.tressis.com\/ca\/wp-json\/wp\/v2\/media?parent=26501"}],"wp:term":[{"taxonomy":"category","embeddable":true,"href":"https:\/\/www.tressis.com\/ca\/wp-json\/wp\/v2\/categories?post=26501"},{"taxonomy":"post_tag","embeddable":true,"href":"https:\/\/www.tressis.com\/ca\/wp-json\/wp\/v2\/tags?post=26501"}],"curies":[{"name":"wp","href":"https:\/\/api.w.org\/{rel}","templated":true}]}}