{"id":26420,"date":"2017-07-26T11:02:40","date_gmt":"2017-07-26T09:02:40","guid":{"rendered":"http:\/\/www.tressis.com\/blog\/?p=26420"},"modified":"2017-07-26T11:02:40","modified_gmt":"2017-07-26T09:02:40","slug":"esperada-temida-reduccion-balance","status":"publish","type":"post","link":"https:\/\/www.tressis.com\/ca\/blog\/esperada-temida-reduccion-balance\/","title":{"rendered":"La esperada y temida reducci\u00f3n de balance"},"content":{"rendered":"<p>Los bancos fueron los grandes impulsores del buen comportamiento de la bolsa en el d\u00eda de ayer, si bien la avalancha de resultados no ven\u00eda por ese lado, sino por la industria. <!--more--><\/p>\n<p>As\u00ed, compa\u00f1\u00edas como Caterpillar o AT&amp;T (esta \u00faltima a medias) fueron las sorpresas positivas de la sesi\u00f3n, en total contraposici\u00f3n al desplome de los beneficios de General Electric. Con una temporada de resultados que est\u00e1 siendo bien recibida en mercado, a\u00fan no se pueden extraer conclusiones definitivas, pues son muchas las compa\u00f1\u00edas que est\u00e1n pendientes, un gran n\u00famero esta semana.<\/p>\n<p>En cualquier caso, por mucho resultado que haya, citas como la reuni\u00f3n de la Reserva Federal que hoy finaliza siempre capitalizan la atenci\u00f3n de todos, muy especialmente cuando se espera que el banco central pueda dar alguna pista sobre por d\u00f3nde puede ir la esperada y a la vez temida reducci\u00f3n de balance. Por lo que al BCE respecta, uno de sus pesos pesados hizo unas declaraciones contundentes ayer con las que alejaba en el tiempo el inicio del <i>tapering<\/i>, alegando que a la inflaci\u00f3n a\u00fan le queda mucho camino por delante.<\/p>\n<p>Algo similar sucede con la pol\u00edtica, que tanto ha hecho a favor y en contra de los mercados. Aunque la trama rusa no se le deja de atragantar a la Administraci\u00f3n Trump, ayer se le abri\u00f3 una peque\u00f1a ventana a la esperanza de reformar el Obamacare con lo que parece un inicio m\u00e1s dialogado de querer hacerlo. Que se inicien negociaciones no solo es positivo, sino que abre la mente a posibles nuevos cambios, pero quiz\u00e1s los inversores hayan aprendido a actuar con prudencia.<\/p>\n<p>A las subidas siempre les ayuda una buena bater\u00eda de indicadores econ\u00f3micos al alza, mejor a\u00fan si se trata de expectativas de que las cosas pueden ir a mejor. En Alemania el IFO y en EEUU la confianza de los consumidores as\u00ed lo hicieron, en ambos casos, adem\u00e1s de subiendo, batiendo unas previsiones que apuntaban a la baja. Pero lo verdaderamente positivo, especialmente en el caso alem\u00e1n, es que el nuevo m\u00e1ximo hist\u00f3rico del IFO viene a amortiguar el descenso que hab\u00edan presentado los PMI compuestos el lunes.<\/p>\n<p>Por \u00faltimo queda la gran farsa posterior a cada reuni\u00f3n en la que la OPEP acuerda comprometerse a algo que siempre incumple. Y es que el precio del barril sub\u00eda ayer con fuerza, aunque siendo justos, buena parte de ese impulso se deb\u00eda a la fort\u00edsima reducci\u00f3n de los inventarios de EEUU la semana pasada, concretamente cuatro veces superiores a lo esperado. Pero no nos dejemos enga\u00f1ar, los problemas de oferta siguen y por mucho tiempo, ah\u00ed.<\/p>\n<p>Buen d\u00eda.<br \/>\n<strong><br \/>\nAm\u00edlcar Barrios Vilallonga<\/strong><br \/>\nDirecci\u00f3n de inversiones<\/p>\n","protected":false},"excerpt":{"rendered":"<p>Los bancos fueron los grandes impulsores del buen comportamiento de la bolsa en el d\u00eda de ayer, si bien la avalancha de resultados no ven\u00eda por ese lado, sino por la industria.<\/p>\n","protected":false},"author":4,"featured_media":26434,"comment_status":"open","ping_status":"closed","sticky":false,"template":"","format":"standard","meta":{"_acf_changed":false,"footnotes":""},"categories":[9721],"tags":[506,535,559,571,2206,2720,3236,3431,4550,4584,4610,4845,4927,5062,5761,6734],"class_list":["post-26420","post","type-post","status-publish","format-standard","has-post-thumbnail","hentry","category-morning-meeting","tag-bancos","tag-barril","tag-bce","tag-beneficios","tag-eeuu","tag-fed","tag-ifo","tag-industria","tag-obamacare","tag-oferta","tag-opep","tag-petroleo","tag-pmi","tag-positivo","tag-reserva-federal","tag-trump"],"acf":[],"yoast_head":"<!-- This site is optimized with the Yoast SEO plugin v27.5 - https:\/\/yoast.com\/product\/yoast-seo-wordpress\/ -->\n<title>La esperada y temida reducci\u00f3n de balance<\/title>\n<meta name=\"description\" content=\"Citas como la reuni\u00f3n de la Reserva Federal que hoy finaliza siempre capitalizan la atenci\u00f3n de todos, habr\u00e1 que estar atentos a la reducci\u00f3n de balance\" \/>\n<meta name=\"robots\" content=\"index, follow, max-snippet:-1, max-image-preview:large, max-video-preview:-1\" \/>\n<link rel=\"canonical\" href=\"https:\/\/www.tressis.com\/ca\/blog\/esperada-temida-reduccion-balance\/\" \/>\n<meta property=\"og:locale\" content=\"ca_ES\" \/>\n<meta property=\"og:type\" content=\"article\" \/>\n<meta property=\"og:title\" content=\"La esperada y temida reducci\u00f3n de balance\" \/>\n<meta property=\"og:description\" content=\"Citas como la reuni\u00f3n de la Reserva Federal que hoy finaliza siempre capitalizan la atenci\u00f3n de todos, habr\u00e1 que estar atentos a la reducci\u00f3n de balance\" \/>\n<meta property=\"og:url\" content=\"https:\/\/www.tressis.com\/ca\/blog\/esperada-temida-reduccion-balance\/\" \/>\n<meta property=\"og:site_name\" content=\"Tressis\" \/>\n<meta property=\"article:publisher\" content=\"https:\/\/www.facebook.com\/Tressis\/\" \/>\n<meta property=\"article:published_time\" content=\"2017-07-26T09:02:40+00:00\" \/>\n<meta property=\"og:image\" content=\"https:\/\/www.tressis.com\/wp-content\/uploads\/2017\/07\/FED_9638_25542320420.jpg\" \/>\n\t<meta property=\"og:image:width\" content=\"1100\" \/>\n\t<meta property=\"og:image:height\" content=\"487\" \/>\n\t<meta property=\"og:image:type\" content=\"image\/jpeg\" \/>\n<meta name=\"author\" content=\"Lola\" \/>\n<meta name=\"twitter:card\" content=\"summary_large_image\" \/>\n<meta name=\"twitter:creator\" content=\"@TressisSV\" \/>\n<meta name=\"twitter:site\" content=\"@TressisSV\" \/>\n<meta name=\"twitter:label1\" content=\"Escrit per\" \/>\n\t<meta name=\"twitter:data1\" content=\"Lola\" \/>\n\t<meta name=\"twitter:label2\" content=\"Temps estimat de lectura\" \/>\n\t<meta name=\"twitter:data2\" content=\"2 minuts\" \/>\n<script type=\"application\/ld+json\" class=\"yoast-schema-graph\">{\"@context\":\"https:\\\/\\\/schema.org\",\"@graph\":[{\"@type\":\"Article\",\"@id\":\"https:\\\/\\\/www.tressis.com\\\/ca\\\/blog\\\/esperada-temida-reduccion-balance\\\/#article\",\"isPartOf\":{\"@id\":\"https:\\\/\\\/www.tressis.com\\\/ca\\\/blog\\\/esperada-temida-reduccion-balance\\\/\"},\"author\":{\"name\":\"Lola\",\"@id\":\"https:\\\/\\\/www.tressis.com\\\/ca\\\/#\\\/schema\\\/person\\\/b833c1d724d8764920b6d6852c70584e\"},\"headline\":\"La esperada y temida reducci\u00f3n de balance\",\"datePublished\":\"2017-07-26T09:02:40+00:00\",\"mainEntityOfPage\":{\"@id\":\"https:\\\/\\\/www.tressis.com\\\/ca\\\/blog\\\/esperada-temida-reduccion-balance\\\/\"},\"wordCount\":488,\"commentCount\":0,\"publisher\":{\"@id\":\"https:\\\/\\\/www.tressis.com\\\/ca\\\/#organization\"},\"image\":{\"@id\":\"https:\\\/\\\/www.tressis.com\\\/ca\\\/blog\\\/esperada-temida-reduccion-balance\\\/#primaryimage\"},\"thumbnailUrl\":\"https:\\\/\\\/www.tressis.com\\\/wp-content\\\/uploads\\\/2017\\\/07\\\/FED_9638_25542320420.jpg\",\"keywords\":[\"bancos\",\"barril\",\"BCE\",\"beneficios\",\"EEUU\",\"fed\",\"IFO\",\"industria\",\"Obamacare\",\"oferta\",\"OPEP\",\"petr\u00f3leo\",\"PMI\",\"positivo\",\"Reserva Federal\",\"Trump\"],\"articleSection\":[\"Morning meeting\"],\"inLanguage\":\"ca\",\"potentialAction\":[{\"@type\":\"CommentAction\",\"name\":\"Comment\",\"target\":[\"https:\\\/\\\/www.tressis.com\\\/ca\\\/blog\\\/esperada-temida-reduccion-balance\\\/#respond\"]}]},{\"@type\":\"WebPage\",\"@id\":\"https:\\\/\\\/www.tressis.com\\\/ca\\\/blog\\\/esperada-temida-reduccion-balance\\\/\",\"url\":\"https:\\\/\\\/www.tressis.com\\\/ca\\\/blog\\\/esperada-temida-reduccion-balance\\\/\",\"name\":\"La esperada y temida reducci\u00f3n de balance\",\"isPartOf\":{\"@id\":\"https:\\\/\\\/www.tressis.com\\\/ca\\\/#website\"},\"primaryImageOfPage\":{\"@id\":\"https:\\\/\\\/www.tressis.com\\\/ca\\\/blog\\\/esperada-temida-reduccion-balance\\\/#primaryimage\"},\"image\":{\"@id\":\"https:\\\/\\\/www.tressis.com\\\/ca\\\/blog\\\/esperada-temida-reduccion-balance\\\/#primaryimage\"},\"thumbnailUrl\":\"https:\\\/\\\/www.tressis.com\\\/wp-content\\\/uploads\\\/2017\\\/07\\\/FED_9638_25542320420.jpg\",\"datePublished\":\"2017-07-26T09:02:40+00:00\",\"description\":\"Citas como la reuni\u00f3n de la Reserva Federal que hoy finaliza siempre capitalizan la atenci\u00f3n de todos, habr\u00e1 que estar atentos a la reducci\u00f3n de balance\",\"breadcrumb\":{\"@id\":\"https:\\\/\\\/www.tressis.com\\\/ca\\\/blog\\\/esperada-temida-reduccion-balance\\\/#breadcrumb\"},\"inLanguage\":\"ca\",\"potentialAction\":[{\"@type\":\"ReadAction\",\"target\":[\"https:\\\/\\\/www.tressis.com\\\/ca\\\/blog\\\/esperada-temida-reduccion-balance\\\/\"]}]},{\"@type\":\"ImageObject\",\"inLanguage\":\"ca\",\"@id\":\"https:\\\/\\\/www.tressis.com\\\/ca\\\/blog\\\/esperada-temida-reduccion-balance\\\/#primaryimage\",\"url\":\"https:\\\/\\\/www.tressis.com\\\/wp-content\\\/uploads\\\/2017\\\/07\\\/FED_9638_25542320420.jpg\",\"contentUrl\":\"https:\\\/\\\/www.tressis.com\\\/wp-content\\\/uploads\\\/2017\\\/07\\\/FED_9638_25542320420.jpg\",\"width\":1100,\"height\":487,\"caption\":\"La esperada y temida reducci\u00f3n de balance\"},{\"@type\":\"BreadcrumbList\",\"@id\":\"https:\\\/\\\/www.tressis.com\\\/ca\\\/blog\\\/esperada-temida-reduccion-balance\\\/#breadcrumb\",\"itemListElement\":[{\"@type\":\"ListItem\",\"position\":1,\"name\":\"Inicio\",\"item\":\"https:\\\/\\\/www.tressis.com\\\/ca\\\/\"},{\"@type\":\"ListItem\",\"position\":2,\"name\":\"La esperada y temida reducci\u00f3n de balance\"}]},{\"@type\":\"WebSite\",\"@id\":\"https:\\\/\\\/www.tressis.com\\\/ca\\\/#website\",\"url\":\"https:\\\/\\\/www.tressis.com\\\/ca\\\/\",\"name\":\"Tressis banca privada\",\"description\":\"Tressis | Planificaci\u00f3n financiera y gesti\u00f3n de patrimonios\",\"publisher\":{\"@id\":\"https:\\\/\\\/www.tressis.com\\\/ca\\\/#organization\"},\"potentialAction\":[{\"@type\":\"SearchAction\",\"target\":{\"@type\":\"EntryPoint\",\"urlTemplate\":\"https:\\\/\\\/www.tressis.com\\\/ca\\\/?s={search_term_string}\"},\"query-input\":{\"@type\":\"PropertyValueSpecification\",\"valueRequired\":true,\"valueName\":\"search_term_string\"}}],\"inLanguage\":\"ca\"},{\"@type\":\"Organization\",\"@id\":\"https:\\\/\\\/www.tressis.com\\\/ca\\\/#organization\",\"name\":\"Tressis\",\"url\":\"https:\\\/\\\/www.tressis.com\\\/ca\\\/\",\"logo\":{\"@type\":\"ImageObject\",\"inLanguage\":\"ca\",\"@id\":\"https:\\\/\\\/www.tressis.com\\\/ca\\\/#\\\/schema\\\/logo\\\/image\\\/\",\"url\":\"https:\\\/\\\/www.tressis.com\\\/wp-content\\\/uploads\\\/2025\\\/06\\\/logo-tressis-112.png\",\"contentUrl\":\"https:\\\/\\\/www.tressis.com\\\/wp-content\\\/uploads\\\/2025\\\/06\\\/logo-tressis-112.png\",\"width\":112,\"height\":112,\"caption\":\"Tressis\"},\"image\":{\"@id\":\"https:\\\/\\\/www.tressis.com\\\/ca\\\/#\\\/schema\\\/logo\\\/image\\\/\"},\"sameAs\":[\"https:\\\/\\\/www.facebook.com\\\/Tressis\\\/\",\"https:\\\/\\\/x.com\\\/TressisSV\",\"https:\\\/\\\/www.instagram.com\\\/tressissv\\\/?hl=es\",\"https:\\\/\\\/linkedin.com\\\/company\\\/tressis\\\/\",\"https:\\\/\\\/www.youtube.com\\\/user\\\/tressissv\",\"https:\\\/\\\/open.spotify.com\\\/show\\\/3jmTe1Nf0wqMILl7diWV6h?si=d7112519f13c4593&nd=1\"]},{\"@type\":\"Person\",\"@id\":\"https:\\\/\\\/www.tressis.com\\\/ca\\\/#\\\/schema\\\/person\\\/b833c1d724d8764920b6d6852c70584e\",\"name\":\"Lola\",\"image\":{\"@type\":\"ImageObject\",\"inLanguage\":\"ca\",\"@id\":\"https:\\\/\\\/secure.gravatar.com\\\/avatar\\\/05e646486b23ff45df9649110609c7e31b8c4a3e2821caa23d6317f405e0c51d?s=96&d=mm&r=g\",\"url\":\"https:\\\/\\\/secure.gravatar.com\\\/avatar\\\/05e646486b23ff45df9649110609c7e31b8c4a3e2821caa23d6317f405e0c51d?s=96&d=mm&r=g\",\"contentUrl\":\"https:\\\/\\\/secure.gravatar.com\\\/avatar\\\/05e646486b23ff45df9649110609c7e31b8c4a3e2821caa23d6317f405e0c51d?s=96&d=mm&r=g\",\"caption\":\"Lola\"}}]}<\/script>\n<!-- \/ Yoast SEO plugin. -->","yoast_head_json":{"title":"La esperada y temida reducci\u00f3n de balance","description":"Citas como la reuni\u00f3n de la Reserva Federal que hoy finaliza siempre capitalizan la atenci\u00f3n de todos, habr\u00e1 que estar atentos a la reducci\u00f3n de balance","robots":{"index":"index","follow":"follow","max-snippet":"max-snippet:-1","max-image-preview":"max-image-preview:large","max-video-preview":"max-video-preview:-1"},"canonical":"https:\/\/www.tressis.com\/ca\/blog\/esperada-temida-reduccion-balance\/","og_locale":"ca_ES","og_type":"article","og_title":"La esperada y temida reducci\u00f3n de balance","og_description":"Citas como la reuni\u00f3n de la Reserva Federal que hoy finaliza siempre capitalizan la atenci\u00f3n de todos, habr\u00e1 que estar atentos a la reducci\u00f3n de balance","og_url":"https:\/\/www.tressis.com\/ca\/blog\/esperada-temida-reduccion-balance\/","og_site_name":"Tressis","article_publisher":"https:\/\/www.facebook.com\/Tressis\/","article_published_time":"2017-07-26T09:02:40+00:00","og_image":[{"width":1100,"height":487,"url":"https:\/\/www.tressis.com\/wp-content\/uploads\/2017\/07\/FED_9638_25542320420.jpg","type":"image\/jpeg"}],"author":"Lola","twitter_card":"summary_large_image","twitter_creator":"@TressisSV","twitter_site":"@TressisSV","twitter_misc":{"Escrit per":"Lola","Temps estimat de lectura":"2 minuts"},"schema":{"@context":"https:\/\/schema.org","@graph":[{"@type":"Article","@id":"https:\/\/www.tressis.com\/ca\/blog\/esperada-temida-reduccion-balance\/#article","isPartOf":{"@id":"https:\/\/www.tressis.com\/ca\/blog\/esperada-temida-reduccion-balance\/"},"author":{"name":"Lola","@id":"https:\/\/www.tressis.com\/ca\/#\/schema\/person\/b833c1d724d8764920b6d6852c70584e"},"headline":"La esperada y temida reducci\u00f3n de balance","datePublished":"2017-07-26T09:02:40+00:00","mainEntityOfPage":{"@id":"https:\/\/www.tressis.com\/ca\/blog\/esperada-temida-reduccion-balance\/"},"wordCount":488,"commentCount":0,"publisher":{"@id":"https:\/\/www.tressis.com\/ca\/#organization"},"image":{"@id":"https:\/\/www.tressis.com\/ca\/blog\/esperada-temida-reduccion-balance\/#primaryimage"},"thumbnailUrl":"https:\/\/www.tressis.com\/wp-content\/uploads\/2017\/07\/FED_9638_25542320420.jpg","keywords":["bancos","barril","BCE","beneficios","EEUU","fed","IFO","industria","Obamacare","oferta","OPEP","petr\u00f3leo","PMI","positivo","Reserva Federal","Trump"],"articleSection":["Morning meeting"],"inLanguage":"ca","potentialAction":[{"@type":"CommentAction","name":"Comment","target":["https:\/\/www.tressis.com\/ca\/blog\/esperada-temida-reduccion-balance\/#respond"]}]},{"@type":"WebPage","@id":"https:\/\/www.tressis.com\/ca\/blog\/esperada-temida-reduccion-balance\/","url":"https:\/\/www.tressis.com\/ca\/blog\/esperada-temida-reduccion-balance\/","name":"La esperada y temida reducci\u00f3n de balance","isPartOf":{"@id":"https:\/\/www.tressis.com\/ca\/#website"},"primaryImageOfPage":{"@id":"https:\/\/www.tressis.com\/ca\/blog\/esperada-temida-reduccion-balance\/#primaryimage"},"image":{"@id":"https:\/\/www.tressis.com\/ca\/blog\/esperada-temida-reduccion-balance\/#primaryimage"},"thumbnailUrl":"https:\/\/www.tressis.com\/wp-content\/uploads\/2017\/07\/FED_9638_25542320420.jpg","datePublished":"2017-07-26T09:02:40+00:00","description":"Citas como la reuni\u00f3n de la Reserva Federal que hoy finaliza siempre capitalizan la atenci\u00f3n de todos, habr\u00e1 que estar atentos a la reducci\u00f3n de balance","breadcrumb":{"@id":"https:\/\/www.tressis.com\/ca\/blog\/esperada-temida-reduccion-balance\/#breadcrumb"},"inLanguage":"ca","potentialAction":[{"@type":"ReadAction","target":["https:\/\/www.tressis.com\/ca\/blog\/esperada-temida-reduccion-balance\/"]}]},{"@type":"ImageObject","inLanguage":"ca","@id":"https:\/\/www.tressis.com\/ca\/blog\/esperada-temida-reduccion-balance\/#primaryimage","url":"https:\/\/www.tressis.com\/wp-content\/uploads\/2017\/07\/FED_9638_25542320420.jpg","contentUrl":"https:\/\/www.tressis.com\/wp-content\/uploads\/2017\/07\/FED_9638_25542320420.jpg","width":1100,"height":487,"caption":"La esperada y temida reducci\u00f3n de balance"},{"@type":"BreadcrumbList","@id":"https:\/\/www.tressis.com\/ca\/blog\/esperada-temida-reduccion-balance\/#breadcrumb","itemListElement":[{"@type":"ListItem","position":1,"name":"Inicio","item":"https:\/\/www.tressis.com\/ca\/"},{"@type":"ListItem","position":2,"name":"La esperada y temida reducci\u00f3n de balance"}]},{"@type":"WebSite","@id":"https:\/\/www.tressis.com\/ca\/#website","url":"https:\/\/www.tressis.com\/ca\/","name":"Tressis banca privada","description":"Tressis | Planificaci\u00f3n financiera y gesti\u00f3n de patrimonios","publisher":{"@id":"https:\/\/www.tressis.com\/ca\/#organization"},"potentialAction":[{"@type":"SearchAction","target":{"@type":"EntryPoint","urlTemplate":"https:\/\/www.tressis.com\/ca\/?s={search_term_string}"},"query-input":{"@type":"PropertyValueSpecification","valueRequired":true,"valueName":"search_term_string"}}],"inLanguage":"ca"},{"@type":"Organization","@id":"https:\/\/www.tressis.com\/ca\/#organization","name":"Tressis","url":"https:\/\/www.tressis.com\/ca\/","logo":{"@type":"ImageObject","inLanguage":"ca","@id":"https:\/\/www.tressis.com\/ca\/#\/schema\/logo\/image\/","url":"https:\/\/www.tressis.com\/wp-content\/uploads\/2025\/06\/logo-tressis-112.png","contentUrl":"https:\/\/www.tressis.com\/wp-content\/uploads\/2025\/06\/logo-tressis-112.png","width":112,"height":112,"caption":"Tressis"},"image":{"@id":"https:\/\/www.tressis.com\/ca\/#\/schema\/logo\/image\/"},"sameAs":["https:\/\/www.facebook.com\/Tressis\/","https:\/\/x.com\/TressisSV","https:\/\/www.instagram.com\/tressissv\/?hl=es","https:\/\/linkedin.com\/company\/tressis\/","https:\/\/www.youtube.com\/user\/tressissv","https:\/\/open.spotify.com\/show\/3jmTe1Nf0wqMILl7diWV6h?si=d7112519f13c4593&nd=1"]},{"@type":"Person","@id":"https:\/\/www.tressis.com\/ca\/#\/schema\/person\/b833c1d724d8764920b6d6852c70584e","name":"Lola","image":{"@type":"ImageObject","inLanguage":"ca","@id":"https:\/\/secure.gravatar.com\/avatar\/05e646486b23ff45df9649110609c7e31b8c4a3e2821caa23d6317f405e0c51d?s=96&d=mm&r=g","url":"https:\/\/secure.gravatar.com\/avatar\/05e646486b23ff45df9649110609c7e31b8c4a3e2821caa23d6317f405e0c51d?s=96&d=mm&r=g","contentUrl":"https:\/\/secure.gravatar.com\/avatar\/05e646486b23ff45df9649110609c7e31b8c4a3e2821caa23d6317f405e0c51d?s=96&d=mm&r=g","caption":"Lola"}}]}},"_links":{"self":[{"href":"https:\/\/www.tressis.com\/ca\/wp-json\/wp\/v2\/posts\/26420","targetHints":{"allow":["GET"]}}],"collection":[{"href":"https:\/\/www.tressis.com\/ca\/wp-json\/wp\/v2\/posts"}],"about":[{"href":"https:\/\/www.tressis.com\/ca\/wp-json\/wp\/v2\/types\/post"}],"author":[{"embeddable":true,"href":"https:\/\/www.tressis.com\/ca\/wp-json\/wp\/v2\/users\/4"}],"replies":[{"embeddable":true,"href":"https:\/\/www.tressis.com\/ca\/wp-json\/wp\/v2\/comments?post=26420"}],"version-history":[{"count":0,"href":"https:\/\/www.tressis.com\/ca\/wp-json\/wp\/v2\/posts\/26420\/revisions"}],"wp:featuredmedia":[{"embeddable":true,"href":"https:\/\/www.tressis.com\/ca\/wp-json\/wp\/v2\/media\/26434"}],"wp:attachment":[{"href":"https:\/\/www.tressis.com\/ca\/wp-json\/wp\/v2\/media?parent=26420"}],"wp:term":[{"taxonomy":"category","embeddable":true,"href":"https:\/\/www.tressis.com\/ca\/wp-json\/wp\/v2\/categories?post=26420"},{"taxonomy":"post_tag","embeddable":true,"href":"https:\/\/www.tressis.com\/ca\/wp-json\/wp\/v2\/tags?post=26420"}],"curies":[{"name":"wp","href":"https:\/\/api.w.org\/{rel}","templated":true}]}}