{"id":25747,"date":"2017-06-12T11:04:28","date_gmt":"2017-06-12T09:04:28","guid":{"rendered":"http:\/\/www.tressis.com\/blog\/?p=25747"},"modified":"2017-06-12T11:04:28","modified_gmt":"2017-06-12T09:04:28","slug":"las-sombras-de-politica-empiezan-clarear","status":"publish","type":"post","link":"https:\/\/www.tressis.com\/ca\/blog\/las-sombras-de-politica-empiezan-clarear\/","title":{"rendered":"Las sombras de la pol\u00edtica empiezan a clarear"},"content":{"rendered":"<p>Esta semana es en la que se espera que la Reserva Federal suba los tipos de inter\u00e9s o en la que el futuro inmediato de Grecia quede algo m\u00e1s resuelto. Dos eventos que deber\u00edan a\u00f1adir algo m\u00e1s de claridad a un entorno en el que muchas sombras de la pol\u00edtica van poco a poco empezando a clarearse.<!--more--><\/p>\n<p>Lo primero, por importancia, es el <i>brexit<\/i>. Si antes de las elecciones lo \u00fanico que se sab\u00eda era que ning\u00fan pol\u00edtico brit\u00e1nico ha demostrado saber c\u00f3mo manejar la situaci\u00f3n, peor a\u00fan despu\u00e9s del fracaso de una Theresa May en minor\u00eda, que tendr\u00e1 que negociar cada paso del divorcio dentro y fuera de casa. Luego est\u00e1 Italia, en la que adem\u00e1s de no esperarse elecciones generales hasta dentro de un a\u00f1o, se confirma el descalabro del M5E en las municipales. Y por \u00faltimo Macron, candidato a superpresidente tras lo que parece es una contundente victoria en las legislativas.<\/p>\n<p>En un terreno m\u00e1s de mercado, el &#8220;caso Popular&#8221; no ha quedado en el olvido, pues las &#8220;consecuencias&#8221; se siguen esparciendo, aunque todo sea dicho, con cierto control. Tras el ataque sin piedad que ha sufrido Liberbank, la CNMV ha decidido prohibir las posiciones cortas durante un mes, lo que nos recuerda a los peores a\u00f1os de la crisis, tanto del pa\u00eds como solo del sector financiero espa\u00f1ol, cuando las prohibiciones de los cortos eran algo m\u00e1s frecuente de lo que deber\u00eda ser.<\/p>\n<p>Y en lo que al terreno macro se refiere, el efecto <i>brexit<\/i> ya no afecta en exclusiva al consumo, la inflaci\u00f3n o las expectativas, pues tambi\u00e9n la producci\u00f3n industrial, indicador a pasado del sector secundario, muestra que la econom\u00eda brit\u00e1nica est\u00e1 pagando el precio de una decisi\u00f3n soberana. En lo que al descenso de los pedidos de maquinaria se refiere, poco que aportar m\u00e1s all\u00e1 de recordar la enorme volatilidad tan caracter\u00edstica de todo lo que rodea a Jap\u00f3n.<\/p>\n<p>Buen d\u00eda.<\/p>\n<p><strong>Am\u00edlcar Barrios Vilallonga<\/strong><br \/>\nDirecci\u00f3n de Inversiones<\/p>\n","protected":false},"excerpt":{"rendered":"<p>Esta semana es en la que se espera que la Reserva Federal suba los tipos de inter\u00e9s o en la que el futuro inmediato de Grecia quede algo m\u00e1s resuelto. Dos eventos que deber\u00edan a\u00f1adir algo m\u00e1s de claridad a un entorno en el que muchas sombras de la pol\u00edtica van poco a poco empezando [&hellip;]<\/p>\n","protected":false},"author":4,"featured_media":25754,"comment_status":"open","ping_status":"closed","sticky":false,"template":"","format":"standard","meta":{"_acf_changed":false,"footnotes":""},"categories":[9721],"tags":[811,1067,1210,2147,2246,3112,3453,3532,3696,3714,3835,3903,4972,6569],"class_list":["post-25747","post","type-post","status-publish","format-standard","has-post-thumbnail","hentry","category-morning-meeting","tag-brexit","tag-caso-popular","tag-cnmv","tag-economia","tag-elecciones","tag-grecia","tag-inflacion","tag-interes","tag-italia","tag-japon","tag-liberbank","tag-m5e","tag-politica","tag-theresha-may"],"acf":[],"yoast_head":"<!-- This site is optimized with the Yoast SEO plugin v27.5 - https:\/\/yoast.com\/product\/yoast-seo-wordpress\/ -->\n<title>Las sombras de la pol\u00edtica empiezan a clarear<\/title>\n<meta name=\"description\" content=\"Hoy nos centraremos en el efecto del brexit en la pol\u00edtica, el famoso &quot;caso Popular&quot; y la situaci\u00f3n macroecon\u00f3mica del pa\u00eds.\" \/>\n<meta name=\"robots\" content=\"index, follow, max-snippet:-1, max-image-preview:large, max-video-preview:-1\" \/>\n<link rel=\"canonical\" href=\"https:\/\/www.tressis.com\/ca\/blog\/las-sombras-de-politica-empiezan-clarear\/\" \/>\n<meta property=\"og:locale\" content=\"ca_ES\" \/>\n<meta property=\"og:type\" content=\"article\" \/>\n<meta property=\"og:title\" content=\"Las sombras de la pol\u00edtica empiezan a clarear\" \/>\n<meta property=\"og:description\" content=\"Hoy nos centraremos en el efecto del brexit en la pol\u00edtica, el famoso &quot;caso Popular&quot; y la situaci\u00f3n macroecon\u00f3mica del pa\u00eds.\" \/>\n<meta property=\"og:url\" content=\"https:\/\/www.tressis.com\/ca\/blog\/las-sombras-de-politica-empiezan-clarear\/\" \/>\n<meta property=\"og:site_name\" content=\"Tressis\" \/>\n<meta property=\"article:publisher\" content=\"https:\/\/www.facebook.com\/Tressis\/\" \/>\n<meta property=\"article:published_time\" content=\"2017-06-12T09:04:28+00:00\" \/>\n<meta property=\"og:image\" content=\"https:\/\/www.tressis.com\/wp-content\/uploads\/2017\/06\/20170612-mmv-1.jpg\" \/>\n\t<meta property=\"og:image:width\" content=\"1100\" \/>\n\t<meta property=\"og:image:height\" content=\"487\" \/>\n\t<meta property=\"og:image:type\" content=\"image\/jpeg\" \/>\n<meta name=\"author\" content=\"Lola\" \/>\n<meta name=\"twitter:card\" content=\"summary_large_image\" \/>\n<meta name=\"twitter:creator\" content=\"@TressisSV\" \/>\n<meta name=\"twitter:site\" content=\"@TressisSV\" \/>\n<meta name=\"twitter:label1\" content=\"Escrit per\" \/>\n\t<meta name=\"twitter:data1\" content=\"Lola\" \/>\n\t<meta name=\"twitter:label2\" content=\"Temps estimat de lectura\" \/>\n\t<meta name=\"twitter:data2\" content=\"2 minuts\" \/>\n<script type=\"application\/ld+json\" class=\"yoast-schema-graph\">{\"@context\":\"https:\\\/\\\/schema.org\",\"@graph\":[{\"@type\":\"Article\",\"@id\":\"https:\\\/\\\/www.tressis.com\\\/ca\\\/blog\\\/las-sombras-de-politica-empiezan-clarear\\\/#article\",\"isPartOf\":{\"@id\":\"https:\\\/\\\/www.tressis.com\\\/ca\\\/blog\\\/las-sombras-de-politica-empiezan-clarear\\\/\"},\"author\":{\"name\":\"Lola\",\"@id\":\"https:\\\/\\\/www.tressis.com\\\/ca\\\/#\\\/schema\\\/person\\\/b833c1d724d8764920b6d6852c70584e\"},\"headline\":\"Las sombras de la pol\u00edtica empiezan a clarear\",\"datePublished\":\"2017-06-12T09:04:28+00:00\",\"mainEntityOfPage\":{\"@id\":\"https:\\\/\\\/www.tressis.com\\\/ca\\\/blog\\\/las-sombras-de-politica-empiezan-clarear\\\/\"},\"wordCount\":369,\"commentCount\":0,\"publisher\":{\"@id\":\"https:\\\/\\\/www.tressis.com\\\/ca\\\/#organization\"},\"image\":{\"@id\":\"https:\\\/\\\/www.tressis.com\\\/ca\\\/blog\\\/las-sombras-de-politica-empiezan-clarear\\\/#primaryimage\"},\"thumbnailUrl\":\"https:\\\/\\\/www.tressis.com\\\/wp-content\\\/uploads\\\/2017\\\/06\\\/20170612-mmv-1.jpg\",\"keywords\":[\"Brexit\",\"caso popular\",\"CNMV\",\"econom\u00eda\",\"elecciones\",\"Grecia\",\"inflaci\u00f3n\",\"inter\u00e9s\",\"Italia\",\"Jap\u00f3n\",\"liberbank\",\"M5E\",\"pol\u00edtica\",\"Theresha May\"],\"articleSection\":[\"Morning meeting\"],\"inLanguage\":\"ca\",\"potentialAction\":[{\"@type\":\"CommentAction\",\"name\":\"Comment\",\"target\":[\"https:\\\/\\\/www.tressis.com\\\/ca\\\/blog\\\/las-sombras-de-politica-empiezan-clarear\\\/#respond\"]}]},{\"@type\":\"WebPage\",\"@id\":\"https:\\\/\\\/www.tressis.com\\\/ca\\\/blog\\\/las-sombras-de-politica-empiezan-clarear\\\/\",\"url\":\"https:\\\/\\\/www.tressis.com\\\/ca\\\/blog\\\/las-sombras-de-politica-empiezan-clarear\\\/\",\"name\":\"Las sombras de la pol\u00edtica empiezan a clarear\",\"isPartOf\":{\"@id\":\"https:\\\/\\\/www.tressis.com\\\/ca\\\/#website\"},\"primaryImageOfPage\":{\"@id\":\"https:\\\/\\\/www.tressis.com\\\/ca\\\/blog\\\/las-sombras-de-politica-empiezan-clarear\\\/#primaryimage\"},\"image\":{\"@id\":\"https:\\\/\\\/www.tressis.com\\\/ca\\\/blog\\\/las-sombras-de-politica-empiezan-clarear\\\/#primaryimage\"},\"thumbnailUrl\":\"https:\\\/\\\/www.tressis.com\\\/wp-content\\\/uploads\\\/2017\\\/06\\\/20170612-mmv-1.jpg\",\"datePublished\":\"2017-06-12T09:04:28+00:00\",\"description\":\"Hoy nos centraremos en el efecto del brexit en la pol\u00edtica, el famoso \\\"caso Popular\\\" y la situaci\u00f3n macroecon\u00f3mica del pa\u00eds.\",\"breadcrumb\":{\"@id\":\"https:\\\/\\\/www.tressis.com\\\/ca\\\/blog\\\/las-sombras-de-politica-empiezan-clarear\\\/#breadcrumb\"},\"inLanguage\":\"ca\",\"potentialAction\":[{\"@type\":\"ReadAction\",\"target\":[\"https:\\\/\\\/www.tressis.com\\\/ca\\\/blog\\\/las-sombras-de-politica-empiezan-clarear\\\/\"]}]},{\"@type\":\"ImageObject\",\"inLanguage\":\"ca\",\"@id\":\"https:\\\/\\\/www.tressis.com\\\/ca\\\/blog\\\/las-sombras-de-politica-empiezan-clarear\\\/#primaryimage\",\"url\":\"https:\\\/\\\/www.tressis.com\\\/wp-content\\\/uploads\\\/2017\\\/06\\\/20170612-mmv-1.jpg\",\"contentUrl\":\"https:\\\/\\\/www.tressis.com\\\/wp-content\\\/uploads\\\/2017\\\/06\\\/20170612-mmv-1.jpg\",\"width\":1100,\"height\":487},{\"@type\":\"BreadcrumbList\",\"@id\":\"https:\\\/\\\/www.tressis.com\\\/ca\\\/blog\\\/las-sombras-de-politica-empiezan-clarear\\\/#breadcrumb\",\"itemListElement\":[{\"@type\":\"ListItem\",\"position\":1,\"name\":\"Inicio\",\"item\":\"https:\\\/\\\/www.tressis.com\\\/ca\\\/\"},{\"@type\":\"ListItem\",\"position\":2,\"name\":\"Las sombras de la pol\u00edtica empiezan a clarear\"}]},{\"@type\":\"WebSite\",\"@id\":\"https:\\\/\\\/www.tressis.com\\\/ca\\\/#website\",\"url\":\"https:\\\/\\\/www.tressis.com\\\/ca\\\/\",\"name\":\"Tressis banca privada\",\"description\":\"Tressis | Planificaci\u00f3n financiera y gesti\u00f3n de patrimonios\",\"publisher\":{\"@id\":\"https:\\\/\\\/www.tressis.com\\\/ca\\\/#organization\"},\"potentialAction\":[{\"@type\":\"SearchAction\",\"target\":{\"@type\":\"EntryPoint\",\"urlTemplate\":\"https:\\\/\\\/www.tressis.com\\\/ca\\\/?s={search_term_string}\"},\"query-input\":{\"@type\":\"PropertyValueSpecification\",\"valueRequired\":true,\"valueName\":\"search_term_string\"}}],\"inLanguage\":\"ca\"},{\"@type\":\"Organization\",\"@id\":\"https:\\\/\\\/www.tressis.com\\\/ca\\\/#organization\",\"name\":\"Tressis\",\"url\":\"https:\\\/\\\/www.tressis.com\\\/ca\\\/\",\"logo\":{\"@type\":\"ImageObject\",\"inLanguage\":\"ca\",\"@id\":\"https:\\\/\\\/www.tressis.com\\\/ca\\\/#\\\/schema\\\/logo\\\/image\\\/\",\"url\":\"https:\\\/\\\/www.tressis.com\\\/wp-content\\\/uploads\\\/2025\\\/06\\\/logo-tressis-112.png\",\"contentUrl\":\"https:\\\/\\\/www.tressis.com\\\/wp-content\\\/uploads\\\/2025\\\/06\\\/logo-tressis-112.png\",\"width\":112,\"height\":112,\"caption\":\"Tressis\"},\"image\":{\"@id\":\"https:\\\/\\\/www.tressis.com\\\/ca\\\/#\\\/schema\\\/logo\\\/image\\\/\"},\"sameAs\":[\"https:\\\/\\\/www.facebook.com\\\/Tressis\\\/\",\"https:\\\/\\\/x.com\\\/TressisSV\",\"https:\\\/\\\/www.instagram.com\\\/tressissv\\\/?hl=es\",\"https:\\\/\\\/linkedin.com\\\/company\\\/tressis\\\/\",\"https:\\\/\\\/www.youtube.com\\\/user\\\/tressissv\",\"https:\\\/\\\/open.spotify.com\\\/show\\\/3jmTe1Nf0wqMILl7diWV6h?si=d7112519f13c4593&nd=1\"]},{\"@type\":\"Person\",\"@id\":\"https:\\\/\\\/www.tressis.com\\\/ca\\\/#\\\/schema\\\/person\\\/b833c1d724d8764920b6d6852c70584e\",\"name\":\"Lola\",\"image\":{\"@type\":\"ImageObject\",\"inLanguage\":\"ca\",\"@id\":\"https:\\\/\\\/secure.gravatar.com\\\/avatar\\\/05e646486b23ff45df9649110609c7e31b8c4a3e2821caa23d6317f405e0c51d?s=96&d=mm&r=g\",\"url\":\"https:\\\/\\\/secure.gravatar.com\\\/avatar\\\/05e646486b23ff45df9649110609c7e31b8c4a3e2821caa23d6317f405e0c51d?s=96&d=mm&r=g\",\"contentUrl\":\"https:\\\/\\\/secure.gravatar.com\\\/avatar\\\/05e646486b23ff45df9649110609c7e31b8c4a3e2821caa23d6317f405e0c51d?s=96&d=mm&r=g\",\"caption\":\"Lola\"}}]}<\/script>\n<!-- \/ Yoast SEO plugin. -->","yoast_head_json":{"title":"Las sombras de la pol\u00edtica empiezan a clarear","description":"Hoy nos centraremos en el efecto del brexit en la pol\u00edtica, el famoso \"caso Popular\" y la situaci\u00f3n macroecon\u00f3mica del pa\u00eds.","robots":{"index":"index","follow":"follow","max-snippet":"max-snippet:-1","max-image-preview":"max-image-preview:large","max-video-preview":"max-video-preview:-1"},"canonical":"https:\/\/www.tressis.com\/ca\/blog\/las-sombras-de-politica-empiezan-clarear\/","og_locale":"ca_ES","og_type":"article","og_title":"Las sombras de la pol\u00edtica empiezan a clarear","og_description":"Hoy nos centraremos en el efecto del brexit en la pol\u00edtica, el famoso \"caso Popular\" y la situaci\u00f3n macroecon\u00f3mica del pa\u00eds.","og_url":"https:\/\/www.tressis.com\/ca\/blog\/las-sombras-de-politica-empiezan-clarear\/","og_site_name":"Tressis","article_publisher":"https:\/\/www.facebook.com\/Tressis\/","article_published_time":"2017-06-12T09:04:28+00:00","og_image":[{"width":1100,"height":487,"url":"https:\/\/www.tressis.com\/wp-content\/uploads\/2017\/06\/20170612-mmv-1.jpg","type":"image\/jpeg"}],"author":"Lola","twitter_card":"summary_large_image","twitter_creator":"@TressisSV","twitter_site":"@TressisSV","twitter_misc":{"Escrit per":"Lola","Temps estimat de lectura":"2 minuts"},"schema":{"@context":"https:\/\/schema.org","@graph":[{"@type":"Article","@id":"https:\/\/www.tressis.com\/ca\/blog\/las-sombras-de-politica-empiezan-clarear\/#article","isPartOf":{"@id":"https:\/\/www.tressis.com\/ca\/blog\/las-sombras-de-politica-empiezan-clarear\/"},"author":{"name":"Lola","@id":"https:\/\/www.tressis.com\/ca\/#\/schema\/person\/b833c1d724d8764920b6d6852c70584e"},"headline":"Las sombras de la pol\u00edtica empiezan a clarear","datePublished":"2017-06-12T09:04:28+00:00","mainEntityOfPage":{"@id":"https:\/\/www.tressis.com\/ca\/blog\/las-sombras-de-politica-empiezan-clarear\/"},"wordCount":369,"commentCount":0,"publisher":{"@id":"https:\/\/www.tressis.com\/ca\/#organization"},"image":{"@id":"https:\/\/www.tressis.com\/ca\/blog\/las-sombras-de-politica-empiezan-clarear\/#primaryimage"},"thumbnailUrl":"https:\/\/www.tressis.com\/wp-content\/uploads\/2017\/06\/20170612-mmv-1.jpg","keywords":["Brexit","caso popular","CNMV","econom\u00eda","elecciones","Grecia","inflaci\u00f3n","inter\u00e9s","Italia","Jap\u00f3n","liberbank","M5E","pol\u00edtica","Theresha May"],"articleSection":["Morning meeting"],"inLanguage":"ca","potentialAction":[{"@type":"CommentAction","name":"Comment","target":["https:\/\/www.tressis.com\/ca\/blog\/las-sombras-de-politica-empiezan-clarear\/#respond"]}]},{"@type":"WebPage","@id":"https:\/\/www.tressis.com\/ca\/blog\/las-sombras-de-politica-empiezan-clarear\/","url":"https:\/\/www.tressis.com\/ca\/blog\/las-sombras-de-politica-empiezan-clarear\/","name":"Las sombras de la pol\u00edtica empiezan a clarear","isPartOf":{"@id":"https:\/\/www.tressis.com\/ca\/#website"},"primaryImageOfPage":{"@id":"https:\/\/www.tressis.com\/ca\/blog\/las-sombras-de-politica-empiezan-clarear\/#primaryimage"},"image":{"@id":"https:\/\/www.tressis.com\/ca\/blog\/las-sombras-de-politica-empiezan-clarear\/#primaryimage"},"thumbnailUrl":"https:\/\/www.tressis.com\/wp-content\/uploads\/2017\/06\/20170612-mmv-1.jpg","datePublished":"2017-06-12T09:04:28+00:00","description":"Hoy nos centraremos en el efecto del brexit en la pol\u00edtica, el famoso \"caso Popular\" y la situaci\u00f3n macroecon\u00f3mica del pa\u00eds.","breadcrumb":{"@id":"https:\/\/www.tressis.com\/ca\/blog\/las-sombras-de-politica-empiezan-clarear\/#breadcrumb"},"inLanguage":"ca","potentialAction":[{"@type":"ReadAction","target":["https:\/\/www.tressis.com\/ca\/blog\/las-sombras-de-politica-empiezan-clarear\/"]}]},{"@type":"ImageObject","inLanguage":"ca","@id":"https:\/\/www.tressis.com\/ca\/blog\/las-sombras-de-politica-empiezan-clarear\/#primaryimage","url":"https:\/\/www.tressis.com\/wp-content\/uploads\/2017\/06\/20170612-mmv-1.jpg","contentUrl":"https:\/\/www.tressis.com\/wp-content\/uploads\/2017\/06\/20170612-mmv-1.jpg","width":1100,"height":487},{"@type":"BreadcrumbList","@id":"https:\/\/www.tressis.com\/ca\/blog\/las-sombras-de-politica-empiezan-clarear\/#breadcrumb","itemListElement":[{"@type":"ListItem","position":1,"name":"Inicio","item":"https:\/\/www.tressis.com\/ca\/"},{"@type":"ListItem","position":2,"name":"Las sombras de la pol\u00edtica empiezan a clarear"}]},{"@type":"WebSite","@id":"https:\/\/www.tressis.com\/ca\/#website","url":"https:\/\/www.tressis.com\/ca\/","name":"Tressis banca privada","description":"Tressis | Planificaci\u00f3n financiera y gesti\u00f3n de patrimonios","publisher":{"@id":"https:\/\/www.tressis.com\/ca\/#organization"},"potentialAction":[{"@type":"SearchAction","target":{"@type":"EntryPoint","urlTemplate":"https:\/\/www.tressis.com\/ca\/?s={search_term_string}"},"query-input":{"@type":"PropertyValueSpecification","valueRequired":true,"valueName":"search_term_string"}}],"inLanguage":"ca"},{"@type":"Organization","@id":"https:\/\/www.tressis.com\/ca\/#organization","name":"Tressis","url":"https:\/\/www.tressis.com\/ca\/","logo":{"@type":"ImageObject","inLanguage":"ca","@id":"https:\/\/www.tressis.com\/ca\/#\/schema\/logo\/image\/","url":"https:\/\/www.tressis.com\/wp-content\/uploads\/2025\/06\/logo-tressis-112.png","contentUrl":"https:\/\/www.tressis.com\/wp-content\/uploads\/2025\/06\/logo-tressis-112.png","width":112,"height":112,"caption":"Tressis"},"image":{"@id":"https:\/\/www.tressis.com\/ca\/#\/schema\/logo\/image\/"},"sameAs":["https:\/\/www.facebook.com\/Tressis\/","https:\/\/x.com\/TressisSV","https:\/\/www.instagram.com\/tressissv\/?hl=es","https:\/\/linkedin.com\/company\/tressis\/","https:\/\/www.youtube.com\/user\/tressissv","https:\/\/open.spotify.com\/show\/3jmTe1Nf0wqMILl7diWV6h?si=d7112519f13c4593&nd=1"]},{"@type":"Person","@id":"https:\/\/www.tressis.com\/ca\/#\/schema\/person\/b833c1d724d8764920b6d6852c70584e","name":"Lola","image":{"@type":"ImageObject","inLanguage":"ca","@id":"https:\/\/secure.gravatar.com\/avatar\/05e646486b23ff45df9649110609c7e31b8c4a3e2821caa23d6317f405e0c51d?s=96&d=mm&r=g","url":"https:\/\/secure.gravatar.com\/avatar\/05e646486b23ff45df9649110609c7e31b8c4a3e2821caa23d6317f405e0c51d?s=96&d=mm&r=g","contentUrl":"https:\/\/secure.gravatar.com\/avatar\/05e646486b23ff45df9649110609c7e31b8c4a3e2821caa23d6317f405e0c51d?s=96&d=mm&r=g","caption":"Lola"}}]}},"_links":{"self":[{"href":"https:\/\/www.tressis.com\/ca\/wp-json\/wp\/v2\/posts\/25747","targetHints":{"allow":["GET"]}}],"collection":[{"href":"https:\/\/www.tressis.com\/ca\/wp-json\/wp\/v2\/posts"}],"about":[{"href":"https:\/\/www.tressis.com\/ca\/wp-json\/wp\/v2\/types\/post"}],"author":[{"embeddable":true,"href":"https:\/\/www.tressis.com\/ca\/wp-json\/wp\/v2\/users\/4"}],"replies":[{"embeddable":true,"href":"https:\/\/www.tressis.com\/ca\/wp-json\/wp\/v2\/comments?post=25747"}],"version-history":[{"count":0,"href":"https:\/\/www.tressis.com\/ca\/wp-json\/wp\/v2\/posts\/25747\/revisions"}],"wp:featuredmedia":[{"embeddable":true,"href":"https:\/\/www.tressis.com\/ca\/wp-json\/wp\/v2\/media\/25754"}],"wp:attachment":[{"href":"https:\/\/www.tressis.com\/ca\/wp-json\/wp\/v2\/media?parent=25747"}],"wp:term":[{"taxonomy":"category","embeddable":true,"href":"https:\/\/www.tressis.com\/ca\/wp-json\/wp\/v2\/categories?post=25747"},{"taxonomy":"post_tag","embeddable":true,"href":"https:\/\/www.tressis.com\/ca\/wp-json\/wp\/v2\/tags?post=25747"}],"curies":[{"name":"wp","href":"https:\/\/api.w.org\/{rel}","templated":true}]}}