{"id":25623,"date":"2017-05-30T10:55:44","date_gmt":"2017-05-30T08:55:44","guid":{"rendered":"http:\/\/www.tressis.com\/blog\/?p=25623"},"modified":"2017-05-30T10:55:44","modified_gmt":"2017-05-30T08:55:44","slug":"mario-draghi-defendio-los-buenos-pilares-economicos","status":"publish","type":"post","link":"https:\/\/www.tressis.com\/ca\/blog\/mario-draghi-defendio-los-buenos-pilares-economicos\/","title":{"rendered":"Mario Draghi defendi\u00f3 los buenos pilares econ\u00f3micos"},"content":{"rendered":"<p>La jornada de ayer tuvo poco de rese\u00f1able desde el punto de vista de las bolsas, ya que tanto Nueva York como Londres permanecieron cerradas haciendo cerrar a los \u00edndices europeos planos en t\u00e9rminos generales.<!--more--><\/p>\n<p>No obstante, en Europa s\u00ed tuvimos eventos que seguir, en concreto la comparecencia de Mario Draghi ante el Comit\u00e9 Econ\u00f3mico y de Asuntos Monetarios del Parlamento Europeo, donde defendi\u00f3 los buenos pilares econ\u00f3micos sobre los que ahora se erige la econom\u00eda europea y los riesgos que se han disipado. No obstante, hizo referencia expl\u00edcita a que, mientras la inflaci\u00f3n subyacente siga siendo d\u00e9bil, los est\u00edmulos monetarios son necesarios. Algo que, a priori, resta argumentos a aquellos que comienzan a vender el rumor de un posible <i>tapering<\/i> europeo.<\/p>\n<p>Desde el punto de vista pol\u00edtico, los perif\u00e9ricos seguimos, casi cinco a\u00f1os despu\u00e9s de la &#8220;crisis del euro&#8221;, siendo el quebradero de cabeza de los pa\u00edses m\u00e1s serios. A las negociaciones que mantiene el FMI con Grecia \u2014que b\u00e1sicamente consisten en que la Instituci\u00f3n no pondr\u00e1 m\u00e1s dinero si los acreedores no asumen reestructurar la deuda helena\u2014 se suma ahora el eternamente inestable Gobierno italiano. As\u00ed, algunos partidos estar\u00edan negociando una ley electoral que de ventaja a los grandes partidos en detrimento de los m\u00e1s peque\u00f1os y que abocar\u00eda al presidente de la Rep\u00fablica, Sergio Mattarella, a convocar nuevas elecciones a la vuelta del verano, algo que preocupa ante los buenos resultados en intenci\u00f3n de voto que tiene el euroesc\u00e9ptico Movimiento 5 Estrellas. <\/p>\n<p>En la sesi\u00f3n de hoy contaremos con referencias de precios al consumo y datos de confianza, tanto en diferentes pa\u00edses europeos como en EE.UU.<\/p>\n<p>Buen d\u00eda.<\/p>\n<p><strong>Pablo Nortes Planas<\/strong><br \/>\nDirecci\u00f3n de Inversiones<\/p>\n","protected":false},"excerpt":{"rendered":"<p>La jornada de ayer tuvo poco de rese\u00f1able desde el punto de vista de las bolsas, ya que tanto Nueva York como Londres permanecieron cerradas haciendo cerrar a los \u00edndices europeos planos en t\u00e9rminos generales.<\/p>\n","protected":false},"author":4,"featured_media":25624,"comment_status":"open","ping_status":"closed","sticky":false,"template":"","format":"standard","meta":{"_acf_changed":false,"footnotes":""},"categories":[9721],"tags":[327,1251,2129,2206,2556,2790,3070,3112,3416,4513,5114,6152,6417,6454],"class_list":["post-25623","post","type-post","status-publish","format-standard","has-post-thumbnail","hentry","category-morning-meeting","tag-asuntos-monetarios-parlamento-europeo","tag-comite-economico","tag-draghi","tag-eeuu","tag-europa","tag-fmi","tag-gobierno-italiano","tag-grecia","tag-indices-europeos","tag-nueva-york","tag-precios-al-consumo","tag-sergio-mattarella","tag-subyacente-debil","tag-tapering"],"acf":[],"yoast_head":"<!-- This site is optimized with the Yoast SEO plugin v27.5 - https:\/\/yoast.com\/product\/yoast-seo-wordpress\/ -->\n<title>Mario Draghi defendi\u00f3 los buenos pilares econ\u00f3micos<\/title>\n<meta name=\"description\" content=\"Hizo referencia expl\u00edcita a que, mientras la inflaci\u00f3n subyacente siga siendo d\u00e9bil, los est\u00edmulos monetarios son necesarios.\" \/>\n<meta name=\"robots\" content=\"index, follow, max-snippet:-1, max-image-preview:large, max-video-preview:-1\" \/>\n<link rel=\"canonical\" href=\"https:\/\/www.tressis.com\/ca\/blog\/mario-draghi-defendio-los-buenos-pilares-economicos\/\" \/>\n<meta property=\"og:locale\" content=\"ca_ES\" \/>\n<meta property=\"og:type\" content=\"article\" \/>\n<meta property=\"og:title\" content=\"Mario Draghi defendi\u00f3 los buenos pilares econ\u00f3micos\" \/>\n<meta property=\"og:description\" content=\"Hizo referencia expl\u00edcita a que, mientras la inflaci\u00f3n subyacente siga siendo d\u00e9bil, los est\u00edmulos monetarios son necesarios.\" \/>\n<meta property=\"og:url\" content=\"https:\/\/www.tressis.com\/ca\/blog\/mario-draghi-defendio-los-buenos-pilares-economicos\/\" \/>\n<meta property=\"og:site_name\" content=\"Tressis\" \/>\n<meta property=\"article:publisher\" content=\"https:\/\/www.facebook.com\/Tressis\/\" \/>\n<meta property=\"article:published_time\" content=\"2017-05-30T08:55:44+00:00\" \/>\n<meta property=\"og:image\" content=\"https:\/\/www.tressis.com\/wp-content\/uploads\/2017\/05\/20170530-mmv.jpg\" \/>\n\t<meta property=\"og:image:width\" content=\"1100\" \/>\n\t<meta property=\"og:image:height\" content=\"487\" \/>\n\t<meta property=\"og:image:type\" content=\"image\/jpeg\" \/>\n<meta name=\"author\" content=\"Lola\" \/>\n<meta name=\"twitter:card\" content=\"summary_large_image\" \/>\n<meta name=\"twitter:creator\" content=\"@TressisSV\" \/>\n<meta name=\"twitter:site\" content=\"@TressisSV\" \/>\n<meta name=\"twitter:label1\" content=\"Escrit per\" \/>\n\t<meta name=\"twitter:data1\" content=\"Lola\" \/>\n\t<meta name=\"twitter:label2\" content=\"Temps estimat de lectura\" \/>\n\t<meta name=\"twitter:data2\" content=\"2 minuts\" \/>\n<script type=\"application\/ld+json\" class=\"yoast-schema-graph\">{\"@context\":\"https:\\\/\\\/schema.org\",\"@graph\":[{\"@type\":\"Article\",\"@id\":\"https:\\\/\\\/www.tressis.com\\\/ca\\\/blog\\\/mario-draghi-defendio-los-buenos-pilares-economicos\\\/#article\",\"isPartOf\":{\"@id\":\"https:\\\/\\\/www.tressis.com\\\/ca\\\/blog\\\/mario-draghi-defendio-los-buenos-pilares-economicos\\\/\"},\"author\":{\"name\":\"Lola\",\"@id\":\"https:\\\/\\\/www.tressis.com\\\/ca\\\/#\\\/schema\\\/person\\\/b833c1d724d8764920b6d6852c70584e\"},\"headline\":\"Mario Draghi defendi\u00f3 los buenos pilares econ\u00f3micos\",\"datePublished\":\"2017-05-30T08:55:44+00:00\",\"mainEntityOfPage\":{\"@id\":\"https:\\\/\\\/www.tressis.com\\\/ca\\\/blog\\\/mario-draghi-defendio-los-buenos-pilares-economicos\\\/\"},\"wordCount\":314,\"commentCount\":0,\"publisher\":{\"@id\":\"https:\\\/\\\/www.tressis.com\\\/ca\\\/#organization\"},\"image\":{\"@id\":\"https:\\\/\\\/www.tressis.com\\\/ca\\\/blog\\\/mario-draghi-defendio-los-buenos-pilares-economicos\\\/#primaryimage\"},\"thumbnailUrl\":\"https:\\\/\\\/www.tressis.com\\\/wp-content\\\/uploads\\\/2017\\\/05\\\/20170530-mmv.jpg\",\"keywords\":[\"asuntos monetarios parlamento europeo\",\"Comit\u00e9 econ\u00f3mico\",\"draghi\",\"EEUU\",\"Europa\",\"FMI\",\"Gobierno italiano\",\"Grecia\",\"\u00edndices europeos\",\"Nueva York\",\"precios al consumo\",\"Sergio Mattarella\",\"subyacente d\u00e9bil\",\"tapering\"],\"articleSection\":[\"Morning meeting\"],\"inLanguage\":\"ca\",\"potentialAction\":[{\"@type\":\"CommentAction\",\"name\":\"Comment\",\"target\":[\"https:\\\/\\\/www.tressis.com\\\/ca\\\/blog\\\/mario-draghi-defendio-los-buenos-pilares-economicos\\\/#respond\"]}]},{\"@type\":\"WebPage\",\"@id\":\"https:\\\/\\\/www.tressis.com\\\/ca\\\/blog\\\/mario-draghi-defendio-los-buenos-pilares-economicos\\\/\",\"url\":\"https:\\\/\\\/www.tressis.com\\\/ca\\\/blog\\\/mario-draghi-defendio-los-buenos-pilares-economicos\\\/\",\"name\":\"Mario Draghi defendi\u00f3 los buenos pilares econ\u00f3micos\",\"isPartOf\":{\"@id\":\"https:\\\/\\\/www.tressis.com\\\/ca\\\/#website\"},\"primaryImageOfPage\":{\"@id\":\"https:\\\/\\\/www.tressis.com\\\/ca\\\/blog\\\/mario-draghi-defendio-los-buenos-pilares-economicos\\\/#primaryimage\"},\"image\":{\"@id\":\"https:\\\/\\\/www.tressis.com\\\/ca\\\/blog\\\/mario-draghi-defendio-los-buenos-pilares-economicos\\\/#primaryimage\"},\"thumbnailUrl\":\"https:\\\/\\\/www.tressis.com\\\/wp-content\\\/uploads\\\/2017\\\/05\\\/20170530-mmv.jpg\",\"datePublished\":\"2017-05-30T08:55:44+00:00\",\"description\":\"Hizo referencia expl\u00edcita a que, mientras la inflaci\u00f3n subyacente siga siendo d\u00e9bil, los est\u00edmulos monetarios son necesarios.\",\"breadcrumb\":{\"@id\":\"https:\\\/\\\/www.tressis.com\\\/ca\\\/blog\\\/mario-draghi-defendio-los-buenos-pilares-economicos\\\/#breadcrumb\"},\"inLanguage\":\"ca\",\"potentialAction\":[{\"@type\":\"ReadAction\",\"target\":[\"https:\\\/\\\/www.tressis.com\\\/ca\\\/blog\\\/mario-draghi-defendio-los-buenos-pilares-economicos\\\/\"]}]},{\"@type\":\"ImageObject\",\"inLanguage\":\"ca\",\"@id\":\"https:\\\/\\\/www.tressis.com\\\/ca\\\/blog\\\/mario-draghi-defendio-los-buenos-pilares-economicos\\\/#primaryimage\",\"url\":\"https:\\\/\\\/www.tressis.com\\\/wp-content\\\/uploads\\\/2017\\\/05\\\/20170530-mmv.jpg\",\"contentUrl\":\"https:\\\/\\\/www.tressis.com\\\/wp-content\\\/uploads\\\/2017\\\/05\\\/20170530-mmv.jpg\",\"width\":1100,\"height\":487,\"caption\":\"Mario Draghi defendi\u00f3 los buenos pilares econ\u00f3micos\"},{\"@type\":\"BreadcrumbList\",\"@id\":\"https:\\\/\\\/www.tressis.com\\\/ca\\\/blog\\\/mario-draghi-defendio-los-buenos-pilares-economicos\\\/#breadcrumb\",\"itemListElement\":[{\"@type\":\"ListItem\",\"position\":1,\"name\":\"Inicio\",\"item\":\"https:\\\/\\\/www.tressis.com\\\/ca\\\/\"},{\"@type\":\"ListItem\",\"position\":2,\"name\":\"Mario Draghi defendi\u00f3 los buenos pilares econ\u00f3micos\"}]},{\"@type\":\"WebSite\",\"@id\":\"https:\\\/\\\/www.tressis.com\\\/ca\\\/#website\",\"url\":\"https:\\\/\\\/www.tressis.com\\\/ca\\\/\",\"name\":\"Tressis banca privada\",\"description\":\"Tressis | Planificaci\u00f3n financiera y gesti\u00f3n de patrimonios\",\"publisher\":{\"@id\":\"https:\\\/\\\/www.tressis.com\\\/ca\\\/#organization\"},\"potentialAction\":[{\"@type\":\"SearchAction\",\"target\":{\"@type\":\"EntryPoint\",\"urlTemplate\":\"https:\\\/\\\/www.tressis.com\\\/ca\\\/?s={search_term_string}\"},\"query-input\":{\"@type\":\"PropertyValueSpecification\",\"valueRequired\":true,\"valueName\":\"search_term_string\"}}],\"inLanguage\":\"ca\"},{\"@type\":\"Organization\",\"@id\":\"https:\\\/\\\/www.tressis.com\\\/ca\\\/#organization\",\"name\":\"Tressis\",\"url\":\"https:\\\/\\\/www.tressis.com\\\/ca\\\/\",\"logo\":{\"@type\":\"ImageObject\",\"inLanguage\":\"ca\",\"@id\":\"https:\\\/\\\/www.tressis.com\\\/ca\\\/#\\\/schema\\\/logo\\\/image\\\/\",\"url\":\"https:\\\/\\\/www.tressis.com\\\/wp-content\\\/uploads\\\/2025\\\/06\\\/logo-tressis-112.png\",\"contentUrl\":\"https:\\\/\\\/www.tressis.com\\\/wp-content\\\/uploads\\\/2025\\\/06\\\/logo-tressis-112.png\",\"width\":112,\"height\":112,\"caption\":\"Tressis\"},\"image\":{\"@id\":\"https:\\\/\\\/www.tressis.com\\\/ca\\\/#\\\/schema\\\/logo\\\/image\\\/\"},\"sameAs\":[\"https:\\\/\\\/www.facebook.com\\\/Tressis\\\/\",\"https:\\\/\\\/x.com\\\/TressisSV\",\"https:\\\/\\\/www.instagram.com\\\/tressissv\\\/?hl=es\",\"https:\\\/\\\/linkedin.com\\\/company\\\/tressis\\\/\",\"https:\\\/\\\/www.youtube.com\\\/user\\\/tressissv\",\"https:\\\/\\\/open.spotify.com\\\/show\\\/3jmTe1Nf0wqMILl7diWV6h?si=d7112519f13c4593&nd=1\"]},{\"@type\":\"Person\",\"@id\":\"https:\\\/\\\/www.tressis.com\\\/ca\\\/#\\\/schema\\\/person\\\/b833c1d724d8764920b6d6852c70584e\",\"name\":\"Lola\",\"image\":{\"@type\":\"ImageObject\",\"inLanguage\":\"ca\",\"@id\":\"https:\\\/\\\/secure.gravatar.com\\\/avatar\\\/05e646486b23ff45df9649110609c7e31b8c4a3e2821caa23d6317f405e0c51d?s=96&d=mm&r=g\",\"url\":\"https:\\\/\\\/secure.gravatar.com\\\/avatar\\\/05e646486b23ff45df9649110609c7e31b8c4a3e2821caa23d6317f405e0c51d?s=96&d=mm&r=g\",\"contentUrl\":\"https:\\\/\\\/secure.gravatar.com\\\/avatar\\\/05e646486b23ff45df9649110609c7e31b8c4a3e2821caa23d6317f405e0c51d?s=96&d=mm&r=g\",\"caption\":\"Lola\"}}]}<\/script>\n<!-- \/ Yoast SEO plugin. -->","yoast_head_json":{"title":"Mario Draghi defendi\u00f3 los buenos pilares econ\u00f3micos","description":"Hizo referencia expl\u00edcita a que, mientras la inflaci\u00f3n subyacente siga siendo d\u00e9bil, los est\u00edmulos monetarios son necesarios.","robots":{"index":"index","follow":"follow","max-snippet":"max-snippet:-1","max-image-preview":"max-image-preview:large","max-video-preview":"max-video-preview:-1"},"canonical":"https:\/\/www.tressis.com\/ca\/blog\/mario-draghi-defendio-los-buenos-pilares-economicos\/","og_locale":"ca_ES","og_type":"article","og_title":"Mario Draghi defendi\u00f3 los buenos pilares econ\u00f3micos","og_description":"Hizo referencia expl\u00edcita a que, mientras la inflaci\u00f3n subyacente siga siendo d\u00e9bil, los est\u00edmulos monetarios son necesarios.","og_url":"https:\/\/www.tressis.com\/ca\/blog\/mario-draghi-defendio-los-buenos-pilares-economicos\/","og_site_name":"Tressis","article_publisher":"https:\/\/www.facebook.com\/Tressis\/","article_published_time":"2017-05-30T08:55:44+00:00","og_image":[{"width":1100,"height":487,"url":"https:\/\/www.tressis.com\/wp-content\/uploads\/2017\/05\/20170530-mmv.jpg","type":"image\/jpeg"}],"author":"Lola","twitter_card":"summary_large_image","twitter_creator":"@TressisSV","twitter_site":"@TressisSV","twitter_misc":{"Escrit per":"Lola","Temps estimat de lectura":"2 minuts"},"schema":{"@context":"https:\/\/schema.org","@graph":[{"@type":"Article","@id":"https:\/\/www.tressis.com\/ca\/blog\/mario-draghi-defendio-los-buenos-pilares-economicos\/#article","isPartOf":{"@id":"https:\/\/www.tressis.com\/ca\/blog\/mario-draghi-defendio-los-buenos-pilares-economicos\/"},"author":{"name":"Lola","@id":"https:\/\/www.tressis.com\/ca\/#\/schema\/person\/b833c1d724d8764920b6d6852c70584e"},"headline":"Mario Draghi defendi\u00f3 los buenos pilares econ\u00f3micos","datePublished":"2017-05-30T08:55:44+00:00","mainEntityOfPage":{"@id":"https:\/\/www.tressis.com\/ca\/blog\/mario-draghi-defendio-los-buenos-pilares-economicos\/"},"wordCount":314,"commentCount":0,"publisher":{"@id":"https:\/\/www.tressis.com\/ca\/#organization"},"image":{"@id":"https:\/\/www.tressis.com\/ca\/blog\/mario-draghi-defendio-los-buenos-pilares-economicos\/#primaryimage"},"thumbnailUrl":"https:\/\/www.tressis.com\/wp-content\/uploads\/2017\/05\/20170530-mmv.jpg","keywords":["asuntos monetarios parlamento europeo","Comit\u00e9 econ\u00f3mico","draghi","EEUU","Europa","FMI","Gobierno italiano","Grecia","\u00edndices europeos","Nueva York","precios al consumo","Sergio Mattarella","subyacente d\u00e9bil","tapering"],"articleSection":["Morning meeting"],"inLanguage":"ca","potentialAction":[{"@type":"CommentAction","name":"Comment","target":["https:\/\/www.tressis.com\/ca\/blog\/mario-draghi-defendio-los-buenos-pilares-economicos\/#respond"]}]},{"@type":"WebPage","@id":"https:\/\/www.tressis.com\/ca\/blog\/mario-draghi-defendio-los-buenos-pilares-economicos\/","url":"https:\/\/www.tressis.com\/ca\/blog\/mario-draghi-defendio-los-buenos-pilares-economicos\/","name":"Mario Draghi defendi\u00f3 los buenos pilares econ\u00f3micos","isPartOf":{"@id":"https:\/\/www.tressis.com\/ca\/#website"},"primaryImageOfPage":{"@id":"https:\/\/www.tressis.com\/ca\/blog\/mario-draghi-defendio-los-buenos-pilares-economicos\/#primaryimage"},"image":{"@id":"https:\/\/www.tressis.com\/ca\/blog\/mario-draghi-defendio-los-buenos-pilares-economicos\/#primaryimage"},"thumbnailUrl":"https:\/\/www.tressis.com\/wp-content\/uploads\/2017\/05\/20170530-mmv.jpg","datePublished":"2017-05-30T08:55:44+00:00","description":"Hizo referencia expl\u00edcita a que, mientras la inflaci\u00f3n subyacente siga siendo d\u00e9bil, los est\u00edmulos monetarios son necesarios.","breadcrumb":{"@id":"https:\/\/www.tressis.com\/ca\/blog\/mario-draghi-defendio-los-buenos-pilares-economicos\/#breadcrumb"},"inLanguage":"ca","potentialAction":[{"@type":"ReadAction","target":["https:\/\/www.tressis.com\/ca\/blog\/mario-draghi-defendio-los-buenos-pilares-economicos\/"]}]},{"@type":"ImageObject","inLanguage":"ca","@id":"https:\/\/www.tressis.com\/ca\/blog\/mario-draghi-defendio-los-buenos-pilares-economicos\/#primaryimage","url":"https:\/\/www.tressis.com\/wp-content\/uploads\/2017\/05\/20170530-mmv.jpg","contentUrl":"https:\/\/www.tressis.com\/wp-content\/uploads\/2017\/05\/20170530-mmv.jpg","width":1100,"height":487,"caption":"Mario Draghi defendi\u00f3 los buenos pilares econ\u00f3micos"},{"@type":"BreadcrumbList","@id":"https:\/\/www.tressis.com\/ca\/blog\/mario-draghi-defendio-los-buenos-pilares-economicos\/#breadcrumb","itemListElement":[{"@type":"ListItem","position":1,"name":"Inicio","item":"https:\/\/www.tressis.com\/ca\/"},{"@type":"ListItem","position":2,"name":"Mario Draghi defendi\u00f3 los buenos pilares econ\u00f3micos"}]},{"@type":"WebSite","@id":"https:\/\/www.tressis.com\/ca\/#website","url":"https:\/\/www.tressis.com\/ca\/","name":"Tressis banca privada","description":"Tressis | Planificaci\u00f3n financiera y gesti\u00f3n de patrimonios","publisher":{"@id":"https:\/\/www.tressis.com\/ca\/#organization"},"potentialAction":[{"@type":"SearchAction","target":{"@type":"EntryPoint","urlTemplate":"https:\/\/www.tressis.com\/ca\/?s={search_term_string}"},"query-input":{"@type":"PropertyValueSpecification","valueRequired":true,"valueName":"search_term_string"}}],"inLanguage":"ca"},{"@type":"Organization","@id":"https:\/\/www.tressis.com\/ca\/#organization","name":"Tressis","url":"https:\/\/www.tressis.com\/ca\/","logo":{"@type":"ImageObject","inLanguage":"ca","@id":"https:\/\/www.tressis.com\/ca\/#\/schema\/logo\/image\/","url":"https:\/\/www.tressis.com\/wp-content\/uploads\/2025\/06\/logo-tressis-112.png","contentUrl":"https:\/\/www.tressis.com\/wp-content\/uploads\/2025\/06\/logo-tressis-112.png","width":112,"height":112,"caption":"Tressis"},"image":{"@id":"https:\/\/www.tressis.com\/ca\/#\/schema\/logo\/image\/"},"sameAs":["https:\/\/www.facebook.com\/Tressis\/","https:\/\/x.com\/TressisSV","https:\/\/www.instagram.com\/tressissv\/?hl=es","https:\/\/linkedin.com\/company\/tressis\/","https:\/\/www.youtube.com\/user\/tressissv","https:\/\/open.spotify.com\/show\/3jmTe1Nf0wqMILl7diWV6h?si=d7112519f13c4593&nd=1"]},{"@type":"Person","@id":"https:\/\/www.tressis.com\/ca\/#\/schema\/person\/b833c1d724d8764920b6d6852c70584e","name":"Lola","image":{"@type":"ImageObject","inLanguage":"ca","@id":"https:\/\/secure.gravatar.com\/avatar\/05e646486b23ff45df9649110609c7e31b8c4a3e2821caa23d6317f405e0c51d?s=96&d=mm&r=g","url":"https:\/\/secure.gravatar.com\/avatar\/05e646486b23ff45df9649110609c7e31b8c4a3e2821caa23d6317f405e0c51d?s=96&d=mm&r=g","contentUrl":"https:\/\/secure.gravatar.com\/avatar\/05e646486b23ff45df9649110609c7e31b8c4a3e2821caa23d6317f405e0c51d?s=96&d=mm&r=g","caption":"Lola"}}]}},"_links":{"self":[{"href":"https:\/\/www.tressis.com\/ca\/wp-json\/wp\/v2\/posts\/25623","targetHints":{"allow":["GET"]}}],"collection":[{"href":"https:\/\/www.tressis.com\/ca\/wp-json\/wp\/v2\/posts"}],"about":[{"href":"https:\/\/www.tressis.com\/ca\/wp-json\/wp\/v2\/types\/post"}],"author":[{"embeddable":true,"href":"https:\/\/www.tressis.com\/ca\/wp-json\/wp\/v2\/users\/4"}],"replies":[{"embeddable":true,"href":"https:\/\/www.tressis.com\/ca\/wp-json\/wp\/v2\/comments?post=25623"}],"version-history":[{"count":0,"href":"https:\/\/www.tressis.com\/ca\/wp-json\/wp\/v2\/posts\/25623\/revisions"}],"wp:featuredmedia":[{"embeddable":true,"href":"https:\/\/www.tressis.com\/ca\/wp-json\/wp\/v2\/media\/25624"}],"wp:attachment":[{"href":"https:\/\/www.tressis.com\/ca\/wp-json\/wp\/v2\/media?parent=25623"}],"wp:term":[{"taxonomy":"category","embeddable":true,"href":"https:\/\/www.tressis.com\/ca\/wp-json\/wp\/v2\/categories?post=25623"},{"taxonomy":"post_tag","embeddable":true,"href":"https:\/\/www.tressis.com\/ca\/wp-json\/wp\/v2\/tags?post=25623"}],"curies":[{"name":"wp","href":"https:\/\/api.w.org\/{rel}","templated":true}]}}