{"id":25572,"date":"2017-05-25T11:04:59","date_gmt":"2017-05-25T09:04:59","guid":{"rendered":"http:\/\/www.tressis.com\/blog\/?p=25572"},"modified":"2017-05-25T11:04:59","modified_gmt":"2017-05-25T09:04:59","slug":"mercado-reacciona-ante-la-rebaja-del-rating-chino","status":"publish","type":"post","link":"https:\/\/www.tressis.com\/ca\/blog\/mercado-reacciona-ante-la-rebaja-del-rating-chino\/","title":{"rendered":"El mercado reacciona ante la rebaja del rating Chino"},"content":{"rendered":"<p>Por m\u00e1s que lo quiera ocultar, el mercado no ha recibido de buena gana la rebaja del <i>rating<\/i> chino, que remueve los miedos al exceso de apalancamiento del sector p\u00fablico-privado del gigante.<!--more--><\/p>\n<p>Pero ten\u00eda la suerte ayer de que se publicaban las actas de la \u00faltima reuni\u00f3n de la Reserva Federal, a partir de las que los inversores ya est\u00e1n cotizando al 100% una subida de tipos para junio. Ciertamente no fue el \u00fanico mensaje significativo, pues tambi\u00e9n se muestra la unanimidad que existe sobre la necesidad de reducir el balance del banco central. Esa misma unanimidad que se ha evaporado respecto a si las lecturas m\u00e1s o menos a la baja de los indicadores de precios m\u00e1s recientes son puntuales, o si nos est\u00e1n diciendo algo m\u00e1s.<\/p>\n<p>Seguramente por el impacto de las actas de la Fed es por lo que las no novedades del BCE pasaron relativamente inadvertidas. Tambi\u00e9n es verdad que Mario Draghi se aline\u00f3 con el mensaje oficial que dice que el QE y los tipos cero y negativos han sido un \u00e9xito sin paliativos capaces de suavizar las consecuencias de la crisis. En resumen, nada nuevo. Sin embargo s\u00ed que hizo una advertencia que deber\u00eda ser por lo menos tomada en cuenta, pues alerta de lo que podr\u00edan sufrir los mercados financieros en un entorno contrario, tanto por la v\u00eda de unos bonos sin rentabilidad como por la de unas bolsas que pagan al cero la volatilidad.<\/p>\n<p>Por su parte, los ciudadanos de a pie de Alemania se siguen empe\u00f1ando en demostrar que tienen criterios propios para evaluar el estado de la econom\u00eda y dejar al margen, que es donde muchas veces debe estar, la pol\u00edtica. As\u00ed se lee el m\u00e1ximo desde 2001 alcanzado por la confianza de los consumidores Gfk, s\u00f3lo un d\u00eda despu\u00e9s de que la confianza empresarial IFO rompiera nuevos m\u00e1ximos desde que se calcula.<\/p>\n<p>Terminamos recordando que hoy se celebra la reuni\u00f3n de la OPEP en la que se supone que ya se ha vendido todo el producto. Habr\u00e1 apret\u00f3n de manos para mantener los recortes de producci\u00f3n con el objetivo \u00faltimo de subir los precios (o eso dicen)&#8230; pero sin contar con el techo que marca el <i>shale<\/i> norteamericano, cuando no las proposiciones de Trump de vender inventarios.<\/p>\n<p>Buen d\u00eda.<br \/>\n<strong><br \/>\nAm\u00edlcar Barrios Vilallonga<\/strong><br \/>\nDirecci\u00f3n de Inversiones<\/p>\n","protected":false},"excerpt":{"rendered":"<p>Por m\u00e1s que lo quiera ocultar, el mercado no ha recibido de buena gana la rebaja del rating chino, que remueve los miedos al exceso de apalancamiento del sector p\u00fablico-privado del gigante.<\/p>\n","protected":false},"author":4,"featured_media":25573,"comment_status":"open","ping_status":"closed","sticky":false,"template":"","format":"standard","meta":{"_acf_changed":false,"footnotes":""},"categories":[9721],"tags":[141,559,790,1118,1383,1417,2720,3239,3973,5313,5357,5496,5761,6612,6734],"class_list":["post-25572","post","type-post","status-publish","format-standard","has-post-thumbnail","hentry","category-morning-meeting","tag-alemania","tag-bce","tag-bonos-sin-rentabilidad","tag-china","tag-consecuencias-de-la-crisis","tag-consumidores-gfk","tag-fed","tag-ifo-nuevos-maximos","tag-mario-draghi","tag-qe","tag-rating-chino","tag-reducir-balance-banco-central","tag-reserva-federal","tag-tipos-cero","tag-trump"],"acf":[],"yoast_head":"<!-- This site is optimized with the Yoast SEO plugin v28.3 - https:\/\/yoast.com\/product\/yoast-seo-wordpress\/ -->\n<title>El mercado reacciona ante la rebaja del rating Chino<\/title>\n<meta name=\"description\" content=\"Aunque lo quisieron ocultar no pudieron, y eso que tuvieron la suerte de que ayer tambi\u00e9n se publicaran las actas de la \u00faltima reuni\u00f3n de la Reserva Federal\" \/>\n<meta name=\"robots\" content=\"index, follow, max-snippet:-1, max-image-preview:large, max-video-preview:-1\" \/>\n<link rel=\"canonical\" href=\"https:\/\/www.tressis.com\/ca\/blog\/mercado-reacciona-ante-la-rebaja-del-rating-chino\/\" \/>\n<meta property=\"og:locale\" content=\"ca_ES\" \/>\n<meta property=\"og:type\" content=\"article\" \/>\n<meta property=\"og:title\" content=\"El mercado reacciona ante la rebaja del rating Chino\" \/>\n<meta property=\"og:description\" content=\"Aunque lo quisieron ocultar no pudieron, y eso que tuvieron la suerte de que ayer tambi\u00e9n se publicaran las actas de la \u00faltima reuni\u00f3n de la Reserva Federal\" \/>\n<meta property=\"og:url\" content=\"https:\/\/www.tressis.com\/ca\/blog\/mercado-reacciona-ante-la-rebaja-del-rating-chino\/\" \/>\n<meta property=\"og:site_name\" content=\"Tressis\" \/>\n<meta property=\"article:publisher\" content=\"https:\/\/www.facebook.com\/Tressis\/\" \/>\n<meta property=\"article:published_time\" content=\"2017-05-25T09:04:59+00:00\" \/>\n<meta property=\"og:image\" content=\"https:\/\/www.tressis.com\/wp-content\/uploads\/2017\/05\/20170525-mmv.jpg\" \/>\n\t<meta property=\"og:image:width\" content=\"1100\" \/>\n\t<meta property=\"og:image:height\" content=\"487\" \/>\n\t<meta property=\"og:image:type\" content=\"image\/jpeg\" \/>\n<meta name=\"author\" content=\"Lola\" \/>\n<meta name=\"twitter:card\" content=\"summary_large_image\" \/>\n<meta name=\"twitter:creator\" content=\"@TressisSV\" \/>\n<meta name=\"twitter:site\" content=\"@TressisSV\" \/>\n<meta name=\"twitter:label1\" content=\"Escrit per\" \/>\n\t<meta name=\"twitter:data1\" content=\"Lola\" \/>\n\t<meta name=\"twitter:label2\" content=\"Temps estimat de lectura\" \/>\n\t<meta name=\"twitter:data2\" content=\"2 minuts\" \/>\n<script type=\"application\/ld+json\" class=\"yoast-schema-graph\">{\"@context\":\"https:\\\/\\\/schema.org\",\"@graph\":[{\"@type\":\"Article\",\"@id\":\"https:\\\/\\\/www.tressis.com\\\/ca\\\/blog\\\/mercado-reacciona-ante-la-rebaja-del-rating-chino\\\/#article\",\"isPartOf\":{\"@id\":\"https:\\\/\\\/www.tressis.com\\\/ca\\\/blog\\\/mercado-reacciona-ante-la-rebaja-del-rating-chino\\\/\"},\"author\":{\"name\":\"Lola\",\"@id\":\"https:\\\/\\\/www.tressis.com\\\/ca\\\/#\\\/schema\\\/person\\\/b833c1d724d8764920b6d6852c70584e\"},\"headline\":\"El mercado reacciona ante la rebaja del rating Chino\",\"datePublished\":\"2017-05-25T09:04:59+00:00\",\"mainEntityOfPage\":{\"@id\":\"https:\\\/\\\/www.tressis.com\\\/ca\\\/blog\\\/mercado-reacciona-ante-la-rebaja-del-rating-chino\\\/\"},\"wordCount\":421,\"commentCount\":0,\"publisher\":{\"@id\":\"https:\\\/\\\/www.tressis.com\\\/ca\\\/#organization\"},\"image\":{\"@id\":\"https:\\\/\\\/www.tressis.com\\\/ca\\\/blog\\\/mercado-reacciona-ante-la-rebaja-del-rating-chino\\\/#primaryimage\"},\"thumbnailUrl\":\"https:\\\/\\\/www.tressis.com\\\/wp-content\\\/uploads\\\/2017\\\/05\\\/20170525-mmv.jpg\",\"keywords\":[\"Alemania\",\"BCE\",\"bonos sin rentabilidad\",\"china\",\"consecuencias de la crisis\",\"consumidores Gfk\",\"fed\",\"IFO nuevos m\u00e1ximos\",\"Mario Draghi\",\"QE\",\"rating Chino\",\"reducir balance banco central\",\"Reserva Federal\",\"tipos cero\",\"Trump\"],\"articleSection\":[\"Morning meeting\"],\"inLanguage\":\"ca\",\"potentialAction\":[{\"@type\":\"CommentAction\",\"name\":\"Comment\",\"target\":[\"https:\\\/\\\/www.tressis.com\\\/ca\\\/blog\\\/mercado-reacciona-ante-la-rebaja-del-rating-chino\\\/#respond\"]}]},{\"@type\":\"WebPage\",\"@id\":\"https:\\\/\\\/www.tressis.com\\\/ca\\\/blog\\\/mercado-reacciona-ante-la-rebaja-del-rating-chino\\\/\",\"url\":\"https:\\\/\\\/www.tressis.com\\\/ca\\\/blog\\\/mercado-reacciona-ante-la-rebaja-del-rating-chino\\\/\",\"name\":\"El mercado reacciona ante la rebaja del rating Chino\",\"isPartOf\":{\"@id\":\"https:\\\/\\\/www.tressis.com\\\/ca\\\/#website\"},\"primaryImageOfPage\":{\"@id\":\"https:\\\/\\\/www.tressis.com\\\/ca\\\/blog\\\/mercado-reacciona-ante-la-rebaja-del-rating-chino\\\/#primaryimage\"},\"image\":{\"@id\":\"https:\\\/\\\/www.tressis.com\\\/ca\\\/blog\\\/mercado-reacciona-ante-la-rebaja-del-rating-chino\\\/#primaryimage\"},\"thumbnailUrl\":\"https:\\\/\\\/www.tressis.com\\\/wp-content\\\/uploads\\\/2017\\\/05\\\/20170525-mmv.jpg\",\"datePublished\":\"2017-05-25T09:04:59+00:00\",\"description\":\"Aunque lo quisieron ocultar no pudieron, y eso que tuvieron la suerte de que ayer tambi\u00e9n se publicaran las actas de la \u00faltima reuni\u00f3n de la Reserva Federal\",\"breadcrumb\":{\"@id\":\"https:\\\/\\\/www.tressis.com\\\/ca\\\/blog\\\/mercado-reacciona-ante-la-rebaja-del-rating-chino\\\/#breadcrumb\"},\"inLanguage\":\"ca\",\"potentialAction\":[{\"@type\":\"ReadAction\",\"target\":[\"https:\\\/\\\/www.tressis.com\\\/ca\\\/blog\\\/mercado-reacciona-ante-la-rebaja-del-rating-chino\\\/\"]}]},{\"@type\":\"ImageObject\",\"inLanguage\":\"ca\",\"@id\":\"https:\\\/\\\/www.tressis.com\\\/ca\\\/blog\\\/mercado-reacciona-ante-la-rebaja-del-rating-chino\\\/#primaryimage\",\"url\":\"https:\\\/\\\/www.tressis.com\\\/wp-content\\\/uploads\\\/2017\\\/05\\\/20170525-mmv.jpg\",\"contentUrl\":\"https:\\\/\\\/www.tressis.com\\\/wp-content\\\/uploads\\\/2017\\\/05\\\/20170525-mmv.jpg\",\"width\":1100,\"height\":487,\"caption\":\"El mercado reacciona ante la rebaja del rating Chino\"},{\"@type\":\"BreadcrumbList\",\"@id\":\"https:\\\/\\\/www.tressis.com\\\/ca\\\/blog\\\/mercado-reacciona-ante-la-rebaja-del-rating-chino\\\/#breadcrumb\",\"itemListElement\":[{\"@type\":\"ListItem\",\"position\":1,\"name\":\"Inicio\",\"item\":\"https:\\\/\\\/www.tressis.com\\\/ca\\\/\"},{\"@type\":\"ListItem\",\"position\":2,\"name\":\"El mercado reacciona ante la rebaja del rating Chino\"}]},{\"@type\":\"WebSite\",\"@id\":\"https:\\\/\\\/www.tressis.com\\\/ca\\\/#website\",\"url\":\"https:\\\/\\\/www.tressis.com\\\/ca\\\/\",\"name\":\"Tressis banca privada\",\"description\":\"Tressis | Planificaci\u00f3n financiera y gesti\u00f3n de patrimonios\",\"publisher\":{\"@id\":\"https:\\\/\\\/www.tressis.com\\\/ca\\\/#organization\"},\"potentialAction\":[{\"@type\":\"SearchAction\",\"target\":{\"@type\":\"EntryPoint\",\"urlTemplate\":\"https:\\\/\\\/www.tressis.com\\\/ca\\\/?s={search_term_string}\"},\"query-input\":{\"@type\":\"PropertyValueSpecification\",\"valueRequired\":true,\"valueName\":\"search_term_string\"}}],\"inLanguage\":\"ca\"},{\"@type\":\"Organization\",\"@id\":\"https:\\\/\\\/www.tressis.com\\\/ca\\\/#organization\",\"name\":\"Tressis\",\"url\":\"https:\\\/\\\/www.tressis.com\\\/ca\\\/\",\"logo\":{\"@type\":\"ImageObject\",\"inLanguage\":\"ca\",\"@id\":\"https:\\\/\\\/www.tressis.com\\\/ca\\\/#\\\/schema\\\/logo\\\/image\\\/\",\"url\":\"https:\\\/\\\/www.tressis.com\\\/wp-content\\\/uploads\\\/2025\\\/06\\\/logo-tressis-112.png\",\"contentUrl\":\"https:\\\/\\\/www.tressis.com\\\/wp-content\\\/uploads\\\/2025\\\/06\\\/logo-tressis-112.png\",\"width\":112,\"height\":112,\"caption\":\"Tressis\"},\"image\":{\"@id\":\"https:\\\/\\\/www.tressis.com\\\/ca\\\/#\\\/schema\\\/logo\\\/image\\\/\"},\"sameAs\":[\"https:\\\/\\\/www.facebook.com\\\/Tressis\\\/\",\"https:\\\/\\\/x.com\\\/TressisSV\",\"https:\\\/\\\/www.instagram.com\\\/tressissv\\\/?hl=es\",\"https:\\\/\\\/linkedin.com\\\/company\\\/tressis\\\/\",\"https:\\\/\\\/www.youtube.com\\\/user\\\/tressissv\",\"https:\\\/\\\/open.spotify.com\\\/show\\\/3jmTe1Nf0wqMILl7diWV6h?si=d7112519f13c4593&nd=1\"]},{\"@type\":\"Person\",\"@id\":\"https:\\\/\\\/www.tressis.com\\\/ca\\\/#\\\/schema\\\/person\\\/b833c1d724d8764920b6d6852c70584e\",\"name\":\"Lola\",\"image\":{\"@type\":\"ImageObject\",\"inLanguage\":\"ca\",\"@id\":\"https:\\\/\\\/secure.gravatar.com\\\/avatar\\\/05e646486b23ff45df9649110609c7e31b8c4a3e2821caa23d6317f405e0c51d?s=96&d=mm&r=g\",\"url\":\"https:\\\/\\\/secure.gravatar.com\\\/avatar\\\/05e646486b23ff45df9649110609c7e31b8c4a3e2821caa23d6317f405e0c51d?s=96&d=mm&r=g\",\"contentUrl\":\"https:\\\/\\\/secure.gravatar.com\\\/avatar\\\/05e646486b23ff45df9649110609c7e31b8c4a3e2821caa23d6317f405e0c51d?s=96&d=mm&r=g\",\"caption\":\"Lola\"}}]}<\/script>\n<!-- \/ Yoast SEO plugin. -->","yoast_head_json":{"title":"El mercado reacciona ante la rebaja del rating Chino","description":"Aunque lo quisieron ocultar no pudieron, y eso que tuvieron la suerte de que ayer tambi\u00e9n se publicaran las actas de la \u00faltima reuni\u00f3n de la Reserva Federal","robots":{"index":"index","follow":"follow","max-snippet":"max-snippet:-1","max-image-preview":"max-image-preview:large","max-video-preview":"max-video-preview:-1"},"canonical":"https:\/\/www.tressis.com\/ca\/blog\/mercado-reacciona-ante-la-rebaja-del-rating-chino\/","og_locale":"ca_ES","og_type":"article","og_title":"El mercado reacciona ante la rebaja del rating Chino","og_description":"Aunque lo quisieron ocultar no pudieron, y eso que tuvieron la suerte de que ayer tambi\u00e9n se publicaran las actas de la \u00faltima reuni\u00f3n de la Reserva Federal","og_url":"https:\/\/www.tressis.com\/ca\/blog\/mercado-reacciona-ante-la-rebaja-del-rating-chino\/","og_site_name":"Tressis","article_publisher":"https:\/\/www.facebook.com\/Tressis\/","article_published_time":"2017-05-25T09:04:59+00:00","og_image":[{"width":1100,"height":487,"url":"https:\/\/www.tressis.com\/wp-content\/uploads\/2017\/05\/20170525-mmv.jpg","type":"image\/jpeg"}],"author":"Lola","twitter_card":"summary_large_image","twitter_creator":"@TressisSV","twitter_site":"@TressisSV","twitter_misc":{"Escrit per":"Lola","Temps estimat de lectura":"2 minuts"},"schema":{"@context":"https:\/\/schema.org","@graph":[{"@type":"Article","@id":"https:\/\/www.tressis.com\/ca\/blog\/mercado-reacciona-ante-la-rebaja-del-rating-chino\/#article","isPartOf":{"@id":"https:\/\/www.tressis.com\/ca\/blog\/mercado-reacciona-ante-la-rebaja-del-rating-chino\/"},"author":{"name":"Lola","@id":"https:\/\/www.tressis.com\/ca\/#\/schema\/person\/b833c1d724d8764920b6d6852c70584e"},"headline":"El mercado reacciona ante la rebaja del rating Chino","datePublished":"2017-05-25T09:04:59+00:00","mainEntityOfPage":{"@id":"https:\/\/www.tressis.com\/ca\/blog\/mercado-reacciona-ante-la-rebaja-del-rating-chino\/"},"wordCount":421,"commentCount":0,"publisher":{"@id":"https:\/\/www.tressis.com\/ca\/#organization"},"image":{"@id":"https:\/\/www.tressis.com\/ca\/blog\/mercado-reacciona-ante-la-rebaja-del-rating-chino\/#primaryimage"},"thumbnailUrl":"https:\/\/www.tressis.com\/wp-content\/uploads\/2017\/05\/20170525-mmv.jpg","keywords":["Alemania","BCE","bonos sin rentabilidad","china","consecuencias de la crisis","consumidores Gfk","fed","IFO nuevos m\u00e1ximos","Mario Draghi","QE","rating Chino","reducir balance banco central","Reserva Federal","tipos cero","Trump"],"articleSection":["Morning meeting"],"inLanguage":"ca","potentialAction":[{"@type":"CommentAction","name":"Comment","target":["https:\/\/www.tressis.com\/ca\/blog\/mercado-reacciona-ante-la-rebaja-del-rating-chino\/#respond"]}]},{"@type":"WebPage","@id":"https:\/\/www.tressis.com\/ca\/blog\/mercado-reacciona-ante-la-rebaja-del-rating-chino\/","url":"https:\/\/www.tressis.com\/ca\/blog\/mercado-reacciona-ante-la-rebaja-del-rating-chino\/","name":"El mercado reacciona ante la rebaja del rating Chino","isPartOf":{"@id":"https:\/\/www.tressis.com\/ca\/#website"},"primaryImageOfPage":{"@id":"https:\/\/www.tressis.com\/ca\/blog\/mercado-reacciona-ante-la-rebaja-del-rating-chino\/#primaryimage"},"image":{"@id":"https:\/\/www.tressis.com\/ca\/blog\/mercado-reacciona-ante-la-rebaja-del-rating-chino\/#primaryimage"},"thumbnailUrl":"https:\/\/www.tressis.com\/wp-content\/uploads\/2017\/05\/20170525-mmv.jpg","datePublished":"2017-05-25T09:04:59+00:00","description":"Aunque lo quisieron ocultar no pudieron, y eso que tuvieron la suerte de que ayer tambi\u00e9n se publicaran las actas de la \u00faltima reuni\u00f3n de la Reserva Federal","breadcrumb":{"@id":"https:\/\/www.tressis.com\/ca\/blog\/mercado-reacciona-ante-la-rebaja-del-rating-chino\/#breadcrumb"},"inLanguage":"ca","potentialAction":[{"@type":"ReadAction","target":["https:\/\/www.tressis.com\/ca\/blog\/mercado-reacciona-ante-la-rebaja-del-rating-chino\/"]}]},{"@type":"ImageObject","inLanguage":"ca","@id":"https:\/\/www.tressis.com\/ca\/blog\/mercado-reacciona-ante-la-rebaja-del-rating-chino\/#primaryimage","url":"https:\/\/www.tressis.com\/wp-content\/uploads\/2017\/05\/20170525-mmv.jpg","contentUrl":"https:\/\/www.tressis.com\/wp-content\/uploads\/2017\/05\/20170525-mmv.jpg","width":1100,"height":487,"caption":"El mercado reacciona ante la rebaja del rating Chino"},{"@type":"BreadcrumbList","@id":"https:\/\/www.tressis.com\/ca\/blog\/mercado-reacciona-ante-la-rebaja-del-rating-chino\/#breadcrumb","itemListElement":[{"@type":"ListItem","position":1,"name":"Inicio","item":"https:\/\/www.tressis.com\/ca\/"},{"@type":"ListItem","position":2,"name":"El mercado reacciona ante la rebaja del rating Chino"}]},{"@type":"WebSite","@id":"https:\/\/www.tressis.com\/ca\/#website","url":"https:\/\/www.tressis.com\/ca\/","name":"Tressis banca privada","description":"Tressis | Planificaci\u00f3n financiera y gesti\u00f3n de patrimonios","publisher":{"@id":"https:\/\/www.tressis.com\/ca\/#organization"},"potentialAction":[{"@type":"SearchAction","target":{"@type":"EntryPoint","urlTemplate":"https:\/\/www.tressis.com\/ca\/?s={search_term_string}"},"query-input":{"@type":"PropertyValueSpecification","valueRequired":true,"valueName":"search_term_string"}}],"inLanguage":"ca"},{"@type":"Organization","@id":"https:\/\/www.tressis.com\/ca\/#organization","name":"Tressis","url":"https:\/\/www.tressis.com\/ca\/","logo":{"@type":"ImageObject","inLanguage":"ca","@id":"https:\/\/www.tressis.com\/ca\/#\/schema\/logo\/image\/","url":"https:\/\/www.tressis.com\/wp-content\/uploads\/2025\/06\/logo-tressis-112.png","contentUrl":"https:\/\/www.tressis.com\/wp-content\/uploads\/2025\/06\/logo-tressis-112.png","width":112,"height":112,"caption":"Tressis"},"image":{"@id":"https:\/\/www.tressis.com\/ca\/#\/schema\/logo\/image\/"},"sameAs":["https:\/\/www.facebook.com\/Tressis\/","https:\/\/x.com\/TressisSV","https:\/\/www.instagram.com\/tressissv\/?hl=es","https:\/\/linkedin.com\/company\/tressis\/","https:\/\/www.youtube.com\/user\/tressissv","https:\/\/open.spotify.com\/show\/3jmTe1Nf0wqMILl7diWV6h?si=d7112519f13c4593&nd=1"]},{"@type":"Person","@id":"https:\/\/www.tressis.com\/ca\/#\/schema\/person\/b833c1d724d8764920b6d6852c70584e","name":"Lola","image":{"@type":"ImageObject","inLanguage":"ca","@id":"https:\/\/secure.gravatar.com\/avatar\/05e646486b23ff45df9649110609c7e31b8c4a3e2821caa23d6317f405e0c51d?s=96&d=mm&r=g","url":"https:\/\/secure.gravatar.com\/avatar\/05e646486b23ff45df9649110609c7e31b8c4a3e2821caa23d6317f405e0c51d?s=96&d=mm&r=g","contentUrl":"https:\/\/secure.gravatar.com\/avatar\/05e646486b23ff45df9649110609c7e31b8c4a3e2821caa23d6317f405e0c51d?s=96&d=mm&r=g","caption":"Lola"}}]}},"_links":{"self":[{"href":"https:\/\/www.tressis.com\/ca\/wp-json\/wp\/v2\/posts\/25572","targetHints":{"allow":["GET"]}}],"collection":[{"href":"https:\/\/www.tressis.com\/ca\/wp-json\/wp\/v2\/posts"}],"about":[{"href":"https:\/\/www.tressis.com\/ca\/wp-json\/wp\/v2\/types\/post"}],"author":[{"embeddable":true,"href":"https:\/\/www.tressis.com\/ca\/wp-json\/wp\/v2\/users\/4"}],"replies":[{"embeddable":true,"href":"https:\/\/www.tressis.com\/ca\/wp-json\/wp\/v2\/comments?post=25572"}],"version-history":[{"count":0,"href":"https:\/\/www.tressis.com\/ca\/wp-json\/wp\/v2\/posts\/25572\/revisions"}],"wp:featuredmedia":[{"embeddable":true,"href":"https:\/\/www.tressis.com\/ca\/wp-json\/wp\/v2\/media\/25573"}],"wp:attachment":[{"href":"https:\/\/www.tressis.com\/ca\/wp-json\/wp\/v2\/media?parent=25572"}],"wp:term":[{"taxonomy":"category","embeddable":true,"href":"https:\/\/www.tressis.com\/ca\/wp-json\/wp\/v2\/categories?post=25572"},{"taxonomy":"post_tag","embeddable":true,"href":"https:\/\/www.tressis.com\/ca\/wp-json\/wp\/v2\/tags?post=25572"}],"curies":[{"name":"wp","href":"https:\/\/api.w.org\/{rel}","templated":true}]}}