{"id":25562,"date":"2017-05-23T10:55:39","date_gmt":"2017-05-23T08:55:39","guid":{"rendered":"http:\/\/www.tressis.com\/blog\/?p=25562"},"modified":"2017-05-23T10:55:39","modified_gmt":"2017-05-23T08:55:39","slug":"semana-comienza-cierta-cautela","status":"publish","type":"post","link":"https:\/\/www.tressis.com\/ca\/blog\/semana-comienza-cierta-cautela\/","title":{"rendered":"Semana que comienza con cierta cautela"},"content":{"rendered":"<p>\u200bLa semana ha arrancado con cierta cautela sabiendo que las amenazas no son pocas.<!--more--><\/p>\n<p>Y precisamente la amenaza de otro atentado terrorista ha vuelto a materializarse en el Reino Unido, una desgracia para la que los mercados ya han dado muestras sobradas de resultar inmunes en el corto plazo. Claro que no tanto cuando se trata de capitalizar esa sensaci\u00f3n de inseguridad en las urnas.<\/p>\n<p>En t\u00e9rminos de mercados, sobresale el comportamiento del euro a lo largo de las \u00faltimas semanas, pues el 1,12 no se traspasaba desde principios de octubre. Las razones van del potencial de la recuperaci\u00f3n econ\u00f3mica de Europa respecto a EEUU al miedo a que el mandato de Trump sea m\u00e1s corto de lo esperado. Pero es que encima ayer Angela Merkel contribuy\u00f3 con una aparici\u00f3n digna de aprendiz de adivina, al se\u00f1alar la debilidad de la moneda comunitaria. Porque no hay nada como un pol\u00edtico de carrera metido a economista.<\/p>\n<p>La actualidad europea no se cerraba con estas palabras, sino que confirmaba el crecimiento de Alemania\u200b,\u200b no s\u00f3lo\u200b por la demanda exterior, que suma, y mucho, sino tambi\u00e9n \u200bpor el consumo y la inversi\u00f3n. Adem\u00e1s estaba la reuni\u00f3n del Eurogrupo en la que \u200bse trat\u00f3 el rescate de Grecia, pero que finaliz\u00f3 sin acuerdo por eso de que en estos tiempos los ajustes se negocian y no se imponen.<\/p>\n<p>Hay m\u00e1s asuntos de inter\u00e9s en los mercados que se ir\u00e1n resolviendo a lo largo de esta semana. Por notoriedad destaca el petr\u00f3leo, dado que los inversores est\u00e1n queriendo creerse la pel\u00edcula del acuerdo de los recortes de producci\u00f3n, sabiendo todos que hay un techo. Y tambi\u00e9n tenemos la presentaci\u00f3n con algo m\u00e1s de detalle de los agresivos recortes de gasto de la Administraci\u00f3n Trump, que\u200b,\u200b seg\u00fan parece\u200b,\u200b llegar\u00e1n m\u00e1s muertos que vivos al Congreso.<\/p>\n<p>Buen d\u00eda.<\/p>\n<p><strong>Am\u00edlcar Barrios Vilallonga<\/strong><br \/>\nDirecci\u00f3n de Inversiones<\/p>\n","protected":false},"excerpt":{"rendered":"<p>\u200bLa semana ha arrancado con cierta cautela sabiendo que las amenazas no son pocas.<\/p>\n","protected":false},"author":4,"featured_media":25563,"comment_status":"open","ping_status":"closed","sticky":false,"template":"","format":"standard","meta":{"_acf_changed":false,"footnotes":""},"categories":[9721],"tags":[104,141,225,336,1082,2206,2554,3112,3512,4845,6137,6734],"class_list":["post-25562","post","type-post","status-publish","format-standard","has-post-thumbnail","hentry","category-morning-meeting","tag-agresivos-recortes","tag-alemania","tag-angela-merkel","tag-atentado-terrorista","tag-cautela","tag-eeuu","tag-eurogrupo","tag-grecia","tag-inmunes-a-corto-plazo","tag-petroleo","tag-sensacion-inseguridad","tag-trump"],"acf":[],"yoast_head":"<!-- This site is optimized with the Yoast SEO plugin v27.4 - https:\/\/yoast.com\/product\/yoast-seo-wordpress\/ -->\n<title>Semana que comienza con cierta cautela<\/title>\n<meta name=\"description\" content=\"En t\u00e9rminos de mercados, sobresale el comportamiento del euro a lo largo de las \u00faltimas semanas\" \/>\n<meta name=\"robots\" content=\"index, follow, max-snippet:-1, max-image-preview:large, max-video-preview:-1\" \/>\n<link rel=\"canonical\" href=\"https:\/\/www.tressis.com\/ca\/blog\/semana-comienza-cierta-cautela\/\" \/>\n<meta property=\"og:locale\" content=\"ca_ES\" \/>\n<meta property=\"og:type\" content=\"article\" \/>\n<meta property=\"og:title\" content=\"Semana que comienza con cierta cautela\" \/>\n<meta property=\"og:description\" content=\"En t\u00e9rminos de mercados, sobresale el comportamiento del euro a lo largo de las \u00faltimas semanas\" \/>\n<meta property=\"og:url\" content=\"https:\/\/www.tressis.com\/ca\/blog\/semana-comienza-cierta-cautela\/\" \/>\n<meta property=\"og:site_name\" content=\"Tressis\" \/>\n<meta property=\"article:publisher\" content=\"https:\/\/www.facebook.com\/Tressis\/\" \/>\n<meta property=\"article:published_time\" content=\"2017-05-23T08:55:39+00:00\" \/>\n<meta property=\"og:image\" content=\"https:\/\/www.tressis.com\/wp-content\/uploads\/2017\/05\/20170523-mmv.jpg\" \/>\n\t<meta property=\"og:image:width\" content=\"1100\" \/>\n\t<meta property=\"og:image:height\" content=\"487\" \/>\n\t<meta property=\"og:image:type\" content=\"image\/jpeg\" \/>\n<meta name=\"author\" content=\"Lola\" \/>\n<meta name=\"twitter:card\" content=\"summary_large_image\" \/>\n<meta name=\"twitter:creator\" content=\"@TressisSV\" \/>\n<meta name=\"twitter:site\" content=\"@TressisSV\" \/>\n<meta name=\"twitter:label1\" content=\"Escrit per\" \/>\n\t<meta name=\"twitter:data1\" content=\"Lola\" \/>\n\t<meta name=\"twitter:label2\" content=\"Temps estimat de lectura\" \/>\n\t<meta name=\"twitter:data2\" content=\"2 minuts\" \/>\n<script type=\"application\/ld+json\" class=\"yoast-schema-graph\">{\"@context\":\"https:\\\/\\\/schema.org\",\"@graph\":[{\"@type\":\"Article\",\"@id\":\"https:\\\/\\\/www.tressis.com\\\/ca\\\/blog\\\/semana-comienza-cierta-cautela\\\/#article\",\"isPartOf\":{\"@id\":\"https:\\\/\\\/www.tressis.com\\\/ca\\\/blog\\\/semana-comienza-cierta-cautela\\\/\"},\"author\":{\"name\":\"Lola\",\"@id\":\"https:\\\/\\\/www.tressis.com\\\/ca\\\/#\\\/schema\\\/person\\\/b833c1d724d8764920b6d6852c70584e\"},\"headline\":\"Semana que comienza con cierta cautela\",\"datePublished\":\"2017-05-23T08:55:39+00:00\",\"mainEntityOfPage\":{\"@id\":\"https:\\\/\\\/www.tressis.com\\\/ca\\\/blog\\\/semana-comienza-cierta-cautela\\\/\"},\"wordCount\":342,\"commentCount\":0,\"publisher\":{\"@id\":\"https:\\\/\\\/www.tressis.com\\\/ca\\\/#organization\"},\"image\":{\"@id\":\"https:\\\/\\\/www.tressis.com\\\/ca\\\/blog\\\/semana-comienza-cierta-cautela\\\/#primaryimage\"},\"thumbnailUrl\":\"https:\\\/\\\/www.tressis.com\\\/wp-content\\\/uploads\\\/2017\\\/05\\\/20170523-mmv.jpg\",\"keywords\":[\"agresivos recortes\",\"Alemania\",\"\u00c1ngela Merkel\",\"atentado terrorista\",\"cautela\",\"EEUU\",\"Eurogrupo\",\"Grecia\",\"inmunes a corto plazo\",\"petr\u00f3leo\",\"sensaci\u00f3n inseguridad\",\"Trump\"],\"articleSection\":[\"Morning meeting\"],\"inLanguage\":\"ca\",\"potentialAction\":[{\"@type\":\"CommentAction\",\"name\":\"Comment\",\"target\":[\"https:\\\/\\\/www.tressis.com\\\/ca\\\/blog\\\/semana-comienza-cierta-cautela\\\/#respond\"]}]},{\"@type\":\"WebPage\",\"@id\":\"https:\\\/\\\/www.tressis.com\\\/ca\\\/blog\\\/semana-comienza-cierta-cautela\\\/\",\"url\":\"https:\\\/\\\/www.tressis.com\\\/ca\\\/blog\\\/semana-comienza-cierta-cautela\\\/\",\"name\":\"Semana que comienza con cierta cautela\",\"isPartOf\":{\"@id\":\"https:\\\/\\\/www.tressis.com\\\/ca\\\/#website\"},\"primaryImageOfPage\":{\"@id\":\"https:\\\/\\\/www.tressis.com\\\/ca\\\/blog\\\/semana-comienza-cierta-cautela\\\/#primaryimage\"},\"image\":{\"@id\":\"https:\\\/\\\/www.tressis.com\\\/ca\\\/blog\\\/semana-comienza-cierta-cautela\\\/#primaryimage\"},\"thumbnailUrl\":\"https:\\\/\\\/www.tressis.com\\\/wp-content\\\/uploads\\\/2017\\\/05\\\/20170523-mmv.jpg\",\"datePublished\":\"2017-05-23T08:55:39+00:00\",\"description\":\"En t\u00e9rminos de mercados, sobresale el comportamiento del euro a lo largo de las \u00faltimas semanas\",\"breadcrumb\":{\"@id\":\"https:\\\/\\\/www.tressis.com\\\/ca\\\/blog\\\/semana-comienza-cierta-cautela\\\/#breadcrumb\"},\"inLanguage\":\"ca\",\"potentialAction\":[{\"@type\":\"ReadAction\",\"target\":[\"https:\\\/\\\/www.tressis.com\\\/ca\\\/blog\\\/semana-comienza-cierta-cautela\\\/\"]}]},{\"@type\":\"ImageObject\",\"inLanguage\":\"ca\",\"@id\":\"https:\\\/\\\/www.tressis.com\\\/ca\\\/blog\\\/semana-comienza-cierta-cautela\\\/#primaryimage\",\"url\":\"https:\\\/\\\/www.tressis.com\\\/wp-content\\\/uploads\\\/2017\\\/05\\\/20170523-mmv.jpg\",\"contentUrl\":\"https:\\\/\\\/www.tressis.com\\\/wp-content\\\/uploads\\\/2017\\\/05\\\/20170523-mmv.jpg\",\"width\":1100,\"height\":487,\"caption\":\"Semana que comienza con cierta cautela\"},{\"@type\":\"BreadcrumbList\",\"@id\":\"https:\\\/\\\/www.tressis.com\\\/ca\\\/blog\\\/semana-comienza-cierta-cautela\\\/#breadcrumb\",\"itemListElement\":[{\"@type\":\"ListItem\",\"position\":1,\"name\":\"Inicio\",\"item\":\"https:\\\/\\\/www.tressis.com\\\/ca\\\/\"},{\"@type\":\"ListItem\",\"position\":2,\"name\":\"Semana que comienza con cierta cautela\"}]},{\"@type\":\"WebSite\",\"@id\":\"https:\\\/\\\/www.tressis.com\\\/ca\\\/#website\",\"url\":\"https:\\\/\\\/www.tressis.com\\\/ca\\\/\",\"name\":\"Tressis banca privada\",\"description\":\"Tressis | Planificaci\u00f3n financiera y gesti\u00f3n de patrimonios\",\"publisher\":{\"@id\":\"https:\\\/\\\/www.tressis.com\\\/ca\\\/#organization\"},\"potentialAction\":[{\"@type\":\"SearchAction\",\"target\":{\"@type\":\"EntryPoint\",\"urlTemplate\":\"https:\\\/\\\/www.tressis.com\\\/ca\\\/?s={search_term_string}\"},\"query-input\":{\"@type\":\"PropertyValueSpecification\",\"valueRequired\":true,\"valueName\":\"search_term_string\"}}],\"inLanguage\":\"ca\"},{\"@type\":\"Organization\",\"@id\":\"https:\\\/\\\/www.tressis.com\\\/ca\\\/#organization\",\"name\":\"Tressis\",\"url\":\"https:\\\/\\\/www.tressis.com\\\/ca\\\/\",\"logo\":{\"@type\":\"ImageObject\",\"inLanguage\":\"ca\",\"@id\":\"https:\\\/\\\/www.tressis.com\\\/ca\\\/#\\\/schema\\\/logo\\\/image\\\/\",\"url\":\"https:\\\/\\\/www.tressis.com\\\/wp-content\\\/uploads\\\/2025\\\/06\\\/logo-tressis-112.png\",\"contentUrl\":\"https:\\\/\\\/www.tressis.com\\\/wp-content\\\/uploads\\\/2025\\\/06\\\/logo-tressis-112.png\",\"width\":112,\"height\":112,\"caption\":\"Tressis\"},\"image\":{\"@id\":\"https:\\\/\\\/www.tressis.com\\\/ca\\\/#\\\/schema\\\/logo\\\/image\\\/\"},\"sameAs\":[\"https:\\\/\\\/www.facebook.com\\\/Tressis\\\/\",\"https:\\\/\\\/x.com\\\/TressisSV\",\"https:\\\/\\\/www.instagram.com\\\/tressissv\\\/?hl=es\",\"https:\\\/\\\/linkedin.com\\\/company\\\/tressis\\\/\",\"https:\\\/\\\/www.youtube.com\\\/user\\\/tressissv\",\"https:\\\/\\\/open.spotify.com\\\/show\\\/3jmTe1Nf0wqMILl7diWV6h?si=d7112519f13c4593&nd=1\"]},{\"@type\":\"Person\",\"@id\":\"https:\\\/\\\/www.tressis.com\\\/ca\\\/#\\\/schema\\\/person\\\/b833c1d724d8764920b6d6852c70584e\",\"name\":\"Lola\",\"image\":{\"@type\":\"ImageObject\",\"inLanguage\":\"ca\",\"@id\":\"https:\\\/\\\/secure.gravatar.com\\\/avatar\\\/05e646486b23ff45df9649110609c7e31b8c4a3e2821caa23d6317f405e0c51d?s=96&d=mm&r=g\",\"url\":\"https:\\\/\\\/secure.gravatar.com\\\/avatar\\\/05e646486b23ff45df9649110609c7e31b8c4a3e2821caa23d6317f405e0c51d?s=96&d=mm&r=g\",\"contentUrl\":\"https:\\\/\\\/secure.gravatar.com\\\/avatar\\\/05e646486b23ff45df9649110609c7e31b8c4a3e2821caa23d6317f405e0c51d?s=96&d=mm&r=g\",\"caption\":\"Lola\"}}]}<\/script>\n<!-- \/ Yoast SEO plugin. -->","yoast_head_json":{"title":"Semana que comienza con cierta cautela","description":"En t\u00e9rminos de mercados, sobresale el comportamiento del euro a lo largo de las \u00faltimas semanas","robots":{"index":"index","follow":"follow","max-snippet":"max-snippet:-1","max-image-preview":"max-image-preview:large","max-video-preview":"max-video-preview:-1"},"canonical":"https:\/\/www.tressis.com\/ca\/blog\/semana-comienza-cierta-cautela\/","og_locale":"ca_ES","og_type":"article","og_title":"Semana que comienza con cierta cautela","og_description":"En t\u00e9rminos de mercados, sobresale el comportamiento del euro a lo largo de las \u00faltimas semanas","og_url":"https:\/\/www.tressis.com\/ca\/blog\/semana-comienza-cierta-cautela\/","og_site_name":"Tressis","article_publisher":"https:\/\/www.facebook.com\/Tressis\/","article_published_time":"2017-05-23T08:55:39+00:00","og_image":[{"width":1100,"height":487,"url":"https:\/\/www.tressis.com\/wp-content\/uploads\/2017\/05\/20170523-mmv.jpg","type":"image\/jpeg"}],"author":"Lola","twitter_card":"summary_large_image","twitter_creator":"@TressisSV","twitter_site":"@TressisSV","twitter_misc":{"Escrit per":"Lola","Temps estimat de lectura":"2 minuts"},"schema":{"@context":"https:\/\/schema.org","@graph":[{"@type":"Article","@id":"https:\/\/www.tressis.com\/ca\/blog\/semana-comienza-cierta-cautela\/#article","isPartOf":{"@id":"https:\/\/www.tressis.com\/ca\/blog\/semana-comienza-cierta-cautela\/"},"author":{"name":"Lola","@id":"https:\/\/www.tressis.com\/ca\/#\/schema\/person\/b833c1d724d8764920b6d6852c70584e"},"headline":"Semana que comienza con cierta cautela","datePublished":"2017-05-23T08:55:39+00:00","mainEntityOfPage":{"@id":"https:\/\/www.tressis.com\/ca\/blog\/semana-comienza-cierta-cautela\/"},"wordCount":342,"commentCount":0,"publisher":{"@id":"https:\/\/www.tressis.com\/ca\/#organization"},"image":{"@id":"https:\/\/www.tressis.com\/ca\/blog\/semana-comienza-cierta-cautela\/#primaryimage"},"thumbnailUrl":"https:\/\/www.tressis.com\/wp-content\/uploads\/2017\/05\/20170523-mmv.jpg","keywords":["agresivos recortes","Alemania","\u00c1ngela Merkel","atentado terrorista","cautela","EEUU","Eurogrupo","Grecia","inmunes a corto plazo","petr\u00f3leo","sensaci\u00f3n inseguridad","Trump"],"articleSection":["Morning meeting"],"inLanguage":"ca","potentialAction":[{"@type":"CommentAction","name":"Comment","target":["https:\/\/www.tressis.com\/ca\/blog\/semana-comienza-cierta-cautela\/#respond"]}]},{"@type":"WebPage","@id":"https:\/\/www.tressis.com\/ca\/blog\/semana-comienza-cierta-cautela\/","url":"https:\/\/www.tressis.com\/ca\/blog\/semana-comienza-cierta-cautela\/","name":"Semana que comienza con cierta cautela","isPartOf":{"@id":"https:\/\/www.tressis.com\/ca\/#website"},"primaryImageOfPage":{"@id":"https:\/\/www.tressis.com\/ca\/blog\/semana-comienza-cierta-cautela\/#primaryimage"},"image":{"@id":"https:\/\/www.tressis.com\/ca\/blog\/semana-comienza-cierta-cautela\/#primaryimage"},"thumbnailUrl":"https:\/\/www.tressis.com\/wp-content\/uploads\/2017\/05\/20170523-mmv.jpg","datePublished":"2017-05-23T08:55:39+00:00","description":"En t\u00e9rminos de mercados, sobresale el comportamiento del euro a lo largo de las \u00faltimas semanas","breadcrumb":{"@id":"https:\/\/www.tressis.com\/ca\/blog\/semana-comienza-cierta-cautela\/#breadcrumb"},"inLanguage":"ca","potentialAction":[{"@type":"ReadAction","target":["https:\/\/www.tressis.com\/ca\/blog\/semana-comienza-cierta-cautela\/"]}]},{"@type":"ImageObject","inLanguage":"ca","@id":"https:\/\/www.tressis.com\/ca\/blog\/semana-comienza-cierta-cautela\/#primaryimage","url":"https:\/\/www.tressis.com\/wp-content\/uploads\/2017\/05\/20170523-mmv.jpg","contentUrl":"https:\/\/www.tressis.com\/wp-content\/uploads\/2017\/05\/20170523-mmv.jpg","width":1100,"height":487,"caption":"Semana que comienza con cierta cautela"},{"@type":"BreadcrumbList","@id":"https:\/\/www.tressis.com\/ca\/blog\/semana-comienza-cierta-cautela\/#breadcrumb","itemListElement":[{"@type":"ListItem","position":1,"name":"Inicio","item":"https:\/\/www.tressis.com\/ca\/"},{"@type":"ListItem","position":2,"name":"Semana que comienza con cierta cautela"}]},{"@type":"WebSite","@id":"https:\/\/www.tressis.com\/ca\/#website","url":"https:\/\/www.tressis.com\/ca\/","name":"Tressis banca privada","description":"Tressis | Planificaci\u00f3n financiera y gesti\u00f3n de patrimonios","publisher":{"@id":"https:\/\/www.tressis.com\/ca\/#organization"},"potentialAction":[{"@type":"SearchAction","target":{"@type":"EntryPoint","urlTemplate":"https:\/\/www.tressis.com\/ca\/?s={search_term_string}"},"query-input":{"@type":"PropertyValueSpecification","valueRequired":true,"valueName":"search_term_string"}}],"inLanguage":"ca"},{"@type":"Organization","@id":"https:\/\/www.tressis.com\/ca\/#organization","name":"Tressis","url":"https:\/\/www.tressis.com\/ca\/","logo":{"@type":"ImageObject","inLanguage":"ca","@id":"https:\/\/www.tressis.com\/ca\/#\/schema\/logo\/image\/","url":"https:\/\/www.tressis.com\/wp-content\/uploads\/2025\/06\/logo-tressis-112.png","contentUrl":"https:\/\/www.tressis.com\/wp-content\/uploads\/2025\/06\/logo-tressis-112.png","width":112,"height":112,"caption":"Tressis"},"image":{"@id":"https:\/\/www.tressis.com\/ca\/#\/schema\/logo\/image\/"},"sameAs":["https:\/\/www.facebook.com\/Tressis\/","https:\/\/x.com\/TressisSV","https:\/\/www.instagram.com\/tressissv\/?hl=es","https:\/\/linkedin.com\/company\/tressis\/","https:\/\/www.youtube.com\/user\/tressissv","https:\/\/open.spotify.com\/show\/3jmTe1Nf0wqMILl7diWV6h?si=d7112519f13c4593&nd=1"]},{"@type":"Person","@id":"https:\/\/www.tressis.com\/ca\/#\/schema\/person\/b833c1d724d8764920b6d6852c70584e","name":"Lola","image":{"@type":"ImageObject","inLanguage":"ca","@id":"https:\/\/secure.gravatar.com\/avatar\/05e646486b23ff45df9649110609c7e31b8c4a3e2821caa23d6317f405e0c51d?s=96&d=mm&r=g","url":"https:\/\/secure.gravatar.com\/avatar\/05e646486b23ff45df9649110609c7e31b8c4a3e2821caa23d6317f405e0c51d?s=96&d=mm&r=g","contentUrl":"https:\/\/secure.gravatar.com\/avatar\/05e646486b23ff45df9649110609c7e31b8c4a3e2821caa23d6317f405e0c51d?s=96&d=mm&r=g","caption":"Lola"}}]}},"_links":{"self":[{"href":"https:\/\/www.tressis.com\/ca\/wp-json\/wp\/v2\/posts\/25562","targetHints":{"allow":["GET"]}}],"collection":[{"href":"https:\/\/www.tressis.com\/ca\/wp-json\/wp\/v2\/posts"}],"about":[{"href":"https:\/\/www.tressis.com\/ca\/wp-json\/wp\/v2\/types\/post"}],"author":[{"embeddable":true,"href":"https:\/\/www.tressis.com\/ca\/wp-json\/wp\/v2\/users\/4"}],"replies":[{"embeddable":true,"href":"https:\/\/www.tressis.com\/ca\/wp-json\/wp\/v2\/comments?post=25562"}],"version-history":[{"count":0,"href":"https:\/\/www.tressis.com\/ca\/wp-json\/wp\/v2\/posts\/25562\/revisions"}],"wp:featuredmedia":[{"embeddable":true,"href":"https:\/\/www.tressis.com\/ca\/wp-json\/wp\/v2\/media\/25563"}],"wp:attachment":[{"href":"https:\/\/www.tressis.com\/ca\/wp-json\/wp\/v2\/media?parent=25562"}],"wp:term":[{"taxonomy":"category","embeddable":true,"href":"https:\/\/www.tressis.com\/ca\/wp-json\/wp\/v2\/categories?post=25562"},{"taxonomy":"post_tag","embeddable":true,"href":"https:\/\/www.tressis.com\/ca\/wp-json\/wp\/v2\/tags?post=25562"}],"curies":[{"name":"wp","href":"https:\/\/api.w.org\/{rel}","templated":true}]}}