{"id":25551,"date":"2017-05-22T10:38:30","date_gmt":"2017-05-22T08:38:30","guid":{"rendered":"http:\/\/www.tressis.com\/blog\/?p=25551"},"modified":"2017-05-22T10:38:30","modified_gmt":"2017-05-22T08:38:30","slug":"se-acabo-la-tranquilidad","status":"publish","type":"post","link":"https:\/\/www.tressis.com\/ca\/blog\/se-acabo-la-tranquilidad\/","title":{"rendered":"Se acab\u00f3 la tranquilidad"},"content":{"rendered":"<p>No hace muchos d\u00edas aqu\u00ed mismo alab\u00e1bamos la tranquilidad del frente pol\u00edtico, pero como ten\u00eda que suceder, todo cambia sin darnos tiempo a la reacci\u00f3n.<!--more--><\/p>\n<p>Las peticiones de dimisi\u00f3n en Brasil crecen al mismo tiempo que las sospechas de que Temer es ya cad\u00e1ver pol\u00edtico. En el Reino Unido Theresa May intenta convencer a sus votantes al afirmar que la factura del <i>brexit<\/i> es de salida y no de entrada, toda una novedad. Y aqu\u00ed en Espa\u00f1a el estar alejados de las alertas de los inversores qui\u00e9n sabe si puede estar llegando a su fin a partir de ya mismo.<\/p>\n<p>Pero tambi\u00e9n aqu\u00ed nos hartamos de repetir que en los \u00faltimos meses los mercados no se han sustentado tanto en las promesas de pol\u00edticos profesionales y <i>outsiders<\/i> como en los hechos contrastados. Ha sido la mejora econ\u00f3mica generalizada la que m\u00e1s ha aportado al comportamiento de las bolsas. Sin embargo, tambi\u00e9n hay que reconocer que el calendario de indicadores de EEUU ha sufrido un frenazo, parece que temporal, que ha dado pie al presidente de la Fed de San Luis a decir que las expectativas de subidas de tipos podr\u00edan sufrir un rev\u00e9s.<\/p>\n<p>Por otro lado est\u00e1n las historias para no dormir del petr\u00f3leo. Haya recortes o no, cumplan todos o ninguno, o pase lo que tenga que pasar, se cumple lo normal, que dice que cada vez que el precio del barril cae m\u00e1s de lo que a la OPEP y amigos les interesa, toca salir a vender historias sobre la necesidad de renovar los compromisos de recortar la producci\u00f3n. Como siempre, escepticismo para empezar y prudencia para continuar.<\/p>\n<p>Buen d\u00eda.<\/p>\n<p><strong>Am\u00edlcar Barrios Vilallonga<\/strong><br \/>\nDirecci\u00f3n de Inversiones<\/p>\n","protected":false},"excerpt":{"rendered":"<p>No hace muchos d\u00edas aqu\u00ed mismo alab\u00e1bamos la tranquilidad del frente pol\u00edtico, pero como ten\u00eda que suceder, todo cambia sin darnos tiempo a la reacci\u00f3n.<\/p>\n","protected":false},"author":4,"featured_media":25552,"comment_status":"open","ping_status":"closed","sticky":false,"template":"","format":"standard","meta":{"_acf_changed":false,"footnotes":""},"categories":[9721],"tags":[807,2206,2441,4845,5095,5146,6011,6504,6568],"class_list":["post-25551","post","type-post","status-publish","format-standard","has-post-thumbnail","hentry","category-morning-meeting","tag-brasil","tag-eeuu","tag-escepticismo","tag-petroleo","tag-precio-barril-petroledo","tag-presidente-de-la-fed","tag-san-luis","tag-temer","tag-theresa-may"],"acf":[],"yoast_head":"<!-- This site is optimized with the Yoast SEO plugin v28.3 - https:\/\/yoast.com\/product\/yoast-seo-wordpress\/ -->\n<title>Se acab\u00f3 la tranquilidad<\/title>\n<meta name=\"description\" content=\"Las peticiones de dimisi\u00f3n en Brasil crecen al mismo tiempo que las sospechas de que Michel Temer es ya cad\u00e1ver pol\u00edtico\" \/>\n<meta name=\"robots\" content=\"index, follow, max-snippet:-1, max-image-preview:large, max-video-preview:-1\" \/>\n<link rel=\"canonical\" href=\"https:\/\/www.tressis.com\/ca\/blog\/se-acabo-la-tranquilidad\/\" \/>\n<meta property=\"og:locale\" content=\"ca_ES\" \/>\n<meta property=\"og:type\" content=\"article\" \/>\n<meta property=\"og:title\" content=\"Se acab\u00f3 la tranquilidad\" \/>\n<meta property=\"og:description\" content=\"Las peticiones de dimisi\u00f3n en Brasil crecen al mismo tiempo que las sospechas de que Michel Temer es ya cad\u00e1ver pol\u00edtico\" \/>\n<meta property=\"og:url\" content=\"https:\/\/www.tressis.com\/ca\/blog\/se-acabo-la-tranquilidad\/\" \/>\n<meta property=\"og:site_name\" content=\"Tressis\" \/>\n<meta property=\"article:publisher\" content=\"https:\/\/www.facebook.com\/Tressis\/\" \/>\n<meta property=\"article:published_time\" content=\"2017-05-22T08:38:30+00:00\" \/>\n<meta property=\"og:image\" content=\"https:\/\/www.tressis.com\/wp-content\/uploads\/2017\/05\/20170522-mmv.jpg\" \/>\n\t<meta property=\"og:image:width\" content=\"1100\" \/>\n\t<meta property=\"og:image:height\" content=\"487\" \/>\n\t<meta property=\"og:image:type\" content=\"image\/jpeg\" \/>\n<meta name=\"author\" content=\"Lola\" \/>\n<meta name=\"twitter:card\" content=\"summary_large_image\" \/>\n<meta name=\"twitter:creator\" content=\"@TressisSV\" \/>\n<meta name=\"twitter:site\" content=\"@TressisSV\" \/>\n<meta name=\"twitter:label1\" content=\"Escrit per\" \/>\n\t<meta name=\"twitter:data1\" content=\"Lola\" \/>\n\t<meta name=\"twitter:label2\" content=\"Temps estimat de lectura\" \/>\n\t<meta name=\"twitter:data2\" content=\"2 minuts\" \/>\n<script type=\"application\/ld+json\" class=\"yoast-schema-graph\">{\"@context\":\"https:\\\/\\\/schema.org\",\"@graph\":[{\"@type\":\"Article\",\"@id\":\"https:\\\/\\\/www.tressis.com\\\/ca\\\/blog\\\/se-acabo-la-tranquilidad\\\/#article\",\"isPartOf\":{\"@id\":\"https:\\\/\\\/www.tressis.com\\\/ca\\\/blog\\\/se-acabo-la-tranquilidad\\\/\"},\"author\":{\"name\":\"Lola\",\"@id\":\"https:\\\/\\\/www.tressis.com\\\/ca\\\/#\\\/schema\\\/person\\\/b833c1d724d8764920b6d6852c70584e\"},\"headline\":\"Se acab\u00f3 la tranquilidad\",\"datePublished\":\"2017-05-22T08:38:30+00:00\",\"mainEntityOfPage\":{\"@id\":\"https:\\\/\\\/www.tressis.com\\\/ca\\\/blog\\\/se-acabo-la-tranquilidad\\\/\"},\"wordCount\":306,\"commentCount\":0,\"publisher\":{\"@id\":\"https:\\\/\\\/www.tressis.com\\\/ca\\\/#organization\"},\"image\":{\"@id\":\"https:\\\/\\\/www.tressis.com\\\/ca\\\/blog\\\/se-acabo-la-tranquilidad\\\/#primaryimage\"},\"thumbnailUrl\":\"https:\\\/\\\/www.tressis.com\\\/wp-content\\\/uploads\\\/2017\\\/05\\\/20170522-mmv.jpg\",\"keywords\":[\"Brasil\",\"EEUU\",\"escepticismo\",\"petr\u00f3leo\",\"precio barril petr\u00f3ledo\",\"presidente de la FED\",\"San Luis\",\"Temer\",\"Theresa May\"],\"articleSection\":[\"Morning meeting\"],\"inLanguage\":\"ca\",\"potentialAction\":[{\"@type\":\"CommentAction\",\"name\":\"Comment\",\"target\":[\"https:\\\/\\\/www.tressis.com\\\/ca\\\/blog\\\/se-acabo-la-tranquilidad\\\/#respond\"]}]},{\"@type\":\"WebPage\",\"@id\":\"https:\\\/\\\/www.tressis.com\\\/ca\\\/blog\\\/se-acabo-la-tranquilidad\\\/\",\"url\":\"https:\\\/\\\/www.tressis.com\\\/ca\\\/blog\\\/se-acabo-la-tranquilidad\\\/\",\"name\":\"Se acab\u00f3 la tranquilidad\",\"isPartOf\":{\"@id\":\"https:\\\/\\\/www.tressis.com\\\/ca\\\/#website\"},\"primaryImageOfPage\":{\"@id\":\"https:\\\/\\\/www.tressis.com\\\/ca\\\/blog\\\/se-acabo-la-tranquilidad\\\/#primaryimage\"},\"image\":{\"@id\":\"https:\\\/\\\/www.tressis.com\\\/ca\\\/blog\\\/se-acabo-la-tranquilidad\\\/#primaryimage\"},\"thumbnailUrl\":\"https:\\\/\\\/www.tressis.com\\\/wp-content\\\/uploads\\\/2017\\\/05\\\/20170522-mmv.jpg\",\"datePublished\":\"2017-05-22T08:38:30+00:00\",\"description\":\"Las peticiones de dimisi\u00f3n en Brasil crecen al mismo tiempo que las sospechas de que Michel Temer es ya cad\u00e1ver pol\u00edtico\",\"breadcrumb\":{\"@id\":\"https:\\\/\\\/www.tressis.com\\\/ca\\\/blog\\\/se-acabo-la-tranquilidad\\\/#breadcrumb\"},\"inLanguage\":\"ca\",\"potentialAction\":[{\"@type\":\"ReadAction\",\"target\":[\"https:\\\/\\\/www.tressis.com\\\/ca\\\/blog\\\/se-acabo-la-tranquilidad\\\/\"]}]},{\"@type\":\"ImageObject\",\"inLanguage\":\"ca\",\"@id\":\"https:\\\/\\\/www.tressis.com\\\/ca\\\/blog\\\/se-acabo-la-tranquilidad\\\/#primaryimage\",\"url\":\"https:\\\/\\\/www.tressis.com\\\/wp-content\\\/uploads\\\/2017\\\/05\\\/20170522-mmv.jpg\",\"contentUrl\":\"https:\\\/\\\/www.tressis.com\\\/wp-content\\\/uploads\\\/2017\\\/05\\\/20170522-mmv.jpg\",\"width\":1100,\"height\":487,\"caption\":\"Se acab\u00f3 la tranquilidad\"},{\"@type\":\"BreadcrumbList\",\"@id\":\"https:\\\/\\\/www.tressis.com\\\/ca\\\/blog\\\/se-acabo-la-tranquilidad\\\/#breadcrumb\",\"itemListElement\":[{\"@type\":\"ListItem\",\"position\":1,\"name\":\"Inicio\",\"item\":\"https:\\\/\\\/www.tressis.com\\\/ca\\\/\"},{\"@type\":\"ListItem\",\"position\":2,\"name\":\"Se acab\u00f3 la tranquilidad\"}]},{\"@type\":\"WebSite\",\"@id\":\"https:\\\/\\\/www.tressis.com\\\/ca\\\/#website\",\"url\":\"https:\\\/\\\/www.tressis.com\\\/ca\\\/\",\"name\":\"Tressis banca privada\",\"description\":\"Tressis | Planificaci\u00f3n financiera y gesti\u00f3n de patrimonios\",\"publisher\":{\"@id\":\"https:\\\/\\\/www.tressis.com\\\/ca\\\/#organization\"},\"potentialAction\":[{\"@type\":\"SearchAction\",\"target\":{\"@type\":\"EntryPoint\",\"urlTemplate\":\"https:\\\/\\\/www.tressis.com\\\/ca\\\/?s={search_term_string}\"},\"query-input\":{\"@type\":\"PropertyValueSpecification\",\"valueRequired\":true,\"valueName\":\"search_term_string\"}}],\"inLanguage\":\"ca\"},{\"@type\":\"Organization\",\"@id\":\"https:\\\/\\\/www.tressis.com\\\/ca\\\/#organization\",\"name\":\"Tressis\",\"url\":\"https:\\\/\\\/www.tressis.com\\\/ca\\\/\",\"logo\":{\"@type\":\"ImageObject\",\"inLanguage\":\"ca\",\"@id\":\"https:\\\/\\\/www.tressis.com\\\/ca\\\/#\\\/schema\\\/logo\\\/image\\\/\",\"url\":\"https:\\\/\\\/www.tressis.com\\\/wp-content\\\/uploads\\\/2025\\\/06\\\/logo-tressis-112.png\",\"contentUrl\":\"https:\\\/\\\/www.tressis.com\\\/wp-content\\\/uploads\\\/2025\\\/06\\\/logo-tressis-112.png\",\"width\":112,\"height\":112,\"caption\":\"Tressis\"},\"image\":{\"@id\":\"https:\\\/\\\/www.tressis.com\\\/ca\\\/#\\\/schema\\\/logo\\\/image\\\/\"},\"sameAs\":[\"https:\\\/\\\/www.facebook.com\\\/Tressis\\\/\",\"https:\\\/\\\/x.com\\\/TressisSV\",\"https:\\\/\\\/www.instagram.com\\\/tressissv\\\/?hl=es\",\"https:\\\/\\\/linkedin.com\\\/company\\\/tressis\\\/\",\"https:\\\/\\\/www.youtube.com\\\/user\\\/tressissv\",\"https:\\\/\\\/open.spotify.com\\\/show\\\/3jmTe1Nf0wqMILl7diWV6h?si=d7112519f13c4593&nd=1\"]},{\"@type\":\"Person\",\"@id\":\"https:\\\/\\\/www.tressis.com\\\/ca\\\/#\\\/schema\\\/person\\\/b833c1d724d8764920b6d6852c70584e\",\"name\":\"Lola\",\"image\":{\"@type\":\"ImageObject\",\"inLanguage\":\"ca\",\"@id\":\"https:\\\/\\\/secure.gravatar.com\\\/avatar\\\/05e646486b23ff45df9649110609c7e31b8c4a3e2821caa23d6317f405e0c51d?s=96&d=mm&r=g\",\"url\":\"https:\\\/\\\/secure.gravatar.com\\\/avatar\\\/05e646486b23ff45df9649110609c7e31b8c4a3e2821caa23d6317f405e0c51d?s=96&d=mm&r=g\",\"contentUrl\":\"https:\\\/\\\/secure.gravatar.com\\\/avatar\\\/05e646486b23ff45df9649110609c7e31b8c4a3e2821caa23d6317f405e0c51d?s=96&d=mm&r=g\",\"caption\":\"Lola\"}}]}<\/script>\n<!-- \/ Yoast SEO plugin. -->","yoast_head_json":{"title":"Se acab\u00f3 la tranquilidad","description":"Las peticiones de dimisi\u00f3n en Brasil crecen al mismo tiempo que las sospechas de que Michel Temer es ya cad\u00e1ver pol\u00edtico","robots":{"index":"index","follow":"follow","max-snippet":"max-snippet:-1","max-image-preview":"max-image-preview:large","max-video-preview":"max-video-preview:-1"},"canonical":"https:\/\/www.tressis.com\/ca\/blog\/se-acabo-la-tranquilidad\/","og_locale":"ca_ES","og_type":"article","og_title":"Se acab\u00f3 la tranquilidad","og_description":"Las peticiones de dimisi\u00f3n en Brasil crecen al mismo tiempo que las sospechas de que Michel Temer es ya cad\u00e1ver pol\u00edtico","og_url":"https:\/\/www.tressis.com\/ca\/blog\/se-acabo-la-tranquilidad\/","og_site_name":"Tressis","article_publisher":"https:\/\/www.facebook.com\/Tressis\/","article_published_time":"2017-05-22T08:38:30+00:00","og_image":[{"width":1100,"height":487,"url":"https:\/\/www.tressis.com\/wp-content\/uploads\/2017\/05\/20170522-mmv.jpg","type":"image\/jpeg"}],"author":"Lola","twitter_card":"summary_large_image","twitter_creator":"@TressisSV","twitter_site":"@TressisSV","twitter_misc":{"Escrit per":"Lola","Temps estimat de lectura":"2 minuts"},"schema":{"@context":"https:\/\/schema.org","@graph":[{"@type":"Article","@id":"https:\/\/www.tressis.com\/ca\/blog\/se-acabo-la-tranquilidad\/#article","isPartOf":{"@id":"https:\/\/www.tressis.com\/ca\/blog\/se-acabo-la-tranquilidad\/"},"author":{"name":"Lola","@id":"https:\/\/www.tressis.com\/ca\/#\/schema\/person\/b833c1d724d8764920b6d6852c70584e"},"headline":"Se acab\u00f3 la tranquilidad","datePublished":"2017-05-22T08:38:30+00:00","mainEntityOfPage":{"@id":"https:\/\/www.tressis.com\/ca\/blog\/se-acabo-la-tranquilidad\/"},"wordCount":306,"commentCount":0,"publisher":{"@id":"https:\/\/www.tressis.com\/ca\/#organization"},"image":{"@id":"https:\/\/www.tressis.com\/ca\/blog\/se-acabo-la-tranquilidad\/#primaryimage"},"thumbnailUrl":"https:\/\/www.tressis.com\/wp-content\/uploads\/2017\/05\/20170522-mmv.jpg","keywords":["Brasil","EEUU","escepticismo","petr\u00f3leo","precio barril petr\u00f3ledo","presidente de la FED","San Luis","Temer","Theresa May"],"articleSection":["Morning meeting"],"inLanguage":"ca","potentialAction":[{"@type":"CommentAction","name":"Comment","target":["https:\/\/www.tressis.com\/ca\/blog\/se-acabo-la-tranquilidad\/#respond"]}]},{"@type":"WebPage","@id":"https:\/\/www.tressis.com\/ca\/blog\/se-acabo-la-tranquilidad\/","url":"https:\/\/www.tressis.com\/ca\/blog\/se-acabo-la-tranquilidad\/","name":"Se acab\u00f3 la tranquilidad","isPartOf":{"@id":"https:\/\/www.tressis.com\/ca\/#website"},"primaryImageOfPage":{"@id":"https:\/\/www.tressis.com\/ca\/blog\/se-acabo-la-tranquilidad\/#primaryimage"},"image":{"@id":"https:\/\/www.tressis.com\/ca\/blog\/se-acabo-la-tranquilidad\/#primaryimage"},"thumbnailUrl":"https:\/\/www.tressis.com\/wp-content\/uploads\/2017\/05\/20170522-mmv.jpg","datePublished":"2017-05-22T08:38:30+00:00","description":"Las peticiones de dimisi\u00f3n en Brasil crecen al mismo tiempo que las sospechas de que Michel Temer es ya cad\u00e1ver pol\u00edtico","breadcrumb":{"@id":"https:\/\/www.tressis.com\/ca\/blog\/se-acabo-la-tranquilidad\/#breadcrumb"},"inLanguage":"ca","potentialAction":[{"@type":"ReadAction","target":["https:\/\/www.tressis.com\/ca\/blog\/se-acabo-la-tranquilidad\/"]}]},{"@type":"ImageObject","inLanguage":"ca","@id":"https:\/\/www.tressis.com\/ca\/blog\/se-acabo-la-tranquilidad\/#primaryimage","url":"https:\/\/www.tressis.com\/wp-content\/uploads\/2017\/05\/20170522-mmv.jpg","contentUrl":"https:\/\/www.tressis.com\/wp-content\/uploads\/2017\/05\/20170522-mmv.jpg","width":1100,"height":487,"caption":"Se acab\u00f3 la tranquilidad"},{"@type":"BreadcrumbList","@id":"https:\/\/www.tressis.com\/ca\/blog\/se-acabo-la-tranquilidad\/#breadcrumb","itemListElement":[{"@type":"ListItem","position":1,"name":"Inicio","item":"https:\/\/www.tressis.com\/ca\/"},{"@type":"ListItem","position":2,"name":"Se acab\u00f3 la tranquilidad"}]},{"@type":"WebSite","@id":"https:\/\/www.tressis.com\/ca\/#website","url":"https:\/\/www.tressis.com\/ca\/","name":"Tressis banca privada","description":"Tressis | Planificaci\u00f3n financiera y gesti\u00f3n de patrimonios","publisher":{"@id":"https:\/\/www.tressis.com\/ca\/#organization"},"potentialAction":[{"@type":"SearchAction","target":{"@type":"EntryPoint","urlTemplate":"https:\/\/www.tressis.com\/ca\/?s={search_term_string}"},"query-input":{"@type":"PropertyValueSpecification","valueRequired":true,"valueName":"search_term_string"}}],"inLanguage":"ca"},{"@type":"Organization","@id":"https:\/\/www.tressis.com\/ca\/#organization","name":"Tressis","url":"https:\/\/www.tressis.com\/ca\/","logo":{"@type":"ImageObject","inLanguage":"ca","@id":"https:\/\/www.tressis.com\/ca\/#\/schema\/logo\/image\/","url":"https:\/\/www.tressis.com\/wp-content\/uploads\/2025\/06\/logo-tressis-112.png","contentUrl":"https:\/\/www.tressis.com\/wp-content\/uploads\/2025\/06\/logo-tressis-112.png","width":112,"height":112,"caption":"Tressis"},"image":{"@id":"https:\/\/www.tressis.com\/ca\/#\/schema\/logo\/image\/"},"sameAs":["https:\/\/www.facebook.com\/Tressis\/","https:\/\/x.com\/TressisSV","https:\/\/www.instagram.com\/tressissv\/?hl=es","https:\/\/linkedin.com\/company\/tressis\/","https:\/\/www.youtube.com\/user\/tressissv","https:\/\/open.spotify.com\/show\/3jmTe1Nf0wqMILl7diWV6h?si=d7112519f13c4593&nd=1"]},{"@type":"Person","@id":"https:\/\/www.tressis.com\/ca\/#\/schema\/person\/b833c1d724d8764920b6d6852c70584e","name":"Lola","image":{"@type":"ImageObject","inLanguage":"ca","@id":"https:\/\/secure.gravatar.com\/avatar\/05e646486b23ff45df9649110609c7e31b8c4a3e2821caa23d6317f405e0c51d?s=96&d=mm&r=g","url":"https:\/\/secure.gravatar.com\/avatar\/05e646486b23ff45df9649110609c7e31b8c4a3e2821caa23d6317f405e0c51d?s=96&d=mm&r=g","contentUrl":"https:\/\/secure.gravatar.com\/avatar\/05e646486b23ff45df9649110609c7e31b8c4a3e2821caa23d6317f405e0c51d?s=96&d=mm&r=g","caption":"Lola"}}]}},"_links":{"self":[{"href":"https:\/\/www.tressis.com\/ca\/wp-json\/wp\/v2\/posts\/25551","targetHints":{"allow":["GET"]}}],"collection":[{"href":"https:\/\/www.tressis.com\/ca\/wp-json\/wp\/v2\/posts"}],"about":[{"href":"https:\/\/www.tressis.com\/ca\/wp-json\/wp\/v2\/types\/post"}],"author":[{"embeddable":true,"href":"https:\/\/www.tressis.com\/ca\/wp-json\/wp\/v2\/users\/4"}],"replies":[{"embeddable":true,"href":"https:\/\/www.tressis.com\/ca\/wp-json\/wp\/v2\/comments?post=25551"}],"version-history":[{"count":0,"href":"https:\/\/www.tressis.com\/ca\/wp-json\/wp\/v2\/posts\/25551\/revisions"}],"wp:featuredmedia":[{"embeddable":true,"href":"https:\/\/www.tressis.com\/ca\/wp-json\/wp\/v2\/media\/25552"}],"wp:attachment":[{"href":"https:\/\/www.tressis.com\/ca\/wp-json\/wp\/v2\/media?parent=25551"}],"wp:term":[{"taxonomy":"category","embeddable":true,"href":"https:\/\/www.tressis.com\/ca\/wp-json\/wp\/v2\/categories?post=25551"},{"taxonomy":"post_tag","embeddable":true,"href":"https:\/\/www.tressis.com\/ca\/wp-json\/wp\/v2\/tags?post=25551"}],"curies":[{"name":"wp","href":"https:\/\/api.w.org\/{rel}","templated":true}]}}