{"id":25537,"date":"2017-05-19T10:43:37","date_gmt":"2017-05-19T08:43:37","guid":{"rendered":"http:\/\/www.tressis.com\/blog\/?p=25537"},"modified":"2017-05-19T10:43:37","modified_gmt":"2017-05-19T08:43:37","slug":"seguira-temer-camino-rouseff","status":"publish","type":"post","link":"https:\/\/www.tressis.com\/ca\/blog\/seguira-temer-camino-rouseff\/","title":{"rendered":"\u00bfSeguir\u00e1 Temer el mismo camino que Rouseff?"},"content":{"rendered":"<p>La actualidad brasile\u00f1a tuvo el impacto que tiene que tener seg\u00fan cada mercado, permitiendo que Trump y su <i>Rusiagate<\/i> pasasen a un segundo plano.<!--more--><\/p>\n<p>Y es que la posibilidad de que Temer siga el mismo camino que Rouseff va ganando enteros con el paso de las horas, lo que har\u00eda que los mercados y el cambio de rumbo de la econom\u00eda de Brasil perdieran a su gran valedor.<\/p>\n<p>Por el contrario, los indicadores econ\u00f3micos de EEUU sirvieron para dar un respiro a los inversores, porque tanto los subsidios semanales de desempleo como el regional de Filadelfia as\u00ed lo permitieron. Esto a pesar de que un adelantado como el Leading Indicator, un agregado de distintas variables de la econom\u00eda y los mercados de aquel pa\u00eds, subiera una d\u00e9cima menos de lo que se esperaba.<\/p>\n<p>En Europa el calendario macroecon\u00f3mico tan s\u00f3lo dejaba un repunte de los precios de producci\u00f3n, llegado tanto por la v\u00eda de la oferta como por el de la demanda. Pero no era eso lo que m\u00e1s llamaba la atenci\u00f3n, sino dos de los puntos de mayor fricci\u00f3n. Por un lado, Grecia, donde la aprobaci\u00f3n de la nueva tanda de recortes demuestra (una vez m\u00e1s) que hacer pol\u00edtica y hacer econom\u00eda pueden llegar a ser cosas opuestas. Y por el otro, la patata caliente que responde al nombre de Banco Popular para sus potenciales compradores, pues el mercado no parece perdonar a todo aquel que se postule.<\/p>\n<p>Ya que ayer el BCE, la Fed, el BoE o el BoJ no aportaron novedades en materia monetaria, recogieron el testigo los bancos centrales latinoamericanos, por supuesto todos ellos con un ojo puesto en el futuro inmediato en Brasil. Desde un extremo, M\u00e9xico elevaba los tipos de inter\u00e9s para combatir la inflaci\u00f3n ahora que parece que no es necesario combatir los <i>Trumponomics<\/i> devaluando el peso. Y desde el otro, Chile recortaba el precio del dinero para ayudar a reactivar la econom\u00eda.<\/p>\n<p>Buen fin de semana.<\/p>\n<p><strong>Am\u00edlcar Barrios Vilallonga<\/strong><br \/>\nDirecci\u00f3n de Inversiones<\/p>\n","protected":false},"excerpt":{"rendered":"<p>La actualidad brasile\u00f1a tuvo el impacto que tiene que tener seg\u00fan cada mercado, permitiendo que Trump y su Rusiagate pasasen a un segundo plano.<\/p>\n","protected":false},"author":4,"featured_media":25538,"comment_status":"open","ping_status":"closed","sticky":false,"template":"","format":"standard","meta":{"_acf_changed":false,"footnotes":""},"categories":[9721],"tags":[502,559,625,629,807,948,1115,2038,2556,2720,2735,3453,4240,5743,6504,6734,6740],"class_list":["post-25537","post","type-post","status-publish","format-standard","has-post-thumbnail","hentry","category-morning-meeting","tag-banco-popular","tag-bce","tag-boe","tag-boj","tag-brasil","tag-calendario-macro","tag-chile","tag-dilma-rousseff","tag-europa","tag-fed","tag-filadelfia","tag-inflacion","tag-mexico","tag-repunte-de-precios","tag-temer","tag-trump","tag-trumponomics"],"acf":[],"yoast_head":"<!-- This site is optimized with the Yoast SEO plugin v27.5 - https:\/\/yoast.com\/product\/yoast-seo-wordpress\/ -->\n<title>\u00bfSeguir\u00e1 Temer el mismo camino que Rouseff?<\/title>\n<meta name=\"description\" content=\"Si esto ocurriera, har\u00eda que los mercados y el cambio de rumbo de la econom\u00eda de Brasil perdieran a su gran valedor\" \/>\n<meta name=\"robots\" content=\"index, follow, max-snippet:-1, max-image-preview:large, max-video-preview:-1\" \/>\n<link rel=\"canonical\" href=\"https:\/\/www.tressis.com\/ca\/blog\/seguira-temer-camino-rouseff\/\" \/>\n<meta property=\"og:locale\" content=\"ca_ES\" \/>\n<meta property=\"og:type\" content=\"article\" \/>\n<meta property=\"og:title\" content=\"\u00bfSeguir\u00e1 Temer el mismo camino que Rouseff?\" \/>\n<meta property=\"og:description\" content=\"Si esto ocurriera, har\u00eda que los mercados y el cambio de rumbo de la econom\u00eda de Brasil perdieran a su gran valedor\" \/>\n<meta property=\"og:url\" content=\"https:\/\/www.tressis.com\/ca\/blog\/seguira-temer-camino-rouseff\/\" \/>\n<meta property=\"og:site_name\" content=\"Tressis\" \/>\n<meta property=\"article:publisher\" content=\"https:\/\/www.facebook.com\/Tressis\/\" \/>\n<meta property=\"article:published_time\" content=\"2017-05-19T08:43:37+00:00\" \/>\n<meta property=\"og:image\" content=\"https:\/\/www.tressis.com\/wp-content\/uploads\/2017\/05\/20170519-mmv.jpg\" \/>\n\t<meta property=\"og:image:width\" content=\"1100\" \/>\n\t<meta property=\"og:image:height\" content=\"487\" \/>\n\t<meta property=\"og:image:type\" content=\"image\/jpeg\" \/>\n<meta name=\"author\" content=\"Lola\" \/>\n<meta name=\"twitter:card\" content=\"summary_large_image\" \/>\n<meta name=\"twitter:creator\" content=\"@TressisSV\" \/>\n<meta name=\"twitter:site\" content=\"@TressisSV\" \/>\n<meta name=\"twitter:label1\" content=\"Escrit per\" \/>\n\t<meta name=\"twitter:data1\" content=\"Lola\" \/>\n\t<meta name=\"twitter:label2\" content=\"Temps estimat de lectura\" \/>\n\t<meta name=\"twitter:data2\" content=\"2 minuts\" \/>\n<script type=\"application\/ld+json\" class=\"yoast-schema-graph\">{\"@context\":\"https:\\\/\\\/schema.org\",\"@graph\":[{\"@type\":\"Article\",\"@id\":\"https:\\\/\\\/www.tressis.com\\\/ca\\\/blog\\\/seguira-temer-camino-rouseff\\\/#article\",\"isPartOf\":{\"@id\":\"https:\\\/\\\/www.tressis.com\\\/ca\\\/blog\\\/seguira-temer-camino-rouseff\\\/\"},\"author\":{\"name\":\"Lola\",\"@id\":\"https:\\\/\\\/www.tressis.com\\\/ca\\\/#\\\/schema\\\/person\\\/b833c1d724d8764920b6d6852c70584e\"},\"headline\":\"\u00bfSeguir\u00e1 Temer el mismo camino que Rouseff?\",\"datePublished\":\"2017-05-19T08:43:37+00:00\",\"mainEntityOfPage\":{\"@id\":\"https:\\\/\\\/www.tressis.com\\\/ca\\\/blog\\\/seguira-temer-camino-rouseff\\\/\"},\"wordCount\":362,\"commentCount\":0,\"publisher\":{\"@id\":\"https:\\\/\\\/www.tressis.com\\\/ca\\\/#organization\"},\"image\":{\"@id\":\"https:\\\/\\\/www.tressis.com\\\/ca\\\/blog\\\/seguira-temer-camino-rouseff\\\/#primaryimage\"},\"thumbnailUrl\":\"https:\\\/\\\/www.tressis.com\\\/wp-content\\\/uploads\\\/2017\\\/05\\\/20170519-mmv.jpg\",\"keywords\":[\"Banco Popular\",\"BCE\",\"BoE\",\"BoJ\",\"Brasil\",\"calendario macro\",\"Chile\",\"Dilma Rousseff\",\"Europa\",\"fed\",\"Filadelfia\",\"inflaci\u00f3n\",\"M\u00e9xico\",\"repunte de precios\",\"Temer\",\"Trump\",\"trumponomics\"],\"articleSection\":[\"Morning meeting\"],\"inLanguage\":\"ca\",\"potentialAction\":[{\"@type\":\"CommentAction\",\"name\":\"Comment\",\"target\":[\"https:\\\/\\\/www.tressis.com\\\/ca\\\/blog\\\/seguira-temer-camino-rouseff\\\/#respond\"]}]},{\"@type\":\"WebPage\",\"@id\":\"https:\\\/\\\/www.tressis.com\\\/ca\\\/blog\\\/seguira-temer-camino-rouseff\\\/\",\"url\":\"https:\\\/\\\/www.tressis.com\\\/ca\\\/blog\\\/seguira-temer-camino-rouseff\\\/\",\"name\":\"\u00bfSeguir\u00e1 Temer el mismo camino que Rouseff?\",\"isPartOf\":{\"@id\":\"https:\\\/\\\/www.tressis.com\\\/ca\\\/#website\"},\"primaryImageOfPage\":{\"@id\":\"https:\\\/\\\/www.tressis.com\\\/ca\\\/blog\\\/seguira-temer-camino-rouseff\\\/#primaryimage\"},\"image\":{\"@id\":\"https:\\\/\\\/www.tressis.com\\\/ca\\\/blog\\\/seguira-temer-camino-rouseff\\\/#primaryimage\"},\"thumbnailUrl\":\"https:\\\/\\\/www.tressis.com\\\/wp-content\\\/uploads\\\/2017\\\/05\\\/20170519-mmv.jpg\",\"datePublished\":\"2017-05-19T08:43:37+00:00\",\"description\":\"Si esto ocurriera, har\u00eda que los mercados y el cambio de rumbo de la econom\u00eda de Brasil perdieran a su gran valedor\",\"breadcrumb\":{\"@id\":\"https:\\\/\\\/www.tressis.com\\\/ca\\\/blog\\\/seguira-temer-camino-rouseff\\\/#breadcrumb\"},\"inLanguage\":\"ca\",\"potentialAction\":[{\"@type\":\"ReadAction\",\"target\":[\"https:\\\/\\\/www.tressis.com\\\/ca\\\/blog\\\/seguira-temer-camino-rouseff\\\/\"]}]},{\"@type\":\"ImageObject\",\"inLanguage\":\"ca\",\"@id\":\"https:\\\/\\\/www.tressis.com\\\/ca\\\/blog\\\/seguira-temer-camino-rouseff\\\/#primaryimage\",\"url\":\"https:\\\/\\\/www.tressis.com\\\/wp-content\\\/uploads\\\/2017\\\/05\\\/20170519-mmv.jpg\",\"contentUrl\":\"https:\\\/\\\/www.tressis.com\\\/wp-content\\\/uploads\\\/2017\\\/05\\\/20170519-mmv.jpg\",\"width\":1100,\"height\":487,\"caption\":\"\u00bfSeguir\u00e1 Temer el mismo camino que Rouseff?\"},{\"@type\":\"BreadcrumbList\",\"@id\":\"https:\\\/\\\/www.tressis.com\\\/ca\\\/blog\\\/seguira-temer-camino-rouseff\\\/#breadcrumb\",\"itemListElement\":[{\"@type\":\"ListItem\",\"position\":1,\"name\":\"Inicio\",\"item\":\"https:\\\/\\\/www.tressis.com\\\/ca\\\/\"},{\"@type\":\"ListItem\",\"position\":2,\"name\":\"\u00bfSeguir\u00e1 Temer el mismo camino que Rouseff?\"}]},{\"@type\":\"WebSite\",\"@id\":\"https:\\\/\\\/www.tressis.com\\\/ca\\\/#website\",\"url\":\"https:\\\/\\\/www.tressis.com\\\/ca\\\/\",\"name\":\"Tressis banca privada\",\"description\":\"Tressis | Planificaci\u00f3n financiera y gesti\u00f3n de patrimonios\",\"publisher\":{\"@id\":\"https:\\\/\\\/www.tressis.com\\\/ca\\\/#organization\"},\"potentialAction\":[{\"@type\":\"SearchAction\",\"target\":{\"@type\":\"EntryPoint\",\"urlTemplate\":\"https:\\\/\\\/www.tressis.com\\\/ca\\\/?s={search_term_string}\"},\"query-input\":{\"@type\":\"PropertyValueSpecification\",\"valueRequired\":true,\"valueName\":\"search_term_string\"}}],\"inLanguage\":\"ca\"},{\"@type\":\"Organization\",\"@id\":\"https:\\\/\\\/www.tressis.com\\\/ca\\\/#organization\",\"name\":\"Tressis\",\"url\":\"https:\\\/\\\/www.tressis.com\\\/ca\\\/\",\"logo\":{\"@type\":\"ImageObject\",\"inLanguage\":\"ca\",\"@id\":\"https:\\\/\\\/www.tressis.com\\\/ca\\\/#\\\/schema\\\/logo\\\/image\\\/\",\"url\":\"https:\\\/\\\/www.tressis.com\\\/wp-content\\\/uploads\\\/2025\\\/06\\\/logo-tressis-112.png\",\"contentUrl\":\"https:\\\/\\\/www.tressis.com\\\/wp-content\\\/uploads\\\/2025\\\/06\\\/logo-tressis-112.png\",\"width\":112,\"height\":112,\"caption\":\"Tressis\"},\"image\":{\"@id\":\"https:\\\/\\\/www.tressis.com\\\/ca\\\/#\\\/schema\\\/logo\\\/image\\\/\"},\"sameAs\":[\"https:\\\/\\\/www.facebook.com\\\/Tressis\\\/\",\"https:\\\/\\\/x.com\\\/TressisSV\",\"https:\\\/\\\/www.instagram.com\\\/tressissv\\\/?hl=es\",\"https:\\\/\\\/linkedin.com\\\/company\\\/tressis\\\/\",\"https:\\\/\\\/www.youtube.com\\\/user\\\/tressissv\",\"https:\\\/\\\/open.spotify.com\\\/show\\\/3jmTe1Nf0wqMILl7diWV6h?si=d7112519f13c4593&nd=1\"]},{\"@type\":\"Person\",\"@id\":\"https:\\\/\\\/www.tressis.com\\\/ca\\\/#\\\/schema\\\/person\\\/b833c1d724d8764920b6d6852c70584e\",\"name\":\"Lola\",\"image\":{\"@type\":\"ImageObject\",\"inLanguage\":\"ca\",\"@id\":\"https:\\\/\\\/secure.gravatar.com\\\/avatar\\\/05e646486b23ff45df9649110609c7e31b8c4a3e2821caa23d6317f405e0c51d?s=96&d=mm&r=g\",\"url\":\"https:\\\/\\\/secure.gravatar.com\\\/avatar\\\/05e646486b23ff45df9649110609c7e31b8c4a3e2821caa23d6317f405e0c51d?s=96&d=mm&r=g\",\"contentUrl\":\"https:\\\/\\\/secure.gravatar.com\\\/avatar\\\/05e646486b23ff45df9649110609c7e31b8c4a3e2821caa23d6317f405e0c51d?s=96&d=mm&r=g\",\"caption\":\"Lola\"}}]}<\/script>\n<!-- \/ Yoast SEO plugin. -->","yoast_head_json":{"title":"\u00bfSeguir\u00e1 Temer el mismo camino que Rouseff?","description":"Si esto ocurriera, har\u00eda que los mercados y el cambio de rumbo de la econom\u00eda de Brasil perdieran a su gran valedor","robots":{"index":"index","follow":"follow","max-snippet":"max-snippet:-1","max-image-preview":"max-image-preview:large","max-video-preview":"max-video-preview:-1"},"canonical":"https:\/\/www.tressis.com\/ca\/blog\/seguira-temer-camino-rouseff\/","og_locale":"ca_ES","og_type":"article","og_title":"\u00bfSeguir\u00e1 Temer el mismo camino que Rouseff?","og_description":"Si esto ocurriera, har\u00eda que los mercados y el cambio de rumbo de la econom\u00eda de Brasil perdieran a su gran valedor","og_url":"https:\/\/www.tressis.com\/ca\/blog\/seguira-temer-camino-rouseff\/","og_site_name":"Tressis","article_publisher":"https:\/\/www.facebook.com\/Tressis\/","article_published_time":"2017-05-19T08:43:37+00:00","og_image":[{"width":1100,"height":487,"url":"https:\/\/www.tressis.com\/wp-content\/uploads\/2017\/05\/20170519-mmv.jpg","type":"image\/jpeg"}],"author":"Lola","twitter_card":"summary_large_image","twitter_creator":"@TressisSV","twitter_site":"@TressisSV","twitter_misc":{"Escrit per":"Lola","Temps estimat de lectura":"2 minuts"},"schema":{"@context":"https:\/\/schema.org","@graph":[{"@type":"Article","@id":"https:\/\/www.tressis.com\/ca\/blog\/seguira-temer-camino-rouseff\/#article","isPartOf":{"@id":"https:\/\/www.tressis.com\/ca\/blog\/seguira-temer-camino-rouseff\/"},"author":{"name":"Lola","@id":"https:\/\/www.tressis.com\/ca\/#\/schema\/person\/b833c1d724d8764920b6d6852c70584e"},"headline":"\u00bfSeguir\u00e1 Temer el mismo camino que Rouseff?","datePublished":"2017-05-19T08:43:37+00:00","mainEntityOfPage":{"@id":"https:\/\/www.tressis.com\/ca\/blog\/seguira-temer-camino-rouseff\/"},"wordCount":362,"commentCount":0,"publisher":{"@id":"https:\/\/www.tressis.com\/ca\/#organization"},"image":{"@id":"https:\/\/www.tressis.com\/ca\/blog\/seguira-temer-camino-rouseff\/#primaryimage"},"thumbnailUrl":"https:\/\/www.tressis.com\/wp-content\/uploads\/2017\/05\/20170519-mmv.jpg","keywords":["Banco Popular","BCE","BoE","BoJ","Brasil","calendario macro","Chile","Dilma Rousseff","Europa","fed","Filadelfia","inflaci\u00f3n","M\u00e9xico","repunte de precios","Temer","Trump","trumponomics"],"articleSection":["Morning meeting"],"inLanguage":"ca","potentialAction":[{"@type":"CommentAction","name":"Comment","target":["https:\/\/www.tressis.com\/ca\/blog\/seguira-temer-camino-rouseff\/#respond"]}]},{"@type":"WebPage","@id":"https:\/\/www.tressis.com\/ca\/blog\/seguira-temer-camino-rouseff\/","url":"https:\/\/www.tressis.com\/ca\/blog\/seguira-temer-camino-rouseff\/","name":"\u00bfSeguir\u00e1 Temer el mismo camino que Rouseff?","isPartOf":{"@id":"https:\/\/www.tressis.com\/ca\/#website"},"primaryImageOfPage":{"@id":"https:\/\/www.tressis.com\/ca\/blog\/seguira-temer-camino-rouseff\/#primaryimage"},"image":{"@id":"https:\/\/www.tressis.com\/ca\/blog\/seguira-temer-camino-rouseff\/#primaryimage"},"thumbnailUrl":"https:\/\/www.tressis.com\/wp-content\/uploads\/2017\/05\/20170519-mmv.jpg","datePublished":"2017-05-19T08:43:37+00:00","description":"Si esto ocurriera, har\u00eda que los mercados y el cambio de rumbo de la econom\u00eda de Brasil perdieran a su gran valedor","breadcrumb":{"@id":"https:\/\/www.tressis.com\/ca\/blog\/seguira-temer-camino-rouseff\/#breadcrumb"},"inLanguage":"ca","potentialAction":[{"@type":"ReadAction","target":["https:\/\/www.tressis.com\/ca\/blog\/seguira-temer-camino-rouseff\/"]}]},{"@type":"ImageObject","inLanguage":"ca","@id":"https:\/\/www.tressis.com\/ca\/blog\/seguira-temer-camino-rouseff\/#primaryimage","url":"https:\/\/www.tressis.com\/wp-content\/uploads\/2017\/05\/20170519-mmv.jpg","contentUrl":"https:\/\/www.tressis.com\/wp-content\/uploads\/2017\/05\/20170519-mmv.jpg","width":1100,"height":487,"caption":"\u00bfSeguir\u00e1 Temer el mismo camino que Rouseff?"},{"@type":"BreadcrumbList","@id":"https:\/\/www.tressis.com\/ca\/blog\/seguira-temer-camino-rouseff\/#breadcrumb","itemListElement":[{"@type":"ListItem","position":1,"name":"Inicio","item":"https:\/\/www.tressis.com\/ca\/"},{"@type":"ListItem","position":2,"name":"\u00bfSeguir\u00e1 Temer el mismo camino que Rouseff?"}]},{"@type":"WebSite","@id":"https:\/\/www.tressis.com\/ca\/#website","url":"https:\/\/www.tressis.com\/ca\/","name":"Tressis banca privada","description":"Tressis | Planificaci\u00f3n financiera y gesti\u00f3n de patrimonios","publisher":{"@id":"https:\/\/www.tressis.com\/ca\/#organization"},"potentialAction":[{"@type":"SearchAction","target":{"@type":"EntryPoint","urlTemplate":"https:\/\/www.tressis.com\/ca\/?s={search_term_string}"},"query-input":{"@type":"PropertyValueSpecification","valueRequired":true,"valueName":"search_term_string"}}],"inLanguage":"ca"},{"@type":"Organization","@id":"https:\/\/www.tressis.com\/ca\/#organization","name":"Tressis","url":"https:\/\/www.tressis.com\/ca\/","logo":{"@type":"ImageObject","inLanguage":"ca","@id":"https:\/\/www.tressis.com\/ca\/#\/schema\/logo\/image\/","url":"https:\/\/www.tressis.com\/wp-content\/uploads\/2025\/06\/logo-tressis-112.png","contentUrl":"https:\/\/www.tressis.com\/wp-content\/uploads\/2025\/06\/logo-tressis-112.png","width":112,"height":112,"caption":"Tressis"},"image":{"@id":"https:\/\/www.tressis.com\/ca\/#\/schema\/logo\/image\/"},"sameAs":["https:\/\/www.facebook.com\/Tressis\/","https:\/\/x.com\/TressisSV","https:\/\/www.instagram.com\/tressissv\/?hl=es","https:\/\/linkedin.com\/company\/tressis\/","https:\/\/www.youtube.com\/user\/tressissv","https:\/\/open.spotify.com\/show\/3jmTe1Nf0wqMILl7diWV6h?si=d7112519f13c4593&nd=1"]},{"@type":"Person","@id":"https:\/\/www.tressis.com\/ca\/#\/schema\/person\/b833c1d724d8764920b6d6852c70584e","name":"Lola","image":{"@type":"ImageObject","inLanguage":"ca","@id":"https:\/\/secure.gravatar.com\/avatar\/05e646486b23ff45df9649110609c7e31b8c4a3e2821caa23d6317f405e0c51d?s=96&d=mm&r=g","url":"https:\/\/secure.gravatar.com\/avatar\/05e646486b23ff45df9649110609c7e31b8c4a3e2821caa23d6317f405e0c51d?s=96&d=mm&r=g","contentUrl":"https:\/\/secure.gravatar.com\/avatar\/05e646486b23ff45df9649110609c7e31b8c4a3e2821caa23d6317f405e0c51d?s=96&d=mm&r=g","caption":"Lola"}}]}},"_links":{"self":[{"href":"https:\/\/www.tressis.com\/ca\/wp-json\/wp\/v2\/posts\/25537","targetHints":{"allow":["GET"]}}],"collection":[{"href":"https:\/\/www.tressis.com\/ca\/wp-json\/wp\/v2\/posts"}],"about":[{"href":"https:\/\/www.tressis.com\/ca\/wp-json\/wp\/v2\/types\/post"}],"author":[{"embeddable":true,"href":"https:\/\/www.tressis.com\/ca\/wp-json\/wp\/v2\/users\/4"}],"replies":[{"embeddable":true,"href":"https:\/\/www.tressis.com\/ca\/wp-json\/wp\/v2\/comments?post=25537"}],"version-history":[{"count":0,"href":"https:\/\/www.tressis.com\/ca\/wp-json\/wp\/v2\/posts\/25537\/revisions"}],"wp:featuredmedia":[{"embeddable":true,"href":"https:\/\/www.tressis.com\/ca\/wp-json\/wp\/v2\/media\/25538"}],"wp:attachment":[{"href":"https:\/\/www.tressis.com\/ca\/wp-json\/wp\/v2\/media?parent=25537"}],"wp:term":[{"taxonomy":"category","embeddable":true,"href":"https:\/\/www.tressis.com\/ca\/wp-json\/wp\/v2\/categories?post=25537"},{"taxonomy":"post_tag","embeddable":true,"href":"https:\/\/www.tressis.com\/ca\/wp-json\/wp\/v2\/tags?post=25537"}],"curies":[{"name":"wp","href":"https:\/\/api.w.org\/{rel}","templated":true}]}}