{"id":25523,"date":"2017-05-18T10:54:52","date_gmt":"2017-05-18T08:54:52","guid":{"rendered":"http:\/\/www.tressis.com\/blog\/?p=25523"},"modified":"2017-05-18T10:54:52","modified_gmt":"2017-05-18T08:54:52","slug":"ayer-fue-dia-del-pon-la-picota-al-presidente","status":"publish","type":"post","link":"https:\/\/www.tressis.com\/ca\/blog\/ayer-fue-dia-del-pon-la-picota-al-presidente\/","title":{"rendered":"Ayer fue el d\u00eda del &#8220;pon en la picota al presidente&#8221;"},"content":{"rendered":"<p>Una excusa como la pol\u00edtica es lo que necesitan los inversores para aprovechar a provocar alguna ca\u00edda despu\u00e9s de tantos meses al alza.<!--more--><\/p>\n<p>Y lo cierto es que desde ese segmento no van a faltar excusas, aunque por encima de todos domina la figura de Trump, encarnado en la esperanza de que las compa\u00f1\u00edas de EEUU aumenten sus beneficios seg\u00fan las bases de su programa fiscal. El problema sale de las ganas que tienen muchos de empezar a airear la posibilidad de un <i>impeachment<\/i> a cuenta de las relaciones con Rusia, lo que lleva directamente al miedo y el refugio.<\/p>\n<p>Deb\u00eda de ser ayer el d\u00eda del &#8220;pon en la picota al presidente&#8221;, porque no s\u00f3lo a Trump le crecen los enanos, sino que al sustituto de Rouseff, Michel Temer, le ha tocado el turno de caer en el centro de la diana por nuevos esc\u00e1ndalos de corrupci\u00f3n en Brasil, con el consiguiente desplome de los activos del pa\u00eds.<\/p>\n<p>Por el contrario, el proceso de separaci\u00f3n entre el Reino Unido y la Uni\u00f3n Europea no est\u00e1 siendo todo lo traum\u00e1tico que cab\u00eda esperar a 31 de diciembre del pasado a\u00f1o, cuando se han cerrado las previsiones para los pr\u00f3ximos doce meses. Y si no, que mejor que fijarse en la tasa de paro brit\u00e1nica, que no ha hecho sino caer con independencia del grado de amistad que se alcance entre las dos orillas del canal de la Mancha. Claro que siempre con truco, pues la fuerte subida de la inflaci\u00f3n, provocada por el hundimiento de la libra, s\u00ed est\u00e1 suponiendo un tope para los salarios.<\/p>\n<p>Decir que la llegada de Trump o de cualquier otro ha supuesto autom\u00e1ticamente crecimiento ser\u00eda recortar la verdad en mucho, pues al menos en EEUU, la mejora de los indicadores es anterior a la victoria del magnate. Y esto se ha ido trasladando poco a poco a los resultados de las compa\u00f1\u00edas, tanto all\u00ed como aqu\u00ed, pues con el calendario de presentaci\u00f3n ya oficiosamente concluido, la foto no es buena s\u00f3lo por batir las previsiones, sino por la revisi\u00f3n al alza de cara a los pr\u00f3ximos meses.<\/p>\n<p>Adem\u00e1s est\u00e1n los indicadores econ\u00f3micos, que no han cambiado en casi nada el panorama. Los \u00faltimos datos de EEUU muestran que el consumo vuelve a reactivarse despu\u00e9s de un breve par\u00f3n, por lo que se neutraliza, aunque s\u00f3lo sea por el momento, el miedo a un cambio de tendencia. Siguiendo con tendencias, por lo que a Europa se refiere, la \u00faltima lectura de inflaci\u00f3n demuestra que el impacto de la energ\u00eda sigue siendo lo suficientemente elevado como para hablar del comienzo inminente de un <i>tapering<\/i> por parte del BCE. Para terminar con el repaso geogr\u00e1fico, el PIB japon\u00e9s ha sido capaz de batir las previsiones, adem\u00e1s de hacerlo a trav\u00e9s del consumo y la inversi\u00f3n empresarial, por lo que se ha reducido la dependencia del exterior incluso con un yen depreciado.<\/p>\n<p>\u200bBuen d\u00eda\u200b.<\/p>\n<p><strong><br \/>\nAm\u00edlcar Barrios Vilallonga<\/strong><br \/>\nDirecci\u00f3n de Inversiones<\/p>\n","protected":false},"excerpt":{"rendered":"<p>Una excusa como la pol\u00edtica es lo que necesitan los inversores para aprovechar a provocar alguna ca\u00edda despu\u00e9s de tantos meses al alza.<\/p>\n","protected":false},"author":4,"featured_media":25524,"comment_status":"open","ping_status":"closed","sticky":false,"template":"","format":"standard","meta":{"_acf_changed":false,"footnotes":""},"categories":[9721],"tags":[559,913,990,1269,1489,1936,4871,4972,5255,5579,5958,6454,6734,6772],"class_list":["post-25523","post","type-post","status-publish","format-standard","has-post-thumbnail","hentry","category-morning-meeting","tag-bce","tag-caida-mercados","tag-canal-de-la-mancha","tag-companias-eeuu","tag-corrupcion-en-brasil","tag-desplome-activos-brasil","tag-pib-japones","tag-politica","tag-programa-fiscal","tag-reino-unido","tag-rouseff","tag-tapering","tag-trump","tag-union-europea"],"acf":[],"yoast_head":"<!-- This site is optimized with the Yoast SEO plugin v27.4 - https:\/\/yoast.com\/product\/yoast-seo-wordpress\/ -->\n<title>Ayer fue el d\u00eda del &quot;pon en la picota al presidente&quot;<\/title>\n<meta name=\"description\" content=\"A Trump le crecen los enanos, y al sustituto de Rouseff, Michel Temer, le ha tocado el turno de caer en el centro de la diana por nuevos esc\u00e1ndalos\" \/>\n<meta name=\"robots\" content=\"index, follow, max-snippet:-1, max-image-preview:large, max-video-preview:-1\" \/>\n<link rel=\"canonical\" href=\"https:\/\/www.tressis.com\/ca\/blog\/ayer-fue-dia-del-pon-la-picota-al-presidente\/\" \/>\n<meta property=\"og:locale\" content=\"ca_ES\" \/>\n<meta property=\"og:type\" content=\"article\" \/>\n<meta property=\"og:title\" content=\"Ayer fue el d\u00eda del &quot;pon en la picota al presidente&quot;\" \/>\n<meta property=\"og:description\" content=\"A Trump le crecen los enanos, y al sustituto de Rouseff, Michel Temer, le ha tocado el turno de caer en el centro de la diana por nuevos esc\u00e1ndalos\" \/>\n<meta property=\"og:url\" content=\"https:\/\/www.tressis.com\/ca\/blog\/ayer-fue-dia-del-pon-la-picota-al-presidente\/\" \/>\n<meta property=\"og:site_name\" content=\"Tressis\" \/>\n<meta property=\"article:publisher\" content=\"https:\/\/www.facebook.com\/Tressis\/\" \/>\n<meta property=\"article:published_time\" content=\"2017-05-18T08:54:52+00:00\" \/>\n<meta property=\"og:image\" content=\"https:\/\/www.tressis.com\/wp-content\/uploads\/2017\/05\/20170518-mmv.jpg\" \/>\n\t<meta property=\"og:image:width\" content=\"1100\" \/>\n\t<meta property=\"og:image:height\" content=\"487\" \/>\n\t<meta property=\"og:image:type\" content=\"image\/jpeg\" \/>\n<meta name=\"author\" content=\"Lola\" \/>\n<meta name=\"twitter:card\" content=\"summary_large_image\" \/>\n<meta name=\"twitter:creator\" content=\"@TressisSV\" \/>\n<meta name=\"twitter:site\" content=\"@TressisSV\" \/>\n<meta name=\"twitter:label1\" content=\"Escrit per\" \/>\n\t<meta name=\"twitter:data1\" content=\"Lola\" \/>\n\t<meta name=\"twitter:label2\" content=\"Temps estimat de lectura\" \/>\n\t<meta name=\"twitter:data2\" content=\"3 minuts\" \/>\n<script type=\"application\/ld+json\" class=\"yoast-schema-graph\">{\"@context\":\"https:\\\/\\\/schema.org\",\"@graph\":[{\"@type\":\"Article\",\"@id\":\"https:\\\/\\\/www.tressis.com\\\/ca\\\/blog\\\/ayer-fue-dia-del-pon-la-picota-al-presidente\\\/#article\",\"isPartOf\":{\"@id\":\"https:\\\/\\\/www.tressis.com\\\/ca\\\/blog\\\/ayer-fue-dia-del-pon-la-picota-al-presidente\\\/\"},\"author\":{\"name\":\"Lola\",\"@id\":\"https:\\\/\\\/www.tressis.com\\\/ca\\\/#\\\/schema\\\/person\\\/b833c1d724d8764920b6d6852c70584e\"},\"headline\":\"Ayer fue el d\u00eda del &#8220;pon en la picota al presidente&#8221;\",\"datePublished\":\"2017-05-18T08:54:52+00:00\",\"mainEntityOfPage\":{\"@id\":\"https:\\\/\\\/www.tressis.com\\\/ca\\\/blog\\\/ayer-fue-dia-del-pon-la-picota-al-presidente\\\/\"},\"wordCount\":544,\"commentCount\":0,\"publisher\":{\"@id\":\"https:\\\/\\\/www.tressis.com\\\/ca\\\/#organization\"},\"image\":{\"@id\":\"https:\\\/\\\/www.tressis.com\\\/ca\\\/blog\\\/ayer-fue-dia-del-pon-la-picota-al-presidente\\\/#primaryimage\"},\"thumbnailUrl\":\"https:\\\/\\\/www.tressis.com\\\/wp-content\\\/uploads\\\/2017\\\/05\\\/20170518-mmv.jpg\",\"keywords\":[\"BCE\",\"ca\u00edda mercados\",\"Canal de la Mancha\",\"compa\u00f1\u00edas EEUU\",\"corrupci\u00f3n en Brasil\",\"desplome activos Brasil\",\"PIB japon\u00e9s\",\"pol\u00edtica\",\"programa fiscal\",\"reino unido\",\"Rouseff\",\"tapering\",\"Trump\",\"Uni\u00f3n Europea\"],\"articleSection\":[\"Morning meeting\"],\"inLanguage\":\"ca\",\"potentialAction\":[{\"@type\":\"CommentAction\",\"name\":\"Comment\",\"target\":[\"https:\\\/\\\/www.tressis.com\\\/ca\\\/blog\\\/ayer-fue-dia-del-pon-la-picota-al-presidente\\\/#respond\"]}]},{\"@type\":\"WebPage\",\"@id\":\"https:\\\/\\\/www.tressis.com\\\/ca\\\/blog\\\/ayer-fue-dia-del-pon-la-picota-al-presidente\\\/\",\"url\":\"https:\\\/\\\/www.tressis.com\\\/ca\\\/blog\\\/ayer-fue-dia-del-pon-la-picota-al-presidente\\\/\",\"name\":\"Ayer fue el d\u00eda del \\\"pon en la picota al presidente\\\"\",\"isPartOf\":{\"@id\":\"https:\\\/\\\/www.tressis.com\\\/ca\\\/#website\"},\"primaryImageOfPage\":{\"@id\":\"https:\\\/\\\/www.tressis.com\\\/ca\\\/blog\\\/ayer-fue-dia-del-pon-la-picota-al-presidente\\\/#primaryimage\"},\"image\":{\"@id\":\"https:\\\/\\\/www.tressis.com\\\/ca\\\/blog\\\/ayer-fue-dia-del-pon-la-picota-al-presidente\\\/#primaryimage\"},\"thumbnailUrl\":\"https:\\\/\\\/www.tressis.com\\\/wp-content\\\/uploads\\\/2017\\\/05\\\/20170518-mmv.jpg\",\"datePublished\":\"2017-05-18T08:54:52+00:00\",\"description\":\"A Trump le crecen los enanos, y al sustituto de Rouseff, Michel Temer, le ha tocado el turno de caer en el centro de la diana por nuevos esc\u00e1ndalos\",\"breadcrumb\":{\"@id\":\"https:\\\/\\\/www.tressis.com\\\/ca\\\/blog\\\/ayer-fue-dia-del-pon-la-picota-al-presidente\\\/#breadcrumb\"},\"inLanguage\":\"ca\",\"potentialAction\":[{\"@type\":\"ReadAction\",\"target\":[\"https:\\\/\\\/www.tressis.com\\\/ca\\\/blog\\\/ayer-fue-dia-del-pon-la-picota-al-presidente\\\/\"]}]},{\"@type\":\"ImageObject\",\"inLanguage\":\"ca\",\"@id\":\"https:\\\/\\\/www.tressis.com\\\/ca\\\/blog\\\/ayer-fue-dia-del-pon-la-picota-al-presidente\\\/#primaryimage\",\"url\":\"https:\\\/\\\/www.tressis.com\\\/wp-content\\\/uploads\\\/2017\\\/05\\\/20170518-mmv.jpg\",\"contentUrl\":\"https:\\\/\\\/www.tressis.com\\\/wp-content\\\/uploads\\\/2017\\\/05\\\/20170518-mmv.jpg\",\"width\":1100,\"height\":487,\"caption\":\"Ayer fue el d\u00eda del \\\"pon en la picota al presidente\\\"\"},{\"@type\":\"BreadcrumbList\",\"@id\":\"https:\\\/\\\/www.tressis.com\\\/ca\\\/blog\\\/ayer-fue-dia-del-pon-la-picota-al-presidente\\\/#breadcrumb\",\"itemListElement\":[{\"@type\":\"ListItem\",\"position\":1,\"name\":\"Inicio\",\"item\":\"https:\\\/\\\/www.tressis.com\\\/ca\\\/\"},{\"@type\":\"ListItem\",\"position\":2,\"name\":\"Ayer fue el d\u00eda del \u00abpon en la picota al presidente\u00bb\"}]},{\"@type\":\"WebSite\",\"@id\":\"https:\\\/\\\/www.tressis.com\\\/ca\\\/#website\",\"url\":\"https:\\\/\\\/www.tressis.com\\\/ca\\\/\",\"name\":\"Tressis banca privada\",\"description\":\"Tressis | Planificaci\u00f3n financiera y gesti\u00f3n de patrimonios\",\"publisher\":{\"@id\":\"https:\\\/\\\/www.tressis.com\\\/ca\\\/#organization\"},\"potentialAction\":[{\"@type\":\"SearchAction\",\"target\":{\"@type\":\"EntryPoint\",\"urlTemplate\":\"https:\\\/\\\/www.tressis.com\\\/ca\\\/?s={search_term_string}\"},\"query-input\":{\"@type\":\"PropertyValueSpecification\",\"valueRequired\":true,\"valueName\":\"search_term_string\"}}],\"inLanguage\":\"ca\"},{\"@type\":\"Organization\",\"@id\":\"https:\\\/\\\/www.tressis.com\\\/ca\\\/#organization\",\"name\":\"Tressis\",\"url\":\"https:\\\/\\\/www.tressis.com\\\/ca\\\/\",\"logo\":{\"@type\":\"ImageObject\",\"inLanguage\":\"ca\",\"@id\":\"https:\\\/\\\/www.tressis.com\\\/ca\\\/#\\\/schema\\\/logo\\\/image\\\/\",\"url\":\"https:\\\/\\\/www.tressis.com\\\/wp-content\\\/uploads\\\/2025\\\/06\\\/logo-tressis-112.png\",\"contentUrl\":\"https:\\\/\\\/www.tressis.com\\\/wp-content\\\/uploads\\\/2025\\\/06\\\/logo-tressis-112.png\",\"width\":112,\"height\":112,\"caption\":\"Tressis\"},\"image\":{\"@id\":\"https:\\\/\\\/www.tressis.com\\\/ca\\\/#\\\/schema\\\/logo\\\/image\\\/\"},\"sameAs\":[\"https:\\\/\\\/www.facebook.com\\\/Tressis\\\/\",\"https:\\\/\\\/x.com\\\/TressisSV\",\"https:\\\/\\\/www.instagram.com\\\/tressissv\\\/?hl=es\",\"https:\\\/\\\/linkedin.com\\\/company\\\/tressis\\\/\",\"https:\\\/\\\/www.youtube.com\\\/user\\\/tressissv\",\"https:\\\/\\\/open.spotify.com\\\/show\\\/3jmTe1Nf0wqMILl7diWV6h?si=d7112519f13c4593&nd=1\"]},{\"@type\":\"Person\",\"@id\":\"https:\\\/\\\/www.tressis.com\\\/ca\\\/#\\\/schema\\\/person\\\/b833c1d724d8764920b6d6852c70584e\",\"name\":\"Lola\",\"image\":{\"@type\":\"ImageObject\",\"inLanguage\":\"ca\",\"@id\":\"https:\\\/\\\/secure.gravatar.com\\\/avatar\\\/05e646486b23ff45df9649110609c7e31b8c4a3e2821caa23d6317f405e0c51d?s=96&d=mm&r=g\",\"url\":\"https:\\\/\\\/secure.gravatar.com\\\/avatar\\\/05e646486b23ff45df9649110609c7e31b8c4a3e2821caa23d6317f405e0c51d?s=96&d=mm&r=g\",\"contentUrl\":\"https:\\\/\\\/secure.gravatar.com\\\/avatar\\\/05e646486b23ff45df9649110609c7e31b8c4a3e2821caa23d6317f405e0c51d?s=96&d=mm&r=g\",\"caption\":\"Lola\"}}]}<\/script>\n<!-- \/ Yoast SEO plugin. -->","yoast_head_json":{"title":"Ayer fue el d\u00eda del \"pon en la picota al presidente\"","description":"A Trump le crecen los enanos, y al sustituto de Rouseff, Michel Temer, le ha tocado el turno de caer en el centro de la diana por nuevos esc\u00e1ndalos","robots":{"index":"index","follow":"follow","max-snippet":"max-snippet:-1","max-image-preview":"max-image-preview:large","max-video-preview":"max-video-preview:-1"},"canonical":"https:\/\/www.tressis.com\/ca\/blog\/ayer-fue-dia-del-pon-la-picota-al-presidente\/","og_locale":"ca_ES","og_type":"article","og_title":"Ayer fue el d\u00eda del \"pon en la picota al presidente\"","og_description":"A Trump le crecen los enanos, y al sustituto de Rouseff, Michel Temer, le ha tocado el turno de caer en el centro de la diana por nuevos esc\u00e1ndalos","og_url":"https:\/\/www.tressis.com\/ca\/blog\/ayer-fue-dia-del-pon-la-picota-al-presidente\/","og_site_name":"Tressis","article_publisher":"https:\/\/www.facebook.com\/Tressis\/","article_published_time":"2017-05-18T08:54:52+00:00","og_image":[{"width":1100,"height":487,"url":"https:\/\/www.tressis.com\/wp-content\/uploads\/2017\/05\/20170518-mmv.jpg","type":"image\/jpeg"}],"author":"Lola","twitter_card":"summary_large_image","twitter_creator":"@TressisSV","twitter_site":"@TressisSV","twitter_misc":{"Escrit per":"Lola","Temps estimat de lectura":"3 minuts"},"schema":{"@context":"https:\/\/schema.org","@graph":[{"@type":"Article","@id":"https:\/\/www.tressis.com\/ca\/blog\/ayer-fue-dia-del-pon-la-picota-al-presidente\/#article","isPartOf":{"@id":"https:\/\/www.tressis.com\/ca\/blog\/ayer-fue-dia-del-pon-la-picota-al-presidente\/"},"author":{"name":"Lola","@id":"https:\/\/www.tressis.com\/ca\/#\/schema\/person\/b833c1d724d8764920b6d6852c70584e"},"headline":"Ayer fue el d\u00eda del &#8220;pon en la picota al presidente&#8221;","datePublished":"2017-05-18T08:54:52+00:00","mainEntityOfPage":{"@id":"https:\/\/www.tressis.com\/ca\/blog\/ayer-fue-dia-del-pon-la-picota-al-presidente\/"},"wordCount":544,"commentCount":0,"publisher":{"@id":"https:\/\/www.tressis.com\/ca\/#organization"},"image":{"@id":"https:\/\/www.tressis.com\/ca\/blog\/ayer-fue-dia-del-pon-la-picota-al-presidente\/#primaryimage"},"thumbnailUrl":"https:\/\/www.tressis.com\/wp-content\/uploads\/2017\/05\/20170518-mmv.jpg","keywords":["BCE","ca\u00edda mercados","Canal de la Mancha","compa\u00f1\u00edas EEUU","corrupci\u00f3n en Brasil","desplome activos Brasil","PIB japon\u00e9s","pol\u00edtica","programa fiscal","reino unido","Rouseff","tapering","Trump","Uni\u00f3n Europea"],"articleSection":["Morning meeting"],"inLanguage":"ca","potentialAction":[{"@type":"CommentAction","name":"Comment","target":["https:\/\/www.tressis.com\/ca\/blog\/ayer-fue-dia-del-pon-la-picota-al-presidente\/#respond"]}]},{"@type":"WebPage","@id":"https:\/\/www.tressis.com\/ca\/blog\/ayer-fue-dia-del-pon-la-picota-al-presidente\/","url":"https:\/\/www.tressis.com\/ca\/blog\/ayer-fue-dia-del-pon-la-picota-al-presidente\/","name":"Ayer fue el d\u00eda del \"pon en la picota al presidente\"","isPartOf":{"@id":"https:\/\/www.tressis.com\/ca\/#website"},"primaryImageOfPage":{"@id":"https:\/\/www.tressis.com\/ca\/blog\/ayer-fue-dia-del-pon-la-picota-al-presidente\/#primaryimage"},"image":{"@id":"https:\/\/www.tressis.com\/ca\/blog\/ayer-fue-dia-del-pon-la-picota-al-presidente\/#primaryimage"},"thumbnailUrl":"https:\/\/www.tressis.com\/wp-content\/uploads\/2017\/05\/20170518-mmv.jpg","datePublished":"2017-05-18T08:54:52+00:00","description":"A Trump le crecen los enanos, y al sustituto de Rouseff, Michel Temer, le ha tocado el turno de caer en el centro de la diana por nuevos esc\u00e1ndalos","breadcrumb":{"@id":"https:\/\/www.tressis.com\/ca\/blog\/ayer-fue-dia-del-pon-la-picota-al-presidente\/#breadcrumb"},"inLanguage":"ca","potentialAction":[{"@type":"ReadAction","target":["https:\/\/www.tressis.com\/ca\/blog\/ayer-fue-dia-del-pon-la-picota-al-presidente\/"]}]},{"@type":"ImageObject","inLanguage":"ca","@id":"https:\/\/www.tressis.com\/ca\/blog\/ayer-fue-dia-del-pon-la-picota-al-presidente\/#primaryimage","url":"https:\/\/www.tressis.com\/wp-content\/uploads\/2017\/05\/20170518-mmv.jpg","contentUrl":"https:\/\/www.tressis.com\/wp-content\/uploads\/2017\/05\/20170518-mmv.jpg","width":1100,"height":487,"caption":"Ayer fue el d\u00eda del \"pon en la picota al presidente\""},{"@type":"BreadcrumbList","@id":"https:\/\/www.tressis.com\/ca\/blog\/ayer-fue-dia-del-pon-la-picota-al-presidente\/#breadcrumb","itemListElement":[{"@type":"ListItem","position":1,"name":"Inicio","item":"https:\/\/www.tressis.com\/ca\/"},{"@type":"ListItem","position":2,"name":"Ayer fue el d\u00eda del \u00abpon en la picota al presidente\u00bb"}]},{"@type":"WebSite","@id":"https:\/\/www.tressis.com\/ca\/#website","url":"https:\/\/www.tressis.com\/ca\/","name":"Tressis banca privada","description":"Tressis | Planificaci\u00f3n financiera y gesti\u00f3n de patrimonios","publisher":{"@id":"https:\/\/www.tressis.com\/ca\/#organization"},"potentialAction":[{"@type":"SearchAction","target":{"@type":"EntryPoint","urlTemplate":"https:\/\/www.tressis.com\/ca\/?s={search_term_string}"},"query-input":{"@type":"PropertyValueSpecification","valueRequired":true,"valueName":"search_term_string"}}],"inLanguage":"ca"},{"@type":"Organization","@id":"https:\/\/www.tressis.com\/ca\/#organization","name":"Tressis","url":"https:\/\/www.tressis.com\/ca\/","logo":{"@type":"ImageObject","inLanguage":"ca","@id":"https:\/\/www.tressis.com\/ca\/#\/schema\/logo\/image\/","url":"https:\/\/www.tressis.com\/wp-content\/uploads\/2025\/06\/logo-tressis-112.png","contentUrl":"https:\/\/www.tressis.com\/wp-content\/uploads\/2025\/06\/logo-tressis-112.png","width":112,"height":112,"caption":"Tressis"},"image":{"@id":"https:\/\/www.tressis.com\/ca\/#\/schema\/logo\/image\/"},"sameAs":["https:\/\/www.facebook.com\/Tressis\/","https:\/\/x.com\/TressisSV","https:\/\/www.instagram.com\/tressissv\/?hl=es","https:\/\/linkedin.com\/company\/tressis\/","https:\/\/www.youtube.com\/user\/tressissv","https:\/\/open.spotify.com\/show\/3jmTe1Nf0wqMILl7diWV6h?si=d7112519f13c4593&nd=1"]},{"@type":"Person","@id":"https:\/\/www.tressis.com\/ca\/#\/schema\/person\/b833c1d724d8764920b6d6852c70584e","name":"Lola","image":{"@type":"ImageObject","inLanguage":"ca","@id":"https:\/\/secure.gravatar.com\/avatar\/05e646486b23ff45df9649110609c7e31b8c4a3e2821caa23d6317f405e0c51d?s=96&d=mm&r=g","url":"https:\/\/secure.gravatar.com\/avatar\/05e646486b23ff45df9649110609c7e31b8c4a3e2821caa23d6317f405e0c51d?s=96&d=mm&r=g","contentUrl":"https:\/\/secure.gravatar.com\/avatar\/05e646486b23ff45df9649110609c7e31b8c4a3e2821caa23d6317f405e0c51d?s=96&d=mm&r=g","caption":"Lola"}}]}},"_links":{"self":[{"href":"https:\/\/www.tressis.com\/ca\/wp-json\/wp\/v2\/posts\/25523","targetHints":{"allow":["GET"]}}],"collection":[{"href":"https:\/\/www.tressis.com\/ca\/wp-json\/wp\/v2\/posts"}],"about":[{"href":"https:\/\/www.tressis.com\/ca\/wp-json\/wp\/v2\/types\/post"}],"author":[{"embeddable":true,"href":"https:\/\/www.tressis.com\/ca\/wp-json\/wp\/v2\/users\/4"}],"replies":[{"embeddable":true,"href":"https:\/\/www.tressis.com\/ca\/wp-json\/wp\/v2\/comments?post=25523"}],"version-history":[{"count":0,"href":"https:\/\/www.tressis.com\/ca\/wp-json\/wp\/v2\/posts\/25523\/revisions"}],"wp:featuredmedia":[{"embeddable":true,"href":"https:\/\/www.tressis.com\/ca\/wp-json\/wp\/v2\/media\/25524"}],"wp:attachment":[{"href":"https:\/\/www.tressis.com\/ca\/wp-json\/wp\/v2\/media?parent=25523"}],"wp:term":[{"taxonomy":"category","embeddable":true,"href":"https:\/\/www.tressis.com\/ca\/wp-json\/wp\/v2\/categories?post=25523"},{"taxonomy":"post_tag","embeddable":true,"href":"https:\/\/www.tressis.com\/ca\/wp-json\/wp\/v2\/tags?post=25523"}],"curies":[{"name":"wp","href":"https:\/\/api.w.org\/{rel}","templated":true}]}}