{"id":25257,"date":"2017-04-10T11:45:58","date_gmt":"2017-04-10T09:45:58","guid":{"rendered":"http:\/\/www.tressis.com\/blog\/?p=25257"},"modified":"2017-04-10T11:45:58","modified_gmt":"2017-04-10T09:45:58","slug":"abrimos-semana-excepcional","status":"publish","type":"post","link":"https:\/\/www.tressis.com\/ca\/blog\/abrimos-semana-excepcional\/","title":{"rendered":"Abrimos semana excepcional"},"content":{"rendered":"<p>Abrimos semana excepcional por la cristiana celebraci\u00f3n de la Semana Santa, aplicada a los distintos cierres de los mercados financieros durante los pr\u00f3ximos d\u00edas.<!--more--><\/p>\n<p>As\u00ed que, como en cualquier otro periodo de vacaciones, el volumen de contrataci\u00f3n ir\u00e1 a la baja en plena semana del petardazo inicial que marca el arranque de la temporada de resultados de un primer trimestre algo m\u00e1s exigente de lo que viene siendo costumbre.<\/p>\n<p>De este fin de semana hay muchas cosas que extraer, pero fij\u00e1ndonos \u00fanicamente en el \u00e1mbito pol\u00edtico-financiero, Grecia vuelve a escena. Y lo hace gracias a que ha sido capaz no s\u00f3lo de arrancar la liberaci\u00f3n de otro tramo del rescate a cambio de m\u00e1s reformas, sino que tambi\u00e9n parece volver a entrar en el programa de compra de deuda del BCE que tan clar\u00edsimamente ha influido a la baja en los costes de financiaci\u00f3n de los Estados.<\/p>\n<p>Dentro de lo ordinario, las encuestas de las elecciones francesas dibujan un panorama sorprendente en el que no toca hablar de Le Pen o las fuerzas centristas, sino del empuje que viene mostrando el <i>outsider<\/i> Melenchon, a lomos de la izquierda radical que pregona el abandono del euro. Pero son s\u00f3lo encuestas. En t\u00e9rminos puramente econ\u00f3micos, la producci\u00f3n industrial gala correspondiente a febrero supuso la decepci\u00f3n que no se produjo en Alemania, donde este dato se suma a la larga lista de indicadores que apuntan a una mejora m\u00e1s sostenida de la primera econom\u00eda europea.<\/p>\n<p>Pero el verdadero dato que esperaba el mercado era el informe mensual de empleo de EEUU. La tasa de paro ha descendido dos d\u00e9cimas hasta el 4,5% a pesar de que &#8220;s\u00f3lo&#8221; se crearon 98.000 nuevos empleos durante el mes, la cifra m\u00e1s baja desde mayo del a\u00f1o pasado. En lo que m\u00e1s se ha vuelto a fijar el mercado, el crecimiento de los salarios, no ha deparado novedades que hagan pensar en un cambio radical de escenario. Precisamente de la Reserva Federal, la que mayor importancia da a d\u00eda de hoy a los salarios para establecer su pol\u00edtica monetaria, sal\u00edan nuevas voces que hablan de la posibilidad de tocar el balance que tanto se ha recargado con los QE de los \u00faltimos a\u00f1os.<\/p>\n<p>Buen d\u00eda.<br \/>\n<strong><br \/>\nAm\u00edlcar Barrios Vilallonga<\/strong><br \/>\nDirecci\u00f3n de Inversiones<\/p>\n","protected":false},"excerpt":{"rendered":"<p>Abrimos semana excepcional por la cristiana celebraci\u00f3n de la Semana Santa, aplicada a los distintos cierres de los mercados financieros durante los pr\u00f3ximos d\u00edas.<\/p>\n","protected":false},"author":4,"featured_media":25258,"comment_status":"open","ping_status":"closed","sticky":false,"template":"","format":"standard","meta":{"_acf_changed":false,"footnotes":""},"categories":[9721],"tags":[559,2206,3114,3706,3801,4102,4807,6127,6506],"class_list":["post-25257","post","type-post","status-publish","format-standard","has-post-thumbnail","hentry","category-morning-meeting","tag-bce","tag-eeuu","tag-grecia-vuelve","tag-izquierda-radical","tag-le-pen","tag-melechon","tag-periodo-de-vacaciones","tag-semana-santa","tag-temporada-de-resultados"],"acf":[],"yoast_head":"<!-- This site is optimized with the Yoast SEO plugin v27.5 - https:\/\/yoast.com\/product\/yoast-seo-wordpress\/ -->\n<title>Abrimos semana excepcional<\/title>\n<meta name=\"description\" content=\"En periodo de vacaciones, el volumen de contrataci\u00f3n ir\u00e1 a la baja en plena semana que marca el arranque de los resultados de un primer trimestre\" \/>\n<meta name=\"robots\" content=\"index, follow, max-snippet:-1, max-image-preview:large, max-video-preview:-1\" \/>\n<link rel=\"canonical\" href=\"https:\/\/www.tressis.com\/ca\/blog\/abrimos-semana-excepcional\/\" \/>\n<meta property=\"og:locale\" content=\"ca_ES\" \/>\n<meta property=\"og:type\" content=\"article\" \/>\n<meta property=\"og:title\" content=\"Abrimos semana excepcional\" \/>\n<meta property=\"og:description\" content=\"En periodo de vacaciones, el volumen de contrataci\u00f3n ir\u00e1 a la baja en plena semana que marca el arranque de los resultados de un primer trimestre\" \/>\n<meta property=\"og:url\" content=\"https:\/\/www.tressis.com\/ca\/blog\/abrimos-semana-excepcional\/\" \/>\n<meta property=\"og:site_name\" content=\"Tressis\" \/>\n<meta property=\"article:publisher\" content=\"https:\/\/www.facebook.com\/Tressis\/\" \/>\n<meta property=\"article:published_time\" content=\"2017-04-10T09:45:58+00:00\" \/>\n<meta property=\"og:image\" content=\"https:\/\/www.tressis.com\/wp-content\/uploads\/2017\/04\/20170410-mmv.jpg\" \/>\n\t<meta property=\"og:image:width\" content=\"1100\" \/>\n\t<meta property=\"og:image:height\" content=\"487\" \/>\n\t<meta property=\"og:image:type\" content=\"image\/jpeg\" \/>\n<meta name=\"author\" content=\"Lola\" \/>\n<meta name=\"twitter:card\" content=\"summary_large_image\" \/>\n<meta name=\"twitter:creator\" content=\"@TressisSV\" \/>\n<meta name=\"twitter:site\" content=\"@TressisSV\" \/>\n<meta name=\"twitter:label1\" content=\"Escrit per\" \/>\n\t<meta name=\"twitter:data1\" content=\"Lola\" \/>\n\t<meta name=\"twitter:label2\" content=\"Temps estimat de lectura\" \/>\n\t<meta name=\"twitter:data2\" content=\"2 minuts\" \/>\n<script type=\"application\/ld+json\" class=\"yoast-schema-graph\">{\"@context\":\"https:\\\/\\\/schema.org\",\"@graph\":[{\"@type\":\"Article\",\"@id\":\"https:\\\/\\\/www.tressis.com\\\/ca\\\/blog\\\/abrimos-semana-excepcional\\\/#article\",\"isPartOf\":{\"@id\":\"https:\\\/\\\/www.tressis.com\\\/ca\\\/blog\\\/abrimos-semana-excepcional\\\/\"},\"author\":{\"name\":\"Lola\",\"@id\":\"https:\\\/\\\/www.tressis.com\\\/ca\\\/#\\\/schema\\\/person\\\/b833c1d724d8764920b6d6852c70584e\"},\"headline\":\"Abrimos semana excepcional\",\"datePublished\":\"2017-04-10T09:45:58+00:00\",\"mainEntityOfPage\":{\"@id\":\"https:\\\/\\\/www.tressis.com\\\/ca\\\/blog\\\/abrimos-semana-excepcional\\\/\"},\"wordCount\":407,\"commentCount\":0,\"publisher\":{\"@id\":\"https:\\\/\\\/www.tressis.com\\\/ca\\\/#organization\"},\"image\":{\"@id\":\"https:\\\/\\\/www.tressis.com\\\/ca\\\/blog\\\/abrimos-semana-excepcional\\\/#primaryimage\"},\"thumbnailUrl\":\"https:\\\/\\\/www.tressis.com\\\/wp-content\\\/uploads\\\/2017\\\/04\\\/20170410-mmv.jpg\",\"keywords\":[\"BCE\",\"EEUU\",\"grecia vuelve\",\"izquierda radical\",\"Le Pen\",\"Melechon\",\"periodo de vacaciones\",\"semana santa\",\"temporada de resultados\"],\"articleSection\":[\"Morning meeting\"],\"inLanguage\":\"ca\",\"potentialAction\":[{\"@type\":\"CommentAction\",\"name\":\"Comment\",\"target\":[\"https:\\\/\\\/www.tressis.com\\\/ca\\\/blog\\\/abrimos-semana-excepcional\\\/#respond\"]}]},{\"@type\":\"WebPage\",\"@id\":\"https:\\\/\\\/www.tressis.com\\\/ca\\\/blog\\\/abrimos-semana-excepcional\\\/\",\"url\":\"https:\\\/\\\/www.tressis.com\\\/ca\\\/blog\\\/abrimos-semana-excepcional\\\/\",\"name\":\"Abrimos semana excepcional\",\"isPartOf\":{\"@id\":\"https:\\\/\\\/www.tressis.com\\\/ca\\\/#website\"},\"primaryImageOfPage\":{\"@id\":\"https:\\\/\\\/www.tressis.com\\\/ca\\\/blog\\\/abrimos-semana-excepcional\\\/#primaryimage\"},\"image\":{\"@id\":\"https:\\\/\\\/www.tressis.com\\\/ca\\\/blog\\\/abrimos-semana-excepcional\\\/#primaryimage\"},\"thumbnailUrl\":\"https:\\\/\\\/www.tressis.com\\\/wp-content\\\/uploads\\\/2017\\\/04\\\/20170410-mmv.jpg\",\"datePublished\":\"2017-04-10T09:45:58+00:00\",\"description\":\"En periodo de vacaciones, el volumen de contrataci\u00f3n ir\u00e1 a la baja en plena semana que marca el arranque de los resultados de un primer trimestre\",\"breadcrumb\":{\"@id\":\"https:\\\/\\\/www.tressis.com\\\/ca\\\/blog\\\/abrimos-semana-excepcional\\\/#breadcrumb\"},\"inLanguage\":\"ca\",\"potentialAction\":[{\"@type\":\"ReadAction\",\"target\":[\"https:\\\/\\\/www.tressis.com\\\/ca\\\/blog\\\/abrimos-semana-excepcional\\\/\"]}]},{\"@type\":\"ImageObject\",\"inLanguage\":\"ca\",\"@id\":\"https:\\\/\\\/www.tressis.com\\\/ca\\\/blog\\\/abrimos-semana-excepcional\\\/#primaryimage\",\"url\":\"https:\\\/\\\/www.tressis.com\\\/wp-content\\\/uploads\\\/2017\\\/04\\\/20170410-mmv.jpg\",\"contentUrl\":\"https:\\\/\\\/www.tressis.com\\\/wp-content\\\/uploads\\\/2017\\\/04\\\/20170410-mmv.jpg\",\"width\":1100,\"height\":487,\"caption\":\"Abrimos semana excepcional\"},{\"@type\":\"BreadcrumbList\",\"@id\":\"https:\\\/\\\/www.tressis.com\\\/ca\\\/blog\\\/abrimos-semana-excepcional\\\/#breadcrumb\",\"itemListElement\":[{\"@type\":\"ListItem\",\"position\":1,\"name\":\"Inicio\",\"item\":\"https:\\\/\\\/www.tressis.com\\\/ca\\\/\"},{\"@type\":\"ListItem\",\"position\":2,\"name\":\"Abrimos semana excepcional\"}]},{\"@type\":\"WebSite\",\"@id\":\"https:\\\/\\\/www.tressis.com\\\/ca\\\/#website\",\"url\":\"https:\\\/\\\/www.tressis.com\\\/ca\\\/\",\"name\":\"Tressis banca privada\",\"description\":\"Tressis | Planificaci\u00f3n financiera y gesti\u00f3n de patrimonios\",\"publisher\":{\"@id\":\"https:\\\/\\\/www.tressis.com\\\/ca\\\/#organization\"},\"potentialAction\":[{\"@type\":\"SearchAction\",\"target\":{\"@type\":\"EntryPoint\",\"urlTemplate\":\"https:\\\/\\\/www.tressis.com\\\/ca\\\/?s={search_term_string}\"},\"query-input\":{\"@type\":\"PropertyValueSpecification\",\"valueRequired\":true,\"valueName\":\"search_term_string\"}}],\"inLanguage\":\"ca\"},{\"@type\":\"Organization\",\"@id\":\"https:\\\/\\\/www.tressis.com\\\/ca\\\/#organization\",\"name\":\"Tressis\",\"url\":\"https:\\\/\\\/www.tressis.com\\\/ca\\\/\",\"logo\":{\"@type\":\"ImageObject\",\"inLanguage\":\"ca\",\"@id\":\"https:\\\/\\\/www.tressis.com\\\/ca\\\/#\\\/schema\\\/logo\\\/image\\\/\",\"url\":\"https:\\\/\\\/www.tressis.com\\\/wp-content\\\/uploads\\\/2025\\\/06\\\/logo-tressis-112.png\",\"contentUrl\":\"https:\\\/\\\/www.tressis.com\\\/wp-content\\\/uploads\\\/2025\\\/06\\\/logo-tressis-112.png\",\"width\":112,\"height\":112,\"caption\":\"Tressis\"},\"image\":{\"@id\":\"https:\\\/\\\/www.tressis.com\\\/ca\\\/#\\\/schema\\\/logo\\\/image\\\/\"},\"sameAs\":[\"https:\\\/\\\/www.facebook.com\\\/Tressis\\\/\",\"https:\\\/\\\/x.com\\\/TressisSV\",\"https:\\\/\\\/www.instagram.com\\\/tressissv\\\/?hl=es\",\"https:\\\/\\\/linkedin.com\\\/company\\\/tressis\\\/\",\"https:\\\/\\\/www.youtube.com\\\/user\\\/tressissv\",\"https:\\\/\\\/open.spotify.com\\\/show\\\/3jmTe1Nf0wqMILl7diWV6h?si=d7112519f13c4593&nd=1\"]},{\"@type\":\"Person\",\"@id\":\"https:\\\/\\\/www.tressis.com\\\/ca\\\/#\\\/schema\\\/person\\\/b833c1d724d8764920b6d6852c70584e\",\"name\":\"Lola\",\"image\":{\"@type\":\"ImageObject\",\"inLanguage\":\"ca\",\"@id\":\"https:\\\/\\\/secure.gravatar.com\\\/avatar\\\/05e646486b23ff45df9649110609c7e31b8c4a3e2821caa23d6317f405e0c51d?s=96&d=mm&r=g\",\"url\":\"https:\\\/\\\/secure.gravatar.com\\\/avatar\\\/05e646486b23ff45df9649110609c7e31b8c4a3e2821caa23d6317f405e0c51d?s=96&d=mm&r=g\",\"contentUrl\":\"https:\\\/\\\/secure.gravatar.com\\\/avatar\\\/05e646486b23ff45df9649110609c7e31b8c4a3e2821caa23d6317f405e0c51d?s=96&d=mm&r=g\",\"caption\":\"Lola\"}}]}<\/script>\n<!-- \/ Yoast SEO plugin. -->","yoast_head_json":{"title":"Abrimos semana excepcional","description":"En periodo de vacaciones, el volumen de contrataci\u00f3n ir\u00e1 a la baja en plena semana que marca el arranque de los resultados de un primer trimestre","robots":{"index":"index","follow":"follow","max-snippet":"max-snippet:-1","max-image-preview":"max-image-preview:large","max-video-preview":"max-video-preview:-1"},"canonical":"https:\/\/www.tressis.com\/ca\/blog\/abrimos-semana-excepcional\/","og_locale":"ca_ES","og_type":"article","og_title":"Abrimos semana excepcional","og_description":"En periodo de vacaciones, el volumen de contrataci\u00f3n ir\u00e1 a la baja en plena semana que marca el arranque de los resultados de un primer trimestre","og_url":"https:\/\/www.tressis.com\/ca\/blog\/abrimos-semana-excepcional\/","og_site_name":"Tressis","article_publisher":"https:\/\/www.facebook.com\/Tressis\/","article_published_time":"2017-04-10T09:45:58+00:00","og_image":[{"width":1100,"height":487,"url":"https:\/\/www.tressis.com\/wp-content\/uploads\/2017\/04\/20170410-mmv.jpg","type":"image\/jpeg"}],"author":"Lola","twitter_card":"summary_large_image","twitter_creator":"@TressisSV","twitter_site":"@TressisSV","twitter_misc":{"Escrit per":"Lola","Temps estimat de lectura":"2 minuts"},"schema":{"@context":"https:\/\/schema.org","@graph":[{"@type":"Article","@id":"https:\/\/www.tressis.com\/ca\/blog\/abrimos-semana-excepcional\/#article","isPartOf":{"@id":"https:\/\/www.tressis.com\/ca\/blog\/abrimos-semana-excepcional\/"},"author":{"name":"Lola","@id":"https:\/\/www.tressis.com\/ca\/#\/schema\/person\/b833c1d724d8764920b6d6852c70584e"},"headline":"Abrimos semana excepcional","datePublished":"2017-04-10T09:45:58+00:00","mainEntityOfPage":{"@id":"https:\/\/www.tressis.com\/ca\/blog\/abrimos-semana-excepcional\/"},"wordCount":407,"commentCount":0,"publisher":{"@id":"https:\/\/www.tressis.com\/ca\/#organization"},"image":{"@id":"https:\/\/www.tressis.com\/ca\/blog\/abrimos-semana-excepcional\/#primaryimage"},"thumbnailUrl":"https:\/\/www.tressis.com\/wp-content\/uploads\/2017\/04\/20170410-mmv.jpg","keywords":["BCE","EEUU","grecia vuelve","izquierda radical","Le Pen","Melechon","periodo de vacaciones","semana santa","temporada de resultados"],"articleSection":["Morning meeting"],"inLanguage":"ca","potentialAction":[{"@type":"CommentAction","name":"Comment","target":["https:\/\/www.tressis.com\/ca\/blog\/abrimos-semana-excepcional\/#respond"]}]},{"@type":"WebPage","@id":"https:\/\/www.tressis.com\/ca\/blog\/abrimos-semana-excepcional\/","url":"https:\/\/www.tressis.com\/ca\/blog\/abrimos-semana-excepcional\/","name":"Abrimos semana excepcional","isPartOf":{"@id":"https:\/\/www.tressis.com\/ca\/#website"},"primaryImageOfPage":{"@id":"https:\/\/www.tressis.com\/ca\/blog\/abrimos-semana-excepcional\/#primaryimage"},"image":{"@id":"https:\/\/www.tressis.com\/ca\/blog\/abrimos-semana-excepcional\/#primaryimage"},"thumbnailUrl":"https:\/\/www.tressis.com\/wp-content\/uploads\/2017\/04\/20170410-mmv.jpg","datePublished":"2017-04-10T09:45:58+00:00","description":"En periodo de vacaciones, el volumen de contrataci\u00f3n ir\u00e1 a la baja en plena semana que marca el arranque de los resultados de un primer trimestre","breadcrumb":{"@id":"https:\/\/www.tressis.com\/ca\/blog\/abrimos-semana-excepcional\/#breadcrumb"},"inLanguage":"ca","potentialAction":[{"@type":"ReadAction","target":["https:\/\/www.tressis.com\/ca\/blog\/abrimos-semana-excepcional\/"]}]},{"@type":"ImageObject","inLanguage":"ca","@id":"https:\/\/www.tressis.com\/ca\/blog\/abrimos-semana-excepcional\/#primaryimage","url":"https:\/\/www.tressis.com\/wp-content\/uploads\/2017\/04\/20170410-mmv.jpg","contentUrl":"https:\/\/www.tressis.com\/wp-content\/uploads\/2017\/04\/20170410-mmv.jpg","width":1100,"height":487,"caption":"Abrimos semana excepcional"},{"@type":"BreadcrumbList","@id":"https:\/\/www.tressis.com\/ca\/blog\/abrimos-semana-excepcional\/#breadcrumb","itemListElement":[{"@type":"ListItem","position":1,"name":"Inicio","item":"https:\/\/www.tressis.com\/ca\/"},{"@type":"ListItem","position":2,"name":"Abrimos semana excepcional"}]},{"@type":"WebSite","@id":"https:\/\/www.tressis.com\/ca\/#website","url":"https:\/\/www.tressis.com\/ca\/","name":"Tressis banca privada","description":"Tressis | Planificaci\u00f3n financiera y gesti\u00f3n de patrimonios","publisher":{"@id":"https:\/\/www.tressis.com\/ca\/#organization"},"potentialAction":[{"@type":"SearchAction","target":{"@type":"EntryPoint","urlTemplate":"https:\/\/www.tressis.com\/ca\/?s={search_term_string}"},"query-input":{"@type":"PropertyValueSpecification","valueRequired":true,"valueName":"search_term_string"}}],"inLanguage":"ca"},{"@type":"Organization","@id":"https:\/\/www.tressis.com\/ca\/#organization","name":"Tressis","url":"https:\/\/www.tressis.com\/ca\/","logo":{"@type":"ImageObject","inLanguage":"ca","@id":"https:\/\/www.tressis.com\/ca\/#\/schema\/logo\/image\/","url":"https:\/\/www.tressis.com\/wp-content\/uploads\/2025\/06\/logo-tressis-112.png","contentUrl":"https:\/\/www.tressis.com\/wp-content\/uploads\/2025\/06\/logo-tressis-112.png","width":112,"height":112,"caption":"Tressis"},"image":{"@id":"https:\/\/www.tressis.com\/ca\/#\/schema\/logo\/image\/"},"sameAs":["https:\/\/www.facebook.com\/Tressis\/","https:\/\/x.com\/TressisSV","https:\/\/www.instagram.com\/tressissv\/?hl=es","https:\/\/linkedin.com\/company\/tressis\/","https:\/\/www.youtube.com\/user\/tressissv","https:\/\/open.spotify.com\/show\/3jmTe1Nf0wqMILl7diWV6h?si=d7112519f13c4593&nd=1"]},{"@type":"Person","@id":"https:\/\/www.tressis.com\/ca\/#\/schema\/person\/b833c1d724d8764920b6d6852c70584e","name":"Lola","image":{"@type":"ImageObject","inLanguage":"ca","@id":"https:\/\/secure.gravatar.com\/avatar\/05e646486b23ff45df9649110609c7e31b8c4a3e2821caa23d6317f405e0c51d?s=96&d=mm&r=g","url":"https:\/\/secure.gravatar.com\/avatar\/05e646486b23ff45df9649110609c7e31b8c4a3e2821caa23d6317f405e0c51d?s=96&d=mm&r=g","contentUrl":"https:\/\/secure.gravatar.com\/avatar\/05e646486b23ff45df9649110609c7e31b8c4a3e2821caa23d6317f405e0c51d?s=96&d=mm&r=g","caption":"Lola"}}]}},"_links":{"self":[{"href":"https:\/\/www.tressis.com\/ca\/wp-json\/wp\/v2\/posts\/25257","targetHints":{"allow":["GET"]}}],"collection":[{"href":"https:\/\/www.tressis.com\/ca\/wp-json\/wp\/v2\/posts"}],"about":[{"href":"https:\/\/www.tressis.com\/ca\/wp-json\/wp\/v2\/types\/post"}],"author":[{"embeddable":true,"href":"https:\/\/www.tressis.com\/ca\/wp-json\/wp\/v2\/users\/4"}],"replies":[{"embeddable":true,"href":"https:\/\/www.tressis.com\/ca\/wp-json\/wp\/v2\/comments?post=25257"}],"version-history":[{"count":0,"href":"https:\/\/www.tressis.com\/ca\/wp-json\/wp\/v2\/posts\/25257\/revisions"}],"wp:featuredmedia":[{"embeddable":true,"href":"https:\/\/www.tressis.com\/ca\/wp-json\/wp\/v2\/media\/25258"}],"wp:attachment":[{"href":"https:\/\/www.tressis.com\/ca\/wp-json\/wp\/v2\/media?parent=25257"}],"wp:term":[{"taxonomy":"category","embeddable":true,"href":"https:\/\/www.tressis.com\/ca\/wp-json\/wp\/v2\/categories?post=25257"},{"taxonomy":"post_tag","embeddable":true,"href":"https:\/\/www.tressis.com\/ca\/wp-json\/wp\/v2\/tags?post=25257"}],"curies":[{"name":"wp","href":"https:\/\/api.w.org\/{rel}","templated":true}]}}