{"id":24412,"date":"2016-12-20T11:09:04","date_gmt":"2016-12-20T10:09:04","guid":{"rendered":"http:\/\/www.tressis.com\/blog\/?p=24412"},"modified":"2016-12-20T11:09:04","modified_gmt":"2016-12-20T10:09:04","slug":"ayer-volvimos-sufrir-otra-oleada-terrorismo-global","status":"publish","type":"post","link":"https:\/\/www.tressis.com\/ca\/blog\/ayer-volvimos-sufrir-otra-oleada-terrorismo-global\/","title":{"rendered":"Ayer volvimos a sufrir otra oleada de terrorismo global"},"content":{"rendered":"<p>Aunque m\u00e1s o menos ya nos hab\u00edamos olvidado, ayer volvimos a sufrir otra oleada de terrorismo global que tendr\u00e1 implicaciones. <!--more--><\/p>\n<p>Especialmente en Alemania, donde la crisis de los refugiados ha dado alas a los enemigos de Merkel y atentados como \u00e9ste no hacen sino refrendar sus posturas. Y esto el mercado lo cotiza, en Francia, en Alemania o en cualquier pa\u00eds europeo donde el euroescepticismo campa a sus anchas.<\/p>\n<p>El d\u00eda, en estrictos t\u00e9rminos econ\u00f3micos, hab\u00eda sido francamente bueno para Alemania. El IFO, que mide la confianza de los empresarios, destacaba con subidas en la vertiente de expectativas, precisamente la misma l\u00ednea que hab\u00eda marcado el Bundesbank al apuntar a una mejora de la actividad real para los pr\u00f3ximos trimestres. Y encima de todo esto, los costes laborales de la zona euro crecen y le restan presi\u00f3n a la locomotora como \u00fanica parte del motor capaz de darle tracci\u00f3n a la recuperaci\u00f3n del bloque.<\/p>\n<p>Pero no todo son alegr\u00edas en Europa, porque tener un sistema financiero viciado durante a\u00f1os implica asumir reformas y costes que nadie quiere. Eso es lo que pasa con Italia y sus bancos y los 20.000 millones que el Estado tendr\u00eda que ir provisionando si la ampliaci\u00f3n de Monte dei Paschi no sale adelante, con el consiguiente efecto contagio sobre otras entidades, que tambi\u00e9n est\u00e1n jugando con el colapso.<\/p>\n<p>EEUU, fiel a su historial de flexibilidad, hizo lo que hab\u00eda que hacer y cuando deb\u00eda ser hecho. Y eso permite declaraciones como las realizadas ayer mismo por Janet Yellen, en las que hablaba del mejor estado de salud del mercado laboral de aquel pa\u00eds en la \u00faltima d\u00e9cada. Luego est\u00e1 Jap\u00f3n, anquilosado como la capacidad de respuesta de la Uni\u00f3n Europea, pero que quiz\u00e1s pudiera empezar a revertir la situaci\u00f3n si se cumple la mejora de expectativas econ\u00f3micas que ha hecho esta madrugada el Banco de Jap\u00f3n.<\/p>\n<p>\u200bBuen d\u00eda\u200b.<\/p>\n<p><strong>Am\u00edlcar Barrios Vilallonga<\/strong><br \/>\nDirecci\u00f3n de Inversiones<\/p>\n","protected":false},"excerpt":{"rendered":"<p>Aunque m\u00e1s o menos ya nos hab\u00edamos olvidado, ayer volvimos a sufrir otra oleada de terrorismo global que tendr\u00e1 implicaciones.<\/p>\n","protected":false},"author":4,"featured_media":24413,"comment_status":"open","ping_status":"closed","sticky":false,"template":"","format":"standard","meta":{"_acf_changed":false,"footnotes":""},"categories":[9721],"tags":[141,337,490,869,1641,2206,2556,2772,2879,3236,3696,3713,4235,4322,6551,6772,6987],"class_list":["post-24412","post","type-post","status-publish","format-standard","has-post-thumbnail","hentry","category-morning-meeting","tag-alemania","tag-atentados","tag-banco-de-japon","tag-bundesbank","tag-crisis-refugiados","tag-eeuu","tag-europa","tag-flexibilidad","tag-francia","tag-ifo","tag-italia","tag-janet-yellen","tag-merkel","tag-monte-dei-paschi","tag-terroristmo","tag-union-europea","tag-zona-euro"],"acf":[],"yoast_head":"<!-- This site is optimized with the Yoast SEO plugin v27.4 - https:\/\/yoast.com\/product\/yoast-seo-wordpress\/ -->\n<title>Ayer volvimos a sufrir otra oleada de terrorismo global<\/title>\n<meta name=\"description\" content=\"No todo son alegr\u00edas tampoco en Europa, porque tener un sistema financiero viciado durante a\u00f1os implica asumir reformas y costes que nadie quiere.\" \/>\n<meta name=\"robots\" content=\"index, follow, max-snippet:-1, max-image-preview:large, max-video-preview:-1\" \/>\n<link rel=\"canonical\" href=\"https:\/\/www.tressis.com\/ca\/blog\/ayer-volvimos-sufrir-otra-oleada-terrorismo-global\/\" \/>\n<meta property=\"og:locale\" content=\"ca_ES\" \/>\n<meta property=\"og:type\" content=\"article\" \/>\n<meta property=\"og:title\" content=\"Ayer volvimos a sufrir otra oleada de terrorismo global\" \/>\n<meta property=\"og:description\" content=\"No todo son alegr\u00edas tampoco en Europa, porque tener un sistema financiero viciado durante a\u00f1os implica asumir reformas y costes que nadie quiere.\" \/>\n<meta property=\"og:url\" content=\"https:\/\/www.tressis.com\/ca\/blog\/ayer-volvimos-sufrir-otra-oleada-terrorismo-global\/\" \/>\n<meta property=\"og:site_name\" content=\"Tressis\" \/>\n<meta property=\"article:publisher\" content=\"https:\/\/www.facebook.com\/Tressis\/\" \/>\n<meta property=\"article:published_time\" content=\"2016-12-20T10:09:04+00:00\" \/>\n<meta property=\"og:image\" content=\"https:\/\/www.tressis.com\/wp-content\/uploads\/2016\/12\/20161220_mmv.jpg\" \/>\n\t<meta property=\"og:image:width\" content=\"1100\" \/>\n\t<meta property=\"og:image:height\" content=\"487\" \/>\n\t<meta property=\"og:image:type\" content=\"image\/jpeg\" \/>\n<meta name=\"author\" content=\"Lola\" \/>\n<meta name=\"twitter:card\" content=\"summary_large_image\" \/>\n<meta name=\"twitter:creator\" content=\"@TressisSV\" \/>\n<meta name=\"twitter:site\" content=\"@TressisSV\" \/>\n<meta name=\"twitter:label1\" content=\"Escrit per\" \/>\n\t<meta name=\"twitter:data1\" content=\"Lola\" \/>\n\t<meta name=\"twitter:label2\" content=\"Temps estimat de lectura\" \/>\n\t<meta name=\"twitter:data2\" content=\"2 minuts\" \/>\n<script type=\"application\/ld+json\" class=\"yoast-schema-graph\">{\"@context\":\"https:\\\/\\\/schema.org\",\"@graph\":[{\"@type\":\"Article\",\"@id\":\"https:\\\/\\\/www.tressis.com\\\/ca\\\/blog\\\/ayer-volvimos-sufrir-otra-oleada-terrorismo-global\\\/#article\",\"isPartOf\":{\"@id\":\"https:\\\/\\\/www.tressis.com\\\/ca\\\/blog\\\/ayer-volvimos-sufrir-otra-oleada-terrorismo-global\\\/\"},\"author\":{\"name\":\"Lola\",\"@id\":\"https:\\\/\\\/www.tressis.com\\\/ca\\\/#\\\/schema\\\/person\\\/b833c1d724d8764920b6d6852c70584e\"},\"headline\":\"Ayer volvimos a sufrir otra oleada de terrorismo global\",\"datePublished\":\"2016-12-20T10:09:04+00:00\",\"mainEntityOfPage\":{\"@id\":\"https:\\\/\\\/www.tressis.com\\\/ca\\\/blog\\\/ayer-volvimos-sufrir-otra-oleada-terrorismo-global\\\/\"},\"wordCount\":359,\"commentCount\":0,\"publisher\":{\"@id\":\"https:\\\/\\\/www.tressis.com\\\/ca\\\/#organization\"},\"image\":{\"@id\":\"https:\\\/\\\/www.tressis.com\\\/ca\\\/blog\\\/ayer-volvimos-sufrir-otra-oleada-terrorismo-global\\\/#primaryimage\"},\"thumbnailUrl\":\"https:\\\/\\\/www.tressis.com\\\/wp-content\\\/uploads\\\/2016\\\/12\\\/20161220_mmv.jpg\",\"keywords\":[\"Alemania\",\"atentados\",\"Banco de Jap\u00f3n\",\"Bundesbank\",\"crisis refugiados\",\"EEUU\",\"Europa\",\"flexibilidad\",\"Francia\",\"IFO\",\"Italia\",\"Janet Yellen\",\"Merkel\",\"Monte dei Paschi\",\"terroristmo\",\"Uni\u00f3n Europea\",\"zona euro\"],\"articleSection\":[\"Morning meeting\"],\"inLanguage\":\"ca\",\"potentialAction\":[{\"@type\":\"CommentAction\",\"name\":\"Comment\",\"target\":[\"https:\\\/\\\/www.tressis.com\\\/ca\\\/blog\\\/ayer-volvimos-sufrir-otra-oleada-terrorismo-global\\\/#respond\"]}]},{\"@type\":\"WebPage\",\"@id\":\"https:\\\/\\\/www.tressis.com\\\/ca\\\/blog\\\/ayer-volvimos-sufrir-otra-oleada-terrorismo-global\\\/\",\"url\":\"https:\\\/\\\/www.tressis.com\\\/ca\\\/blog\\\/ayer-volvimos-sufrir-otra-oleada-terrorismo-global\\\/\",\"name\":\"Ayer volvimos a sufrir otra oleada de terrorismo global\",\"isPartOf\":{\"@id\":\"https:\\\/\\\/www.tressis.com\\\/ca\\\/#website\"},\"primaryImageOfPage\":{\"@id\":\"https:\\\/\\\/www.tressis.com\\\/ca\\\/blog\\\/ayer-volvimos-sufrir-otra-oleada-terrorismo-global\\\/#primaryimage\"},\"image\":{\"@id\":\"https:\\\/\\\/www.tressis.com\\\/ca\\\/blog\\\/ayer-volvimos-sufrir-otra-oleada-terrorismo-global\\\/#primaryimage\"},\"thumbnailUrl\":\"https:\\\/\\\/www.tressis.com\\\/wp-content\\\/uploads\\\/2016\\\/12\\\/20161220_mmv.jpg\",\"datePublished\":\"2016-12-20T10:09:04+00:00\",\"description\":\"No todo son alegr\u00edas tampoco en Europa, porque tener un sistema financiero viciado durante a\u00f1os implica asumir reformas y costes que nadie quiere.\",\"breadcrumb\":{\"@id\":\"https:\\\/\\\/www.tressis.com\\\/ca\\\/blog\\\/ayer-volvimos-sufrir-otra-oleada-terrorismo-global\\\/#breadcrumb\"},\"inLanguage\":\"ca\",\"potentialAction\":[{\"@type\":\"ReadAction\",\"target\":[\"https:\\\/\\\/www.tressis.com\\\/ca\\\/blog\\\/ayer-volvimos-sufrir-otra-oleada-terrorismo-global\\\/\"]}]},{\"@type\":\"ImageObject\",\"inLanguage\":\"ca\",\"@id\":\"https:\\\/\\\/www.tressis.com\\\/ca\\\/blog\\\/ayer-volvimos-sufrir-otra-oleada-terrorismo-global\\\/#primaryimage\",\"url\":\"https:\\\/\\\/www.tressis.com\\\/wp-content\\\/uploads\\\/2016\\\/12\\\/20161220_mmv.jpg\",\"contentUrl\":\"https:\\\/\\\/www.tressis.com\\\/wp-content\\\/uploads\\\/2016\\\/12\\\/20161220_mmv.jpg\",\"width\":1100,\"height\":487,\"caption\":\"Ayer volvimos a sufrir otra oleada de terrorismo global\"},{\"@type\":\"BreadcrumbList\",\"@id\":\"https:\\\/\\\/www.tressis.com\\\/ca\\\/blog\\\/ayer-volvimos-sufrir-otra-oleada-terrorismo-global\\\/#breadcrumb\",\"itemListElement\":[{\"@type\":\"ListItem\",\"position\":1,\"name\":\"Inicio\",\"item\":\"https:\\\/\\\/www.tressis.com\\\/ca\\\/\"},{\"@type\":\"ListItem\",\"position\":2,\"name\":\"Ayer volvimos a sufrir otra oleada de terrorismo global\"}]},{\"@type\":\"WebSite\",\"@id\":\"https:\\\/\\\/www.tressis.com\\\/ca\\\/#website\",\"url\":\"https:\\\/\\\/www.tressis.com\\\/ca\\\/\",\"name\":\"Tressis banca privada\",\"description\":\"Tressis | Planificaci\u00f3n financiera y gesti\u00f3n de patrimonios\",\"publisher\":{\"@id\":\"https:\\\/\\\/www.tressis.com\\\/ca\\\/#organization\"},\"potentialAction\":[{\"@type\":\"SearchAction\",\"target\":{\"@type\":\"EntryPoint\",\"urlTemplate\":\"https:\\\/\\\/www.tressis.com\\\/ca\\\/?s={search_term_string}\"},\"query-input\":{\"@type\":\"PropertyValueSpecification\",\"valueRequired\":true,\"valueName\":\"search_term_string\"}}],\"inLanguage\":\"ca\"},{\"@type\":\"Organization\",\"@id\":\"https:\\\/\\\/www.tressis.com\\\/ca\\\/#organization\",\"name\":\"Tressis\",\"url\":\"https:\\\/\\\/www.tressis.com\\\/ca\\\/\",\"logo\":{\"@type\":\"ImageObject\",\"inLanguage\":\"ca\",\"@id\":\"https:\\\/\\\/www.tressis.com\\\/ca\\\/#\\\/schema\\\/logo\\\/image\\\/\",\"url\":\"https:\\\/\\\/www.tressis.com\\\/wp-content\\\/uploads\\\/2025\\\/06\\\/logo-tressis-112.png\",\"contentUrl\":\"https:\\\/\\\/www.tressis.com\\\/wp-content\\\/uploads\\\/2025\\\/06\\\/logo-tressis-112.png\",\"width\":112,\"height\":112,\"caption\":\"Tressis\"},\"image\":{\"@id\":\"https:\\\/\\\/www.tressis.com\\\/ca\\\/#\\\/schema\\\/logo\\\/image\\\/\"},\"sameAs\":[\"https:\\\/\\\/www.facebook.com\\\/Tressis\\\/\",\"https:\\\/\\\/x.com\\\/TressisSV\",\"https:\\\/\\\/www.instagram.com\\\/tressissv\\\/?hl=es\",\"https:\\\/\\\/linkedin.com\\\/company\\\/tressis\\\/\",\"https:\\\/\\\/www.youtube.com\\\/user\\\/tressissv\",\"https:\\\/\\\/open.spotify.com\\\/show\\\/3jmTe1Nf0wqMILl7diWV6h?si=d7112519f13c4593&nd=1\"]},{\"@type\":\"Person\",\"@id\":\"https:\\\/\\\/www.tressis.com\\\/ca\\\/#\\\/schema\\\/person\\\/b833c1d724d8764920b6d6852c70584e\",\"name\":\"Lola\",\"image\":{\"@type\":\"ImageObject\",\"inLanguage\":\"ca\",\"@id\":\"https:\\\/\\\/secure.gravatar.com\\\/avatar\\\/05e646486b23ff45df9649110609c7e31b8c4a3e2821caa23d6317f405e0c51d?s=96&d=mm&r=g\",\"url\":\"https:\\\/\\\/secure.gravatar.com\\\/avatar\\\/05e646486b23ff45df9649110609c7e31b8c4a3e2821caa23d6317f405e0c51d?s=96&d=mm&r=g\",\"contentUrl\":\"https:\\\/\\\/secure.gravatar.com\\\/avatar\\\/05e646486b23ff45df9649110609c7e31b8c4a3e2821caa23d6317f405e0c51d?s=96&d=mm&r=g\",\"caption\":\"Lola\"}}]}<\/script>\n<!-- \/ Yoast SEO plugin. -->","yoast_head_json":{"title":"Ayer volvimos a sufrir otra oleada de terrorismo global","description":"No todo son alegr\u00edas tampoco en Europa, porque tener un sistema financiero viciado durante a\u00f1os implica asumir reformas y costes que nadie quiere.","robots":{"index":"index","follow":"follow","max-snippet":"max-snippet:-1","max-image-preview":"max-image-preview:large","max-video-preview":"max-video-preview:-1"},"canonical":"https:\/\/www.tressis.com\/ca\/blog\/ayer-volvimos-sufrir-otra-oleada-terrorismo-global\/","og_locale":"ca_ES","og_type":"article","og_title":"Ayer volvimos a sufrir otra oleada de terrorismo global","og_description":"No todo son alegr\u00edas tampoco en Europa, porque tener un sistema financiero viciado durante a\u00f1os implica asumir reformas y costes que nadie quiere.","og_url":"https:\/\/www.tressis.com\/ca\/blog\/ayer-volvimos-sufrir-otra-oleada-terrorismo-global\/","og_site_name":"Tressis","article_publisher":"https:\/\/www.facebook.com\/Tressis\/","article_published_time":"2016-12-20T10:09:04+00:00","og_image":[{"width":1100,"height":487,"url":"https:\/\/www.tressis.com\/wp-content\/uploads\/2016\/12\/20161220_mmv.jpg","type":"image\/jpeg"}],"author":"Lola","twitter_card":"summary_large_image","twitter_creator":"@TressisSV","twitter_site":"@TressisSV","twitter_misc":{"Escrit per":"Lola","Temps estimat de lectura":"2 minuts"},"schema":{"@context":"https:\/\/schema.org","@graph":[{"@type":"Article","@id":"https:\/\/www.tressis.com\/ca\/blog\/ayer-volvimos-sufrir-otra-oleada-terrorismo-global\/#article","isPartOf":{"@id":"https:\/\/www.tressis.com\/ca\/blog\/ayer-volvimos-sufrir-otra-oleada-terrorismo-global\/"},"author":{"name":"Lola","@id":"https:\/\/www.tressis.com\/ca\/#\/schema\/person\/b833c1d724d8764920b6d6852c70584e"},"headline":"Ayer volvimos a sufrir otra oleada de terrorismo global","datePublished":"2016-12-20T10:09:04+00:00","mainEntityOfPage":{"@id":"https:\/\/www.tressis.com\/ca\/blog\/ayer-volvimos-sufrir-otra-oleada-terrorismo-global\/"},"wordCount":359,"commentCount":0,"publisher":{"@id":"https:\/\/www.tressis.com\/ca\/#organization"},"image":{"@id":"https:\/\/www.tressis.com\/ca\/blog\/ayer-volvimos-sufrir-otra-oleada-terrorismo-global\/#primaryimage"},"thumbnailUrl":"https:\/\/www.tressis.com\/wp-content\/uploads\/2016\/12\/20161220_mmv.jpg","keywords":["Alemania","atentados","Banco de Jap\u00f3n","Bundesbank","crisis refugiados","EEUU","Europa","flexibilidad","Francia","IFO","Italia","Janet Yellen","Merkel","Monte dei Paschi","terroristmo","Uni\u00f3n Europea","zona euro"],"articleSection":["Morning meeting"],"inLanguage":"ca","potentialAction":[{"@type":"CommentAction","name":"Comment","target":["https:\/\/www.tressis.com\/ca\/blog\/ayer-volvimos-sufrir-otra-oleada-terrorismo-global\/#respond"]}]},{"@type":"WebPage","@id":"https:\/\/www.tressis.com\/ca\/blog\/ayer-volvimos-sufrir-otra-oleada-terrorismo-global\/","url":"https:\/\/www.tressis.com\/ca\/blog\/ayer-volvimos-sufrir-otra-oleada-terrorismo-global\/","name":"Ayer volvimos a sufrir otra oleada de terrorismo global","isPartOf":{"@id":"https:\/\/www.tressis.com\/ca\/#website"},"primaryImageOfPage":{"@id":"https:\/\/www.tressis.com\/ca\/blog\/ayer-volvimos-sufrir-otra-oleada-terrorismo-global\/#primaryimage"},"image":{"@id":"https:\/\/www.tressis.com\/ca\/blog\/ayer-volvimos-sufrir-otra-oleada-terrorismo-global\/#primaryimage"},"thumbnailUrl":"https:\/\/www.tressis.com\/wp-content\/uploads\/2016\/12\/20161220_mmv.jpg","datePublished":"2016-12-20T10:09:04+00:00","description":"No todo son alegr\u00edas tampoco en Europa, porque tener un sistema financiero viciado durante a\u00f1os implica asumir reformas y costes que nadie quiere.","breadcrumb":{"@id":"https:\/\/www.tressis.com\/ca\/blog\/ayer-volvimos-sufrir-otra-oleada-terrorismo-global\/#breadcrumb"},"inLanguage":"ca","potentialAction":[{"@type":"ReadAction","target":["https:\/\/www.tressis.com\/ca\/blog\/ayer-volvimos-sufrir-otra-oleada-terrorismo-global\/"]}]},{"@type":"ImageObject","inLanguage":"ca","@id":"https:\/\/www.tressis.com\/ca\/blog\/ayer-volvimos-sufrir-otra-oleada-terrorismo-global\/#primaryimage","url":"https:\/\/www.tressis.com\/wp-content\/uploads\/2016\/12\/20161220_mmv.jpg","contentUrl":"https:\/\/www.tressis.com\/wp-content\/uploads\/2016\/12\/20161220_mmv.jpg","width":1100,"height":487,"caption":"Ayer volvimos a sufrir otra oleada de terrorismo global"},{"@type":"BreadcrumbList","@id":"https:\/\/www.tressis.com\/ca\/blog\/ayer-volvimos-sufrir-otra-oleada-terrorismo-global\/#breadcrumb","itemListElement":[{"@type":"ListItem","position":1,"name":"Inicio","item":"https:\/\/www.tressis.com\/ca\/"},{"@type":"ListItem","position":2,"name":"Ayer volvimos a sufrir otra oleada de terrorismo global"}]},{"@type":"WebSite","@id":"https:\/\/www.tressis.com\/ca\/#website","url":"https:\/\/www.tressis.com\/ca\/","name":"Tressis banca privada","description":"Tressis | Planificaci\u00f3n financiera y gesti\u00f3n de patrimonios","publisher":{"@id":"https:\/\/www.tressis.com\/ca\/#organization"},"potentialAction":[{"@type":"SearchAction","target":{"@type":"EntryPoint","urlTemplate":"https:\/\/www.tressis.com\/ca\/?s={search_term_string}"},"query-input":{"@type":"PropertyValueSpecification","valueRequired":true,"valueName":"search_term_string"}}],"inLanguage":"ca"},{"@type":"Organization","@id":"https:\/\/www.tressis.com\/ca\/#organization","name":"Tressis","url":"https:\/\/www.tressis.com\/ca\/","logo":{"@type":"ImageObject","inLanguage":"ca","@id":"https:\/\/www.tressis.com\/ca\/#\/schema\/logo\/image\/","url":"https:\/\/www.tressis.com\/wp-content\/uploads\/2025\/06\/logo-tressis-112.png","contentUrl":"https:\/\/www.tressis.com\/wp-content\/uploads\/2025\/06\/logo-tressis-112.png","width":112,"height":112,"caption":"Tressis"},"image":{"@id":"https:\/\/www.tressis.com\/ca\/#\/schema\/logo\/image\/"},"sameAs":["https:\/\/www.facebook.com\/Tressis\/","https:\/\/x.com\/TressisSV","https:\/\/www.instagram.com\/tressissv\/?hl=es","https:\/\/linkedin.com\/company\/tressis\/","https:\/\/www.youtube.com\/user\/tressissv","https:\/\/open.spotify.com\/show\/3jmTe1Nf0wqMILl7diWV6h?si=d7112519f13c4593&nd=1"]},{"@type":"Person","@id":"https:\/\/www.tressis.com\/ca\/#\/schema\/person\/b833c1d724d8764920b6d6852c70584e","name":"Lola","image":{"@type":"ImageObject","inLanguage":"ca","@id":"https:\/\/secure.gravatar.com\/avatar\/05e646486b23ff45df9649110609c7e31b8c4a3e2821caa23d6317f405e0c51d?s=96&d=mm&r=g","url":"https:\/\/secure.gravatar.com\/avatar\/05e646486b23ff45df9649110609c7e31b8c4a3e2821caa23d6317f405e0c51d?s=96&d=mm&r=g","contentUrl":"https:\/\/secure.gravatar.com\/avatar\/05e646486b23ff45df9649110609c7e31b8c4a3e2821caa23d6317f405e0c51d?s=96&d=mm&r=g","caption":"Lola"}}]}},"_links":{"self":[{"href":"https:\/\/www.tressis.com\/ca\/wp-json\/wp\/v2\/posts\/24412","targetHints":{"allow":["GET"]}}],"collection":[{"href":"https:\/\/www.tressis.com\/ca\/wp-json\/wp\/v2\/posts"}],"about":[{"href":"https:\/\/www.tressis.com\/ca\/wp-json\/wp\/v2\/types\/post"}],"author":[{"embeddable":true,"href":"https:\/\/www.tressis.com\/ca\/wp-json\/wp\/v2\/users\/4"}],"replies":[{"embeddable":true,"href":"https:\/\/www.tressis.com\/ca\/wp-json\/wp\/v2\/comments?post=24412"}],"version-history":[{"count":0,"href":"https:\/\/www.tressis.com\/ca\/wp-json\/wp\/v2\/posts\/24412\/revisions"}],"wp:featuredmedia":[{"embeddable":true,"href":"https:\/\/www.tressis.com\/ca\/wp-json\/wp\/v2\/media\/24413"}],"wp:attachment":[{"href":"https:\/\/www.tressis.com\/ca\/wp-json\/wp\/v2\/media?parent=24412"}],"wp:term":[{"taxonomy":"category","embeddable":true,"href":"https:\/\/www.tressis.com\/ca\/wp-json\/wp\/v2\/categories?post=24412"},{"taxonomy":"post_tag","embeddable":true,"href":"https:\/\/www.tressis.com\/ca\/wp-json\/wp\/v2\/tags?post=24412"}],"curies":[{"name":"wp","href":"https:\/\/api.w.org\/{rel}","templated":true}]}}