{"id":24150,"date":"2016-11-11T11:08:13","date_gmt":"2016-11-11T10:08:13","guid":{"rendered":"http:\/\/www.tressis.com\/blog\/?p=24150"},"modified":"2016-11-11T11:08:13","modified_gmt":"2016-11-11T10:08:13","slug":"giro-radical-es-posible","status":"publish","type":"post","link":"https:\/\/www.tressis.com\/ca\/blog\/giro-radical-es-posible\/","title":{"rendered":"Cualquier giro radical es posible"},"content":{"rendered":"<p>Buenos d\u00edas.<\/p>\n<p>Los mercados financieros han reaccionado excepcionalmente bien a la victoria de Donald Trump, aunque visto lo visto en los \u00faltimos a\u00f1os, cualquier giro radical es posible sin que nadie tenga tiempo de darse cuenta.<!--more--><\/p>\n<p>Han sido demasiadas las piedras en el camino como para dejarse asustar, pensar\u00e1n muchos, as\u00ed que un simple refer\u00e9ndum de reforma de la Administraci\u00f3n P\u00fablica italiana no debiera representar una amenaza, a no ser que el populismo siga comiendo m\u00e1s y m\u00e1s terreno.<\/p>\n<p>Para disfrutar de este entorno de indiferencia ha sido vital la estabilizaci\u00f3n de los indicadores econ\u00f3micos en todos los grandes bloques, por lo que un deterioro de los mismos, o peor, que la Reserva Federal finalmente no subiera tipos, ser\u00edan indudables factores de desestabilizaci\u00f3n de los activos financieros.<\/p>\n<p>A futuro s\u00f3lo se puede predecir, pero para el presente podemos ir afirmando que los mercados de renta fija est\u00e1n sufriendo el rev\u00e9s m\u00e1s duro en demasiado tiempo. \u00bfSer\u00e1 el principio del fin de unas valoraciones extremas? \u00bfO nada m\u00e1s que un ligero repunte para que los inversores puedan volver a aprovecharse de las oportunidades? En lo que llega la respuesta, hay ciertos factores (que no todos) que conviene tener en cuenta para comprender que est\u00e1 pasando con la deuda soberana internacional:<\/p>\n<p>&#8211; Son ya varias las semanas en las que estamos observando la recuperaci\u00f3n de las tasas de inflaci\u00f3n, si bien es cierto que en la mayor\u00eda de los casos estos movimientos se fundamentan en el efecto matem\u00e1tico de subida del precio del petr\u00f3leo. Pero es que al fin y al cabo, un mercado dopado es igual que la reputaci\u00f3n, mucho m\u00e1s f\u00e1cil de destruir que de construir.<\/p>\n<p>&#8211; En diciembre casi seguro tendremos subida de tipos de inter\u00e9s en EEUU. Otra vez: EEUU. Incontestablemente, la primera potencia econ\u00f3mica. Es indudable que el efecto arrastre es una consecuencia perfectamente posible sobre el resto de curvas, porque si me dan m\u00e1s rentabilidad en el bono m\u00e1s seguro del mundo, igual me da por comprar el <i>Treasury<\/i> a costa de vender otro con su consiguiente efecto negativo.<\/p>\n<p>&#8211; Las futuras pol\u00edticas fiscales de EEUU est\u00e1n orientadas bajo el prisma expansivo, es decir, gasto, gasto y gasto. Pero visto el cambio de tono en el discurso del pr\u00f3ximo comandante en jefe, lo m\u00e1s l\u00f3gico es tener dudas. Y eso de que Donald Trump va a conseguir por si s\u00f3lo lo que todos los bancos centrales del mundo llevan luchando juntos durante a\u00f1os, pues la verdad, seamos prudentes.<\/p>\n<p>&#8211; Italia, <i>brexit<\/i>, Le Pen, alternativa por Alemania&#8230; Otra cosa no, pero a los europeos a riesgo pol\u00edtico, por lo menos en n\u00famero, no nos gana nadie.<\/p>\n<p>Para cerrar la semana decir que las cr\u00edticas al consumismo no s\u00f3lo son l\u00edcitas, sino que &#8220;celebraciones\/inventos&#8221; como el del D\u00eda del Soltero en China dan mucho que pensar sobre esta espiral. Y eso sin pensar que el original, el <i>Black Friday<\/i>, est\u00e1 ya a la vuelta de la esquina.<\/p>\n<p>Buen fin de semana.<br \/>\n<strong><br \/>\nAm\u00edlcar Barrios Vilallonga<\/strong><br \/>\nDirecci\u00f3n de Inversiones<\/p>\n","protected":false},"excerpt":{"rendered":"<p>Buenos d\u00edas. Los mercados financieros han reaccionado excepcionalmente bien a la victoria de Donald Trump, aunque visto lo visto en los \u00faltimos a\u00f1os, cualquier giro radical es posible sin que nadie tenga tiempo de darse cuenta.<\/p>\n","protected":false},"author":4,"featured_media":24151,"comment_status":"open","ping_status":"closed","sticky":false,"template":"","format":"standard","meta":{"_acf_changed":false,"footnotes":""},"categories":[9721],"tags":[68,141,508,613,811,1118,2120,2206,2569,3042,3696,3801,5761,5918,6711,6811],"class_list":["post-24150","post","type-post","status-publish","format-standard","has-post-thumbnail","hentry","category-morning-meeting","tag-administracion-publica-italiana","tag-alemania","tag-bancos-centrales","tag-black-friday","tag-brexit","tag-china","tag-donald-trump","tag-eeuu","tag-europeos","tag-giro-radical","tag-italia","tag-le-pen","tag-reserva-federal","tag-riesgo-politico","tag-treasury","tag-valoraciones-extremas"],"acf":[],"yoast_head":"<!-- This site is optimized with the Yoast SEO plugin v27.4 - https:\/\/yoast.com\/product\/yoast-seo-wordpress\/ -->\n<title>Cualquier giro radical es posible<\/title>\n<meta name=\"description\" content=\"Aunque visto lo visto en los \u00faltimos a\u00f1os, cualquier giro radical es posible sin que nadie tenga tiempo de darse cuenta\" \/>\n<meta name=\"robots\" content=\"index, follow, max-snippet:-1, max-image-preview:large, max-video-preview:-1\" \/>\n<link rel=\"canonical\" href=\"https:\/\/www.tressis.com\/ca\/blog\/giro-radical-es-posible\/\" \/>\n<meta property=\"og:locale\" content=\"ca_ES\" \/>\n<meta property=\"og:type\" content=\"article\" \/>\n<meta property=\"og:title\" content=\"Cualquier giro radical es posible\" \/>\n<meta property=\"og:description\" content=\"Aunque visto lo visto en los \u00faltimos a\u00f1os, cualquier giro radical es posible sin que nadie tenga tiempo de darse cuenta\" \/>\n<meta property=\"og:url\" content=\"https:\/\/www.tressis.com\/ca\/blog\/giro-radical-es-posible\/\" \/>\n<meta property=\"og:site_name\" content=\"Tressis\" \/>\n<meta property=\"article:publisher\" content=\"https:\/\/www.facebook.com\/Tressis\/\" \/>\n<meta property=\"article:published_time\" content=\"2016-11-11T10:08:13+00:00\" \/>\n<meta property=\"og:image\" content=\"https:\/\/www.tressis.com\/wp-content\/uploads\/2016\/11\/20161111_mmv.jpg\" \/>\n\t<meta property=\"og:image:width\" content=\"1100\" \/>\n\t<meta property=\"og:image:height\" content=\"487\" \/>\n\t<meta property=\"og:image:type\" content=\"image\/jpeg\" \/>\n<meta name=\"author\" content=\"Lola\" \/>\n<meta name=\"twitter:card\" content=\"summary_large_image\" \/>\n<meta name=\"twitter:creator\" content=\"@TressisSV\" \/>\n<meta name=\"twitter:site\" content=\"@TressisSV\" \/>\n<meta name=\"twitter:label1\" content=\"Escrit per\" \/>\n\t<meta name=\"twitter:data1\" content=\"Lola\" \/>\n\t<meta name=\"twitter:label2\" content=\"Temps estimat de lectura\" \/>\n\t<meta name=\"twitter:data2\" content=\"3 minuts\" \/>\n<script type=\"application\/ld+json\" class=\"yoast-schema-graph\">{\"@context\":\"https:\\\/\\\/schema.org\",\"@graph\":[{\"@type\":\"Article\",\"@id\":\"https:\\\/\\\/www.tressis.com\\\/ca\\\/blog\\\/giro-radical-es-posible\\\/#article\",\"isPartOf\":{\"@id\":\"https:\\\/\\\/www.tressis.com\\\/ca\\\/blog\\\/giro-radical-es-posible\\\/\"},\"author\":{\"name\":\"Lola\",\"@id\":\"https:\\\/\\\/www.tressis.com\\\/ca\\\/#\\\/schema\\\/person\\\/b833c1d724d8764920b6d6852c70584e\"},\"headline\":\"Cualquier giro radical es posible\",\"datePublished\":\"2016-11-11T10:08:13+00:00\",\"mainEntityOfPage\":{\"@id\":\"https:\\\/\\\/www.tressis.com\\\/ca\\\/blog\\\/giro-radical-es-posible\\\/\"},\"wordCount\":549,\"commentCount\":0,\"publisher\":{\"@id\":\"https:\\\/\\\/www.tressis.com\\\/ca\\\/#organization\"},\"image\":{\"@id\":\"https:\\\/\\\/www.tressis.com\\\/ca\\\/blog\\\/giro-radical-es-posible\\\/#primaryimage\"},\"thumbnailUrl\":\"https:\\\/\\\/www.tressis.com\\\/wp-content\\\/uploads\\\/2016\\\/11\\\/20161111_mmv.jpg\",\"keywords\":[\"Administraci\u00f3n P\u00fablica italiana\",\"Alemania\",\"bancos centrales\",\"Black Friday\",\"Brexit\",\"china\",\"Donald Trump\",\"EEUU\",\"europeos\",\"giro radical\",\"Italia\",\"Le Pen\",\"Reserva Federal\",\"riesgo pol\u00edtico\",\"Treasury\",\"valoraciones extremas\"],\"articleSection\":[\"Morning meeting\"],\"inLanguage\":\"ca\",\"potentialAction\":[{\"@type\":\"CommentAction\",\"name\":\"Comment\",\"target\":[\"https:\\\/\\\/www.tressis.com\\\/ca\\\/blog\\\/giro-radical-es-posible\\\/#respond\"]}]},{\"@type\":\"WebPage\",\"@id\":\"https:\\\/\\\/www.tressis.com\\\/ca\\\/blog\\\/giro-radical-es-posible\\\/\",\"url\":\"https:\\\/\\\/www.tressis.com\\\/ca\\\/blog\\\/giro-radical-es-posible\\\/\",\"name\":\"Cualquier giro radical es posible\",\"isPartOf\":{\"@id\":\"https:\\\/\\\/www.tressis.com\\\/ca\\\/#website\"},\"primaryImageOfPage\":{\"@id\":\"https:\\\/\\\/www.tressis.com\\\/ca\\\/blog\\\/giro-radical-es-posible\\\/#primaryimage\"},\"image\":{\"@id\":\"https:\\\/\\\/www.tressis.com\\\/ca\\\/blog\\\/giro-radical-es-posible\\\/#primaryimage\"},\"thumbnailUrl\":\"https:\\\/\\\/www.tressis.com\\\/wp-content\\\/uploads\\\/2016\\\/11\\\/20161111_mmv.jpg\",\"datePublished\":\"2016-11-11T10:08:13+00:00\",\"description\":\"Aunque visto lo visto en los \u00faltimos a\u00f1os, cualquier giro radical es posible sin que nadie tenga tiempo de darse cuenta\",\"breadcrumb\":{\"@id\":\"https:\\\/\\\/www.tressis.com\\\/ca\\\/blog\\\/giro-radical-es-posible\\\/#breadcrumb\"},\"inLanguage\":\"ca\",\"potentialAction\":[{\"@type\":\"ReadAction\",\"target\":[\"https:\\\/\\\/www.tressis.com\\\/ca\\\/blog\\\/giro-radical-es-posible\\\/\"]}]},{\"@type\":\"ImageObject\",\"inLanguage\":\"ca\",\"@id\":\"https:\\\/\\\/www.tressis.com\\\/ca\\\/blog\\\/giro-radical-es-posible\\\/#primaryimage\",\"url\":\"https:\\\/\\\/www.tressis.com\\\/wp-content\\\/uploads\\\/2016\\\/11\\\/20161111_mmv.jpg\",\"contentUrl\":\"https:\\\/\\\/www.tressis.com\\\/wp-content\\\/uploads\\\/2016\\\/11\\\/20161111_mmv.jpg\",\"width\":1100,\"height\":487,\"caption\":\"Cualquier giro radical es posible\"},{\"@type\":\"BreadcrumbList\",\"@id\":\"https:\\\/\\\/www.tressis.com\\\/ca\\\/blog\\\/giro-radical-es-posible\\\/#breadcrumb\",\"itemListElement\":[{\"@type\":\"ListItem\",\"position\":1,\"name\":\"Inicio\",\"item\":\"https:\\\/\\\/www.tressis.com\\\/ca\\\/\"},{\"@type\":\"ListItem\",\"position\":2,\"name\":\"Cualquier giro radical es posible\"}]},{\"@type\":\"WebSite\",\"@id\":\"https:\\\/\\\/www.tressis.com\\\/ca\\\/#website\",\"url\":\"https:\\\/\\\/www.tressis.com\\\/ca\\\/\",\"name\":\"Tressis banca privada\",\"description\":\"Tressis | Planificaci\u00f3n financiera y gesti\u00f3n de patrimonios\",\"publisher\":{\"@id\":\"https:\\\/\\\/www.tressis.com\\\/ca\\\/#organization\"},\"potentialAction\":[{\"@type\":\"SearchAction\",\"target\":{\"@type\":\"EntryPoint\",\"urlTemplate\":\"https:\\\/\\\/www.tressis.com\\\/ca\\\/?s={search_term_string}\"},\"query-input\":{\"@type\":\"PropertyValueSpecification\",\"valueRequired\":true,\"valueName\":\"search_term_string\"}}],\"inLanguage\":\"ca\"},{\"@type\":\"Organization\",\"@id\":\"https:\\\/\\\/www.tressis.com\\\/ca\\\/#organization\",\"name\":\"Tressis\",\"url\":\"https:\\\/\\\/www.tressis.com\\\/ca\\\/\",\"logo\":{\"@type\":\"ImageObject\",\"inLanguage\":\"ca\",\"@id\":\"https:\\\/\\\/www.tressis.com\\\/ca\\\/#\\\/schema\\\/logo\\\/image\\\/\",\"url\":\"https:\\\/\\\/www.tressis.com\\\/wp-content\\\/uploads\\\/2025\\\/06\\\/logo-tressis-112.png\",\"contentUrl\":\"https:\\\/\\\/www.tressis.com\\\/wp-content\\\/uploads\\\/2025\\\/06\\\/logo-tressis-112.png\",\"width\":112,\"height\":112,\"caption\":\"Tressis\"},\"image\":{\"@id\":\"https:\\\/\\\/www.tressis.com\\\/ca\\\/#\\\/schema\\\/logo\\\/image\\\/\"},\"sameAs\":[\"https:\\\/\\\/www.facebook.com\\\/Tressis\\\/\",\"https:\\\/\\\/x.com\\\/TressisSV\",\"https:\\\/\\\/www.instagram.com\\\/tressissv\\\/?hl=es\",\"https:\\\/\\\/linkedin.com\\\/company\\\/tressis\\\/\",\"https:\\\/\\\/www.youtube.com\\\/user\\\/tressissv\",\"https:\\\/\\\/open.spotify.com\\\/show\\\/3jmTe1Nf0wqMILl7diWV6h?si=d7112519f13c4593&nd=1\"]},{\"@type\":\"Person\",\"@id\":\"https:\\\/\\\/www.tressis.com\\\/ca\\\/#\\\/schema\\\/person\\\/b833c1d724d8764920b6d6852c70584e\",\"name\":\"Lola\",\"image\":{\"@type\":\"ImageObject\",\"inLanguage\":\"ca\",\"@id\":\"https:\\\/\\\/secure.gravatar.com\\\/avatar\\\/05e646486b23ff45df9649110609c7e31b8c4a3e2821caa23d6317f405e0c51d?s=96&d=mm&r=g\",\"url\":\"https:\\\/\\\/secure.gravatar.com\\\/avatar\\\/05e646486b23ff45df9649110609c7e31b8c4a3e2821caa23d6317f405e0c51d?s=96&d=mm&r=g\",\"contentUrl\":\"https:\\\/\\\/secure.gravatar.com\\\/avatar\\\/05e646486b23ff45df9649110609c7e31b8c4a3e2821caa23d6317f405e0c51d?s=96&d=mm&r=g\",\"caption\":\"Lola\"}}]}<\/script>\n<!-- \/ Yoast SEO plugin. -->","yoast_head_json":{"title":"Cualquier giro radical es posible","description":"Aunque visto lo visto en los \u00faltimos a\u00f1os, cualquier giro radical es posible sin que nadie tenga tiempo de darse cuenta","robots":{"index":"index","follow":"follow","max-snippet":"max-snippet:-1","max-image-preview":"max-image-preview:large","max-video-preview":"max-video-preview:-1"},"canonical":"https:\/\/www.tressis.com\/ca\/blog\/giro-radical-es-posible\/","og_locale":"ca_ES","og_type":"article","og_title":"Cualquier giro radical es posible","og_description":"Aunque visto lo visto en los \u00faltimos a\u00f1os, cualquier giro radical es posible sin que nadie tenga tiempo de darse cuenta","og_url":"https:\/\/www.tressis.com\/ca\/blog\/giro-radical-es-posible\/","og_site_name":"Tressis","article_publisher":"https:\/\/www.facebook.com\/Tressis\/","article_published_time":"2016-11-11T10:08:13+00:00","og_image":[{"width":1100,"height":487,"url":"https:\/\/www.tressis.com\/wp-content\/uploads\/2016\/11\/20161111_mmv.jpg","type":"image\/jpeg"}],"author":"Lola","twitter_card":"summary_large_image","twitter_creator":"@TressisSV","twitter_site":"@TressisSV","twitter_misc":{"Escrit per":"Lola","Temps estimat de lectura":"3 minuts"},"schema":{"@context":"https:\/\/schema.org","@graph":[{"@type":"Article","@id":"https:\/\/www.tressis.com\/ca\/blog\/giro-radical-es-posible\/#article","isPartOf":{"@id":"https:\/\/www.tressis.com\/ca\/blog\/giro-radical-es-posible\/"},"author":{"name":"Lola","@id":"https:\/\/www.tressis.com\/ca\/#\/schema\/person\/b833c1d724d8764920b6d6852c70584e"},"headline":"Cualquier giro radical es posible","datePublished":"2016-11-11T10:08:13+00:00","mainEntityOfPage":{"@id":"https:\/\/www.tressis.com\/ca\/blog\/giro-radical-es-posible\/"},"wordCount":549,"commentCount":0,"publisher":{"@id":"https:\/\/www.tressis.com\/ca\/#organization"},"image":{"@id":"https:\/\/www.tressis.com\/ca\/blog\/giro-radical-es-posible\/#primaryimage"},"thumbnailUrl":"https:\/\/www.tressis.com\/wp-content\/uploads\/2016\/11\/20161111_mmv.jpg","keywords":["Administraci\u00f3n P\u00fablica italiana","Alemania","bancos centrales","Black Friday","Brexit","china","Donald Trump","EEUU","europeos","giro radical","Italia","Le Pen","Reserva Federal","riesgo pol\u00edtico","Treasury","valoraciones extremas"],"articleSection":["Morning meeting"],"inLanguage":"ca","potentialAction":[{"@type":"CommentAction","name":"Comment","target":["https:\/\/www.tressis.com\/ca\/blog\/giro-radical-es-posible\/#respond"]}]},{"@type":"WebPage","@id":"https:\/\/www.tressis.com\/ca\/blog\/giro-radical-es-posible\/","url":"https:\/\/www.tressis.com\/ca\/blog\/giro-radical-es-posible\/","name":"Cualquier giro radical es posible","isPartOf":{"@id":"https:\/\/www.tressis.com\/ca\/#website"},"primaryImageOfPage":{"@id":"https:\/\/www.tressis.com\/ca\/blog\/giro-radical-es-posible\/#primaryimage"},"image":{"@id":"https:\/\/www.tressis.com\/ca\/blog\/giro-radical-es-posible\/#primaryimage"},"thumbnailUrl":"https:\/\/www.tressis.com\/wp-content\/uploads\/2016\/11\/20161111_mmv.jpg","datePublished":"2016-11-11T10:08:13+00:00","description":"Aunque visto lo visto en los \u00faltimos a\u00f1os, cualquier giro radical es posible sin que nadie tenga tiempo de darse cuenta","breadcrumb":{"@id":"https:\/\/www.tressis.com\/ca\/blog\/giro-radical-es-posible\/#breadcrumb"},"inLanguage":"ca","potentialAction":[{"@type":"ReadAction","target":["https:\/\/www.tressis.com\/ca\/blog\/giro-radical-es-posible\/"]}]},{"@type":"ImageObject","inLanguage":"ca","@id":"https:\/\/www.tressis.com\/ca\/blog\/giro-radical-es-posible\/#primaryimage","url":"https:\/\/www.tressis.com\/wp-content\/uploads\/2016\/11\/20161111_mmv.jpg","contentUrl":"https:\/\/www.tressis.com\/wp-content\/uploads\/2016\/11\/20161111_mmv.jpg","width":1100,"height":487,"caption":"Cualquier giro radical es posible"},{"@type":"BreadcrumbList","@id":"https:\/\/www.tressis.com\/ca\/blog\/giro-radical-es-posible\/#breadcrumb","itemListElement":[{"@type":"ListItem","position":1,"name":"Inicio","item":"https:\/\/www.tressis.com\/ca\/"},{"@type":"ListItem","position":2,"name":"Cualquier giro radical es posible"}]},{"@type":"WebSite","@id":"https:\/\/www.tressis.com\/ca\/#website","url":"https:\/\/www.tressis.com\/ca\/","name":"Tressis banca privada","description":"Tressis | Planificaci\u00f3n financiera y gesti\u00f3n de patrimonios","publisher":{"@id":"https:\/\/www.tressis.com\/ca\/#organization"},"potentialAction":[{"@type":"SearchAction","target":{"@type":"EntryPoint","urlTemplate":"https:\/\/www.tressis.com\/ca\/?s={search_term_string}"},"query-input":{"@type":"PropertyValueSpecification","valueRequired":true,"valueName":"search_term_string"}}],"inLanguage":"ca"},{"@type":"Organization","@id":"https:\/\/www.tressis.com\/ca\/#organization","name":"Tressis","url":"https:\/\/www.tressis.com\/ca\/","logo":{"@type":"ImageObject","inLanguage":"ca","@id":"https:\/\/www.tressis.com\/ca\/#\/schema\/logo\/image\/","url":"https:\/\/www.tressis.com\/wp-content\/uploads\/2025\/06\/logo-tressis-112.png","contentUrl":"https:\/\/www.tressis.com\/wp-content\/uploads\/2025\/06\/logo-tressis-112.png","width":112,"height":112,"caption":"Tressis"},"image":{"@id":"https:\/\/www.tressis.com\/ca\/#\/schema\/logo\/image\/"},"sameAs":["https:\/\/www.facebook.com\/Tressis\/","https:\/\/x.com\/TressisSV","https:\/\/www.instagram.com\/tressissv\/?hl=es","https:\/\/linkedin.com\/company\/tressis\/","https:\/\/www.youtube.com\/user\/tressissv","https:\/\/open.spotify.com\/show\/3jmTe1Nf0wqMILl7diWV6h?si=d7112519f13c4593&nd=1"]},{"@type":"Person","@id":"https:\/\/www.tressis.com\/ca\/#\/schema\/person\/b833c1d724d8764920b6d6852c70584e","name":"Lola","image":{"@type":"ImageObject","inLanguage":"ca","@id":"https:\/\/secure.gravatar.com\/avatar\/05e646486b23ff45df9649110609c7e31b8c4a3e2821caa23d6317f405e0c51d?s=96&d=mm&r=g","url":"https:\/\/secure.gravatar.com\/avatar\/05e646486b23ff45df9649110609c7e31b8c4a3e2821caa23d6317f405e0c51d?s=96&d=mm&r=g","contentUrl":"https:\/\/secure.gravatar.com\/avatar\/05e646486b23ff45df9649110609c7e31b8c4a3e2821caa23d6317f405e0c51d?s=96&d=mm&r=g","caption":"Lola"}}]}},"_links":{"self":[{"href":"https:\/\/www.tressis.com\/ca\/wp-json\/wp\/v2\/posts\/24150","targetHints":{"allow":["GET"]}}],"collection":[{"href":"https:\/\/www.tressis.com\/ca\/wp-json\/wp\/v2\/posts"}],"about":[{"href":"https:\/\/www.tressis.com\/ca\/wp-json\/wp\/v2\/types\/post"}],"author":[{"embeddable":true,"href":"https:\/\/www.tressis.com\/ca\/wp-json\/wp\/v2\/users\/4"}],"replies":[{"embeddable":true,"href":"https:\/\/www.tressis.com\/ca\/wp-json\/wp\/v2\/comments?post=24150"}],"version-history":[{"count":0,"href":"https:\/\/www.tressis.com\/ca\/wp-json\/wp\/v2\/posts\/24150\/revisions"}],"wp:featuredmedia":[{"embeddable":true,"href":"https:\/\/www.tressis.com\/ca\/wp-json\/wp\/v2\/media\/24151"}],"wp:attachment":[{"href":"https:\/\/www.tressis.com\/ca\/wp-json\/wp\/v2\/media?parent=24150"}],"wp:term":[{"taxonomy":"category","embeddable":true,"href":"https:\/\/www.tressis.com\/ca\/wp-json\/wp\/v2\/categories?post=24150"},{"taxonomy":"post_tag","embeddable":true,"href":"https:\/\/www.tressis.com\/ca\/wp-json\/wp\/v2\/tags?post=24150"}],"curies":[{"name":"wp","href":"https:\/\/api.w.org\/{rel}","templated":true}]}}