{"id":23942,"date":"2016-10-20T10:53:40","date_gmt":"2016-10-20T08:53:40","guid":{"rendered":"http:\/\/www.tressis.com\/blog\/?p=23942"},"modified":"2016-10-20T10:53:40","modified_gmt":"2016-10-20T08:53:40","slug":"para-que-esta-preparado-el-mercado","status":"publish","type":"post","link":"https:\/\/www.tressis.com\/ca\/blog\/para-que-esta-preparado-el-mercado\/","title":{"rendered":"\u00bfPara qu\u00e9 est\u00e1 preparado el mercado?"},"content":{"rendered":"<p>Buenos d\u00edas.<\/p>\n<p>\u00bfPara qu\u00e9 est\u00e1 preparado el mercado? La aparici\u00f3n que hace hoy Mario Draghi despu\u00e9s de la reuni\u00f3n peri\u00f3dica del BCE nos servir\u00e1 a modo de term\u00f3metro para conocer el grado de dependencia inversora a los programas de los bancos centrales.<!--more--><\/p>\n<p>Recordemos que un mero rumor sobre la posibilidad de iniciar un <i>tapering<\/i> europeo semanas atr\u00e1s provoc\u00f3 ventas sobre todos los bonos soberanos. Las posibilidades son variadas, pero la especulaci\u00f3n a\u00fan m\u00e1s numerosa, as\u00ed que esperemos, escuchemos y comprobemos.<\/p>\n<p>EEUU tiene m\u00e1s que encaminada la subida de tipos de diciembre. No la de noviembre porque ya est\u00e1 bastante enturbiada la campa\u00f1a electoral como para que nadie tenga que echarle gasolina a ninguno de los dos presidenciables menos apoyados de la historia. Volviendo a mercado y pol\u00edtica monetaria, dos fueron los miembros que hablaron sobre las bondades de otra peque\u00f1a subida de los tipos, aunque fue en el Libro Beige donde m\u00e1s se apoyaron los mercados para darle credibilidad a tal eventualidad. Para no romper con la monoton\u00eda de publicaciones anteriores, el Libro muestra el crecimiento entre modesto y moderado de la econom\u00eda, pero destaca esta vez en el hecho de que se vislumbran, al fin, presiones salariales en algunos sectores.<\/p>\n<p>El petr\u00f3leo ah\u00ed sigue, entre dato y rumor. Los inventarios de crudo en EEUU vuelven a caer, lo que es positivo para el precio por algo tan simple como su impacto sobre la ley de la oferta y la demanda. M\u00e1s dudas despiertan las declaraciones intencionadas de los pa\u00edses productores, (casi) todas ellas encaminadas a sostener la cotizaci\u00f3n del barril. Pero claro, trat\u00e1ndose de un mundillo en el que domina el oscurantismo, paciencia.<\/p>\n<p>En lo referente a los resultados empresariales, los \u00edndices mundiales se est\u00e1n contagiando a ratos y con mesura del buen hacer de la banca estadounidense. Ayer recogi\u00f3 el testigo Morgan Stanley, otro m\u00e1s que bate las expectativas por obra de los negocios \u00abadyacentes\u00bb.<\/p>\n<p>Buen d\u00eda.<\/p>\n<p><strong>Am\u00edlcar Barrios Vilallonga<\/strong><br \/>\nDirecci\u00f3n de Inversiones<\/p>\n","protected":false},"excerpt":{"rendered":"<p>Buenos d\u00edas. \u00bfPara qu\u00e9 est\u00e1 preparado el mercado? La aparici\u00f3n que hace hoy Mario Draghi despu\u00e9s de la reuni\u00f3n peri\u00f3dica del BCE nos servir\u00e1 a modo de term\u00f3metro para conocer el grado de dependencia inversora a los programas de los bancos centrales.<\/p>\n","protected":false},"author":4,"featured_media":23944,"comment_status":"open","ping_status":"closed","sticky":false,"template":"","format":"standard","meta":{"_acf_changed":false,"footnotes":""},"categories":[9721],"tags":[508,559,1510,1859,2206,2622,3419,3851,3973,4185,4326,4413,4845,5796,6326,6456],"class_list":["post-23942","post","type-post","status-publish","format-standard","has-post-thumbnail","hentry","category-morning-meeting","tag-bancos-centrales","tag-bce","tag-cotizacion-del-barril","tag-dependencia-inversora","tag-eeuu","tag-expectativas","tag-indices-mundiales","tag-libro-beige","tag-mario-draghi","tag-mercado-y-politica-monetaria","tag-morgan-stanley","tag-negocios-adyacentes","tag-petroleo","tag-resultados-empresariales","tag-subida-de-tipos","tag-tapering-europeo"],"acf":[],"yoast_head":"<!-- This site is optimized with the Yoast SEO plugin v28.3 - https:\/\/yoast.com\/product\/yoast-seo-wordpress\/ -->\n<title>\u00bfPara qu\u00e9 est\u00e1 preparado el mercado?<\/title>\n<meta name=\"description\" content=\"Un mero rumor sobre la posibilidad de iniciar un tapering europeo semanas atr\u00e1s provoc\u00f3 ventas sobre todos los bonos soberanos\" \/>\n<meta name=\"robots\" content=\"index, follow, max-snippet:-1, max-image-preview:large, max-video-preview:-1\" \/>\n<link rel=\"canonical\" href=\"https:\/\/www.tressis.com\/ca\/blog\/para-que-esta-preparado-el-mercado\/\" \/>\n<meta property=\"og:locale\" content=\"ca_ES\" \/>\n<meta property=\"og:type\" content=\"article\" \/>\n<meta property=\"og:title\" content=\"\u00bfPara qu\u00e9 est\u00e1 preparado el mercado?\" \/>\n<meta property=\"og:description\" content=\"Un mero rumor sobre la posibilidad de iniciar un tapering europeo semanas atr\u00e1s provoc\u00f3 ventas sobre todos los bonos soberanos\" \/>\n<meta property=\"og:url\" content=\"https:\/\/www.tressis.com\/ca\/blog\/para-que-esta-preparado-el-mercado\/\" \/>\n<meta property=\"og:site_name\" content=\"Tressis\" \/>\n<meta property=\"article:publisher\" content=\"https:\/\/www.facebook.com\/Tressis\/\" \/>\n<meta property=\"article:published_time\" content=\"2016-10-20T08:53:40+00:00\" \/>\n<meta property=\"og:image\" content=\"https:\/\/www.tressis.com\/wp-content\/uploads\/2016\/10\/20161020_mmv.jpg\" \/>\n\t<meta property=\"og:image:width\" content=\"1100\" \/>\n\t<meta property=\"og:image:height\" content=\"487\" \/>\n\t<meta property=\"og:image:type\" content=\"image\/jpeg\" \/>\n<meta name=\"author\" content=\"Lola\" \/>\n<meta name=\"twitter:card\" content=\"summary_large_image\" \/>\n<meta name=\"twitter:creator\" content=\"@TressisSV\" \/>\n<meta name=\"twitter:site\" content=\"@TressisSV\" \/>\n<meta name=\"twitter:label1\" content=\"Escrit per\" \/>\n\t<meta name=\"twitter:data1\" content=\"Lola\" \/>\n\t<meta name=\"twitter:label2\" content=\"Temps estimat de lectura\" \/>\n\t<meta name=\"twitter:data2\" content=\"2 minuts\" \/>\n<script type=\"application\/ld+json\" class=\"yoast-schema-graph\">{\"@context\":\"https:\\\/\\\/schema.org\",\"@graph\":[{\"@type\":\"Article\",\"@id\":\"https:\\\/\\\/www.tressis.com\\\/ca\\\/blog\\\/para-que-esta-preparado-el-mercado\\\/#article\",\"isPartOf\":{\"@id\":\"https:\\\/\\\/www.tressis.com\\\/ca\\\/blog\\\/para-que-esta-preparado-el-mercado\\\/\"},\"author\":{\"name\":\"Lola\",\"@id\":\"https:\\\/\\\/www.tressis.com\\\/ca\\\/#\\\/schema\\\/person\\\/b833c1d724d8764920b6d6852c70584e\"},\"headline\":\"\u00bfPara qu\u00e9 est\u00e1 preparado el mercado?\",\"datePublished\":\"2016-10-20T08:53:40+00:00\",\"mainEntityOfPage\":{\"@id\":\"https:\\\/\\\/www.tressis.com\\\/ca\\\/blog\\\/para-que-esta-preparado-el-mercado\\\/\"},\"wordCount\":358,\"commentCount\":0,\"publisher\":{\"@id\":\"https:\\\/\\\/www.tressis.com\\\/ca\\\/#organization\"},\"image\":{\"@id\":\"https:\\\/\\\/www.tressis.com\\\/ca\\\/blog\\\/para-que-esta-preparado-el-mercado\\\/#primaryimage\"},\"thumbnailUrl\":\"https:\\\/\\\/www.tressis.com\\\/wp-content\\\/uploads\\\/2016\\\/10\\\/20161020_mmv.jpg\",\"keywords\":[\"bancos centrales\",\"BCE\",\"cotizaci\u00f3n del barril\",\"dependencia inversora\",\"EEUU\",\"expectativas\",\"\u00edndices mundiales\",\"libro beige\",\"Mario Draghi\",\"mercado y pol\u00edtica monetaria\",\"Morgan Stanley\",\"negocios adyacentes\",\"petr\u00f3leo\",\"resultados empresariales\",\"subida de tipos\",\"tapering europeo\"],\"articleSection\":[\"Morning meeting\"],\"inLanguage\":\"ca\",\"potentialAction\":[{\"@type\":\"CommentAction\",\"name\":\"Comment\",\"target\":[\"https:\\\/\\\/www.tressis.com\\\/ca\\\/blog\\\/para-que-esta-preparado-el-mercado\\\/#respond\"]}]},{\"@type\":\"WebPage\",\"@id\":\"https:\\\/\\\/www.tressis.com\\\/ca\\\/blog\\\/para-que-esta-preparado-el-mercado\\\/\",\"url\":\"https:\\\/\\\/www.tressis.com\\\/ca\\\/blog\\\/para-que-esta-preparado-el-mercado\\\/\",\"name\":\"\u00bfPara qu\u00e9 est\u00e1 preparado el mercado?\",\"isPartOf\":{\"@id\":\"https:\\\/\\\/www.tressis.com\\\/ca\\\/#website\"},\"primaryImageOfPage\":{\"@id\":\"https:\\\/\\\/www.tressis.com\\\/ca\\\/blog\\\/para-que-esta-preparado-el-mercado\\\/#primaryimage\"},\"image\":{\"@id\":\"https:\\\/\\\/www.tressis.com\\\/ca\\\/blog\\\/para-que-esta-preparado-el-mercado\\\/#primaryimage\"},\"thumbnailUrl\":\"https:\\\/\\\/www.tressis.com\\\/wp-content\\\/uploads\\\/2016\\\/10\\\/20161020_mmv.jpg\",\"datePublished\":\"2016-10-20T08:53:40+00:00\",\"description\":\"Un mero rumor sobre la posibilidad de iniciar un tapering europeo semanas atr\u00e1s provoc\u00f3 ventas sobre todos los bonos soberanos\",\"breadcrumb\":{\"@id\":\"https:\\\/\\\/www.tressis.com\\\/ca\\\/blog\\\/para-que-esta-preparado-el-mercado\\\/#breadcrumb\"},\"inLanguage\":\"ca\",\"potentialAction\":[{\"@type\":\"ReadAction\",\"target\":[\"https:\\\/\\\/www.tressis.com\\\/ca\\\/blog\\\/para-que-esta-preparado-el-mercado\\\/\"]}]},{\"@type\":\"ImageObject\",\"inLanguage\":\"ca\",\"@id\":\"https:\\\/\\\/www.tressis.com\\\/ca\\\/blog\\\/para-que-esta-preparado-el-mercado\\\/#primaryimage\",\"url\":\"https:\\\/\\\/www.tressis.com\\\/wp-content\\\/uploads\\\/2016\\\/10\\\/20161020_mmv.jpg\",\"contentUrl\":\"https:\\\/\\\/www.tressis.com\\\/wp-content\\\/uploads\\\/2016\\\/10\\\/20161020_mmv.jpg\",\"width\":1100,\"height\":487,\"caption\":\"\u00bfPara qu\u00e9 est\u00e1 preparado el mercado?\"},{\"@type\":\"BreadcrumbList\",\"@id\":\"https:\\\/\\\/www.tressis.com\\\/ca\\\/blog\\\/para-que-esta-preparado-el-mercado\\\/#breadcrumb\",\"itemListElement\":[{\"@type\":\"ListItem\",\"position\":1,\"name\":\"Inicio\",\"item\":\"https:\\\/\\\/www.tressis.com\\\/ca\\\/\"},{\"@type\":\"ListItem\",\"position\":2,\"name\":\"\u00bfPara qu\u00e9 est\u00e1 preparado el mercado?\"}]},{\"@type\":\"WebSite\",\"@id\":\"https:\\\/\\\/www.tressis.com\\\/ca\\\/#website\",\"url\":\"https:\\\/\\\/www.tressis.com\\\/ca\\\/\",\"name\":\"Tressis banca privada\",\"description\":\"Tressis | Planificaci\u00f3n financiera y gesti\u00f3n de patrimonios\",\"publisher\":{\"@id\":\"https:\\\/\\\/www.tressis.com\\\/ca\\\/#organization\"},\"potentialAction\":[{\"@type\":\"SearchAction\",\"target\":{\"@type\":\"EntryPoint\",\"urlTemplate\":\"https:\\\/\\\/www.tressis.com\\\/ca\\\/?s={search_term_string}\"},\"query-input\":{\"@type\":\"PropertyValueSpecification\",\"valueRequired\":true,\"valueName\":\"search_term_string\"}}],\"inLanguage\":\"ca\"},{\"@type\":\"Organization\",\"@id\":\"https:\\\/\\\/www.tressis.com\\\/ca\\\/#organization\",\"name\":\"Tressis\",\"url\":\"https:\\\/\\\/www.tressis.com\\\/ca\\\/\",\"logo\":{\"@type\":\"ImageObject\",\"inLanguage\":\"ca\",\"@id\":\"https:\\\/\\\/www.tressis.com\\\/ca\\\/#\\\/schema\\\/logo\\\/image\\\/\",\"url\":\"https:\\\/\\\/www.tressis.com\\\/wp-content\\\/uploads\\\/2025\\\/06\\\/logo-tressis-112.png\",\"contentUrl\":\"https:\\\/\\\/www.tressis.com\\\/wp-content\\\/uploads\\\/2025\\\/06\\\/logo-tressis-112.png\",\"width\":112,\"height\":112,\"caption\":\"Tressis\"},\"image\":{\"@id\":\"https:\\\/\\\/www.tressis.com\\\/ca\\\/#\\\/schema\\\/logo\\\/image\\\/\"},\"sameAs\":[\"https:\\\/\\\/www.facebook.com\\\/Tressis\\\/\",\"https:\\\/\\\/x.com\\\/TressisSV\",\"https:\\\/\\\/www.instagram.com\\\/tressissv\\\/?hl=es\",\"https:\\\/\\\/linkedin.com\\\/company\\\/tressis\\\/\",\"https:\\\/\\\/www.youtube.com\\\/user\\\/tressissv\",\"https:\\\/\\\/open.spotify.com\\\/show\\\/3jmTe1Nf0wqMILl7diWV6h?si=d7112519f13c4593&nd=1\"]},{\"@type\":\"Person\",\"@id\":\"https:\\\/\\\/www.tressis.com\\\/ca\\\/#\\\/schema\\\/person\\\/b833c1d724d8764920b6d6852c70584e\",\"name\":\"Lola\",\"image\":{\"@type\":\"ImageObject\",\"inLanguage\":\"ca\",\"@id\":\"https:\\\/\\\/secure.gravatar.com\\\/avatar\\\/05e646486b23ff45df9649110609c7e31b8c4a3e2821caa23d6317f405e0c51d?s=96&d=mm&r=g\",\"url\":\"https:\\\/\\\/secure.gravatar.com\\\/avatar\\\/05e646486b23ff45df9649110609c7e31b8c4a3e2821caa23d6317f405e0c51d?s=96&d=mm&r=g\",\"contentUrl\":\"https:\\\/\\\/secure.gravatar.com\\\/avatar\\\/05e646486b23ff45df9649110609c7e31b8c4a3e2821caa23d6317f405e0c51d?s=96&d=mm&r=g\",\"caption\":\"Lola\"}}]}<\/script>\n<!-- \/ Yoast SEO plugin. -->","yoast_head_json":{"title":"\u00bfPara qu\u00e9 est\u00e1 preparado el mercado?","description":"Un mero rumor sobre la posibilidad de iniciar un tapering europeo semanas atr\u00e1s provoc\u00f3 ventas sobre todos los bonos soberanos","robots":{"index":"index","follow":"follow","max-snippet":"max-snippet:-1","max-image-preview":"max-image-preview:large","max-video-preview":"max-video-preview:-1"},"canonical":"https:\/\/www.tressis.com\/ca\/blog\/para-que-esta-preparado-el-mercado\/","og_locale":"ca_ES","og_type":"article","og_title":"\u00bfPara qu\u00e9 est\u00e1 preparado el mercado?","og_description":"Un mero rumor sobre la posibilidad de iniciar un tapering europeo semanas atr\u00e1s provoc\u00f3 ventas sobre todos los bonos soberanos","og_url":"https:\/\/www.tressis.com\/ca\/blog\/para-que-esta-preparado-el-mercado\/","og_site_name":"Tressis","article_publisher":"https:\/\/www.facebook.com\/Tressis\/","article_published_time":"2016-10-20T08:53:40+00:00","og_image":[{"width":1100,"height":487,"url":"https:\/\/www.tressis.com\/wp-content\/uploads\/2016\/10\/20161020_mmv.jpg","type":"image\/jpeg"}],"author":"Lola","twitter_card":"summary_large_image","twitter_creator":"@TressisSV","twitter_site":"@TressisSV","twitter_misc":{"Escrit per":"Lola","Temps estimat de lectura":"2 minuts"},"schema":{"@context":"https:\/\/schema.org","@graph":[{"@type":"Article","@id":"https:\/\/www.tressis.com\/ca\/blog\/para-que-esta-preparado-el-mercado\/#article","isPartOf":{"@id":"https:\/\/www.tressis.com\/ca\/blog\/para-que-esta-preparado-el-mercado\/"},"author":{"name":"Lola","@id":"https:\/\/www.tressis.com\/ca\/#\/schema\/person\/b833c1d724d8764920b6d6852c70584e"},"headline":"\u00bfPara qu\u00e9 est\u00e1 preparado el mercado?","datePublished":"2016-10-20T08:53:40+00:00","mainEntityOfPage":{"@id":"https:\/\/www.tressis.com\/ca\/blog\/para-que-esta-preparado-el-mercado\/"},"wordCount":358,"commentCount":0,"publisher":{"@id":"https:\/\/www.tressis.com\/ca\/#organization"},"image":{"@id":"https:\/\/www.tressis.com\/ca\/blog\/para-que-esta-preparado-el-mercado\/#primaryimage"},"thumbnailUrl":"https:\/\/www.tressis.com\/wp-content\/uploads\/2016\/10\/20161020_mmv.jpg","keywords":["bancos centrales","BCE","cotizaci\u00f3n del barril","dependencia inversora","EEUU","expectativas","\u00edndices mundiales","libro beige","Mario Draghi","mercado y pol\u00edtica monetaria","Morgan Stanley","negocios adyacentes","petr\u00f3leo","resultados empresariales","subida de tipos","tapering europeo"],"articleSection":["Morning meeting"],"inLanguage":"ca","potentialAction":[{"@type":"CommentAction","name":"Comment","target":["https:\/\/www.tressis.com\/ca\/blog\/para-que-esta-preparado-el-mercado\/#respond"]}]},{"@type":"WebPage","@id":"https:\/\/www.tressis.com\/ca\/blog\/para-que-esta-preparado-el-mercado\/","url":"https:\/\/www.tressis.com\/ca\/blog\/para-que-esta-preparado-el-mercado\/","name":"\u00bfPara qu\u00e9 est\u00e1 preparado el mercado?","isPartOf":{"@id":"https:\/\/www.tressis.com\/ca\/#website"},"primaryImageOfPage":{"@id":"https:\/\/www.tressis.com\/ca\/blog\/para-que-esta-preparado-el-mercado\/#primaryimage"},"image":{"@id":"https:\/\/www.tressis.com\/ca\/blog\/para-que-esta-preparado-el-mercado\/#primaryimage"},"thumbnailUrl":"https:\/\/www.tressis.com\/wp-content\/uploads\/2016\/10\/20161020_mmv.jpg","datePublished":"2016-10-20T08:53:40+00:00","description":"Un mero rumor sobre la posibilidad de iniciar un tapering europeo semanas atr\u00e1s provoc\u00f3 ventas sobre todos los bonos soberanos","breadcrumb":{"@id":"https:\/\/www.tressis.com\/ca\/blog\/para-que-esta-preparado-el-mercado\/#breadcrumb"},"inLanguage":"ca","potentialAction":[{"@type":"ReadAction","target":["https:\/\/www.tressis.com\/ca\/blog\/para-que-esta-preparado-el-mercado\/"]}]},{"@type":"ImageObject","inLanguage":"ca","@id":"https:\/\/www.tressis.com\/ca\/blog\/para-que-esta-preparado-el-mercado\/#primaryimage","url":"https:\/\/www.tressis.com\/wp-content\/uploads\/2016\/10\/20161020_mmv.jpg","contentUrl":"https:\/\/www.tressis.com\/wp-content\/uploads\/2016\/10\/20161020_mmv.jpg","width":1100,"height":487,"caption":"\u00bfPara qu\u00e9 est\u00e1 preparado el mercado?"},{"@type":"BreadcrumbList","@id":"https:\/\/www.tressis.com\/ca\/blog\/para-que-esta-preparado-el-mercado\/#breadcrumb","itemListElement":[{"@type":"ListItem","position":1,"name":"Inicio","item":"https:\/\/www.tressis.com\/ca\/"},{"@type":"ListItem","position":2,"name":"\u00bfPara qu\u00e9 est\u00e1 preparado el mercado?"}]},{"@type":"WebSite","@id":"https:\/\/www.tressis.com\/ca\/#website","url":"https:\/\/www.tressis.com\/ca\/","name":"Tressis banca privada","description":"Tressis | Planificaci\u00f3n financiera y gesti\u00f3n de patrimonios","publisher":{"@id":"https:\/\/www.tressis.com\/ca\/#organization"},"potentialAction":[{"@type":"SearchAction","target":{"@type":"EntryPoint","urlTemplate":"https:\/\/www.tressis.com\/ca\/?s={search_term_string}"},"query-input":{"@type":"PropertyValueSpecification","valueRequired":true,"valueName":"search_term_string"}}],"inLanguage":"ca"},{"@type":"Organization","@id":"https:\/\/www.tressis.com\/ca\/#organization","name":"Tressis","url":"https:\/\/www.tressis.com\/ca\/","logo":{"@type":"ImageObject","inLanguage":"ca","@id":"https:\/\/www.tressis.com\/ca\/#\/schema\/logo\/image\/","url":"https:\/\/www.tressis.com\/wp-content\/uploads\/2025\/06\/logo-tressis-112.png","contentUrl":"https:\/\/www.tressis.com\/wp-content\/uploads\/2025\/06\/logo-tressis-112.png","width":112,"height":112,"caption":"Tressis"},"image":{"@id":"https:\/\/www.tressis.com\/ca\/#\/schema\/logo\/image\/"},"sameAs":["https:\/\/www.facebook.com\/Tressis\/","https:\/\/x.com\/TressisSV","https:\/\/www.instagram.com\/tressissv\/?hl=es","https:\/\/linkedin.com\/company\/tressis\/","https:\/\/www.youtube.com\/user\/tressissv","https:\/\/open.spotify.com\/show\/3jmTe1Nf0wqMILl7diWV6h?si=d7112519f13c4593&nd=1"]},{"@type":"Person","@id":"https:\/\/www.tressis.com\/ca\/#\/schema\/person\/b833c1d724d8764920b6d6852c70584e","name":"Lola","image":{"@type":"ImageObject","inLanguage":"ca","@id":"https:\/\/secure.gravatar.com\/avatar\/05e646486b23ff45df9649110609c7e31b8c4a3e2821caa23d6317f405e0c51d?s=96&d=mm&r=g","url":"https:\/\/secure.gravatar.com\/avatar\/05e646486b23ff45df9649110609c7e31b8c4a3e2821caa23d6317f405e0c51d?s=96&d=mm&r=g","contentUrl":"https:\/\/secure.gravatar.com\/avatar\/05e646486b23ff45df9649110609c7e31b8c4a3e2821caa23d6317f405e0c51d?s=96&d=mm&r=g","caption":"Lola"}}]}},"_links":{"self":[{"href":"https:\/\/www.tressis.com\/ca\/wp-json\/wp\/v2\/posts\/23942","targetHints":{"allow":["GET"]}}],"collection":[{"href":"https:\/\/www.tressis.com\/ca\/wp-json\/wp\/v2\/posts"}],"about":[{"href":"https:\/\/www.tressis.com\/ca\/wp-json\/wp\/v2\/types\/post"}],"author":[{"embeddable":true,"href":"https:\/\/www.tressis.com\/ca\/wp-json\/wp\/v2\/users\/4"}],"replies":[{"embeddable":true,"href":"https:\/\/www.tressis.com\/ca\/wp-json\/wp\/v2\/comments?post=23942"}],"version-history":[{"count":0,"href":"https:\/\/www.tressis.com\/ca\/wp-json\/wp\/v2\/posts\/23942\/revisions"}],"wp:featuredmedia":[{"embeddable":true,"href":"https:\/\/www.tressis.com\/ca\/wp-json\/wp\/v2\/media\/23944"}],"wp:attachment":[{"href":"https:\/\/www.tressis.com\/ca\/wp-json\/wp\/v2\/media?parent=23942"}],"wp:term":[{"taxonomy":"category","embeddable":true,"href":"https:\/\/www.tressis.com\/ca\/wp-json\/wp\/v2\/categories?post=23942"},{"taxonomy":"post_tag","embeddable":true,"href":"https:\/\/www.tressis.com\/ca\/wp-json\/wp\/v2\/tags?post=23942"}],"curies":[{"name":"wp","href":"https:\/\/api.w.org\/{rel}","templated":true}]}}