{"id":23815,"date":"2016-09-30T11:06:51","date_gmt":"2016-09-30T09:06:51","guid":{"rendered":"http:\/\/www.tressis.com\/blog\/?p=23815"},"modified":"2016-09-30T11:06:51","modified_gmt":"2016-09-30T09:06:51","slug":"waall-street-puso-sus-ojos-en-la-banca-de-alemania","status":"publish","type":"post","link":"https:\/\/www.tressis.com\/ca\/blog\/waall-street-puso-sus-ojos-en-la-banca-de-alemania\/","title":{"rendered":"Wall Street puso sus ojos en la banca de Alemania"},"content":{"rendered":"<p>Buenos d\u00edas.<\/p>\n<p>Todo marchaba sin grandes sobresaltos hasta que la sesi\u00f3n en Wall Street decidi\u00f3 poner sus ojos en la gran banca de Alemania, pa\u00eds que representa el ejemplo de rigor y autocontrol&#8230; \u00bfquiz\u00e1s no tanto, no?<!--more--><\/p>\n<p>El revuelo sobre la solvencia de Deutsche Bank provoca los movimientos en masa de los inversores, reacios a todo lo que huela a miedo. Envueltos como estamos, en plena tormenta bancaria, hay que lanzar una pregunta: \u00bfes una minicrisis pasajera como la de principios de a\u00f1o? Claro que ayer no todo fue Deutsche, pues el plan de restructuraci\u00f3n y suspensi\u00f3n de dividendo anunciado por Commerzbank no hizo sino alimentar la desconfianza en el sector de la banca continental.<\/p>\n<p>Con todo esto sobre la mesa, acaso el mes que viene se refleje la incertidumbre sobre los bancos en el calendario de indicadores. Porque de momento no hay ning\u00fan rastro. Ayer habl\u00e1bamos del buen comportamiento del Gfk, referente de confianza de consumidores alemanes, y hoy es turno de la ventas minoristas de aquel pa\u00eds, que tambi\u00e9n plasman una lenta mejora de la actividad.<\/p>\n<p>En otro orden, a pesar de que Janet Yellen volvi\u00f3 a expresarse en el d\u00eda de ayer sobre la pol\u00edtica monetaria, no aport\u00f3 nada novedoso. As\u00ed que la atenci\u00f3n fue a parar a la \u00faltima lectura del PIB del segundo trimestre. La mejora de tres d\u00e9cimas suma otro argumento a la previsible subida de tipos de diciembre, m\u00e1s a\u00fan porque la aportaci\u00f3n viene tanto del sector exterior como de la demanda interna.<\/p>\n<p>La estabilidad macroecon\u00f3mica que parece que se est\u00e1 asentando en todos los bloques, ha recibido un nuevo espaldarazo de China, dado que el PMI Caixin de manufacturas ha alcanzado m\u00e1ximos de a\u00f1o y medio, con especial \u00e9nfasis en el crecimiento de los nuevos pedidos. Claro que no nos \u00edbamos a dejar pasar una sesi\u00f3n sin alg\u00fan peque\u00f1o sobresalto. El IPC japon\u00e9s no termina de caer y dejar en entredicho las pol\u00edticas monetarias de comprarlo todo y a todos sin demasiado miramiento.<\/p>\n<p>El \u00faltimo apunte de la semana es digno de hacer una parada. Si el mercado reaccion\u00f3 con euforia inicial al acuerdo OPEP-Rusia de congelar la producci\u00f3n, ni un d\u00eda ha pasado para que el ataque de amnesia se pase y recuerden los inversores en qu\u00e9 suelen quedar esta clase de pactos. Por si alguien se pensaba que &#8220;esta vez es diferente&#8221;, de eso nada, pues ya saltaron las primeras voces, entre los propios miembros del cartel, que no terminan de comprender c\u00f3mo se va a proceder. Y eso por no nombrar el alto \u00edndice de traici\u00f3n que revela el historial.<\/p>\n<p>Buen fin de semana.<\/p>\n<p><strong>Am\u00edlcar Barrios Vilallonga<\/strong><br \/>\nDirecci\u00f3n de Inversiones<\/p>\n","protected":false},"excerpt":{"rendered":"<p>Buenos d\u00edas. Todo marchaba sin grandes sobresaltos hasta que la sesi\u00f3n en Wall Street decidi\u00f3 poner sus ojos en la gran banca de Alemania, pa\u00eds que representa el ejemplo de rigor y autocontrol&#8230; \u00bfquiz\u00e1s no tanto, no?<\/p>\n","protected":false},"author":4,"featured_media":23816,"comment_status":"open","ping_status":"closed","sticky":false,"template":"","format":"standard","meta":{"_acf_changed":false,"footnotes":""},"categories":[9721],"tags":[460,1118,1252,1415,1846,1913,1990,3036,3661,3713,4272,4856,4922,4929,6955],"class_list":["post-23815","post","type-post","status-publish","format-standard","has-post-thumbnail","hentry","category-morning-meeting","tag-banca-de-alemania","tag-china","tag-commerzbank","tag-consumidores-alemanes","tag-demanda-interna","tag-desconfianza-al-sector","tag-deutsche-bank","tag-gfk","tag-ipc-japones","tag-janet-yellen","tag-minicrisis","tag-pib","tag-plena-tormenta-bancaria","tag-pmi-caixin","tag-wall-street"],"acf":[],"yoast_head":"<!-- This site is optimized with the Yoast SEO plugin v27.4 - https:\/\/yoast.com\/product\/yoast-seo-wordpress\/ -->\n<title>Wall Street puso sus ojos en la banca de Alemania<\/title>\n<meta name=\"description\" content=\"El revuelo que est\u00e1 provocando la solvencia de Deutsche Bank provoca los movimientos en masa de los inversores, reacios a todo lo que huela a miedo\" \/>\n<meta name=\"robots\" content=\"index, follow, max-snippet:-1, max-image-preview:large, max-video-preview:-1\" \/>\n<link rel=\"canonical\" href=\"https:\/\/www.tressis.com\/ca\/blog\/waall-street-puso-sus-ojos-en-la-banca-de-alemania\/\" \/>\n<meta property=\"og:locale\" content=\"ca_ES\" \/>\n<meta property=\"og:type\" content=\"article\" \/>\n<meta property=\"og:title\" content=\"Wall Street puso sus ojos en la banca de Alemania\" \/>\n<meta property=\"og:description\" content=\"El revuelo que est\u00e1 provocando la solvencia de Deutsche Bank provoca los movimientos en masa de los inversores, reacios a todo lo que huela a miedo\" \/>\n<meta property=\"og:url\" content=\"https:\/\/www.tressis.com\/ca\/blog\/waall-street-puso-sus-ojos-en-la-banca-de-alemania\/\" \/>\n<meta property=\"og:site_name\" content=\"Tressis\" \/>\n<meta property=\"article:publisher\" content=\"https:\/\/www.facebook.com\/Tressis\/\" \/>\n<meta property=\"article:published_time\" content=\"2016-09-30T09:06:51+00:00\" \/>\n<meta property=\"og:image\" content=\"https:\/\/www.tressis.com\/wp-content\/uploads\/2016\/09\/20160930_mmv.jpg\" \/>\n\t<meta property=\"og:image:width\" content=\"1100\" \/>\n\t<meta property=\"og:image:height\" content=\"487\" \/>\n\t<meta property=\"og:image:type\" content=\"image\/jpeg\" \/>\n<meta name=\"author\" content=\"Lola\" \/>\n<meta name=\"twitter:card\" content=\"summary_large_image\" \/>\n<meta name=\"twitter:creator\" content=\"@TressisSV\" \/>\n<meta name=\"twitter:site\" content=\"@TressisSV\" \/>\n<meta name=\"twitter:label1\" content=\"Escrit per\" \/>\n\t<meta name=\"twitter:data1\" content=\"Lola\" \/>\n\t<meta name=\"twitter:label2\" content=\"Temps estimat de lectura\" \/>\n\t<meta name=\"twitter:data2\" content=\"2 minuts\" \/>\n<script type=\"application\/ld+json\" class=\"yoast-schema-graph\">{\"@context\":\"https:\\\/\\\/schema.org\",\"@graph\":[{\"@type\":\"Article\",\"@id\":\"https:\\\/\\\/www.tressis.com\\\/ca\\\/blog\\\/waall-street-puso-sus-ojos-en-la-banca-de-alemania\\\/#article\",\"isPartOf\":{\"@id\":\"https:\\\/\\\/www.tressis.com\\\/ca\\\/blog\\\/waall-street-puso-sus-ojos-en-la-banca-de-alemania\\\/\"},\"author\":{\"name\":\"Lola\",\"@id\":\"https:\\\/\\\/www.tressis.com\\\/ca\\\/#\\\/schema\\\/person\\\/b833c1d724d8764920b6d6852c70584e\"},\"headline\":\"Wall Street puso sus ojos en la banca de Alemania\",\"datePublished\":\"2016-09-30T09:06:51+00:00\",\"mainEntityOfPage\":{\"@id\":\"https:\\\/\\\/www.tressis.com\\\/ca\\\/blog\\\/waall-street-puso-sus-ojos-en-la-banca-de-alemania\\\/\"},\"wordCount\":483,\"commentCount\":0,\"publisher\":{\"@id\":\"https:\\\/\\\/www.tressis.com\\\/ca\\\/#organization\"},\"image\":{\"@id\":\"https:\\\/\\\/www.tressis.com\\\/ca\\\/blog\\\/waall-street-puso-sus-ojos-en-la-banca-de-alemania\\\/#primaryimage\"},\"thumbnailUrl\":\"https:\\\/\\\/www.tressis.com\\\/wp-content\\\/uploads\\\/2016\\\/09\\\/20160930_mmv.jpg\",\"keywords\":[\"banca de Alemania\",\"china\",\"Commerzbank\",\"consumidores alemanes\",\"demanda interna\",\"desconfianza al sector\",\"Deutsche Bank\",\"Gfk\",\"IPC Japon\u00e9s\",\"Janet Yellen\",\"minicrisis\",\"PIB\",\"plena tormenta bancaria\",\"PMI Caixin\",\"Wall Street\"],\"articleSection\":[\"Morning meeting\"],\"inLanguage\":\"ca\",\"potentialAction\":[{\"@type\":\"CommentAction\",\"name\":\"Comment\",\"target\":[\"https:\\\/\\\/www.tressis.com\\\/ca\\\/blog\\\/waall-street-puso-sus-ojos-en-la-banca-de-alemania\\\/#respond\"]}]},{\"@type\":\"WebPage\",\"@id\":\"https:\\\/\\\/www.tressis.com\\\/ca\\\/blog\\\/waall-street-puso-sus-ojos-en-la-banca-de-alemania\\\/\",\"url\":\"https:\\\/\\\/www.tressis.com\\\/ca\\\/blog\\\/waall-street-puso-sus-ojos-en-la-banca-de-alemania\\\/\",\"name\":\"Wall Street puso sus ojos en la banca de Alemania\",\"isPartOf\":{\"@id\":\"https:\\\/\\\/www.tressis.com\\\/ca\\\/#website\"},\"primaryImageOfPage\":{\"@id\":\"https:\\\/\\\/www.tressis.com\\\/ca\\\/blog\\\/waall-street-puso-sus-ojos-en-la-banca-de-alemania\\\/#primaryimage\"},\"image\":{\"@id\":\"https:\\\/\\\/www.tressis.com\\\/ca\\\/blog\\\/waall-street-puso-sus-ojos-en-la-banca-de-alemania\\\/#primaryimage\"},\"thumbnailUrl\":\"https:\\\/\\\/www.tressis.com\\\/wp-content\\\/uploads\\\/2016\\\/09\\\/20160930_mmv.jpg\",\"datePublished\":\"2016-09-30T09:06:51+00:00\",\"description\":\"El revuelo que est\u00e1 provocando la solvencia de Deutsche Bank provoca los movimientos en masa de los inversores, reacios a todo lo que huela a miedo\",\"breadcrumb\":{\"@id\":\"https:\\\/\\\/www.tressis.com\\\/ca\\\/blog\\\/waall-street-puso-sus-ojos-en-la-banca-de-alemania\\\/#breadcrumb\"},\"inLanguage\":\"ca\",\"potentialAction\":[{\"@type\":\"ReadAction\",\"target\":[\"https:\\\/\\\/www.tressis.com\\\/ca\\\/blog\\\/waall-street-puso-sus-ojos-en-la-banca-de-alemania\\\/\"]}]},{\"@type\":\"ImageObject\",\"inLanguage\":\"ca\",\"@id\":\"https:\\\/\\\/www.tressis.com\\\/ca\\\/blog\\\/waall-street-puso-sus-ojos-en-la-banca-de-alemania\\\/#primaryimage\",\"url\":\"https:\\\/\\\/www.tressis.com\\\/wp-content\\\/uploads\\\/2016\\\/09\\\/20160930_mmv.jpg\",\"contentUrl\":\"https:\\\/\\\/www.tressis.com\\\/wp-content\\\/uploads\\\/2016\\\/09\\\/20160930_mmv.jpg\",\"width\":1100,\"height\":487,\"caption\":\"Wall Street puso sus ojos en la gran banca de Alemania\"},{\"@type\":\"BreadcrumbList\",\"@id\":\"https:\\\/\\\/www.tressis.com\\\/ca\\\/blog\\\/waall-street-puso-sus-ojos-en-la-banca-de-alemania\\\/#breadcrumb\",\"itemListElement\":[{\"@type\":\"ListItem\",\"position\":1,\"name\":\"Inicio\",\"item\":\"https:\\\/\\\/www.tressis.com\\\/ca\\\/\"},{\"@type\":\"ListItem\",\"position\":2,\"name\":\"Wall Street puso sus ojos en la banca de Alemania\"}]},{\"@type\":\"WebSite\",\"@id\":\"https:\\\/\\\/www.tressis.com\\\/ca\\\/#website\",\"url\":\"https:\\\/\\\/www.tressis.com\\\/ca\\\/\",\"name\":\"Tressis banca privada\",\"description\":\"Tressis | Planificaci\u00f3n financiera y gesti\u00f3n de patrimonios\",\"publisher\":{\"@id\":\"https:\\\/\\\/www.tressis.com\\\/ca\\\/#organization\"},\"potentialAction\":[{\"@type\":\"SearchAction\",\"target\":{\"@type\":\"EntryPoint\",\"urlTemplate\":\"https:\\\/\\\/www.tressis.com\\\/ca\\\/?s={search_term_string}\"},\"query-input\":{\"@type\":\"PropertyValueSpecification\",\"valueRequired\":true,\"valueName\":\"search_term_string\"}}],\"inLanguage\":\"ca\"},{\"@type\":\"Organization\",\"@id\":\"https:\\\/\\\/www.tressis.com\\\/ca\\\/#organization\",\"name\":\"Tressis\",\"url\":\"https:\\\/\\\/www.tressis.com\\\/ca\\\/\",\"logo\":{\"@type\":\"ImageObject\",\"inLanguage\":\"ca\",\"@id\":\"https:\\\/\\\/www.tressis.com\\\/ca\\\/#\\\/schema\\\/logo\\\/image\\\/\",\"url\":\"https:\\\/\\\/www.tressis.com\\\/wp-content\\\/uploads\\\/2025\\\/06\\\/logo-tressis-112.png\",\"contentUrl\":\"https:\\\/\\\/www.tressis.com\\\/wp-content\\\/uploads\\\/2025\\\/06\\\/logo-tressis-112.png\",\"width\":112,\"height\":112,\"caption\":\"Tressis\"},\"image\":{\"@id\":\"https:\\\/\\\/www.tressis.com\\\/ca\\\/#\\\/schema\\\/logo\\\/image\\\/\"},\"sameAs\":[\"https:\\\/\\\/www.facebook.com\\\/Tressis\\\/\",\"https:\\\/\\\/x.com\\\/TressisSV\",\"https:\\\/\\\/www.instagram.com\\\/tressissv\\\/?hl=es\",\"https:\\\/\\\/linkedin.com\\\/company\\\/tressis\\\/\",\"https:\\\/\\\/www.youtube.com\\\/user\\\/tressissv\",\"https:\\\/\\\/open.spotify.com\\\/show\\\/3jmTe1Nf0wqMILl7diWV6h?si=d7112519f13c4593&nd=1\"]},{\"@type\":\"Person\",\"@id\":\"https:\\\/\\\/www.tressis.com\\\/ca\\\/#\\\/schema\\\/person\\\/b833c1d724d8764920b6d6852c70584e\",\"name\":\"Lola\",\"image\":{\"@type\":\"ImageObject\",\"inLanguage\":\"ca\",\"@id\":\"https:\\\/\\\/secure.gravatar.com\\\/avatar\\\/05e646486b23ff45df9649110609c7e31b8c4a3e2821caa23d6317f405e0c51d?s=96&d=mm&r=g\",\"url\":\"https:\\\/\\\/secure.gravatar.com\\\/avatar\\\/05e646486b23ff45df9649110609c7e31b8c4a3e2821caa23d6317f405e0c51d?s=96&d=mm&r=g\",\"contentUrl\":\"https:\\\/\\\/secure.gravatar.com\\\/avatar\\\/05e646486b23ff45df9649110609c7e31b8c4a3e2821caa23d6317f405e0c51d?s=96&d=mm&r=g\",\"caption\":\"Lola\"}}]}<\/script>\n<!-- \/ Yoast SEO plugin. -->","yoast_head_json":{"title":"Wall Street puso sus ojos en la banca de Alemania","description":"El revuelo que est\u00e1 provocando la solvencia de Deutsche Bank provoca los movimientos en masa de los inversores, reacios a todo lo que huela a miedo","robots":{"index":"index","follow":"follow","max-snippet":"max-snippet:-1","max-image-preview":"max-image-preview:large","max-video-preview":"max-video-preview:-1"},"canonical":"https:\/\/www.tressis.com\/ca\/blog\/waall-street-puso-sus-ojos-en-la-banca-de-alemania\/","og_locale":"ca_ES","og_type":"article","og_title":"Wall Street puso sus ojos en la banca de Alemania","og_description":"El revuelo que est\u00e1 provocando la solvencia de Deutsche Bank provoca los movimientos en masa de los inversores, reacios a todo lo que huela a miedo","og_url":"https:\/\/www.tressis.com\/ca\/blog\/waall-street-puso-sus-ojos-en-la-banca-de-alemania\/","og_site_name":"Tressis","article_publisher":"https:\/\/www.facebook.com\/Tressis\/","article_published_time":"2016-09-30T09:06:51+00:00","og_image":[{"width":1100,"height":487,"url":"https:\/\/www.tressis.com\/wp-content\/uploads\/2016\/09\/20160930_mmv.jpg","type":"image\/jpeg"}],"author":"Lola","twitter_card":"summary_large_image","twitter_creator":"@TressisSV","twitter_site":"@TressisSV","twitter_misc":{"Escrit per":"Lola","Temps estimat de lectura":"2 minuts"},"schema":{"@context":"https:\/\/schema.org","@graph":[{"@type":"Article","@id":"https:\/\/www.tressis.com\/ca\/blog\/waall-street-puso-sus-ojos-en-la-banca-de-alemania\/#article","isPartOf":{"@id":"https:\/\/www.tressis.com\/ca\/blog\/waall-street-puso-sus-ojos-en-la-banca-de-alemania\/"},"author":{"name":"Lola","@id":"https:\/\/www.tressis.com\/ca\/#\/schema\/person\/b833c1d724d8764920b6d6852c70584e"},"headline":"Wall Street puso sus ojos en la banca de Alemania","datePublished":"2016-09-30T09:06:51+00:00","mainEntityOfPage":{"@id":"https:\/\/www.tressis.com\/ca\/blog\/waall-street-puso-sus-ojos-en-la-banca-de-alemania\/"},"wordCount":483,"commentCount":0,"publisher":{"@id":"https:\/\/www.tressis.com\/ca\/#organization"},"image":{"@id":"https:\/\/www.tressis.com\/ca\/blog\/waall-street-puso-sus-ojos-en-la-banca-de-alemania\/#primaryimage"},"thumbnailUrl":"https:\/\/www.tressis.com\/wp-content\/uploads\/2016\/09\/20160930_mmv.jpg","keywords":["banca de Alemania","china","Commerzbank","consumidores alemanes","demanda interna","desconfianza al sector","Deutsche Bank","Gfk","IPC Japon\u00e9s","Janet Yellen","minicrisis","PIB","plena tormenta bancaria","PMI Caixin","Wall Street"],"articleSection":["Morning meeting"],"inLanguage":"ca","potentialAction":[{"@type":"CommentAction","name":"Comment","target":["https:\/\/www.tressis.com\/ca\/blog\/waall-street-puso-sus-ojos-en-la-banca-de-alemania\/#respond"]}]},{"@type":"WebPage","@id":"https:\/\/www.tressis.com\/ca\/blog\/waall-street-puso-sus-ojos-en-la-banca-de-alemania\/","url":"https:\/\/www.tressis.com\/ca\/blog\/waall-street-puso-sus-ojos-en-la-banca-de-alemania\/","name":"Wall Street puso sus ojos en la banca de Alemania","isPartOf":{"@id":"https:\/\/www.tressis.com\/ca\/#website"},"primaryImageOfPage":{"@id":"https:\/\/www.tressis.com\/ca\/blog\/waall-street-puso-sus-ojos-en-la-banca-de-alemania\/#primaryimage"},"image":{"@id":"https:\/\/www.tressis.com\/ca\/blog\/waall-street-puso-sus-ojos-en-la-banca-de-alemania\/#primaryimage"},"thumbnailUrl":"https:\/\/www.tressis.com\/wp-content\/uploads\/2016\/09\/20160930_mmv.jpg","datePublished":"2016-09-30T09:06:51+00:00","description":"El revuelo que est\u00e1 provocando la solvencia de Deutsche Bank provoca los movimientos en masa de los inversores, reacios a todo lo que huela a miedo","breadcrumb":{"@id":"https:\/\/www.tressis.com\/ca\/blog\/waall-street-puso-sus-ojos-en-la-banca-de-alemania\/#breadcrumb"},"inLanguage":"ca","potentialAction":[{"@type":"ReadAction","target":["https:\/\/www.tressis.com\/ca\/blog\/waall-street-puso-sus-ojos-en-la-banca-de-alemania\/"]}]},{"@type":"ImageObject","inLanguage":"ca","@id":"https:\/\/www.tressis.com\/ca\/blog\/waall-street-puso-sus-ojos-en-la-banca-de-alemania\/#primaryimage","url":"https:\/\/www.tressis.com\/wp-content\/uploads\/2016\/09\/20160930_mmv.jpg","contentUrl":"https:\/\/www.tressis.com\/wp-content\/uploads\/2016\/09\/20160930_mmv.jpg","width":1100,"height":487,"caption":"Wall Street puso sus ojos en la gran banca de Alemania"},{"@type":"BreadcrumbList","@id":"https:\/\/www.tressis.com\/ca\/blog\/waall-street-puso-sus-ojos-en-la-banca-de-alemania\/#breadcrumb","itemListElement":[{"@type":"ListItem","position":1,"name":"Inicio","item":"https:\/\/www.tressis.com\/ca\/"},{"@type":"ListItem","position":2,"name":"Wall Street puso sus ojos en la banca de Alemania"}]},{"@type":"WebSite","@id":"https:\/\/www.tressis.com\/ca\/#website","url":"https:\/\/www.tressis.com\/ca\/","name":"Tressis banca privada","description":"Tressis | Planificaci\u00f3n financiera y gesti\u00f3n de patrimonios","publisher":{"@id":"https:\/\/www.tressis.com\/ca\/#organization"},"potentialAction":[{"@type":"SearchAction","target":{"@type":"EntryPoint","urlTemplate":"https:\/\/www.tressis.com\/ca\/?s={search_term_string}"},"query-input":{"@type":"PropertyValueSpecification","valueRequired":true,"valueName":"search_term_string"}}],"inLanguage":"ca"},{"@type":"Organization","@id":"https:\/\/www.tressis.com\/ca\/#organization","name":"Tressis","url":"https:\/\/www.tressis.com\/ca\/","logo":{"@type":"ImageObject","inLanguage":"ca","@id":"https:\/\/www.tressis.com\/ca\/#\/schema\/logo\/image\/","url":"https:\/\/www.tressis.com\/wp-content\/uploads\/2025\/06\/logo-tressis-112.png","contentUrl":"https:\/\/www.tressis.com\/wp-content\/uploads\/2025\/06\/logo-tressis-112.png","width":112,"height":112,"caption":"Tressis"},"image":{"@id":"https:\/\/www.tressis.com\/ca\/#\/schema\/logo\/image\/"},"sameAs":["https:\/\/www.facebook.com\/Tressis\/","https:\/\/x.com\/TressisSV","https:\/\/www.instagram.com\/tressissv\/?hl=es","https:\/\/linkedin.com\/company\/tressis\/","https:\/\/www.youtube.com\/user\/tressissv","https:\/\/open.spotify.com\/show\/3jmTe1Nf0wqMILl7diWV6h?si=d7112519f13c4593&nd=1"]},{"@type":"Person","@id":"https:\/\/www.tressis.com\/ca\/#\/schema\/person\/b833c1d724d8764920b6d6852c70584e","name":"Lola","image":{"@type":"ImageObject","inLanguage":"ca","@id":"https:\/\/secure.gravatar.com\/avatar\/05e646486b23ff45df9649110609c7e31b8c4a3e2821caa23d6317f405e0c51d?s=96&d=mm&r=g","url":"https:\/\/secure.gravatar.com\/avatar\/05e646486b23ff45df9649110609c7e31b8c4a3e2821caa23d6317f405e0c51d?s=96&d=mm&r=g","contentUrl":"https:\/\/secure.gravatar.com\/avatar\/05e646486b23ff45df9649110609c7e31b8c4a3e2821caa23d6317f405e0c51d?s=96&d=mm&r=g","caption":"Lola"}}]}},"_links":{"self":[{"href":"https:\/\/www.tressis.com\/ca\/wp-json\/wp\/v2\/posts\/23815","targetHints":{"allow":["GET"]}}],"collection":[{"href":"https:\/\/www.tressis.com\/ca\/wp-json\/wp\/v2\/posts"}],"about":[{"href":"https:\/\/www.tressis.com\/ca\/wp-json\/wp\/v2\/types\/post"}],"author":[{"embeddable":true,"href":"https:\/\/www.tressis.com\/ca\/wp-json\/wp\/v2\/users\/4"}],"replies":[{"embeddable":true,"href":"https:\/\/www.tressis.com\/ca\/wp-json\/wp\/v2\/comments?post=23815"}],"version-history":[{"count":0,"href":"https:\/\/www.tressis.com\/ca\/wp-json\/wp\/v2\/posts\/23815\/revisions"}],"wp:featuredmedia":[{"embeddable":true,"href":"https:\/\/www.tressis.com\/ca\/wp-json\/wp\/v2\/media\/23816"}],"wp:attachment":[{"href":"https:\/\/www.tressis.com\/ca\/wp-json\/wp\/v2\/media?parent=23815"}],"wp:term":[{"taxonomy":"category","embeddable":true,"href":"https:\/\/www.tressis.com\/ca\/wp-json\/wp\/v2\/categories?post=23815"},{"taxonomy":"post_tag","embeddable":true,"href":"https:\/\/www.tressis.com\/ca\/wp-json\/wp\/v2\/tags?post=23815"}],"curies":[{"name":"wp","href":"https:\/\/api.w.org\/{rel}","templated":true}]}}