{"id":23741,"date":"2016-09-21T11:02:53","date_gmt":"2016-09-21T09:02:53","guid":{"rendered":"http:\/\/www.tressis.com\/blog\/?p=23741"},"modified":"2016-09-21T11:02:53","modified_gmt":"2016-09-21T09:02:53","slug":"dia-los-bancos-centrales","status":"publish","type":"post","link":"https:\/\/www.tressis.com\/ca\/blog\/dia-los-bancos-centrales\/","title":{"rendered":"El d\u00eda de los bancos centrales"},"content":{"rendered":"<p>Buenos d\u00edas.<\/p>\n<p>Podemos titular la jornada de hoy como &#8220;el d\u00eda de los bancos centrales&#8221;.<!--more--><\/p>\n<p>Las conclusiones de la primera de las grandes citas las conocimos esta madrugada. El Banco de Jap\u00f3n, en un nuevo alarde de desesperaci\u00f3n monetaria, decid\u00eda mantener los tipos de inter\u00e9s sin variaciones (-0,1 %), pero pon\u00eda de manifiesto su compromiso por aumentar la pendiente de su curva de tipos, noticia bien recibida por el sector bancario y asegurador. Adem\u00e1s, se eliminaba el objetivo de compra anual de 80 billones de yenes, pero mantiene el volumen de compras en funci\u00f3n de las condiciones de mercado \u2014es un secreto a voces el importante porcentaje que el Banco de Jap\u00f3n tiene en la bolsa nipona\u2014.<\/p>\n<p>Pero el gran evento del mes viene esta tarde con la comparecencia de la Reserva Federal, reuni\u00f3n de la que no se espera nada, poniendo de relieve, m\u00e1s que nunca, aquello de que no hacer nada tambi\u00e9n es una decisi\u00f3n. Las expectativas de subidas de tipos por parte de la comunidad inversora est\u00e1n muy fr\u00edas y la vista est\u00e1 puesta en la reuni\u00f3n de diciembre, en la que la probabilidad asignada a un incremento de los mismos est\u00e1 en el 60 %.<\/p>\n<p>M\u00e1s all\u00e1 de bancos centrales, el precio del petr\u00f3leo rebotaba ligeramente ante los continuos rumores sobre posibles acuerdos entre pa\u00edses productores que ponen en mejor perspectiva la oferta-demanda de la materia prima.<\/p>\n<p>Buen d\u00eda. <\/p>\n<p><strong>Pablo Nortes Planas<\/strong><br \/>\nDirecci\u00f3n de Inversiones<\/p>\n","protected":false},"excerpt":{"rendered":"<p>Buenos d\u00edas. Podemos titular la jornada de hoy como &#8220;el d\u00eda de los bancos centrales&#8221;.<\/p>\n","protected":false},"author":4,"featured_media":23742,"comment_status":"open","ping_status":"closed","sticky":false,"template":"","format":"standard","meta":{"_acf_changed":false,"footnotes":""},"categories":[9721],"tags":[490,508,653,3946,3998,4589,4845,5761,6399],"class_list":["post-23741","post","type-post","status-publish","format-standard","has-post-thumbnail","hentry","category-morning-meeting","tag-banco-de-japon","tag-bancos-centrales","tag-bolsa-nipona","tag-mantener-tipos","tag-materia-prima","tag-oferta-demanda","tag-petroleo","tag-reserva-federal","tag-subidas-tipos"],"acf":[],"yoast_head":"<!-- This site is optimized with the Yoast SEO plugin v27.4 - https:\/\/yoast.com\/product\/yoast-seo-wordpress\/ -->\n<title>El d\u00eda de los bancos centrales<\/title>\n<meta name=\"description\" content=\"El Banco de Jap\u00f3n, en un nuevo alarde de desesperaci\u00f3n monetaria, decid\u00eda mantener los tipos de inter\u00e9s sin variaciones (-0,1 %)\" \/>\n<meta name=\"robots\" content=\"index, follow, max-snippet:-1, max-image-preview:large, max-video-preview:-1\" \/>\n<link rel=\"canonical\" href=\"https:\/\/www.tressis.com\/ca\/blog\/dia-los-bancos-centrales\/\" \/>\n<meta property=\"og:locale\" content=\"ca_ES\" \/>\n<meta property=\"og:type\" content=\"article\" \/>\n<meta property=\"og:title\" content=\"El d\u00eda de los bancos centrales\" \/>\n<meta property=\"og:description\" content=\"El Banco de Jap\u00f3n, en un nuevo alarde de desesperaci\u00f3n monetaria, decid\u00eda mantener los tipos de inter\u00e9s sin variaciones (-0,1 %)\" \/>\n<meta property=\"og:url\" content=\"https:\/\/www.tressis.com\/ca\/blog\/dia-los-bancos-centrales\/\" \/>\n<meta property=\"og:site_name\" content=\"Tressis\" \/>\n<meta property=\"article:publisher\" content=\"https:\/\/www.facebook.com\/Tressis\/\" \/>\n<meta property=\"article:published_time\" content=\"2016-09-21T09:02:53+00:00\" \/>\n<meta property=\"og:image\" content=\"https:\/\/www.tressis.com\/wp-content\/uploads\/2016\/09\/20160921_mmv.jpg\" \/>\n\t<meta property=\"og:image:width\" content=\"1100\" \/>\n\t<meta property=\"og:image:height\" content=\"487\" \/>\n\t<meta property=\"og:image:type\" content=\"image\/jpeg\" \/>\n<meta name=\"author\" content=\"Lola\" \/>\n<meta name=\"twitter:card\" content=\"summary_large_image\" \/>\n<meta name=\"twitter:creator\" content=\"@TressisSV\" \/>\n<meta name=\"twitter:site\" content=\"@TressisSV\" \/>\n<meta name=\"twitter:label1\" content=\"Escrit per\" \/>\n\t<meta name=\"twitter:data1\" content=\"Lola\" \/>\n\t<meta name=\"twitter:label2\" content=\"Temps estimat de lectura\" \/>\n\t<meta name=\"twitter:data2\" content=\"1 minut\" \/>\n<script type=\"application\/ld+json\" class=\"yoast-schema-graph\">{\"@context\":\"https:\\\/\\\/schema.org\",\"@graph\":[{\"@type\":\"Article\",\"@id\":\"https:\\\/\\\/www.tressis.com\\\/ca\\\/blog\\\/dia-los-bancos-centrales\\\/#article\",\"isPartOf\":{\"@id\":\"https:\\\/\\\/www.tressis.com\\\/ca\\\/blog\\\/dia-los-bancos-centrales\\\/\"},\"author\":{\"name\":\"Lola\",\"@id\":\"https:\\\/\\\/www.tressis.com\\\/ca\\\/#\\\/schema\\\/person\\\/b833c1d724d8764920b6d6852c70584e\"},\"headline\":\"El d\u00eda de los bancos centrales\",\"datePublished\":\"2016-09-21T09:02:53+00:00\",\"mainEntityOfPage\":{\"@id\":\"https:\\\/\\\/www.tressis.com\\\/ca\\\/blog\\\/dia-los-bancos-centrales\\\/\"},\"wordCount\":264,\"commentCount\":0,\"publisher\":{\"@id\":\"https:\\\/\\\/www.tressis.com\\\/ca\\\/#organization\"},\"image\":{\"@id\":\"https:\\\/\\\/www.tressis.com\\\/ca\\\/blog\\\/dia-los-bancos-centrales\\\/#primaryimage\"},\"thumbnailUrl\":\"https:\\\/\\\/www.tressis.com\\\/wp-content\\\/uploads\\\/2016\\\/09\\\/20160921_mmv.jpg\",\"keywords\":[\"Banco de Jap\u00f3n\",\"bancos centrales\",\"bolsa nipona\",\"mantener tipos\",\"materia prima\",\"oferta-demanda\",\"petr\u00f3leo\",\"Reserva Federal\",\"subidas tipos\"],\"articleSection\":[\"Morning meeting\"],\"inLanguage\":\"ca\",\"potentialAction\":[{\"@type\":\"CommentAction\",\"name\":\"Comment\",\"target\":[\"https:\\\/\\\/www.tressis.com\\\/ca\\\/blog\\\/dia-los-bancos-centrales\\\/#respond\"]}]},{\"@type\":\"WebPage\",\"@id\":\"https:\\\/\\\/www.tressis.com\\\/ca\\\/blog\\\/dia-los-bancos-centrales\\\/\",\"url\":\"https:\\\/\\\/www.tressis.com\\\/ca\\\/blog\\\/dia-los-bancos-centrales\\\/\",\"name\":\"El d\u00eda de los bancos centrales\",\"isPartOf\":{\"@id\":\"https:\\\/\\\/www.tressis.com\\\/ca\\\/#website\"},\"primaryImageOfPage\":{\"@id\":\"https:\\\/\\\/www.tressis.com\\\/ca\\\/blog\\\/dia-los-bancos-centrales\\\/#primaryimage\"},\"image\":{\"@id\":\"https:\\\/\\\/www.tressis.com\\\/ca\\\/blog\\\/dia-los-bancos-centrales\\\/#primaryimage\"},\"thumbnailUrl\":\"https:\\\/\\\/www.tressis.com\\\/wp-content\\\/uploads\\\/2016\\\/09\\\/20160921_mmv.jpg\",\"datePublished\":\"2016-09-21T09:02:53+00:00\",\"description\":\"El Banco de Jap\u00f3n, en un nuevo alarde de desesperaci\u00f3n monetaria, decid\u00eda mantener los tipos de inter\u00e9s sin variaciones (-0,1 %)\",\"breadcrumb\":{\"@id\":\"https:\\\/\\\/www.tressis.com\\\/ca\\\/blog\\\/dia-los-bancos-centrales\\\/#breadcrumb\"},\"inLanguage\":\"ca\",\"potentialAction\":[{\"@type\":\"ReadAction\",\"target\":[\"https:\\\/\\\/www.tressis.com\\\/ca\\\/blog\\\/dia-los-bancos-centrales\\\/\"]}]},{\"@type\":\"ImageObject\",\"inLanguage\":\"ca\",\"@id\":\"https:\\\/\\\/www.tressis.com\\\/ca\\\/blog\\\/dia-los-bancos-centrales\\\/#primaryimage\",\"url\":\"https:\\\/\\\/www.tressis.com\\\/wp-content\\\/uploads\\\/2016\\\/09\\\/20160921_mmv.jpg\",\"contentUrl\":\"https:\\\/\\\/www.tressis.com\\\/wp-content\\\/uploads\\\/2016\\\/09\\\/20160921_mmv.jpg\",\"width\":1100,\"height\":487,\"caption\":\"El d\u00eda de los bancos centrales\"},{\"@type\":\"BreadcrumbList\",\"@id\":\"https:\\\/\\\/www.tressis.com\\\/ca\\\/blog\\\/dia-los-bancos-centrales\\\/#breadcrumb\",\"itemListElement\":[{\"@type\":\"ListItem\",\"position\":1,\"name\":\"Inicio\",\"item\":\"https:\\\/\\\/www.tressis.com\\\/ca\\\/\"},{\"@type\":\"ListItem\",\"position\":2,\"name\":\"El d\u00eda de los bancos centrales\"}]},{\"@type\":\"WebSite\",\"@id\":\"https:\\\/\\\/www.tressis.com\\\/ca\\\/#website\",\"url\":\"https:\\\/\\\/www.tressis.com\\\/ca\\\/\",\"name\":\"Tressis banca privada\",\"description\":\"Tressis | Planificaci\u00f3n financiera y gesti\u00f3n de patrimonios\",\"publisher\":{\"@id\":\"https:\\\/\\\/www.tressis.com\\\/ca\\\/#organization\"},\"potentialAction\":[{\"@type\":\"SearchAction\",\"target\":{\"@type\":\"EntryPoint\",\"urlTemplate\":\"https:\\\/\\\/www.tressis.com\\\/ca\\\/?s={search_term_string}\"},\"query-input\":{\"@type\":\"PropertyValueSpecification\",\"valueRequired\":true,\"valueName\":\"search_term_string\"}}],\"inLanguage\":\"ca\"},{\"@type\":\"Organization\",\"@id\":\"https:\\\/\\\/www.tressis.com\\\/ca\\\/#organization\",\"name\":\"Tressis\",\"url\":\"https:\\\/\\\/www.tressis.com\\\/ca\\\/\",\"logo\":{\"@type\":\"ImageObject\",\"inLanguage\":\"ca\",\"@id\":\"https:\\\/\\\/www.tressis.com\\\/ca\\\/#\\\/schema\\\/logo\\\/image\\\/\",\"url\":\"https:\\\/\\\/www.tressis.com\\\/wp-content\\\/uploads\\\/2025\\\/06\\\/logo-tressis-112.png\",\"contentUrl\":\"https:\\\/\\\/www.tressis.com\\\/wp-content\\\/uploads\\\/2025\\\/06\\\/logo-tressis-112.png\",\"width\":112,\"height\":112,\"caption\":\"Tressis\"},\"image\":{\"@id\":\"https:\\\/\\\/www.tressis.com\\\/ca\\\/#\\\/schema\\\/logo\\\/image\\\/\"},\"sameAs\":[\"https:\\\/\\\/www.facebook.com\\\/Tressis\\\/\",\"https:\\\/\\\/x.com\\\/TressisSV\",\"https:\\\/\\\/www.instagram.com\\\/tressissv\\\/?hl=es\",\"https:\\\/\\\/linkedin.com\\\/company\\\/tressis\\\/\",\"https:\\\/\\\/www.youtube.com\\\/user\\\/tressissv\",\"https:\\\/\\\/open.spotify.com\\\/show\\\/3jmTe1Nf0wqMILl7diWV6h?si=d7112519f13c4593&nd=1\"]},{\"@type\":\"Person\",\"@id\":\"https:\\\/\\\/www.tressis.com\\\/ca\\\/#\\\/schema\\\/person\\\/b833c1d724d8764920b6d6852c70584e\",\"name\":\"Lola\",\"image\":{\"@type\":\"ImageObject\",\"inLanguage\":\"ca\",\"@id\":\"https:\\\/\\\/secure.gravatar.com\\\/avatar\\\/05e646486b23ff45df9649110609c7e31b8c4a3e2821caa23d6317f405e0c51d?s=96&d=mm&r=g\",\"url\":\"https:\\\/\\\/secure.gravatar.com\\\/avatar\\\/05e646486b23ff45df9649110609c7e31b8c4a3e2821caa23d6317f405e0c51d?s=96&d=mm&r=g\",\"contentUrl\":\"https:\\\/\\\/secure.gravatar.com\\\/avatar\\\/05e646486b23ff45df9649110609c7e31b8c4a3e2821caa23d6317f405e0c51d?s=96&d=mm&r=g\",\"caption\":\"Lola\"}}]}<\/script>\n<!-- \/ Yoast SEO plugin. -->","yoast_head_json":{"title":"El d\u00eda de los bancos centrales","description":"El Banco de Jap\u00f3n, en un nuevo alarde de desesperaci\u00f3n monetaria, decid\u00eda mantener los tipos de inter\u00e9s sin variaciones (-0,1 %)","robots":{"index":"index","follow":"follow","max-snippet":"max-snippet:-1","max-image-preview":"max-image-preview:large","max-video-preview":"max-video-preview:-1"},"canonical":"https:\/\/www.tressis.com\/ca\/blog\/dia-los-bancos-centrales\/","og_locale":"ca_ES","og_type":"article","og_title":"El d\u00eda de los bancos centrales","og_description":"El Banco de Jap\u00f3n, en un nuevo alarde de desesperaci\u00f3n monetaria, decid\u00eda mantener los tipos de inter\u00e9s sin variaciones (-0,1 %)","og_url":"https:\/\/www.tressis.com\/ca\/blog\/dia-los-bancos-centrales\/","og_site_name":"Tressis","article_publisher":"https:\/\/www.facebook.com\/Tressis\/","article_published_time":"2016-09-21T09:02:53+00:00","og_image":[{"width":1100,"height":487,"url":"https:\/\/www.tressis.com\/wp-content\/uploads\/2016\/09\/20160921_mmv.jpg","type":"image\/jpeg"}],"author":"Lola","twitter_card":"summary_large_image","twitter_creator":"@TressisSV","twitter_site":"@TressisSV","twitter_misc":{"Escrit per":"Lola","Temps estimat de lectura":"1 minut"},"schema":{"@context":"https:\/\/schema.org","@graph":[{"@type":"Article","@id":"https:\/\/www.tressis.com\/ca\/blog\/dia-los-bancos-centrales\/#article","isPartOf":{"@id":"https:\/\/www.tressis.com\/ca\/blog\/dia-los-bancos-centrales\/"},"author":{"name":"Lola","@id":"https:\/\/www.tressis.com\/ca\/#\/schema\/person\/b833c1d724d8764920b6d6852c70584e"},"headline":"El d\u00eda de los bancos centrales","datePublished":"2016-09-21T09:02:53+00:00","mainEntityOfPage":{"@id":"https:\/\/www.tressis.com\/ca\/blog\/dia-los-bancos-centrales\/"},"wordCount":264,"commentCount":0,"publisher":{"@id":"https:\/\/www.tressis.com\/ca\/#organization"},"image":{"@id":"https:\/\/www.tressis.com\/ca\/blog\/dia-los-bancos-centrales\/#primaryimage"},"thumbnailUrl":"https:\/\/www.tressis.com\/wp-content\/uploads\/2016\/09\/20160921_mmv.jpg","keywords":["Banco de Jap\u00f3n","bancos centrales","bolsa nipona","mantener tipos","materia prima","oferta-demanda","petr\u00f3leo","Reserva Federal","subidas tipos"],"articleSection":["Morning meeting"],"inLanguage":"ca","potentialAction":[{"@type":"CommentAction","name":"Comment","target":["https:\/\/www.tressis.com\/ca\/blog\/dia-los-bancos-centrales\/#respond"]}]},{"@type":"WebPage","@id":"https:\/\/www.tressis.com\/ca\/blog\/dia-los-bancos-centrales\/","url":"https:\/\/www.tressis.com\/ca\/blog\/dia-los-bancos-centrales\/","name":"El d\u00eda de los bancos centrales","isPartOf":{"@id":"https:\/\/www.tressis.com\/ca\/#website"},"primaryImageOfPage":{"@id":"https:\/\/www.tressis.com\/ca\/blog\/dia-los-bancos-centrales\/#primaryimage"},"image":{"@id":"https:\/\/www.tressis.com\/ca\/blog\/dia-los-bancos-centrales\/#primaryimage"},"thumbnailUrl":"https:\/\/www.tressis.com\/wp-content\/uploads\/2016\/09\/20160921_mmv.jpg","datePublished":"2016-09-21T09:02:53+00:00","description":"El Banco de Jap\u00f3n, en un nuevo alarde de desesperaci\u00f3n monetaria, decid\u00eda mantener los tipos de inter\u00e9s sin variaciones (-0,1 %)","breadcrumb":{"@id":"https:\/\/www.tressis.com\/ca\/blog\/dia-los-bancos-centrales\/#breadcrumb"},"inLanguage":"ca","potentialAction":[{"@type":"ReadAction","target":["https:\/\/www.tressis.com\/ca\/blog\/dia-los-bancos-centrales\/"]}]},{"@type":"ImageObject","inLanguage":"ca","@id":"https:\/\/www.tressis.com\/ca\/blog\/dia-los-bancos-centrales\/#primaryimage","url":"https:\/\/www.tressis.com\/wp-content\/uploads\/2016\/09\/20160921_mmv.jpg","contentUrl":"https:\/\/www.tressis.com\/wp-content\/uploads\/2016\/09\/20160921_mmv.jpg","width":1100,"height":487,"caption":"El d\u00eda de los bancos centrales"},{"@type":"BreadcrumbList","@id":"https:\/\/www.tressis.com\/ca\/blog\/dia-los-bancos-centrales\/#breadcrumb","itemListElement":[{"@type":"ListItem","position":1,"name":"Inicio","item":"https:\/\/www.tressis.com\/ca\/"},{"@type":"ListItem","position":2,"name":"El d\u00eda de los bancos centrales"}]},{"@type":"WebSite","@id":"https:\/\/www.tressis.com\/ca\/#website","url":"https:\/\/www.tressis.com\/ca\/","name":"Tressis banca privada","description":"Tressis | Planificaci\u00f3n financiera y gesti\u00f3n de patrimonios","publisher":{"@id":"https:\/\/www.tressis.com\/ca\/#organization"},"potentialAction":[{"@type":"SearchAction","target":{"@type":"EntryPoint","urlTemplate":"https:\/\/www.tressis.com\/ca\/?s={search_term_string}"},"query-input":{"@type":"PropertyValueSpecification","valueRequired":true,"valueName":"search_term_string"}}],"inLanguage":"ca"},{"@type":"Organization","@id":"https:\/\/www.tressis.com\/ca\/#organization","name":"Tressis","url":"https:\/\/www.tressis.com\/ca\/","logo":{"@type":"ImageObject","inLanguage":"ca","@id":"https:\/\/www.tressis.com\/ca\/#\/schema\/logo\/image\/","url":"https:\/\/www.tressis.com\/wp-content\/uploads\/2025\/06\/logo-tressis-112.png","contentUrl":"https:\/\/www.tressis.com\/wp-content\/uploads\/2025\/06\/logo-tressis-112.png","width":112,"height":112,"caption":"Tressis"},"image":{"@id":"https:\/\/www.tressis.com\/ca\/#\/schema\/logo\/image\/"},"sameAs":["https:\/\/www.facebook.com\/Tressis\/","https:\/\/x.com\/TressisSV","https:\/\/www.instagram.com\/tressissv\/?hl=es","https:\/\/linkedin.com\/company\/tressis\/","https:\/\/www.youtube.com\/user\/tressissv","https:\/\/open.spotify.com\/show\/3jmTe1Nf0wqMILl7diWV6h?si=d7112519f13c4593&nd=1"]},{"@type":"Person","@id":"https:\/\/www.tressis.com\/ca\/#\/schema\/person\/b833c1d724d8764920b6d6852c70584e","name":"Lola","image":{"@type":"ImageObject","inLanguage":"ca","@id":"https:\/\/secure.gravatar.com\/avatar\/05e646486b23ff45df9649110609c7e31b8c4a3e2821caa23d6317f405e0c51d?s=96&d=mm&r=g","url":"https:\/\/secure.gravatar.com\/avatar\/05e646486b23ff45df9649110609c7e31b8c4a3e2821caa23d6317f405e0c51d?s=96&d=mm&r=g","contentUrl":"https:\/\/secure.gravatar.com\/avatar\/05e646486b23ff45df9649110609c7e31b8c4a3e2821caa23d6317f405e0c51d?s=96&d=mm&r=g","caption":"Lola"}}]}},"_links":{"self":[{"href":"https:\/\/www.tressis.com\/ca\/wp-json\/wp\/v2\/posts\/23741","targetHints":{"allow":["GET"]}}],"collection":[{"href":"https:\/\/www.tressis.com\/ca\/wp-json\/wp\/v2\/posts"}],"about":[{"href":"https:\/\/www.tressis.com\/ca\/wp-json\/wp\/v2\/types\/post"}],"author":[{"embeddable":true,"href":"https:\/\/www.tressis.com\/ca\/wp-json\/wp\/v2\/users\/4"}],"replies":[{"embeddable":true,"href":"https:\/\/www.tressis.com\/ca\/wp-json\/wp\/v2\/comments?post=23741"}],"version-history":[{"count":0,"href":"https:\/\/www.tressis.com\/ca\/wp-json\/wp\/v2\/posts\/23741\/revisions"}],"wp:featuredmedia":[{"embeddable":true,"href":"https:\/\/www.tressis.com\/ca\/wp-json\/wp\/v2\/media\/23742"}],"wp:attachment":[{"href":"https:\/\/www.tressis.com\/ca\/wp-json\/wp\/v2\/media?parent=23741"}],"wp:term":[{"taxonomy":"category","embeddable":true,"href":"https:\/\/www.tressis.com\/ca\/wp-json\/wp\/v2\/categories?post=23741"},{"taxonomy":"post_tag","embeddable":true,"href":"https:\/\/www.tressis.com\/ca\/wp-json\/wp\/v2\/tags?post=23741"}],"curies":[{"name":"wp","href":"https:\/\/api.w.org\/{rel}","templated":true}]}}