{"id":23544,"date":"2016-08-30T11:07:07","date_gmt":"2016-08-30T09:07:07","guid":{"rendered":"http:\/\/www.tressis.com\/blog\/?p=23544"},"modified":"2016-08-30T11:07:07","modified_gmt":"2016-08-30T09:07:07","slug":"la-era-del-todo-vale-esta-empezando-tocar-fin","status":"publish","type":"post","link":"https:\/\/www.tressis.com\/ca\/blog\/la-era-del-todo-vale-esta-empezando-tocar-fin\/","title":{"rendered":"La era del todo vale est\u00e1 empezando a tocar a su fin"},"content":{"rendered":"<p>Buenos d\u00edas.<\/p>\n<p>\u00bfTeme el mercado una subida de tipos en EEUU? Muy probablemente, por cuanto eso significa que la era del todo vale est\u00e1 empezando a tocar a su fin, al menos en alg\u00fan bloque. El inicio de la normalizaci\u00f3n de las pol\u00edticas monetarias deber\u00eda ser recibido con v\u00edtores y aplausos en la medida en que significa que lo peor ha pasado. <!--more-->Pero cuando acostumbras, e incluso fuerzas, a los inversores a invertir en activos de riesgo, se hace dif\u00edcil arrancarles el caramelo de las manos.<\/p>\n<p>Cada indicador macroecon\u00f3mico norteamericano se mide al detalle con el objetivo \u00faltimo de averiguar qu\u00e9 puede hacer la Reserva Federal. El PCE, la medida estrella de inflaci\u00f3n para este banco central, no termina de acercarse lo suficiente a la meta deseada, lo que el mercado interpreta como mayor margen de cara a la esperada subida de tipos. Claro que los mensajes de los miembros del FOMC de la Fed nos han venido alertando de que no se puede descartar nada y que no conviene alejarse demasiado de la realidad de la pol\u00edtica monetaria. No fue el \u00fanico dato publicado, pues el regional manufacturero de Dallas supuso una decepci\u00f3n, mientras que ingresos y gastos personales s\u00ed cumplieron con las expectativas, bueno de cara al motor econ\u00f3mico que representa el consumo.<\/p>\n<p>Sabidas son las dificultades que atraviesa la actividad econ\u00f3mica de Jap\u00f3n&#8230; desde hace m\u00e1s de veinte a\u00f1os. Hoy, en 2016, la industria no levanta cabeza, el consumo no consigue crecer y la confianza s\u00f3lo se sostiene en base al car\u00e1cter casi mesi\u00e1nico de los todav\u00eda inertes Abenomics. Sin embargo, el mercado laboral, caracter\u00edstica y distintivamente japon\u00e9s, registra la menor tasa de paro en dos d\u00e9cadas en niveles del 3%. Bendita crisis, dir\u00e1n muchos.<\/p>\n<p>Se va acabando el verano (tal y como lo concebimos aqu\u00ed) y con \u00e9l parece que nos tendremos que ir despidiendo de algunas realidades. Para empezar, el tratado de libre comercio EEUU-Europa (TTIP), cuya luz se va apagando con cada nuevo oponente con el que se va enfrentando, sea cual sea la orilla de origen, a derecha e izquierda y desde arriba o desde abajo. No est\u00e1 solo en su final, pues la carrera pol\u00edtica de Dilma Rousseff tambi\u00e9n tiene visos de poner punto final tan pronto como ya si se cumplen las previsiones. Y qu\u00e9 decir de la duod\u00e9cima legislatura espa\u00f1ola, que si no cambia, nos aboca a nada menos que conseguir el r\u00e9cord de votar tres veces en menos de un a\u00f1o.<\/p>\n<p>Buen d\u00eda<\/p>\n<p>&nbsp;<\/p>\n<p><strong>Am\u00edlcar Barrios Vilallonga<\/strong><br \/>\nDirecci\u00f3n de Inversiones<\/p>\n","protected":false},"excerpt":{"rendered":"<p>Buenos d\u00edas. \u00bfTeme el mercado una subida de tipos en EEUU? Muy probablemente, por cuanto eso significa que la era del todo vale est\u00e1 empezando a tocar a su fin, al menos en alg\u00fan bloque. El inicio de la normalizaci\u00f3n de las pol\u00edticas monetarias deber\u00eda ser recibido con v\u00edtores y aplausos en la medida en [&hellip;]<\/p>\n","protected":false},"author":4,"featured_media":23545,"comment_status":"open","ping_status":"closed","sticky":false,"template":"","format":"standard","meta":{"_acf_changed":false,"footnotes":""},"categories":[9721],"tags":[2038,2206,2556,2720,2792,3714,4749,5761,6742],"class_list":["post-23544","post","type-post","status-publish","format-standard","has-post-thumbnail","hentry","category-morning-meeting","tag-dilma-rousseff","tag-eeuu","tag-europa","tag-fed","tag-fomc","tag-japon","tag-pce","tag-reserva-federal","tag-ttip"],"acf":[],"yoast_head":"<!-- This site is optimized with the Yoast SEO plugin v27.4 - https:\/\/yoast.com\/product\/yoast-seo-wordpress\/ -->\n<title>La era del todo vale est\u00e1 empezando a tocar a su fin<\/title>\n<meta name=\"robots\" content=\"index, follow, max-snippet:-1, max-image-preview:large, max-video-preview:-1\" \/>\n<link rel=\"canonical\" href=\"https:\/\/www.tressis.com\/ca\/blog\/la-era-del-todo-vale-esta-empezando-tocar-fin\/\" \/>\n<meta property=\"og:locale\" content=\"ca_ES\" \/>\n<meta property=\"og:type\" content=\"article\" \/>\n<meta property=\"og:title\" content=\"La era del todo vale est\u00e1 empezando a tocar a su fin\" \/>\n<meta property=\"og:description\" content=\"Buenos d\u00edas. \u00bfTeme el mercado una subida de tipos en EEUU? Muy probablemente, por cuanto eso significa que la era del todo vale est\u00e1 empezando a tocar a su fin, al menos en alg\u00fan bloque. El inicio de la normalizaci\u00f3n de las pol\u00edticas monetarias deber\u00eda ser recibido con v\u00edtores y aplausos en la medida en [&hellip;]\" \/>\n<meta property=\"og:url\" content=\"https:\/\/www.tressis.com\/ca\/blog\/la-era-del-todo-vale-esta-empezando-tocar-fin\/\" \/>\n<meta property=\"og:site_name\" content=\"Tressis\" \/>\n<meta property=\"article:publisher\" content=\"https:\/\/www.facebook.com\/Tressis\/\" \/>\n<meta property=\"article:published_time\" content=\"2016-08-30T09:07:07+00:00\" \/>\n<meta property=\"og:image\" content=\"https:\/\/www.tressis.com\/wp-content\/uploads\/2016\/08\/2016-03-18-1458317864-4657297-fedrate.jpg\" \/>\n\t<meta property=\"og:image:width\" content=\"1100\" \/>\n\t<meta property=\"og:image:height\" content=\"487\" \/>\n\t<meta property=\"og:image:type\" content=\"image\/jpeg\" \/>\n<meta name=\"author\" content=\"Lola\" \/>\n<meta name=\"twitter:card\" content=\"summary_large_image\" \/>\n<meta name=\"twitter:creator\" content=\"@TressisSV\" \/>\n<meta name=\"twitter:site\" content=\"@TressisSV\" \/>\n<meta name=\"twitter:label1\" content=\"Escrit per\" \/>\n\t<meta name=\"twitter:data1\" content=\"Lola\" \/>\n\t<meta name=\"twitter:label2\" content=\"Temps estimat de lectura\" \/>\n\t<meta name=\"twitter:data2\" content=\"2 minuts\" \/>\n<script type=\"application\/ld+json\" class=\"yoast-schema-graph\">{\"@context\":\"https:\\\/\\\/schema.org\",\"@graph\":[{\"@type\":\"Article\",\"@id\":\"https:\\\/\\\/www.tressis.com\\\/ca\\\/blog\\\/la-era-del-todo-vale-esta-empezando-tocar-fin\\\/#article\",\"isPartOf\":{\"@id\":\"https:\\\/\\\/www.tressis.com\\\/ca\\\/blog\\\/la-era-del-todo-vale-esta-empezando-tocar-fin\\\/\"},\"author\":{\"name\":\"Lola\",\"@id\":\"https:\\\/\\\/www.tressis.com\\\/ca\\\/#\\\/schema\\\/person\\\/b833c1d724d8764920b6d6852c70584e\"},\"headline\":\"La era del todo vale est\u00e1 empezando a tocar a su fin\",\"datePublished\":\"2016-08-30T09:07:07+00:00\",\"mainEntityOfPage\":{\"@id\":\"https:\\\/\\\/www.tressis.com\\\/ca\\\/blog\\\/la-era-del-todo-vale-esta-empezando-tocar-fin\\\/\"},\"wordCount\":464,\"commentCount\":0,\"publisher\":{\"@id\":\"https:\\\/\\\/www.tressis.com\\\/ca\\\/#organization\"},\"image\":{\"@id\":\"https:\\\/\\\/www.tressis.com\\\/ca\\\/blog\\\/la-era-del-todo-vale-esta-empezando-tocar-fin\\\/#primaryimage\"},\"thumbnailUrl\":\"https:\\\/\\\/www.tressis.com\\\/wp-content\\\/uploads\\\/2016\\\/08\\\/2016-03-18-1458317864-4657297-fedrate.jpg\",\"keywords\":[\"Dilma Rousseff\",\"EEUU\",\"Europa\",\"fed\",\"FOMC\",\"Jap\u00f3n\",\"PCE\",\"Reserva Federal\",\"TTIP\"],\"articleSection\":[\"Morning meeting\"],\"inLanguage\":\"ca\",\"potentialAction\":[{\"@type\":\"CommentAction\",\"name\":\"Comment\",\"target\":[\"https:\\\/\\\/www.tressis.com\\\/ca\\\/blog\\\/la-era-del-todo-vale-esta-empezando-tocar-fin\\\/#respond\"]}]},{\"@type\":\"WebPage\",\"@id\":\"https:\\\/\\\/www.tressis.com\\\/ca\\\/blog\\\/la-era-del-todo-vale-esta-empezando-tocar-fin\\\/\",\"url\":\"https:\\\/\\\/www.tressis.com\\\/ca\\\/blog\\\/la-era-del-todo-vale-esta-empezando-tocar-fin\\\/\",\"name\":\"La era del todo vale est\u00e1 empezando a tocar a su fin\",\"isPartOf\":{\"@id\":\"https:\\\/\\\/www.tressis.com\\\/ca\\\/#website\"},\"primaryImageOfPage\":{\"@id\":\"https:\\\/\\\/www.tressis.com\\\/ca\\\/blog\\\/la-era-del-todo-vale-esta-empezando-tocar-fin\\\/#primaryimage\"},\"image\":{\"@id\":\"https:\\\/\\\/www.tressis.com\\\/ca\\\/blog\\\/la-era-del-todo-vale-esta-empezando-tocar-fin\\\/#primaryimage\"},\"thumbnailUrl\":\"https:\\\/\\\/www.tressis.com\\\/wp-content\\\/uploads\\\/2016\\\/08\\\/2016-03-18-1458317864-4657297-fedrate.jpg\",\"datePublished\":\"2016-08-30T09:07:07+00:00\",\"breadcrumb\":{\"@id\":\"https:\\\/\\\/www.tressis.com\\\/ca\\\/blog\\\/la-era-del-todo-vale-esta-empezando-tocar-fin\\\/#breadcrumb\"},\"inLanguage\":\"ca\",\"potentialAction\":[{\"@type\":\"ReadAction\",\"target\":[\"https:\\\/\\\/www.tressis.com\\\/ca\\\/blog\\\/la-era-del-todo-vale-esta-empezando-tocar-fin\\\/\"]}]},{\"@type\":\"ImageObject\",\"inLanguage\":\"ca\",\"@id\":\"https:\\\/\\\/www.tressis.com\\\/ca\\\/blog\\\/la-era-del-todo-vale-esta-empezando-tocar-fin\\\/#primaryimage\",\"url\":\"https:\\\/\\\/www.tressis.com\\\/wp-content\\\/uploads\\\/2016\\\/08\\\/2016-03-18-1458317864-4657297-fedrate.jpg\",\"contentUrl\":\"https:\\\/\\\/www.tressis.com\\\/wp-content\\\/uploads\\\/2016\\\/08\\\/2016-03-18-1458317864-4657297-fedrate.jpg\",\"width\":1100,\"height\":487,\"caption\":\"La era del todo vale est\u00e1 empezando a tocar a su fin\"},{\"@type\":\"BreadcrumbList\",\"@id\":\"https:\\\/\\\/www.tressis.com\\\/ca\\\/blog\\\/la-era-del-todo-vale-esta-empezando-tocar-fin\\\/#breadcrumb\",\"itemListElement\":[{\"@type\":\"ListItem\",\"position\":1,\"name\":\"Inicio\",\"item\":\"https:\\\/\\\/www.tressis.com\\\/ca\\\/\"},{\"@type\":\"ListItem\",\"position\":2,\"name\":\"La era del todo vale est\u00e1 empezando a tocar a su fin\"}]},{\"@type\":\"WebSite\",\"@id\":\"https:\\\/\\\/www.tressis.com\\\/ca\\\/#website\",\"url\":\"https:\\\/\\\/www.tressis.com\\\/ca\\\/\",\"name\":\"Tressis banca privada\",\"description\":\"Tressis | Planificaci\u00f3n financiera y gesti\u00f3n de patrimonios\",\"publisher\":{\"@id\":\"https:\\\/\\\/www.tressis.com\\\/ca\\\/#organization\"},\"potentialAction\":[{\"@type\":\"SearchAction\",\"target\":{\"@type\":\"EntryPoint\",\"urlTemplate\":\"https:\\\/\\\/www.tressis.com\\\/ca\\\/?s={search_term_string}\"},\"query-input\":{\"@type\":\"PropertyValueSpecification\",\"valueRequired\":true,\"valueName\":\"search_term_string\"}}],\"inLanguage\":\"ca\"},{\"@type\":\"Organization\",\"@id\":\"https:\\\/\\\/www.tressis.com\\\/ca\\\/#organization\",\"name\":\"Tressis\",\"url\":\"https:\\\/\\\/www.tressis.com\\\/ca\\\/\",\"logo\":{\"@type\":\"ImageObject\",\"inLanguage\":\"ca\",\"@id\":\"https:\\\/\\\/www.tressis.com\\\/ca\\\/#\\\/schema\\\/logo\\\/image\\\/\",\"url\":\"https:\\\/\\\/www.tressis.com\\\/wp-content\\\/uploads\\\/2025\\\/06\\\/logo-tressis-112.png\",\"contentUrl\":\"https:\\\/\\\/www.tressis.com\\\/wp-content\\\/uploads\\\/2025\\\/06\\\/logo-tressis-112.png\",\"width\":112,\"height\":112,\"caption\":\"Tressis\"},\"image\":{\"@id\":\"https:\\\/\\\/www.tressis.com\\\/ca\\\/#\\\/schema\\\/logo\\\/image\\\/\"},\"sameAs\":[\"https:\\\/\\\/www.facebook.com\\\/Tressis\\\/\",\"https:\\\/\\\/x.com\\\/TressisSV\",\"https:\\\/\\\/www.instagram.com\\\/tressissv\\\/?hl=es\",\"https:\\\/\\\/linkedin.com\\\/company\\\/tressis\\\/\",\"https:\\\/\\\/www.youtube.com\\\/user\\\/tressissv\",\"https:\\\/\\\/open.spotify.com\\\/show\\\/3jmTe1Nf0wqMILl7diWV6h?si=d7112519f13c4593&nd=1\"]},{\"@type\":\"Person\",\"@id\":\"https:\\\/\\\/www.tressis.com\\\/ca\\\/#\\\/schema\\\/person\\\/b833c1d724d8764920b6d6852c70584e\",\"name\":\"Lola\",\"image\":{\"@type\":\"ImageObject\",\"inLanguage\":\"ca\",\"@id\":\"https:\\\/\\\/secure.gravatar.com\\\/avatar\\\/05e646486b23ff45df9649110609c7e31b8c4a3e2821caa23d6317f405e0c51d?s=96&d=mm&r=g\",\"url\":\"https:\\\/\\\/secure.gravatar.com\\\/avatar\\\/05e646486b23ff45df9649110609c7e31b8c4a3e2821caa23d6317f405e0c51d?s=96&d=mm&r=g\",\"contentUrl\":\"https:\\\/\\\/secure.gravatar.com\\\/avatar\\\/05e646486b23ff45df9649110609c7e31b8c4a3e2821caa23d6317f405e0c51d?s=96&d=mm&r=g\",\"caption\":\"Lola\"}}]}<\/script>\n<!-- \/ Yoast SEO plugin. -->","yoast_head_json":{"title":"La era del todo vale est\u00e1 empezando a tocar a su fin","robots":{"index":"index","follow":"follow","max-snippet":"max-snippet:-1","max-image-preview":"max-image-preview:large","max-video-preview":"max-video-preview:-1"},"canonical":"https:\/\/www.tressis.com\/ca\/blog\/la-era-del-todo-vale-esta-empezando-tocar-fin\/","og_locale":"ca_ES","og_type":"article","og_title":"La era del todo vale est\u00e1 empezando a tocar a su fin","og_description":"Buenos d\u00edas. \u00bfTeme el mercado una subida de tipos en EEUU? Muy probablemente, por cuanto eso significa que la era del todo vale est\u00e1 empezando a tocar a su fin, al menos en alg\u00fan bloque. El inicio de la normalizaci\u00f3n de las pol\u00edticas monetarias deber\u00eda ser recibido con v\u00edtores y aplausos en la medida en [&hellip;]","og_url":"https:\/\/www.tressis.com\/ca\/blog\/la-era-del-todo-vale-esta-empezando-tocar-fin\/","og_site_name":"Tressis","article_publisher":"https:\/\/www.facebook.com\/Tressis\/","article_published_time":"2016-08-30T09:07:07+00:00","og_image":[{"width":1100,"height":487,"url":"https:\/\/www.tressis.com\/wp-content\/uploads\/2016\/08\/2016-03-18-1458317864-4657297-fedrate.jpg","type":"image\/jpeg"}],"author":"Lola","twitter_card":"summary_large_image","twitter_creator":"@TressisSV","twitter_site":"@TressisSV","twitter_misc":{"Escrit per":"Lola","Temps estimat de lectura":"2 minuts"},"schema":{"@context":"https:\/\/schema.org","@graph":[{"@type":"Article","@id":"https:\/\/www.tressis.com\/ca\/blog\/la-era-del-todo-vale-esta-empezando-tocar-fin\/#article","isPartOf":{"@id":"https:\/\/www.tressis.com\/ca\/blog\/la-era-del-todo-vale-esta-empezando-tocar-fin\/"},"author":{"name":"Lola","@id":"https:\/\/www.tressis.com\/ca\/#\/schema\/person\/b833c1d724d8764920b6d6852c70584e"},"headline":"La era del todo vale est\u00e1 empezando a tocar a su fin","datePublished":"2016-08-30T09:07:07+00:00","mainEntityOfPage":{"@id":"https:\/\/www.tressis.com\/ca\/blog\/la-era-del-todo-vale-esta-empezando-tocar-fin\/"},"wordCount":464,"commentCount":0,"publisher":{"@id":"https:\/\/www.tressis.com\/ca\/#organization"},"image":{"@id":"https:\/\/www.tressis.com\/ca\/blog\/la-era-del-todo-vale-esta-empezando-tocar-fin\/#primaryimage"},"thumbnailUrl":"https:\/\/www.tressis.com\/wp-content\/uploads\/2016\/08\/2016-03-18-1458317864-4657297-fedrate.jpg","keywords":["Dilma Rousseff","EEUU","Europa","fed","FOMC","Jap\u00f3n","PCE","Reserva Federal","TTIP"],"articleSection":["Morning meeting"],"inLanguage":"ca","potentialAction":[{"@type":"CommentAction","name":"Comment","target":["https:\/\/www.tressis.com\/ca\/blog\/la-era-del-todo-vale-esta-empezando-tocar-fin\/#respond"]}]},{"@type":"WebPage","@id":"https:\/\/www.tressis.com\/ca\/blog\/la-era-del-todo-vale-esta-empezando-tocar-fin\/","url":"https:\/\/www.tressis.com\/ca\/blog\/la-era-del-todo-vale-esta-empezando-tocar-fin\/","name":"La era del todo vale est\u00e1 empezando a tocar a su fin","isPartOf":{"@id":"https:\/\/www.tressis.com\/ca\/#website"},"primaryImageOfPage":{"@id":"https:\/\/www.tressis.com\/ca\/blog\/la-era-del-todo-vale-esta-empezando-tocar-fin\/#primaryimage"},"image":{"@id":"https:\/\/www.tressis.com\/ca\/blog\/la-era-del-todo-vale-esta-empezando-tocar-fin\/#primaryimage"},"thumbnailUrl":"https:\/\/www.tressis.com\/wp-content\/uploads\/2016\/08\/2016-03-18-1458317864-4657297-fedrate.jpg","datePublished":"2016-08-30T09:07:07+00:00","breadcrumb":{"@id":"https:\/\/www.tressis.com\/ca\/blog\/la-era-del-todo-vale-esta-empezando-tocar-fin\/#breadcrumb"},"inLanguage":"ca","potentialAction":[{"@type":"ReadAction","target":["https:\/\/www.tressis.com\/ca\/blog\/la-era-del-todo-vale-esta-empezando-tocar-fin\/"]}]},{"@type":"ImageObject","inLanguage":"ca","@id":"https:\/\/www.tressis.com\/ca\/blog\/la-era-del-todo-vale-esta-empezando-tocar-fin\/#primaryimage","url":"https:\/\/www.tressis.com\/wp-content\/uploads\/2016\/08\/2016-03-18-1458317864-4657297-fedrate.jpg","contentUrl":"https:\/\/www.tressis.com\/wp-content\/uploads\/2016\/08\/2016-03-18-1458317864-4657297-fedrate.jpg","width":1100,"height":487,"caption":"La era del todo vale est\u00e1 empezando a tocar a su fin"},{"@type":"BreadcrumbList","@id":"https:\/\/www.tressis.com\/ca\/blog\/la-era-del-todo-vale-esta-empezando-tocar-fin\/#breadcrumb","itemListElement":[{"@type":"ListItem","position":1,"name":"Inicio","item":"https:\/\/www.tressis.com\/ca\/"},{"@type":"ListItem","position":2,"name":"La era del todo vale est\u00e1 empezando a tocar a su fin"}]},{"@type":"WebSite","@id":"https:\/\/www.tressis.com\/ca\/#website","url":"https:\/\/www.tressis.com\/ca\/","name":"Tressis banca privada","description":"Tressis | Planificaci\u00f3n financiera y gesti\u00f3n de patrimonios","publisher":{"@id":"https:\/\/www.tressis.com\/ca\/#organization"},"potentialAction":[{"@type":"SearchAction","target":{"@type":"EntryPoint","urlTemplate":"https:\/\/www.tressis.com\/ca\/?s={search_term_string}"},"query-input":{"@type":"PropertyValueSpecification","valueRequired":true,"valueName":"search_term_string"}}],"inLanguage":"ca"},{"@type":"Organization","@id":"https:\/\/www.tressis.com\/ca\/#organization","name":"Tressis","url":"https:\/\/www.tressis.com\/ca\/","logo":{"@type":"ImageObject","inLanguage":"ca","@id":"https:\/\/www.tressis.com\/ca\/#\/schema\/logo\/image\/","url":"https:\/\/www.tressis.com\/wp-content\/uploads\/2025\/06\/logo-tressis-112.png","contentUrl":"https:\/\/www.tressis.com\/wp-content\/uploads\/2025\/06\/logo-tressis-112.png","width":112,"height":112,"caption":"Tressis"},"image":{"@id":"https:\/\/www.tressis.com\/ca\/#\/schema\/logo\/image\/"},"sameAs":["https:\/\/www.facebook.com\/Tressis\/","https:\/\/x.com\/TressisSV","https:\/\/www.instagram.com\/tressissv\/?hl=es","https:\/\/linkedin.com\/company\/tressis\/","https:\/\/www.youtube.com\/user\/tressissv","https:\/\/open.spotify.com\/show\/3jmTe1Nf0wqMILl7diWV6h?si=d7112519f13c4593&nd=1"]},{"@type":"Person","@id":"https:\/\/www.tressis.com\/ca\/#\/schema\/person\/b833c1d724d8764920b6d6852c70584e","name":"Lola","image":{"@type":"ImageObject","inLanguage":"ca","@id":"https:\/\/secure.gravatar.com\/avatar\/05e646486b23ff45df9649110609c7e31b8c4a3e2821caa23d6317f405e0c51d?s=96&d=mm&r=g","url":"https:\/\/secure.gravatar.com\/avatar\/05e646486b23ff45df9649110609c7e31b8c4a3e2821caa23d6317f405e0c51d?s=96&d=mm&r=g","contentUrl":"https:\/\/secure.gravatar.com\/avatar\/05e646486b23ff45df9649110609c7e31b8c4a3e2821caa23d6317f405e0c51d?s=96&d=mm&r=g","caption":"Lola"}}]}},"_links":{"self":[{"href":"https:\/\/www.tressis.com\/ca\/wp-json\/wp\/v2\/posts\/23544","targetHints":{"allow":["GET"]}}],"collection":[{"href":"https:\/\/www.tressis.com\/ca\/wp-json\/wp\/v2\/posts"}],"about":[{"href":"https:\/\/www.tressis.com\/ca\/wp-json\/wp\/v2\/types\/post"}],"author":[{"embeddable":true,"href":"https:\/\/www.tressis.com\/ca\/wp-json\/wp\/v2\/users\/4"}],"replies":[{"embeddable":true,"href":"https:\/\/www.tressis.com\/ca\/wp-json\/wp\/v2\/comments?post=23544"}],"version-history":[{"count":0,"href":"https:\/\/www.tressis.com\/ca\/wp-json\/wp\/v2\/posts\/23544\/revisions"}],"wp:featuredmedia":[{"embeddable":true,"href":"https:\/\/www.tressis.com\/ca\/wp-json\/wp\/v2\/media\/23545"}],"wp:attachment":[{"href":"https:\/\/www.tressis.com\/ca\/wp-json\/wp\/v2\/media?parent=23544"}],"wp:term":[{"taxonomy":"category","embeddable":true,"href":"https:\/\/www.tressis.com\/ca\/wp-json\/wp\/v2\/categories?post=23544"},{"taxonomy":"post_tag","embeddable":true,"href":"https:\/\/www.tressis.com\/ca\/wp-json\/wp\/v2\/tags?post=23544"}],"curies":[{"name":"wp","href":"https:\/\/api.w.org\/{rel}","templated":true}]}}