{"id":1241,"date":"2012-12-26T10:20:30","date_gmt":"2012-12-26T09:20:30","guid":{"rendered":"http:\/\/blog.tressis.com\/?p=1241"},"modified":"2023-05-26T12:48:16","modified_gmt":"2023-05-26T10:48:16","slug":"soyez-le-bienvenu-monsieur-depardieu-2","status":"publish","type":"post","link":"https:\/\/www.tressis.com\/ca\/blog\/soyez-le-bienvenu-monsieur-depardieu-2\/","title":{"rendered":"\u201cSoyez le bienvenu, monsieur Depardieu\u201d"},"content":{"rendered":"<div id=\"para_imprimir\">\n<p>El primer ministro franc\u00e9s, Jean Marc Ayrault, ha dicho que el actor Gerard Depardieu es un ser \u201cdespreciable\u201d porque ha decidido hacerse ciudadano belga para evitar el nuevo sistema impositivo que ha instaurado el se\u00f1or Hollande, pues lo considera totalmente injusto y confiscatorio.<\/p>\n<p>Depardieu ha decidido domiciliarse en un pueblo belga fronterizo con Francia ante la iniciativa del gobierno galo de que los ingresos que superen el mill\u00f3n de euros pagar\u00e1n un 85% de impuesto sobre la renta. En otras palabras: si superas ese baremo y sumas otra serie de impuestos indirectos -patrimonio, lo que pagues por IVA, etc\u2013, <b>a partir del mill\u00f3n de euros trabajas b\u00e1sicamente para el Estado<\/b>. Y aunque seguro que el Estado franc\u00e9s algo da a cambio y posiblemente los pol\u00edticos roban menos que aqu\u00ed, aquello tampoco es Suecia, donde, por cierto, los impuestos son m\u00e1s bajos y las prestaciones mejores.<!--more--><\/p>\n<p>El se\u00f1or Depardieu no tard\u00f3 en responder al ministro. No les voy a aburrir con los detalles, pero <b>le recordaba que \u00e9l hab\u00eda pagado al Estado m\u00e1s de 175 millones de euros a lo largo de su carrera profesional<\/b>, todo ello fruto de un trabajo honrado y -esto lo digo yo- profesionalmente brillante y que, adem\u00e1s, promociona la imagen de Francia en el mundo. Ciento setenta y cinco millones de euros que han permitido construir hospitales, carreteras y que seguro que tambi\u00e9n han generado jugosas comisiones para pol\u00edticos corruptos, que ya nos conocemos todos. As\u00ed que, tanto la ciudadan\u00eda como los propios pol\u00edticos, se han beneficiado del trabajo del actor franc\u00e9s.<\/p>\n<p>Y no s\u00f3lo ha pagado impuestos. <b>Sus negocios dan trabajo estable directamente a m\u00e1s de 80 personas<\/b>, a los que habr\u00eda que a\u00f1adir los empleos indirectos que genera cualquier actividad empresarial. Depardieu no es s\u00f3lo un actor. Es un tipo brillante que, adem\u00e1s de actor, tiene negocios relacionados con otras \u00e1reas del mundo del espect\u00e1culo (teatro, producci\u00f3n\u2026) y, creo recordar, tambi\u00e9n con el sector vin\u00edcola.<\/p>\n<p>\u00bfY qu\u00e9 ha hecho este primer ministro, que se atreve a llamar despreciable a alguien que, sin duda, ha aportado su granito de arena a la econom\u00eda del pa\u00eds y todav\u00eda m\u00e1s a la cultura e imagen de Francia?<\/p>\n<p>Pues no parece que hablemos de Churchill o de Eisenhower, la verdad. Ni de un pol\u00edtico impulsor de crecimiento econ\u00f3mico tipo Clinton o Thatcher. Ayrault inici\u00f3 su andadura profesional como profesor de alem\u00e1n en institutos de la periferia de Nantes. Luego fue elegido concejal general del Loira Atl\u00e1ntico y, posteriormente, en 1977, alcalde de Saint-Herblain, una ciudad de 30.000 habitantes. Asumi\u00f3 esta funci\u00f3n hasta 1989, cuando se present\u00f3 como candidato al ayuntamiento de Nantes, donde sucedi\u00f3 al alcalde saliente, que ya no se presentaba, y que \u2013curiosamente- fue tambi\u00e9n su predecesor en el ayuntamiento de Saint-Herblain.<\/p>\n<p>Paralelamente a su sill\u00f3n de alcalde, fue elegido diputado en 1986 y fue presidente de la Federaci\u00f3n nacional de electos socialistas y republicanos en 1992. Fue elegido otra vez, el 16 de junio de 2002, para la XII\u00aa legislatura (2002-2007), en la 3\u00aa circunscripci\u00f3n del Loira Atl\u00e1ntico.<\/p>\n<p>En septiembre de 2006, declar\u00f3 oficialmente su apoyo a S\u00e9gol\u00e8ne Royal en las primarias del Partido Socialista.<\/p>\n<p>Empecemos por el final: \u00bfas\u00ed que apoya a S\u00e9gol\u00e8ne Royal cuando esta luchaba a colmillo retorcido precisamente contra su ex marido que, \u00a1oh sorpresa!, no es otro que el se\u00f1or Hollande, actual jefe del se\u00f1or Ayrault? Vamos, que llama miserable a una persona por cambiar de pa\u00eds para que no le quiten casi todo lo que gana, pero no le tiembla el pulso para cambiar de chaqueta. Interesante.<\/p>\n<p>En cuanto a su \u201cgran\u201d aportaci\u00f3n al pa\u00eds, si bien seguramente sea muy apreciado en la ciudad de Nantes, su curr\u00edculum pol\u00edtico desde luego no es comparable al profesional y empresarial del se\u00f1or Depardieu. Me juego algo a que el puesto en la historia de uno y otro no tendr\u00e1 nada que ver.<\/p>\n<p><b>Pero lo realmente importante de este asunto es plantearnos qu\u00e9 Europa queremos. La Europa del se\u00f1or Ayrault<\/b>, de pol\u00edticos que generan desastres econ\u00f3micos \u2013ellos tienen el BOE, el Banco Central, el parlamento, ellos mandan, en definitiva, que no echen balones fuera, ellos son los responsables- y luego lo \u201carreglan\u201d machacando a impuestos a los ciudadanos y quit\u00e1ndoles prestaciones sociales, <b>o la Europa de empresarios como Depardieu o el vilipendiado Arnault<\/b>, patr\u00f3n de Louis Vuitton y todo el grupo LMHV, gente que te caer\u00e1 mejor o peor, pero que durante a\u00f1os han generado trabajo e impuestos para los franceses.<\/p>\n<p>Tenemos que plantearnos seriamente cosas como que con los chinos no podemos competir en precio, pero podemos aprovechar que pasar\u00e1 mucho tiempo hasta que ellos tengan \u201cDepardieus\u201d, \u201cArnaults\u201d o, m\u00e1s cerca todav\u00eda, \u201cAmancios Ortegas\u201d o \u201cFernandos Alonsos\u201d. \u00bfQueremos una Europa donde el miserable sea el empresario competitivo y generador de empleo que no quiere que le roben \u2013pagar un 40% es justicia social y redistribuci\u00f3n de la riqueza, pero pagar un 85% es un robo-, o queremos una Europa donde los miserables sean los pol\u00edticos incompetentes que llevan al desastre y no saben salir de \u00e9l salvo apretando el gaznate a los ciudadanos?<\/p>\n<p>Ya lo dije en un \u201cpost\u201d anterior (\u201cLa historia siempre se repite\u201d): lo \u00fanico bueno que dio la Inglaterra del 90% de IRPF fue que los Rolling Stones se exiliaron a Francia y les sent\u00f3 tan bien que hicieron all\u00ed su obra maestra, \u201cExile on Main Street\u201d . Curiosamente, se fueron a Francia por el mismo motivo que ahora la abandona Depardieu. Por lo dem\u00e1s, las pol\u00edticas de Wilson y Heath llevaron a Inglaterra a una decadencia econ\u00f3mica duradera de la que solo la sac\u00f3 la se\u00f1ora Thatcher (que reconozco luego se pas\u00f3 de vueltas, pero esa es otra historia).<\/p>\n<p>En Espa\u00f1a -y con especial \u00e9nfasis en comunidades como Catalu\u00f1a- estamos cogiendo el mismo camino, y es un camino muy peligroso. <b>Estamos a tiempo de ahorrar en pol\u00edticos en lugar de subir impuestos. Estamos a tiempo de atraer talento <\/b>en lugar de expulsarlo (sugiero lean mi art\u00edculo \u201cEspa\u00f1a, centro de negocios&#8221;). Pero estamos en el l\u00edmite. Un impuesto m\u00e1s que no vaya acompa\u00f1ado de un esfuerzo \u201creal\u201d, y no s\u00f3lo de pura imagen del Estado por apretarse el cintur\u00f3n y reducir su tama\u00f1o (y de la clase pol\u00edtica por reducir el suyo), o la curva de Laffer entrar\u00e1 en acci\u00f3n con toda su fuerza (sugiero lean \u201cManifiesto\u201d). Las clases medias s\u00f3lo pueden defenderse consumiendo menos (\u00a1genial pol\u00edtica econ\u00f3mica!), pero los \u201cricos\u201d se van y punto. Y rico era Steve Jobbs o es Bill Gates y en EE.UU. a nadie se le pasa por la cabeza aplicarles una imposici\u00f3n del 85%. Le cuentas eso a los del partido dem\u00f3crata que est\u00e1n tratando de aumentarles los impuestos a \u201csus\u201d ricos -un \u201cpel\u00edn\u201d, por cierto, y con bastante raz\u00f3n- y se quedar\u00edan alucinados. \u00a1Nadie quiere que se vayan los mejores, hombre! Es m\u00e1s, en EE.UU, les han bajado los impuestos a las empresas y Obama quiere baj\u00e1rselos a las clases medias.<\/p>\n<p>Curiosamente, a la par que sal\u00eda la noticia sobre el insulto de Ayrault a Depardieu, se publicaba una foto en la que todo el pueblo Belga de N\u00e9chin se concentraba tras una pancarta que rezaba: \u201c\u00a1\u00a1Soyez le bienvenu, monsieur Depardieu!!\u201d<\/p>\n<p><b>PD.<\/b> Lo anterior son las malas noticias. La buena: que, en Espa\u00f1a, si usted tiene su patrimonio invertido en fondos de inversi\u00f3n, puede moverlo libremente entre distintos activos, pa\u00edses y sectores y pagar s\u00f3lo cuando realice plusval\u00edas -que este a\u00f1o han sido muy jugosas, por cierto-, sin pagar un 85% y pudiendo compensar sus beneficios con sus p\u00e9rdidas. Aproveche que, al menos en eso, estamos en muchas mejores condiciones que los franceses.<\/p>\n<p>&nbsp;<\/p>\n<p>Leer art\u00edculo original aqu\u00ed.<\/p>\n<\/div>\n","protected":false},"excerpt":{"rendered":"<p>El primer ministro franc\u00e9s, Jean Marc Ayrault, ha dicho que el actor Gerard Depardieu es un ser \u201cdespreciable\u201d porque ha decidido hacerse ciudadano belga para evitar el nuevo sistema impositivo que ha instaurado el se\u00f1or Hollande, pues lo considera totalmente injusto y confiscatorio. Depardieu ha decidido domiciliarse en un pueblo belga fronterizo con Francia ante [&hellip;]<\/p>\n","protected":false},"author":4,"featured_media":0,"comment_status":"open","ping_status":"open","sticky":false,"template":"","format":"standard","meta":{"_acf_changed":false,"footnotes":""},"categories":[4],"tags":[],"class_list":["post-1241","post","type-post","status-publish","format-standard","hentry","category-varios"],"acf":[],"yoast_head":"<!-- This site is optimized with the Yoast SEO plugin v27.4 - https:\/\/yoast.com\/product\/yoast-seo-wordpress\/ -->\n<title>\u201cSoyez le bienvenu, monsieur Depardieu\u201d<\/title>\n<meta name=\"robots\" content=\"index, follow, max-snippet:-1, max-image-preview:large, max-video-preview:-1\" \/>\n<link rel=\"canonical\" href=\"https:\/\/www.tressis.com\/ca\/blog\/soyez-le-bienvenu-monsieur-depardieu-2\/\" \/>\n<meta property=\"og:locale\" content=\"ca_ES\" \/>\n<meta property=\"og:type\" content=\"article\" \/>\n<meta property=\"og:title\" content=\"\u201cSoyez le bienvenu, monsieur Depardieu\u201d\" \/>\n<meta property=\"og:description\" content=\"El primer ministro franc\u00e9s, Jean Marc Ayrault, ha dicho que el actor Gerard Depardieu es un ser \u201cdespreciable\u201d porque ha decidido hacerse ciudadano belga para evitar el nuevo sistema impositivo que ha instaurado el se\u00f1or Hollande, pues lo considera totalmente injusto y confiscatorio. Depardieu ha decidido domiciliarse en un pueblo belga fronterizo con Francia ante [&hellip;]\" \/>\n<meta property=\"og:url\" content=\"https:\/\/www.tressis.com\/ca\/blog\/soyez-le-bienvenu-monsieur-depardieu-2\/\" \/>\n<meta property=\"og:site_name\" content=\"Tressis\" \/>\n<meta property=\"article:publisher\" content=\"https:\/\/www.facebook.com\/Tressis\/\" \/>\n<meta property=\"article:published_time\" content=\"2012-12-26T09:20:30+00:00\" \/>\n<meta property=\"article:modified_time\" content=\"2023-05-26T10:48:16+00:00\" \/>\n<meta name=\"author\" content=\"Lola\" \/>\n<meta name=\"twitter:card\" content=\"summary_large_image\" \/>\n<meta name=\"twitter:creator\" content=\"@TressisSV\" \/>\n<meta name=\"twitter:site\" content=\"@TressisSV\" \/>\n<meta name=\"twitter:label1\" content=\"Escrit per\" \/>\n\t<meta name=\"twitter:data1\" content=\"Lola\" \/>\n\t<meta name=\"twitter:label2\" content=\"Temps estimat de lectura\" \/>\n\t<meta name=\"twitter:data2\" content=\"7 minuts\" \/>\n<script type=\"application\/ld+json\" class=\"yoast-schema-graph\">{\"@context\":\"https:\\\/\\\/schema.org\",\"@graph\":[{\"@type\":\"Article\",\"@id\":\"https:\\\/\\\/www.tressis.com\\\/ca\\\/blog\\\/soyez-le-bienvenu-monsieur-depardieu-2\\\/#article\",\"isPartOf\":{\"@id\":\"https:\\\/\\\/www.tressis.com\\\/ca\\\/blog\\\/soyez-le-bienvenu-monsieur-depardieu-2\\\/\"},\"author\":{\"name\":\"Lola\",\"@id\":\"https:\\\/\\\/www.tressis.com\\\/ca\\\/#\\\/schema\\\/person\\\/b833c1d724d8764920b6d6852c70584e\"},\"headline\":\"\u201cSoyez le bienvenu, monsieur Depardieu\u201d\",\"datePublished\":\"2012-12-26T09:20:30+00:00\",\"dateModified\":\"2023-05-26T10:48:16+00:00\",\"mainEntityOfPage\":{\"@id\":\"https:\\\/\\\/www.tressis.com\\\/ca\\\/blog\\\/soyez-le-bienvenu-monsieur-depardieu-2\\\/\"},\"wordCount\":1358,\"commentCount\":0,\"publisher\":{\"@id\":\"https:\\\/\\\/www.tressis.com\\\/ca\\\/#organization\"},\"articleSection\":[\"Varios\"],\"inLanguage\":\"ca\",\"potentialAction\":[{\"@type\":\"CommentAction\",\"name\":\"Comment\",\"target\":[\"https:\\\/\\\/www.tressis.com\\\/ca\\\/blog\\\/soyez-le-bienvenu-monsieur-depardieu-2\\\/#respond\"]}]},{\"@type\":\"WebPage\",\"@id\":\"https:\\\/\\\/www.tressis.com\\\/ca\\\/blog\\\/soyez-le-bienvenu-monsieur-depardieu-2\\\/\",\"url\":\"https:\\\/\\\/www.tressis.com\\\/ca\\\/blog\\\/soyez-le-bienvenu-monsieur-depardieu-2\\\/\",\"name\":\"\u201cSoyez le bienvenu, monsieur Depardieu\u201d\",\"isPartOf\":{\"@id\":\"https:\\\/\\\/www.tressis.com\\\/ca\\\/#website\"},\"datePublished\":\"2012-12-26T09:20:30+00:00\",\"dateModified\":\"2023-05-26T10:48:16+00:00\",\"breadcrumb\":{\"@id\":\"https:\\\/\\\/www.tressis.com\\\/ca\\\/blog\\\/soyez-le-bienvenu-monsieur-depardieu-2\\\/#breadcrumb\"},\"inLanguage\":\"ca\",\"potentialAction\":[{\"@type\":\"ReadAction\",\"target\":[\"https:\\\/\\\/www.tressis.com\\\/ca\\\/blog\\\/soyez-le-bienvenu-monsieur-depardieu-2\\\/\"]}]},{\"@type\":\"BreadcrumbList\",\"@id\":\"https:\\\/\\\/www.tressis.com\\\/ca\\\/blog\\\/soyez-le-bienvenu-monsieur-depardieu-2\\\/#breadcrumb\",\"itemListElement\":[{\"@type\":\"ListItem\",\"position\":1,\"name\":\"Inicio\",\"item\":\"https:\\\/\\\/www.tressis.com\\\/ca\\\/\"},{\"@type\":\"ListItem\",\"position\":2,\"name\":\"Varios\",\"item\":\"https:\\\/\\\/www.tressis.com\\\/ca\\\/blog\\\/categorias\\\/varios\\\/\"},{\"@type\":\"ListItem\",\"position\":3,\"name\":\"\u201cSoyez le bienvenu, monsieur Depardieu\u201d\"}]},{\"@type\":\"WebSite\",\"@id\":\"https:\\\/\\\/www.tressis.com\\\/ca\\\/#website\",\"url\":\"https:\\\/\\\/www.tressis.com\\\/ca\\\/\",\"name\":\"Tressis banca privada\",\"description\":\"Tressis | Planificaci\u00f3n financiera y gesti\u00f3n de patrimonios\",\"publisher\":{\"@id\":\"https:\\\/\\\/www.tressis.com\\\/ca\\\/#organization\"},\"potentialAction\":[{\"@type\":\"SearchAction\",\"target\":{\"@type\":\"EntryPoint\",\"urlTemplate\":\"https:\\\/\\\/www.tressis.com\\\/ca\\\/?s={search_term_string}\"},\"query-input\":{\"@type\":\"PropertyValueSpecification\",\"valueRequired\":true,\"valueName\":\"search_term_string\"}}],\"inLanguage\":\"ca\"},{\"@type\":\"Organization\",\"@id\":\"https:\\\/\\\/www.tressis.com\\\/ca\\\/#organization\",\"name\":\"Tressis\",\"url\":\"https:\\\/\\\/www.tressis.com\\\/ca\\\/\",\"logo\":{\"@type\":\"ImageObject\",\"inLanguage\":\"ca\",\"@id\":\"https:\\\/\\\/www.tressis.com\\\/ca\\\/#\\\/schema\\\/logo\\\/image\\\/\",\"url\":\"https:\\\/\\\/www.tressis.com\\\/wp-content\\\/uploads\\\/2025\\\/06\\\/logo-tressis-112.png\",\"contentUrl\":\"https:\\\/\\\/www.tressis.com\\\/wp-content\\\/uploads\\\/2025\\\/06\\\/logo-tressis-112.png\",\"width\":112,\"height\":112,\"caption\":\"Tressis\"},\"image\":{\"@id\":\"https:\\\/\\\/www.tressis.com\\\/ca\\\/#\\\/schema\\\/logo\\\/image\\\/\"},\"sameAs\":[\"https:\\\/\\\/www.facebook.com\\\/Tressis\\\/\",\"https:\\\/\\\/x.com\\\/TressisSV\",\"https:\\\/\\\/www.instagram.com\\\/tressissv\\\/?hl=es\",\"https:\\\/\\\/linkedin.com\\\/company\\\/tressis\\\/\",\"https:\\\/\\\/www.youtube.com\\\/user\\\/tressissv\",\"https:\\\/\\\/open.spotify.com\\\/show\\\/3jmTe1Nf0wqMILl7diWV6h?si=d7112519f13c4593&nd=1\"]},{\"@type\":\"Person\",\"@id\":\"https:\\\/\\\/www.tressis.com\\\/ca\\\/#\\\/schema\\\/person\\\/b833c1d724d8764920b6d6852c70584e\",\"name\":\"Lola\",\"image\":{\"@type\":\"ImageObject\",\"inLanguage\":\"ca\",\"@id\":\"https:\\\/\\\/secure.gravatar.com\\\/avatar\\\/05e646486b23ff45df9649110609c7e31b8c4a3e2821caa23d6317f405e0c51d?s=96&d=mm&r=g\",\"url\":\"https:\\\/\\\/secure.gravatar.com\\\/avatar\\\/05e646486b23ff45df9649110609c7e31b8c4a3e2821caa23d6317f405e0c51d?s=96&d=mm&r=g\",\"contentUrl\":\"https:\\\/\\\/secure.gravatar.com\\\/avatar\\\/05e646486b23ff45df9649110609c7e31b8c4a3e2821caa23d6317f405e0c51d?s=96&d=mm&r=g\",\"caption\":\"Lola\"}}]}<\/script>\n<!-- \/ Yoast SEO plugin. -->","yoast_head_json":{"title":"\u201cSoyez le bienvenu, monsieur Depardieu\u201d","robots":{"index":"index","follow":"follow","max-snippet":"max-snippet:-1","max-image-preview":"max-image-preview:large","max-video-preview":"max-video-preview:-1"},"canonical":"https:\/\/www.tressis.com\/ca\/blog\/soyez-le-bienvenu-monsieur-depardieu-2\/","og_locale":"ca_ES","og_type":"article","og_title":"\u201cSoyez le bienvenu, monsieur Depardieu\u201d","og_description":"El primer ministro franc\u00e9s, Jean Marc Ayrault, ha dicho que el actor Gerard Depardieu es un ser \u201cdespreciable\u201d porque ha decidido hacerse ciudadano belga para evitar el nuevo sistema impositivo que ha instaurado el se\u00f1or Hollande, pues lo considera totalmente injusto y confiscatorio. Depardieu ha decidido domiciliarse en un pueblo belga fronterizo con Francia ante [&hellip;]","og_url":"https:\/\/www.tressis.com\/ca\/blog\/soyez-le-bienvenu-monsieur-depardieu-2\/","og_site_name":"Tressis","article_publisher":"https:\/\/www.facebook.com\/Tressis\/","article_published_time":"2012-12-26T09:20:30+00:00","article_modified_time":"2023-05-26T10:48:16+00:00","author":"Lola","twitter_card":"summary_large_image","twitter_creator":"@TressisSV","twitter_site":"@TressisSV","twitter_misc":{"Escrit per":"Lola","Temps estimat de lectura":"7 minuts"},"schema":{"@context":"https:\/\/schema.org","@graph":[{"@type":"Article","@id":"https:\/\/www.tressis.com\/ca\/blog\/soyez-le-bienvenu-monsieur-depardieu-2\/#article","isPartOf":{"@id":"https:\/\/www.tressis.com\/ca\/blog\/soyez-le-bienvenu-monsieur-depardieu-2\/"},"author":{"name":"Lola","@id":"https:\/\/www.tressis.com\/ca\/#\/schema\/person\/b833c1d724d8764920b6d6852c70584e"},"headline":"\u201cSoyez le bienvenu, monsieur Depardieu\u201d","datePublished":"2012-12-26T09:20:30+00:00","dateModified":"2023-05-26T10:48:16+00:00","mainEntityOfPage":{"@id":"https:\/\/www.tressis.com\/ca\/blog\/soyez-le-bienvenu-monsieur-depardieu-2\/"},"wordCount":1358,"commentCount":0,"publisher":{"@id":"https:\/\/www.tressis.com\/ca\/#organization"},"articleSection":["Varios"],"inLanguage":"ca","potentialAction":[{"@type":"CommentAction","name":"Comment","target":["https:\/\/www.tressis.com\/ca\/blog\/soyez-le-bienvenu-monsieur-depardieu-2\/#respond"]}]},{"@type":"WebPage","@id":"https:\/\/www.tressis.com\/ca\/blog\/soyez-le-bienvenu-monsieur-depardieu-2\/","url":"https:\/\/www.tressis.com\/ca\/blog\/soyez-le-bienvenu-monsieur-depardieu-2\/","name":"\u201cSoyez le bienvenu, monsieur Depardieu\u201d","isPartOf":{"@id":"https:\/\/www.tressis.com\/ca\/#website"},"datePublished":"2012-12-26T09:20:30+00:00","dateModified":"2023-05-26T10:48:16+00:00","breadcrumb":{"@id":"https:\/\/www.tressis.com\/ca\/blog\/soyez-le-bienvenu-monsieur-depardieu-2\/#breadcrumb"},"inLanguage":"ca","potentialAction":[{"@type":"ReadAction","target":["https:\/\/www.tressis.com\/ca\/blog\/soyez-le-bienvenu-monsieur-depardieu-2\/"]}]},{"@type":"BreadcrumbList","@id":"https:\/\/www.tressis.com\/ca\/blog\/soyez-le-bienvenu-monsieur-depardieu-2\/#breadcrumb","itemListElement":[{"@type":"ListItem","position":1,"name":"Inicio","item":"https:\/\/www.tressis.com\/ca\/"},{"@type":"ListItem","position":2,"name":"Varios","item":"https:\/\/www.tressis.com\/ca\/blog\/categorias\/varios\/"},{"@type":"ListItem","position":3,"name":"\u201cSoyez le bienvenu, monsieur Depardieu\u201d"}]},{"@type":"WebSite","@id":"https:\/\/www.tressis.com\/ca\/#website","url":"https:\/\/www.tressis.com\/ca\/","name":"Tressis banca privada","description":"Tressis | Planificaci\u00f3n financiera y gesti\u00f3n de patrimonios","publisher":{"@id":"https:\/\/www.tressis.com\/ca\/#organization"},"potentialAction":[{"@type":"SearchAction","target":{"@type":"EntryPoint","urlTemplate":"https:\/\/www.tressis.com\/ca\/?s={search_term_string}"},"query-input":{"@type":"PropertyValueSpecification","valueRequired":true,"valueName":"search_term_string"}}],"inLanguage":"ca"},{"@type":"Organization","@id":"https:\/\/www.tressis.com\/ca\/#organization","name":"Tressis","url":"https:\/\/www.tressis.com\/ca\/","logo":{"@type":"ImageObject","inLanguage":"ca","@id":"https:\/\/www.tressis.com\/ca\/#\/schema\/logo\/image\/","url":"https:\/\/www.tressis.com\/wp-content\/uploads\/2025\/06\/logo-tressis-112.png","contentUrl":"https:\/\/www.tressis.com\/wp-content\/uploads\/2025\/06\/logo-tressis-112.png","width":112,"height":112,"caption":"Tressis"},"image":{"@id":"https:\/\/www.tressis.com\/ca\/#\/schema\/logo\/image\/"},"sameAs":["https:\/\/www.facebook.com\/Tressis\/","https:\/\/x.com\/TressisSV","https:\/\/www.instagram.com\/tressissv\/?hl=es","https:\/\/linkedin.com\/company\/tressis\/","https:\/\/www.youtube.com\/user\/tressissv","https:\/\/open.spotify.com\/show\/3jmTe1Nf0wqMILl7diWV6h?si=d7112519f13c4593&nd=1"]},{"@type":"Person","@id":"https:\/\/www.tressis.com\/ca\/#\/schema\/person\/b833c1d724d8764920b6d6852c70584e","name":"Lola","image":{"@type":"ImageObject","inLanguage":"ca","@id":"https:\/\/secure.gravatar.com\/avatar\/05e646486b23ff45df9649110609c7e31b8c4a3e2821caa23d6317f405e0c51d?s=96&d=mm&r=g","url":"https:\/\/secure.gravatar.com\/avatar\/05e646486b23ff45df9649110609c7e31b8c4a3e2821caa23d6317f405e0c51d?s=96&d=mm&r=g","contentUrl":"https:\/\/secure.gravatar.com\/avatar\/05e646486b23ff45df9649110609c7e31b8c4a3e2821caa23d6317f405e0c51d?s=96&d=mm&r=g","caption":"Lola"}}]}},"_links":{"self":[{"href":"https:\/\/www.tressis.com\/ca\/wp-json\/wp\/v2\/posts\/1241","targetHints":{"allow":["GET"]}}],"collection":[{"href":"https:\/\/www.tressis.com\/ca\/wp-json\/wp\/v2\/posts"}],"about":[{"href":"https:\/\/www.tressis.com\/ca\/wp-json\/wp\/v2\/types\/post"}],"author":[{"embeddable":true,"href":"https:\/\/www.tressis.com\/ca\/wp-json\/wp\/v2\/users\/4"}],"replies":[{"embeddable":true,"href":"https:\/\/www.tressis.com\/ca\/wp-json\/wp\/v2\/comments?post=1241"}],"version-history":[{"count":0,"href":"https:\/\/www.tressis.com\/ca\/wp-json\/wp\/v2\/posts\/1241\/revisions"}],"wp:attachment":[{"href":"https:\/\/www.tressis.com\/ca\/wp-json\/wp\/v2\/media?parent=1241"}],"wp:term":[{"taxonomy":"category","embeddable":true,"href":"https:\/\/www.tressis.com\/ca\/wp-json\/wp\/v2\/categories?post=1241"},{"taxonomy":"post_tag","embeddable":true,"href":"https:\/\/www.tressis.com\/ca\/wp-json\/wp\/v2\/tags?post=1241"}],"curies":[{"name":"wp","href":"https:\/\/api.w.org\/{rel}","templated":true}]}}