{"id":117045,"date":"2026-04-28T09:11:10","date_gmt":"2026-04-28T07:11:10","guid":{"rendered":"https:\/\/www.tressis.com\/?p=117045"},"modified":"2026-04-28T09:14:09","modified_gmt":"2026-04-28T07:14:09","slug":"mercados-pausa-entorno-incierto","status":"publish","type":"post","link":"https:\/\/www.tressis.com\/ca\/blog\/mercados-pausa-entorno-incierto\/","title":{"rendered":"Mercados en pausa ante un entorno a\u00fan incierto"},"content":{"rendered":"<p>La sesi\u00f3n de ayer volvi\u00f3 a estar <strong>condicionada por el cruce entre macroeconom\u00eda y geopol\u00edtica<\/strong>, con los inversores pendientes tanto de los datos adelantados como de cualquier avance en el frente de Oriente Medio. En Europa, la referencia principal lleg\u00f3 desde Alemania, donde la confianza del consumidor para mayo mostr\u00f3 una mejora respecto al mes anterior, sugiriendo una ligera recuperaci\u00f3n de la confianza de los hogares tras varios meses de debilidad, aunque todav\u00eda en niveles consistentes con un consumo contenido.<\/p>\n<p>&nbsp;<\/p>\n<h2><strong>En el plano empresarial<\/strong><\/h2>\n<p>Una de las noticias m\u00e1s relevantes fue la <strong>redefinici\u00f3n del acuerdo entre Microsoft y OpenAI<\/strong>. Microsoft dejar\u00e1 de percibir parte de los ingresos futuros v\u00eda reparto directo, mientras OpenAI gana mayor libertad para ofrecer sus productos a trav\u00e9s de distintos proveedores Cloud. Aun as\u00ed, Microsoft mantiene su posici\u00f3n como accionista de referencia y conserva derechos de licencia sobre la propiedad intelectual de OpenAI hasta 2032. El movimiento refuerza la idea de una relaci\u00f3n m\u00e1s flexible entre ambas compa\u00f1\u00edas, con <strong>impacto estrat\u00e9gico<\/strong> relevante dentro del ecosistema de inteligencia artificial y servicios en la nube.<\/p>\n<p>&nbsp;<\/p>\n<div style=\"text-align: center; margin-bottom: 10px;\"><a \nhref=\"https:\/\/www.tressis.com\/tressis-vision\/?utm_source=web_publica&amp;utm_medium=direct&amp;utm_campaign=descarga_paper&amp;utm_term=tressisvision&amp;utm_content=blog_MMV\" \ntarget=\"_blank\" rel=\"noopener\"><img loading=\"lazy\" loading=\"lazy\" decoding=\"async\" src=\"https:\/\/www.tressis.com\/wp-content\/uploads\/2023\/03\/CTA-Tressis-vision-para-articulos-blog.jpg\" alt=\"Informe mensual - Tressis visi\u00f3n\" width=\"800\" height=\"354\" class=\"aligncenter wp-image-67199 size-full\" style=\"aspect-ratio: 400 \/ 177;\" srcset=\"https:\/\/www.tressis.com\/wp-content\/uploads\/2023\/03\/CTA-Tressis-vision-para-articulos-blog.jpg 800w, https:\/\/www.tressis.com\/wp-content\/uploads\/2023\/03\/CTA-Tressis-vision-para-articulos-blog-300x133.jpg 300w, https:\/\/www.tressis.com\/wp-content\/uploads\/2023\/03\/CTA-Tressis-vision-para-articulos-blog-768x340.jpg 768w\" sizes=\"auto, (max-width: 800px) 100vw, 800px\" \/><\/a><\/div>\n<p>&nbsp;<\/p>\n<h2><strong>Conflicto de Ir\u00e1n<\/strong><\/h2>\n<p>Continua la inestabilidad geopol\u00edtica con el foco sobre en Ir\u00e1n. Distintas informaciones apuntaron a divisiones internas dentro del liderazgo iran\u00ed sobre c\u00f3mo responder a las exigencias estadounidenses en materia nuclear. Como alternativa, Teher\u00e1n habr\u00eda planteado una propuesta para <strong>reabrir el estrecho de Ormuz<\/strong> y poner fin al bloqueo actual, <strong>dejando para una fase posterior las negociaciones nucleares<\/strong>. El mercado sigui\u00f3 de cerca estas informaciones, dado que cualquier avance sobre Ormuz tendr\u00eda implicaciones directas sobre energ\u00eda, inflaci\u00f3n y sentimiento global.<\/p>\n<p>&nbsp;<\/p>\n<h2><strong>Reacci\u00f3n de los mercados en renta variable europea<\/strong><\/h2>\n<p>La jornada se sald\u00f3 con un tono ligeramente correctivo y refleja la prudencia del mercado tras las \u00faltimas subidas. El Euro Stoxx 50 cedi\u00f3 un 0,32%, mientras el CAC 40 franc\u00e9s retrocedi\u00f3 un 0,19% y el DAX alem\u00e1n un 0,14%. El mercado espa\u00f1ol mostr\u00f3 un mejor comportamiento relativo, con el IBEX 35 pr\u00e1cticamente plano (+0,01%), aguantando mejor que el conjunto de la regi\u00f3n en una sesi\u00f3n de <strong>escaso impulso direccional<\/strong>.<\/p>\n<p>&nbsp;<\/p>\n<h2><strong>Al otro lado del Atl\u00e1ntico<\/strong><\/h2>\n<p>En Estados Unidos la sesi\u00f3n fue igualmente contenida y sin una direcci\u00f3n clara. El S&#038;P 500 avanz\u00f3 un 0,12% y el Nasdaq 100 cerr\u00f3 pr\u00e1cticamente plano (+0,01%), mientras que el Dow Jones retrocedi\u00f3 un 0,13%. El comportamiento reflej\u00f3 un mercado en pausa, con los inversores <strong>equilibrando el buen tono estructural de la tecnolog\u00eda frente a la cautela derivada del contexto geopol\u00edtico<\/strong> y de la espera de nuevas referencias macro.<\/p>\n<p>&nbsp;<\/p>\n<p>En conjunto, <strong>la jornada mantuvo un tono de cautela<\/strong>: mejora moderada en algunos indicadores europeos, reajustes estrat\u00e9gicos relevantes en tecnolog\u00eda y una <strong>geopol\u00edtica que contin\u00faa marcando el pulso<\/strong> de los activos de riesgo y de las materias primas.<\/p>\n<p>&nbsp;<\/p>\n<p>Feliz martes.<\/p>\n<p>&nbsp;<\/p>\n<p><center><strong>Pablo Rufo Mingot<\/strong><br \/>\nAnalista<\/center><\/p>\n","protected":false},"excerpt":{"rendered":"<p>La sesi\u00f3n de ayer volvi\u00f3 a estar condicionada por el cruce entre macroeconom\u00eda y geopol\u00edtica, con los inversores pendientes tanto de los datos adelantados como de cualquier avance en el frente de Oriente Medio. En Europa, la referencia principal lleg\u00f3 desde Alemania, donde la confianza del consumidor para mayo mostr\u00f3 una mejora respecto al mes [&hellip;]<\/p>\n","protected":false},"author":9,"featured_media":117048,"comment_status":"closed","ping_status":"open","sticky":false,"template":"","format":"standard","meta":{"_acf_changed":false,"footnotes":""},"categories":[9721],"tags":[],"class_list":["post-117045","post","type-post","status-publish","format-standard","has-post-thumbnail","hentry","category-morning-meeting"],"acf":[],"yoast_head":"<!-- This site is optimized with the Yoast SEO plugin v27.4 - https:\/\/yoast.com\/product\/yoast-seo-wordpress\/ -->\n<title>Mercados en pausa ante un entorno a\u00fan incierto<\/title>\n<meta name=\"robots\" content=\"noindex, nofollow\" \/>\n<meta property=\"og:locale\" content=\"ca_ES\" \/>\n<meta property=\"og:type\" content=\"article\" \/>\n<meta property=\"og:title\" content=\"Mercados en pausa ante un entorno a\u00fan incierto\" \/>\n<meta property=\"og:description\" content=\"La sesi\u00f3n de ayer volvi\u00f3 a estar condicionada por el cruce entre macroeconom\u00eda y geopol\u00edtica, con los inversores pendientes tanto de los datos adelantados como de cualquier avance en el frente de Oriente Medio. En Europa, la referencia principal lleg\u00f3 desde Alemania, donde la confianza del consumidor para mayo mostr\u00f3 una mejora respecto al mes [&hellip;]\" \/>\n<meta property=\"og:url\" content=\"https:\/\/www.tressis.com\/ca\/blog\/mercados-pausa-entorno-incierto\/\" \/>\n<meta property=\"og:site_name\" content=\"Tressis\" \/>\n<meta property=\"article:publisher\" content=\"https:\/\/www.facebook.com\/Tressis\/\" \/>\n<meta property=\"article:published_time\" content=\"2026-04-28T07:11:10+00:00\" \/>\n<meta property=\"article:modified_time\" content=\"2026-04-28T07:14:09+00:00\" \/>\n<meta property=\"og:image\" content=\"https:\/\/www.tressis.com\/wp-content\/uploads\/2026\/04\/cautela-noticias-20260428.webp\" \/>\n\t<meta property=\"og:image:width\" content=\"1100\" \/>\n\t<meta property=\"og:image:height\" content=\"487\" \/>\n\t<meta property=\"og:image:type\" content=\"image\/webp\" \/>\n<meta name=\"author\" content=\"Armando\" \/>\n<meta name=\"twitter:card\" content=\"summary_large_image\" \/>\n<meta name=\"twitter:creator\" content=\"@TressisSV\" \/>\n<meta name=\"twitter:site\" content=\"@TressisSV\" \/>\n<meta name=\"twitter:label1\" content=\"Escrit per\" \/>\n\t<meta name=\"twitter:data1\" content=\"Armando\" \/>\n\t<meta name=\"twitter:label2\" content=\"Temps estimat de lectura\" \/>\n\t<meta name=\"twitter:data2\" content=\"2 minuts\" \/>\n<script type=\"application\/ld+json\" class=\"yoast-schema-graph\">{\"@context\":\"https:\\\/\\\/schema.org\",\"@graph\":[{\"@type\":\"Article\",\"@id\":\"https:\\\/\\\/www.tressis.com\\\/ca\\\/blog\\\/mercados-pausa-entorno-incierto\\\/#article\",\"isPartOf\":{\"@id\":\"https:\\\/\\\/www.tressis.com\\\/ca\\\/blog\\\/mercados-pausa-entorno-incierto\\\/\"},\"author\":{\"name\":\"Armando\",\"@id\":\"https:\\\/\\\/www.tressis.com\\\/ca\\\/#\\\/schema\\\/person\\\/56d3b4de0493f088a4ca62a2e0c790ae\"},\"headline\":\"Mercados en pausa ante un entorno a\u00fan incierto\",\"datePublished\":\"2026-04-28T07:11:10+00:00\",\"dateModified\":\"2026-04-28T07:14:09+00:00\",\"mainEntityOfPage\":{\"@id\":\"https:\\\/\\\/www.tressis.com\\\/ca\\\/blog\\\/mercados-pausa-entorno-incierto\\\/\"},\"wordCount\":500,\"publisher\":{\"@id\":\"https:\\\/\\\/www.tressis.com\\\/ca\\\/#organization\"},\"image\":{\"@id\":\"https:\\\/\\\/www.tressis.com\\\/ca\\\/blog\\\/mercados-pausa-entorno-incierto\\\/#primaryimage\"},\"thumbnailUrl\":\"https:\\\/\\\/www.tressis.com\\\/wp-content\\\/uploads\\\/2026\\\/04\\\/cautela-noticias-20260428.webp\",\"articleSection\":[\"Morning meeting\"],\"inLanguage\":\"ca\"},{\"@type\":\"WebPage\",\"@id\":\"https:\\\/\\\/www.tressis.com\\\/ca\\\/blog\\\/mercados-pausa-entorno-incierto\\\/\",\"url\":\"https:\\\/\\\/www.tressis.com\\\/ca\\\/blog\\\/mercados-pausa-entorno-incierto\\\/\",\"name\":\"Mercados en pausa ante un entorno a\u00fan incierto\",\"isPartOf\":{\"@id\":\"https:\\\/\\\/www.tressis.com\\\/ca\\\/#website\"},\"primaryImageOfPage\":{\"@id\":\"https:\\\/\\\/www.tressis.com\\\/ca\\\/blog\\\/mercados-pausa-entorno-incierto\\\/#primaryimage\"},\"image\":{\"@id\":\"https:\\\/\\\/www.tressis.com\\\/ca\\\/blog\\\/mercados-pausa-entorno-incierto\\\/#primaryimage\"},\"thumbnailUrl\":\"https:\\\/\\\/www.tressis.com\\\/wp-content\\\/uploads\\\/2026\\\/04\\\/cautela-noticias-20260428.webp\",\"datePublished\":\"2026-04-28T07:11:10+00:00\",\"dateModified\":\"2026-04-28T07:14:09+00:00\",\"breadcrumb\":{\"@id\":\"https:\\\/\\\/www.tressis.com\\\/ca\\\/blog\\\/mercados-pausa-entorno-incierto\\\/#breadcrumb\"},\"inLanguage\":\"ca\",\"potentialAction\":[{\"@type\":\"ReadAction\",\"target\":[\"https:\\\/\\\/www.tressis.com\\\/ca\\\/blog\\\/mercados-pausa-entorno-incierto\\\/\"]}]},{\"@type\":\"ImageObject\",\"inLanguage\":\"ca\",\"@id\":\"https:\\\/\\\/www.tressis.com\\\/ca\\\/blog\\\/mercados-pausa-entorno-incierto\\\/#primaryimage\",\"url\":\"https:\\\/\\\/www.tressis.com\\\/wp-content\\\/uploads\\\/2026\\\/04\\\/cautela-noticias-20260428.webp\",\"contentUrl\":\"https:\\\/\\\/www.tressis.com\\\/wp-content\\\/uploads\\\/2026\\\/04\\\/cautela-noticias-20260428.webp\",\"width\":1100,\"height\":487,\"caption\":\"Cautela inversora a la espera de noticias\"},{\"@type\":\"BreadcrumbList\",\"@id\":\"https:\\\/\\\/www.tressis.com\\\/ca\\\/blog\\\/mercados-pausa-entorno-incierto\\\/#breadcrumb\",\"itemListElement\":[{\"@type\":\"ListItem\",\"position\":1,\"name\":\"Inicio\",\"item\":\"https:\\\/\\\/www.tressis.com\\\/ca\\\/\"},{\"@type\":\"ListItem\",\"position\":2,\"name\":\"Morning meeting\",\"item\":\"https:\\\/\\\/www.tressis.com\\\/ca\\\/blog\\\/categorias\\\/morning-meeting-ca\\\/\"},{\"@type\":\"ListItem\",\"position\":3,\"name\":\"Mercados en pausa ante un entorno a\u00fan incierto\"}]},{\"@type\":\"WebSite\",\"@id\":\"https:\\\/\\\/www.tressis.com\\\/ca\\\/#website\",\"url\":\"https:\\\/\\\/www.tressis.com\\\/ca\\\/\",\"name\":\"Tressis banca privada\",\"description\":\"Tressis | Planificaci\u00f3n financiera y gesti\u00f3n de patrimonios\",\"publisher\":{\"@id\":\"https:\\\/\\\/www.tressis.com\\\/ca\\\/#organization\"},\"potentialAction\":[{\"@type\":\"SearchAction\",\"target\":{\"@type\":\"EntryPoint\",\"urlTemplate\":\"https:\\\/\\\/www.tressis.com\\\/ca\\\/?s={search_term_string}\"},\"query-input\":{\"@type\":\"PropertyValueSpecification\",\"valueRequired\":true,\"valueName\":\"search_term_string\"}}],\"inLanguage\":\"ca\"},{\"@type\":\"Organization\",\"@id\":\"https:\\\/\\\/www.tressis.com\\\/ca\\\/#organization\",\"name\":\"Tressis\",\"url\":\"https:\\\/\\\/www.tressis.com\\\/ca\\\/\",\"logo\":{\"@type\":\"ImageObject\",\"inLanguage\":\"ca\",\"@id\":\"https:\\\/\\\/www.tressis.com\\\/ca\\\/#\\\/schema\\\/logo\\\/image\\\/\",\"url\":\"https:\\\/\\\/www.tressis.com\\\/wp-content\\\/uploads\\\/2025\\\/06\\\/logo-tressis-112.png\",\"contentUrl\":\"https:\\\/\\\/www.tressis.com\\\/wp-content\\\/uploads\\\/2025\\\/06\\\/logo-tressis-112.png\",\"width\":112,\"height\":112,\"caption\":\"Tressis\"},\"image\":{\"@id\":\"https:\\\/\\\/www.tressis.com\\\/ca\\\/#\\\/schema\\\/logo\\\/image\\\/\"},\"sameAs\":[\"https:\\\/\\\/www.facebook.com\\\/Tressis\\\/\",\"https:\\\/\\\/x.com\\\/TressisSV\",\"https:\\\/\\\/www.instagram.com\\\/tressissv\\\/?hl=es\",\"https:\\\/\\\/linkedin.com\\\/company\\\/tressis\\\/\",\"https:\\\/\\\/www.youtube.com\\\/user\\\/tressissv\",\"https:\\\/\\\/open.spotify.com\\\/show\\\/3jmTe1Nf0wqMILl7diWV6h?si=d7112519f13c4593&nd=1\"]},{\"@type\":\"Person\",\"@id\":\"https:\\\/\\\/www.tressis.com\\\/ca\\\/#\\\/schema\\\/person\\\/56d3b4de0493f088a4ca62a2e0c790ae\",\"name\":\"Armando\",\"image\":{\"@type\":\"ImageObject\",\"inLanguage\":\"ca\",\"@id\":\"https:\\\/\\\/secure.gravatar.com\\\/avatar\\\/6d7efca74644be7dae792b122beab663996c233ae58f101b52769ece1cbf1435?s=96&d=mm&r=g\",\"url\":\"https:\\\/\\\/secure.gravatar.com\\\/avatar\\\/6d7efca74644be7dae792b122beab663996c233ae58f101b52769ece1cbf1435?s=96&d=mm&r=g\",\"contentUrl\":\"https:\\\/\\\/secure.gravatar.com\\\/avatar\\\/6d7efca74644be7dae792b122beab663996c233ae58f101b52769ece1cbf1435?s=96&d=mm&r=g\",\"caption\":\"Armando\"}}]}<\/script>\n<!-- \/ Yoast SEO plugin. -->","yoast_head_json":{"title":"Mercados en pausa ante un entorno a\u00fan incierto","robots":{"index":"noindex","follow":"nofollow"},"og_locale":"ca_ES","og_type":"article","og_title":"Mercados en pausa ante un entorno a\u00fan incierto","og_description":"La sesi\u00f3n de ayer volvi\u00f3 a estar condicionada por el cruce entre macroeconom\u00eda y geopol\u00edtica, con los inversores pendientes tanto de los datos adelantados como de cualquier avance en el frente de Oriente Medio. En Europa, la referencia principal lleg\u00f3 desde Alemania, donde la confianza del consumidor para mayo mostr\u00f3 una mejora respecto al mes [&hellip;]","og_url":"https:\/\/www.tressis.com\/ca\/blog\/mercados-pausa-entorno-incierto\/","og_site_name":"Tressis","article_publisher":"https:\/\/www.facebook.com\/Tressis\/","article_published_time":"2026-04-28T07:11:10+00:00","article_modified_time":"2026-04-28T07:14:09+00:00","og_image":[{"width":1100,"height":487,"url":"https:\/\/www.tressis.com\/wp-content\/uploads\/2026\/04\/cautela-noticias-20260428.webp","type":"image\/webp"}],"author":"Armando","twitter_card":"summary_large_image","twitter_creator":"@TressisSV","twitter_site":"@TressisSV","twitter_misc":{"Escrit per":"Armando","Temps estimat de lectura":"2 minuts"},"schema":{"@context":"https:\/\/schema.org","@graph":[{"@type":"Article","@id":"https:\/\/www.tressis.com\/ca\/blog\/mercados-pausa-entorno-incierto\/#article","isPartOf":{"@id":"https:\/\/www.tressis.com\/ca\/blog\/mercados-pausa-entorno-incierto\/"},"author":{"name":"Armando","@id":"https:\/\/www.tressis.com\/ca\/#\/schema\/person\/56d3b4de0493f088a4ca62a2e0c790ae"},"headline":"Mercados en pausa ante un entorno a\u00fan incierto","datePublished":"2026-04-28T07:11:10+00:00","dateModified":"2026-04-28T07:14:09+00:00","mainEntityOfPage":{"@id":"https:\/\/www.tressis.com\/ca\/blog\/mercados-pausa-entorno-incierto\/"},"wordCount":500,"publisher":{"@id":"https:\/\/www.tressis.com\/ca\/#organization"},"image":{"@id":"https:\/\/www.tressis.com\/ca\/blog\/mercados-pausa-entorno-incierto\/#primaryimage"},"thumbnailUrl":"https:\/\/www.tressis.com\/wp-content\/uploads\/2026\/04\/cautela-noticias-20260428.webp","articleSection":["Morning meeting"],"inLanguage":"ca"},{"@type":"WebPage","@id":"https:\/\/www.tressis.com\/ca\/blog\/mercados-pausa-entorno-incierto\/","url":"https:\/\/www.tressis.com\/ca\/blog\/mercados-pausa-entorno-incierto\/","name":"Mercados en pausa ante un entorno a\u00fan incierto","isPartOf":{"@id":"https:\/\/www.tressis.com\/ca\/#website"},"primaryImageOfPage":{"@id":"https:\/\/www.tressis.com\/ca\/blog\/mercados-pausa-entorno-incierto\/#primaryimage"},"image":{"@id":"https:\/\/www.tressis.com\/ca\/blog\/mercados-pausa-entorno-incierto\/#primaryimage"},"thumbnailUrl":"https:\/\/www.tressis.com\/wp-content\/uploads\/2026\/04\/cautela-noticias-20260428.webp","datePublished":"2026-04-28T07:11:10+00:00","dateModified":"2026-04-28T07:14:09+00:00","breadcrumb":{"@id":"https:\/\/www.tressis.com\/ca\/blog\/mercados-pausa-entorno-incierto\/#breadcrumb"},"inLanguage":"ca","potentialAction":[{"@type":"ReadAction","target":["https:\/\/www.tressis.com\/ca\/blog\/mercados-pausa-entorno-incierto\/"]}]},{"@type":"ImageObject","inLanguage":"ca","@id":"https:\/\/www.tressis.com\/ca\/blog\/mercados-pausa-entorno-incierto\/#primaryimage","url":"https:\/\/www.tressis.com\/wp-content\/uploads\/2026\/04\/cautela-noticias-20260428.webp","contentUrl":"https:\/\/www.tressis.com\/wp-content\/uploads\/2026\/04\/cautela-noticias-20260428.webp","width":1100,"height":487,"caption":"Cautela inversora a la espera de noticias"},{"@type":"BreadcrumbList","@id":"https:\/\/www.tressis.com\/ca\/blog\/mercados-pausa-entorno-incierto\/#breadcrumb","itemListElement":[{"@type":"ListItem","position":1,"name":"Inicio","item":"https:\/\/www.tressis.com\/ca\/"},{"@type":"ListItem","position":2,"name":"Morning meeting","item":"https:\/\/www.tressis.com\/ca\/blog\/categorias\/morning-meeting-ca\/"},{"@type":"ListItem","position":3,"name":"Mercados en pausa ante un entorno a\u00fan incierto"}]},{"@type":"WebSite","@id":"https:\/\/www.tressis.com\/ca\/#website","url":"https:\/\/www.tressis.com\/ca\/","name":"Tressis banca privada","description":"Tressis | Planificaci\u00f3n financiera y gesti\u00f3n de patrimonios","publisher":{"@id":"https:\/\/www.tressis.com\/ca\/#organization"},"potentialAction":[{"@type":"SearchAction","target":{"@type":"EntryPoint","urlTemplate":"https:\/\/www.tressis.com\/ca\/?s={search_term_string}"},"query-input":{"@type":"PropertyValueSpecification","valueRequired":true,"valueName":"search_term_string"}}],"inLanguage":"ca"},{"@type":"Organization","@id":"https:\/\/www.tressis.com\/ca\/#organization","name":"Tressis","url":"https:\/\/www.tressis.com\/ca\/","logo":{"@type":"ImageObject","inLanguage":"ca","@id":"https:\/\/www.tressis.com\/ca\/#\/schema\/logo\/image\/","url":"https:\/\/www.tressis.com\/wp-content\/uploads\/2025\/06\/logo-tressis-112.png","contentUrl":"https:\/\/www.tressis.com\/wp-content\/uploads\/2025\/06\/logo-tressis-112.png","width":112,"height":112,"caption":"Tressis"},"image":{"@id":"https:\/\/www.tressis.com\/ca\/#\/schema\/logo\/image\/"},"sameAs":["https:\/\/www.facebook.com\/Tressis\/","https:\/\/x.com\/TressisSV","https:\/\/www.instagram.com\/tressissv\/?hl=es","https:\/\/linkedin.com\/company\/tressis\/","https:\/\/www.youtube.com\/user\/tressissv","https:\/\/open.spotify.com\/show\/3jmTe1Nf0wqMILl7diWV6h?si=d7112519f13c4593&nd=1"]},{"@type":"Person","@id":"https:\/\/www.tressis.com\/ca\/#\/schema\/person\/56d3b4de0493f088a4ca62a2e0c790ae","name":"Armando","image":{"@type":"ImageObject","inLanguage":"ca","@id":"https:\/\/secure.gravatar.com\/avatar\/6d7efca74644be7dae792b122beab663996c233ae58f101b52769ece1cbf1435?s=96&d=mm&r=g","url":"https:\/\/secure.gravatar.com\/avatar\/6d7efca74644be7dae792b122beab663996c233ae58f101b52769ece1cbf1435?s=96&d=mm&r=g","contentUrl":"https:\/\/secure.gravatar.com\/avatar\/6d7efca74644be7dae792b122beab663996c233ae58f101b52769ece1cbf1435?s=96&d=mm&r=g","caption":"Armando"}}]}},"_links":{"self":[{"href":"https:\/\/www.tressis.com\/ca\/wp-json\/wp\/v2\/posts\/117045","targetHints":{"allow":["GET"]}}],"collection":[{"href":"https:\/\/www.tressis.com\/ca\/wp-json\/wp\/v2\/posts"}],"about":[{"href":"https:\/\/www.tressis.com\/ca\/wp-json\/wp\/v2\/types\/post"}],"author":[{"embeddable":true,"href":"https:\/\/www.tressis.com\/ca\/wp-json\/wp\/v2\/users\/9"}],"replies":[{"embeddable":true,"href":"https:\/\/www.tressis.com\/ca\/wp-json\/wp\/v2\/comments?post=117045"}],"version-history":[{"count":3,"href":"https:\/\/www.tressis.com\/ca\/wp-json\/wp\/v2\/posts\/117045\/revisions"}],"predecessor-version":[{"id":117051,"href":"https:\/\/www.tressis.com\/ca\/wp-json\/wp\/v2\/posts\/117045\/revisions\/117051"}],"wp:featuredmedia":[{"embeddable":true,"href":"https:\/\/www.tressis.com\/ca\/wp-json\/wp\/v2\/media\/117048"}],"wp:attachment":[{"href":"https:\/\/www.tressis.com\/ca\/wp-json\/wp\/v2\/media?parent=117045"}],"wp:term":[{"taxonomy":"category","embeddable":true,"href":"https:\/\/www.tressis.com\/ca\/wp-json\/wp\/v2\/categories?post=117045"},{"taxonomy":"post_tag","embeddable":true,"href":"https:\/\/www.tressis.com\/ca\/wp-json\/wp\/v2\/tags?post=117045"}],"curies":[{"name":"wp","href":"https:\/\/api.w.org\/{rel}","templated":true}]}}