{"id":116992,"date":"2026-04-27T09:10:55","date_gmt":"2026-04-27T07:10:55","guid":{"rendered":"https:\/\/www.tressis.com\/?p=116992"},"modified":"2026-04-27T12:37:57","modified_gmt":"2026-04-27T10:37:57","slug":"bolsas-retroceden-temporada-resultados","status":"publish","type":"post","link":"https:\/\/www.tressis.com\/ca\/blog\/bolsas-retroceden-temporada-resultados\/","title":{"rendered":"Las bolsas retroceden en plena temporada de resultados"},"content":{"rendered":"<p>Los inversores parecen haberse acostumbrado a la <b>calma tensa<\/b> que impera en los mercados financieros durante las \u00faltimas semanas, per\u00edodo en el que el conflicto de Oriente Medio ha copado todos los titulares. Llegados a este punto, la gran inc\u00f3gnita es saber c\u00f3mo de duradero va a ser el <b>alto el fuego<\/b> anunciado por <b>Donald Trump<\/b> de manera unilateral, especialmente cuando Ir\u00e1n est\u00e1 atacando barcos petroleros que pasan por el <b>estrecho de Ormuz<\/b>.<\/p>\n<p>&nbsp;<\/p>\n<h2><strong>Divergencia en los mercados<\/strong><\/h2>\n<p>La sesi\u00f3n del viernes en los mercados financieros fue un fiel reflejo de lo que pas\u00f3 durante la semana. Los \u00edndices europeos cerraron la jornada a la baja (Ibex 35 -1,09%; FTSE 100 -0,75%; CAC 40 -0,84%), mientras que los estadounidenses lo hicieron mayoritariamente con alzas (<b>S&amp;P 500<\/b> 0,80%, <b>Nasdaq<\/b> 1,63% y <b>Dow Jones<\/b> -0,16%). La <b>divergencia en el comportamiento<\/b> de las bolsas en Estados Unidos y Europa se explica por los datos macroecon\u00f3micos publicados y por la publicaci\u00f3n de resultados empresariales correspondientes al primer trimestre.<\/p>\n<p>&nbsp;<\/p>\n<p><center><a href=\"https:\/\/www.tressis.com\/tressis-vision\/?utm_source=web_publica&amp;utm_medium=direct&amp;utm_campaign=descarga_paper&amp;utm_term=tressisvision&amp;utm_content=blog_MMV\" target=\"_blank\" rel=\"noopener\"><img fetchpriority=\"high\" decoding=\"async\" class=\"aligncenter wp-image-67199 size-full\" src=\"https:\/\/www.tressis.com\/wp-content\/uploads\/2023\/03\/CTA-Tressis-vision-para-articulos-blog.jpg\" alt=\"Informe mensual - Tressis visi\u00f3n\" width=\"800\" height=\"354\" srcset=\"https:\/\/www.tressis.com\/wp-content\/uploads\/2023\/03\/CTA-Tressis-vision-para-articulos-blog.jpg 800w, https:\/\/www.tressis.com\/wp-content\/uploads\/2023\/03\/CTA-Tressis-vision-para-articulos-blog-300x133.jpg 300w, https:\/\/www.tressis.com\/wp-content\/uploads\/2023\/03\/CTA-Tressis-vision-para-articulos-blog-768x340.jpg 768w\" sizes=\"(max-width: 800px) 100vw, 800px\" \/><\/a><\/center>&nbsp;<\/p>\n<h2><strong>Resultados empresariales en Estados Unidos<\/strong><\/h2>\n<p>El 18% de las compa\u00f1\u00edas que integran el <strong>S&amp;P 500<\/strong> han publicado sus cuentas. De ellas, el 84% han batido las estimaciones de beneficios y el 81% las de ventas. Adem\u00e1s, con estas cifras encima de la mesa, se prev\u00e9 que los beneficios hayan crecido un <b>15,1%<\/b> respecto al primer trimestre de 2025, lo que supondr\u00eda el sexto trimestre consecutivo de alzas de doble d\u00edgito en los ingresos respecto al a\u00f1o precedente. Adem\u00e1s, se estima que el margen neto se va a situar en el <b>13,4%<\/b>, aumentando desde el 13,2%, el mayor nivel de los \u00faltimos quince a\u00f1os.<\/p>\n<p>&nbsp;<\/p>\n<p>Evoluci\u00f3n del margen neto de las empresas integrantes del S&amp;P 500.<\/p>\n<p><img decoding=\"async\" class=\"aligncenter size-full wp-image-116994\" src=\"https:\/\/www.tressis.com\/wp-content\/uploads\/2026\/04\/evolucion-empresas-sp.webp\" alt=\"Evoluci\u00f3n de las empresas del S&amp;P\" width=\"567\" height=\"327\" srcset=\"https:\/\/www.tressis.com\/wp-content\/uploads\/2026\/04\/evolucion-empresas-sp.webp 567w, https:\/\/www.tressis.com\/wp-content\/uploads\/2026\/04\/evolucion-empresas-sp-300x173.webp 300w\" sizes=\"(max-width: 567px) 100vw, 567px\" \/><\/p>\n<p class=\"smallPie\">Fuente: Factset.<\/p>\n<p>&nbsp;<\/p>\n<h2><strong>Resiliencia de la econom\u00eda estadounidense<\/strong><\/h2>\n<p>En lo referente al estado de la econom\u00eda estadounidense, las cifras conocidas durante la semana pasada muestran una <b>mayor resiliencia<\/b> que la prevista. Por el lado de las ventas minoristas del mes de marzo, estas avanzaron un 1,7% (vs. 1,4% estimado), desde el 0,7% que lo hicieron en febrero. En cuanto al tejido empresarial americano, medido a trav\u00e9s del <b>PMI preliminar<\/b> del mes de abril, tambi\u00e9n apuntan a este hecho. El indicativo manufacturero subiendo a <b>54<\/b>, el de servicios situ\u00e1ndose en <b>51,3<\/b> y el compuesto en <b>52<\/b>; todos ellos en territorio de expansi\u00f3n.<\/p>\n<p>&nbsp;<\/p>\n<h2><strong>Debilidad en empleo y confianza<\/strong><\/h2>\n<p>La nota negativa vino por el lado del mercado laboral y por el informe de la <b>Universidad de Michigan<\/b>. Las peticiones de subsidio por desempleo semanal repuntaron hasta las <b>214.000<\/b> por las 211.000 previstas. Las peticiones continuas se situaron en <b>1.821.000<\/b>. Adem\u00e1s, el viernes por la tarde se conoci\u00f3 la <b>confianza del consumidor<\/b>, que sali\u00f3 mejor que la previsi\u00f3n (48,1 vs. 47,7), aunque contin\u00faa mostrando debilidad. Adem\u00e1s, las <b>expectativas de inflaci\u00f3n<\/b> a un a\u00f1o est\u00e1n ancladas en niveles elevados (4,7%), con las de largo plazo en niveles m\u00e1s moderados (3,5%).<\/p>\n<p>&nbsp;<\/p>\n<h2><strong>Europa, con divergencia econ\u00f3mica<\/strong><\/h2>\n<p>En la zona euro, se ha hecho m\u00e1s notable la <b>divergencia<\/b> entre la recuperaci\u00f3n industrial y el deterioro generalizado de la confianza de los agentes econ\u00f3micos.<\/p>\n<p>La semana comenz\u00f3 con cierta tensi\u00f3n tras la publicaci\u00f3n del <b>IPP en Alemania<\/b>, que repunt\u00f3 hasta el 2,5%, apuntando a presiones inflacionistas en la cadena de producci\u00f3n. Esta tendencia se vio reforzada el viernes con el aumento del IPP en Espa\u00f1a, que alcanz\u00f3 el <b>3,4%<\/b>. Este repunte de los costes coincidi\u00f3 con unos indicadores de confianza empresarial en Alemania, como el \u00edndice <b>ZEW<\/b> y el <b>Ifo<\/b>, que ofrecieron lecturas d\u00e9biles, situando la valoraci\u00f3n de la situaci\u00f3n actual en niveles muy deprimidos, en torno a -73,7, y reflejando un entorno de pesimismo empresarial. Este comportamiento contrasta con la evoluci\u00f3n del <b>PMI manufacturero<\/b>, que logr\u00f3 situarse por encima de los 50 puntos, entrando en terreno expansivo.<\/p>\n<p>&nbsp;<\/p>\n<h2><strong>Diferencias entre sectores econ\u00f3micos<\/strong><\/h2>\n<p>Sin embargo, esta mejora en el sector industrial no se ha trasladado al resto de la econom\u00eda. Los <b>PMI de servicios<\/b>, tanto en Alemania como en el conjunto de la zona euro, permanecen en zona de contracci\u00f3n, mientras que la <b>confianza del consumidor<\/b> sigue estancada en niveles negativos.<\/p>\n<p>&nbsp;<\/p>\n<h2><strong>Movimientos en renta fija privada y deuda p\u00fablica<\/strong><\/h2>\n<p>Los mercados de deuda p\u00fablica reflejaron la incertidumbre con un aumento del rendimiento exigido en todos los tramos de la curva estadounidense y alemana. En ambos casos, la mayor variaci\u00f3n se dio en la deuda a <b>dos a\u00f1os<\/b>, mientras que el impacto en las referencias a <b>diez a\u00f1os<\/b> fue menor. Adem\u00e1s, en el caso del cr\u00e9dito corporativo europeo, los diferenciales se ampliaron entre 2 puntos b\u00e1sicos en grado de inversi\u00f3n y 13 en <b>alto rendimiento<\/b>.<\/p>\n<p>&nbsp;<\/p>\n<h2><strong>Pol\u00edtica monetaria<\/strong><\/h2>\n<p>En lo referente a la pol\u00edtica monetaria, cabe destacar que <b>Kevin Warsh<\/b>, banquero nominado a suceder a <b>Jerome Powell<\/b> al frente de la Fed, compareci\u00f3 ante el Senado, donde afirm\u00f3 que <b>Donald Trump<\/b> no le hab\u00eda persuadido para bajar los tipos de inter\u00e9s y manifest\u00f3 su intenci\u00f3n de reducir el tama\u00f1o del balance por un importe de unos <b>100.000 millones de d\u00f3lares<\/b> al mes y reinvertirlo en activos tradicionales. Tan solo faltaba un \u00faltimo obst\u00e1culo: que el senador Thom Tillis levantase el veto a la nominaci\u00f3n de Warsh una vez Trump hubiera retirado la denuncia contra Powell, hecho que tuvo lugar el viernes por la tarde.<\/p>\n<p>&nbsp;<\/p>\n<h2><strong>Claves de la semana<\/strong><\/h2>\n<p>De cara a esta semana, conviene estar atentos a las reuniones de los <b>bancos centrales<\/b> de Estados Unidos, Canad\u00e1, zona euro y del Reino Unido. Adem\u00e1s de ello, los inversores pondr\u00e1n toda su atenci\u00f3n en la evoluci\u00f3n del conflicto en Oriente Medio y en la continuaci\u00f3n de la <b>temporada de resultados<\/b> del primer trimestre. Finalmente, por el lado macroecon\u00f3mico, conoceremos la inflaci\u00f3n y la tasa de paro de abril de la zona euro, mientras que en Estados Unidos ver\u00e1 la luz el dato de <b>PCE de marzo<\/b>, <b>PIB del primer trimestre<\/b> y la confianza del consumidor de abril.<\/p>\n<p>Feliz semana.<\/p>\n<p>&nbsp;<\/p>\n<p><center><strong>Samuel P\u00e9rez Ogayar<\/strong><br \/>\nAnalista<\/center><\/p>\n","protected":false},"excerpt":{"rendered":"<p>Los inversores parecen haberse acostumbrado a la calma tensa que impera en los mercados financieros durante las \u00faltimas semanas, per\u00edodo en el que el conflicto de Oriente Medio ha copado todos los titulares. Llegados a este punto, la gran inc\u00f3gnita es saber c\u00f3mo de duradero va a ser el alto el fuego anunciado por Donald [&hellip;]<\/p>\n","protected":false},"author":4,"featured_media":116998,"comment_status":"closed","ping_status":"open","sticky":false,"template":"","format":"standard","meta":{"_acf_changed":false,"footnotes":""},"categories":[9721],"tags":[],"class_list":["post-116992","post","type-post","status-publish","format-standard","has-post-thumbnail","hentry","category-morning-meeting"],"acf":[],"yoast_head":"<!-- This site is optimized with the Yoast SEO plugin v27.4 - https:\/\/yoast.com\/product\/yoast-seo-wordpress\/ -->\n<title>Las bolsas retroceden en plena temporada de resultados<\/title>\n<meta name=\"robots\" content=\"noindex, nofollow\" \/>\n<meta property=\"og:locale\" content=\"ca_ES\" \/>\n<meta property=\"og:type\" content=\"article\" \/>\n<meta property=\"og:title\" content=\"Las bolsas retroceden en plena temporada de resultados\" \/>\n<meta property=\"og:description\" content=\"Los inversores parecen haberse acostumbrado a la calma tensa que impera en los mercados financieros durante las \u00faltimas semanas, per\u00edodo en el que el conflicto de Oriente Medio ha copado todos los titulares. Llegados a este punto, la gran inc\u00f3gnita es saber c\u00f3mo de duradero va a ser el alto el fuego anunciado por Donald [&hellip;]\" \/>\n<meta property=\"og:url\" content=\"https:\/\/www.tressis.com\/ca\/blog\/bolsas-retroceden-temporada-resultados\/\" \/>\n<meta property=\"og:site_name\" content=\"Tressis\" \/>\n<meta property=\"article:publisher\" content=\"https:\/\/www.facebook.com\/Tressis\/\" \/>\n<meta property=\"article:published_time\" content=\"2026-04-27T07:10:55+00:00\" \/>\n<meta property=\"article:modified_time\" content=\"2026-04-27T10:37:57+00:00\" \/>\n<meta property=\"og:image\" content=\"https:\/\/www.tressis.com\/wp-content\/uploads\/2026\/04\/temporada-resultados-empresariales.webp\" \/>\n\t<meta property=\"og:image:width\" content=\"1200\" \/>\n\t<meta property=\"og:image:height\" content=\"531\" \/>\n\t<meta property=\"og:image:type\" content=\"image\/webp\" \/>\n<meta name=\"author\" content=\"Lola\" \/>\n<meta name=\"twitter:card\" content=\"summary_large_image\" \/>\n<meta name=\"twitter:creator\" content=\"@TressisSV\" \/>\n<meta name=\"twitter:site\" content=\"@TressisSV\" \/>\n<meta name=\"twitter:label1\" content=\"Escrit per\" \/>\n\t<meta name=\"twitter:data1\" content=\"Lola\" \/>\n\t<meta name=\"twitter:label2\" content=\"Temps estimat de lectura\" \/>\n\t<meta name=\"twitter:data2\" content=\"5 minuts\" \/>\n<script type=\"application\/ld+json\" class=\"yoast-schema-graph\">{\"@context\":\"https:\\\/\\\/schema.org\",\"@graph\":[{\"@type\":\"Article\",\"@id\":\"https:\\\/\\\/www.tressis.com\\\/ca\\\/blog\\\/bolsas-retroceden-temporada-resultados\\\/#article\",\"isPartOf\":{\"@id\":\"https:\\\/\\\/www.tressis.com\\\/ca\\\/blog\\\/bolsas-retroceden-temporada-resultados\\\/\"},\"author\":{\"name\":\"Lola\",\"@id\":\"https:\\\/\\\/www.tressis.com\\\/ca\\\/#\\\/schema\\\/person\\\/b833c1d724d8764920b6d6852c70584e\"},\"headline\":\"Las bolsas retroceden en plena temporada de resultados\",\"datePublished\":\"2026-04-27T07:10:55+00:00\",\"dateModified\":\"2026-04-27T10:37:57+00:00\",\"mainEntityOfPage\":{\"@id\":\"https:\\\/\\\/www.tressis.com\\\/ca\\\/blog\\\/bolsas-retroceden-temporada-resultados\\\/\"},\"wordCount\":1029,\"publisher\":{\"@id\":\"https:\\\/\\\/www.tressis.com\\\/ca\\\/#organization\"},\"image\":{\"@id\":\"https:\\\/\\\/www.tressis.com\\\/ca\\\/blog\\\/bolsas-retroceden-temporada-resultados\\\/#primaryimage\"},\"thumbnailUrl\":\"https:\\\/\\\/www.tressis.com\\\/wp-content\\\/uploads\\\/2026\\\/04\\\/temporada-resultados-empresariales.webp\",\"articleSection\":[\"Morning meeting\"],\"inLanguage\":\"ca\"},{\"@type\":\"WebPage\",\"@id\":\"https:\\\/\\\/www.tressis.com\\\/ca\\\/blog\\\/bolsas-retroceden-temporada-resultados\\\/\",\"url\":\"https:\\\/\\\/www.tressis.com\\\/ca\\\/blog\\\/bolsas-retroceden-temporada-resultados\\\/\",\"name\":\"Las bolsas retroceden en plena temporada de resultados\",\"isPartOf\":{\"@id\":\"https:\\\/\\\/www.tressis.com\\\/ca\\\/#website\"},\"primaryImageOfPage\":{\"@id\":\"https:\\\/\\\/www.tressis.com\\\/ca\\\/blog\\\/bolsas-retroceden-temporada-resultados\\\/#primaryimage\"},\"image\":{\"@id\":\"https:\\\/\\\/www.tressis.com\\\/ca\\\/blog\\\/bolsas-retroceden-temporada-resultados\\\/#primaryimage\"},\"thumbnailUrl\":\"https:\\\/\\\/www.tressis.com\\\/wp-content\\\/uploads\\\/2026\\\/04\\\/temporada-resultados-empresariales.webp\",\"datePublished\":\"2026-04-27T07:10:55+00:00\",\"dateModified\":\"2026-04-27T10:37:57+00:00\",\"breadcrumb\":{\"@id\":\"https:\\\/\\\/www.tressis.com\\\/ca\\\/blog\\\/bolsas-retroceden-temporada-resultados\\\/#breadcrumb\"},\"inLanguage\":\"ca\",\"potentialAction\":[{\"@type\":\"ReadAction\",\"target\":[\"https:\\\/\\\/www.tressis.com\\\/ca\\\/blog\\\/bolsas-retroceden-temporada-resultados\\\/\"]}]},{\"@type\":\"ImageObject\",\"inLanguage\":\"ca\",\"@id\":\"https:\\\/\\\/www.tressis.com\\\/ca\\\/blog\\\/bolsas-retroceden-temporada-resultados\\\/#primaryimage\",\"url\":\"https:\\\/\\\/www.tressis.com\\\/wp-content\\\/uploads\\\/2026\\\/04\\\/temporada-resultados-empresariales.webp\",\"contentUrl\":\"https:\\\/\\\/www.tressis.com\\\/wp-content\\\/uploads\\\/2026\\\/04\\\/temporada-resultados-empresariales.webp\",\"width\":1200,\"height\":531},{\"@type\":\"BreadcrumbList\",\"@id\":\"https:\\\/\\\/www.tressis.com\\\/ca\\\/blog\\\/bolsas-retroceden-temporada-resultados\\\/#breadcrumb\",\"itemListElement\":[{\"@type\":\"ListItem\",\"position\":1,\"name\":\"Inicio\",\"item\":\"https:\\\/\\\/www.tressis.com\\\/ca\\\/\"},{\"@type\":\"ListItem\",\"position\":2,\"name\":\"Morning meeting\",\"item\":\"https:\\\/\\\/www.tressis.com\\\/ca\\\/blog\\\/categorias\\\/morning-meeting-ca\\\/\"},{\"@type\":\"ListItem\",\"position\":3,\"name\":\"Las bolsas retroceden en plena temporada de resultados\"}]},{\"@type\":\"WebSite\",\"@id\":\"https:\\\/\\\/www.tressis.com\\\/ca\\\/#website\",\"url\":\"https:\\\/\\\/www.tressis.com\\\/ca\\\/\",\"name\":\"Tressis banca privada\",\"description\":\"Tressis | Planificaci\u00f3n financiera y gesti\u00f3n de patrimonios\",\"publisher\":{\"@id\":\"https:\\\/\\\/www.tressis.com\\\/ca\\\/#organization\"},\"potentialAction\":[{\"@type\":\"SearchAction\",\"target\":{\"@type\":\"EntryPoint\",\"urlTemplate\":\"https:\\\/\\\/www.tressis.com\\\/ca\\\/?s={search_term_string}\"},\"query-input\":{\"@type\":\"PropertyValueSpecification\",\"valueRequired\":true,\"valueName\":\"search_term_string\"}}],\"inLanguage\":\"ca\"},{\"@type\":\"Organization\",\"@id\":\"https:\\\/\\\/www.tressis.com\\\/ca\\\/#organization\",\"name\":\"Tressis\",\"url\":\"https:\\\/\\\/www.tressis.com\\\/ca\\\/\",\"logo\":{\"@type\":\"ImageObject\",\"inLanguage\":\"ca\",\"@id\":\"https:\\\/\\\/www.tressis.com\\\/ca\\\/#\\\/schema\\\/logo\\\/image\\\/\",\"url\":\"https:\\\/\\\/www.tressis.com\\\/wp-content\\\/uploads\\\/2025\\\/06\\\/logo-tressis-112.png\",\"contentUrl\":\"https:\\\/\\\/www.tressis.com\\\/wp-content\\\/uploads\\\/2025\\\/06\\\/logo-tressis-112.png\",\"width\":112,\"height\":112,\"caption\":\"Tressis\"},\"image\":{\"@id\":\"https:\\\/\\\/www.tressis.com\\\/ca\\\/#\\\/schema\\\/logo\\\/image\\\/\"},\"sameAs\":[\"https:\\\/\\\/www.facebook.com\\\/Tressis\\\/\",\"https:\\\/\\\/x.com\\\/TressisSV\",\"https:\\\/\\\/www.instagram.com\\\/tressissv\\\/?hl=es\",\"https:\\\/\\\/linkedin.com\\\/company\\\/tressis\\\/\",\"https:\\\/\\\/www.youtube.com\\\/user\\\/tressissv\",\"https:\\\/\\\/open.spotify.com\\\/show\\\/3jmTe1Nf0wqMILl7diWV6h?si=d7112519f13c4593&nd=1\"]},{\"@type\":\"Person\",\"@id\":\"https:\\\/\\\/www.tressis.com\\\/ca\\\/#\\\/schema\\\/person\\\/b833c1d724d8764920b6d6852c70584e\",\"name\":\"Lola\",\"image\":{\"@type\":\"ImageObject\",\"inLanguage\":\"ca\",\"@id\":\"https:\\\/\\\/secure.gravatar.com\\\/avatar\\\/05e646486b23ff45df9649110609c7e31b8c4a3e2821caa23d6317f405e0c51d?s=96&d=mm&r=g\",\"url\":\"https:\\\/\\\/secure.gravatar.com\\\/avatar\\\/05e646486b23ff45df9649110609c7e31b8c4a3e2821caa23d6317f405e0c51d?s=96&d=mm&r=g\",\"contentUrl\":\"https:\\\/\\\/secure.gravatar.com\\\/avatar\\\/05e646486b23ff45df9649110609c7e31b8c4a3e2821caa23d6317f405e0c51d?s=96&d=mm&r=g\",\"caption\":\"Lola\"}}]}<\/script>\n<!-- \/ Yoast SEO plugin. -->","yoast_head_json":{"title":"Las bolsas retroceden en plena temporada de resultados","robots":{"index":"noindex","follow":"nofollow"},"og_locale":"ca_ES","og_type":"article","og_title":"Las bolsas retroceden en plena temporada de resultados","og_description":"Los inversores parecen haberse acostumbrado a la calma tensa que impera en los mercados financieros durante las \u00faltimas semanas, per\u00edodo en el que el conflicto de Oriente Medio ha copado todos los titulares. Llegados a este punto, la gran inc\u00f3gnita es saber c\u00f3mo de duradero va a ser el alto el fuego anunciado por Donald [&hellip;]","og_url":"https:\/\/www.tressis.com\/ca\/blog\/bolsas-retroceden-temporada-resultados\/","og_site_name":"Tressis","article_publisher":"https:\/\/www.facebook.com\/Tressis\/","article_published_time":"2026-04-27T07:10:55+00:00","article_modified_time":"2026-04-27T10:37:57+00:00","og_image":[{"width":1200,"height":531,"url":"https:\/\/www.tressis.com\/wp-content\/uploads\/2026\/04\/temporada-resultados-empresariales.webp","type":"image\/webp"}],"author":"Lola","twitter_card":"summary_large_image","twitter_creator":"@TressisSV","twitter_site":"@TressisSV","twitter_misc":{"Escrit per":"Lola","Temps estimat de lectura":"5 minuts"},"schema":{"@context":"https:\/\/schema.org","@graph":[{"@type":"Article","@id":"https:\/\/www.tressis.com\/ca\/blog\/bolsas-retroceden-temporada-resultados\/#article","isPartOf":{"@id":"https:\/\/www.tressis.com\/ca\/blog\/bolsas-retroceden-temporada-resultados\/"},"author":{"name":"Lola","@id":"https:\/\/www.tressis.com\/ca\/#\/schema\/person\/b833c1d724d8764920b6d6852c70584e"},"headline":"Las bolsas retroceden en plena temporada de resultados","datePublished":"2026-04-27T07:10:55+00:00","dateModified":"2026-04-27T10:37:57+00:00","mainEntityOfPage":{"@id":"https:\/\/www.tressis.com\/ca\/blog\/bolsas-retroceden-temporada-resultados\/"},"wordCount":1029,"publisher":{"@id":"https:\/\/www.tressis.com\/ca\/#organization"},"image":{"@id":"https:\/\/www.tressis.com\/ca\/blog\/bolsas-retroceden-temporada-resultados\/#primaryimage"},"thumbnailUrl":"https:\/\/www.tressis.com\/wp-content\/uploads\/2026\/04\/temporada-resultados-empresariales.webp","articleSection":["Morning meeting"],"inLanguage":"ca"},{"@type":"WebPage","@id":"https:\/\/www.tressis.com\/ca\/blog\/bolsas-retroceden-temporada-resultados\/","url":"https:\/\/www.tressis.com\/ca\/blog\/bolsas-retroceden-temporada-resultados\/","name":"Las bolsas retroceden en plena temporada de resultados","isPartOf":{"@id":"https:\/\/www.tressis.com\/ca\/#website"},"primaryImageOfPage":{"@id":"https:\/\/www.tressis.com\/ca\/blog\/bolsas-retroceden-temporada-resultados\/#primaryimage"},"image":{"@id":"https:\/\/www.tressis.com\/ca\/blog\/bolsas-retroceden-temporada-resultados\/#primaryimage"},"thumbnailUrl":"https:\/\/www.tressis.com\/wp-content\/uploads\/2026\/04\/temporada-resultados-empresariales.webp","datePublished":"2026-04-27T07:10:55+00:00","dateModified":"2026-04-27T10:37:57+00:00","breadcrumb":{"@id":"https:\/\/www.tressis.com\/ca\/blog\/bolsas-retroceden-temporada-resultados\/#breadcrumb"},"inLanguage":"ca","potentialAction":[{"@type":"ReadAction","target":["https:\/\/www.tressis.com\/ca\/blog\/bolsas-retroceden-temporada-resultados\/"]}]},{"@type":"ImageObject","inLanguage":"ca","@id":"https:\/\/www.tressis.com\/ca\/blog\/bolsas-retroceden-temporada-resultados\/#primaryimage","url":"https:\/\/www.tressis.com\/wp-content\/uploads\/2026\/04\/temporada-resultados-empresariales.webp","contentUrl":"https:\/\/www.tressis.com\/wp-content\/uploads\/2026\/04\/temporada-resultados-empresariales.webp","width":1200,"height":531},{"@type":"BreadcrumbList","@id":"https:\/\/www.tressis.com\/ca\/blog\/bolsas-retroceden-temporada-resultados\/#breadcrumb","itemListElement":[{"@type":"ListItem","position":1,"name":"Inicio","item":"https:\/\/www.tressis.com\/ca\/"},{"@type":"ListItem","position":2,"name":"Morning meeting","item":"https:\/\/www.tressis.com\/ca\/blog\/categorias\/morning-meeting-ca\/"},{"@type":"ListItem","position":3,"name":"Las bolsas retroceden en plena temporada de resultados"}]},{"@type":"WebSite","@id":"https:\/\/www.tressis.com\/ca\/#website","url":"https:\/\/www.tressis.com\/ca\/","name":"Tressis banca privada","description":"Tressis | Planificaci\u00f3n financiera y gesti\u00f3n de patrimonios","publisher":{"@id":"https:\/\/www.tressis.com\/ca\/#organization"},"potentialAction":[{"@type":"SearchAction","target":{"@type":"EntryPoint","urlTemplate":"https:\/\/www.tressis.com\/ca\/?s={search_term_string}"},"query-input":{"@type":"PropertyValueSpecification","valueRequired":true,"valueName":"search_term_string"}}],"inLanguage":"ca"},{"@type":"Organization","@id":"https:\/\/www.tressis.com\/ca\/#organization","name":"Tressis","url":"https:\/\/www.tressis.com\/ca\/","logo":{"@type":"ImageObject","inLanguage":"ca","@id":"https:\/\/www.tressis.com\/ca\/#\/schema\/logo\/image\/","url":"https:\/\/www.tressis.com\/wp-content\/uploads\/2025\/06\/logo-tressis-112.png","contentUrl":"https:\/\/www.tressis.com\/wp-content\/uploads\/2025\/06\/logo-tressis-112.png","width":112,"height":112,"caption":"Tressis"},"image":{"@id":"https:\/\/www.tressis.com\/ca\/#\/schema\/logo\/image\/"},"sameAs":["https:\/\/www.facebook.com\/Tressis\/","https:\/\/x.com\/TressisSV","https:\/\/www.instagram.com\/tressissv\/?hl=es","https:\/\/linkedin.com\/company\/tressis\/","https:\/\/www.youtube.com\/user\/tressissv","https:\/\/open.spotify.com\/show\/3jmTe1Nf0wqMILl7diWV6h?si=d7112519f13c4593&nd=1"]},{"@type":"Person","@id":"https:\/\/www.tressis.com\/ca\/#\/schema\/person\/b833c1d724d8764920b6d6852c70584e","name":"Lola","image":{"@type":"ImageObject","inLanguage":"ca","@id":"https:\/\/secure.gravatar.com\/avatar\/05e646486b23ff45df9649110609c7e31b8c4a3e2821caa23d6317f405e0c51d?s=96&d=mm&r=g","url":"https:\/\/secure.gravatar.com\/avatar\/05e646486b23ff45df9649110609c7e31b8c4a3e2821caa23d6317f405e0c51d?s=96&d=mm&r=g","contentUrl":"https:\/\/secure.gravatar.com\/avatar\/05e646486b23ff45df9649110609c7e31b8c4a3e2821caa23d6317f405e0c51d?s=96&d=mm&r=g","caption":"Lola"}}]}},"_links":{"self":[{"href":"https:\/\/www.tressis.com\/ca\/wp-json\/wp\/v2\/posts\/116992","targetHints":{"allow":["GET"]}}],"collection":[{"href":"https:\/\/www.tressis.com\/ca\/wp-json\/wp\/v2\/posts"}],"about":[{"href":"https:\/\/www.tressis.com\/ca\/wp-json\/wp\/v2\/types\/post"}],"author":[{"embeddable":true,"href":"https:\/\/www.tressis.com\/ca\/wp-json\/wp\/v2\/users\/4"}],"replies":[{"embeddable":true,"href":"https:\/\/www.tressis.com\/ca\/wp-json\/wp\/v2\/comments?post=116992"}],"version-history":[{"count":4,"href":"https:\/\/www.tressis.com\/ca\/wp-json\/wp\/v2\/posts\/116992\/revisions"}],"predecessor-version":[{"id":117020,"href":"https:\/\/www.tressis.com\/ca\/wp-json\/wp\/v2\/posts\/116992\/revisions\/117020"}],"wp:featuredmedia":[{"embeddable":true,"href":"https:\/\/www.tressis.com\/ca\/wp-json\/wp\/v2\/media\/116998"}],"wp:attachment":[{"href":"https:\/\/www.tressis.com\/ca\/wp-json\/wp\/v2\/media?parent=116992"}],"wp:term":[{"taxonomy":"category","embeddable":true,"href":"https:\/\/www.tressis.com\/ca\/wp-json\/wp\/v2\/categories?post=116992"},{"taxonomy":"post_tag","embeddable":true,"href":"https:\/\/www.tressis.com\/ca\/wp-json\/wp\/v2\/tags?post=116992"}],"curies":[{"name":"wp","href":"https:\/\/api.w.org\/{rel}","templated":true}]}}