{"id":116025,"date":"2026-03-11T08:46:11","date_gmt":"2026-03-11T07:46:11","guid":{"rendered":"https:\/\/www.tressis.com\/?p=116025"},"modified":"2026-03-11T13:02:36","modified_gmt":"2026-03-11T12:02:36","slug":"europa-rebota-mientras-wall-street-modera-el-ritmo","status":"publish","type":"post","link":"https:\/\/www.tressis.com\/ca\/blog\/europa-rebota-mientras-wall-street-modera-el-ritmo\/","title":{"rendered":"Europa rebota mientras Wall Street modera el ritmo"},"content":{"rendered":"<p>Ayer la sesi\u00f3n en Europa fue una continuaci\u00f3n del <b>rebote en los mercados<\/b> del lunes en Estados Unidos por la expectativa de que el conflicto en Ir\u00e1n sea una <b>guerra corta<\/b>, se pueda controlar el tr\u00e1fico en el <b>estrecho de Ormuz<\/b> y se normalicen los precios de la energ\u00eda. Los mercados en Europa que hab\u00edan sido m\u00e1s castigados durante la semana pasada, ante su mayor dependencia energ\u00e9tica, <span data-olk-copy-source=\"MessageBody\">el lunes no se vieron apenas beneficiados ya que las palabras de Trump, anunciando un desenlace r\u00e1pido, fueron pronunciadas con los parqu\u00e9s europeos cerrados.<\/span><\/p>\n<p>&nbsp;<\/p>\n<p><center><a href=\"https:\/\/www.tressis.com\/tressis-vision\/?utm_source=web_publica&amp;utm_medium=direct&amp;utm_campaign=descarga_paper&amp;utm_term=tressisvision&amp;utm_content=blog_MMV\" target=\"_blank\" rel=\"noopener\"><img fetchpriority=\"high\" decoding=\"async\" class=\"aligncenter wp-image-67199 size-full\" src=\"https:\/\/www.tressis.com\/wp-content\/uploads\/2023\/03\/CTA-Tressis-vision-para-articulos-blog.jpg\" alt=\"Informe mensual - Tressis visi\u00f3n\" width=\"800\" height=\"354\" srcset=\"https:\/\/www.tressis.com\/wp-content\/uploads\/2023\/03\/CTA-Tressis-vision-para-articulos-blog.jpg 800w, https:\/\/www.tressis.com\/wp-content\/uploads\/2023\/03\/CTA-Tressis-vision-para-articulos-blog-300x133.jpg 300w, https:\/\/www.tressis.com\/wp-content\/uploads\/2023\/03\/CTA-Tressis-vision-para-articulos-blog-768x340.jpg 768w\" sizes=\"(max-width: 800px) 100vw, 800px\" \/><\/a><\/center><center><\/center>&nbsp;<\/p>\n<h2><strong>Fuerte rebote en las bolsas europeas<\/strong><\/h2>\n<p>El <b>Eurostoxx<\/b> subi\u00f3 un 2,67%, el <b>Ibex<\/b> un 3,05%, el <b>DAX alem\u00e1n<\/b> un 2,39% y el <b>CAC franc\u00e9s<\/b> un 1,79%. Destacaron dentro del selectivo europeo <b>Prosus<\/b> (9,57%), <b>Infineon<\/b> (6,07%), <b>Siemens<\/b> (6,02%) o <b>Santander<\/b> (5,73%).<\/p>\n<p>&nbsp;<\/p>\n<h2><strong>Sesi\u00f3n m\u00e1s moderada en Estados Unidos<\/strong><\/h2>\n<p>En Estados Unidos, en cambio, una sesi\u00f3n m\u00e1s moderada con el <b>S&amp;P<\/b> en negativo yendo de m\u00e1s a menos con una ca\u00edda al cierre del 0,21%. Por su parte el <b>Nasdaq<\/b> cerr\u00f3 pr\u00e1cticamente plano, con una exigua subida del 0,01%. En el S&amp;P, los \u00fanicos sectores que contribuyeron en positivo fueron <b>comunicaciones<\/b> y <b>tecnolog\u00eda<\/b>. Por la parte negativa, las mayores bajadas vinieron desde el <b>sector energ\u00eda<\/b>. En Jap\u00f3n, el <b>Nikkei 225<\/b> repunta un 1,43%.<\/p>\n<p>&nbsp;<\/p>\n<h2><strong>Alta volatilidad en el petr\u00f3leo<\/strong><\/h2>\n<p>En cuanto al <b>petr\u00f3leo<\/b>, nuevamente volatilidad pese a ser una jornada bastante m\u00e1s calmada tras los fort\u00edsimos movimientos intradiarios de las \u00faltimas sesiones. No olvidemos que el lunes se vivi\u00f3 una jornada hist\u00f3rica con movimientos cercanos a los <b>40 d\u00f3lares<\/b> entre el m\u00e1ximo y el m\u00ednimo diario. El <b>West Texas<\/b> cay\u00f3 un 11,45% hasta los 83,45 d\u00f3lares, aunque lleg\u00f3 a cotizar a 76,77 d\u00f3lares.<\/p>\n<p><strong>Evoluci\u00f3n del barril West Texas en el \u00faltimo a\u00f1o<\/strong><\/p>\n<p><img decoding=\"async\" class=\"aligncenter size-full wp-image-116030\" src=\"https:\/\/www.tressis.com\/wp-content\/uploads\/2026\/03\/Evolucion-barril-West-Texas-ultimo-ano.webp\" alt=\"Evoluci\u00f3n del barril West Texas en el \u00faltimo a\u00f1o\" width=\"1598\" height=\"644\" srcset=\"https:\/\/www.tressis.com\/wp-content\/uploads\/2026\/03\/Evolucion-barril-West-Texas-ultimo-ano.webp 1598w, https:\/\/www.tressis.com\/wp-content\/uploads\/2026\/03\/Evolucion-barril-West-Texas-ultimo-ano-300x121.webp 300w, https:\/\/www.tressis.com\/wp-content\/uploads\/2026\/03\/Evolucion-barril-West-Texas-ultimo-ano-1024x413.webp 1024w, https:\/\/www.tressis.com\/wp-content\/uploads\/2026\/03\/Evolucion-barril-West-Texas-ultimo-ano-768x310.webp 768w, https:\/\/www.tressis.com\/wp-content\/uploads\/2026\/03\/Evolucion-barril-West-Texas-ultimo-ano-1536x619.webp 1536w\" sizes=\"(max-width: 1598px) 100vw, 1598px\" \/><\/p>\n<p class=\"smallPie\">Fuente: Bloomberg<\/p>\n<p>&nbsp;<\/p>\n<h2><strong>Resultados empresariales y estrategia en inteligencia artificial<\/strong><\/h2>\n<p><b>Oracle<\/b> present\u00f3 unos resultados del tercer trimestre de 2025 que tuvieron muy buena acogida, con una subida en el <em><b>after market<\/b><\/em> superior al 8%. El beneficio creci\u00f3 un 27% hasta los <b>3.721 millones de d\u00f3lares<\/b>. Destacaron las ventas en su unidad de infraestructura para la nube, que aumentaron un <b>81%<\/b>, por encima del 79% que anticipaban los analistas.<\/p>\n<p><span data-olk-copy-source=\"MessageBody\">Dentro de la carrera por el desarrollo de la<strong> inteligencia artificial, Amazon<\/strong> prepara una de las mayores emisiones de deuda de la historia para mejorar sus capacidades en IA. Planea emitir bonos por valor de entre <strong>37.000 y 42.000 millones de d\u00f3lares,<\/strong> tanto en Europa como en Estados Unidos. En Estados Unidos se estructurar\u00e1 en <strong>once tramos de dos a cincuenta a\u00f1os<\/strong>. En Europa en <strong>ocho tramos entre los dos y los veintiocho a\u00f1os.<\/strong><\/span><\/p>\n<p><b>Hugo Boss<\/b> present\u00f3 resultados mejores de lo esperado. Los beneficios de 2025 fueron un <b>17% superiores<\/b> a los de 2024. Las ventas crecieron un 2% anual. Asimismo recomprar\u00e1 acciones por importe de <b>200 millones de euros<\/b>. Ello, unido al buen tono general del mercado, se tradujo en una subida del 1,79% de la acci\u00f3n.<\/p>\n<p>&nbsp;<\/p>\n<h2><strong>Movimientos en renta fija<\/strong><\/h2>\n<p>En la <b>renta fija<\/b>, ca\u00edda generalizada dentro de las rentabilidades de los bonos del Estado europeos en pr\u00e1cticamente todos los tramos de la curva. El <b>bono del Estado espa\u00f1ol a dos a\u00f1os<\/b> se situ\u00f3 en el 2,36% con una bajada de pr\u00e1cticamente un 0,10%. El <b>diez a\u00f1os<\/b> en el 3,28%, con una disminuci\u00f3n de la rentabilidad del 0,05%. Menor nerviosismo tambi\u00e9n alrededor de una posible subida de tipos por parte del <b>Banco Central Europeo (BCE)<\/b>, con una reducci\u00f3n de las probabilidades de que ocurra en las pr\u00f3ximas reuniones. Por el contrario en Estados Unidos volvieron las dudas y la rentabilidad del <b><em>treasury <\/em>a diez a\u00f1os<\/b> volvi\u00f3 a subir hasta el 4,15%.<\/p>\n<p>&nbsp;<\/p>\n<h2><strong>Datos macro y claves de la jornada<\/strong><\/h2>\n<p>Respecto a la <b>macro<\/b>, en Estados Unidos ayer se public\u00f3 la cifra <b>ADP de empleo semanal<\/b>, que registr\u00f3 la creaci\u00f3n de 15.500 empleos semanales de media en el per\u00edodo de cuatro semanas que acab\u00f3 el 21 de febrero.<\/p>\n<p>Hoy conoceremos la <b>cifra de inflaci\u00f3n de febrero<\/b>. Es un dato que puede quedar descafeinado si tenemos en cuenta que no recoger\u00e1 efectos de los incrementos del petr\u00f3leo derivados del conflicto de Ir\u00e1n. En cualquier caso, es relevante por la influencia que tiene en las decisiones de tipos de la <b>Reserva Federal<\/b>. El consenso de analistas espera un <b>2,4% interanual<\/b> con un <b>2,5% en la tasa subyacente<\/b>.<\/p>\n<p>&nbsp;<\/p>\n<p>Saludos y buen mi\u00e9rcoles.<\/p>\n<p>&nbsp;<\/p>\n<p><center><strong>Juan Hernando Garc\u00eda-Cervig\u00f3n<\/strong><br \/>\nDirector de asesoramiento<\/center><\/p>\n","protected":false},"excerpt":{"rendered":"<p>Ayer la sesi\u00f3n en Europa fue una continuaci\u00f3n del rebote en los mercados del lunes en Estados Unidos por la expectativa de que el conflicto en Ir\u00e1n sea una guerra corta, se pueda controlar el tr\u00e1fico en el estrecho de Ormuz y se normalicen los precios de la energ\u00eda. Los mercados en Europa que hab\u00edan [&hellip;]<\/p>\n","protected":false},"author":4,"featured_media":116028,"comment_status":"closed","ping_status":"open","sticky":false,"template":"","format":"standard","meta":{"_acf_changed":false,"footnotes":""},"categories":[9721],"tags":[],"class_list":["post-116025","post","type-post","status-publish","format-standard","has-post-thumbnail","hentry","category-morning-meeting"],"acf":[],"yoast_head":"<!-- This site is optimized with the Yoast SEO plugin v27.5 - https:\/\/yoast.com\/product\/yoast-seo-wordpress\/ -->\n<title>Europa rebota mientras Wall Street modera el ritmo<\/title>\n<meta name=\"robots\" content=\"noindex, nofollow\" \/>\n<meta property=\"og:locale\" content=\"ca_ES\" \/>\n<meta property=\"og:type\" content=\"article\" \/>\n<meta property=\"og:title\" content=\"Europa rebota mientras Wall Street modera el ritmo\" \/>\n<meta property=\"og:description\" content=\"Ayer la sesi\u00f3n en Europa fue una continuaci\u00f3n del rebote en los mercados del lunes en Estados Unidos por la expectativa de que el conflicto en Ir\u00e1n sea una guerra corta, se pueda controlar el tr\u00e1fico en el estrecho de Ormuz y se normalicen los precios de la energ\u00eda. Los mercados en Europa que hab\u00edan [&hellip;]\" \/>\n<meta property=\"og:url\" content=\"https:\/\/www.tressis.com\/ca\/blog\/europa-rebota-mientras-wall-street-modera-el-ritmo\/\" \/>\n<meta property=\"og:site_name\" content=\"Tressis\" \/>\n<meta property=\"article:publisher\" content=\"https:\/\/www.facebook.com\/Tressis\/\" \/>\n<meta property=\"article:published_time\" content=\"2026-03-11T07:46:11+00:00\" \/>\n<meta property=\"article:modified_time\" content=\"2026-03-11T12:02:36+00:00\" \/>\n<meta property=\"og:image\" content=\"https:\/\/www.tressis.com\/wp-content\/uploads\/2026\/03\/Europa-rebota-Wall-Street-modera-ritmo.webp\" \/>\n\t<meta property=\"og:image:width\" content=\"1200\" \/>\n\t<meta property=\"og:image:height\" content=\"531\" \/>\n\t<meta property=\"og:image:type\" content=\"image\/webp\" \/>\n<meta name=\"author\" content=\"Lola\" \/>\n<meta name=\"twitter:card\" content=\"summary_large_image\" \/>\n<meta name=\"twitter:creator\" content=\"@TressisSV\" \/>\n<meta name=\"twitter:site\" content=\"@TressisSV\" \/>\n<meta name=\"twitter:label1\" content=\"Escrit per\" \/>\n\t<meta name=\"twitter:data1\" content=\"Lola\" \/>\n\t<meta name=\"twitter:label2\" content=\"Temps estimat de lectura\" \/>\n\t<meta name=\"twitter:data2\" content=\"4 minuts\" \/>\n<script type=\"application\/ld+json\" class=\"yoast-schema-graph\">{\"@context\":\"https:\\\/\\\/schema.org\",\"@graph\":[{\"@type\":\"Article\",\"@id\":\"https:\\\/\\\/www.tressis.com\\\/ca\\\/blog\\\/europa-rebota-mientras-wall-street-modera-el-ritmo\\\/#article\",\"isPartOf\":{\"@id\":\"https:\\\/\\\/www.tressis.com\\\/ca\\\/blog\\\/europa-rebota-mientras-wall-street-modera-el-ritmo\\\/\"},\"author\":{\"name\":\"Lola\",\"@id\":\"https:\\\/\\\/www.tressis.com\\\/ca\\\/#\\\/schema\\\/person\\\/b833c1d724d8764920b6d6852c70584e\"},\"headline\":\"Europa rebota mientras Wall Street modera el ritmo\",\"datePublished\":\"2026-03-11T07:46:11+00:00\",\"dateModified\":\"2026-03-11T12:02:36+00:00\",\"mainEntityOfPage\":{\"@id\":\"https:\\\/\\\/www.tressis.com\\\/ca\\\/blog\\\/europa-rebota-mientras-wall-street-modera-el-ritmo\\\/\"},\"wordCount\":761,\"publisher\":{\"@id\":\"https:\\\/\\\/www.tressis.com\\\/ca\\\/#organization\"},\"image\":{\"@id\":\"https:\\\/\\\/www.tressis.com\\\/ca\\\/blog\\\/europa-rebota-mientras-wall-street-modera-el-ritmo\\\/#primaryimage\"},\"thumbnailUrl\":\"https:\\\/\\\/www.tressis.com\\\/wp-content\\\/uploads\\\/2026\\\/03\\\/Europa-rebota-Wall-Street-modera-ritmo.webp\",\"articleSection\":[\"Morning meeting\"],\"inLanguage\":\"ca\"},{\"@type\":\"WebPage\",\"@id\":\"https:\\\/\\\/www.tressis.com\\\/ca\\\/blog\\\/europa-rebota-mientras-wall-street-modera-el-ritmo\\\/\",\"url\":\"https:\\\/\\\/www.tressis.com\\\/ca\\\/blog\\\/europa-rebota-mientras-wall-street-modera-el-ritmo\\\/\",\"name\":\"Europa rebota mientras Wall Street modera el ritmo\",\"isPartOf\":{\"@id\":\"https:\\\/\\\/www.tressis.com\\\/ca\\\/#website\"},\"primaryImageOfPage\":{\"@id\":\"https:\\\/\\\/www.tressis.com\\\/ca\\\/blog\\\/europa-rebota-mientras-wall-street-modera-el-ritmo\\\/#primaryimage\"},\"image\":{\"@id\":\"https:\\\/\\\/www.tressis.com\\\/ca\\\/blog\\\/europa-rebota-mientras-wall-street-modera-el-ritmo\\\/#primaryimage\"},\"thumbnailUrl\":\"https:\\\/\\\/www.tressis.com\\\/wp-content\\\/uploads\\\/2026\\\/03\\\/Europa-rebota-Wall-Street-modera-ritmo.webp\",\"datePublished\":\"2026-03-11T07:46:11+00:00\",\"dateModified\":\"2026-03-11T12:02:36+00:00\",\"breadcrumb\":{\"@id\":\"https:\\\/\\\/www.tressis.com\\\/ca\\\/blog\\\/europa-rebota-mientras-wall-street-modera-el-ritmo\\\/#breadcrumb\"},\"inLanguage\":\"ca\",\"potentialAction\":[{\"@type\":\"ReadAction\",\"target\":[\"https:\\\/\\\/www.tressis.com\\\/ca\\\/blog\\\/europa-rebota-mientras-wall-street-modera-el-ritmo\\\/\"]}]},{\"@type\":\"ImageObject\",\"inLanguage\":\"ca\",\"@id\":\"https:\\\/\\\/www.tressis.com\\\/ca\\\/blog\\\/europa-rebota-mientras-wall-street-modera-el-ritmo\\\/#primaryimage\",\"url\":\"https:\\\/\\\/www.tressis.com\\\/wp-content\\\/uploads\\\/2026\\\/03\\\/Europa-rebota-Wall-Street-modera-ritmo.webp\",\"contentUrl\":\"https:\\\/\\\/www.tressis.com\\\/wp-content\\\/uploads\\\/2026\\\/03\\\/Europa-rebota-Wall-Street-modera-ritmo.webp\",\"width\":1200,\"height\":531,\"caption\":\"Europa rebota mientras Wall Street modera el ritmo\"},{\"@type\":\"BreadcrumbList\",\"@id\":\"https:\\\/\\\/www.tressis.com\\\/ca\\\/blog\\\/europa-rebota-mientras-wall-street-modera-el-ritmo\\\/#breadcrumb\",\"itemListElement\":[{\"@type\":\"ListItem\",\"position\":1,\"name\":\"Inicio\",\"item\":\"https:\\\/\\\/www.tressis.com\\\/ca\\\/\"},{\"@type\":\"ListItem\",\"position\":2,\"name\":\"Morning meeting\",\"item\":\"https:\\\/\\\/www.tressis.com\\\/ca\\\/blog\\\/categorias\\\/morning-meeting-ca\\\/\"},{\"@type\":\"ListItem\",\"position\":3,\"name\":\"Europa rebota mientras Wall Street modera el ritmo\"}]},{\"@type\":\"WebSite\",\"@id\":\"https:\\\/\\\/www.tressis.com\\\/ca\\\/#website\",\"url\":\"https:\\\/\\\/www.tressis.com\\\/ca\\\/\",\"name\":\"Tressis banca privada\",\"description\":\"Tressis | Planificaci\u00f3n financiera y gesti\u00f3n de patrimonios\",\"publisher\":{\"@id\":\"https:\\\/\\\/www.tressis.com\\\/ca\\\/#organization\"},\"potentialAction\":[{\"@type\":\"SearchAction\",\"target\":{\"@type\":\"EntryPoint\",\"urlTemplate\":\"https:\\\/\\\/www.tressis.com\\\/ca\\\/?s={search_term_string}\"},\"query-input\":{\"@type\":\"PropertyValueSpecification\",\"valueRequired\":true,\"valueName\":\"search_term_string\"}}],\"inLanguage\":\"ca\"},{\"@type\":\"Organization\",\"@id\":\"https:\\\/\\\/www.tressis.com\\\/ca\\\/#organization\",\"name\":\"Tressis\",\"url\":\"https:\\\/\\\/www.tressis.com\\\/ca\\\/\",\"logo\":{\"@type\":\"ImageObject\",\"inLanguage\":\"ca\",\"@id\":\"https:\\\/\\\/www.tressis.com\\\/ca\\\/#\\\/schema\\\/logo\\\/image\\\/\",\"url\":\"https:\\\/\\\/www.tressis.com\\\/wp-content\\\/uploads\\\/2025\\\/06\\\/logo-tressis-112.png\",\"contentUrl\":\"https:\\\/\\\/www.tressis.com\\\/wp-content\\\/uploads\\\/2025\\\/06\\\/logo-tressis-112.png\",\"width\":112,\"height\":112,\"caption\":\"Tressis\"},\"image\":{\"@id\":\"https:\\\/\\\/www.tressis.com\\\/ca\\\/#\\\/schema\\\/logo\\\/image\\\/\"},\"sameAs\":[\"https:\\\/\\\/www.facebook.com\\\/Tressis\\\/\",\"https:\\\/\\\/x.com\\\/TressisSV\",\"https:\\\/\\\/www.instagram.com\\\/tressissv\\\/?hl=es\",\"https:\\\/\\\/linkedin.com\\\/company\\\/tressis\\\/\",\"https:\\\/\\\/www.youtube.com\\\/user\\\/tressissv\",\"https:\\\/\\\/open.spotify.com\\\/show\\\/3jmTe1Nf0wqMILl7diWV6h?si=d7112519f13c4593&nd=1\"]},{\"@type\":\"Person\",\"@id\":\"https:\\\/\\\/www.tressis.com\\\/ca\\\/#\\\/schema\\\/person\\\/b833c1d724d8764920b6d6852c70584e\",\"name\":\"Lola\",\"image\":{\"@type\":\"ImageObject\",\"inLanguage\":\"ca\",\"@id\":\"https:\\\/\\\/secure.gravatar.com\\\/avatar\\\/05e646486b23ff45df9649110609c7e31b8c4a3e2821caa23d6317f405e0c51d?s=96&d=mm&r=g\",\"url\":\"https:\\\/\\\/secure.gravatar.com\\\/avatar\\\/05e646486b23ff45df9649110609c7e31b8c4a3e2821caa23d6317f405e0c51d?s=96&d=mm&r=g\",\"contentUrl\":\"https:\\\/\\\/secure.gravatar.com\\\/avatar\\\/05e646486b23ff45df9649110609c7e31b8c4a3e2821caa23d6317f405e0c51d?s=96&d=mm&r=g\",\"caption\":\"Lola\"}}]}<\/script>\n<!-- \/ Yoast SEO plugin. -->","yoast_head_json":{"title":"Europa rebota mientras Wall Street modera el ritmo","robots":{"index":"noindex","follow":"nofollow"},"og_locale":"ca_ES","og_type":"article","og_title":"Europa rebota mientras Wall Street modera el ritmo","og_description":"Ayer la sesi\u00f3n en Europa fue una continuaci\u00f3n del rebote en los mercados del lunes en Estados Unidos por la expectativa de que el conflicto en Ir\u00e1n sea una guerra corta, se pueda controlar el tr\u00e1fico en el estrecho de Ormuz y se normalicen los precios de la energ\u00eda. Los mercados en Europa que hab\u00edan [&hellip;]","og_url":"https:\/\/www.tressis.com\/ca\/blog\/europa-rebota-mientras-wall-street-modera-el-ritmo\/","og_site_name":"Tressis","article_publisher":"https:\/\/www.facebook.com\/Tressis\/","article_published_time":"2026-03-11T07:46:11+00:00","article_modified_time":"2026-03-11T12:02:36+00:00","og_image":[{"width":1200,"height":531,"url":"https:\/\/www.tressis.com\/wp-content\/uploads\/2026\/03\/Europa-rebota-Wall-Street-modera-ritmo.webp","type":"image\/webp"}],"author":"Lola","twitter_card":"summary_large_image","twitter_creator":"@TressisSV","twitter_site":"@TressisSV","twitter_misc":{"Escrit per":"Lola","Temps estimat de lectura":"4 minuts"},"schema":{"@context":"https:\/\/schema.org","@graph":[{"@type":"Article","@id":"https:\/\/www.tressis.com\/ca\/blog\/europa-rebota-mientras-wall-street-modera-el-ritmo\/#article","isPartOf":{"@id":"https:\/\/www.tressis.com\/ca\/blog\/europa-rebota-mientras-wall-street-modera-el-ritmo\/"},"author":{"name":"Lola","@id":"https:\/\/www.tressis.com\/ca\/#\/schema\/person\/b833c1d724d8764920b6d6852c70584e"},"headline":"Europa rebota mientras Wall Street modera el ritmo","datePublished":"2026-03-11T07:46:11+00:00","dateModified":"2026-03-11T12:02:36+00:00","mainEntityOfPage":{"@id":"https:\/\/www.tressis.com\/ca\/blog\/europa-rebota-mientras-wall-street-modera-el-ritmo\/"},"wordCount":761,"publisher":{"@id":"https:\/\/www.tressis.com\/ca\/#organization"},"image":{"@id":"https:\/\/www.tressis.com\/ca\/blog\/europa-rebota-mientras-wall-street-modera-el-ritmo\/#primaryimage"},"thumbnailUrl":"https:\/\/www.tressis.com\/wp-content\/uploads\/2026\/03\/Europa-rebota-Wall-Street-modera-ritmo.webp","articleSection":["Morning meeting"],"inLanguage":"ca"},{"@type":"WebPage","@id":"https:\/\/www.tressis.com\/ca\/blog\/europa-rebota-mientras-wall-street-modera-el-ritmo\/","url":"https:\/\/www.tressis.com\/ca\/blog\/europa-rebota-mientras-wall-street-modera-el-ritmo\/","name":"Europa rebota mientras Wall Street modera el ritmo","isPartOf":{"@id":"https:\/\/www.tressis.com\/ca\/#website"},"primaryImageOfPage":{"@id":"https:\/\/www.tressis.com\/ca\/blog\/europa-rebota-mientras-wall-street-modera-el-ritmo\/#primaryimage"},"image":{"@id":"https:\/\/www.tressis.com\/ca\/blog\/europa-rebota-mientras-wall-street-modera-el-ritmo\/#primaryimage"},"thumbnailUrl":"https:\/\/www.tressis.com\/wp-content\/uploads\/2026\/03\/Europa-rebota-Wall-Street-modera-ritmo.webp","datePublished":"2026-03-11T07:46:11+00:00","dateModified":"2026-03-11T12:02:36+00:00","breadcrumb":{"@id":"https:\/\/www.tressis.com\/ca\/blog\/europa-rebota-mientras-wall-street-modera-el-ritmo\/#breadcrumb"},"inLanguage":"ca","potentialAction":[{"@type":"ReadAction","target":["https:\/\/www.tressis.com\/ca\/blog\/europa-rebota-mientras-wall-street-modera-el-ritmo\/"]}]},{"@type":"ImageObject","inLanguage":"ca","@id":"https:\/\/www.tressis.com\/ca\/blog\/europa-rebota-mientras-wall-street-modera-el-ritmo\/#primaryimage","url":"https:\/\/www.tressis.com\/wp-content\/uploads\/2026\/03\/Europa-rebota-Wall-Street-modera-ritmo.webp","contentUrl":"https:\/\/www.tressis.com\/wp-content\/uploads\/2026\/03\/Europa-rebota-Wall-Street-modera-ritmo.webp","width":1200,"height":531,"caption":"Europa rebota mientras Wall Street modera el ritmo"},{"@type":"BreadcrumbList","@id":"https:\/\/www.tressis.com\/ca\/blog\/europa-rebota-mientras-wall-street-modera-el-ritmo\/#breadcrumb","itemListElement":[{"@type":"ListItem","position":1,"name":"Inicio","item":"https:\/\/www.tressis.com\/ca\/"},{"@type":"ListItem","position":2,"name":"Morning meeting","item":"https:\/\/www.tressis.com\/ca\/blog\/categorias\/morning-meeting-ca\/"},{"@type":"ListItem","position":3,"name":"Europa rebota mientras Wall Street modera el ritmo"}]},{"@type":"WebSite","@id":"https:\/\/www.tressis.com\/ca\/#website","url":"https:\/\/www.tressis.com\/ca\/","name":"Tressis banca privada","description":"Tressis | Planificaci\u00f3n financiera y gesti\u00f3n de patrimonios","publisher":{"@id":"https:\/\/www.tressis.com\/ca\/#organization"},"potentialAction":[{"@type":"SearchAction","target":{"@type":"EntryPoint","urlTemplate":"https:\/\/www.tressis.com\/ca\/?s={search_term_string}"},"query-input":{"@type":"PropertyValueSpecification","valueRequired":true,"valueName":"search_term_string"}}],"inLanguage":"ca"},{"@type":"Organization","@id":"https:\/\/www.tressis.com\/ca\/#organization","name":"Tressis","url":"https:\/\/www.tressis.com\/ca\/","logo":{"@type":"ImageObject","inLanguage":"ca","@id":"https:\/\/www.tressis.com\/ca\/#\/schema\/logo\/image\/","url":"https:\/\/www.tressis.com\/wp-content\/uploads\/2025\/06\/logo-tressis-112.png","contentUrl":"https:\/\/www.tressis.com\/wp-content\/uploads\/2025\/06\/logo-tressis-112.png","width":112,"height":112,"caption":"Tressis"},"image":{"@id":"https:\/\/www.tressis.com\/ca\/#\/schema\/logo\/image\/"},"sameAs":["https:\/\/www.facebook.com\/Tressis\/","https:\/\/x.com\/TressisSV","https:\/\/www.instagram.com\/tressissv\/?hl=es","https:\/\/linkedin.com\/company\/tressis\/","https:\/\/www.youtube.com\/user\/tressissv","https:\/\/open.spotify.com\/show\/3jmTe1Nf0wqMILl7diWV6h?si=d7112519f13c4593&nd=1"]},{"@type":"Person","@id":"https:\/\/www.tressis.com\/ca\/#\/schema\/person\/b833c1d724d8764920b6d6852c70584e","name":"Lola","image":{"@type":"ImageObject","inLanguage":"ca","@id":"https:\/\/secure.gravatar.com\/avatar\/05e646486b23ff45df9649110609c7e31b8c4a3e2821caa23d6317f405e0c51d?s=96&d=mm&r=g","url":"https:\/\/secure.gravatar.com\/avatar\/05e646486b23ff45df9649110609c7e31b8c4a3e2821caa23d6317f405e0c51d?s=96&d=mm&r=g","contentUrl":"https:\/\/secure.gravatar.com\/avatar\/05e646486b23ff45df9649110609c7e31b8c4a3e2821caa23d6317f405e0c51d?s=96&d=mm&r=g","caption":"Lola"}}]}},"_links":{"self":[{"href":"https:\/\/www.tressis.com\/ca\/wp-json\/wp\/v2\/posts\/116025","targetHints":{"allow":["GET"]}}],"collection":[{"href":"https:\/\/www.tressis.com\/ca\/wp-json\/wp\/v2\/posts"}],"about":[{"href":"https:\/\/www.tressis.com\/ca\/wp-json\/wp\/v2\/types\/post"}],"author":[{"embeddable":true,"href":"https:\/\/www.tressis.com\/ca\/wp-json\/wp\/v2\/users\/4"}],"replies":[{"embeddable":true,"href":"https:\/\/www.tressis.com\/ca\/wp-json\/wp\/v2\/comments?post=116025"}],"version-history":[{"count":3,"href":"https:\/\/www.tressis.com\/ca\/wp-json\/wp\/v2\/posts\/116025\/revisions"}],"predecessor-version":[{"id":116069,"href":"https:\/\/www.tressis.com\/ca\/wp-json\/wp\/v2\/posts\/116025\/revisions\/116069"}],"wp:featuredmedia":[{"embeddable":true,"href":"https:\/\/www.tressis.com\/ca\/wp-json\/wp\/v2\/media\/116028"}],"wp:attachment":[{"href":"https:\/\/www.tressis.com\/ca\/wp-json\/wp\/v2\/media?parent=116025"}],"wp:term":[{"taxonomy":"category","embeddable":true,"href":"https:\/\/www.tressis.com\/ca\/wp-json\/wp\/v2\/categories?post=116025"},{"taxonomy":"post_tag","embeddable":true,"href":"https:\/\/www.tressis.com\/ca\/wp-json\/wp\/v2\/tags?post=116025"}],"curies":[{"name":"wp","href":"https:\/\/api.w.org\/{rel}","templated":true}]}}