{"id":115958,"date":"2026-03-06T09:32:27","date_gmt":"2026-03-06T08:32:27","guid":{"rendered":"https:\/\/www.tressis.com\/?p=115958"},"modified":"2026-03-06T13:01:27","modified_gmt":"2026-03-06T12:01:27","slug":"sesion-volatil-oriente-medio-hunde-europa","status":"publish","type":"post","link":"https:\/\/www.tressis.com\/ca\/blog\/sesion-volatil-oriente-medio-hunde-europa\/","title":{"rendered":"Sesi\u00f3n vol\u00e1til: Oriente Medio hunde Europa"},"content":{"rendered":"<p><strong>Ca\u00eddas generalizadas en los mercados de renta variable en una sesi\u00f3n muy vol\u00e1til<\/strong> en la que pr\u00e1cticamente se borraron las ganancias de la jornada del mi\u00e9rcoles tras el incremento de la tensi\u00f3n en Oriente Medio, incluyendo ataques con drones de Ir\u00e1n en un aeropuerto de Azerbaiy\u00e1n, y el encarecimiento de los precios de la energ\u00eda. Esta sensaci\u00f3n de que el conflicto se puede alargar en el tiempo fue uno de los motivos del pesimismo en el mercado.<\/p>\n<p>&nbsp; <\/p>\n<p>En Europa, pese al buen inicio de la sesi\u00f3n, ca\u00edda del 1,46% en el Eurostoxx 50, el DAX retrocedi\u00f3 un 1,78%, el CAC franc\u00e9s un 1,49% y el Ibex 35 cerr\u00f3 con una ca\u00edda del 1,38%. Los mayores descensos en el selectivo espa\u00f1ol fueron ArcelorMittal (-6,56%), Indra (-4,11%) o Santander (-2,82%). Tambi\u00e9n bajadas para la aerol\u00ednea IAG (-3,58%), <strong>penalizada por el conflicto b\u00e9lico y el encarecimiento del petr\u00f3leo<\/strong>.<\/p>\n<p>&nbsp; <\/p>\n<div style=\"text-align: center; margin-bottom: 10px;\"><a \nhref=\"https:\/\/www.tressis.com\/tressis-vision\/?utm_source=web_publica&amp;utm_medium=direct&amp;utm_campaign=descarga_paper&amp;utm_term=tressisvision&amp;utm_content=blog_MMV\" \ntarget=\"_blank\" rel=\"noopener\"><img fetchpriority=\"high\" class=\"aligncenter wp-image-67199 size-full\" \nsrc=\"https:\/\/www.tressis.com\/wp-content\/uploads\/2023\/03\/CTA-Tressis-vision-para-articulos-blog.jpg\" \nalt=\"Informe mensual - Tressis visi\u00f3n\" width=\"800\" height=\"354\" style=\"aspect-ratio: 400 \/ 177;\" srcset=\"https:\/\/www.tressis.com\/wp-content\/uploads\/2023\/03\/CTA-Tressis-vision-para-articulos-blog.jpg 800w, https:\/\/www.tressis.com\/wp-content\/uploads\/2023\/03\/CTA-Tressis-vision-para-articulos-blog-300x133.jpg 300w, https:\/\/www.tressis.com\/wp-content\/uploads\/2023\/03\/CTA-Tressis-vision-para-articulos-blog-768x340.jpg 768w\" sizes=\"(max-width: 800px) 100vw, 800px\" \/><\/a><\/div>\n<p>&nbsp; <\/p>\n<p>Como viene siendo habitual durante esta semana, <strong>descensos m\u00e1s moderados en las bolsas de Estados Unidos<\/strong> donde el S&#038;P 500 cay\u00f3 un 0,56% mientras que el Nasdaq, con un mejor comportamiento relativo, se dej\u00f3 un 0,29%. Por su parte, el Dow Jones cay\u00f3 un 1,61%. Dentro de este entorno de retrocesos pr\u00e1cticamente general, destac\u00f3 la subida de Trade Desk (18,36%) ante el posible acuerdo con OpenAI para introducir publicidad en ChatGPT. Tambi\u00e9n importantes subidas en Expedia (13,69%) y Booking (8,46%).<\/p>\n<p>&nbsp; <\/p>\n<h2><strong>Petr\u00f3leo<\/strong><\/h2>\n<p>Sin embargo, durante la noche se han anunciado medidas que han dado cierto alivio al mercado del petr\u00f3leo. En concreto, EE.UU. permitir\u00e1 durante treinta d\u00edas que refiner\u00edas de la India compren petr\u00f3leo ruso que estaba bloqueado, lo que <strong>reduce la presi\u00f3n alcista del crudo<\/strong>. Ha tenido cierto efecto en mercados de Asia, que han cerrado en positivo. El Nikkei japon\u00e9s ha subido un 0,63% y el Hang Seng un 1,63%.<\/p>\n<p>&nbsp; <\/p>\n<p style=\"text-align: center; margin-bottom:20px;\">Evoluci\u00f3n del barril Brent en los \u00faltimos seis meses.<\/p>\n<div style=\"text-align: center; margin-bottom: 10px;\"><img decoding=\"async\" src=\"https:\/\/www.tressis.com\/wp-content\/uploads\/2026\/03\/barril-brent-20260306.png\" width=\"570\" height=\"230\" alt=\"Evoluci\u00f3n del barril Brent en los \u00faltimos seis meses 06\/03\/2026\" class=\"wp-image-115961\" style=\"\/*aspect-ratio: 1 \/ 1;*\/\" srcset=\"https:\/\/www.tressis.com\/wp-content\/uploads\/2026\/03\/barril-brent-20260306.png 570w, https:\/\/www.tressis.com\/wp-content\/uploads\/2026\/03\/barril-brent-20260306-300x121.png 300w\" sizes=\"(max-width: 570px) 100vw, 570px\" \/><\/div>\n<p style=\"text-align: center; margin:20px auto;\" class=\"smallPie\">Fuente: Bloomberg.<\/p>\n<p>&nbsp; <\/p>\n<p><strong>En la renta fija, subida generalizada de las rentabilidades de los bonos<\/strong>, reflejando el temor a posible inflaci\u00f3n y a tipos m\u00e1s elevados durante m\u00e1s tiempo. El <em>treasury<\/em> americano a diez a\u00f1os se situ\u00f3 en el 4,13%.<\/p>\n<p>&nbsp; <\/p>\n<h2><strong>Macroeconom\u00eda<\/strong><\/h2>\n<p>Ayer conocimos las peticiones de subsidio por desempleo en Estados Unidos, que se situaron en 213.000 solicitudes, sin cambios respecto de la cifra anterior, que fue revisada desde los 212.000. Tambi\u00e9n en EE.UU., el \u00edndice de precios de importaci\u00f3n sorprendi\u00f3 a la baja, con una ca\u00edda del 0,1% interanual cuando la estimaci\u00f3n de los analistas preve\u00eda una subida del 0,1%. En cambio, los costes laborales unitarios repuntaron un 2,8% interanual en el cuarto trimestre de 2025, por encima del 2% que se preve\u00eda.<\/p>\n<p>&nbsp; <\/p>\n<p>Hoy tendremos el dato de empleo de Estados Unidos, que el mercado analizar\u00e1 con lupa. Para la Reserva Federal, <strong>el empleo es una de sus prioridades y un buen term\u00f3metro para evaluar la fortaleza de la econom\u00eda de cara a posibles bajadas de tipos<\/strong>. El mercado descuenta una tasa de desempleo del 4,3%. Por su parte, las perspectivas de bajadas de tipos se han enfriado en la \u00faltima semana tras el conflicto en Ir\u00e1n por el temor a que pueda producirse un repunte en la inflaci\u00f3n. El consenso ha pasado de descontar dos bajadas la semana pasada a una sola actualmente.<\/p>\n<p>&nbsp; <\/p>\n<p>Buen viernes.<\/p>\n<p>&nbsp;<\/p>\n<p><center><strong>Juan Hernando Garc\u00eda-Cervig\u00f3n<\/strong><br \/>\nDirector de asesoramiento<\/center><\/p>\n","protected":false},"excerpt":{"rendered":"<p>Ca\u00eddas generalizadas en los mercados de renta variable en una sesi\u00f3n muy vol\u00e1til en la que pr\u00e1cticamente se borraron las ganancias de la jornada del mi\u00e9rcoles tras el incremento de la tensi\u00f3n en Oriente Medio, incluyendo ataques con drones de Ir\u00e1n en un aeropuerto de Azerbaiy\u00e1n, y el encarecimiento de los precios de la energ\u00eda. [&hellip;]<\/p>\n","protected":false},"author":9,"featured_media":115959,"comment_status":"closed","ping_status":"open","sticky":false,"template":"","format":"standard","meta":{"_acf_changed":false,"footnotes":""},"categories":[9721],"tags":[],"class_list":["post-115958","post","type-post","status-publish","format-standard","has-post-thumbnail","hentry","category-morning-meeting"],"acf":[],"yoast_head":"<!-- This site is optimized with the Yoast SEO plugin v27.5 - https:\/\/yoast.com\/product\/yoast-seo-wordpress\/ -->\n<title>Sesi\u00f3n vol\u00e1til: Oriente Medio hunde Europa<\/title>\n<meta name=\"robots\" content=\"noindex, nofollow\" \/>\n<meta property=\"og:locale\" content=\"ca_ES\" \/>\n<meta property=\"og:type\" content=\"article\" \/>\n<meta property=\"og:title\" content=\"Sesi\u00f3n vol\u00e1til: Oriente Medio hunde Europa\" \/>\n<meta property=\"og:description\" content=\"Ca\u00eddas generalizadas en los mercados de renta variable en una sesi\u00f3n muy vol\u00e1til en la que pr\u00e1cticamente se borraron las ganancias de la jornada del mi\u00e9rcoles tras el incremento de la tensi\u00f3n en Oriente Medio, incluyendo ataques con drones de Ir\u00e1n en un aeropuerto de Azerbaiy\u00e1n, y el encarecimiento de los precios de la energ\u00eda. [&hellip;]\" \/>\n<meta property=\"og:url\" content=\"https:\/\/www.tressis.com\/ca\/blog\/sesion-volatil-oriente-medio-hunde-europa\/\" \/>\n<meta property=\"og:site_name\" content=\"Tressis\" \/>\n<meta property=\"article:publisher\" content=\"https:\/\/www.facebook.com\/Tressis\/\" \/>\n<meta property=\"article:published_time\" content=\"2026-03-06T08:32:27+00:00\" \/>\n<meta property=\"article:modified_time\" content=\"2026-03-06T12:01:27+00:00\" \/>\n<meta property=\"og:image\" content=\"https:\/\/www.tressis.com\/wp-content\/uploads\/2026\/03\/oriente-medio.webp\" \/>\n\t<meta property=\"og:image:width\" content=\"1200\" \/>\n\t<meta property=\"og:image:height\" content=\"531\" \/>\n\t<meta property=\"og:image:type\" content=\"image\/webp\" \/>\n<meta name=\"author\" content=\"Armando\" \/>\n<meta name=\"twitter:card\" content=\"summary_large_image\" \/>\n<meta name=\"twitter:creator\" content=\"@TressisSV\" \/>\n<meta name=\"twitter:site\" content=\"@TressisSV\" \/>\n<meta name=\"twitter:label1\" content=\"Escrit per\" \/>\n\t<meta name=\"twitter:data1\" content=\"Armando\" \/>\n\t<meta name=\"twitter:label2\" content=\"Temps estimat de lectura\" \/>\n\t<meta name=\"twitter:data2\" content=\"3 minuts\" \/>\n<script type=\"application\/ld+json\" class=\"yoast-schema-graph\">{\"@context\":\"https:\\\/\\\/schema.org\",\"@graph\":[{\"@type\":\"Article\",\"@id\":\"https:\\\/\\\/www.tressis.com\\\/ca\\\/blog\\\/sesion-volatil-oriente-medio-hunde-europa\\\/#article\",\"isPartOf\":{\"@id\":\"https:\\\/\\\/www.tressis.com\\\/ca\\\/blog\\\/sesion-volatil-oriente-medio-hunde-europa\\\/\"},\"author\":{\"name\":\"Armando\",\"@id\":\"https:\\\/\\\/www.tressis.com\\\/ca\\\/#\\\/schema\\\/person\\\/56d3b4de0493f088a4ca62a2e0c790ae\"},\"headline\":\"Sesi\u00f3n vol\u00e1til: Oriente Medio hunde Europa\",\"datePublished\":\"2026-03-06T08:32:27+00:00\",\"dateModified\":\"2026-03-06T12:01:27+00:00\",\"mainEntityOfPage\":{\"@id\":\"https:\\\/\\\/www.tressis.com\\\/ca\\\/blog\\\/sesion-volatil-oriente-medio-hunde-europa\\\/\"},\"wordCount\":581,\"publisher\":{\"@id\":\"https:\\\/\\\/www.tressis.com\\\/ca\\\/#organization\"},\"image\":{\"@id\":\"https:\\\/\\\/www.tressis.com\\\/ca\\\/blog\\\/sesion-volatil-oriente-medio-hunde-europa\\\/#primaryimage\"},\"thumbnailUrl\":\"https:\\\/\\\/www.tressis.com\\\/wp-content\\\/uploads\\\/2026\\\/03\\\/oriente-medio.webp\",\"articleSection\":[\"Morning meeting\"],\"inLanguage\":\"ca\"},{\"@type\":\"WebPage\",\"@id\":\"https:\\\/\\\/www.tressis.com\\\/ca\\\/blog\\\/sesion-volatil-oriente-medio-hunde-europa\\\/\",\"url\":\"https:\\\/\\\/www.tressis.com\\\/ca\\\/blog\\\/sesion-volatil-oriente-medio-hunde-europa\\\/\",\"name\":\"Sesi\u00f3n vol\u00e1til: Oriente Medio hunde Europa\",\"isPartOf\":{\"@id\":\"https:\\\/\\\/www.tressis.com\\\/ca\\\/#website\"},\"primaryImageOfPage\":{\"@id\":\"https:\\\/\\\/www.tressis.com\\\/ca\\\/blog\\\/sesion-volatil-oriente-medio-hunde-europa\\\/#primaryimage\"},\"image\":{\"@id\":\"https:\\\/\\\/www.tressis.com\\\/ca\\\/blog\\\/sesion-volatil-oriente-medio-hunde-europa\\\/#primaryimage\"},\"thumbnailUrl\":\"https:\\\/\\\/www.tressis.com\\\/wp-content\\\/uploads\\\/2026\\\/03\\\/oriente-medio.webp\",\"datePublished\":\"2026-03-06T08:32:27+00:00\",\"dateModified\":\"2026-03-06T12:01:27+00:00\",\"breadcrumb\":{\"@id\":\"https:\\\/\\\/www.tressis.com\\\/ca\\\/blog\\\/sesion-volatil-oriente-medio-hunde-europa\\\/#breadcrumb\"},\"inLanguage\":\"ca\",\"potentialAction\":[{\"@type\":\"ReadAction\",\"target\":[\"https:\\\/\\\/www.tressis.com\\\/ca\\\/blog\\\/sesion-volatil-oriente-medio-hunde-europa\\\/\"]}]},{\"@type\":\"ImageObject\",\"inLanguage\":\"ca\",\"@id\":\"https:\\\/\\\/www.tressis.com\\\/ca\\\/blog\\\/sesion-volatil-oriente-medio-hunde-europa\\\/#primaryimage\",\"url\":\"https:\\\/\\\/www.tressis.com\\\/wp-content\\\/uploads\\\/2026\\\/03\\\/oriente-medio.webp\",\"contentUrl\":\"https:\\\/\\\/www.tressis.com\\\/wp-content\\\/uploads\\\/2026\\\/03\\\/oriente-medio.webp\",\"width\":1200,\"height\":531,\"caption\":\"Oriente Medio\"},{\"@type\":\"BreadcrumbList\",\"@id\":\"https:\\\/\\\/www.tressis.com\\\/ca\\\/blog\\\/sesion-volatil-oriente-medio-hunde-europa\\\/#breadcrumb\",\"itemListElement\":[{\"@type\":\"ListItem\",\"position\":1,\"name\":\"Inicio\",\"item\":\"https:\\\/\\\/www.tressis.com\\\/ca\\\/\"},{\"@type\":\"ListItem\",\"position\":2,\"name\":\"Morning meeting\",\"item\":\"https:\\\/\\\/www.tressis.com\\\/ca\\\/blog\\\/categorias\\\/morning-meeting-ca\\\/\"},{\"@type\":\"ListItem\",\"position\":3,\"name\":\"Sesi\u00f3n vol\u00e1til: Oriente Medio hunde Europa\"}]},{\"@type\":\"WebSite\",\"@id\":\"https:\\\/\\\/www.tressis.com\\\/ca\\\/#website\",\"url\":\"https:\\\/\\\/www.tressis.com\\\/ca\\\/\",\"name\":\"Tressis banca privada\",\"description\":\"Tressis | Planificaci\u00f3n financiera y gesti\u00f3n de patrimonios\",\"publisher\":{\"@id\":\"https:\\\/\\\/www.tressis.com\\\/ca\\\/#organization\"},\"potentialAction\":[{\"@type\":\"SearchAction\",\"target\":{\"@type\":\"EntryPoint\",\"urlTemplate\":\"https:\\\/\\\/www.tressis.com\\\/ca\\\/?s={search_term_string}\"},\"query-input\":{\"@type\":\"PropertyValueSpecification\",\"valueRequired\":true,\"valueName\":\"search_term_string\"}}],\"inLanguage\":\"ca\"},{\"@type\":\"Organization\",\"@id\":\"https:\\\/\\\/www.tressis.com\\\/ca\\\/#organization\",\"name\":\"Tressis\",\"url\":\"https:\\\/\\\/www.tressis.com\\\/ca\\\/\",\"logo\":{\"@type\":\"ImageObject\",\"inLanguage\":\"ca\",\"@id\":\"https:\\\/\\\/www.tressis.com\\\/ca\\\/#\\\/schema\\\/logo\\\/image\\\/\",\"url\":\"https:\\\/\\\/www.tressis.com\\\/wp-content\\\/uploads\\\/2025\\\/06\\\/logo-tressis-112.png\",\"contentUrl\":\"https:\\\/\\\/www.tressis.com\\\/wp-content\\\/uploads\\\/2025\\\/06\\\/logo-tressis-112.png\",\"width\":112,\"height\":112,\"caption\":\"Tressis\"},\"image\":{\"@id\":\"https:\\\/\\\/www.tressis.com\\\/ca\\\/#\\\/schema\\\/logo\\\/image\\\/\"},\"sameAs\":[\"https:\\\/\\\/www.facebook.com\\\/Tressis\\\/\",\"https:\\\/\\\/x.com\\\/TressisSV\",\"https:\\\/\\\/www.instagram.com\\\/tressissv\\\/?hl=es\",\"https:\\\/\\\/linkedin.com\\\/company\\\/tressis\\\/\",\"https:\\\/\\\/www.youtube.com\\\/user\\\/tressissv\",\"https:\\\/\\\/open.spotify.com\\\/show\\\/3jmTe1Nf0wqMILl7diWV6h?si=d7112519f13c4593&nd=1\"]},{\"@type\":\"Person\",\"@id\":\"https:\\\/\\\/www.tressis.com\\\/ca\\\/#\\\/schema\\\/person\\\/56d3b4de0493f088a4ca62a2e0c790ae\",\"name\":\"Armando\",\"image\":{\"@type\":\"ImageObject\",\"inLanguage\":\"ca\",\"@id\":\"https:\\\/\\\/secure.gravatar.com\\\/avatar\\\/6d7efca74644be7dae792b122beab663996c233ae58f101b52769ece1cbf1435?s=96&d=mm&r=g\",\"url\":\"https:\\\/\\\/secure.gravatar.com\\\/avatar\\\/6d7efca74644be7dae792b122beab663996c233ae58f101b52769ece1cbf1435?s=96&d=mm&r=g\",\"contentUrl\":\"https:\\\/\\\/secure.gravatar.com\\\/avatar\\\/6d7efca74644be7dae792b122beab663996c233ae58f101b52769ece1cbf1435?s=96&d=mm&r=g\",\"caption\":\"Armando\"}}]}<\/script>\n<!-- \/ Yoast SEO plugin. -->","yoast_head_json":{"title":"Sesi\u00f3n vol\u00e1til: Oriente Medio hunde Europa","robots":{"index":"noindex","follow":"nofollow"},"og_locale":"ca_ES","og_type":"article","og_title":"Sesi\u00f3n vol\u00e1til: Oriente Medio hunde Europa","og_description":"Ca\u00eddas generalizadas en los mercados de renta variable en una sesi\u00f3n muy vol\u00e1til en la que pr\u00e1cticamente se borraron las ganancias de la jornada del mi\u00e9rcoles tras el incremento de la tensi\u00f3n en Oriente Medio, incluyendo ataques con drones de Ir\u00e1n en un aeropuerto de Azerbaiy\u00e1n, y el encarecimiento de los precios de la energ\u00eda. [&hellip;]","og_url":"https:\/\/www.tressis.com\/ca\/blog\/sesion-volatil-oriente-medio-hunde-europa\/","og_site_name":"Tressis","article_publisher":"https:\/\/www.facebook.com\/Tressis\/","article_published_time":"2026-03-06T08:32:27+00:00","article_modified_time":"2026-03-06T12:01:27+00:00","og_image":[{"width":1200,"height":531,"url":"https:\/\/www.tressis.com\/wp-content\/uploads\/2026\/03\/oriente-medio.webp","type":"image\/webp"}],"author":"Armando","twitter_card":"summary_large_image","twitter_creator":"@TressisSV","twitter_site":"@TressisSV","twitter_misc":{"Escrit per":"Armando","Temps estimat de lectura":"3 minuts"},"schema":{"@context":"https:\/\/schema.org","@graph":[{"@type":"Article","@id":"https:\/\/www.tressis.com\/ca\/blog\/sesion-volatil-oriente-medio-hunde-europa\/#article","isPartOf":{"@id":"https:\/\/www.tressis.com\/ca\/blog\/sesion-volatil-oriente-medio-hunde-europa\/"},"author":{"name":"Armando","@id":"https:\/\/www.tressis.com\/ca\/#\/schema\/person\/56d3b4de0493f088a4ca62a2e0c790ae"},"headline":"Sesi\u00f3n vol\u00e1til: Oriente Medio hunde Europa","datePublished":"2026-03-06T08:32:27+00:00","dateModified":"2026-03-06T12:01:27+00:00","mainEntityOfPage":{"@id":"https:\/\/www.tressis.com\/ca\/blog\/sesion-volatil-oriente-medio-hunde-europa\/"},"wordCount":581,"publisher":{"@id":"https:\/\/www.tressis.com\/ca\/#organization"},"image":{"@id":"https:\/\/www.tressis.com\/ca\/blog\/sesion-volatil-oriente-medio-hunde-europa\/#primaryimage"},"thumbnailUrl":"https:\/\/www.tressis.com\/wp-content\/uploads\/2026\/03\/oriente-medio.webp","articleSection":["Morning meeting"],"inLanguage":"ca"},{"@type":"WebPage","@id":"https:\/\/www.tressis.com\/ca\/blog\/sesion-volatil-oriente-medio-hunde-europa\/","url":"https:\/\/www.tressis.com\/ca\/blog\/sesion-volatil-oriente-medio-hunde-europa\/","name":"Sesi\u00f3n vol\u00e1til: Oriente Medio hunde Europa","isPartOf":{"@id":"https:\/\/www.tressis.com\/ca\/#website"},"primaryImageOfPage":{"@id":"https:\/\/www.tressis.com\/ca\/blog\/sesion-volatil-oriente-medio-hunde-europa\/#primaryimage"},"image":{"@id":"https:\/\/www.tressis.com\/ca\/blog\/sesion-volatil-oriente-medio-hunde-europa\/#primaryimage"},"thumbnailUrl":"https:\/\/www.tressis.com\/wp-content\/uploads\/2026\/03\/oriente-medio.webp","datePublished":"2026-03-06T08:32:27+00:00","dateModified":"2026-03-06T12:01:27+00:00","breadcrumb":{"@id":"https:\/\/www.tressis.com\/ca\/blog\/sesion-volatil-oriente-medio-hunde-europa\/#breadcrumb"},"inLanguage":"ca","potentialAction":[{"@type":"ReadAction","target":["https:\/\/www.tressis.com\/ca\/blog\/sesion-volatil-oriente-medio-hunde-europa\/"]}]},{"@type":"ImageObject","inLanguage":"ca","@id":"https:\/\/www.tressis.com\/ca\/blog\/sesion-volatil-oriente-medio-hunde-europa\/#primaryimage","url":"https:\/\/www.tressis.com\/wp-content\/uploads\/2026\/03\/oriente-medio.webp","contentUrl":"https:\/\/www.tressis.com\/wp-content\/uploads\/2026\/03\/oriente-medio.webp","width":1200,"height":531,"caption":"Oriente Medio"},{"@type":"BreadcrumbList","@id":"https:\/\/www.tressis.com\/ca\/blog\/sesion-volatil-oriente-medio-hunde-europa\/#breadcrumb","itemListElement":[{"@type":"ListItem","position":1,"name":"Inicio","item":"https:\/\/www.tressis.com\/ca\/"},{"@type":"ListItem","position":2,"name":"Morning meeting","item":"https:\/\/www.tressis.com\/ca\/blog\/categorias\/morning-meeting-ca\/"},{"@type":"ListItem","position":3,"name":"Sesi\u00f3n vol\u00e1til: Oriente Medio hunde Europa"}]},{"@type":"WebSite","@id":"https:\/\/www.tressis.com\/ca\/#website","url":"https:\/\/www.tressis.com\/ca\/","name":"Tressis banca privada","description":"Tressis | Planificaci\u00f3n financiera y gesti\u00f3n de patrimonios","publisher":{"@id":"https:\/\/www.tressis.com\/ca\/#organization"},"potentialAction":[{"@type":"SearchAction","target":{"@type":"EntryPoint","urlTemplate":"https:\/\/www.tressis.com\/ca\/?s={search_term_string}"},"query-input":{"@type":"PropertyValueSpecification","valueRequired":true,"valueName":"search_term_string"}}],"inLanguage":"ca"},{"@type":"Organization","@id":"https:\/\/www.tressis.com\/ca\/#organization","name":"Tressis","url":"https:\/\/www.tressis.com\/ca\/","logo":{"@type":"ImageObject","inLanguage":"ca","@id":"https:\/\/www.tressis.com\/ca\/#\/schema\/logo\/image\/","url":"https:\/\/www.tressis.com\/wp-content\/uploads\/2025\/06\/logo-tressis-112.png","contentUrl":"https:\/\/www.tressis.com\/wp-content\/uploads\/2025\/06\/logo-tressis-112.png","width":112,"height":112,"caption":"Tressis"},"image":{"@id":"https:\/\/www.tressis.com\/ca\/#\/schema\/logo\/image\/"},"sameAs":["https:\/\/www.facebook.com\/Tressis\/","https:\/\/x.com\/TressisSV","https:\/\/www.instagram.com\/tressissv\/?hl=es","https:\/\/linkedin.com\/company\/tressis\/","https:\/\/www.youtube.com\/user\/tressissv","https:\/\/open.spotify.com\/show\/3jmTe1Nf0wqMILl7diWV6h?si=d7112519f13c4593&nd=1"]},{"@type":"Person","@id":"https:\/\/www.tressis.com\/ca\/#\/schema\/person\/56d3b4de0493f088a4ca62a2e0c790ae","name":"Armando","image":{"@type":"ImageObject","inLanguage":"ca","@id":"https:\/\/secure.gravatar.com\/avatar\/6d7efca74644be7dae792b122beab663996c233ae58f101b52769ece1cbf1435?s=96&d=mm&r=g","url":"https:\/\/secure.gravatar.com\/avatar\/6d7efca74644be7dae792b122beab663996c233ae58f101b52769ece1cbf1435?s=96&d=mm&r=g","contentUrl":"https:\/\/secure.gravatar.com\/avatar\/6d7efca74644be7dae792b122beab663996c233ae58f101b52769ece1cbf1435?s=96&d=mm&r=g","caption":"Armando"}}]}},"_links":{"self":[{"href":"https:\/\/www.tressis.com\/ca\/wp-json\/wp\/v2\/posts\/115958","targetHints":{"allow":["GET"]}}],"collection":[{"href":"https:\/\/www.tressis.com\/ca\/wp-json\/wp\/v2\/posts"}],"about":[{"href":"https:\/\/www.tressis.com\/ca\/wp-json\/wp\/v2\/types\/post"}],"author":[{"embeddable":true,"href":"https:\/\/www.tressis.com\/ca\/wp-json\/wp\/v2\/users\/9"}],"replies":[{"embeddable":true,"href":"https:\/\/www.tressis.com\/ca\/wp-json\/wp\/v2\/comments?post=115958"}],"version-history":[{"count":3,"href":"https:\/\/www.tressis.com\/ca\/wp-json\/wp\/v2\/posts\/115958\/revisions"}],"predecessor-version":[{"id":115967,"href":"https:\/\/www.tressis.com\/ca\/wp-json\/wp\/v2\/posts\/115958\/revisions\/115967"}],"wp:featuredmedia":[{"embeddable":true,"href":"https:\/\/www.tressis.com\/ca\/wp-json\/wp\/v2\/media\/115959"}],"wp:attachment":[{"href":"https:\/\/www.tressis.com\/ca\/wp-json\/wp\/v2\/media?parent=115958"}],"wp:term":[{"taxonomy":"category","embeddable":true,"href":"https:\/\/www.tressis.com\/ca\/wp-json\/wp\/v2\/categories?post=115958"},{"taxonomy":"post_tag","embeddable":true,"href":"https:\/\/www.tressis.com\/ca\/wp-json\/wp\/v2\/tags?post=115958"}],"curies":[{"name":"wp","href":"https:\/\/api.w.org\/{rel}","templated":true}]}}