{"id":114826,"date":"2026-01-05T10:32:08","date_gmt":"2026-01-05T09:32:08","guid":{"rendered":"https:\/\/www.tressis.com\/?p=114826"},"modified":"2026-01-05T15:25:09","modified_gmt":"2026-01-05T14:25:09","slug":"mercados-financieros-globales-han-arrancado-2026-tono-mixto","status":"publish","type":"post","link":"https:\/\/www.tressis.com\/ca\/blog\/mercados-financieros-globales-han-arrancado-2026-tono-mixto\/","title":{"rendered":"Los mercados financieros globales han arrancado 2026 con un tono mixto"},"content":{"rendered":"<h2><strong>Estados Unidos: inicio de a\u00f1o con avances moderados<\/strong><\/h2>\n<p>En Estados Unidos, la renta variable comenz\u00f3 el a\u00f1o con <strong data-start=\"183\" data-end=\"225\">avances modestos y bastante indecisi\u00f3n<\/strong>. El <strong>S&amp;P 500<\/strong> subi\u00f3 un <strong>0,2%<\/strong> en la primera sesi\u00f3n, tras oscilar durante buena parte de la jornada entre ganancias y p\u00e9rdidas, mientras que el <strong data-=\"\">Nasdaq 100<\/strong> cedi\u00f3 un <strong>0,2%<\/strong>, lastrado por la debilidad de varios grandes valores tecnol\u00f3gicos. El <strong>Dow Jones<\/strong> destac\u00f3 con un avance del <strong>0,7%<\/strong>, apoyado en sectores m\u00e1s c\u00edclicos y defensivos, como <strong data-start=\"578\" data-end=\"615\">energ\u00eda, industriales y <em>utilities<\/em><\/strong>.<\/p>\n<p>&nbsp;<\/p>\n<p><center><a href=\"https:\/\/www.tressis.com\/tressis-vision\/?utm_source=web_publica&amp;utm_medium=direct&amp;utm_campaign=descarga_paper&amp;utm_term=tressisvision&amp;utm_content=blog_MMV\" target=\"_blank\" rel=\"noopener\"><img fetchpriority=\"high\" decoding=\"async\" class=\"aligncenter wp-image-67199 size-full\" src=\"https:\/\/www.tressis.com\/wp-content\/uploads\/2026\/01\/CTA-Tressis-vision-ESTRATEGIA-ENERO-blog.jpg\" alt=\"Informe mensual - Tressis visi\u00f3n\" width=\"800\" height=\"354\" \/><\/a><\/center>&nbsp;<\/p>\n<p>Dentro del sector tecnol\u00f3gico, las llamadas <strong>Magnificent Seven<\/strong> mostraron un comportamiento claramente negativo, con una ca\u00edda cercana al <strong>1%<\/strong> en conjunto. <strong>Tesla<\/strong> destac\u00f3 a la baja tras publicar unas entregas del cuarto trimestre por debajo de lo esperado, prolongando adem\u00e1s un a\u00f1o especialmente complicado en Europa, donde sus ventas han sufrido descensos acusados. <strong>Amazon y Microsoft<\/strong> tambi\u00e9n retrocedieron. En contraste, algunos valores ligados a <strong>semiconductores y equipamiento tecnol\u00f3gico<\/strong>, como <strong>Nvidia o Micron<\/strong>, avanzaron.<\/p>\n<p>&nbsp;<\/p>\n<h2><strong>Europa: tono m\u00e1s positivo en renta variable<\/strong><\/h2>\n<p>En Europa, el tono fue <strong>sensiblemente m\u00e1s positivo<\/strong>. El <strong>Euro Stoxx 50<\/strong> marc\u00f3 nuevos r\u00e9cords y el <strong>FTSE 100<\/strong> brit\u00e1nico super\u00f3 por primera vez los <strong>10.000<\/strong>. Destacaron tambi\u00e9n valores <strong>industriales y de tecnolog\u00eda aplicada<\/strong>, como <strong>Munters Group<\/strong>, que subi\u00f3 con fuerza tras anunciar nuevos pedidos vinculados a <strong>centros de datos en Estados Unidos<\/strong>.<\/p>\n<p>&nbsp;<\/p>\n<h2><strong>Bonos: presi\u00f3n en los tramos largos de la curva<\/strong><\/h2>\n<p>Uno de los focos m\u00e1s relevantes en este inicio de a\u00f1o ha sido el <strong>mercado de bonos<\/strong>, especialmente en los <strong>tramos largos de la curva estadounidense<\/strong>. Los <em>treasuries <\/em>de mayor duraci\u00f3n comenzaron <strong>2026 a la defensiva<\/strong>, despu\u00e9s de haber registrado en <strong>2025 su mayor ganancia anual en cinco a\u00f1os<\/strong>. El rendimiento del <strong>bono a treinta a\u00f1os<\/strong> repunt\u00f3 cerca de <strong>tres puntos b\u00e1sicos<\/strong> hasta el <strong>4,87%<\/strong>, llegando a tocar intrad\u00eda el <strong>4,88%<\/strong>, su nivel m\u00e1s alto desde septiembre. El <strong>bono a diez a\u00f1os<\/strong> se situ\u00f3 en torno al <strong>4,19%<\/strong>, tambi\u00e9n cerca de m\u00e1ximos recientes. En contraste, los <strong>vencimientos m\u00e1s cortos<\/strong>, m\u00e1s ligados al tipo oficial de la <strong>Reserva Federal<\/strong>, se mantuvieron estables o ligeramente a la baja.<\/p>\n<p>&nbsp;<\/p>\n<h2><strong>Renta fija privada: expectativas de emisi\u00f3n r\u00e9cord<\/strong><\/h2>\n<p>En el mercado de <strong>renta fija privada<\/strong>, el a\u00f1o arranca con <strong>expectativas de actividad r\u00e9cord<\/strong>. Solo en enero, la emisi\u00f3n de deuda con <strong>grado de inversi\u00f3n en Estados Unidos<\/strong> podr\u00eda alcanzar los <strong>215.000 millones de d\u00f3lares<\/strong>, un m\u00e1ximo hist\u00f3rico para este mes. Para el conjunto de <strong>2026<\/strong>, las estimaciones apuntan a un volumen de entre <strong>1,8 y 2,25 billones de d\u00f3lares<\/strong>, lo que supondr\u00eda un <strong>nuevo r\u00e9cord<\/strong>, tras un <strong>2025<\/strong> que ya fue el segundo a\u00f1o m\u00e1s activo jam\u00e1s registrado. Este dinamismo refleja tanto la <strong>confianza empresarial<\/strong> como la necesidad de financiar <strong>elevados niveles de inversi\u00f3n y refinanciaci\u00f3n<\/strong> en un entorno de <strong>tipos a\u00fan exigente<\/strong>.<\/p>\n<p>&nbsp;<\/p>\n<h2><strong>Materias primas: ajustes t\u00e9cnicos en el corto plazo<\/strong><\/h2>\n<p>En <strong>materias primas<\/strong>, el <strong data-start=\"3183\" data-end=\"3201\">oro y la plata<\/strong> comenzaron el a\u00f1o estabiliz\u00e1ndose tras firmar en <strong>2025<\/strong> sus mejores resultados desde finales de los <strong>a\u00f1os setenta<\/strong>. A corto plazo, sin embargo, el foco est\u00e1 en el <strong>reajuste de ponderaciones<\/strong> de un importante \u00edndice de materias primas. Tras el fuerte <em>rally<\/em> previo, los <strong>fondos pasivos<\/strong> podr\u00edan verse obligados a vender contratos para adaptarse a las nuevas ponderaciones, lo que introduce <strong>presi\u00f3n en el corto plazo<\/strong>. En el caso de la <strong>plata<\/strong>, la reducci\u00f3n de peso implicar\u00eda ventas superiores a <strong>5.000 millones de d\u00f3lares<\/strong>, mientras que en el <strong>oro<\/strong> el ajuste estimado ronda los <strong>6.000 millones<\/strong>.<\/p>\n<p>&nbsp;<\/p>\n<p>Veremos c\u00f3mo afecta la situaci\u00f3n en <strong>Venezuela e Ir\u00e1n<\/strong> a los mercados de <strong>petr\u00f3leo<\/strong> justo esta semana de cambios. Aunque la <strong>captura del presidente venezolano Maduro por fuerzas estadounidenses<\/strong> ha dominado los titulares del fin de semana, los <strong>mercados financieros<\/strong> parecen imperturbables y \u00fanicamente se ha dejado notar en la <strong>fortaleza del d\u00f3lar<\/strong> durante las primeras horas de cotizaci\u00f3n en la semana.<\/p>\n<p>&nbsp;<\/p>\n<h2><strong>Macro zona euro: deterioro moderado pero generalizado<\/strong><\/h2>\n<p>En el plano <strong>macroecon\u00f3mico<\/strong>, el <strong>sector manufacturero de la zona euro<\/strong> cerr\u00f3 el a\u00f1o con un <strong>deterioro moderado pero generalizado<\/strong>. El \u00edndice <strong>HCOB PMI<\/strong> descendi\u00f3 en diciembre hasta <strong>48,8<\/strong> desde <strong>49,6<\/strong>, su nivel m\u00e1s bajo en <strong>nueve meses<\/strong> y claramente por debajo del umbral de <strong>50<\/strong>. La producci\u00f3n cay\u00f3 por primera vez desde <strong>febrero de 2025<\/strong>, tras nueve meses de crecimiento, debido al acusado retroceso de los <strong>nuevos pedidos<\/strong>, especialmente en <strong>exportaciones<\/strong>.<\/p>\n<p>&nbsp;<\/p>\n<p><strong>Alemania e Italia<\/strong> mostraron los peores registros, mientras <strong>Espa\u00f1a<\/strong> entr\u00f3 en ligera contracci\u00f3n. <strong>Francia<\/strong>, en cambio, sorprendi\u00f3 con su mayor expansi\u00f3n en m\u00e1s de <strong>tres a\u00f1os<\/strong>, y <strong>Grecia e Irlanda<\/strong> mantuvieron lecturas positivas. Pese a los descuentos, las ventas siguieron empeorando y la <strong>inflaci\u00f3n de costes de los insumos<\/strong> alcanz\u00f3 un m\u00e1ximo de <strong>diecis\u00e9is meses<\/strong>. Aun as\u00ed, el <strong>optimismo empresarial a doce meses<\/strong> es el m\u00e1s elevado desde comienzos de <strong>2022<\/strong>, apoyado en expectativas de <strong>est\u00edmulo fiscal y mayor gasto en defensa en 2026<\/strong>.<\/p>\n<p>&nbsp;<\/p>\n<h2><strong>Estados Unidos: expansi\u00f3n manufacturera m\u00e1s moderada<\/strong><\/h2>\n<p>En Estados Unidos, el <strong>sector manufacturero<\/strong> continu\u00f3 mejorando en diciembre, aunque a un <strong>ritmo m\u00e1s moderado<\/strong>. El <strong>PMI de S&amp;P Global<\/strong> descendi\u00f3 a <strong>51,8<\/strong> desde <strong>52,2<\/strong>, marcando la <strong>expansi\u00f3n m\u00e1s d\u00e9bil en cinco meses<\/strong>. La producci\u00f3n avanz\u00f3 con menor intensidad, afectada por la primera <strong>contracci\u00f3n de los nuevos pedidos en un a\u00f1o<\/strong> y por la debilidad persistente de las <strong>exportaciones<\/strong>, lastradas por los <strong>aranceles<\/strong>. Estos mantuvieron elevados los costes, si bien la <strong>inflaci\u00f3n de precios de insumos y de venta<\/strong> se moder\u00f3 hasta m\u00ednimos de <strong>once meses<\/strong>. Pese a la desaceleraci\u00f3n de la demanda, el <strong>empleo sigui\u00f3 creciendo<\/strong> y la <strong>confianza empresarial<\/strong> se mantuvo positiva, apoyada en la expectativa de una <strong>recuperaci\u00f3n m\u00e1s s\u00f3lida en 2026<\/strong>.<\/p>\n<p>&nbsp;<\/p>\n<h2><strong>Pr\u00f3xima semana: empleo e inflaci\u00f3n en el foco<\/strong><\/h2>\n<p>De cara a la <strong>pr\u00f3xima semana<\/strong>, la atenci\u00f3n se centrar\u00e1 en el <strong>informe de empleo de Estados Unidos<\/strong>, que previsiblemente mostrar\u00e1 un <strong>repunte moderado de la contrataci\u00f3n en diciembre.<\/strong> <span data-olk-copy-source=\"MessageBody\">El consenso de los analistas espera una\u00a0<\/span><strong>tasa de paro estable en el 4,6%<\/strong>. En Europa, los datos de <strong data-start=\"6527\" data-end=\"6540\">inflaci\u00f3n<\/strong> apuntan a una nueva <strong>moderaci\u00f3n en diciembre<\/strong>. Con el dato previsto para el <strong>7 de enero<\/strong>, las estimaciones apuntan a que la <strong>inflaci\u00f3n general<\/strong> habr\u00eda descendido hasta el <strong>2% interanual<\/strong> desde el <strong>2,1% de noviembre<\/strong>, y la <strong>subyacente<\/strong> hasta el <strong>2,3%<\/strong>. Los riesgos, seg\u00fan las estimaciones nacionales, se inclinan <strong>ligeramente a la baja<\/strong>, con un posible descenso adicional de <strong>una d\u00e9cima<\/strong> en ambos indicadores, impulsado principalmente por la <strong>ca\u00edda de las tarifas a\u00e9reas<\/strong>. En contraste, <strong>Suiza y Suecia<\/strong> podr\u00edan registrar una ligera <strong>aceleraci\u00f3n de los precios<\/strong>. El calendario se completa con los <strong>datos de cr\u00e9dito de China<\/strong> y las cifras de inflaci\u00f3n de pa\u00edses como <strong>Australia, Brasil o Chile<\/strong>.<\/p>\n<p>&nbsp;<\/p>\n<p>P.D. Os dejo mi particular <a href=\"https:\/\/www.eleconomista.es\/mercados-cotizaciones\/noticias\/13710441\/12\/25\/oro-incienso-y-mirra-para-una-cartera-conservadora-en-2026.html\" target=\"_blank\" rel=\"nofollow noopener\">carta a los Reyes Magos<\/a><\/p>\n<p>Buena semana.<\/p>\n<p><center><strong>Jorge Gonz\u00e1lez G\u00f3mez<\/strong><br \/>\nDirector de An\u00e1lisis<\/center><\/p>\n","protected":false},"excerpt":{"rendered":"<p>Estados Unidos: inicio de a\u00f1o con avances moderados En Estados Unidos, la renta variable comenz\u00f3 el a\u00f1o con avances modestos y bastante indecisi\u00f3n. El S&amp;P 500 subi\u00f3 un 0,2% en la primera sesi\u00f3n, tras oscilar durante buena parte de la jornada entre ganancias y p\u00e9rdidas, mientras que el Nasdaq 100 cedi\u00f3 un 0,2%, lastrado por [&hellip;]<\/p>\n","protected":false},"author":4,"featured_media":114828,"comment_status":"closed","ping_status":"open","sticky":false,"template":"","format":"standard","meta":{"_acf_changed":false,"footnotes":""},"categories":[9721],"tags":[],"class_list":["post-114826","post","type-post","status-publish","format-standard","has-post-thumbnail","hentry","category-morning-meeting"],"acf":[],"yoast_head":"<!-- This site is optimized with the Yoast SEO plugin v27.5 - https:\/\/yoast.com\/product\/yoast-seo-wordpress\/ -->\n<title>Los mercados financieros globales han arrancado 2026 con un tono mixto<\/title>\n<meta name=\"robots\" content=\"noindex, nofollow\" \/>\n<meta property=\"og:locale\" content=\"ca_ES\" \/>\n<meta property=\"og:type\" content=\"article\" \/>\n<meta property=\"og:title\" content=\"Los mercados financieros globales han arrancado 2026 con un tono mixto\" \/>\n<meta property=\"og:description\" content=\"Estados Unidos: inicio de a\u00f1o con avances moderados En Estados Unidos, la renta variable comenz\u00f3 el a\u00f1o con avances modestos y bastante indecisi\u00f3n. El S&amp;P 500 subi\u00f3 un 0,2% en la primera sesi\u00f3n, tras oscilar durante buena parte de la jornada entre ganancias y p\u00e9rdidas, mientras que el Nasdaq 100 cedi\u00f3 un 0,2%, lastrado por [&hellip;]\" \/>\n<meta property=\"og:url\" content=\"https:\/\/www.tressis.com\/ca\/blog\/mercados-financieros-globales-han-arrancado-2026-tono-mixto\/\" \/>\n<meta property=\"og:site_name\" content=\"Tressis\" \/>\n<meta property=\"article:publisher\" content=\"https:\/\/www.facebook.com\/Tressis\/\" \/>\n<meta property=\"article:published_time\" content=\"2026-01-05T09:32:08+00:00\" \/>\n<meta property=\"article:modified_time\" content=\"2026-01-05T14:25:09+00:00\" \/>\n<meta property=\"og:image\" content=\"https:\/\/www.tressis.com\/wp-content\/uploads\/2026\/01\/2026.webp\" \/>\n\t<meta property=\"og:image:width\" content=\"1200\" \/>\n\t<meta property=\"og:image:height\" content=\"531\" \/>\n\t<meta property=\"og:image:type\" content=\"image\/webp\" \/>\n<meta name=\"author\" content=\"Lola\" \/>\n<meta name=\"twitter:card\" content=\"summary_large_image\" \/>\n<meta name=\"twitter:creator\" content=\"@TressisSV\" \/>\n<meta name=\"twitter:site\" content=\"@TressisSV\" \/>\n<meta name=\"twitter:label1\" content=\"Escrit per\" \/>\n\t<meta name=\"twitter:data1\" content=\"Lola\" \/>\n\t<meta name=\"twitter:label2\" content=\"Temps estimat de lectura\" \/>\n\t<meta name=\"twitter:data2\" content=\"6 minuts\" \/>\n<script type=\"application\/ld+json\" class=\"yoast-schema-graph\">{\"@context\":\"https:\\\/\\\/schema.org\",\"@graph\":[{\"@type\":\"Article\",\"@id\":\"https:\\\/\\\/www.tressis.com\\\/ca\\\/blog\\\/mercados-financieros-globales-han-arrancado-2026-tono-mixto\\\/#article\",\"isPartOf\":{\"@id\":\"https:\\\/\\\/www.tressis.com\\\/ca\\\/blog\\\/mercados-financieros-globales-han-arrancado-2026-tono-mixto\\\/\"},\"author\":{\"name\":\"Lola\",\"@id\":\"https:\\\/\\\/www.tressis.com\\\/ca\\\/#\\\/schema\\\/person\\\/b833c1d724d8764920b6d6852c70584e\"},\"headline\":\"Los mercados financieros globales han arrancado 2026 con un tono mixto\",\"datePublished\":\"2026-01-05T09:32:08+00:00\",\"dateModified\":\"2026-01-05T14:25:09+00:00\",\"mainEntityOfPage\":{\"@id\":\"https:\\\/\\\/www.tressis.com\\\/ca\\\/blog\\\/mercados-financieros-globales-han-arrancado-2026-tono-mixto\\\/\"},\"wordCount\":1206,\"publisher\":{\"@id\":\"https:\\\/\\\/www.tressis.com\\\/ca\\\/#organization\"},\"image\":{\"@id\":\"https:\\\/\\\/www.tressis.com\\\/ca\\\/blog\\\/mercados-financieros-globales-han-arrancado-2026-tono-mixto\\\/#primaryimage\"},\"thumbnailUrl\":\"https:\\\/\\\/www.tressis.com\\\/wp-content\\\/uploads\\\/2026\\\/01\\\/2026.webp\",\"articleSection\":[\"Morning meeting\"],\"inLanguage\":\"ca\"},{\"@type\":\"WebPage\",\"@id\":\"https:\\\/\\\/www.tressis.com\\\/ca\\\/blog\\\/mercados-financieros-globales-han-arrancado-2026-tono-mixto\\\/\",\"url\":\"https:\\\/\\\/www.tressis.com\\\/ca\\\/blog\\\/mercados-financieros-globales-han-arrancado-2026-tono-mixto\\\/\",\"name\":\"Los mercados financieros globales han arrancado 2026 con un tono mixto\",\"isPartOf\":{\"@id\":\"https:\\\/\\\/www.tressis.com\\\/ca\\\/#website\"},\"primaryImageOfPage\":{\"@id\":\"https:\\\/\\\/www.tressis.com\\\/ca\\\/blog\\\/mercados-financieros-globales-han-arrancado-2026-tono-mixto\\\/#primaryimage\"},\"image\":{\"@id\":\"https:\\\/\\\/www.tressis.com\\\/ca\\\/blog\\\/mercados-financieros-globales-han-arrancado-2026-tono-mixto\\\/#primaryimage\"},\"thumbnailUrl\":\"https:\\\/\\\/www.tressis.com\\\/wp-content\\\/uploads\\\/2026\\\/01\\\/2026.webp\",\"datePublished\":\"2026-01-05T09:32:08+00:00\",\"dateModified\":\"2026-01-05T14:25:09+00:00\",\"breadcrumb\":{\"@id\":\"https:\\\/\\\/www.tressis.com\\\/ca\\\/blog\\\/mercados-financieros-globales-han-arrancado-2026-tono-mixto\\\/#breadcrumb\"},\"inLanguage\":\"ca\",\"potentialAction\":[{\"@type\":\"ReadAction\",\"target\":[\"https:\\\/\\\/www.tressis.com\\\/ca\\\/blog\\\/mercados-financieros-globales-han-arrancado-2026-tono-mixto\\\/\"]}]},{\"@type\":\"ImageObject\",\"inLanguage\":\"ca\",\"@id\":\"https:\\\/\\\/www.tressis.com\\\/ca\\\/blog\\\/mercados-financieros-globales-han-arrancado-2026-tono-mixto\\\/#primaryimage\",\"url\":\"https:\\\/\\\/www.tressis.com\\\/wp-content\\\/uploads\\\/2026\\\/01\\\/2026.webp\",\"contentUrl\":\"https:\\\/\\\/www.tressis.com\\\/wp-content\\\/uploads\\\/2026\\\/01\\\/2026.webp\",\"width\":1200,\"height\":531,\"caption\":\"Los mercados financieros globales han arrancado 2026 con un tono mixto\"},{\"@type\":\"BreadcrumbList\",\"@id\":\"https:\\\/\\\/www.tressis.com\\\/ca\\\/blog\\\/mercados-financieros-globales-han-arrancado-2026-tono-mixto\\\/#breadcrumb\",\"itemListElement\":[{\"@type\":\"ListItem\",\"position\":1,\"name\":\"Inicio\",\"item\":\"https:\\\/\\\/www.tressis.com\\\/ca\\\/\"},{\"@type\":\"ListItem\",\"position\":2,\"name\":\"Morning meeting\",\"item\":\"https:\\\/\\\/www.tressis.com\\\/ca\\\/blog\\\/categorias\\\/morning-meeting-ca\\\/\"},{\"@type\":\"ListItem\",\"position\":3,\"name\":\"Los mercados financieros globales han arrancado 2026 con un tono mixto\"}]},{\"@type\":\"WebSite\",\"@id\":\"https:\\\/\\\/www.tressis.com\\\/ca\\\/#website\",\"url\":\"https:\\\/\\\/www.tressis.com\\\/ca\\\/\",\"name\":\"Tressis banca privada\",\"description\":\"Tressis | Planificaci\u00f3n financiera y gesti\u00f3n de patrimonios\",\"publisher\":{\"@id\":\"https:\\\/\\\/www.tressis.com\\\/ca\\\/#organization\"},\"potentialAction\":[{\"@type\":\"SearchAction\",\"target\":{\"@type\":\"EntryPoint\",\"urlTemplate\":\"https:\\\/\\\/www.tressis.com\\\/ca\\\/?s={search_term_string}\"},\"query-input\":{\"@type\":\"PropertyValueSpecification\",\"valueRequired\":true,\"valueName\":\"search_term_string\"}}],\"inLanguage\":\"ca\"},{\"@type\":\"Organization\",\"@id\":\"https:\\\/\\\/www.tressis.com\\\/ca\\\/#organization\",\"name\":\"Tressis\",\"url\":\"https:\\\/\\\/www.tressis.com\\\/ca\\\/\",\"logo\":{\"@type\":\"ImageObject\",\"inLanguage\":\"ca\",\"@id\":\"https:\\\/\\\/www.tressis.com\\\/ca\\\/#\\\/schema\\\/logo\\\/image\\\/\",\"url\":\"https:\\\/\\\/www.tressis.com\\\/wp-content\\\/uploads\\\/2025\\\/06\\\/logo-tressis-112.png\",\"contentUrl\":\"https:\\\/\\\/www.tressis.com\\\/wp-content\\\/uploads\\\/2025\\\/06\\\/logo-tressis-112.png\",\"width\":112,\"height\":112,\"caption\":\"Tressis\"},\"image\":{\"@id\":\"https:\\\/\\\/www.tressis.com\\\/ca\\\/#\\\/schema\\\/logo\\\/image\\\/\"},\"sameAs\":[\"https:\\\/\\\/www.facebook.com\\\/Tressis\\\/\",\"https:\\\/\\\/x.com\\\/TressisSV\",\"https:\\\/\\\/www.instagram.com\\\/tressissv\\\/?hl=es\",\"https:\\\/\\\/linkedin.com\\\/company\\\/tressis\\\/\",\"https:\\\/\\\/www.youtube.com\\\/user\\\/tressissv\",\"https:\\\/\\\/open.spotify.com\\\/show\\\/3jmTe1Nf0wqMILl7diWV6h?si=d7112519f13c4593&nd=1\"]},{\"@type\":\"Person\",\"@id\":\"https:\\\/\\\/www.tressis.com\\\/ca\\\/#\\\/schema\\\/person\\\/b833c1d724d8764920b6d6852c70584e\",\"name\":\"Lola\",\"image\":{\"@type\":\"ImageObject\",\"inLanguage\":\"ca\",\"@id\":\"https:\\\/\\\/secure.gravatar.com\\\/avatar\\\/05e646486b23ff45df9649110609c7e31b8c4a3e2821caa23d6317f405e0c51d?s=96&d=mm&r=g\",\"url\":\"https:\\\/\\\/secure.gravatar.com\\\/avatar\\\/05e646486b23ff45df9649110609c7e31b8c4a3e2821caa23d6317f405e0c51d?s=96&d=mm&r=g\",\"contentUrl\":\"https:\\\/\\\/secure.gravatar.com\\\/avatar\\\/05e646486b23ff45df9649110609c7e31b8c4a3e2821caa23d6317f405e0c51d?s=96&d=mm&r=g\",\"caption\":\"Lola\"}}]}<\/script>\n<!-- \/ Yoast SEO plugin. -->","yoast_head_json":{"title":"Los mercados financieros globales han arrancado 2026 con un tono mixto","robots":{"index":"noindex","follow":"nofollow"},"og_locale":"ca_ES","og_type":"article","og_title":"Los mercados financieros globales han arrancado 2026 con un tono mixto","og_description":"Estados Unidos: inicio de a\u00f1o con avances moderados En Estados Unidos, la renta variable comenz\u00f3 el a\u00f1o con avances modestos y bastante indecisi\u00f3n. El S&amp;P 500 subi\u00f3 un 0,2% en la primera sesi\u00f3n, tras oscilar durante buena parte de la jornada entre ganancias y p\u00e9rdidas, mientras que el Nasdaq 100 cedi\u00f3 un 0,2%, lastrado por [&hellip;]","og_url":"https:\/\/www.tressis.com\/ca\/blog\/mercados-financieros-globales-han-arrancado-2026-tono-mixto\/","og_site_name":"Tressis","article_publisher":"https:\/\/www.facebook.com\/Tressis\/","article_published_time":"2026-01-05T09:32:08+00:00","article_modified_time":"2026-01-05T14:25:09+00:00","og_image":[{"width":1200,"height":531,"url":"https:\/\/www.tressis.com\/wp-content\/uploads\/2026\/01\/2026.webp","type":"image\/webp"}],"author":"Lola","twitter_card":"summary_large_image","twitter_creator":"@TressisSV","twitter_site":"@TressisSV","twitter_misc":{"Escrit per":"Lola","Temps estimat de lectura":"6 minuts"},"schema":{"@context":"https:\/\/schema.org","@graph":[{"@type":"Article","@id":"https:\/\/www.tressis.com\/ca\/blog\/mercados-financieros-globales-han-arrancado-2026-tono-mixto\/#article","isPartOf":{"@id":"https:\/\/www.tressis.com\/ca\/blog\/mercados-financieros-globales-han-arrancado-2026-tono-mixto\/"},"author":{"name":"Lola","@id":"https:\/\/www.tressis.com\/ca\/#\/schema\/person\/b833c1d724d8764920b6d6852c70584e"},"headline":"Los mercados financieros globales han arrancado 2026 con un tono mixto","datePublished":"2026-01-05T09:32:08+00:00","dateModified":"2026-01-05T14:25:09+00:00","mainEntityOfPage":{"@id":"https:\/\/www.tressis.com\/ca\/blog\/mercados-financieros-globales-han-arrancado-2026-tono-mixto\/"},"wordCount":1206,"publisher":{"@id":"https:\/\/www.tressis.com\/ca\/#organization"},"image":{"@id":"https:\/\/www.tressis.com\/ca\/blog\/mercados-financieros-globales-han-arrancado-2026-tono-mixto\/#primaryimage"},"thumbnailUrl":"https:\/\/www.tressis.com\/wp-content\/uploads\/2026\/01\/2026.webp","articleSection":["Morning meeting"],"inLanguage":"ca"},{"@type":"WebPage","@id":"https:\/\/www.tressis.com\/ca\/blog\/mercados-financieros-globales-han-arrancado-2026-tono-mixto\/","url":"https:\/\/www.tressis.com\/ca\/blog\/mercados-financieros-globales-han-arrancado-2026-tono-mixto\/","name":"Los mercados financieros globales han arrancado 2026 con un tono mixto","isPartOf":{"@id":"https:\/\/www.tressis.com\/ca\/#website"},"primaryImageOfPage":{"@id":"https:\/\/www.tressis.com\/ca\/blog\/mercados-financieros-globales-han-arrancado-2026-tono-mixto\/#primaryimage"},"image":{"@id":"https:\/\/www.tressis.com\/ca\/blog\/mercados-financieros-globales-han-arrancado-2026-tono-mixto\/#primaryimage"},"thumbnailUrl":"https:\/\/www.tressis.com\/wp-content\/uploads\/2026\/01\/2026.webp","datePublished":"2026-01-05T09:32:08+00:00","dateModified":"2026-01-05T14:25:09+00:00","breadcrumb":{"@id":"https:\/\/www.tressis.com\/ca\/blog\/mercados-financieros-globales-han-arrancado-2026-tono-mixto\/#breadcrumb"},"inLanguage":"ca","potentialAction":[{"@type":"ReadAction","target":["https:\/\/www.tressis.com\/ca\/blog\/mercados-financieros-globales-han-arrancado-2026-tono-mixto\/"]}]},{"@type":"ImageObject","inLanguage":"ca","@id":"https:\/\/www.tressis.com\/ca\/blog\/mercados-financieros-globales-han-arrancado-2026-tono-mixto\/#primaryimage","url":"https:\/\/www.tressis.com\/wp-content\/uploads\/2026\/01\/2026.webp","contentUrl":"https:\/\/www.tressis.com\/wp-content\/uploads\/2026\/01\/2026.webp","width":1200,"height":531,"caption":"Los mercados financieros globales han arrancado 2026 con un tono mixto"},{"@type":"BreadcrumbList","@id":"https:\/\/www.tressis.com\/ca\/blog\/mercados-financieros-globales-han-arrancado-2026-tono-mixto\/#breadcrumb","itemListElement":[{"@type":"ListItem","position":1,"name":"Inicio","item":"https:\/\/www.tressis.com\/ca\/"},{"@type":"ListItem","position":2,"name":"Morning meeting","item":"https:\/\/www.tressis.com\/ca\/blog\/categorias\/morning-meeting-ca\/"},{"@type":"ListItem","position":3,"name":"Los mercados financieros globales han arrancado 2026 con un tono mixto"}]},{"@type":"WebSite","@id":"https:\/\/www.tressis.com\/ca\/#website","url":"https:\/\/www.tressis.com\/ca\/","name":"Tressis banca privada","description":"Tressis | Planificaci\u00f3n financiera y gesti\u00f3n de patrimonios","publisher":{"@id":"https:\/\/www.tressis.com\/ca\/#organization"},"potentialAction":[{"@type":"SearchAction","target":{"@type":"EntryPoint","urlTemplate":"https:\/\/www.tressis.com\/ca\/?s={search_term_string}"},"query-input":{"@type":"PropertyValueSpecification","valueRequired":true,"valueName":"search_term_string"}}],"inLanguage":"ca"},{"@type":"Organization","@id":"https:\/\/www.tressis.com\/ca\/#organization","name":"Tressis","url":"https:\/\/www.tressis.com\/ca\/","logo":{"@type":"ImageObject","inLanguage":"ca","@id":"https:\/\/www.tressis.com\/ca\/#\/schema\/logo\/image\/","url":"https:\/\/www.tressis.com\/wp-content\/uploads\/2025\/06\/logo-tressis-112.png","contentUrl":"https:\/\/www.tressis.com\/wp-content\/uploads\/2025\/06\/logo-tressis-112.png","width":112,"height":112,"caption":"Tressis"},"image":{"@id":"https:\/\/www.tressis.com\/ca\/#\/schema\/logo\/image\/"},"sameAs":["https:\/\/www.facebook.com\/Tressis\/","https:\/\/x.com\/TressisSV","https:\/\/www.instagram.com\/tressissv\/?hl=es","https:\/\/linkedin.com\/company\/tressis\/","https:\/\/www.youtube.com\/user\/tressissv","https:\/\/open.spotify.com\/show\/3jmTe1Nf0wqMILl7diWV6h?si=d7112519f13c4593&nd=1"]},{"@type":"Person","@id":"https:\/\/www.tressis.com\/ca\/#\/schema\/person\/b833c1d724d8764920b6d6852c70584e","name":"Lola","image":{"@type":"ImageObject","inLanguage":"ca","@id":"https:\/\/secure.gravatar.com\/avatar\/05e646486b23ff45df9649110609c7e31b8c4a3e2821caa23d6317f405e0c51d?s=96&d=mm&r=g","url":"https:\/\/secure.gravatar.com\/avatar\/05e646486b23ff45df9649110609c7e31b8c4a3e2821caa23d6317f405e0c51d?s=96&d=mm&r=g","contentUrl":"https:\/\/secure.gravatar.com\/avatar\/05e646486b23ff45df9649110609c7e31b8c4a3e2821caa23d6317f405e0c51d?s=96&d=mm&r=g","caption":"Lola"}}]}},"_links":{"self":[{"href":"https:\/\/www.tressis.com\/ca\/wp-json\/wp\/v2\/posts\/114826","targetHints":{"allow":["GET"]}}],"collection":[{"href":"https:\/\/www.tressis.com\/ca\/wp-json\/wp\/v2\/posts"}],"about":[{"href":"https:\/\/www.tressis.com\/ca\/wp-json\/wp\/v2\/types\/post"}],"author":[{"embeddable":true,"href":"https:\/\/www.tressis.com\/ca\/wp-json\/wp\/v2\/users\/4"}],"replies":[{"embeddable":true,"href":"https:\/\/www.tressis.com\/ca\/wp-json\/wp\/v2\/comments?post=114826"}],"version-history":[{"count":3,"href":"https:\/\/www.tressis.com\/ca\/wp-json\/wp\/v2\/posts\/114826\/revisions"}],"predecessor-version":[{"id":114846,"href":"https:\/\/www.tressis.com\/ca\/wp-json\/wp\/v2\/posts\/114826\/revisions\/114846"}],"wp:featuredmedia":[{"embeddable":true,"href":"https:\/\/www.tressis.com\/ca\/wp-json\/wp\/v2\/media\/114828"}],"wp:attachment":[{"href":"https:\/\/www.tressis.com\/ca\/wp-json\/wp\/v2\/media?parent=114826"}],"wp:term":[{"taxonomy":"category","embeddable":true,"href":"https:\/\/www.tressis.com\/ca\/wp-json\/wp\/v2\/categories?post=114826"},{"taxonomy":"post_tag","embeddable":true,"href":"https:\/\/www.tressis.com\/ca\/wp-json\/wp\/v2\/tags?post=114826"}],"curies":[{"name":"wp","href":"https:\/\/api.w.org\/{rel}","templated":true}]}}