{"id":113565,"date":"2025-11-17T09:33:11","date_gmt":"2025-11-17T08:33:11","guid":{"rendered":"https:\/\/www.tressis.com\/?p=113565"},"modified":"2025-11-17T17:58:12","modified_gmt":"2025-11-17T16:58:12","slug":"falta-cifras-oficiales-alimenta-incertidumbre","status":"publish","type":"post","link":"https:\/\/www.tressis.com\/ca\/blog\/falta-cifras-oficiales-alimenta-incertidumbre\/","title":{"rendered":"La falta de cifras oficiales alimenta la incertidumbre"},"content":{"rendered":"<p>Como dijo Morgan Freeman en <em>Invictus<\/em> al interpretar a Nelson Mandela: \u201cLa mayor gloria no consiste en no caer nunca, sino en levantarse siempre\u201d. Eso hicieron los \u00edndices norteamericanos el viernes: a mitad de sesi\u00f3n todo apuntaba a un fuerte descenso, pero lograron recuperar lo suficiente para evitar un cierre dram\u00e1tico. El S&#038;P 500 retrocedi\u00f3 un 0,05%, el Nasdaq 100 avanz\u00f3 un leve 0,06% y el Dow Jones cedi\u00f3 un 0,65%. Tampoco apareci\u00f3 demasiada \u00e9pica fuera de las grandes tecnol\u00f3gicas: el MSCI World cay\u00f3 un 0,3%, el Russell 2000 subi\u00f3 un discreto 0,22% y el \u00edndice de los <em>Magnificent 7<\/em> apenas repunt\u00f3 un 0,2%. En Europa, el tono fue a\u00fan m\u00e1s d\u00e9bil: el EuroStoxx 50 baj\u00f3 un 0,85%, el Ibex 35 retrocedi\u00f3 un 1,4% y el DAX alem\u00e1n perdi\u00f3 un 0,69%.<\/p>\n<p>&nbsp;<\/p>\n<h2><strong>En los mercados de divisas<\/strong><\/h2>\n<p>El Bloomberg Dollar Spot Index permaneci\u00f3 estable, mientras el euro cay\u00f3 un 0,1%, la libra un 0,2% y el yen volvi\u00f3 a ignorar cualquier est\u00edmulo. Las criptomonedas sufrieron un castigo mayor: Bitcoin se desplom\u00f3 un 4,6% hasta los 94.200 d\u00f3lares y Ether cedi\u00f3 un 1,7%, p\u00e9rdidas que no se recuperaron durante el fin de semana. En renta fija, la presi\u00f3n aument\u00f3: el Treasury a diez a\u00f1os repunt\u00f3 hasta el 4,15% y los bonos alemanes y brit\u00e1nicos elevaron sus rentabilidades \u2014con especial intensidad en los <em>gilts<\/em>, que sumaron 14 puntos b\u00e1sicos\u2014. En materias primas, el Brent avanz\u00f3 un 2,2%, mientras el oro registr\u00f3 un descenso del 2,4%.<\/p>\n<p>&nbsp;<\/p>\n<div style=\"text-align: center; margin-bottom: 10px;\"><a \nhref=\"https:\/\/www.tressis.com\/tressis-vision\/?utm_source=web_publica&amp;utm_medium=direct&amp;utm_campaign=descarga_paper&amp;utm_term=tressisvision&amp;utm_content=blog_MMV\" \ntarget=\"_blank\" rel=\"noopener\"><img fetchpriority=\"high\" class=\"aligncenter wp-image-67199 size-full\" \nsrc=\"https:\/\/www.tressis.com\/wp-content\/uploads\/2023\/03\/CTA-Tressis-vision-para-articulos-blog.jpg\" \nalt=\"Informe mensual - Tressis visi\u00f3n\" width=\"800\" height=\"354\" style=\"aspect-ratio: 400 \/ 177;\" srcset=\"https:\/\/www.tressis.com\/wp-content\/uploads\/2023\/03\/CTA-Tressis-vision-para-articulos-blog.jpg 800w, https:\/\/www.tressis.com\/wp-content\/uploads\/2023\/03\/CTA-Tressis-vision-para-articulos-blog-300x133.jpg 300w, https:\/\/www.tressis.com\/wp-content\/uploads\/2023\/03\/CTA-Tressis-vision-para-articulos-blog-768x340.jpg 768w\" sizes=\"(max-width: 800px) 100vw, 800px\" \/><\/a><\/div>\n<p>&nbsp;<br \/>\n<strong>El fin del cierre administrativo en Estados Unidos<\/strong> ofreci\u00f3 un respiro breve, pero dur\u00f3 poco. Varios miembros de la Reserva Federal se apresuraron a enfriar las expectativas de un posible recorte de tipos en diciembre. A partir de ese momento, la renta variable volvi\u00f3 a moverse con extrema cautela. Los sectores m\u00e1s ligados a la narrativa de la inteligencia artificial encajaron<strong> correcciones significativas<\/strong>, aunque el S&#038;P 500 evit\u00f3 una ca\u00edda m\u00e1s pronunciada. Nvidia mantuvo su din\u00e1mica habitual, impulsada por la expectativa de unos resultados que el mercado interpreta como una nueva prueba de fuego del \u201ctrade AI\u201d. La compa\u00f1\u00eda presentar\u00e1 sus cuentas el mi\u00e9rcoles, con una previsi\u00f3n de BPA de 1,25 d\u00f3lares, un 20% m\u00e1s que el trimestre anterior.<\/p>\n<p>&nbsp;<\/p>\n<p>El <em>rally<\/em> de los \u00faltimos meses \u2014apoyado en expectativas de tipos m\u00e1s bajos, buenos resultados empresariales y una fe casi absoluta en el potencial de la IA\u2014 ha generado la percepci\u00f3n de que cualquier correcci\u00f3n constituye una oportunidad de compra. Sin embargo, esta semana la macroeconom\u00eda podr\u00eda pesar m\u00e1s que los semiconductores: gigantes minoristas como Walmart y Target publicar\u00e1n resultados, claves para evaluar la solidez del consumo en la <strong>antesala de la campa\u00f1a navide\u00f1a<\/strong>.<\/p>\n<p>&nbsp;<\/p>\n<p>Mientras <strong>la tecnolog\u00eda oscila entre la euforia y el miedo<\/strong>, los flujos se orientan hacia sectores defensivos como salud y consumo b\u00e1sico, que empiezan a mostrar signos de haber tocado suelo. No es precisamente el escenario deseado por quienes confiaban en un nuevo tramo brillante del <em>rally<\/em> de la IA.<\/p>\n<p>&nbsp;<\/p>\n<h2><strong>La Fed no ha contribuido a despejar incertidumbres<\/strong><\/h2>\n<p>Voces m\u00e1s restrictivas de la Fed han reducido la probabilidad de un recorte en diciembre a menos del 50% (44,4% esta madrugada), <strong>lejos del optimismo previo<\/strong>. Aun as\u00ed, los rendimientos de la deuda estadounidense permanecieron estables en el conjunto de la semana, sin catalizadores capaces de generar movimientos relevantes. El final del cierre administrativo no ha normalizado por completo la publicaci\u00f3n de datos econ\u00f3micos: <strong>las cifras de septiembre se conocer\u00e1n en breve y las de octubre podr\u00edan publicarse con retraso<\/strong>.<\/p>\n<p>&nbsp;<\/p>\n<h2><strong>En Europa<\/strong><\/h2>\n<p>La actividad en los mercados de deuda europea tambi\u00e9n se mantuvo contenida, aunque el balance semanal dej\u00f3 p\u00e9rdidas. El <em>bund<\/em> a diez a\u00f1os volvi\u00f3 a situarse por encima del 2,7%. En el Reino Unido, unos datos de empleo y crecimiento m\u00e1s d\u00e9biles ejercieron una presi\u00f3n limitada sobre la libra y los rendimientos a corto plazo, mientras los inversores esperan la <strong>presentaci\u00f3n del presupuesto<\/strong> a cargo de Rachel Reeves, con la oposici\u00f3n enfadada por su reciente \u201colvido\u201d. En Jap\u00f3n, los bonos reaccionan a las expectativas sobre pol\u00edtica fiscal y monetaria, despu\u00e9s del giro del Gobierno hacia nuevos est\u00edmulos y ajustes que vuelven a situar el foco en el IPC y en una posible intervenci\u00f3n en el mercado de divisas.<\/p>\n<p>&nbsp;<\/p>\n<h2><strong>Pendientes de datos<\/strong><\/h2>\n<p>Precisamente en el pa\u00eds del sol naciente, los inversores abrir\u00e1n la semana pendientes del PIB del tercer trimestre. El mi\u00e9rcoles se publicar\u00e1 el dato definitivo del IPC de la eurozona. El jueves llegar\u00e1 el turno de las nuevas solicitudes de subsidio por desempleo en EE.UU., un indicador esencial para calibrar la solidez del mercado laboral. El viernes concentrar\u00e1 gran parte del inter\u00e9s: Jap\u00f3n divulgar\u00e1 sus cifras de inflaci\u00f3n; en Europa se conocer\u00e1n la confianza del consumidor GfK en el Reino Unido y los PMI de la zona euro y de sus principales econom\u00edas; y en Estados Unidos se publicar\u00e1 el PMI manufacturero y quiz\u00e1 otros datos pendientes por el cierre administrativo.<\/p>\n<p>&nbsp;<\/p>\n<p>La semana ser\u00e1 la \u00faltima completa antes del par\u00f3n de Acci\u00f3n de Gracias, un periodo que suele reducir la liquidez y desplazar la atenci\u00f3n hacia el cierre del ejercicio. Con los mercados encarando la recta final del a\u00f1o, los inversores estar\u00e1n atentos a si el actual entorno estable se mantiene o si emergen factores de volatilidad a medida que avanza noviembre. Nadie descarta la aparici\u00f3n de elementos inesperados, <strong>tanto pol\u00edticos como sociales<\/strong>, capaces de alterar la confianza. Adem\u00e1s, tras un a\u00f1o favorable, algunas manos fuertes podr\u00edan empezar a retirarse a sus cuarteles de invierno.<\/p>\n<p>&nbsp;<\/p>\n<p>Buena semana.<\/p>\n<p>&nbsp;<\/p>\n<p><center><strong>Jorge Gonz\u00e1lez G\u00f3mez<\/strong><br \/>\nDirector de An\u00e1lisis<\/center><\/p>\n","protected":false},"excerpt":{"rendered":"<p>Como dijo Morgan Freeman en Invictus al interpretar a Nelson Mandela: \u201cLa mayor gloria no consiste en no caer nunca, sino en levantarse siempre\u201d. Eso hicieron los \u00edndices norteamericanos el viernes: a mitad de sesi\u00f3n todo apuntaba a un fuerte descenso, pero lograron recuperar lo suficiente para evitar un cierre dram\u00e1tico. El S&#038;P 500 retrocedi\u00f3 [&hellip;]<\/p>\n","protected":false},"author":9,"featured_media":113569,"comment_status":"closed","ping_status":"open","sticky":false,"template":"","format":"standard","meta":{"_acf_changed":false,"footnotes":""},"categories":[9721],"tags":[],"class_list":["post-113565","post","type-post","status-publish","format-standard","has-post-thumbnail","hentry","category-morning-meeting"],"acf":[],"yoast_head":"<!-- This site is optimized with the Yoast SEO plugin v27.5 - https:\/\/yoast.com\/product\/yoast-seo-wordpress\/ -->\n<title>La falta de cifras oficiales alimenta la incertidumbre<\/title>\n<meta name=\"robots\" content=\"noindex, nofollow\" \/>\n<meta property=\"og:locale\" content=\"ca_ES\" \/>\n<meta property=\"og:type\" content=\"article\" \/>\n<meta property=\"og:title\" content=\"La falta de cifras oficiales alimenta la incertidumbre\" \/>\n<meta property=\"og:description\" content=\"Como dijo Morgan Freeman en Invictus al interpretar a Nelson Mandela: \u201cLa mayor gloria no consiste en no caer nunca, sino en levantarse siempre\u201d. Eso hicieron los \u00edndices norteamericanos el viernes: a mitad de sesi\u00f3n todo apuntaba a un fuerte descenso, pero lograron recuperar lo suficiente para evitar un cierre dram\u00e1tico. El S&#038;P 500 retrocedi\u00f3 [&hellip;]\" \/>\n<meta property=\"og:url\" content=\"https:\/\/www.tressis.com\/ca\/blog\/falta-cifras-oficiales-alimenta-incertidumbre\/\" \/>\n<meta property=\"og:site_name\" content=\"Tressis\" \/>\n<meta property=\"article:publisher\" content=\"https:\/\/www.facebook.com\/Tressis\/\" \/>\n<meta property=\"article:published_time\" content=\"2025-11-17T08:33:11+00:00\" \/>\n<meta property=\"article:modified_time\" content=\"2025-11-17T16:58:12+00:00\" \/>\n<meta property=\"og:image\" content=\"https:\/\/www.tressis.com\/wp-content\/uploads\/2025\/11\/falta-cifras-oficiales.webp\" \/>\n\t<meta property=\"og:image:width\" content=\"1200\" \/>\n\t<meta property=\"og:image:height\" content=\"531\" \/>\n\t<meta property=\"og:image:type\" content=\"image\/webp\" \/>\n<meta name=\"author\" content=\"Armando\" \/>\n<meta name=\"twitter:card\" content=\"summary_large_image\" \/>\n<meta name=\"twitter:creator\" content=\"@TressisSV\" \/>\n<meta name=\"twitter:site\" content=\"@TressisSV\" \/>\n<meta name=\"twitter:label1\" content=\"Escrit per\" \/>\n\t<meta name=\"twitter:data1\" content=\"Armando\" \/>\n\t<meta name=\"twitter:label2\" content=\"Temps estimat de lectura\" \/>\n\t<meta name=\"twitter:data2\" content=\"5 minuts\" \/>\n<script type=\"application\/ld+json\" class=\"yoast-schema-graph\">{\"@context\":\"https:\\\/\\\/schema.org\",\"@graph\":[{\"@type\":\"Article\",\"@id\":\"https:\\\/\\\/www.tressis.com\\\/ca\\\/blog\\\/falta-cifras-oficiales-alimenta-incertidumbre\\\/#article\",\"isPartOf\":{\"@id\":\"https:\\\/\\\/www.tressis.com\\\/ca\\\/blog\\\/falta-cifras-oficiales-alimenta-incertidumbre\\\/\"},\"author\":{\"name\":\"Armando\",\"@id\":\"https:\\\/\\\/www.tressis.com\\\/ca\\\/#\\\/schema\\\/person\\\/56d3b4de0493f088a4ca62a2e0c790ae\"},\"headline\":\"La falta de cifras oficiales alimenta la incertidumbre\",\"datePublished\":\"2025-11-17T08:33:11+00:00\",\"dateModified\":\"2025-11-17T16:58:12+00:00\",\"mainEntityOfPage\":{\"@id\":\"https:\\\/\\\/www.tressis.com\\\/ca\\\/blog\\\/falta-cifras-oficiales-alimenta-incertidumbre\\\/\"},\"wordCount\":974,\"publisher\":{\"@id\":\"https:\\\/\\\/www.tressis.com\\\/ca\\\/#organization\"},\"image\":{\"@id\":\"https:\\\/\\\/www.tressis.com\\\/ca\\\/blog\\\/falta-cifras-oficiales-alimenta-incertidumbre\\\/#primaryimage\"},\"thumbnailUrl\":\"https:\\\/\\\/www.tressis.com\\\/wp-content\\\/uploads\\\/2025\\\/11\\\/falta-cifras-oficiales.webp\",\"articleSection\":[\"Morning meeting\"],\"inLanguage\":\"ca\"},{\"@type\":\"WebPage\",\"@id\":\"https:\\\/\\\/www.tressis.com\\\/ca\\\/blog\\\/falta-cifras-oficiales-alimenta-incertidumbre\\\/\",\"url\":\"https:\\\/\\\/www.tressis.com\\\/ca\\\/blog\\\/falta-cifras-oficiales-alimenta-incertidumbre\\\/\",\"name\":\"La falta de cifras oficiales alimenta la incertidumbre\",\"isPartOf\":{\"@id\":\"https:\\\/\\\/www.tressis.com\\\/ca\\\/#website\"},\"primaryImageOfPage\":{\"@id\":\"https:\\\/\\\/www.tressis.com\\\/ca\\\/blog\\\/falta-cifras-oficiales-alimenta-incertidumbre\\\/#primaryimage\"},\"image\":{\"@id\":\"https:\\\/\\\/www.tressis.com\\\/ca\\\/blog\\\/falta-cifras-oficiales-alimenta-incertidumbre\\\/#primaryimage\"},\"thumbnailUrl\":\"https:\\\/\\\/www.tressis.com\\\/wp-content\\\/uploads\\\/2025\\\/11\\\/falta-cifras-oficiales.webp\",\"datePublished\":\"2025-11-17T08:33:11+00:00\",\"dateModified\":\"2025-11-17T16:58:12+00:00\",\"breadcrumb\":{\"@id\":\"https:\\\/\\\/www.tressis.com\\\/ca\\\/blog\\\/falta-cifras-oficiales-alimenta-incertidumbre\\\/#breadcrumb\"},\"inLanguage\":\"ca\",\"potentialAction\":[{\"@type\":\"ReadAction\",\"target\":[\"https:\\\/\\\/www.tressis.com\\\/ca\\\/blog\\\/falta-cifras-oficiales-alimenta-incertidumbre\\\/\"]}]},{\"@type\":\"ImageObject\",\"inLanguage\":\"ca\",\"@id\":\"https:\\\/\\\/www.tressis.com\\\/ca\\\/blog\\\/falta-cifras-oficiales-alimenta-incertidumbre\\\/#primaryimage\",\"url\":\"https:\\\/\\\/www.tressis.com\\\/wp-content\\\/uploads\\\/2025\\\/11\\\/falta-cifras-oficiales.webp\",\"contentUrl\":\"https:\\\/\\\/www.tressis.com\\\/wp-content\\\/uploads\\\/2025\\\/11\\\/falta-cifras-oficiales.webp\",\"width\":1200,\"height\":531},{\"@type\":\"BreadcrumbList\",\"@id\":\"https:\\\/\\\/www.tressis.com\\\/ca\\\/blog\\\/falta-cifras-oficiales-alimenta-incertidumbre\\\/#breadcrumb\",\"itemListElement\":[{\"@type\":\"ListItem\",\"position\":1,\"name\":\"Inicio\",\"item\":\"https:\\\/\\\/www.tressis.com\\\/ca\\\/\"},{\"@type\":\"ListItem\",\"position\":2,\"name\":\"Morning meeting\",\"item\":\"https:\\\/\\\/www.tressis.com\\\/ca\\\/blog\\\/categorias\\\/morning-meeting-ca\\\/\"},{\"@type\":\"ListItem\",\"position\":3,\"name\":\"La falta de cifras oficiales alimenta la incertidumbre\"}]},{\"@type\":\"WebSite\",\"@id\":\"https:\\\/\\\/www.tressis.com\\\/ca\\\/#website\",\"url\":\"https:\\\/\\\/www.tressis.com\\\/ca\\\/\",\"name\":\"Tressis banca privada\",\"description\":\"Tressis | Planificaci\u00f3n financiera y gesti\u00f3n de patrimonios\",\"publisher\":{\"@id\":\"https:\\\/\\\/www.tressis.com\\\/ca\\\/#organization\"},\"potentialAction\":[{\"@type\":\"SearchAction\",\"target\":{\"@type\":\"EntryPoint\",\"urlTemplate\":\"https:\\\/\\\/www.tressis.com\\\/ca\\\/?s={search_term_string}\"},\"query-input\":{\"@type\":\"PropertyValueSpecification\",\"valueRequired\":true,\"valueName\":\"search_term_string\"}}],\"inLanguage\":\"ca\"},{\"@type\":\"Organization\",\"@id\":\"https:\\\/\\\/www.tressis.com\\\/ca\\\/#organization\",\"name\":\"Tressis\",\"url\":\"https:\\\/\\\/www.tressis.com\\\/ca\\\/\",\"logo\":{\"@type\":\"ImageObject\",\"inLanguage\":\"ca\",\"@id\":\"https:\\\/\\\/www.tressis.com\\\/ca\\\/#\\\/schema\\\/logo\\\/image\\\/\",\"url\":\"https:\\\/\\\/www.tressis.com\\\/wp-content\\\/uploads\\\/2025\\\/06\\\/logo-tressis-112.png\",\"contentUrl\":\"https:\\\/\\\/www.tressis.com\\\/wp-content\\\/uploads\\\/2025\\\/06\\\/logo-tressis-112.png\",\"width\":112,\"height\":112,\"caption\":\"Tressis\"},\"image\":{\"@id\":\"https:\\\/\\\/www.tressis.com\\\/ca\\\/#\\\/schema\\\/logo\\\/image\\\/\"},\"sameAs\":[\"https:\\\/\\\/www.facebook.com\\\/Tressis\\\/\",\"https:\\\/\\\/x.com\\\/TressisSV\",\"https:\\\/\\\/www.instagram.com\\\/tressissv\\\/?hl=es\",\"https:\\\/\\\/linkedin.com\\\/company\\\/tressis\\\/\",\"https:\\\/\\\/www.youtube.com\\\/user\\\/tressissv\",\"https:\\\/\\\/open.spotify.com\\\/show\\\/3jmTe1Nf0wqMILl7diWV6h?si=d7112519f13c4593&nd=1\"]},{\"@type\":\"Person\",\"@id\":\"https:\\\/\\\/www.tressis.com\\\/ca\\\/#\\\/schema\\\/person\\\/56d3b4de0493f088a4ca62a2e0c790ae\",\"name\":\"Armando\",\"image\":{\"@type\":\"ImageObject\",\"inLanguage\":\"ca\",\"@id\":\"https:\\\/\\\/secure.gravatar.com\\\/avatar\\\/6d7efca74644be7dae792b122beab663996c233ae58f101b52769ece1cbf1435?s=96&d=mm&r=g\",\"url\":\"https:\\\/\\\/secure.gravatar.com\\\/avatar\\\/6d7efca74644be7dae792b122beab663996c233ae58f101b52769ece1cbf1435?s=96&d=mm&r=g\",\"contentUrl\":\"https:\\\/\\\/secure.gravatar.com\\\/avatar\\\/6d7efca74644be7dae792b122beab663996c233ae58f101b52769ece1cbf1435?s=96&d=mm&r=g\",\"caption\":\"Armando\"}}]}<\/script>\n<!-- \/ Yoast SEO plugin. -->","yoast_head_json":{"title":"La falta de cifras oficiales alimenta la incertidumbre","robots":{"index":"noindex","follow":"nofollow"},"og_locale":"ca_ES","og_type":"article","og_title":"La falta de cifras oficiales alimenta la incertidumbre","og_description":"Como dijo Morgan Freeman en Invictus al interpretar a Nelson Mandela: \u201cLa mayor gloria no consiste en no caer nunca, sino en levantarse siempre\u201d. Eso hicieron los \u00edndices norteamericanos el viernes: a mitad de sesi\u00f3n todo apuntaba a un fuerte descenso, pero lograron recuperar lo suficiente para evitar un cierre dram\u00e1tico. El S&#038;P 500 retrocedi\u00f3 [&hellip;]","og_url":"https:\/\/www.tressis.com\/ca\/blog\/falta-cifras-oficiales-alimenta-incertidumbre\/","og_site_name":"Tressis","article_publisher":"https:\/\/www.facebook.com\/Tressis\/","article_published_time":"2025-11-17T08:33:11+00:00","article_modified_time":"2025-11-17T16:58:12+00:00","og_image":[{"width":1200,"height":531,"url":"https:\/\/www.tressis.com\/wp-content\/uploads\/2025\/11\/falta-cifras-oficiales.webp","type":"image\/webp"}],"author":"Armando","twitter_card":"summary_large_image","twitter_creator":"@TressisSV","twitter_site":"@TressisSV","twitter_misc":{"Escrit per":"Armando","Temps estimat de lectura":"5 minuts"},"schema":{"@context":"https:\/\/schema.org","@graph":[{"@type":"Article","@id":"https:\/\/www.tressis.com\/ca\/blog\/falta-cifras-oficiales-alimenta-incertidumbre\/#article","isPartOf":{"@id":"https:\/\/www.tressis.com\/ca\/blog\/falta-cifras-oficiales-alimenta-incertidumbre\/"},"author":{"name":"Armando","@id":"https:\/\/www.tressis.com\/ca\/#\/schema\/person\/56d3b4de0493f088a4ca62a2e0c790ae"},"headline":"La falta de cifras oficiales alimenta la incertidumbre","datePublished":"2025-11-17T08:33:11+00:00","dateModified":"2025-11-17T16:58:12+00:00","mainEntityOfPage":{"@id":"https:\/\/www.tressis.com\/ca\/blog\/falta-cifras-oficiales-alimenta-incertidumbre\/"},"wordCount":974,"publisher":{"@id":"https:\/\/www.tressis.com\/ca\/#organization"},"image":{"@id":"https:\/\/www.tressis.com\/ca\/blog\/falta-cifras-oficiales-alimenta-incertidumbre\/#primaryimage"},"thumbnailUrl":"https:\/\/www.tressis.com\/wp-content\/uploads\/2025\/11\/falta-cifras-oficiales.webp","articleSection":["Morning meeting"],"inLanguage":"ca"},{"@type":"WebPage","@id":"https:\/\/www.tressis.com\/ca\/blog\/falta-cifras-oficiales-alimenta-incertidumbre\/","url":"https:\/\/www.tressis.com\/ca\/blog\/falta-cifras-oficiales-alimenta-incertidumbre\/","name":"La falta de cifras oficiales alimenta la incertidumbre","isPartOf":{"@id":"https:\/\/www.tressis.com\/ca\/#website"},"primaryImageOfPage":{"@id":"https:\/\/www.tressis.com\/ca\/blog\/falta-cifras-oficiales-alimenta-incertidumbre\/#primaryimage"},"image":{"@id":"https:\/\/www.tressis.com\/ca\/blog\/falta-cifras-oficiales-alimenta-incertidumbre\/#primaryimage"},"thumbnailUrl":"https:\/\/www.tressis.com\/wp-content\/uploads\/2025\/11\/falta-cifras-oficiales.webp","datePublished":"2025-11-17T08:33:11+00:00","dateModified":"2025-11-17T16:58:12+00:00","breadcrumb":{"@id":"https:\/\/www.tressis.com\/ca\/blog\/falta-cifras-oficiales-alimenta-incertidumbre\/#breadcrumb"},"inLanguage":"ca","potentialAction":[{"@type":"ReadAction","target":["https:\/\/www.tressis.com\/ca\/blog\/falta-cifras-oficiales-alimenta-incertidumbre\/"]}]},{"@type":"ImageObject","inLanguage":"ca","@id":"https:\/\/www.tressis.com\/ca\/blog\/falta-cifras-oficiales-alimenta-incertidumbre\/#primaryimage","url":"https:\/\/www.tressis.com\/wp-content\/uploads\/2025\/11\/falta-cifras-oficiales.webp","contentUrl":"https:\/\/www.tressis.com\/wp-content\/uploads\/2025\/11\/falta-cifras-oficiales.webp","width":1200,"height":531},{"@type":"BreadcrumbList","@id":"https:\/\/www.tressis.com\/ca\/blog\/falta-cifras-oficiales-alimenta-incertidumbre\/#breadcrumb","itemListElement":[{"@type":"ListItem","position":1,"name":"Inicio","item":"https:\/\/www.tressis.com\/ca\/"},{"@type":"ListItem","position":2,"name":"Morning meeting","item":"https:\/\/www.tressis.com\/ca\/blog\/categorias\/morning-meeting-ca\/"},{"@type":"ListItem","position":3,"name":"La falta de cifras oficiales alimenta la incertidumbre"}]},{"@type":"WebSite","@id":"https:\/\/www.tressis.com\/ca\/#website","url":"https:\/\/www.tressis.com\/ca\/","name":"Tressis banca privada","description":"Tressis | Planificaci\u00f3n financiera y gesti\u00f3n de patrimonios","publisher":{"@id":"https:\/\/www.tressis.com\/ca\/#organization"},"potentialAction":[{"@type":"SearchAction","target":{"@type":"EntryPoint","urlTemplate":"https:\/\/www.tressis.com\/ca\/?s={search_term_string}"},"query-input":{"@type":"PropertyValueSpecification","valueRequired":true,"valueName":"search_term_string"}}],"inLanguage":"ca"},{"@type":"Organization","@id":"https:\/\/www.tressis.com\/ca\/#organization","name":"Tressis","url":"https:\/\/www.tressis.com\/ca\/","logo":{"@type":"ImageObject","inLanguage":"ca","@id":"https:\/\/www.tressis.com\/ca\/#\/schema\/logo\/image\/","url":"https:\/\/www.tressis.com\/wp-content\/uploads\/2025\/06\/logo-tressis-112.png","contentUrl":"https:\/\/www.tressis.com\/wp-content\/uploads\/2025\/06\/logo-tressis-112.png","width":112,"height":112,"caption":"Tressis"},"image":{"@id":"https:\/\/www.tressis.com\/ca\/#\/schema\/logo\/image\/"},"sameAs":["https:\/\/www.facebook.com\/Tressis\/","https:\/\/x.com\/TressisSV","https:\/\/www.instagram.com\/tressissv\/?hl=es","https:\/\/linkedin.com\/company\/tressis\/","https:\/\/www.youtube.com\/user\/tressissv","https:\/\/open.spotify.com\/show\/3jmTe1Nf0wqMILl7diWV6h?si=d7112519f13c4593&nd=1"]},{"@type":"Person","@id":"https:\/\/www.tressis.com\/ca\/#\/schema\/person\/56d3b4de0493f088a4ca62a2e0c790ae","name":"Armando","image":{"@type":"ImageObject","inLanguage":"ca","@id":"https:\/\/secure.gravatar.com\/avatar\/6d7efca74644be7dae792b122beab663996c233ae58f101b52769ece1cbf1435?s=96&d=mm&r=g","url":"https:\/\/secure.gravatar.com\/avatar\/6d7efca74644be7dae792b122beab663996c233ae58f101b52769ece1cbf1435?s=96&d=mm&r=g","contentUrl":"https:\/\/secure.gravatar.com\/avatar\/6d7efca74644be7dae792b122beab663996c233ae58f101b52769ece1cbf1435?s=96&d=mm&r=g","caption":"Armando"}}]}},"_links":{"self":[{"href":"https:\/\/www.tressis.com\/ca\/wp-json\/wp\/v2\/posts\/113565","targetHints":{"allow":["GET"]}}],"collection":[{"href":"https:\/\/www.tressis.com\/ca\/wp-json\/wp\/v2\/posts"}],"about":[{"href":"https:\/\/www.tressis.com\/ca\/wp-json\/wp\/v2\/types\/post"}],"author":[{"embeddable":true,"href":"https:\/\/www.tressis.com\/ca\/wp-json\/wp\/v2\/users\/9"}],"replies":[{"embeddable":true,"href":"https:\/\/www.tressis.com\/ca\/wp-json\/wp\/v2\/comments?post=113565"}],"version-history":[{"count":3,"href":"https:\/\/www.tressis.com\/ca\/wp-json\/wp\/v2\/posts\/113565\/revisions"}],"predecessor-version":[{"id":113575,"href":"https:\/\/www.tressis.com\/ca\/wp-json\/wp\/v2\/posts\/113565\/revisions\/113575"}],"wp:featuredmedia":[{"embeddable":true,"href":"https:\/\/www.tressis.com\/ca\/wp-json\/wp\/v2\/media\/113569"}],"wp:attachment":[{"href":"https:\/\/www.tressis.com\/ca\/wp-json\/wp\/v2\/media?parent=113565"}],"wp:term":[{"taxonomy":"category","embeddable":true,"href":"https:\/\/www.tressis.com\/ca\/wp-json\/wp\/v2\/categories?post=113565"},{"taxonomy":"post_tag","embeddable":true,"href":"https:\/\/www.tressis.com\/ca\/wp-json\/wp\/v2\/tags?post=113565"}],"curies":[{"name":"wp","href":"https:\/\/api.w.org\/{rel}","templated":true}]}}