{"id":113337,"date":"2025-11-07T11:38:46","date_gmt":"2025-11-07T10:38:46","guid":{"rendered":"https:\/\/www.tressis.com\/?p=113337"},"modified":"2025-11-07T12:36:51","modified_gmt":"2025-11-07T11:36:51","slug":"empleo-eeuu-enciende-alarmas","status":"publish","type":"post","link":"https:\/\/www.tressis.com\/ca\/blog\/empleo-eeuu-enciende-alarmas\/","title":{"rendered":"El empleo en EE.UU. enciende las alarmas y arrastra a las bolsas mundiales"},"content":{"rendered":"<p>Las bolsas a nivel global volvieron a te\u00f1irse de rojo, en una jornada dominada por la aversi\u00f3n al riesgo y la preocupaci\u00f3n por el deterioro del mercado laboral estadounidense. En Europa, los \u00edndices cerraron en sus m\u00ednimos diarios: el Euro Stoxx 50 cay\u00f3 -1,02%, el CAC 40 -1,36%, el DAX -1,31% y el FTSE 100 -0,42%. El Ibex 35 fue la excepci\u00f3n, con un avance de +0,12%, <strong>impulsado por los sectores energ\u00e9tico y financiero<\/strong>. Los sectores tecnol\u00f3gicos e industriales lideraron las ca\u00eddas en la regi\u00f3n.<\/p>\n<p>&nbsp;<\/p>\n<p>Al otro lado del Atl\u00e1ntico, el tono fue igualmente negativo: el S&#038;P 500 retrocedi\u00f3 -1,12%, el Nasdaq -1,90% y el Dow Jones -0,84%, con el consumo discrecional a la cabeza de las p\u00e9rdidas. DoorDash fue la peor del \u00edndice: se desplom\u00f3 -17,5% tras decepcionar al mercado con sus resultados.<\/p>\n<p>&nbsp;<\/p>\n<div style=\"text-align: center; margin-bottom: 10px;\"><a \nhref=\"https:\/\/www.tressis.com\/tressis-vision\/?utm_source=web_publica&amp;utm_medium=direct&amp;utm_campaign=descarga_paper&amp;utm_term=tressisvision&amp;utm_content=blog_MMV\" \ntarget=\"_blank\" rel=\"noopener\"><img fetchpriority=\"high\" class=\"aligncenter wp-image-67199 size-full\" \nsrc=\"https:\/\/www.tressis.com\/wp-content\/uploads\/2023\/03\/CTA-Tressis-vision-para-articulos-blog.jpg\" \nalt=\"Informe mensual - Tressis visi\u00f3n\" width=\"800\" height=\"354\" style=\"aspect-ratio: 400 \/ 177;\" srcset=\"https:\/\/www.tressis.com\/wp-content\/uploads\/2023\/03\/CTA-Tressis-vision-para-articulos-blog.jpg 800w, https:\/\/www.tressis.com\/wp-content\/uploads\/2023\/03\/CTA-Tressis-vision-para-articulos-blog-300x133.jpg 300w, https:\/\/www.tressis.com\/wp-content\/uploads\/2023\/03\/CTA-Tressis-vision-para-articulos-blog-768x340.jpg 768w\" sizes=\"(max-width: 800px) 100vw, 800px\" \/><\/a><\/div>\n<p>&nbsp;<\/p>\n<h2><strong>A falta de datos (oficiales)<\/strong><\/h2>\n<p>El foco de la sesi\u00f3n estuvo en la evoluci\u00f3n del <strong>mercado laboral estadounidense<\/strong>. Con la publicaci\u00f3n de datos oficiales bloqueada por el <em>shutdown<\/em> de la Administraci\u00f3n, los inversores recurrieron a fuentes privadas. Seg\u00fan Challenger, Gray &#038; Christmas, las empresas estadounidenses anunciaron 153.074 despidos en octubre, <strong>casi el triple del a\u00f1o anterior<\/strong> y el mayor registro para ese mes desde 2003, concentrados en tecnolog\u00eda y log\u00edstica. <\/p>\n<p>&nbsp;<\/p>\n<p><strong>En renta fija<\/strong>, los <em>treasuries<\/em> repuntaron con fuerza despu\u00e9s de los datos laborales, al aumentar las apuestas de que la Reserva Federal recortar\u00e1 nuevamente los tipos en diciembre. La rentabilidad del bono a diez a\u00f1os cay\u00f3 hasta el 4,10%, mientras que el dos a\u00f1os retrocedi\u00f3 a 3,57%. Los <em>swaps<\/em> vinculados a reuniones de la Fed descuentan ya una probabilidad superior al 70% de un nuevo recorte de 25 p.b. el pr\u00f3ximo mes.<\/p>\n<p>&nbsp;<\/p>\n<p style=\"text-align: center; margin-bottom:20px;\">Los diferenciales de los bonos globales en m\u00ednimos desde 2007.<\/p>\n<div style=\"text-align: center; margin-bottom: 10px;\"><img decoding=\"async\" src=\"https:\/\/www.tressis.com\/wp-content\/uploads\/2025\/11\/bonos-globales-20251107.webp\" width=\"603\" height=\"337\" alt=\"Bonos globales 07\/11\/2025\" class=\"wp-image-113338\" style=\"aspect-ratio: 603 \/ 337;\" srcset=\"https:\/\/www.tressis.com\/wp-content\/uploads\/2025\/11\/bonos-globales-20251107.webp 603w, https:\/\/www.tressis.com\/wp-content\/uploads\/2025\/11\/bonos-globales-20251107-300x168.webp 300w\" sizes=\"(max-width: 603px) 100vw, 603px\" \/><\/div>\n<p style=\"text-align: center; margin:20px auto;\" class=\"smallPie\">Fuente: Bloomberg.<\/p>\n<p>&nbsp;<\/p>\n<p>El <strong>fuerte apetito por deuda global<\/strong> ha llevado los <em>spreads<\/em> de bonos a niveles hist\u00f3ricamente bajos. Seg\u00fan datos de Bloomberg, el \u00edndice global de diferenciales (Bloomberg Global Aggregate, OAS) se encuentra cerca de sus m\u00ednimos desde 2007, reflejando un entorno de <strong>elevada demanda por activos de renta fija<\/strong> y condiciones financieras m\u00e1s favorables tras los recortes de tipos.<\/p>\n<p>&nbsp;<\/p>\n<h2><strong>En mercados alternativos<\/strong><\/h2>\n<p>El oro no tuvo direcci\u00f3n y cay\u00f3 ligeramente hasta los 3.977 d\u00f3lares la onza (-0,06%). En contraste, el bitcoin retrocedi\u00f3 hasta los 101.100 d\u00f3lares (-2,49%), presionado por ventas generalizadas en criptoactivos y la reducci\u00f3n del apetito institucional por el riesgo. El Brent y el WTI cerraron con leves descensos, del -0,22% y -0,29%, respectivamente, tras un leve <strong>enfriamiento de las tensiones geopol\u00edticas y se\u00f1ales de menor demanda en Asia<\/strong>.<\/p>\n<p>&nbsp;<\/p>\n<h2><strong>En el plano macroecon\u00f3mico<\/strong><\/h2>\n<p>En septiembre las ventas minoristas de la eurozona cayeron un 0,1% mensual, por debajo de lo esperado, con revisiones a la baja del mes anterior y una tendencia anual a\u00fan positiva pero debilitada. El Banco de Inglaterra mantuvo los tipos en 4% en una decisi\u00f3n muy dividida \u2014con cuatro miembros del comit\u00e9 a favor de recortar y cinco, incluido Bailey, optando por mantenerlos sin cambios\u2014. Aunque el banco reconoci\u00f3 que los riesgos entre inflaci\u00f3n y crecimiento est\u00e1n m\u00e1s equilibrados, prefiri\u00f3 esperar a tener <strong>mayor claridad fiscal<\/strong> antes de iniciar un ciclo de bajadas. En Suiza, el desempleo se mantuvo estable en 3%, mientras que en Suecia la inflaci\u00f3n subi\u00f3 m\u00e1s de lo previsto, con una ligera aceleraci\u00f3n del componente subyacente. En Alemania y Espa\u00f1a, la producci\u00f3n industrial repunt\u00f3 +1,3% y +0,4%, respectivamente, aunque en el caso alem\u00e1n el avance fue inferior al esperado.<\/p>\n<p>&nbsp;<\/p>\n<p>Hoy el foco estar\u00e1 en la balanza comercial de China, el gasto en los hogares de Jap\u00f3n, la tasa de paro en Canad\u00e1 y las expectativas de inflaci\u00f3n de la Universidad de Michigan.<\/p>\n<p>&nbsp;<\/p>\n<p>Feliz viernes. <\/p>\n<p>&nbsp;<\/p>\n<p><center><strong>\u00c1lvaro Lleras Montoya<\/strong><br \/>\nAnalista<\/center><\/p>\n","protected":false},"excerpt":{"rendered":"<p>Las bolsas a nivel global volvieron a te\u00f1irse de rojo, en una jornada dominada por la aversi\u00f3n al riesgo y la preocupaci\u00f3n por el deterioro del mercado laboral estadounidense. En Europa, los \u00edndices cerraron en sus m\u00ednimos diarios: el Euro Stoxx 50 cay\u00f3 -1,02%, el CAC 40 -1,36%, el DAX -1,31% y el FTSE 100 [&hellip;]<\/p>\n","protected":false},"author":9,"featured_media":113340,"comment_status":"closed","ping_status":"open","sticky":false,"template":"","format":"standard","meta":{"_acf_changed":false,"footnotes":""},"categories":[9721],"tags":[],"class_list":["post-113337","post","type-post","status-publish","format-standard","has-post-thumbnail","hentry","category-morning-meeting"],"acf":[],"yoast_head":"<!-- This site is optimized with the Yoast SEO plugin v27.5 - https:\/\/yoast.com\/product\/yoast-seo-wordpress\/ -->\n<title>El empleo en EE.UU. enciende las alarmas<\/title>\n<meta name=\"robots\" content=\"noindex, nofollow\" \/>\n<meta property=\"og:locale\" content=\"ca_ES\" \/>\n<meta property=\"og:type\" content=\"article\" \/>\n<meta property=\"og:title\" content=\"El empleo en EE.UU. enciende las alarmas\" \/>\n<meta property=\"og:description\" content=\"Las bolsas a nivel global volvieron a te\u00f1irse de rojo, en una jornada dominada por la aversi\u00f3n al riesgo y la preocupaci\u00f3n por el deterioro del mercado laboral estadounidense. En Europa, los \u00edndices cerraron en sus m\u00ednimos diarios: el Euro Stoxx 50 cay\u00f3 -1,02%, el CAC 40 -1,36%, el DAX -1,31% y el FTSE 100 [&hellip;]\" \/>\n<meta property=\"og:url\" content=\"https:\/\/www.tressis.com\/ca\/blog\/empleo-eeuu-enciende-alarmas\/\" \/>\n<meta property=\"og:site_name\" content=\"Tressis\" \/>\n<meta property=\"article:publisher\" content=\"https:\/\/www.facebook.com\/Tressis\/\" \/>\n<meta property=\"article:published_time\" content=\"2025-11-07T10:38:46+00:00\" \/>\n<meta property=\"article:modified_time\" content=\"2025-11-07T11:36:51+00:00\" \/>\n<meta property=\"og:image\" content=\"http:\/\/mw.tressis.com\/wp-content\/uploads\/2025\/11\/empleo-eeuu-enciende-alarmas.webp\" \/>\n\t<meta property=\"og:image:width\" content=\"1200\" \/>\n\t<meta property=\"og:image:height\" content=\"531\" \/>\n\t<meta property=\"og:image:type\" content=\"image\/webp\" \/>\n<meta name=\"author\" content=\"Armando\" \/>\n<meta name=\"twitter:card\" content=\"summary_large_image\" \/>\n<meta name=\"twitter:creator\" content=\"@TressisSV\" \/>\n<meta name=\"twitter:site\" content=\"@TressisSV\" \/>\n<meta name=\"twitter:label1\" content=\"Escrit per\" \/>\n\t<meta name=\"twitter:data1\" content=\"Armando\" \/>\n\t<meta name=\"twitter:label2\" content=\"Temps estimat de lectura\" \/>\n\t<meta name=\"twitter:data2\" content=\"3 minuts\" \/>\n<script type=\"application\/ld+json\" class=\"yoast-schema-graph\">{\"@context\":\"https:\\\/\\\/schema.org\",\"@graph\":[{\"@type\":\"Article\",\"@id\":\"https:\\\/\\\/www.tressis.com\\\/ca\\\/blog\\\/empleo-eeuu-enciende-alarmas\\\/#article\",\"isPartOf\":{\"@id\":\"https:\\\/\\\/www.tressis.com\\\/ca\\\/blog\\\/empleo-eeuu-enciende-alarmas\\\/\"},\"author\":{\"name\":\"Armando\",\"@id\":\"https:\\\/\\\/www.tressis.com\\\/ca\\\/#\\\/schema\\\/person\\\/56d3b4de0493f088a4ca62a2e0c790ae\"},\"headline\":\"El empleo en EE.UU. enciende las alarmas y arrastra a las bolsas mundiales\",\"datePublished\":\"2025-11-07T10:38:46+00:00\",\"dateModified\":\"2025-11-07T11:36:51+00:00\",\"mainEntityOfPage\":{\"@id\":\"https:\\\/\\\/www.tressis.com\\\/ca\\\/blog\\\/empleo-eeuu-enciende-alarmas\\\/\"},\"wordCount\":657,\"publisher\":{\"@id\":\"https:\\\/\\\/www.tressis.com\\\/ca\\\/#organization\"},\"image\":{\"@id\":\"https:\\\/\\\/www.tressis.com\\\/ca\\\/blog\\\/empleo-eeuu-enciende-alarmas\\\/#primaryimage\"},\"thumbnailUrl\":\"https:\\\/\\\/www.tressis.com\\\/wp-content\\\/uploads\\\/2025\\\/11\\\/empleo-eeuu-enciende-alarmas.webp\",\"articleSection\":[\"Morning meeting\"],\"inLanguage\":\"ca\"},{\"@type\":\"WebPage\",\"@id\":\"https:\\\/\\\/www.tressis.com\\\/ca\\\/blog\\\/empleo-eeuu-enciende-alarmas\\\/\",\"url\":\"https:\\\/\\\/www.tressis.com\\\/ca\\\/blog\\\/empleo-eeuu-enciende-alarmas\\\/\",\"name\":\"El empleo en EE.UU. enciende las alarmas\",\"isPartOf\":{\"@id\":\"https:\\\/\\\/www.tressis.com\\\/ca\\\/#website\"},\"primaryImageOfPage\":{\"@id\":\"https:\\\/\\\/www.tressis.com\\\/ca\\\/blog\\\/empleo-eeuu-enciende-alarmas\\\/#primaryimage\"},\"image\":{\"@id\":\"https:\\\/\\\/www.tressis.com\\\/ca\\\/blog\\\/empleo-eeuu-enciende-alarmas\\\/#primaryimage\"},\"thumbnailUrl\":\"https:\\\/\\\/www.tressis.com\\\/wp-content\\\/uploads\\\/2025\\\/11\\\/empleo-eeuu-enciende-alarmas.webp\",\"datePublished\":\"2025-11-07T10:38:46+00:00\",\"dateModified\":\"2025-11-07T11:36:51+00:00\",\"breadcrumb\":{\"@id\":\"https:\\\/\\\/www.tressis.com\\\/ca\\\/blog\\\/empleo-eeuu-enciende-alarmas\\\/#breadcrumb\"},\"inLanguage\":\"ca\",\"potentialAction\":[{\"@type\":\"ReadAction\",\"target\":[\"https:\\\/\\\/www.tressis.com\\\/ca\\\/blog\\\/empleo-eeuu-enciende-alarmas\\\/\"]}]},{\"@type\":\"ImageObject\",\"inLanguage\":\"ca\",\"@id\":\"https:\\\/\\\/www.tressis.com\\\/ca\\\/blog\\\/empleo-eeuu-enciende-alarmas\\\/#primaryimage\",\"url\":\"https:\\\/\\\/www.tressis.com\\\/wp-content\\\/uploads\\\/2025\\\/11\\\/empleo-eeuu-enciende-alarmas.webp\",\"contentUrl\":\"https:\\\/\\\/www.tressis.com\\\/wp-content\\\/uploads\\\/2025\\\/11\\\/empleo-eeuu-enciende-alarmas.webp\",\"width\":1200,\"height\":531},{\"@type\":\"BreadcrumbList\",\"@id\":\"https:\\\/\\\/www.tressis.com\\\/ca\\\/blog\\\/empleo-eeuu-enciende-alarmas\\\/#breadcrumb\",\"itemListElement\":[{\"@type\":\"ListItem\",\"position\":1,\"name\":\"Inicio\",\"item\":\"https:\\\/\\\/www.tressis.com\\\/ca\\\/\"},{\"@type\":\"ListItem\",\"position\":2,\"name\":\"Morning meeting\",\"item\":\"https:\\\/\\\/www.tressis.com\\\/ca\\\/blog\\\/categorias\\\/morning-meeting-ca\\\/\"},{\"@type\":\"ListItem\",\"position\":3,\"name\":\"El empleo en EE.UU. enciende las alarmas y arrastra a las bolsas mundiales\"}]},{\"@type\":\"WebSite\",\"@id\":\"https:\\\/\\\/www.tressis.com\\\/ca\\\/#website\",\"url\":\"https:\\\/\\\/www.tressis.com\\\/ca\\\/\",\"name\":\"Tressis banca privada\",\"description\":\"Tressis | Planificaci\u00f3n financiera y gesti\u00f3n de patrimonios\",\"publisher\":{\"@id\":\"https:\\\/\\\/www.tressis.com\\\/ca\\\/#organization\"},\"potentialAction\":[{\"@type\":\"SearchAction\",\"target\":{\"@type\":\"EntryPoint\",\"urlTemplate\":\"https:\\\/\\\/www.tressis.com\\\/ca\\\/?s={search_term_string}\"},\"query-input\":{\"@type\":\"PropertyValueSpecification\",\"valueRequired\":true,\"valueName\":\"search_term_string\"}}],\"inLanguage\":\"ca\"},{\"@type\":\"Organization\",\"@id\":\"https:\\\/\\\/www.tressis.com\\\/ca\\\/#organization\",\"name\":\"Tressis\",\"url\":\"https:\\\/\\\/www.tressis.com\\\/ca\\\/\",\"logo\":{\"@type\":\"ImageObject\",\"inLanguage\":\"ca\",\"@id\":\"https:\\\/\\\/www.tressis.com\\\/ca\\\/#\\\/schema\\\/logo\\\/image\\\/\",\"url\":\"https:\\\/\\\/www.tressis.com\\\/wp-content\\\/uploads\\\/2025\\\/06\\\/logo-tressis-112.png\",\"contentUrl\":\"https:\\\/\\\/www.tressis.com\\\/wp-content\\\/uploads\\\/2025\\\/06\\\/logo-tressis-112.png\",\"width\":112,\"height\":112,\"caption\":\"Tressis\"},\"image\":{\"@id\":\"https:\\\/\\\/www.tressis.com\\\/ca\\\/#\\\/schema\\\/logo\\\/image\\\/\"},\"sameAs\":[\"https:\\\/\\\/www.facebook.com\\\/Tressis\\\/\",\"https:\\\/\\\/x.com\\\/TressisSV\",\"https:\\\/\\\/www.instagram.com\\\/tressissv\\\/?hl=es\",\"https:\\\/\\\/linkedin.com\\\/company\\\/tressis\\\/\",\"https:\\\/\\\/www.youtube.com\\\/user\\\/tressissv\",\"https:\\\/\\\/open.spotify.com\\\/show\\\/3jmTe1Nf0wqMILl7diWV6h?si=d7112519f13c4593&nd=1\"]},{\"@type\":\"Person\",\"@id\":\"https:\\\/\\\/www.tressis.com\\\/ca\\\/#\\\/schema\\\/person\\\/56d3b4de0493f088a4ca62a2e0c790ae\",\"name\":\"Armando\",\"image\":{\"@type\":\"ImageObject\",\"inLanguage\":\"ca\",\"@id\":\"https:\\\/\\\/secure.gravatar.com\\\/avatar\\\/6d7efca74644be7dae792b122beab663996c233ae58f101b52769ece1cbf1435?s=96&d=mm&r=g\",\"url\":\"https:\\\/\\\/secure.gravatar.com\\\/avatar\\\/6d7efca74644be7dae792b122beab663996c233ae58f101b52769ece1cbf1435?s=96&d=mm&r=g\",\"contentUrl\":\"https:\\\/\\\/secure.gravatar.com\\\/avatar\\\/6d7efca74644be7dae792b122beab663996c233ae58f101b52769ece1cbf1435?s=96&d=mm&r=g\",\"caption\":\"Armando\"}}]}<\/script>\n<!-- \/ Yoast SEO plugin. -->","yoast_head_json":{"title":"El empleo en EE.UU. enciende las alarmas","robots":{"index":"noindex","follow":"nofollow"},"og_locale":"ca_ES","og_type":"article","og_title":"El empleo en EE.UU. enciende las alarmas","og_description":"Las bolsas a nivel global volvieron a te\u00f1irse de rojo, en una jornada dominada por la aversi\u00f3n al riesgo y la preocupaci\u00f3n por el deterioro del mercado laboral estadounidense. En Europa, los \u00edndices cerraron en sus m\u00ednimos diarios: el Euro Stoxx 50 cay\u00f3 -1,02%, el CAC 40 -1,36%, el DAX -1,31% y el FTSE 100 [&hellip;]","og_url":"https:\/\/www.tressis.com\/ca\/blog\/empleo-eeuu-enciende-alarmas\/","og_site_name":"Tressis","article_publisher":"https:\/\/www.facebook.com\/Tressis\/","article_published_time":"2025-11-07T10:38:46+00:00","article_modified_time":"2025-11-07T11:36:51+00:00","og_image":[{"width":1200,"height":531,"url":"http:\/\/mw.tressis.com\/wp-content\/uploads\/2025\/11\/empleo-eeuu-enciende-alarmas.webp","type":"image\/webp"}],"author":"Armando","twitter_card":"summary_large_image","twitter_creator":"@TressisSV","twitter_site":"@TressisSV","twitter_misc":{"Escrit per":"Armando","Temps estimat de lectura":"3 minuts"},"schema":{"@context":"https:\/\/schema.org","@graph":[{"@type":"Article","@id":"https:\/\/www.tressis.com\/ca\/blog\/empleo-eeuu-enciende-alarmas\/#article","isPartOf":{"@id":"https:\/\/www.tressis.com\/ca\/blog\/empleo-eeuu-enciende-alarmas\/"},"author":{"name":"Armando","@id":"https:\/\/www.tressis.com\/ca\/#\/schema\/person\/56d3b4de0493f088a4ca62a2e0c790ae"},"headline":"El empleo en EE.UU. enciende las alarmas y arrastra a las bolsas mundiales","datePublished":"2025-11-07T10:38:46+00:00","dateModified":"2025-11-07T11:36:51+00:00","mainEntityOfPage":{"@id":"https:\/\/www.tressis.com\/ca\/blog\/empleo-eeuu-enciende-alarmas\/"},"wordCount":657,"publisher":{"@id":"https:\/\/www.tressis.com\/ca\/#organization"},"image":{"@id":"https:\/\/www.tressis.com\/ca\/blog\/empleo-eeuu-enciende-alarmas\/#primaryimage"},"thumbnailUrl":"https:\/\/www.tressis.com\/wp-content\/uploads\/2025\/11\/empleo-eeuu-enciende-alarmas.webp","articleSection":["Morning meeting"],"inLanguage":"ca"},{"@type":"WebPage","@id":"https:\/\/www.tressis.com\/ca\/blog\/empleo-eeuu-enciende-alarmas\/","url":"https:\/\/www.tressis.com\/ca\/blog\/empleo-eeuu-enciende-alarmas\/","name":"El empleo en EE.UU. enciende las alarmas","isPartOf":{"@id":"https:\/\/www.tressis.com\/ca\/#website"},"primaryImageOfPage":{"@id":"https:\/\/www.tressis.com\/ca\/blog\/empleo-eeuu-enciende-alarmas\/#primaryimage"},"image":{"@id":"https:\/\/www.tressis.com\/ca\/blog\/empleo-eeuu-enciende-alarmas\/#primaryimage"},"thumbnailUrl":"https:\/\/www.tressis.com\/wp-content\/uploads\/2025\/11\/empleo-eeuu-enciende-alarmas.webp","datePublished":"2025-11-07T10:38:46+00:00","dateModified":"2025-11-07T11:36:51+00:00","breadcrumb":{"@id":"https:\/\/www.tressis.com\/ca\/blog\/empleo-eeuu-enciende-alarmas\/#breadcrumb"},"inLanguage":"ca","potentialAction":[{"@type":"ReadAction","target":["https:\/\/www.tressis.com\/ca\/blog\/empleo-eeuu-enciende-alarmas\/"]}]},{"@type":"ImageObject","inLanguage":"ca","@id":"https:\/\/www.tressis.com\/ca\/blog\/empleo-eeuu-enciende-alarmas\/#primaryimage","url":"https:\/\/www.tressis.com\/wp-content\/uploads\/2025\/11\/empleo-eeuu-enciende-alarmas.webp","contentUrl":"https:\/\/www.tressis.com\/wp-content\/uploads\/2025\/11\/empleo-eeuu-enciende-alarmas.webp","width":1200,"height":531},{"@type":"BreadcrumbList","@id":"https:\/\/www.tressis.com\/ca\/blog\/empleo-eeuu-enciende-alarmas\/#breadcrumb","itemListElement":[{"@type":"ListItem","position":1,"name":"Inicio","item":"https:\/\/www.tressis.com\/ca\/"},{"@type":"ListItem","position":2,"name":"Morning meeting","item":"https:\/\/www.tressis.com\/ca\/blog\/categorias\/morning-meeting-ca\/"},{"@type":"ListItem","position":3,"name":"El empleo en EE.UU. enciende las alarmas y arrastra a las bolsas mundiales"}]},{"@type":"WebSite","@id":"https:\/\/www.tressis.com\/ca\/#website","url":"https:\/\/www.tressis.com\/ca\/","name":"Tressis banca privada","description":"Tressis | Planificaci\u00f3n financiera y gesti\u00f3n de patrimonios","publisher":{"@id":"https:\/\/www.tressis.com\/ca\/#organization"},"potentialAction":[{"@type":"SearchAction","target":{"@type":"EntryPoint","urlTemplate":"https:\/\/www.tressis.com\/ca\/?s={search_term_string}"},"query-input":{"@type":"PropertyValueSpecification","valueRequired":true,"valueName":"search_term_string"}}],"inLanguage":"ca"},{"@type":"Organization","@id":"https:\/\/www.tressis.com\/ca\/#organization","name":"Tressis","url":"https:\/\/www.tressis.com\/ca\/","logo":{"@type":"ImageObject","inLanguage":"ca","@id":"https:\/\/www.tressis.com\/ca\/#\/schema\/logo\/image\/","url":"https:\/\/www.tressis.com\/wp-content\/uploads\/2025\/06\/logo-tressis-112.png","contentUrl":"https:\/\/www.tressis.com\/wp-content\/uploads\/2025\/06\/logo-tressis-112.png","width":112,"height":112,"caption":"Tressis"},"image":{"@id":"https:\/\/www.tressis.com\/ca\/#\/schema\/logo\/image\/"},"sameAs":["https:\/\/www.facebook.com\/Tressis\/","https:\/\/x.com\/TressisSV","https:\/\/www.instagram.com\/tressissv\/?hl=es","https:\/\/linkedin.com\/company\/tressis\/","https:\/\/www.youtube.com\/user\/tressissv","https:\/\/open.spotify.com\/show\/3jmTe1Nf0wqMILl7diWV6h?si=d7112519f13c4593&nd=1"]},{"@type":"Person","@id":"https:\/\/www.tressis.com\/ca\/#\/schema\/person\/56d3b4de0493f088a4ca62a2e0c790ae","name":"Armando","image":{"@type":"ImageObject","inLanguage":"ca","@id":"https:\/\/secure.gravatar.com\/avatar\/6d7efca74644be7dae792b122beab663996c233ae58f101b52769ece1cbf1435?s=96&d=mm&r=g","url":"https:\/\/secure.gravatar.com\/avatar\/6d7efca74644be7dae792b122beab663996c233ae58f101b52769ece1cbf1435?s=96&d=mm&r=g","contentUrl":"https:\/\/secure.gravatar.com\/avatar\/6d7efca74644be7dae792b122beab663996c233ae58f101b52769ece1cbf1435?s=96&d=mm&r=g","caption":"Armando"}}]}},"_links":{"self":[{"href":"https:\/\/www.tressis.com\/ca\/wp-json\/wp\/v2\/posts\/113337","targetHints":{"allow":["GET"]}}],"collection":[{"href":"https:\/\/www.tressis.com\/ca\/wp-json\/wp\/v2\/posts"}],"about":[{"href":"https:\/\/www.tressis.com\/ca\/wp-json\/wp\/v2\/types\/post"}],"author":[{"embeddable":true,"href":"https:\/\/www.tressis.com\/ca\/wp-json\/wp\/v2\/users\/9"}],"replies":[{"embeddable":true,"href":"https:\/\/www.tressis.com\/ca\/wp-json\/wp\/v2\/comments?post=113337"}],"version-history":[{"count":3,"href":"https:\/\/www.tressis.com\/ca\/wp-json\/wp\/v2\/posts\/113337\/revisions"}],"predecessor-version":[{"id":113344,"href":"https:\/\/www.tressis.com\/ca\/wp-json\/wp\/v2\/posts\/113337\/revisions\/113344"}],"wp:featuredmedia":[{"embeddable":true,"href":"https:\/\/www.tressis.com\/ca\/wp-json\/wp\/v2\/media\/113340"}],"wp:attachment":[{"href":"https:\/\/www.tressis.com\/ca\/wp-json\/wp\/v2\/media?parent=113337"}],"wp:term":[{"taxonomy":"category","embeddable":true,"href":"https:\/\/www.tressis.com\/ca\/wp-json\/wp\/v2\/categories?post=113337"},{"taxonomy":"post_tag","embeddable":true,"href":"https:\/\/www.tressis.com\/ca\/wp-json\/wp\/v2\/tags?post=113337"}],"curies":[{"name":"wp","href":"https:\/\/api.w.org\/{rel}","templated":true}]}}