{"id":113021,"date":"2025-10-15T09:33:02","date_gmt":"2025-10-15T07:33:02","guid":{"rendered":"https:\/\/www.tressis.com\/?p=110057"},"modified":"2025-10-15T09:33:02","modified_gmt":"2025-10-15T07:33:02","slug":"aranceles-reciprocos-comercio-global","status":"publish","type":"post","link":"https:\/\/www.tressis.com\/ca\/blog\/aranceles-reciprocos-comercio-global\/","title":{"rendered":"Aranceles rec\u00edprocos agitan el comercio global"},"content":{"rendered":"<p>Las bolsas europeas retrocedieron ayer, lastradas por el <strong>repunte de la tensi\u00f3n comercial entre Estados Unidos y China<\/strong> y por la fuerte ca\u00edda de Michelin, mientras los inversores segu\u00edan de cerca la situaci\u00f3n pol\u00edtica en Francia. El STOXX 600 cedi\u00f3 un 0,4% y marc\u00f3 m\u00ednimos de casi dos semanas antes de moderar el descenso. En Par\u00eds, el CAC 40 perdi\u00f3 un 0,2%, aunque tras el cierre conocimos los resultados de LVMH, que sorprendi\u00f3 con unas ventas trimestrales mejores de lo esperado.<\/p>\n<p>&nbsp;<\/p>\n<p>El primer ministro franc\u00e9s, S\u00e9bastien Lecornu, anunci\u00f3 que pospondr\u00e1 la reforma de pensiones hasta despu\u00e9s de las elecciones presidenciales de 2027, cediendo ante la presi\u00f3n de la izquierda y <strong>tratando de reforzar su d\u00e9bil posici\u00f3n pol\u00edtica<\/strong>. La decisi\u00f3n llega en plena crisis institucional, con un Parlamento dividido y el rendimiento del bono franc\u00e9s a diez a\u00f1os en su nivel m\u00e1s bajo en m\u00e1s de un mes.<\/p>\n<p>&nbsp;<\/p>\n<div style=\"text-align: center; margin-bottom: 10px;\"><a \nhref=\"https:\/\/www.tressis.com\/tressis-vision\/?utm_source=web_publica&#038;utm_medium=direct&#038;utm_campaign=descarga_paper&#038;utm_term=tressisvision&#038;utm_content=blog_MMV\" \ntarget=\"_blank\" rel=\"noopener\"><img fetchpriority=\"high\" class=\"aligncenter wp-image-67199 size-full\" \nsrc=\"https:\/\/www.tressis.com\/wp-content\/uploads\/2023\/03\/CTA-Tressis-vision-para-articulos-blog.jpg\" \nalt=\"Informe mensual - Tressis visi\u00f3n\" width=\"800\" height=\"354\" style=\"aspect-ratio: 400 \/ 177;\" srcset=\"https:\/\/www.tressis.com\/wp-content\/uploads\/2023\/03\/CTA-Tressis-vision-para-articulos-blog.jpg 800w, https:\/\/www.tressis.com\/wp-content\/uploads\/2023\/03\/CTA-Tressis-vision-para-articulos-blog-300x133.jpg 300w, https:\/\/www.tressis.com\/wp-content\/uploads\/2023\/03\/CTA-Tressis-vision-para-articulos-blog-768x340.jpg 768w\" sizes=\"(max-width: 800px) 100vw, 800px\" \/><\/a><\/div>\n<p>&nbsp;<\/p>\n<h2><strong>En el plano empresarial<\/strong><\/h2>\n<p>Ayer el protagonismo fue para LVMH, cuyas ventas del tercer trimestre crecieron un 1% y superaron las previsiones gracias a la mejora de la demanda en China. El conglomerado registr\u00f3 su primer trimestre de crecimiento este a\u00f1o, impulsado por la <strong>recuperaci\u00f3n de Asia y un tono m\u00e1s optimista entre los inversores del sector lujo<\/strong>. El grupo destac\u00f3 la buena evoluci\u00f3n de las divisiones de venta minorista, joyer\u00eda y bebidas, y anticip\u00f3 una mejora gradual de la rentabilidad pese a los vientos en contra derivados de los tipos de cambio y la incertidumbre econ\u00f3mica. El entusiasmo se traslad\u00f3 a Wall Street, donde sus ADR subieron un 7,5%.<\/p>\n<p>&nbsp;<\/p>\n<div style=\"text-align: center; margin-bottom: 10px;\"><img decoding=\"async\" src=\"https:\/\/www.tressis.com\/wp-content\/uploads\/2025\/10\/cambio-20251015.png\" width=\"1890\" height=\"921\" alt=\"Cambio 15\/10\/2025\" class=\"wp-image-110063\" style=\"\/*aspect-ratio: 1\/1;*\/\" \/><\/div>\n<p style=\"text-align: center; margin:20px auto;\" class=\"smallPie\">Fuente: LVMH.<\/p>\n<p>&nbsp;<\/p>\n<p>No obstante, el tono fue desigual dentro del Viejo Continente: la <strong>ca\u00edda de Michelin<\/strong> \u2014que se desplom\u00f3 un 8,9% tras recortar previsiones anuales\u2014 arrastr\u00f3 al sector del autom\u00f3vil, que cedi\u00f3 un 2,5%. Continental cay\u00f3 un 4,3% y Pirelli un 1,2%. En cambio, Ericsson sorprendi\u00f3 al alza (+18%) al presentar unos resultados mejores de lo previsto y minimizar el impacto de los aranceles estadounidenses.<\/p>\n<p>&nbsp;<\/p>\n<h2><strong>Las navieras entran en el puso arancelario<\/strong><\/h2>\n<p>En el \u00e1mbito macroecon\u00f3mico, el foco se mantuvo en las tensiones comerciales. Donald Trump amenaz\u00f3 con imponer aranceles del 100% a los productos chinos en respuesta a las restricciones de Pek\u00edn sobre las exportaciones de tierras raras, aunque suaviz\u00f3 su discurso durante el fin de semana. Aun as\u00ed, ambos pa\u00edses comenzaron a aplicar nuevas <strong>tasas portuarias a las navieras<\/strong>, lo que podr\u00eda repercutir en las <strong>cadenas de suministro globales<\/strong>, desde los juguetes navide\u00f1os \u2014que cada vez est\u00e1n m\u00e1s cerca\u2014 hasta el petr\u00f3leo.<\/p>\n<p>&nbsp;<\/p>\n<h2><strong>Resultados estadounidenses<\/strong><\/h2>\n<p>En Estados Unidos, Wall Street cerr\u00f3 con signo mixto tras <strong>las palabras de Jerome Powell y los buenos resultados de los grandes bancos<\/strong>. El Dow Jones avanz\u00f3 un 0,4%, impulsado por Caterpillar (+4,5%) y Walmart (+5%), mientras que el S&#038;P 500 retrocedi\u00f3 un 0,16% y el Nasdaq un 0,76%. Wells Fargo y Citigroup lideraron el sector financiero, con subidas del 7,1% y del 4%, respectivamente, tras superar las previsiones de beneficios. BlackRock tambi\u00e9n destac\u00f3 al alcanzar un r\u00e9cord de 13,5 billones de d\u00f3lares en activos bajo gesti\u00f3n.<\/p>\n<p>&nbsp;<\/p>\n<p>Powell se\u00f1al\u00f3 que la econom\u00eda estadounidense \u201cpodr\u00eda estar en una senda algo m\u00e1s firme de lo previsto\u201d, aunque record\u00f3 que la inflaci\u00f3n contin\u00faa por encima del objetivo del 2% y que el Comit\u00e9 adoptar\u00e1 un enfoque \u201creuni\u00f3n a reuni\u00f3n\u201d sobre nuevas bajadas de tipos. Anticip\u00f3, adem\u00e1s, que el fin del proceso de reducci\u00f3n del balance de la Fed podr\u00eda estar pr\u00f3ximo. En paralelo, el FMI <strong>mejor\u00f3 sus perspectivas de crecimiento global<\/strong> al considerar m\u00e1s benignos los efectos de los aranceles y de las condiciones financieras, aunque advirti\u00f3 de los riesgos que entra\u00f1a la escalada comercial entre Washington y Pek\u00edn.<\/p>\n<p>&nbsp;<\/p>\n<h2><strong>En el mercado de deuda<\/strong><\/h2>\n<p>El bono estadounidense a diez a\u00f1os baj\u00f3 hasta el 4,02%, mientras el d\u00f3lar se debilit\u00f3 un 0,3% y <strong>el oro alcanz\u00f3 un nuevo m\u00e1ximo hist\u00f3rico<\/strong>, superando los 4.100 d\u00f3lares por onza, favorecido por la b\u00fasqueda de refugio ante las tensiones geopol\u00edticas.<\/p>\n<p>&nbsp;<\/p>\n<p>Hoy la atenci\u00f3n se centrar\u00e1 en los datos de precios al consumo en Espa\u00f1a y Francia y en las cifras de producci\u00f3n industrial de la zona euro, con el mercado muy pendiente de la evoluci\u00f3n de los rendimientos en EE.UU. y del tono que mantenga la Fed en las pr\u00f3ximas jornadas.<\/p>\n<p>&nbsp;<\/p>\n<p>Feliz mi\u00e9rcoles.<\/p>\n<p>&nbsp;<\/p>\n<p><center><strong>Jose Francisco Ib\u00e1\u00f1ez<\/strong><br \/>\nAnalista<\/center><\/p>\n","protected":false},"excerpt":{"rendered":"<p>Las bolsas europeas retrocedieron ayer, lastradas por el repunte de la tensi\u00f3n comercial entre Estados Unidos y China y por la fuerte ca\u00edda de Michelin, mientras los inversores segu\u00edan de cerca la situaci\u00f3n pol\u00edtica en Francia. El STOXX 600 cedi\u00f3 un 0,4% y marc\u00f3 m\u00ednimos de casi dos semanas antes de moderar el descenso. En [&hellip;]<\/p>\n","protected":false},"author":9,"featured_media":113108,"comment_status":"closed","ping_status":"open","sticky":false,"template":"","format":"standard","meta":{"_acf_changed":false,"footnotes":""},"categories":[9721],"tags":[],"class_list":["post-113021","post","type-post","status-publish","format-standard","has-post-thumbnail","hentry","category-morning-meeting"],"acf":[],"yoast_head":"<!-- This site is optimized with the Yoast SEO plugin v27.5 - https:\/\/yoast.com\/product\/yoast-seo-wordpress\/ -->\n<title>Aranceles rec\u00edprocos agitan el comercio global<\/title>\n<meta name=\"robots\" content=\"index, nofollow, max-snippet:-1, max-image-preview:large, max-video-preview:-1\" \/>\n<link rel=\"canonical\" href=\"https:\/\/www.tressis.com\/ca\/blog\/aranceles-reciprocos-comercio-global\/\" \/>\n<meta property=\"og:locale\" content=\"ca_ES\" \/>\n<meta property=\"og:type\" content=\"article\" \/>\n<meta property=\"og:title\" content=\"Aranceles rec\u00edprocos agitan el comercio global\" \/>\n<meta property=\"og:description\" content=\"Las bolsas europeas retrocedieron ayer, lastradas por el repunte de la tensi\u00f3n comercial entre Estados Unidos y China y por la fuerte ca\u00edda de Michelin, mientras los inversores segu\u00edan de cerca la situaci\u00f3n pol\u00edtica en Francia. El STOXX 600 cedi\u00f3 un 0,4% y marc\u00f3 m\u00ednimos de casi dos semanas antes de moderar el descenso. En [&hellip;]\" \/>\n<meta property=\"og:url\" content=\"https:\/\/www.tressis.com\/ca\/blog\/aranceles-reciprocos-comercio-global\/\" \/>\n<meta property=\"og:site_name\" content=\"Tressis\" \/>\n<meta property=\"article:publisher\" content=\"https:\/\/www.facebook.com\/Tressis\/\" \/>\n<meta property=\"article:published_time\" content=\"2025-10-15T07:33:02+00:00\" \/>\n<meta property=\"og:image\" content=\"http:\/\/test.tressis.com\/wp-content\/uploads\/2025\/10\/aranceles-reciprocos.webp\" \/>\n\t<meta property=\"og:image:width\" content=\"1200\" \/>\n\t<meta property=\"og:image:height\" content=\"531\" \/>\n\t<meta property=\"og:image:type\" content=\"image\/webp\" \/>\n<meta name=\"author\" content=\"Armando\" \/>\n<meta name=\"twitter:card\" content=\"summary_large_image\" \/>\n<meta name=\"twitter:creator\" content=\"@TressisSV\" \/>\n<meta name=\"twitter:site\" content=\"@TressisSV\" \/>\n<meta name=\"twitter:label1\" content=\"Escrit per\" \/>\n\t<meta name=\"twitter:data1\" content=\"Armando\" \/>\n\t<meta name=\"twitter:label2\" content=\"Temps estimat de lectura\" \/>\n\t<meta name=\"twitter:data2\" content=\"4 minuts\" \/>\n<script type=\"application\/ld+json\" class=\"yoast-schema-graph\">{\"@context\":\"https:\\\/\\\/schema.org\",\"@graph\":[{\"@type\":\"Article\",\"@id\":\"https:\\\/\\\/www.tressis.com\\\/ca\\\/blog\\\/aranceles-reciprocos-comercio-global\\\/#article\",\"isPartOf\":{\"@id\":\"https:\\\/\\\/www.tressis.com\\\/ca\\\/blog\\\/aranceles-reciprocos-comercio-global\\\/\"},\"author\":{\"name\":\"Armando\",\"@id\":\"https:\\\/\\\/www.tressis.com\\\/ca\\\/#\\\/schema\\\/person\\\/56d3b4de0493f088a4ca62a2e0c790ae\"},\"headline\":\"Aranceles rec\u00edprocos agitan el comercio global\",\"datePublished\":\"2025-10-15T07:33:02+00:00\",\"mainEntityOfPage\":{\"@id\":\"https:\\\/\\\/www.tressis.com\\\/ca\\\/blog\\\/aranceles-reciprocos-comercio-global\\\/\"},\"wordCount\":765,\"publisher\":{\"@id\":\"https:\\\/\\\/www.tressis.com\\\/ca\\\/#organization\"},\"image\":{\"@id\":\"https:\\\/\\\/www.tressis.com\\\/ca\\\/blog\\\/aranceles-reciprocos-comercio-global\\\/#primaryimage\"},\"thumbnailUrl\":\"https:\\\/\\\/www.tressis.com\\\/wp-content\\\/uploads\\\/2025\\\/10\\\/aranceles-reciprocos.webp\",\"articleSection\":[\"Morning meeting\"],\"inLanguage\":\"ca\"},{\"@type\":\"WebPage\",\"@id\":\"https:\\\/\\\/www.tressis.com\\\/ca\\\/blog\\\/aranceles-reciprocos-comercio-global\\\/\",\"url\":\"https:\\\/\\\/www.tressis.com\\\/ca\\\/blog\\\/aranceles-reciprocos-comercio-global\\\/\",\"name\":\"Aranceles rec\u00edprocos agitan el comercio global\",\"isPartOf\":{\"@id\":\"https:\\\/\\\/www.tressis.com\\\/ca\\\/#website\"},\"primaryImageOfPage\":{\"@id\":\"https:\\\/\\\/www.tressis.com\\\/ca\\\/blog\\\/aranceles-reciprocos-comercio-global\\\/#primaryimage\"},\"image\":{\"@id\":\"https:\\\/\\\/www.tressis.com\\\/ca\\\/blog\\\/aranceles-reciprocos-comercio-global\\\/#primaryimage\"},\"thumbnailUrl\":\"https:\\\/\\\/www.tressis.com\\\/wp-content\\\/uploads\\\/2025\\\/10\\\/aranceles-reciprocos.webp\",\"datePublished\":\"2025-10-15T07:33:02+00:00\",\"breadcrumb\":{\"@id\":\"https:\\\/\\\/www.tressis.com\\\/ca\\\/blog\\\/aranceles-reciprocos-comercio-global\\\/#breadcrumb\"},\"inLanguage\":\"ca\",\"potentialAction\":[{\"@type\":\"ReadAction\",\"target\":[\"https:\\\/\\\/www.tressis.com\\\/ca\\\/blog\\\/aranceles-reciprocos-comercio-global\\\/\"]}]},{\"@type\":\"ImageObject\",\"inLanguage\":\"ca\",\"@id\":\"https:\\\/\\\/www.tressis.com\\\/ca\\\/blog\\\/aranceles-reciprocos-comercio-global\\\/#primaryimage\",\"url\":\"https:\\\/\\\/www.tressis.com\\\/wp-content\\\/uploads\\\/2025\\\/10\\\/aranceles-reciprocos.webp\",\"contentUrl\":\"https:\\\/\\\/www.tressis.com\\\/wp-content\\\/uploads\\\/2025\\\/10\\\/aranceles-reciprocos.webp\",\"width\":1200,\"height\":531},{\"@type\":\"BreadcrumbList\",\"@id\":\"https:\\\/\\\/www.tressis.com\\\/ca\\\/blog\\\/aranceles-reciprocos-comercio-global\\\/#breadcrumb\",\"itemListElement\":[{\"@type\":\"ListItem\",\"position\":1,\"name\":\"Inicio\",\"item\":\"https:\\\/\\\/www.tressis.com\\\/ca\\\/\"},{\"@type\":\"ListItem\",\"position\":2,\"name\":\"Morning meeting\",\"item\":\"https:\\\/\\\/www.tressis.com\\\/ca\\\/blog\\\/categorias\\\/morning-meeting-ca\\\/\"},{\"@type\":\"ListItem\",\"position\":3,\"name\":\"Aranceles rec\u00edprocos agitan el comercio global\"}]},{\"@type\":\"WebSite\",\"@id\":\"https:\\\/\\\/www.tressis.com\\\/ca\\\/#website\",\"url\":\"https:\\\/\\\/www.tressis.com\\\/ca\\\/\",\"name\":\"Tressis banca privada\",\"description\":\"Tressis | Planificaci\u00f3n financiera y gesti\u00f3n de patrimonios\",\"publisher\":{\"@id\":\"https:\\\/\\\/www.tressis.com\\\/ca\\\/#organization\"},\"potentialAction\":[{\"@type\":\"SearchAction\",\"target\":{\"@type\":\"EntryPoint\",\"urlTemplate\":\"https:\\\/\\\/www.tressis.com\\\/ca\\\/?s={search_term_string}\"},\"query-input\":{\"@type\":\"PropertyValueSpecification\",\"valueRequired\":true,\"valueName\":\"search_term_string\"}}],\"inLanguage\":\"ca\"},{\"@type\":\"Organization\",\"@id\":\"https:\\\/\\\/www.tressis.com\\\/ca\\\/#organization\",\"name\":\"Tressis\",\"url\":\"https:\\\/\\\/www.tressis.com\\\/ca\\\/\",\"logo\":{\"@type\":\"ImageObject\",\"inLanguage\":\"ca\",\"@id\":\"https:\\\/\\\/www.tressis.com\\\/ca\\\/#\\\/schema\\\/logo\\\/image\\\/\",\"url\":\"https:\\\/\\\/www.tressis.com\\\/wp-content\\\/uploads\\\/2025\\\/06\\\/logo-tressis-112.png\",\"contentUrl\":\"https:\\\/\\\/www.tressis.com\\\/wp-content\\\/uploads\\\/2025\\\/06\\\/logo-tressis-112.png\",\"width\":112,\"height\":112,\"caption\":\"Tressis\"},\"image\":{\"@id\":\"https:\\\/\\\/www.tressis.com\\\/ca\\\/#\\\/schema\\\/logo\\\/image\\\/\"},\"sameAs\":[\"https:\\\/\\\/www.facebook.com\\\/Tressis\\\/\",\"https:\\\/\\\/x.com\\\/TressisSV\",\"https:\\\/\\\/www.instagram.com\\\/tressissv\\\/?hl=es\",\"https:\\\/\\\/linkedin.com\\\/company\\\/tressis\\\/\",\"https:\\\/\\\/www.youtube.com\\\/user\\\/tressissv\",\"https:\\\/\\\/open.spotify.com\\\/show\\\/3jmTe1Nf0wqMILl7diWV6h?si=d7112519f13c4593&nd=1\"]},{\"@type\":\"Person\",\"@id\":\"https:\\\/\\\/www.tressis.com\\\/ca\\\/#\\\/schema\\\/person\\\/56d3b4de0493f088a4ca62a2e0c790ae\",\"name\":\"Armando\",\"image\":{\"@type\":\"ImageObject\",\"inLanguage\":\"ca\",\"@id\":\"https:\\\/\\\/secure.gravatar.com\\\/avatar\\\/6d7efca74644be7dae792b122beab663996c233ae58f101b52769ece1cbf1435?s=96&d=mm&r=g\",\"url\":\"https:\\\/\\\/secure.gravatar.com\\\/avatar\\\/6d7efca74644be7dae792b122beab663996c233ae58f101b52769ece1cbf1435?s=96&d=mm&r=g\",\"contentUrl\":\"https:\\\/\\\/secure.gravatar.com\\\/avatar\\\/6d7efca74644be7dae792b122beab663996c233ae58f101b52769ece1cbf1435?s=96&d=mm&r=g\",\"caption\":\"Armando\"}}]}<\/script>\n<!-- \/ Yoast SEO plugin. -->","yoast_head_json":{"title":"Aranceles rec\u00edprocos agitan el comercio global","robots":{"index":"index","follow":"nofollow","max-snippet":"max-snippet:-1","max-image-preview":"max-image-preview:large","max-video-preview":"max-video-preview:-1"},"canonical":"https:\/\/www.tressis.com\/ca\/blog\/aranceles-reciprocos-comercio-global\/","og_locale":"ca_ES","og_type":"article","og_title":"Aranceles rec\u00edprocos agitan el comercio global","og_description":"Las bolsas europeas retrocedieron ayer, lastradas por el repunte de la tensi\u00f3n comercial entre Estados Unidos y China y por la fuerte ca\u00edda de Michelin, mientras los inversores segu\u00edan de cerca la situaci\u00f3n pol\u00edtica en Francia. El STOXX 600 cedi\u00f3 un 0,4% y marc\u00f3 m\u00ednimos de casi dos semanas antes de moderar el descenso. En [&hellip;]","og_url":"https:\/\/www.tressis.com\/ca\/blog\/aranceles-reciprocos-comercio-global\/","og_site_name":"Tressis","article_publisher":"https:\/\/www.facebook.com\/Tressis\/","article_published_time":"2025-10-15T07:33:02+00:00","og_image":[{"width":1200,"height":531,"url":"http:\/\/test.tressis.com\/wp-content\/uploads\/2025\/10\/aranceles-reciprocos.webp","type":"image\/webp"}],"author":"Armando","twitter_card":"summary_large_image","twitter_creator":"@TressisSV","twitter_site":"@TressisSV","twitter_misc":{"Escrit per":"Armando","Temps estimat de lectura":"4 minuts"},"schema":{"@context":"https:\/\/schema.org","@graph":[{"@type":"Article","@id":"https:\/\/www.tressis.com\/ca\/blog\/aranceles-reciprocos-comercio-global\/#article","isPartOf":{"@id":"https:\/\/www.tressis.com\/ca\/blog\/aranceles-reciprocos-comercio-global\/"},"author":{"name":"Armando","@id":"https:\/\/www.tressis.com\/ca\/#\/schema\/person\/56d3b4de0493f088a4ca62a2e0c790ae"},"headline":"Aranceles rec\u00edprocos agitan el comercio global","datePublished":"2025-10-15T07:33:02+00:00","mainEntityOfPage":{"@id":"https:\/\/www.tressis.com\/ca\/blog\/aranceles-reciprocos-comercio-global\/"},"wordCount":765,"publisher":{"@id":"https:\/\/www.tressis.com\/ca\/#organization"},"image":{"@id":"https:\/\/www.tressis.com\/ca\/blog\/aranceles-reciprocos-comercio-global\/#primaryimage"},"thumbnailUrl":"https:\/\/www.tressis.com\/wp-content\/uploads\/2025\/10\/aranceles-reciprocos.webp","articleSection":["Morning meeting"],"inLanguage":"ca"},{"@type":"WebPage","@id":"https:\/\/www.tressis.com\/ca\/blog\/aranceles-reciprocos-comercio-global\/","url":"https:\/\/www.tressis.com\/ca\/blog\/aranceles-reciprocos-comercio-global\/","name":"Aranceles rec\u00edprocos agitan el comercio global","isPartOf":{"@id":"https:\/\/www.tressis.com\/ca\/#website"},"primaryImageOfPage":{"@id":"https:\/\/www.tressis.com\/ca\/blog\/aranceles-reciprocos-comercio-global\/#primaryimage"},"image":{"@id":"https:\/\/www.tressis.com\/ca\/blog\/aranceles-reciprocos-comercio-global\/#primaryimage"},"thumbnailUrl":"https:\/\/www.tressis.com\/wp-content\/uploads\/2025\/10\/aranceles-reciprocos.webp","datePublished":"2025-10-15T07:33:02+00:00","breadcrumb":{"@id":"https:\/\/www.tressis.com\/ca\/blog\/aranceles-reciprocos-comercio-global\/#breadcrumb"},"inLanguage":"ca","potentialAction":[{"@type":"ReadAction","target":["https:\/\/www.tressis.com\/ca\/blog\/aranceles-reciprocos-comercio-global\/"]}]},{"@type":"ImageObject","inLanguage":"ca","@id":"https:\/\/www.tressis.com\/ca\/blog\/aranceles-reciprocos-comercio-global\/#primaryimage","url":"https:\/\/www.tressis.com\/wp-content\/uploads\/2025\/10\/aranceles-reciprocos.webp","contentUrl":"https:\/\/www.tressis.com\/wp-content\/uploads\/2025\/10\/aranceles-reciprocos.webp","width":1200,"height":531},{"@type":"BreadcrumbList","@id":"https:\/\/www.tressis.com\/ca\/blog\/aranceles-reciprocos-comercio-global\/#breadcrumb","itemListElement":[{"@type":"ListItem","position":1,"name":"Inicio","item":"https:\/\/www.tressis.com\/ca\/"},{"@type":"ListItem","position":2,"name":"Morning meeting","item":"https:\/\/www.tressis.com\/ca\/blog\/categorias\/morning-meeting-ca\/"},{"@type":"ListItem","position":3,"name":"Aranceles rec\u00edprocos agitan el comercio global"}]},{"@type":"WebSite","@id":"https:\/\/www.tressis.com\/ca\/#website","url":"https:\/\/www.tressis.com\/ca\/","name":"Tressis banca privada","description":"Tressis | Planificaci\u00f3n financiera y gesti\u00f3n de patrimonios","publisher":{"@id":"https:\/\/www.tressis.com\/ca\/#organization"},"potentialAction":[{"@type":"SearchAction","target":{"@type":"EntryPoint","urlTemplate":"https:\/\/www.tressis.com\/ca\/?s={search_term_string}"},"query-input":{"@type":"PropertyValueSpecification","valueRequired":true,"valueName":"search_term_string"}}],"inLanguage":"ca"},{"@type":"Organization","@id":"https:\/\/www.tressis.com\/ca\/#organization","name":"Tressis","url":"https:\/\/www.tressis.com\/ca\/","logo":{"@type":"ImageObject","inLanguage":"ca","@id":"https:\/\/www.tressis.com\/ca\/#\/schema\/logo\/image\/","url":"https:\/\/www.tressis.com\/wp-content\/uploads\/2025\/06\/logo-tressis-112.png","contentUrl":"https:\/\/www.tressis.com\/wp-content\/uploads\/2025\/06\/logo-tressis-112.png","width":112,"height":112,"caption":"Tressis"},"image":{"@id":"https:\/\/www.tressis.com\/ca\/#\/schema\/logo\/image\/"},"sameAs":["https:\/\/www.facebook.com\/Tressis\/","https:\/\/x.com\/TressisSV","https:\/\/www.instagram.com\/tressissv\/?hl=es","https:\/\/linkedin.com\/company\/tressis\/","https:\/\/www.youtube.com\/user\/tressissv","https:\/\/open.spotify.com\/show\/3jmTe1Nf0wqMILl7diWV6h?si=d7112519f13c4593&nd=1"]},{"@type":"Person","@id":"https:\/\/www.tressis.com\/ca\/#\/schema\/person\/56d3b4de0493f088a4ca62a2e0c790ae","name":"Armando","image":{"@type":"ImageObject","inLanguage":"ca","@id":"https:\/\/secure.gravatar.com\/avatar\/6d7efca74644be7dae792b122beab663996c233ae58f101b52769ece1cbf1435?s=96&d=mm&r=g","url":"https:\/\/secure.gravatar.com\/avatar\/6d7efca74644be7dae792b122beab663996c233ae58f101b52769ece1cbf1435?s=96&d=mm&r=g","contentUrl":"https:\/\/secure.gravatar.com\/avatar\/6d7efca74644be7dae792b122beab663996c233ae58f101b52769ece1cbf1435?s=96&d=mm&r=g","caption":"Armando"}}]}},"_links":{"self":[{"href":"https:\/\/www.tressis.com\/ca\/wp-json\/wp\/v2\/posts\/113021","targetHints":{"allow":["GET"]}}],"collection":[{"href":"https:\/\/www.tressis.com\/ca\/wp-json\/wp\/v2\/posts"}],"about":[{"href":"https:\/\/www.tressis.com\/ca\/wp-json\/wp\/v2\/types\/post"}],"author":[{"embeddable":true,"href":"https:\/\/www.tressis.com\/ca\/wp-json\/wp\/v2\/users\/9"}],"replies":[{"embeddable":true,"href":"https:\/\/www.tressis.com\/ca\/wp-json\/wp\/v2\/comments?post=113021"}],"version-history":[{"count":0,"href":"https:\/\/www.tressis.com\/ca\/wp-json\/wp\/v2\/posts\/113021\/revisions"}],"wp:featuredmedia":[{"embeddable":true,"href":"https:\/\/www.tressis.com\/ca\/wp-json\/wp\/v2\/media\/113108"}],"wp:attachment":[{"href":"https:\/\/www.tressis.com\/ca\/wp-json\/wp\/v2\/media?parent=113021"}],"wp:term":[{"taxonomy":"category","embeddable":true,"href":"https:\/\/www.tressis.com\/ca\/wp-json\/wp\/v2\/categories?post=113021"},{"taxonomy":"post_tag","embeddable":true,"href":"https:\/\/www.tressis.com\/ca\/wp-json\/wp\/v2\/tags?post=113021"}],"curies":[{"name":"wp","href":"https:\/\/api.w.org\/{rel}","templated":true}]}}