{"id":113005,"date":"2025-10-07T09:30:05","date_gmt":"2025-10-07T07:30:05","guid":{"rendered":"https:\/\/www.tressis.com\/?p=109877"},"modified":"2025-10-07T09:30:05","modified_gmt":"2025-10-07T07:30:05","slug":"inestabilidad-politica-francesa","status":"publish","type":"post","link":"https:\/\/www.tressis.com\/ca\/blog\/inestabilidad-politica-francesa\/","title":{"rendered":"La inestabilidad pol\u00edtica francesa"},"content":{"rendered":"<p>Los mercados internacionales comenzaron la semana con un tono mixto, marcado por la incertidumbre pol\u00edtica en Europa, la fortaleza del sector tecnol\u00f3gico en Estados Unidos y el renovado apetito por activos refugio como el oro. En el Viejo Continente, la inestabilidad pol\u00edtica en Francia gener\u00f3 un fuerte impacto sobre las bolsas y la deuda soberana, mientras que en Wall Street el acuerdo estrat\u00e9gico entre AMD y OpenAI impuls\u00f3 al sector tecnol\u00f3gico, compensando parcialmente la preocupaci\u00f3n por el cierre parcial de la Administraci\u00f3n estadounidense.<\/p>\n<p>&nbsp;<\/p>\n<div style=\"text-align: center; margin-bottom: 10px;\"><a \nhref=\"https:\/\/www.tressis.com\/tressis-vision\/?utm_source=web_publica&#038;utm_medium=direct&#038;utm_campaign=descarga_paper&#038;utm_term=tressisvision&#038;utm_content=blog_MMV\" \ntarget=\"_blank\" rel=\"noopener\"><img fetchpriority=\"high\" class=\"aligncenter wp-image-67199 size-full\" \nsrc=\"https:\/\/www.tressis.com\/wp-content\/uploads\/2023\/03\/CTA-Tressis-vision-para-articulos-blog.jpg\" \nalt=\"Informe mensual - Tressis visi\u00f3n\" width=\"800\" height=\"354\" style=\"aspect-ratio: 400 \/ 177;\" srcset=\"https:\/\/www.tressis.com\/wp-content\/uploads\/2023\/03\/CTA-Tressis-vision-para-articulos-blog.jpg 800w, https:\/\/www.tressis.com\/wp-content\/uploads\/2023\/03\/CTA-Tressis-vision-para-articulos-blog-300x133.jpg 300w, https:\/\/www.tressis.com\/wp-content\/uploads\/2023\/03\/CTA-Tressis-vision-para-articulos-blog-768x340.jpg 768w\" sizes=\"(max-width: 800px) 100vw, 800px\" \/><\/a><\/div>\n<p>&nbsp;<\/p>\n<p>La jornada europea estuvo dominada por la crisis en Francia, despu\u00e9s de que el primer ministro <strong>S\u00e9bastien Lecornu presentara su dimisi\u00f3n pocas horas despu\u00e9s de asumir el cargo<\/strong>, lo que llev\u00f3 a los inversores a aumentar la aversi\u00f3n al riesgo en la regi\u00f3n. Esta situaci\u00f3n provoc\u00f3 una fuerte ca\u00edda de la bolsa parisina, con marcada depreciaci\u00f3n en los principales valores bancarios como BNP Paribas (-3,21%), Soci\u00e9t\u00e9 G\u00e9n\u00e9rale (-4,23%) y Cr\u00e9dit Agricole (-3,43%). El CAC 40 retrocedi\u00f3 un 1,36%, mientras que el DAX alem\u00e1n se mantuvo pr\u00e1cticamente plano y el IBEX 35 cedi\u00f3 un 0,18%. El \u00edndice paneuropeo Stoxx 600 cerr\u00f3 con un descenso del 0,04%, penalizado por el mal desempe\u00f1o del sector financiero y la depreciaci\u00f3n del euro.<\/p>\n<p>&nbsp;<\/p>\n<p>En contraste, el mercado estadounidense mostr\u00f3 un tono m\u00e1s constructivo. Los principales \u00edndices de Wall Street abrieron con ligeras subidas, apoyados en la noticia de que <strong>AMD hab\u00eda alcanzado un acuerdo multianual con OpenAI para el suministro de chips avanzados<\/strong> destinados a la expansi\u00f3n de su infraestructura de inteligencia artificial. El anuncio impuls\u00f3 con fuerza las acciones de AMD y arrastr\u00f3 al alza a todo el sector tecnol\u00f3gico, compensando el impacto del cierre parcial de la Administraci\u00f3n, que contin\u00faa paralizando la publicaci\u00f3n de algunos datos econ\u00f3micos oficiales. El S&#038;P 500 y el Nasdaq registraron ganancias cercanas al medio punto porcentual, mientras el Dow Jones se mantuvo pr\u00e1cticamente plano.<\/p>\n<p>&nbsp;<\/p>\n<p>En el \u00e1mbito macroecon\u00f3mico, la atenci\u00f3n se centr\u00f3 en los \u00faltimos indicadores europeos. \u00a0Las ventas minoristas de la zona euro se estabilizaron tras varios meses de contracci\u00f3n y el \u00edndice Sentix de confianza del inversor mostr\u00f3 una mejora notable en octubre. En Jap\u00f3n, la victoria de Sanae Takaichi en las elecciones internas del partido gobernante reforz\u00f3 las expectativas de est\u00edmulo fiscal, lo que impuls\u00f3 a la bolsa de Tokio (+4,75%) y debilit\u00f3 al yen frente al d\u00f3lar (-1,80%).<\/p>\n<p>&nbsp;<\/p>\n<h2><strong>Los mercados de renta fija reflejaron la tensi\u00f3n pol\u00edtica europea<\/strong><\/h2>\n<p>Los rendimientos del bono franc\u00e9s a diez a\u00f1os (OAT) repuntaron hasta el 3,56%, ampliando su diferencial frente al bono alem\u00e1n, que permaneci\u00f3 estable en torno al 2,72%. En Reino Unido, los <i>gilts<\/i> tambi\u00e9n registraron ligeras subidas de rentabilidad, mientras que en Estados Unidos el Treasury a diez a\u00f1os se situ\u00f3 en el entorno del 4,16%. Los inversores guardaron cautela ante las expectativas de recortes de tipos en los pr\u00f3ximos meses. En Jap\u00f3n, la rentabilidad del bono a diez a\u00f1os avanz\u00f3 hasta el 1,68%, impulsada por las previsiones de un mayor gasto p\u00fablico.<\/p>\n<p>&nbsp;<\/p>\n<h2><strong>En materias primas<\/strong><\/h2>\n<p>El oro volvi\u00f3 a situarse en el centro de la escena al alcanzar un nuevo m\u00e1ximo hist\u00f3rico por encima de los 3.950 d\u00f3lares por onza, impulsado por la b\u00fasqueda de refugio ante la volatilidad pol\u00edtica y la perspectiva de una pol\u00edtica monetaria m\u00e1s acomodaticia. La plata acompa\u00f1\u00f3 con avances m\u00e1s moderados (+1,34%), mientras que el cobre retrocedi\u00f3 un 1,43%, afectado por la fortaleza del d\u00f3lar. El petr\u00f3leo Brent subi\u00f3 un 1,39%, tras conocerse que la OPEP+ aumentar\u00e1 su producci\u00f3n en una cantidad menor que la esperada, lo que sostiene las expectativas de un mercado m\u00e1s ajustado en el cuarto trimestre.<\/p>\n<p>&nbsp;<\/p>\n<h2><strong>Mercado de divisas<\/strong><\/h2>\n<p>El euro continu\u00f3 bajo presi\u00f3n y se depreci\u00f3 frente al d\u00f3lar hasta el entorno de 1,17, <strong>lastrado por la inestabilidad pol\u00edtica francesa<\/strong> y la fortaleza relativa de la econom\u00eda estadounidense. En el frente de las criptomonedas, las principales monedas digitales extendieron su tendencia alcista: Bitcoin alcanz\u00f3 los 125.700 d\u00f3lares, marcando un nuevo m\u00e1ximo hist\u00f3rico, y Ethereum super\u00f3 los 4.700 d\u00f3lares, apoyados, entre otros factores, por las entradas diarias promedio de <i>stablecoins<\/i> (USDT y USDC) hacia los <em>exchanges<\/em> centralizados (CEX). Se mantienen en torno a los 127.000 millones de d\u00f3lares, frente a un promedio anual de 105.000 millones, que a su vez ha aumentado significativamente desde los 69.000 millones de hace un a\u00f1o. Este incremento sostenido refleja un mayor flujo de nuevo capital hacia las plataformas de negociaci\u00f3n, lo que suele interpretarse como una se\u00f1al alcista para el precio de estos activos, ya que indica que <strong>nuevos compradores est\u00e1n depositando liquidez en forma de <em>stablecoins<\/em> con la intenci\u00f3n de realizar compras<\/strong>.<\/p>\n<p>&nbsp;<\/p>\n<div style=\"text-align: center; margin-bottom: 10px;\"><img decoding=\"async\" src=\"https:\/\/www.tressis.com\/wp-content\/uploads\/2025\/10\/exchange-20251007.webp\" width=\"1456\" height=\"823\" alt=\"Exchange 07\/10\/2025\" class=\"wp-image-109888\" style=\"\/*aspect-ratio: 1\/1;*\/\" \/><\/div>\n<p style=\"text-align: center; margin:20px auto;\" class=\"smallPie\">Fuente: CryptoQuant.<\/p>\n<p>&nbsp;<\/p>\n<p>De cara a los pr\u00f3ximos d\u00edas, la atenci\u00f3n se centrar\u00e1 en varios eventos clave. Ma\u00f1ana martes se espera la publicaci\u00f3n de la balanza comercial de Estados Unidos correspondiente a agosto, siempre que el <em>shutdown<\/em> no retrase los datos, as\u00ed como las cifras de ventas minoristas en la zona euro. El mi\u00e9rcoles se conocer\u00e1 el acta de la \u00faltima reuni\u00f3n de la Reserva Federal, que podr\u00eda ofrecer nuevas pistas sobre el calendario de recortes de tipos. El jueves, Jerome Powell tiene previsto intervenir p\u00fablicamente, y el viernes se divulgar\u00e1n los datos de empleo del Reino Unido junto con posibles revisiones finales de los \u00edndices PMI en Europa.<\/p>\n<p>&nbsp;<\/p>\n<p>Feliz martes.<\/p>\n<p>&nbsp;<\/p>\n<p><center><strong>Urko Rosel de la Rocha<\/strong><br \/>\nAnalista<\/center><\/p>\n","protected":false},"excerpt":{"rendered":"<p>Los mercados internacionales comenzaron la semana con un tono mixto, marcado por la incertidumbre pol\u00edtica en Europa, la fortaleza del sector tecnol\u00f3gico en Estados Unidos y el renovado apetito por activos refugio como el oro. En el Viejo Continente, la inestabilidad pol\u00edtica en Francia gener\u00f3 un fuerte impacto sobre las bolsas y la deuda soberana, [&hellip;]<\/p>\n","protected":false},"author":9,"featured_media":109883,"comment_status":"closed","ping_status":"open","sticky":false,"template":"","format":"standard","meta":{"_acf_changed":false,"footnotes":""},"categories":[9721],"tags":[],"class_list":["post-113005","post","type-post","status-publish","format-standard","has-post-thumbnail","hentry","category-morning-meeting"],"acf":[],"yoast_head":"<!-- This site is optimized with the Yoast SEO plugin v27.5 - https:\/\/yoast.com\/product\/yoast-seo-wordpress\/ -->\n<title>La inestabilidad pol\u00edtica francesa<\/title>\n<meta name=\"robots\" content=\"index, nofollow, max-snippet:-1, max-image-preview:large, max-video-preview:-1\" \/>\n<link rel=\"canonical\" href=\"https:\/\/www.tressis.com\/ca\/blog\/inestabilidad-politica-francesa\/\" \/>\n<meta property=\"og:locale\" content=\"ca_ES\" \/>\n<meta property=\"og:type\" content=\"article\" \/>\n<meta property=\"og:title\" content=\"La inestabilidad pol\u00edtica francesa\" \/>\n<meta property=\"og:description\" content=\"Los mercados internacionales comenzaron la semana con un tono mixto, marcado por la incertidumbre pol\u00edtica en Europa, la fortaleza del sector tecnol\u00f3gico en Estados Unidos y el renovado apetito por activos refugio como el oro. En el Viejo Continente, la inestabilidad pol\u00edtica en Francia gener\u00f3 un fuerte impacto sobre las bolsas y la deuda soberana, [&hellip;]\" \/>\n<meta property=\"og:url\" content=\"https:\/\/www.tressis.com\/ca\/blog\/inestabilidad-politica-francesa\/\" \/>\n<meta property=\"og:site_name\" content=\"Tressis\" \/>\n<meta property=\"article:publisher\" content=\"https:\/\/www.facebook.com\/Tressis\/\" \/>\n<meta property=\"article:published_time\" content=\"2025-10-07T07:30:05+00:00\" \/>\n<meta property=\"og:image\" content=\"http:\/\/test.tressis.com\/wp-content\/uploads\/2025\/10\/inestabilidad-francesa.webp\" \/>\n\t<meta property=\"og:image:width\" content=\"1200\" \/>\n\t<meta property=\"og:image:height\" content=\"531\" \/>\n\t<meta property=\"og:image:type\" content=\"image\/webp\" \/>\n<meta name=\"author\" content=\"Armando\" \/>\n<meta name=\"twitter:card\" content=\"summary_large_image\" \/>\n<meta name=\"twitter:creator\" content=\"@TressisSV\" \/>\n<meta name=\"twitter:site\" content=\"@TressisSV\" \/>\n<meta name=\"twitter:label1\" content=\"Escrit per\" \/>\n\t<meta name=\"twitter:data1\" content=\"Armando\" \/>\n\t<meta name=\"twitter:label2\" content=\"Temps estimat de lectura\" \/>\n\t<meta name=\"twitter:data2\" content=\"5 minuts\" \/>\n<script type=\"application\/ld+json\" class=\"yoast-schema-graph\">{\"@context\":\"https:\\\/\\\/schema.org\",\"@graph\":[{\"@type\":\"Article\",\"@id\":\"https:\\\/\\\/www.tressis.com\\\/ca\\\/blog\\\/inestabilidad-politica-francesa\\\/#article\",\"isPartOf\":{\"@id\":\"https:\\\/\\\/www.tressis.com\\\/ca\\\/blog\\\/inestabilidad-politica-francesa\\\/\"},\"author\":{\"name\":\"Armando\",\"@id\":\"https:\\\/\\\/www.tressis.com\\\/ca\\\/#\\\/schema\\\/person\\\/56d3b4de0493f088a4ca62a2e0c790ae\"},\"headline\":\"La inestabilidad pol\u00edtica francesa\",\"datePublished\":\"2025-10-07T07:30:05+00:00\",\"mainEntityOfPage\":{\"@id\":\"https:\\\/\\\/www.tressis.com\\\/ca\\\/blog\\\/inestabilidad-politica-francesa\\\/\"},\"wordCount\":952,\"publisher\":{\"@id\":\"https:\\\/\\\/www.tressis.com\\\/ca\\\/#organization\"},\"image\":{\"@id\":\"https:\\\/\\\/www.tressis.com\\\/ca\\\/blog\\\/inestabilidad-politica-francesa\\\/#primaryimage\"},\"thumbnailUrl\":\"https:\\\/\\\/www.tressis.com\\\/wp-content\\\/uploads\\\/2025\\\/10\\\/inestabilidad-francesa.webp\",\"articleSection\":[\"Morning meeting\"],\"inLanguage\":\"ca\"},{\"@type\":\"WebPage\",\"@id\":\"https:\\\/\\\/www.tressis.com\\\/ca\\\/blog\\\/inestabilidad-politica-francesa\\\/\",\"url\":\"https:\\\/\\\/www.tressis.com\\\/ca\\\/blog\\\/inestabilidad-politica-francesa\\\/\",\"name\":\"La inestabilidad pol\u00edtica francesa\",\"isPartOf\":{\"@id\":\"https:\\\/\\\/www.tressis.com\\\/ca\\\/#website\"},\"primaryImageOfPage\":{\"@id\":\"https:\\\/\\\/www.tressis.com\\\/ca\\\/blog\\\/inestabilidad-politica-francesa\\\/#primaryimage\"},\"image\":{\"@id\":\"https:\\\/\\\/www.tressis.com\\\/ca\\\/blog\\\/inestabilidad-politica-francesa\\\/#primaryimage\"},\"thumbnailUrl\":\"https:\\\/\\\/www.tressis.com\\\/wp-content\\\/uploads\\\/2025\\\/10\\\/inestabilidad-francesa.webp\",\"datePublished\":\"2025-10-07T07:30:05+00:00\",\"breadcrumb\":{\"@id\":\"https:\\\/\\\/www.tressis.com\\\/ca\\\/blog\\\/inestabilidad-politica-francesa\\\/#breadcrumb\"},\"inLanguage\":\"ca\",\"potentialAction\":[{\"@type\":\"ReadAction\",\"target\":[\"https:\\\/\\\/www.tressis.com\\\/ca\\\/blog\\\/inestabilidad-politica-francesa\\\/\"]}]},{\"@type\":\"ImageObject\",\"inLanguage\":\"ca\",\"@id\":\"https:\\\/\\\/www.tressis.com\\\/ca\\\/blog\\\/inestabilidad-politica-francesa\\\/#primaryimage\",\"url\":\"https:\\\/\\\/www.tressis.com\\\/wp-content\\\/uploads\\\/2025\\\/10\\\/inestabilidad-francesa.webp\",\"contentUrl\":\"https:\\\/\\\/www.tressis.com\\\/wp-content\\\/uploads\\\/2025\\\/10\\\/inestabilidad-francesa.webp\",\"width\":1200,\"height\":531},{\"@type\":\"BreadcrumbList\",\"@id\":\"https:\\\/\\\/www.tressis.com\\\/ca\\\/blog\\\/inestabilidad-politica-francesa\\\/#breadcrumb\",\"itemListElement\":[{\"@type\":\"ListItem\",\"position\":1,\"name\":\"Inicio\",\"item\":\"https:\\\/\\\/www.tressis.com\\\/ca\\\/\"},{\"@type\":\"ListItem\",\"position\":2,\"name\":\"Morning meeting\",\"item\":\"https:\\\/\\\/www.tressis.com\\\/ca\\\/blog\\\/categorias\\\/morning-meeting-ca\\\/\"},{\"@type\":\"ListItem\",\"position\":3,\"name\":\"La inestabilidad pol\u00edtica francesa\"}]},{\"@type\":\"WebSite\",\"@id\":\"https:\\\/\\\/www.tressis.com\\\/ca\\\/#website\",\"url\":\"https:\\\/\\\/www.tressis.com\\\/ca\\\/\",\"name\":\"Tressis banca privada\",\"description\":\"Tressis | Planificaci\u00f3n financiera y gesti\u00f3n de patrimonios\",\"publisher\":{\"@id\":\"https:\\\/\\\/www.tressis.com\\\/ca\\\/#organization\"},\"potentialAction\":[{\"@type\":\"SearchAction\",\"target\":{\"@type\":\"EntryPoint\",\"urlTemplate\":\"https:\\\/\\\/www.tressis.com\\\/ca\\\/?s={search_term_string}\"},\"query-input\":{\"@type\":\"PropertyValueSpecification\",\"valueRequired\":true,\"valueName\":\"search_term_string\"}}],\"inLanguage\":\"ca\"},{\"@type\":\"Organization\",\"@id\":\"https:\\\/\\\/www.tressis.com\\\/ca\\\/#organization\",\"name\":\"Tressis\",\"url\":\"https:\\\/\\\/www.tressis.com\\\/ca\\\/\",\"logo\":{\"@type\":\"ImageObject\",\"inLanguage\":\"ca\",\"@id\":\"https:\\\/\\\/www.tressis.com\\\/ca\\\/#\\\/schema\\\/logo\\\/image\\\/\",\"url\":\"https:\\\/\\\/www.tressis.com\\\/wp-content\\\/uploads\\\/2025\\\/06\\\/logo-tressis-112.png\",\"contentUrl\":\"https:\\\/\\\/www.tressis.com\\\/wp-content\\\/uploads\\\/2025\\\/06\\\/logo-tressis-112.png\",\"width\":112,\"height\":112,\"caption\":\"Tressis\"},\"image\":{\"@id\":\"https:\\\/\\\/www.tressis.com\\\/ca\\\/#\\\/schema\\\/logo\\\/image\\\/\"},\"sameAs\":[\"https:\\\/\\\/www.facebook.com\\\/Tressis\\\/\",\"https:\\\/\\\/x.com\\\/TressisSV\",\"https:\\\/\\\/www.instagram.com\\\/tressissv\\\/?hl=es\",\"https:\\\/\\\/linkedin.com\\\/company\\\/tressis\\\/\",\"https:\\\/\\\/www.youtube.com\\\/user\\\/tressissv\",\"https:\\\/\\\/open.spotify.com\\\/show\\\/3jmTe1Nf0wqMILl7diWV6h?si=d7112519f13c4593&nd=1\"]},{\"@type\":\"Person\",\"@id\":\"https:\\\/\\\/www.tressis.com\\\/ca\\\/#\\\/schema\\\/person\\\/56d3b4de0493f088a4ca62a2e0c790ae\",\"name\":\"Armando\",\"image\":{\"@type\":\"ImageObject\",\"inLanguage\":\"ca\",\"@id\":\"https:\\\/\\\/secure.gravatar.com\\\/avatar\\\/6d7efca74644be7dae792b122beab663996c233ae58f101b52769ece1cbf1435?s=96&d=mm&r=g\",\"url\":\"https:\\\/\\\/secure.gravatar.com\\\/avatar\\\/6d7efca74644be7dae792b122beab663996c233ae58f101b52769ece1cbf1435?s=96&d=mm&r=g\",\"contentUrl\":\"https:\\\/\\\/secure.gravatar.com\\\/avatar\\\/6d7efca74644be7dae792b122beab663996c233ae58f101b52769ece1cbf1435?s=96&d=mm&r=g\",\"caption\":\"Armando\"}}]}<\/script>\n<!-- \/ Yoast SEO plugin. -->","yoast_head_json":{"title":"La inestabilidad pol\u00edtica francesa","robots":{"index":"index","follow":"nofollow","max-snippet":"max-snippet:-1","max-image-preview":"max-image-preview:large","max-video-preview":"max-video-preview:-1"},"canonical":"https:\/\/www.tressis.com\/ca\/blog\/inestabilidad-politica-francesa\/","og_locale":"ca_ES","og_type":"article","og_title":"La inestabilidad pol\u00edtica francesa","og_description":"Los mercados internacionales comenzaron la semana con un tono mixto, marcado por la incertidumbre pol\u00edtica en Europa, la fortaleza del sector tecnol\u00f3gico en Estados Unidos y el renovado apetito por activos refugio como el oro. En el Viejo Continente, la inestabilidad pol\u00edtica en Francia gener\u00f3 un fuerte impacto sobre las bolsas y la deuda soberana, [&hellip;]","og_url":"https:\/\/www.tressis.com\/ca\/blog\/inestabilidad-politica-francesa\/","og_site_name":"Tressis","article_publisher":"https:\/\/www.facebook.com\/Tressis\/","article_published_time":"2025-10-07T07:30:05+00:00","og_image":[{"width":1200,"height":531,"url":"http:\/\/test.tressis.com\/wp-content\/uploads\/2025\/10\/inestabilidad-francesa.webp","type":"image\/webp"}],"author":"Armando","twitter_card":"summary_large_image","twitter_creator":"@TressisSV","twitter_site":"@TressisSV","twitter_misc":{"Escrit per":"Armando","Temps estimat de lectura":"5 minuts"},"schema":{"@context":"https:\/\/schema.org","@graph":[{"@type":"Article","@id":"https:\/\/www.tressis.com\/ca\/blog\/inestabilidad-politica-francesa\/#article","isPartOf":{"@id":"https:\/\/www.tressis.com\/ca\/blog\/inestabilidad-politica-francesa\/"},"author":{"name":"Armando","@id":"https:\/\/www.tressis.com\/ca\/#\/schema\/person\/56d3b4de0493f088a4ca62a2e0c790ae"},"headline":"La inestabilidad pol\u00edtica francesa","datePublished":"2025-10-07T07:30:05+00:00","mainEntityOfPage":{"@id":"https:\/\/www.tressis.com\/ca\/blog\/inestabilidad-politica-francesa\/"},"wordCount":952,"publisher":{"@id":"https:\/\/www.tressis.com\/ca\/#organization"},"image":{"@id":"https:\/\/www.tressis.com\/ca\/blog\/inestabilidad-politica-francesa\/#primaryimage"},"thumbnailUrl":"https:\/\/www.tressis.com\/wp-content\/uploads\/2025\/10\/inestabilidad-francesa.webp","articleSection":["Morning meeting"],"inLanguage":"ca"},{"@type":"WebPage","@id":"https:\/\/www.tressis.com\/ca\/blog\/inestabilidad-politica-francesa\/","url":"https:\/\/www.tressis.com\/ca\/blog\/inestabilidad-politica-francesa\/","name":"La inestabilidad pol\u00edtica francesa","isPartOf":{"@id":"https:\/\/www.tressis.com\/ca\/#website"},"primaryImageOfPage":{"@id":"https:\/\/www.tressis.com\/ca\/blog\/inestabilidad-politica-francesa\/#primaryimage"},"image":{"@id":"https:\/\/www.tressis.com\/ca\/blog\/inestabilidad-politica-francesa\/#primaryimage"},"thumbnailUrl":"https:\/\/www.tressis.com\/wp-content\/uploads\/2025\/10\/inestabilidad-francesa.webp","datePublished":"2025-10-07T07:30:05+00:00","breadcrumb":{"@id":"https:\/\/www.tressis.com\/ca\/blog\/inestabilidad-politica-francesa\/#breadcrumb"},"inLanguage":"ca","potentialAction":[{"@type":"ReadAction","target":["https:\/\/www.tressis.com\/ca\/blog\/inestabilidad-politica-francesa\/"]}]},{"@type":"ImageObject","inLanguage":"ca","@id":"https:\/\/www.tressis.com\/ca\/blog\/inestabilidad-politica-francesa\/#primaryimage","url":"https:\/\/www.tressis.com\/wp-content\/uploads\/2025\/10\/inestabilidad-francesa.webp","contentUrl":"https:\/\/www.tressis.com\/wp-content\/uploads\/2025\/10\/inestabilidad-francesa.webp","width":1200,"height":531},{"@type":"BreadcrumbList","@id":"https:\/\/www.tressis.com\/ca\/blog\/inestabilidad-politica-francesa\/#breadcrumb","itemListElement":[{"@type":"ListItem","position":1,"name":"Inicio","item":"https:\/\/www.tressis.com\/ca\/"},{"@type":"ListItem","position":2,"name":"Morning meeting","item":"https:\/\/www.tressis.com\/ca\/blog\/categorias\/morning-meeting-ca\/"},{"@type":"ListItem","position":3,"name":"La inestabilidad pol\u00edtica francesa"}]},{"@type":"WebSite","@id":"https:\/\/www.tressis.com\/ca\/#website","url":"https:\/\/www.tressis.com\/ca\/","name":"Tressis banca privada","description":"Tressis | Planificaci\u00f3n financiera y gesti\u00f3n de patrimonios","publisher":{"@id":"https:\/\/www.tressis.com\/ca\/#organization"},"potentialAction":[{"@type":"SearchAction","target":{"@type":"EntryPoint","urlTemplate":"https:\/\/www.tressis.com\/ca\/?s={search_term_string}"},"query-input":{"@type":"PropertyValueSpecification","valueRequired":true,"valueName":"search_term_string"}}],"inLanguage":"ca"},{"@type":"Organization","@id":"https:\/\/www.tressis.com\/ca\/#organization","name":"Tressis","url":"https:\/\/www.tressis.com\/ca\/","logo":{"@type":"ImageObject","inLanguage":"ca","@id":"https:\/\/www.tressis.com\/ca\/#\/schema\/logo\/image\/","url":"https:\/\/www.tressis.com\/wp-content\/uploads\/2025\/06\/logo-tressis-112.png","contentUrl":"https:\/\/www.tressis.com\/wp-content\/uploads\/2025\/06\/logo-tressis-112.png","width":112,"height":112,"caption":"Tressis"},"image":{"@id":"https:\/\/www.tressis.com\/ca\/#\/schema\/logo\/image\/"},"sameAs":["https:\/\/www.facebook.com\/Tressis\/","https:\/\/x.com\/TressisSV","https:\/\/www.instagram.com\/tressissv\/?hl=es","https:\/\/linkedin.com\/company\/tressis\/","https:\/\/www.youtube.com\/user\/tressissv","https:\/\/open.spotify.com\/show\/3jmTe1Nf0wqMILl7diWV6h?si=d7112519f13c4593&nd=1"]},{"@type":"Person","@id":"https:\/\/www.tressis.com\/ca\/#\/schema\/person\/56d3b4de0493f088a4ca62a2e0c790ae","name":"Armando","image":{"@type":"ImageObject","inLanguage":"ca","@id":"https:\/\/secure.gravatar.com\/avatar\/6d7efca74644be7dae792b122beab663996c233ae58f101b52769ece1cbf1435?s=96&d=mm&r=g","url":"https:\/\/secure.gravatar.com\/avatar\/6d7efca74644be7dae792b122beab663996c233ae58f101b52769ece1cbf1435?s=96&d=mm&r=g","contentUrl":"https:\/\/secure.gravatar.com\/avatar\/6d7efca74644be7dae792b122beab663996c233ae58f101b52769ece1cbf1435?s=96&d=mm&r=g","caption":"Armando"}}]}},"_links":{"self":[{"href":"https:\/\/www.tressis.com\/ca\/wp-json\/wp\/v2\/posts\/113005","targetHints":{"allow":["GET"]}}],"collection":[{"href":"https:\/\/www.tressis.com\/ca\/wp-json\/wp\/v2\/posts"}],"about":[{"href":"https:\/\/www.tressis.com\/ca\/wp-json\/wp\/v2\/types\/post"}],"author":[{"embeddable":true,"href":"https:\/\/www.tressis.com\/ca\/wp-json\/wp\/v2\/users\/9"}],"replies":[{"embeddable":true,"href":"https:\/\/www.tressis.com\/ca\/wp-json\/wp\/v2\/comments?post=113005"}],"version-history":[{"count":0,"href":"https:\/\/www.tressis.com\/ca\/wp-json\/wp\/v2\/posts\/113005\/revisions"}],"wp:featuredmedia":[{"embeddable":true,"href":"https:\/\/www.tressis.com\/ca\/wp-json\/wp\/v2\/media\/109883"}],"wp:attachment":[{"href":"https:\/\/www.tressis.com\/ca\/wp-json\/wp\/v2\/media?parent=113005"}],"wp:term":[{"taxonomy":"category","embeddable":true,"href":"https:\/\/www.tressis.com\/ca\/wp-json\/wp\/v2\/categories?post=113005"},{"taxonomy":"post_tag","embeddable":true,"href":"https:\/\/www.tressis.com\/ca\/wp-json\/wp\/v2\/tags?post=113005"}],"curies":[{"name":"wp","href":"https:\/\/api.w.org\/{rel}","templated":true}]}}