{"id":113004,"date":"2025-10-06T09:36:36","date_gmt":"2025-10-06T07:36:36","guid":{"rendered":"https:\/\/www.tressis.com\/?p=109864"},"modified":"2025-10-06T09:36:36","modified_gmt":"2025-10-06T07:36:36","slug":"washington-paralizado-mercados-en-calma","status":"publish","type":"post","link":"https:\/\/www.tressis.com\/ca\/blog\/washington-paralizado-mercados-en-calma\/","title":{"rendered":"Washington paralizado y mercados en calma"},"content":{"rendered":"<p>Si bien los mercados europeos cotizaban el viernes en terreno positivo, los norteamericanos lo hac\u00edan de forma mixta y en este caso era el Nasdaq el que peor desempe\u00f1o registraba. A lo largo de la semana se hab\u00edan registrado nuevos m\u00e1ximos, por lo que el tono alcista de fondo se mantiene intacto. Por su parte, durante la \u00faltima semana, la rentabilidad exigida a los bonos del Tesoro estadounidense se reduc\u00eda, revirtiendo buena parte del movimiento al alza de la semana anterior. Los mercados financieros contin\u00faan operando dentro de rangos estrechos, a la espera de nuevos catalizadores que puedan marcar tendencia, mientras la situaci\u00f3n pol\u00edtica en Estados Unidos a\u00f1ade un componente adicional de incertidumbre.<\/p>\n<p>&nbsp;<\/p>\n<p>Desde el mi\u00e9rcoles 1 de octubre, los servicios no esenciales de la administraci\u00f3n estadounidense han quedado suspendidos, tras el cierre del ejercicio fiscal sin la aprobaci\u00f3n de una nueva ley de gasto. La C\u00e1mara de Representantes aprob\u00f3 antes del receso una extensi\u00f3n temporal de la financiaci\u00f3n por 45 d\u00edas, manteniendo los niveles de gasto del ejercicio 2025, pero la medida no alcanz\u00f3 los sesenta votos necesarios en el Senado. Tres senadores dem\u00f3cratas votaron a favor de la extensi\u00f3n y un republicano en contra, dejando la votaci\u00f3n en un punto muerto de 55-45. <strong>La Casa Blanca ha optado por una estrategia de presi\u00f3n, suspendiendo fondos para proyectos de energ\u00eda verde e infraestructuras en estados gobernados por dem\u00f3cratas, y amenazando con despidos permanentes de miles de empleados p\u00fablicos.<\/strong> Los l\u00edderes dem\u00f3cratas, por su parte, exigen mayor financiaci\u00f3n sanitaria antes de apoyar la reapertura, mientras que los republicanos insisten en que las negociaciones sobre subsidios de salud solo se abordar\u00e1n una vez resuelto el cierre. Hasta el momento, los mercados se han tomado la situaci\u00f3n con calma: las bolsas permanecen cerca de m\u00e1ximos hist\u00f3ricos y los rendimientos de los bonos han ca\u00eddo moderadamente, reflejando m\u00e1s expectativas de relajaci\u00f3n monetaria que tensiones fiscales.<\/p>\n<p>&nbsp;<\/p>\n<div style=\"text-align: center; margin-bottom: 10px;\"><a \nhref=\"https:\/\/www.tressis.com\/tressis-vision\/?utm_source=web_publica&#038;utm_medium=direct&#038;utm_campaign=descarga_paper&#038;utm_term=tressisvision&#038;utm_content=blog_MMV\" \ntarget=\"_blank\" rel=\"noopener\"><img fetchpriority=\"high\" class=\"aligncenter wp-image-67199 size-full\" \nsrc=\"https:\/\/www.tressis.com\/wp-content\/uploads\/2023\/03\/CTA-Tressis-vision-para-articulos-blog.jpg\" \nalt=\"Informe mensual - Tressis visi\u00f3n\" width=\"800\" height=\"354\" style=\"aspect-ratio: 400 \/ 177;\" srcset=\"https:\/\/www.tressis.com\/wp-content\/uploads\/2023\/03\/CTA-Tressis-vision-para-articulos-blog.jpg 800w, https:\/\/www.tressis.com\/wp-content\/uploads\/2023\/03\/CTA-Tressis-vision-para-articulos-blog-300x133.jpg 300w, https:\/\/www.tressis.com\/wp-content\/uploads\/2023\/03\/CTA-Tressis-vision-para-articulos-blog-768x340.jpg 768w\" sizes=\"(max-width: 800px) 100vw, 800px\" \/><\/a><\/div>\n<p>&nbsp;<\/p>\n<h2><strong>En el plano macroecon\u00f3mico<\/strong><\/h2>\n<p>Los datos conocidos el viernes reforzaron la percepci\u00f3n de una econom\u00eda estadounidense todav\u00eda expansiva, pero en proceso de enfriamiento. El \u00edndice PMI de servicios de septiembre se situ\u00f3 en 54,2 puntos, ligeramente por encima de lo esperado, apoyado por los sectores financiero, de ocio y tecnolog\u00eda. Sin embargo, el sub\u00edndice de empleo mostr\u00f3 debilidad y los precios crecieron a un ritmo m\u00e1s moderado. Por su parte, el \u00edndice ISM de servicios cay\u00f3 hasta los 50 puntos, frente a los 51,7 previstos, reflejando un mayor deterioro del sentimiento entre las grandes empresas orientadas al mercado dom\u00e9stico. En conjunto, los datos sugieren que <strong>la buena marcha de los servicios sigue siendo un pilar del crecimiento, aunque con se\u00f1ales de p\u00e9rdida de impulso<\/strong>. Junto con la ca\u00edda de 32.000 empleos reflejada en el informe ADP, estos resultados consolidan la expectativa de que la Reserva Federal podr\u00eda recortar los tipos de inter\u00e9s a finales de mes, dado que los riesgos a la baja comienzan a pesar m\u00e1s que las presiones inflacionistas.<\/p>\n<p>&nbsp;<\/p>\n<h2><strong>En Europa<\/strong><\/h2>\n<p>Los indicadores econ\u00f3micos en la zona euro ofrecieron un cuadro mixto. El PMI de servicios se situ\u00f3 en 51,3 puntos, confirmando la recuperaci\u00f3n gradual del sector gracias al repunte de la demanda interna, especialmente en Alemania, Italia y Espa\u00f1a, aunque Francia se mantuvo rezagada. La inflaci\u00f3n se estabiliz\u00f3 en el 2,2% interanual, y la producci\u00f3n industrial francesa decepcion\u00f3 en agosto, al retroceder un 0,7% frente al aumento del 0,3% previsto. En el \u00e1mbito pol\u00edtico y fiscal, Italia present\u00f3 un borrador de presupuesto que prev\u00e9 reducir su d\u00e9ficit hasta el l\u00edmite del 3% establecido por la UE, antes de lo esperado. Los diferenciales entre los bonos italianos a diez a\u00f1os y los alemanes se mantienen cerca de los 80 puntos b\u00e1sicos, menos de un tercio del nivel observado cuando Giorgia Meloni asumi\u00f3 el poder en 2022.<\/p>\n<p>&nbsp;<\/p>\n<p>En el Reino Unido, la confianza empresarial se deterior\u00f3 notablemente. El PMI de servicios descendi\u00f3 hasta 50,8 puntos, afectado por la <strong>incertidumbre presupuestaria y pol\u00edtica<\/strong>. El empleo cay\u00f3 y los nuevos pedidos se moderaron, mientras que el aumento de los costes laborales presiona los m\u00e1rgenes empresariales. Los rendimientos de los <i>gilts<\/i> a diez a\u00f1os se mantienen por encima del 4,7%, en un contexto de preocupaci\u00f3n por la sostenibilidad fiscal y las futuras decisiones del Banco de Inglaterra.<\/p>\n<p>&nbsp;<\/p>\n<p>En el resto del continente europeo, Noruega mantuvo su tasa de desempleo en el 2,1%, mientras que Turqu\u00eda registr\u00f3 una nueva aceleraci\u00f3n de la inflaci\u00f3n en septiembre, con un incremento mensual del 3,23%, superior al previsto, impulsado por los precios de la educaci\u00f3n, los alimentos y el transporte. La inflaci\u00f3n interanual repunt\u00f3 hasta el 33,3%, lo que vuelve a situar al banco central turco en una posici\u00f3n delicada.<\/p>\n<p>&nbsp;<\/p>\n<h2><strong>Comercio internacional<\/strong><\/h2>\n<p>El presidente Trump anunci\u00f3 la <strong>imposici\u00f3n de un arancel del 100% sobre las pel\u00edculas extranjeras<\/strong>, un movimiento sin precedentes al tratarse de un servicio y no de un bien f\u00edsico. Aunque los detalles sobre su aplicaci\u00f3n siguen sin estar claros, la medida se enmarca en una pol\u00edtica m\u00e1s amplia de proteccionismo estrat\u00e9gico. Paralelamente, <strong>la Uni\u00f3n Europea planea reforzar sus tarifas sobre el acero para proteger a sus productores ante la sobrecapacidad asi\u00e1tica<\/strong>. El mecanismo actual, que aplica un arancel del 25% a las importaciones que superen las cuotas, expira el pr\u00f3ximo a\u00f1o, y Bruselas pretende sustituirlo por un sistema permanente en las pr\u00f3ximas semanas.<\/p>\n<p>&nbsp;<\/p>\n<h2><strong>Zona asi\u00e1tica<\/strong><\/h2>\n<p>En Asia, las novedades pol\u00edticas tambi\u00e9n fueron relevantes. En Jap\u00f3n, <strong>la victoria de Sanae Takaichi en las elecciones del Partido Liberal Democr\u00e1tico la convierte en la pr\u00f3xima primera ministra del pa\u00eds<\/strong>. Su programa, favorable a recortes fiscales, ha generado presi\u00f3n sobre el yen y los bonos soberanos japoneses, al reavivar las dudas sobre la sostenibilidad de la deuda p\u00fablica. Adem\u00e1s, la tasa de desempleo japonesa subi\u00f3 al 2,6% en agosto, su nivel m\u00e1s alto en m\u00e1s de un a\u00f1o, reflejando cierta debilidad del mercado laboral. Pese a ello, la transici\u00f3n pol\u00edtica podr\u00eda marcar una etapa m\u00e1s din\u00e1mica en la pol\u00edtica econ\u00f3mica, especialmente si el Banco de Jap\u00f3n avanza hacia una subida de tipos a finales de mes.<\/p>\n<p>&nbsp;<\/p>\n<p>Tambi\u00e9n en el \u00e1mbito regional, la agencia surcoreana Yonhap inform\u00f3 de un acuerdo preliminar entre Estados Unidos y Corea del Sur en materia de seguridad, mientras ambas naciones contin\u00faan negociando cuestiones comerciales y arancelarias. Por su parte, el primer ministro canadiense Mark Carney se reunir\u00e1 con el presidente Trump en Washington el pr\u00f3ximo martes, en un encuentro que podr\u00eda centrarse en las relaciones energ\u00e9ticas y la coordinaci\u00f3n de pol\u00edticas econ\u00f3micas.<\/p>\n<p>&nbsp;<\/p>\n<p>En cuanto a las noticias empresariales, el tono general sigue siendo favorable. La reciente operaci\u00f3n en la que empleados de OpenAI vendieron parte de sus acciones elev\u00f3 la valoraci\u00f3n de la compa\u00f1\u00eda hasta los 500.000 millones de d\u00f3lares, un reflejo del persistente apetito inversor por todo lo vinculado a la inteligencia artificial. Por su parte, en los mercados de cr\u00e9dito, los diferenciales del \u00edndice Investment Grade estadounidense, frente a los bonos del Tesoro, se sit\u00faan en m\u00ednimos de dos d\u00e9cadas, en torno a 75 puntos b\u00e1sicos, aunque frente a los <em>swaps<\/em> a\u00fan podr\u00edan comprimirse entre 15 y 20 puntos adicionales. A pesar de las valoraciones ajustadas, seguimos c\u00f3modos con una posici\u00f3n moderadamente larga en cr\u00e9dito, sustentada por un entorno t\u00e9cnico favorable.<\/p>\n<p>&nbsp;<\/p>\n<p>En los mercados de divisas y materias primas, el d\u00f3lar se mantuvo estable en un rango entre el 1,17 y el 1,18 frente al euro, mientras que <strong>el oro continu\u00f3 su tendencia alcista<\/strong>, impulsado por la b\u00fasqueda de diversificaci\u00f3n y el inter\u00e9s renovado por los activos reales.<\/p>\n<p>&nbsp;<\/p>\n<p>Durante la semana, la atenci\u00f3n de los mercados se centrar\u00e1 en una agenda macroecon\u00f3mica intensa. El lunes se publicar\u00e1n las ventas minoristas de la eurozona, un indicador clave <strong>para evaluar la fortaleza del consumo<\/strong>. El martes llegar\u00e1 la encuesta de expectativas de inflaci\u00f3n de la Fed de Nueva York, mientras que el mi\u00e9rcoles se divulgar\u00e1 el acta de la \u00faltima reuni\u00f3n del FOMC, que podr\u00eda ofrecer se\u00f1ales adicionales sobre la direcci\u00f3n de la pol\u00edtica monetaria estadounidense. Finalmente, el viernes ser\u00e1 un d\u00eda cargado de datos con el \u00edndice de precios a la producci\u00f3n de Jap\u00f3n, el informe de empleo de Canad\u00e1 y la encuesta de confianza del consumidor de la Universidad de Michigan en Estados Unidos. En conjunto, estas referencias ayudar\u00e1n a calibrar si el tono moderadamente optimista de los mercados puede sostenerse en un entorno econ\u00f3mico global que contin\u00faa mostrando resiliencia, pero tambi\u00e9n claros signos de desaceleraci\u00f3n.<\/p>\n<p>&nbsp;<\/p>\n<p>Buena semana.<\/p>\n<p>&nbsp;<\/p>\n<p><center><strong>Jorge Gonz\u00e1lez G\u00f3mez<\/strong><br \/>\nDirector de An\u00e1lisis<\/center><\/p>\n","protected":false},"excerpt":{"rendered":"<p>Si bien los mercados europeos cotizaban el viernes en terreno positivo, los norteamericanos lo hac\u00edan de forma mixta y en este caso era el Nasdaq el que peor desempe\u00f1o registraba. A lo largo de la semana se hab\u00edan registrado nuevos m\u00e1ximos, por lo que el tono alcista de fondo se mantiene intacto. Por su parte, [&hellip;]<\/p>\n","protected":false},"author":9,"featured_media":113099,"comment_status":"closed","ping_status":"open","sticky":false,"template":"","format":"standard","meta":{"_acf_changed":false,"footnotes":""},"categories":[9721],"tags":[],"class_list":["post-113004","post","type-post","status-publish","format-standard","has-post-thumbnail","hentry","category-morning-meeting"],"acf":[],"yoast_head":"<!-- This site is optimized with the Yoast SEO plugin v27.5 - https:\/\/yoast.com\/product\/yoast-seo-wordpress\/ -->\n<title>Washington paralizado y mercados en calma<\/title>\n<meta name=\"robots\" content=\"index, nofollow, max-snippet:-1, max-image-preview:large, max-video-preview:-1\" \/>\n<link rel=\"canonical\" href=\"https:\/\/www.tressis.com\/ca\/blog\/washington-paralizado-mercados-en-calma\/\" \/>\n<meta property=\"og:locale\" content=\"ca_ES\" \/>\n<meta property=\"og:type\" content=\"article\" \/>\n<meta property=\"og:title\" content=\"Washington paralizado y mercados en calma\" \/>\n<meta property=\"og:description\" content=\"Si bien los mercados europeos cotizaban el viernes en terreno positivo, los norteamericanos lo hac\u00edan de forma mixta y en este caso era el Nasdaq el que peor desempe\u00f1o registraba. A lo largo de la semana se hab\u00edan registrado nuevos m\u00e1ximos, por lo que el tono alcista de fondo se mantiene intacto. Por su parte, [&hellip;]\" \/>\n<meta property=\"og:url\" content=\"https:\/\/www.tressis.com\/ca\/blog\/washington-paralizado-mercados-en-calma\/\" \/>\n<meta property=\"og:site_name\" content=\"Tressis\" \/>\n<meta property=\"article:publisher\" content=\"https:\/\/www.facebook.com\/Tressis\/\" \/>\n<meta property=\"article:published_time\" content=\"2025-10-06T07:36:36+00:00\" \/>\n<meta property=\"og:image\" content=\"http:\/\/test.tressis.com\/wp-content\/uploads\/2025\/10\/washinton-paralizado.webp\" \/>\n\t<meta property=\"og:image:width\" content=\"1200\" \/>\n\t<meta property=\"og:image:height\" content=\"531\" \/>\n\t<meta property=\"og:image:type\" content=\"image\/webp\" \/>\n<meta name=\"author\" content=\"Armando\" \/>\n<meta name=\"twitter:card\" content=\"summary_large_image\" \/>\n<meta name=\"twitter:creator\" content=\"@TressisSV\" \/>\n<meta name=\"twitter:site\" content=\"@TressisSV\" \/>\n<meta name=\"twitter:label1\" content=\"Escrit per\" \/>\n\t<meta name=\"twitter:data1\" content=\"Armando\" \/>\n\t<meta name=\"twitter:label2\" content=\"Temps estimat de lectura\" \/>\n\t<meta name=\"twitter:data2\" content=\"8 minuts\" \/>\n<script type=\"application\/ld+json\" class=\"yoast-schema-graph\">{\"@context\":\"https:\\\/\\\/schema.org\",\"@graph\":[{\"@type\":\"Article\",\"@id\":\"https:\\\/\\\/www.tressis.com\\\/ca\\\/blog\\\/washington-paralizado-mercados-en-calma\\\/#article\",\"isPartOf\":{\"@id\":\"https:\\\/\\\/www.tressis.com\\\/ca\\\/blog\\\/washington-paralizado-mercados-en-calma\\\/\"},\"author\":{\"name\":\"Armando\",\"@id\":\"https:\\\/\\\/www.tressis.com\\\/ca\\\/#\\\/schema\\\/person\\\/56d3b4de0493f088a4ca62a2e0c790ae\"},\"headline\":\"Washington paralizado y mercados en calma\",\"datePublished\":\"2025-10-06T07:36:36+00:00\",\"mainEntityOfPage\":{\"@id\":\"https:\\\/\\\/www.tressis.com\\\/ca\\\/blog\\\/washington-paralizado-mercados-en-calma\\\/\"},\"wordCount\":1524,\"publisher\":{\"@id\":\"https:\\\/\\\/www.tressis.com\\\/ca\\\/#organization\"},\"image\":{\"@id\":\"https:\\\/\\\/www.tressis.com\\\/ca\\\/blog\\\/washington-paralizado-mercados-en-calma\\\/#primaryimage\"},\"thumbnailUrl\":\"https:\\\/\\\/www.tressis.com\\\/wp-content\\\/uploads\\\/2025\\\/10\\\/washinton-paralizado.webp\",\"articleSection\":[\"Morning meeting\"],\"inLanguage\":\"ca\"},{\"@type\":\"WebPage\",\"@id\":\"https:\\\/\\\/www.tressis.com\\\/ca\\\/blog\\\/washington-paralizado-mercados-en-calma\\\/\",\"url\":\"https:\\\/\\\/www.tressis.com\\\/ca\\\/blog\\\/washington-paralizado-mercados-en-calma\\\/\",\"name\":\"Washington paralizado y mercados en calma\",\"isPartOf\":{\"@id\":\"https:\\\/\\\/www.tressis.com\\\/ca\\\/#website\"},\"primaryImageOfPage\":{\"@id\":\"https:\\\/\\\/www.tressis.com\\\/ca\\\/blog\\\/washington-paralizado-mercados-en-calma\\\/#primaryimage\"},\"image\":{\"@id\":\"https:\\\/\\\/www.tressis.com\\\/ca\\\/blog\\\/washington-paralizado-mercados-en-calma\\\/#primaryimage\"},\"thumbnailUrl\":\"https:\\\/\\\/www.tressis.com\\\/wp-content\\\/uploads\\\/2025\\\/10\\\/washinton-paralizado.webp\",\"datePublished\":\"2025-10-06T07:36:36+00:00\",\"breadcrumb\":{\"@id\":\"https:\\\/\\\/www.tressis.com\\\/ca\\\/blog\\\/washington-paralizado-mercados-en-calma\\\/#breadcrumb\"},\"inLanguage\":\"ca\",\"potentialAction\":[{\"@type\":\"ReadAction\",\"target\":[\"https:\\\/\\\/www.tressis.com\\\/ca\\\/blog\\\/washington-paralizado-mercados-en-calma\\\/\"]}]},{\"@type\":\"ImageObject\",\"inLanguage\":\"ca\",\"@id\":\"https:\\\/\\\/www.tressis.com\\\/ca\\\/blog\\\/washington-paralizado-mercados-en-calma\\\/#primaryimage\",\"url\":\"https:\\\/\\\/www.tressis.com\\\/wp-content\\\/uploads\\\/2025\\\/10\\\/washinton-paralizado.webp\",\"contentUrl\":\"https:\\\/\\\/www.tressis.com\\\/wp-content\\\/uploads\\\/2025\\\/10\\\/washinton-paralizado.webp\",\"width\":1200,\"height\":531},{\"@type\":\"BreadcrumbList\",\"@id\":\"https:\\\/\\\/www.tressis.com\\\/ca\\\/blog\\\/washington-paralizado-mercados-en-calma\\\/#breadcrumb\",\"itemListElement\":[{\"@type\":\"ListItem\",\"position\":1,\"name\":\"Inicio\",\"item\":\"https:\\\/\\\/www.tressis.com\\\/ca\\\/\"},{\"@type\":\"ListItem\",\"position\":2,\"name\":\"Morning meeting\",\"item\":\"https:\\\/\\\/www.tressis.com\\\/ca\\\/blog\\\/categorias\\\/morning-meeting-ca\\\/\"},{\"@type\":\"ListItem\",\"position\":3,\"name\":\"Washington paralizado y mercados en calma\"}]},{\"@type\":\"WebSite\",\"@id\":\"https:\\\/\\\/www.tressis.com\\\/ca\\\/#website\",\"url\":\"https:\\\/\\\/www.tressis.com\\\/ca\\\/\",\"name\":\"Tressis banca privada\",\"description\":\"Tressis | Planificaci\u00f3n financiera y gesti\u00f3n de patrimonios\",\"publisher\":{\"@id\":\"https:\\\/\\\/www.tressis.com\\\/ca\\\/#organization\"},\"potentialAction\":[{\"@type\":\"SearchAction\",\"target\":{\"@type\":\"EntryPoint\",\"urlTemplate\":\"https:\\\/\\\/www.tressis.com\\\/ca\\\/?s={search_term_string}\"},\"query-input\":{\"@type\":\"PropertyValueSpecification\",\"valueRequired\":true,\"valueName\":\"search_term_string\"}}],\"inLanguage\":\"ca\"},{\"@type\":\"Organization\",\"@id\":\"https:\\\/\\\/www.tressis.com\\\/ca\\\/#organization\",\"name\":\"Tressis\",\"url\":\"https:\\\/\\\/www.tressis.com\\\/ca\\\/\",\"logo\":{\"@type\":\"ImageObject\",\"inLanguage\":\"ca\",\"@id\":\"https:\\\/\\\/www.tressis.com\\\/ca\\\/#\\\/schema\\\/logo\\\/image\\\/\",\"url\":\"https:\\\/\\\/www.tressis.com\\\/wp-content\\\/uploads\\\/2025\\\/06\\\/logo-tressis-112.png\",\"contentUrl\":\"https:\\\/\\\/www.tressis.com\\\/wp-content\\\/uploads\\\/2025\\\/06\\\/logo-tressis-112.png\",\"width\":112,\"height\":112,\"caption\":\"Tressis\"},\"image\":{\"@id\":\"https:\\\/\\\/www.tressis.com\\\/ca\\\/#\\\/schema\\\/logo\\\/image\\\/\"},\"sameAs\":[\"https:\\\/\\\/www.facebook.com\\\/Tressis\\\/\",\"https:\\\/\\\/x.com\\\/TressisSV\",\"https:\\\/\\\/www.instagram.com\\\/tressissv\\\/?hl=es\",\"https:\\\/\\\/linkedin.com\\\/company\\\/tressis\\\/\",\"https:\\\/\\\/www.youtube.com\\\/user\\\/tressissv\",\"https:\\\/\\\/open.spotify.com\\\/show\\\/3jmTe1Nf0wqMILl7diWV6h?si=d7112519f13c4593&nd=1\"]},{\"@type\":\"Person\",\"@id\":\"https:\\\/\\\/www.tressis.com\\\/ca\\\/#\\\/schema\\\/person\\\/56d3b4de0493f088a4ca62a2e0c790ae\",\"name\":\"Armando\",\"image\":{\"@type\":\"ImageObject\",\"inLanguage\":\"ca\",\"@id\":\"https:\\\/\\\/secure.gravatar.com\\\/avatar\\\/6d7efca74644be7dae792b122beab663996c233ae58f101b52769ece1cbf1435?s=96&d=mm&r=g\",\"url\":\"https:\\\/\\\/secure.gravatar.com\\\/avatar\\\/6d7efca74644be7dae792b122beab663996c233ae58f101b52769ece1cbf1435?s=96&d=mm&r=g\",\"contentUrl\":\"https:\\\/\\\/secure.gravatar.com\\\/avatar\\\/6d7efca74644be7dae792b122beab663996c233ae58f101b52769ece1cbf1435?s=96&d=mm&r=g\",\"caption\":\"Armando\"}}]}<\/script>\n<!-- \/ Yoast SEO plugin. -->","yoast_head_json":{"title":"Washington paralizado y mercados en calma","robots":{"index":"index","follow":"nofollow","max-snippet":"max-snippet:-1","max-image-preview":"max-image-preview:large","max-video-preview":"max-video-preview:-1"},"canonical":"https:\/\/www.tressis.com\/ca\/blog\/washington-paralizado-mercados-en-calma\/","og_locale":"ca_ES","og_type":"article","og_title":"Washington paralizado y mercados en calma","og_description":"Si bien los mercados europeos cotizaban el viernes en terreno positivo, los norteamericanos lo hac\u00edan de forma mixta y en este caso era el Nasdaq el que peor desempe\u00f1o registraba. A lo largo de la semana se hab\u00edan registrado nuevos m\u00e1ximos, por lo que el tono alcista de fondo se mantiene intacto. Por su parte, [&hellip;]","og_url":"https:\/\/www.tressis.com\/ca\/blog\/washington-paralizado-mercados-en-calma\/","og_site_name":"Tressis","article_publisher":"https:\/\/www.facebook.com\/Tressis\/","article_published_time":"2025-10-06T07:36:36+00:00","og_image":[{"width":1200,"height":531,"url":"http:\/\/test.tressis.com\/wp-content\/uploads\/2025\/10\/washinton-paralizado.webp","type":"image\/webp"}],"author":"Armando","twitter_card":"summary_large_image","twitter_creator":"@TressisSV","twitter_site":"@TressisSV","twitter_misc":{"Escrit per":"Armando","Temps estimat de lectura":"8 minuts"},"schema":{"@context":"https:\/\/schema.org","@graph":[{"@type":"Article","@id":"https:\/\/www.tressis.com\/ca\/blog\/washington-paralizado-mercados-en-calma\/#article","isPartOf":{"@id":"https:\/\/www.tressis.com\/ca\/blog\/washington-paralizado-mercados-en-calma\/"},"author":{"name":"Armando","@id":"https:\/\/www.tressis.com\/ca\/#\/schema\/person\/56d3b4de0493f088a4ca62a2e0c790ae"},"headline":"Washington paralizado y mercados en calma","datePublished":"2025-10-06T07:36:36+00:00","mainEntityOfPage":{"@id":"https:\/\/www.tressis.com\/ca\/blog\/washington-paralizado-mercados-en-calma\/"},"wordCount":1524,"publisher":{"@id":"https:\/\/www.tressis.com\/ca\/#organization"},"image":{"@id":"https:\/\/www.tressis.com\/ca\/blog\/washington-paralizado-mercados-en-calma\/#primaryimage"},"thumbnailUrl":"https:\/\/www.tressis.com\/wp-content\/uploads\/2025\/10\/washinton-paralizado.webp","articleSection":["Morning meeting"],"inLanguage":"ca"},{"@type":"WebPage","@id":"https:\/\/www.tressis.com\/ca\/blog\/washington-paralizado-mercados-en-calma\/","url":"https:\/\/www.tressis.com\/ca\/blog\/washington-paralizado-mercados-en-calma\/","name":"Washington paralizado y mercados en calma","isPartOf":{"@id":"https:\/\/www.tressis.com\/ca\/#website"},"primaryImageOfPage":{"@id":"https:\/\/www.tressis.com\/ca\/blog\/washington-paralizado-mercados-en-calma\/#primaryimage"},"image":{"@id":"https:\/\/www.tressis.com\/ca\/blog\/washington-paralizado-mercados-en-calma\/#primaryimage"},"thumbnailUrl":"https:\/\/www.tressis.com\/wp-content\/uploads\/2025\/10\/washinton-paralizado.webp","datePublished":"2025-10-06T07:36:36+00:00","breadcrumb":{"@id":"https:\/\/www.tressis.com\/ca\/blog\/washington-paralizado-mercados-en-calma\/#breadcrumb"},"inLanguage":"ca","potentialAction":[{"@type":"ReadAction","target":["https:\/\/www.tressis.com\/ca\/blog\/washington-paralizado-mercados-en-calma\/"]}]},{"@type":"ImageObject","inLanguage":"ca","@id":"https:\/\/www.tressis.com\/ca\/blog\/washington-paralizado-mercados-en-calma\/#primaryimage","url":"https:\/\/www.tressis.com\/wp-content\/uploads\/2025\/10\/washinton-paralizado.webp","contentUrl":"https:\/\/www.tressis.com\/wp-content\/uploads\/2025\/10\/washinton-paralizado.webp","width":1200,"height":531},{"@type":"BreadcrumbList","@id":"https:\/\/www.tressis.com\/ca\/blog\/washington-paralizado-mercados-en-calma\/#breadcrumb","itemListElement":[{"@type":"ListItem","position":1,"name":"Inicio","item":"https:\/\/www.tressis.com\/ca\/"},{"@type":"ListItem","position":2,"name":"Morning meeting","item":"https:\/\/www.tressis.com\/ca\/blog\/categorias\/morning-meeting-ca\/"},{"@type":"ListItem","position":3,"name":"Washington paralizado y mercados en calma"}]},{"@type":"WebSite","@id":"https:\/\/www.tressis.com\/ca\/#website","url":"https:\/\/www.tressis.com\/ca\/","name":"Tressis banca privada","description":"Tressis | Planificaci\u00f3n financiera y gesti\u00f3n de patrimonios","publisher":{"@id":"https:\/\/www.tressis.com\/ca\/#organization"},"potentialAction":[{"@type":"SearchAction","target":{"@type":"EntryPoint","urlTemplate":"https:\/\/www.tressis.com\/ca\/?s={search_term_string}"},"query-input":{"@type":"PropertyValueSpecification","valueRequired":true,"valueName":"search_term_string"}}],"inLanguage":"ca"},{"@type":"Organization","@id":"https:\/\/www.tressis.com\/ca\/#organization","name":"Tressis","url":"https:\/\/www.tressis.com\/ca\/","logo":{"@type":"ImageObject","inLanguage":"ca","@id":"https:\/\/www.tressis.com\/ca\/#\/schema\/logo\/image\/","url":"https:\/\/www.tressis.com\/wp-content\/uploads\/2025\/06\/logo-tressis-112.png","contentUrl":"https:\/\/www.tressis.com\/wp-content\/uploads\/2025\/06\/logo-tressis-112.png","width":112,"height":112,"caption":"Tressis"},"image":{"@id":"https:\/\/www.tressis.com\/ca\/#\/schema\/logo\/image\/"},"sameAs":["https:\/\/www.facebook.com\/Tressis\/","https:\/\/x.com\/TressisSV","https:\/\/www.instagram.com\/tressissv\/?hl=es","https:\/\/linkedin.com\/company\/tressis\/","https:\/\/www.youtube.com\/user\/tressissv","https:\/\/open.spotify.com\/show\/3jmTe1Nf0wqMILl7diWV6h?si=d7112519f13c4593&nd=1"]},{"@type":"Person","@id":"https:\/\/www.tressis.com\/ca\/#\/schema\/person\/56d3b4de0493f088a4ca62a2e0c790ae","name":"Armando","image":{"@type":"ImageObject","inLanguage":"ca","@id":"https:\/\/secure.gravatar.com\/avatar\/6d7efca74644be7dae792b122beab663996c233ae58f101b52769ece1cbf1435?s=96&d=mm&r=g","url":"https:\/\/secure.gravatar.com\/avatar\/6d7efca74644be7dae792b122beab663996c233ae58f101b52769ece1cbf1435?s=96&d=mm&r=g","contentUrl":"https:\/\/secure.gravatar.com\/avatar\/6d7efca74644be7dae792b122beab663996c233ae58f101b52769ece1cbf1435?s=96&d=mm&r=g","caption":"Armando"}}]}},"_links":{"self":[{"href":"https:\/\/www.tressis.com\/ca\/wp-json\/wp\/v2\/posts\/113004","targetHints":{"allow":["GET"]}}],"collection":[{"href":"https:\/\/www.tressis.com\/ca\/wp-json\/wp\/v2\/posts"}],"about":[{"href":"https:\/\/www.tressis.com\/ca\/wp-json\/wp\/v2\/types\/post"}],"author":[{"embeddable":true,"href":"https:\/\/www.tressis.com\/ca\/wp-json\/wp\/v2\/users\/9"}],"replies":[{"embeddable":true,"href":"https:\/\/www.tressis.com\/ca\/wp-json\/wp\/v2\/comments?post=113004"}],"version-history":[{"count":0,"href":"https:\/\/www.tressis.com\/ca\/wp-json\/wp\/v2\/posts\/113004\/revisions"}],"wp:featuredmedia":[{"embeddable":true,"href":"https:\/\/www.tressis.com\/ca\/wp-json\/wp\/v2\/media\/113099"}],"wp:attachment":[{"href":"https:\/\/www.tressis.com\/ca\/wp-json\/wp\/v2\/media?parent=113004"}],"wp:term":[{"taxonomy":"category","embeddable":true,"href":"https:\/\/www.tressis.com\/ca\/wp-json\/wp\/v2\/categories?post=113004"},{"taxonomy":"post_tag","embeddable":true,"href":"https:\/\/www.tressis.com\/ca\/wp-json\/wp\/v2\/tags?post=113004"}],"curies":[{"name":"wp","href":"https:\/\/api.w.org\/{rel}","templated":true}]}}