{"id":113000,"date":"2025-09-29T09:35:11","date_gmt":"2025-09-29T07:35:11","guid":{"rendered":"https:\/\/www.tressis.com\/?p=109775"},"modified":"2025-09-29T09:35:11","modified_gmt":"2025-09-29T07:35:11","slug":"mas-valioso-es-tiempo","status":"publish","type":"post","link":"https:\/\/www.tressis.com\/ca\/blog\/mas-valioso-es-tiempo\/","title":{"rendered":"&#8220;La cosa m\u00e1s valiosa en el mundo es el tiempo&#8221;"},"content":{"rendered":"<p>Despu\u00e9s de una semana marcada por giros, datos mixtos y la cautela de los bancos centrales, <strong>los mercados internacionales cerraron el viernes con subidas, que no consegu\u00edan salvar las ca\u00eddas semanales<\/strong>. Los inversores oscilaron entre el optimismo por la resiliencia de la econom\u00eda y la preocupaci\u00f3n por lo que ello implica para futuras bajadas de tipos. Los principales \u00edndices \u2014S&#038;P 500, Eurostoxx 50 y MSCI World\u2014 registraron movimientos leves.<\/p>\n<p>&nbsp;<\/p>\n<p>En este contexto, la sensaci\u00f3n general es de pausa. <strong>La Reserva Federal sigue caminando por la delgada l\u00ednea entre contener la inflaci\u00f3n y sostener el crecimiento<\/strong>, y cada nueva publicaci\u00f3n macroecon\u00f3mica tiene el potencial de marcar el rumbo de los pr\u00f3ximos meses. Como se dice en la m\u00edtica pel\u00edcula <em>Wall Street<\/em>: <strong>\u201cLa cosa m\u00e1s valiosa en el mundo es el tiempo.\u201d<\/strong> Para la Fed, el reto precisamente es gestionar ese tiempo: actuar lo bastante pronto para contener la inflaci\u00f3n, pero sin asfixiar el crecimiento.<\/p>\n<p>&nbsp;<\/p>\n<div style=\"text-align: center; margin-bottom: 10px;\"><a \nhref=\"https:\/\/www.tressis.com\/tressis-vision\/?utm_source=web_publica&#038;utm_medium=direct&#038;utm_campaign=descarga_paper&#038;utm_term=tressisvision&#038;utm_content=blog_MMV\" \ntarget=\"_blank\" rel=\"noopener\"><img fetchpriority=\"high\" class=\"aligncenter wp-image-67199 size-full\" \nsrc=\"https:\/\/www.tressis.com\/wp-content\/uploads\/2023\/03\/CTA-Tressis-vision-para-articulos-blog.jpg\" \nalt=\"Informe mensual - Tressis visi\u00f3n\" width=\"800\" height=\"354\" style=\"aspect-ratio: 400 \/ 177;\" srcset=\"https:\/\/www.tressis.com\/wp-content\/uploads\/2023\/03\/CTA-Tressis-vision-para-articulos-blog.jpg 800w, https:\/\/www.tressis.com\/wp-content\/uploads\/2023\/03\/CTA-Tressis-vision-para-articulos-blog-300x133.jpg 300w, https:\/\/www.tressis.com\/wp-content\/uploads\/2023\/03\/CTA-Tressis-vision-para-articulos-blog-768x340.jpg 768w\" sizes=\"(max-width: 800px) 100vw, 800px\" \/><\/a><\/div>\n<p>&nbsp;<\/p>\n<h2><strong>Se agota el plazo para evitar un cierre de la Administraci\u00f3n<\/strong><\/h2>\n<p>La semana estuvo dominada por el riesgo de un cierre parcial de la Administraci\u00f3n estadounidense. Aunque la C\u00e1mara de Representantes aprob\u00f3 una pr\u00f3rroga presupuestaria, los dem\u00f3cratas en el Senado se resistieron a respaldarla, lo que llev\u00f3 a la Casa Blanca a <strong>amenazar con recortes en personal considerado no esencial<\/strong>. La posibilidad de un acuerdo de \u00faltima hora sigue abierta, pero la incertidumbre pesa sobre los mercados. Hoy tendremos una reuni\u00f3n en la que Donald Trump espera cerrar la pr\u00f3rroga con los dem\u00f3cratas.<\/p>\n<p>&nbsp;<\/p>\n<p>M\u00e1s all\u00e1 del ruido pol\u00edtico, los datos econ\u00f3micos mantienen un tono positivo. El PIB del segundo trimestre se revis\u00f3 al alza hasta el 3,8%, apoyado por un consumo robusto. Las solicitudes de desempleo cayeron, disipando temores de un deterioro laboral, mientras que la inversi\u00f3n empresarial mostr\u00f3 dinamismo. Sin embargo, los datos del mercado laboral que se publicar\u00e1n en los pr\u00f3ximos d\u00edas ser\u00e1n decisivos. Un resultado en l\u00ednea con las expectativas reforzar\u00e1 la idea de recortes de tipos graduales; en cambio, una sorpresa podr\u00eda inclinar la balanza hacia decisiones m\u00e1s agresivas por parte de la Fed.<\/p>\n<p>&nbsp;<\/p>\n<p><strong>El consumo sigue siendo el motor de la econom\u00eda<\/strong>: en agosto repunt\u00f3 un 0,4% y se mantiene una tasa de ahorro relativamente elevada (4,6%). Esto ha llevado a que las proyecciones de la Fed de Atlanta anticipen un crecimiento cercano al 4% para el tercer trimestre, reforzando la narrativa de solidez, aunque tambi\u00e9n prolongando el dilema inflacionario. En los \u00faltimos d\u00edas, las rentabilidades de la deuda estadounidense han repuntado al calor de dichas cifras.<\/p>\n<p>&nbsp;<\/p>\n<h2><strong>Divergencias en la zona euro<\/strong><\/h2>\n<p>Mientras, en Europa la calma ha predominado en los mercados de deuda, aunque con contrastes notables. Cuando Francia afronta dificultades para cumplir compromisos fiscales, Italia podr\u00eda cerrar el a\u00f1o con un d\u00e9ficit inferior al 3%. Estas divergencias subrayan la complejidad de la pol\u00edtica fiscal en la eurozona. Adem\u00e1s, seguimos viendo revisiones de <em>rating<\/em>, en las que <strong>la periferia se ha beneficiado por su buen momento econ\u00f3mico<\/strong>.<\/p>\n<p>&nbsp;<\/p>\n<h2><strong>Geopol\u00edtica<\/strong><\/h2>\n<p>En paralelo, <strong>los riesgos geopol\u00edticos siguen al alza<\/strong>. Las incursiones a\u00e9reas de Rusia en espacio europeo y las declaraciones de l\u00edderes occidentales han devuelto a primer plano la necesidad de aumentar el gasto en defensa. A corto plazo, el est\u00edmulo fiscal podr\u00eda dar cierto soporte al crecimiento, aunque la actividad se mantiene contenida en torno al 1\u20131,5%. La inflaci\u00f3n, en cambio, podr\u00eda relajarse gracias a la presi\u00f3n deflacionista de las importaciones chinas, lo que abre margen a que el BCE considere recortes en 2026.<\/p>\n<p>&nbsp;<\/p>\n<h2><strong>Reino Unido<\/strong><\/h2>\n<p>En el Reino Unido, los \u00faltimos informes apuntan a un desfase presupuestario de unos 30.000 millones de libras, que previsiblemente se cubrir\u00e1 con una serie de incrementos fiscales de menor calado. El gobierno brit\u00e1nico sigue muy condicionado por la evoluci\u00f3n de las rentabilidades globales: una ca\u00edda aliviar\u00eda la presi\u00f3n sobre Starmer y Reeves, mientras que un repunte en los tipos a largo plazo fuera del pa\u00eds agravar\u00eda sus dificultades. El panorama podr\u00eda complicarse a\u00fan m\u00e1s en caso de que Starmer fuese apartado y el Partido Laborista girase hacia la izquierda. Prueba de ello son las declaraciones de Andy Burnham, actual alcalde de M\u00e1nchester y principal aspirante a sucederle, quien la semana pasada critic\u00f3 abiertamente a los mercados de deuda y plante\u00f3 un aumento del endeudamiento de 40.000 millones de libras para financiar vivienda social.<\/p>\n<p>&nbsp;<\/p>\n<h2><strong>En Jap\u00f3n<\/strong><\/h2>\n<p>La atenci\u00f3n est\u00e1 puesta en las elecciones de liderazgo del LDP (Partido Liberal Democr\u00e1tico). Shinjir\u014d Koizumi parte con ventaja para convertirse en primer ministro, lo que podr\u00eda impulsar al yen y a los bonos soberanos (JGB), al amparo de una plataforma de ortodoxia en pol\u00edtica econ\u00f3mica. Ahora mismo, el mercado ve probable que el Banco de Jap\u00f3n suba los tipos oficiales hasta el 0,75% a finales de octubre. Con la inflaci\u00f3n a\u00fan por encima del 2% y un mercado laboral muy ajustado que sostiene los salarios, tampoco ser\u00eda sorprendente que el BoJ d\u00e9 m\u00e1s claridad sobre su visi\u00f3n del tipo nominal neutro.<\/p>\n<p>&nbsp;<\/p>\n<h2><strong>Mercado de cr\u00e9dito<\/strong><\/h2>\n<p>Por su parte, <strong>el mercado de cr\u00e9dito contin\u00faa mostrando una fortaleza notable<\/strong>, con elevada demanda en las subastas recientes. Aunque los diferenciales est\u00e1n ajustados, algunos analistas argumentan que los inversores, en carteras diversificadas, podr\u00edan estar m\u00e1s que compensados frente al riesgo de impago, justificando valoraciones que en apariencia lucen exigentes. En un entorno de abundante emisi\u00f3n soberana y dudas fiscales, los bonos corporativos parecen mantener su atractivo relativo.<\/p>\n<p>&nbsp;<\/p>\n<p>De cara a los pr\u00f3ximos d\u00edas, se espera que el Tribunal Supremo rechace la tentativa de Trump de destituir a Lisa Cook. Tambi\u00e9n podr\u00eda intensificarse el enfrentamiento pol\u00edtico en torno al cierre de la Administraci\u00f3n, anunciarse el pr\u00f3ximo presidente de la Fed y sumarse un amplio abanico de factores internacionales y geopol\u00edticos con impacto en los mercados. La semana pasada comenz\u00f3 de forma inusualmente tranquila, incluso en la Asamblea General de la ONU, donde el discurso de Trump pas\u00f3 casi inadvertido, en marcado contraste con las risas y burlas de hace seis a\u00f1os. En cuanto a la publicaci\u00f3n de datos macroeconomicos, la atenci\u00f3n de la pr\u00f3xima semana se centrar\u00e1 en el informe de empleo de EE.UU., que se publicar\u00e1 el viernes. Adem\u00e1s, se conocer\u00e1n indicadores de confianza relevantes: el lunes la encuesta empresarial de la Comisi\u00f3n Europea, el martes el \u00edndice de confianza del consumidor del Conference Board en EE.UU. y, el mi\u00e9rcoles, la encuesta Tankan en Jap\u00f3n (encuesta econ\u00f3mica a corto plazo de empresas japonesas, realizada trimestralmente por el BoJ para evaluar la confianza empresarial y las tendencias econ\u00f3micas). Tambi\u00e9n se publicar\u00e1n las lecturas finales de los PMI de septiembre en distintos pa\u00edses, especialmente el mi\u00e9rcoles y viernes. Tras las reuniones de los principales bancos centrales, los inversores parecen tomarse un respiro para reevaluar el contexto. Los \u00edndices de volatilidad permanecen en niveles bajos, lo que indica que el apetito por el riesgo se mantiene, aunque los datos de posicionamiento de Deutsche Bank sugieren que las carteras a\u00fan no muestran una exposici\u00f3n excesiva a activos de mayor riesgo como la renta variable. Ahora que nos adentramos en el \u00faltimo trimestre de un a\u00f1o convulso, es dif\u00edcil pensar que la calma se prolongue demasiado. Pero, <strong>por ahora, es un buen momento para hacer una pausa y reevaluar lo que viene por delante<\/strong>.<\/p>\n<p>&nbsp;<\/p>\n<p>Buena semana.<\/p>\n<p>&nbsp;<\/p>\n<p><center><strong>Jorge Gonz\u00e1lez G\u00f3mez<\/strong><br \/>\nDirector de An\u00e1lisis<\/center><\/p>\n","protected":false},"excerpt":{"rendered":"<p>Despu\u00e9s de una semana marcada por giros, datos mixtos y la cautela de los bancos centrales, los mercados internacionales cerraron el viernes con subidas, que no consegu\u00edan salvar las ca\u00eddas semanales. Los inversores oscilaron entre el optimismo por la resiliencia de la econom\u00eda y la preocupaci\u00f3n por lo que ello implica para futuras bajadas de [&hellip;]<\/p>\n","protected":false},"author":9,"featured_media":113092,"comment_status":"closed","ping_status":"open","sticky":false,"template":"","format":"standard","meta":{"_acf_changed":false,"footnotes":""},"categories":[9721],"tags":[],"class_list":["post-113000","post","type-post","status-publish","format-standard","has-post-thumbnail","hentry","category-morning-meeting"],"acf":[],"yoast_head":"<!-- This site is optimized with the Yoast SEO plugin v27.5 - https:\/\/yoast.com\/product\/yoast-seo-wordpress\/ -->\n<title>&quot;La cosa m\u00e1s valiosa en el mundo es el tiempo&quot;<\/title>\n<meta name=\"robots\" content=\"index, nofollow, max-snippet:-1, max-image-preview:large, max-video-preview:-1\" \/>\n<link rel=\"canonical\" href=\"https:\/\/www.tressis.com\/ca\/blog\/mas-valioso-es-tiempo\/\" \/>\n<meta property=\"og:locale\" content=\"ca_ES\" \/>\n<meta property=\"og:type\" content=\"article\" \/>\n<meta property=\"og:title\" content=\"&quot;La cosa m\u00e1s valiosa en el mundo es el tiempo&quot;\" \/>\n<meta property=\"og:description\" content=\"Despu\u00e9s de una semana marcada por giros, datos mixtos y la cautela de los bancos centrales, los mercados internacionales cerraron el viernes con subidas, que no consegu\u00edan salvar las ca\u00eddas semanales. Los inversores oscilaron entre el optimismo por la resiliencia de la econom\u00eda y la preocupaci\u00f3n por lo que ello implica para futuras bajadas de [&hellip;]\" \/>\n<meta property=\"og:url\" content=\"https:\/\/www.tressis.com\/ca\/blog\/mas-valioso-es-tiempo\/\" \/>\n<meta property=\"og:site_name\" content=\"Tressis\" \/>\n<meta property=\"article:publisher\" content=\"https:\/\/www.facebook.com\/Tressis\/\" \/>\n<meta property=\"article:published_time\" content=\"2025-09-29T07:35:11+00:00\" \/>\n<meta property=\"og:image\" content=\"http:\/\/test.tressis.com\/wp-content\/uploads\/2025\/09\/mas-valioso-es-tiempo.webp\" \/>\n\t<meta property=\"og:image:width\" content=\"1200\" \/>\n\t<meta property=\"og:image:height\" content=\"531\" \/>\n\t<meta property=\"og:image:type\" content=\"image\/webp\" \/>\n<meta name=\"author\" content=\"Armando\" \/>\n<meta name=\"twitter:card\" content=\"summary_large_image\" \/>\n<meta name=\"twitter:creator\" content=\"@TressisSV\" \/>\n<meta name=\"twitter:site\" content=\"@TressisSV\" \/>\n<meta name=\"twitter:label1\" content=\"Escrit per\" \/>\n\t<meta name=\"twitter:data1\" content=\"Armando\" \/>\n\t<meta name=\"twitter:label2\" content=\"Temps estimat de lectura\" \/>\n\t<meta name=\"twitter:data2\" content=\"7 minuts\" \/>\n<script type=\"application\/ld+json\" class=\"yoast-schema-graph\">{\"@context\":\"https:\\\/\\\/schema.org\",\"@graph\":[{\"@type\":\"Article\",\"@id\":\"https:\\\/\\\/www.tressis.com\\\/ca\\\/blog\\\/mas-valioso-es-tiempo\\\/#article\",\"isPartOf\":{\"@id\":\"https:\\\/\\\/www.tressis.com\\\/ca\\\/blog\\\/mas-valioso-es-tiempo\\\/\"},\"author\":{\"name\":\"Armando\",\"@id\":\"https:\\\/\\\/www.tressis.com\\\/ca\\\/#\\\/schema\\\/person\\\/56d3b4de0493f088a4ca62a2e0c790ae\"},\"headline\":\"&#8220;La cosa m\u00e1s valiosa en el mundo es el tiempo&#8221;\",\"datePublished\":\"2025-09-29T07:35:11+00:00\",\"mainEntityOfPage\":{\"@id\":\"https:\\\/\\\/www.tressis.com\\\/ca\\\/blog\\\/mas-valioso-es-tiempo\\\/\"},\"wordCount\":1318,\"publisher\":{\"@id\":\"https:\\\/\\\/www.tressis.com\\\/ca\\\/#organization\"},\"image\":{\"@id\":\"https:\\\/\\\/www.tressis.com\\\/ca\\\/blog\\\/mas-valioso-es-tiempo\\\/#primaryimage\"},\"thumbnailUrl\":\"https:\\\/\\\/www.tressis.com\\\/wp-content\\\/uploads\\\/2025\\\/09\\\/mas-valioso-es-tiempo.webp\",\"articleSection\":[\"Morning meeting\"],\"inLanguage\":\"ca\"},{\"@type\":\"WebPage\",\"@id\":\"https:\\\/\\\/www.tressis.com\\\/ca\\\/blog\\\/mas-valioso-es-tiempo\\\/\",\"url\":\"https:\\\/\\\/www.tressis.com\\\/ca\\\/blog\\\/mas-valioso-es-tiempo\\\/\",\"name\":\"\\\"La cosa m\u00e1s valiosa en el mundo es el tiempo\\\"\",\"isPartOf\":{\"@id\":\"https:\\\/\\\/www.tressis.com\\\/ca\\\/#website\"},\"primaryImageOfPage\":{\"@id\":\"https:\\\/\\\/www.tressis.com\\\/ca\\\/blog\\\/mas-valioso-es-tiempo\\\/#primaryimage\"},\"image\":{\"@id\":\"https:\\\/\\\/www.tressis.com\\\/ca\\\/blog\\\/mas-valioso-es-tiempo\\\/#primaryimage\"},\"thumbnailUrl\":\"https:\\\/\\\/www.tressis.com\\\/wp-content\\\/uploads\\\/2025\\\/09\\\/mas-valioso-es-tiempo.webp\",\"datePublished\":\"2025-09-29T07:35:11+00:00\",\"breadcrumb\":{\"@id\":\"https:\\\/\\\/www.tressis.com\\\/ca\\\/blog\\\/mas-valioso-es-tiempo\\\/#breadcrumb\"},\"inLanguage\":\"ca\",\"potentialAction\":[{\"@type\":\"ReadAction\",\"target\":[\"https:\\\/\\\/www.tressis.com\\\/ca\\\/blog\\\/mas-valioso-es-tiempo\\\/\"]}]},{\"@type\":\"ImageObject\",\"inLanguage\":\"ca\",\"@id\":\"https:\\\/\\\/www.tressis.com\\\/ca\\\/blog\\\/mas-valioso-es-tiempo\\\/#primaryimage\",\"url\":\"https:\\\/\\\/www.tressis.com\\\/wp-content\\\/uploads\\\/2025\\\/09\\\/mas-valioso-es-tiempo.webp\",\"contentUrl\":\"https:\\\/\\\/www.tressis.com\\\/wp-content\\\/uploads\\\/2025\\\/09\\\/mas-valioso-es-tiempo.webp\",\"width\":1200,\"height\":531},{\"@type\":\"BreadcrumbList\",\"@id\":\"https:\\\/\\\/www.tressis.com\\\/ca\\\/blog\\\/mas-valioso-es-tiempo\\\/#breadcrumb\",\"itemListElement\":[{\"@type\":\"ListItem\",\"position\":1,\"name\":\"Inicio\",\"item\":\"https:\\\/\\\/www.tressis.com\\\/ca\\\/\"},{\"@type\":\"ListItem\",\"position\":2,\"name\":\"Morning meeting\",\"item\":\"https:\\\/\\\/www.tressis.com\\\/ca\\\/blog\\\/categorias\\\/morning-meeting-ca\\\/\"},{\"@type\":\"ListItem\",\"position\":3,\"name\":\"\u00abLa cosa m\u00e1s valiosa en el mundo es el tiempo\u00bb\"}]},{\"@type\":\"WebSite\",\"@id\":\"https:\\\/\\\/www.tressis.com\\\/ca\\\/#website\",\"url\":\"https:\\\/\\\/www.tressis.com\\\/ca\\\/\",\"name\":\"Tressis banca privada\",\"description\":\"Tressis | Planificaci\u00f3n financiera y gesti\u00f3n de patrimonios\",\"publisher\":{\"@id\":\"https:\\\/\\\/www.tressis.com\\\/ca\\\/#organization\"},\"potentialAction\":[{\"@type\":\"SearchAction\",\"target\":{\"@type\":\"EntryPoint\",\"urlTemplate\":\"https:\\\/\\\/www.tressis.com\\\/ca\\\/?s={search_term_string}\"},\"query-input\":{\"@type\":\"PropertyValueSpecification\",\"valueRequired\":true,\"valueName\":\"search_term_string\"}}],\"inLanguage\":\"ca\"},{\"@type\":\"Organization\",\"@id\":\"https:\\\/\\\/www.tressis.com\\\/ca\\\/#organization\",\"name\":\"Tressis\",\"url\":\"https:\\\/\\\/www.tressis.com\\\/ca\\\/\",\"logo\":{\"@type\":\"ImageObject\",\"inLanguage\":\"ca\",\"@id\":\"https:\\\/\\\/www.tressis.com\\\/ca\\\/#\\\/schema\\\/logo\\\/image\\\/\",\"url\":\"https:\\\/\\\/www.tressis.com\\\/wp-content\\\/uploads\\\/2025\\\/06\\\/logo-tressis-112.png\",\"contentUrl\":\"https:\\\/\\\/www.tressis.com\\\/wp-content\\\/uploads\\\/2025\\\/06\\\/logo-tressis-112.png\",\"width\":112,\"height\":112,\"caption\":\"Tressis\"},\"image\":{\"@id\":\"https:\\\/\\\/www.tressis.com\\\/ca\\\/#\\\/schema\\\/logo\\\/image\\\/\"},\"sameAs\":[\"https:\\\/\\\/www.facebook.com\\\/Tressis\\\/\",\"https:\\\/\\\/x.com\\\/TressisSV\",\"https:\\\/\\\/www.instagram.com\\\/tressissv\\\/?hl=es\",\"https:\\\/\\\/linkedin.com\\\/company\\\/tressis\\\/\",\"https:\\\/\\\/www.youtube.com\\\/user\\\/tressissv\",\"https:\\\/\\\/open.spotify.com\\\/show\\\/3jmTe1Nf0wqMILl7diWV6h?si=d7112519f13c4593&nd=1\"]},{\"@type\":\"Person\",\"@id\":\"https:\\\/\\\/www.tressis.com\\\/ca\\\/#\\\/schema\\\/person\\\/56d3b4de0493f088a4ca62a2e0c790ae\",\"name\":\"Armando\",\"image\":{\"@type\":\"ImageObject\",\"inLanguage\":\"ca\",\"@id\":\"https:\\\/\\\/secure.gravatar.com\\\/avatar\\\/6d7efca74644be7dae792b122beab663996c233ae58f101b52769ece1cbf1435?s=96&d=mm&r=g\",\"url\":\"https:\\\/\\\/secure.gravatar.com\\\/avatar\\\/6d7efca74644be7dae792b122beab663996c233ae58f101b52769ece1cbf1435?s=96&d=mm&r=g\",\"contentUrl\":\"https:\\\/\\\/secure.gravatar.com\\\/avatar\\\/6d7efca74644be7dae792b122beab663996c233ae58f101b52769ece1cbf1435?s=96&d=mm&r=g\",\"caption\":\"Armando\"}}]}<\/script>\n<!-- \/ Yoast SEO plugin. -->","yoast_head_json":{"title":"\"La cosa m\u00e1s valiosa en el mundo es el tiempo\"","robots":{"index":"index","follow":"nofollow","max-snippet":"max-snippet:-1","max-image-preview":"max-image-preview:large","max-video-preview":"max-video-preview:-1"},"canonical":"https:\/\/www.tressis.com\/ca\/blog\/mas-valioso-es-tiempo\/","og_locale":"ca_ES","og_type":"article","og_title":"\"La cosa m\u00e1s valiosa en el mundo es el tiempo\"","og_description":"Despu\u00e9s de una semana marcada por giros, datos mixtos y la cautela de los bancos centrales, los mercados internacionales cerraron el viernes con subidas, que no consegu\u00edan salvar las ca\u00eddas semanales. Los inversores oscilaron entre el optimismo por la resiliencia de la econom\u00eda y la preocupaci\u00f3n por lo que ello implica para futuras bajadas de [&hellip;]","og_url":"https:\/\/www.tressis.com\/ca\/blog\/mas-valioso-es-tiempo\/","og_site_name":"Tressis","article_publisher":"https:\/\/www.facebook.com\/Tressis\/","article_published_time":"2025-09-29T07:35:11+00:00","og_image":[{"width":1200,"height":531,"url":"http:\/\/test.tressis.com\/wp-content\/uploads\/2025\/09\/mas-valioso-es-tiempo.webp","type":"image\/webp"}],"author":"Armando","twitter_card":"summary_large_image","twitter_creator":"@TressisSV","twitter_site":"@TressisSV","twitter_misc":{"Escrit per":"Armando","Temps estimat de lectura":"7 minuts"},"schema":{"@context":"https:\/\/schema.org","@graph":[{"@type":"Article","@id":"https:\/\/www.tressis.com\/ca\/blog\/mas-valioso-es-tiempo\/#article","isPartOf":{"@id":"https:\/\/www.tressis.com\/ca\/blog\/mas-valioso-es-tiempo\/"},"author":{"name":"Armando","@id":"https:\/\/www.tressis.com\/ca\/#\/schema\/person\/56d3b4de0493f088a4ca62a2e0c790ae"},"headline":"&#8220;La cosa m\u00e1s valiosa en el mundo es el tiempo&#8221;","datePublished":"2025-09-29T07:35:11+00:00","mainEntityOfPage":{"@id":"https:\/\/www.tressis.com\/ca\/blog\/mas-valioso-es-tiempo\/"},"wordCount":1318,"publisher":{"@id":"https:\/\/www.tressis.com\/ca\/#organization"},"image":{"@id":"https:\/\/www.tressis.com\/ca\/blog\/mas-valioso-es-tiempo\/#primaryimage"},"thumbnailUrl":"https:\/\/www.tressis.com\/wp-content\/uploads\/2025\/09\/mas-valioso-es-tiempo.webp","articleSection":["Morning meeting"],"inLanguage":"ca"},{"@type":"WebPage","@id":"https:\/\/www.tressis.com\/ca\/blog\/mas-valioso-es-tiempo\/","url":"https:\/\/www.tressis.com\/ca\/blog\/mas-valioso-es-tiempo\/","name":"\"La cosa m\u00e1s valiosa en el mundo es el tiempo\"","isPartOf":{"@id":"https:\/\/www.tressis.com\/ca\/#website"},"primaryImageOfPage":{"@id":"https:\/\/www.tressis.com\/ca\/blog\/mas-valioso-es-tiempo\/#primaryimage"},"image":{"@id":"https:\/\/www.tressis.com\/ca\/blog\/mas-valioso-es-tiempo\/#primaryimage"},"thumbnailUrl":"https:\/\/www.tressis.com\/wp-content\/uploads\/2025\/09\/mas-valioso-es-tiempo.webp","datePublished":"2025-09-29T07:35:11+00:00","breadcrumb":{"@id":"https:\/\/www.tressis.com\/ca\/blog\/mas-valioso-es-tiempo\/#breadcrumb"},"inLanguage":"ca","potentialAction":[{"@type":"ReadAction","target":["https:\/\/www.tressis.com\/ca\/blog\/mas-valioso-es-tiempo\/"]}]},{"@type":"ImageObject","inLanguage":"ca","@id":"https:\/\/www.tressis.com\/ca\/blog\/mas-valioso-es-tiempo\/#primaryimage","url":"https:\/\/www.tressis.com\/wp-content\/uploads\/2025\/09\/mas-valioso-es-tiempo.webp","contentUrl":"https:\/\/www.tressis.com\/wp-content\/uploads\/2025\/09\/mas-valioso-es-tiempo.webp","width":1200,"height":531},{"@type":"BreadcrumbList","@id":"https:\/\/www.tressis.com\/ca\/blog\/mas-valioso-es-tiempo\/#breadcrumb","itemListElement":[{"@type":"ListItem","position":1,"name":"Inicio","item":"https:\/\/www.tressis.com\/ca\/"},{"@type":"ListItem","position":2,"name":"Morning meeting","item":"https:\/\/www.tressis.com\/ca\/blog\/categorias\/morning-meeting-ca\/"},{"@type":"ListItem","position":3,"name":"\u00abLa cosa m\u00e1s valiosa en el mundo es el tiempo\u00bb"}]},{"@type":"WebSite","@id":"https:\/\/www.tressis.com\/ca\/#website","url":"https:\/\/www.tressis.com\/ca\/","name":"Tressis banca privada","description":"Tressis | Planificaci\u00f3n financiera y gesti\u00f3n de patrimonios","publisher":{"@id":"https:\/\/www.tressis.com\/ca\/#organization"},"potentialAction":[{"@type":"SearchAction","target":{"@type":"EntryPoint","urlTemplate":"https:\/\/www.tressis.com\/ca\/?s={search_term_string}"},"query-input":{"@type":"PropertyValueSpecification","valueRequired":true,"valueName":"search_term_string"}}],"inLanguage":"ca"},{"@type":"Organization","@id":"https:\/\/www.tressis.com\/ca\/#organization","name":"Tressis","url":"https:\/\/www.tressis.com\/ca\/","logo":{"@type":"ImageObject","inLanguage":"ca","@id":"https:\/\/www.tressis.com\/ca\/#\/schema\/logo\/image\/","url":"https:\/\/www.tressis.com\/wp-content\/uploads\/2025\/06\/logo-tressis-112.png","contentUrl":"https:\/\/www.tressis.com\/wp-content\/uploads\/2025\/06\/logo-tressis-112.png","width":112,"height":112,"caption":"Tressis"},"image":{"@id":"https:\/\/www.tressis.com\/ca\/#\/schema\/logo\/image\/"},"sameAs":["https:\/\/www.facebook.com\/Tressis\/","https:\/\/x.com\/TressisSV","https:\/\/www.instagram.com\/tressissv\/?hl=es","https:\/\/linkedin.com\/company\/tressis\/","https:\/\/www.youtube.com\/user\/tressissv","https:\/\/open.spotify.com\/show\/3jmTe1Nf0wqMILl7diWV6h?si=d7112519f13c4593&nd=1"]},{"@type":"Person","@id":"https:\/\/www.tressis.com\/ca\/#\/schema\/person\/56d3b4de0493f088a4ca62a2e0c790ae","name":"Armando","image":{"@type":"ImageObject","inLanguage":"ca","@id":"https:\/\/secure.gravatar.com\/avatar\/6d7efca74644be7dae792b122beab663996c233ae58f101b52769ece1cbf1435?s=96&d=mm&r=g","url":"https:\/\/secure.gravatar.com\/avatar\/6d7efca74644be7dae792b122beab663996c233ae58f101b52769ece1cbf1435?s=96&d=mm&r=g","contentUrl":"https:\/\/secure.gravatar.com\/avatar\/6d7efca74644be7dae792b122beab663996c233ae58f101b52769ece1cbf1435?s=96&d=mm&r=g","caption":"Armando"}}]}},"_links":{"self":[{"href":"https:\/\/www.tressis.com\/ca\/wp-json\/wp\/v2\/posts\/113000","targetHints":{"allow":["GET"]}}],"collection":[{"href":"https:\/\/www.tressis.com\/ca\/wp-json\/wp\/v2\/posts"}],"about":[{"href":"https:\/\/www.tressis.com\/ca\/wp-json\/wp\/v2\/types\/post"}],"author":[{"embeddable":true,"href":"https:\/\/www.tressis.com\/ca\/wp-json\/wp\/v2\/users\/9"}],"replies":[{"embeddable":true,"href":"https:\/\/www.tressis.com\/ca\/wp-json\/wp\/v2\/comments?post=113000"}],"version-history":[{"count":0,"href":"https:\/\/www.tressis.com\/ca\/wp-json\/wp\/v2\/posts\/113000\/revisions"}],"wp:featuredmedia":[{"embeddable":true,"href":"https:\/\/www.tressis.com\/ca\/wp-json\/wp\/v2\/media\/113092"}],"wp:attachment":[{"href":"https:\/\/www.tressis.com\/ca\/wp-json\/wp\/v2\/media?parent=113000"}],"wp:term":[{"taxonomy":"category","embeddable":true,"href":"https:\/\/www.tressis.com\/ca\/wp-json\/wp\/v2\/categories?post=113000"},{"taxonomy":"post_tag","embeddable":true,"href":"https:\/\/www.tressis.com\/ca\/wp-json\/wp\/v2\/tags?post=113000"}],"curies":[{"name":"wp","href":"https:\/\/api.w.org\/{rel}","templated":true}]}}