{"id":112991,"date":"2025-09-19T09:34:31","date_gmt":"2025-09-19T07:34:31","guid":{"rendered":"https:\/\/www.tressis.com\/?p=109580"},"modified":"2025-09-19T09:34:31","modified_gmt":"2025-09-19T07:34:31","slug":"mercados-celebraron-entusiasmo","status":"publish","type":"post","link":"https:\/\/www.tressis.com\/ca\/blog\/mercados-celebraron-entusiasmo\/","title":{"rendered":"Una se\u00f1al que los mercados celebraron con entusiasmo"},"content":{"rendered":"<p>La jornada de ayer estuvo marcada por la esperada decisi\u00f3n de tipos de la Fed. Jerome Powell recort\u00f3 la referencia en 25 puntos b\u00e1sicos y dej\u00f3 la puerta abierta a otros dos ajustes antes de fin de a\u00f1o, situando la tasa terminal en 3,5%. Una se\u00f1al que los mercados celebraron con entusiasmo.<\/p>\n<p>&nbsp;<\/p>\n<p>En Europa, las bolsas respondieron con subidas generalizadas: Euro Stoxx 50 +1,62%, DAX +1,35%, CAC 40 +0,87% e IBEX 35 +0,32%. En Estados Unidos, el Dow Jones avanz\u00f3 un 0,27%, el S&#038;P 500 un 0,48% y el Nasdaq un 0,94%, con el sector tecnol\u00f3gico como gran protagonista. Dentro de los semiconductores, <strong>Intel se dispar\u00f3 m\u00e1s de un 22%<\/strong> tras conocerse que NVIDIA invertir\u00e1 5.000 millones de d\u00f3lares en acciones de la compa\u00f1\u00eda, como parte de <strong>una alianza para desarrollar soluciones conjuntas en centros de datos y ordenadores personales<\/strong>.<\/p>\n<p>&nbsp;<\/p>\n<div style=\"text-align: center; margin-bottom: 10px;\"><a \nhref=\"https:\/\/www.tressis.com\/tressis-vision\/?utm_source=web_publica&#038;utm_medium=direct&#038;utm_campaign=descarga_paper&#038;utm_term=tressisvision&#038;utm_content=blog_MMV\" \ntarget=\"_blank\" rel=\"noopener\"><img fetchpriority=\"high\" class=\"aligncenter wp-image-67199 size-full\" \nsrc=\"https:\/\/www.tressis.com\/wp-content\/uploads\/2023\/03\/CTA-Tressis-vision-para-articulos-blog.jpg\" \nalt=\"Informe mensual - Tressis visi\u00f3n\" width=\"800\" height=\"354\" style=\"aspect-ratio: 400 \/ 177;\" srcset=\"https:\/\/www.tressis.com\/wp-content\/uploads\/2023\/03\/CTA-Tressis-vision-para-articulos-blog.jpg 800w, https:\/\/www.tressis.com\/wp-content\/uploads\/2023\/03\/CTA-Tressis-vision-para-articulos-blog-300x133.jpg 300w, https:\/\/www.tressis.com\/wp-content\/uploads\/2023\/03\/CTA-Tressis-vision-para-articulos-blog-768x340.jpg 768w\" sizes=\"(max-width: 800px) 100vw, 800px\" \/><\/a><\/div>\n<p>&nbsp;<\/p>\n<p>Tambi\u00e9n destac\u00f3 el Russell 2000, que alcanz\u00f3 un nuevo m\u00e1ximo hist\u00f3rico en los 2.467 puntos, superando los niveles de noviembre de 2021. El repunte del \u00edndice de peque\u00f1as compa\u00f1\u00edas refleja un renovado apetito por segmentos m\u00e1s c\u00edclicos y ligados al mercado dom\u00e9stico estadounidense, impulsados por la expectativa de tipos de inter\u00e9s m\u00e1s bajos y un entorno de financiaci\u00f3n menos restrictivo.<\/p>\n<p>&nbsp;<\/p>\n<p style=\"text-align: center; margin-bottom:20px;\">Imagen: Russell 2000 se acerca a su primer cierre r\u00e9cord desde 2021. <\/p>\n<div style=\"text-align: center; margin-bottom: 10px;\"><img decoding=\"async\" src=\"https:\/\/www.tressis.com\/wp-content\/uploads\/2025\/09\/russell-2000-20250919.webp\" width=\"772\" height=\"427\" alt=\"Russell 2000 desde 2021\" class=\"wp-image-109585\" style=\"aspect-ratio: 772\/427;\" \/><\/div>\n<p style=\"text-align: center; margin:20px auto;\" class=\"smallPie\">Fuente: Bloomberg.<\/p>\n<p>&nbsp;<\/p>\n<h2><strong>La euforia alcanz\u00f3 tambi\u00e9n al mercado de criptodivisas<\/strong><\/h2>\n<p>Bitcoin (BTC) avanz\u00f3 un 1,66% hasta los $117.579, mientras que Ether (ETH) repunt\u00f3 un 2,27% hasta los 4.606 d\u00f3lares. Entre los ganadores del d\u00eda destacaron Binance Coin (BNB), que marc\u00f3 un nuevo m\u00e1ximo hist\u00f3rico en 1.000 d\u00f3lares, y Solana (SOL), con un alza del 4,32% hasta los 250 d\u00f3lares. El impulso se vio reforzado por el anuncio de Forward Industries, que lanzar\u00e1 una oferta de acciones ordinarias para financiar la expansi\u00f3n de su estrategia ligada al ecosistema Solana y la adquisici\u00f3n de activos generadores de ingresos.<\/p>\n<p>&nbsp;<\/p>\n<h2><strong>En el mercado de divisas<\/strong><\/h2>\n<p>El d\u00f3lar se fortaleci\u00f3 hasta hasta el 1,1788, por debajo del nivel de 1,18, mientras que el oro se debilit\u00f3 un 0,43%, reflejando un ajuste tras la decisi\u00f3n de la Fed.<\/p>\n<p>&nbsp;<\/p>\n<h2><strong>Renta fija<\/strong><\/h2>\n<p>La renta fija, en cambio, no se sum\u00f3 al optimismo. La rentabilidad del <i>bund<\/i> alem\u00e1n repunt\u00f3 hasta el 2,72%, mientras que el <i>treasury<\/i> estadounidense a diez a\u00f1os subi\u00f3 al 4,10%, en un contexto en el que los inversores valoran el impacto de la pol\u00edtica monetaria sobre las expectativas de inflaci\u00f3n a medio plazo.<\/p>\n<p>&nbsp;<\/p>\n<p>En el Reino Unido, el Banco de Inglaterra (BoE) mantuvo los tipos en el 4%, con siete votos a favor de la estabilidad y dos partidarios de recortarlos, reflejando la divisi\u00f3n creciente en el comit\u00e9.<\/p>\n<p>&nbsp;<\/p>\n<p>En cuanto a la agenda macroecon\u00f3mica, las solicitudes iniciales de desempleo en EE.UU. fueron de 231.000, por debajo de las 241.000 esperadas. Para hoy, la atenci\u00f3n se centra en el IPC y la decisi\u00f3n de tipos en Jap\u00f3n, las ventas minoristas en el Reino Unido, el IPP alem\u00e1n y la comparecencia de la presidenta del BCE, Christine Lagarde.<\/p>\n<p>&nbsp;<\/p>\n<p>Feliz viernes.<\/p>\n<p>&nbsp;<\/p>\n<p><center><strong>\u00c1lvaro Lleras Montoya<\/strong><br \/>\nAnalista<\/center><\/p>\n","protected":false},"excerpt":{"rendered":"<p>La jornada de ayer estuvo marcada por la esperada decisi\u00f3n de tipos de la Fed. Jerome Powell recort\u00f3 la referencia en 25 puntos b\u00e1sicos y dej\u00f3 la puerta abierta a otros dos ajustes antes de fin de a\u00f1o, situando la tasa terminal en 3,5%. Una se\u00f1al que los mercados celebraron con entusiasmo. &nbsp; En Europa, [&hellip;]<\/p>\n","protected":false},"author":9,"featured_media":113051,"comment_status":"closed","ping_status":"open","sticky":false,"template":"","format":"standard","meta":{"_acf_changed":false,"footnotes":""},"categories":[9721],"tags":[],"class_list":["post-112991","post","type-post","status-publish","format-standard","has-post-thumbnail","hentry","category-morning-meeting"],"acf":[],"yoast_head":"<!-- This site is optimized with the Yoast SEO plugin v27.5 - https:\/\/yoast.com\/product\/yoast-seo-wordpress\/ -->\n<title>Una se\u00f1al que los mercados celebraron con entusiasmo<\/title>\n<meta name=\"robots\" content=\"index, nofollow, max-snippet:-1, max-image-preview:large, max-video-preview:-1\" \/>\n<link rel=\"canonical\" href=\"https:\/\/www.tressis.com\/ca\/blog\/mercados-celebraron-entusiasmo\/\" \/>\n<meta property=\"og:locale\" content=\"ca_ES\" \/>\n<meta property=\"og:type\" content=\"article\" \/>\n<meta property=\"og:title\" content=\"Una se\u00f1al que los mercados celebraron con entusiasmo\" \/>\n<meta property=\"og:description\" content=\"La jornada de ayer estuvo marcada por la esperada decisi\u00f3n de tipos de la Fed. Jerome Powell recort\u00f3 la referencia en 25 puntos b\u00e1sicos y dej\u00f3 la puerta abierta a otros dos ajustes antes de fin de a\u00f1o, situando la tasa terminal en 3,5%. Una se\u00f1al que los mercados celebraron con entusiasmo. &nbsp; En Europa, [&hellip;]\" \/>\n<meta property=\"og:url\" content=\"https:\/\/www.tressis.com\/ca\/blog\/mercados-celebraron-entusiasmo\/\" \/>\n<meta property=\"og:site_name\" content=\"Tressis\" \/>\n<meta property=\"article:publisher\" content=\"https:\/\/www.facebook.com\/Tressis\/\" \/>\n<meta property=\"article:published_time\" content=\"2025-09-19T07:34:31+00:00\" \/>\n<meta property=\"og:image\" content=\"http:\/\/test.tressis.com\/wp-content\/uploads\/2025\/09\/mercados-celebraron-entusiasmo.webp\" \/>\n\t<meta property=\"og:image:width\" content=\"1200\" \/>\n\t<meta property=\"og:image:height\" content=\"531\" \/>\n\t<meta property=\"og:image:type\" content=\"image\/webp\" \/>\n<meta name=\"author\" content=\"Armando\" \/>\n<meta name=\"twitter:card\" content=\"summary_large_image\" \/>\n<meta name=\"twitter:creator\" content=\"@TressisSV\" \/>\n<meta name=\"twitter:site\" content=\"@TressisSV\" \/>\n<meta name=\"twitter:label1\" content=\"Escrit per\" \/>\n\t<meta name=\"twitter:data1\" content=\"Armando\" \/>\n\t<meta name=\"twitter:label2\" content=\"Temps estimat de lectura\" \/>\n\t<meta name=\"twitter:data2\" content=\"3 minuts\" \/>\n<script type=\"application\/ld+json\" class=\"yoast-schema-graph\">{\"@context\":\"https:\\\/\\\/schema.org\",\"@graph\":[{\"@type\":\"Article\",\"@id\":\"https:\\\/\\\/www.tressis.com\\\/ca\\\/blog\\\/mercados-celebraron-entusiasmo\\\/#article\",\"isPartOf\":{\"@id\":\"https:\\\/\\\/www.tressis.com\\\/ca\\\/blog\\\/mercados-celebraron-entusiasmo\\\/\"},\"author\":{\"name\":\"Armando\",\"@id\":\"https:\\\/\\\/www.tressis.com\\\/ca\\\/#\\\/schema\\\/person\\\/56d3b4de0493f088a4ca62a2e0c790ae\"},\"headline\":\"Una se\u00f1al que los mercados celebraron con entusiasmo\",\"datePublished\":\"2025-09-19T07:34:31+00:00\",\"mainEntityOfPage\":{\"@id\":\"https:\\\/\\\/www.tressis.com\\\/ca\\\/blog\\\/mercados-celebraron-entusiasmo\\\/\"},\"wordCount\":526,\"publisher\":{\"@id\":\"https:\\\/\\\/www.tressis.com\\\/ca\\\/#organization\"},\"image\":{\"@id\":\"https:\\\/\\\/www.tressis.com\\\/ca\\\/blog\\\/mercados-celebraron-entusiasmo\\\/#primaryimage\"},\"thumbnailUrl\":\"https:\\\/\\\/www.tressis.com\\\/wp-content\\\/uploads\\\/2025\\\/09\\\/mercados-celebraron-entusiasmo.webp\",\"articleSection\":[\"Morning meeting\"],\"inLanguage\":\"ca\"},{\"@type\":\"WebPage\",\"@id\":\"https:\\\/\\\/www.tressis.com\\\/ca\\\/blog\\\/mercados-celebraron-entusiasmo\\\/\",\"url\":\"https:\\\/\\\/www.tressis.com\\\/ca\\\/blog\\\/mercados-celebraron-entusiasmo\\\/\",\"name\":\"Una se\u00f1al que los mercados celebraron con entusiasmo\",\"isPartOf\":{\"@id\":\"https:\\\/\\\/www.tressis.com\\\/ca\\\/#website\"},\"primaryImageOfPage\":{\"@id\":\"https:\\\/\\\/www.tressis.com\\\/ca\\\/blog\\\/mercados-celebraron-entusiasmo\\\/#primaryimage\"},\"image\":{\"@id\":\"https:\\\/\\\/www.tressis.com\\\/ca\\\/blog\\\/mercados-celebraron-entusiasmo\\\/#primaryimage\"},\"thumbnailUrl\":\"https:\\\/\\\/www.tressis.com\\\/wp-content\\\/uploads\\\/2025\\\/09\\\/mercados-celebraron-entusiasmo.webp\",\"datePublished\":\"2025-09-19T07:34:31+00:00\",\"breadcrumb\":{\"@id\":\"https:\\\/\\\/www.tressis.com\\\/ca\\\/blog\\\/mercados-celebraron-entusiasmo\\\/#breadcrumb\"},\"inLanguage\":\"ca\",\"potentialAction\":[{\"@type\":\"ReadAction\",\"target\":[\"https:\\\/\\\/www.tressis.com\\\/ca\\\/blog\\\/mercados-celebraron-entusiasmo\\\/\"]}]},{\"@type\":\"ImageObject\",\"inLanguage\":\"ca\",\"@id\":\"https:\\\/\\\/www.tressis.com\\\/ca\\\/blog\\\/mercados-celebraron-entusiasmo\\\/#primaryimage\",\"url\":\"https:\\\/\\\/www.tressis.com\\\/wp-content\\\/uploads\\\/2025\\\/09\\\/mercados-celebraron-entusiasmo.webp\",\"contentUrl\":\"https:\\\/\\\/www.tressis.com\\\/wp-content\\\/uploads\\\/2025\\\/09\\\/mercados-celebraron-entusiasmo.webp\",\"width\":1200,\"height\":531},{\"@type\":\"BreadcrumbList\",\"@id\":\"https:\\\/\\\/www.tressis.com\\\/ca\\\/blog\\\/mercados-celebraron-entusiasmo\\\/#breadcrumb\",\"itemListElement\":[{\"@type\":\"ListItem\",\"position\":1,\"name\":\"Inicio\",\"item\":\"https:\\\/\\\/www.tressis.com\\\/ca\\\/\"},{\"@type\":\"ListItem\",\"position\":2,\"name\":\"Morning meeting\",\"item\":\"https:\\\/\\\/www.tressis.com\\\/ca\\\/blog\\\/categorias\\\/morning-meeting-ca\\\/\"},{\"@type\":\"ListItem\",\"position\":3,\"name\":\"Una se\u00f1al que los mercados celebraron con entusiasmo\"}]},{\"@type\":\"WebSite\",\"@id\":\"https:\\\/\\\/www.tressis.com\\\/ca\\\/#website\",\"url\":\"https:\\\/\\\/www.tressis.com\\\/ca\\\/\",\"name\":\"Tressis banca privada\",\"description\":\"Tressis | Planificaci\u00f3n financiera y gesti\u00f3n de patrimonios\",\"publisher\":{\"@id\":\"https:\\\/\\\/www.tressis.com\\\/ca\\\/#organization\"},\"potentialAction\":[{\"@type\":\"SearchAction\",\"target\":{\"@type\":\"EntryPoint\",\"urlTemplate\":\"https:\\\/\\\/www.tressis.com\\\/ca\\\/?s={search_term_string}\"},\"query-input\":{\"@type\":\"PropertyValueSpecification\",\"valueRequired\":true,\"valueName\":\"search_term_string\"}}],\"inLanguage\":\"ca\"},{\"@type\":\"Organization\",\"@id\":\"https:\\\/\\\/www.tressis.com\\\/ca\\\/#organization\",\"name\":\"Tressis\",\"url\":\"https:\\\/\\\/www.tressis.com\\\/ca\\\/\",\"logo\":{\"@type\":\"ImageObject\",\"inLanguage\":\"ca\",\"@id\":\"https:\\\/\\\/www.tressis.com\\\/ca\\\/#\\\/schema\\\/logo\\\/image\\\/\",\"url\":\"https:\\\/\\\/www.tressis.com\\\/wp-content\\\/uploads\\\/2025\\\/06\\\/logo-tressis-112.png\",\"contentUrl\":\"https:\\\/\\\/www.tressis.com\\\/wp-content\\\/uploads\\\/2025\\\/06\\\/logo-tressis-112.png\",\"width\":112,\"height\":112,\"caption\":\"Tressis\"},\"image\":{\"@id\":\"https:\\\/\\\/www.tressis.com\\\/ca\\\/#\\\/schema\\\/logo\\\/image\\\/\"},\"sameAs\":[\"https:\\\/\\\/www.facebook.com\\\/Tressis\\\/\",\"https:\\\/\\\/x.com\\\/TressisSV\",\"https:\\\/\\\/www.instagram.com\\\/tressissv\\\/?hl=es\",\"https:\\\/\\\/linkedin.com\\\/company\\\/tressis\\\/\",\"https:\\\/\\\/www.youtube.com\\\/user\\\/tressissv\",\"https:\\\/\\\/open.spotify.com\\\/show\\\/3jmTe1Nf0wqMILl7diWV6h?si=d7112519f13c4593&nd=1\"]},{\"@type\":\"Person\",\"@id\":\"https:\\\/\\\/www.tressis.com\\\/ca\\\/#\\\/schema\\\/person\\\/56d3b4de0493f088a4ca62a2e0c790ae\",\"name\":\"Armando\",\"image\":{\"@type\":\"ImageObject\",\"inLanguage\":\"ca\",\"@id\":\"https:\\\/\\\/secure.gravatar.com\\\/avatar\\\/6d7efca74644be7dae792b122beab663996c233ae58f101b52769ece1cbf1435?s=96&d=mm&r=g\",\"url\":\"https:\\\/\\\/secure.gravatar.com\\\/avatar\\\/6d7efca74644be7dae792b122beab663996c233ae58f101b52769ece1cbf1435?s=96&d=mm&r=g\",\"contentUrl\":\"https:\\\/\\\/secure.gravatar.com\\\/avatar\\\/6d7efca74644be7dae792b122beab663996c233ae58f101b52769ece1cbf1435?s=96&d=mm&r=g\",\"caption\":\"Armando\"}}]}<\/script>\n<!-- \/ Yoast SEO plugin. -->","yoast_head_json":{"title":"Una se\u00f1al que los mercados celebraron con entusiasmo","robots":{"index":"index","follow":"nofollow","max-snippet":"max-snippet:-1","max-image-preview":"max-image-preview:large","max-video-preview":"max-video-preview:-1"},"canonical":"https:\/\/www.tressis.com\/ca\/blog\/mercados-celebraron-entusiasmo\/","og_locale":"ca_ES","og_type":"article","og_title":"Una se\u00f1al que los mercados celebraron con entusiasmo","og_description":"La jornada de ayer estuvo marcada por la esperada decisi\u00f3n de tipos de la Fed. Jerome Powell recort\u00f3 la referencia en 25 puntos b\u00e1sicos y dej\u00f3 la puerta abierta a otros dos ajustes antes de fin de a\u00f1o, situando la tasa terminal en 3,5%. Una se\u00f1al que los mercados celebraron con entusiasmo. &nbsp; En Europa, [&hellip;]","og_url":"https:\/\/www.tressis.com\/ca\/blog\/mercados-celebraron-entusiasmo\/","og_site_name":"Tressis","article_publisher":"https:\/\/www.facebook.com\/Tressis\/","article_published_time":"2025-09-19T07:34:31+00:00","og_image":[{"width":1200,"height":531,"url":"http:\/\/test.tressis.com\/wp-content\/uploads\/2025\/09\/mercados-celebraron-entusiasmo.webp","type":"image\/webp"}],"author":"Armando","twitter_card":"summary_large_image","twitter_creator":"@TressisSV","twitter_site":"@TressisSV","twitter_misc":{"Escrit per":"Armando","Temps estimat de lectura":"3 minuts"},"schema":{"@context":"https:\/\/schema.org","@graph":[{"@type":"Article","@id":"https:\/\/www.tressis.com\/ca\/blog\/mercados-celebraron-entusiasmo\/#article","isPartOf":{"@id":"https:\/\/www.tressis.com\/ca\/blog\/mercados-celebraron-entusiasmo\/"},"author":{"name":"Armando","@id":"https:\/\/www.tressis.com\/ca\/#\/schema\/person\/56d3b4de0493f088a4ca62a2e0c790ae"},"headline":"Una se\u00f1al que los mercados celebraron con entusiasmo","datePublished":"2025-09-19T07:34:31+00:00","mainEntityOfPage":{"@id":"https:\/\/www.tressis.com\/ca\/blog\/mercados-celebraron-entusiasmo\/"},"wordCount":526,"publisher":{"@id":"https:\/\/www.tressis.com\/ca\/#organization"},"image":{"@id":"https:\/\/www.tressis.com\/ca\/blog\/mercados-celebraron-entusiasmo\/#primaryimage"},"thumbnailUrl":"https:\/\/www.tressis.com\/wp-content\/uploads\/2025\/09\/mercados-celebraron-entusiasmo.webp","articleSection":["Morning meeting"],"inLanguage":"ca"},{"@type":"WebPage","@id":"https:\/\/www.tressis.com\/ca\/blog\/mercados-celebraron-entusiasmo\/","url":"https:\/\/www.tressis.com\/ca\/blog\/mercados-celebraron-entusiasmo\/","name":"Una se\u00f1al que los mercados celebraron con entusiasmo","isPartOf":{"@id":"https:\/\/www.tressis.com\/ca\/#website"},"primaryImageOfPage":{"@id":"https:\/\/www.tressis.com\/ca\/blog\/mercados-celebraron-entusiasmo\/#primaryimage"},"image":{"@id":"https:\/\/www.tressis.com\/ca\/blog\/mercados-celebraron-entusiasmo\/#primaryimage"},"thumbnailUrl":"https:\/\/www.tressis.com\/wp-content\/uploads\/2025\/09\/mercados-celebraron-entusiasmo.webp","datePublished":"2025-09-19T07:34:31+00:00","breadcrumb":{"@id":"https:\/\/www.tressis.com\/ca\/blog\/mercados-celebraron-entusiasmo\/#breadcrumb"},"inLanguage":"ca","potentialAction":[{"@type":"ReadAction","target":["https:\/\/www.tressis.com\/ca\/blog\/mercados-celebraron-entusiasmo\/"]}]},{"@type":"ImageObject","inLanguage":"ca","@id":"https:\/\/www.tressis.com\/ca\/blog\/mercados-celebraron-entusiasmo\/#primaryimage","url":"https:\/\/www.tressis.com\/wp-content\/uploads\/2025\/09\/mercados-celebraron-entusiasmo.webp","contentUrl":"https:\/\/www.tressis.com\/wp-content\/uploads\/2025\/09\/mercados-celebraron-entusiasmo.webp","width":1200,"height":531},{"@type":"BreadcrumbList","@id":"https:\/\/www.tressis.com\/ca\/blog\/mercados-celebraron-entusiasmo\/#breadcrumb","itemListElement":[{"@type":"ListItem","position":1,"name":"Inicio","item":"https:\/\/www.tressis.com\/ca\/"},{"@type":"ListItem","position":2,"name":"Morning meeting","item":"https:\/\/www.tressis.com\/ca\/blog\/categorias\/morning-meeting-ca\/"},{"@type":"ListItem","position":3,"name":"Una se\u00f1al que los mercados celebraron con entusiasmo"}]},{"@type":"WebSite","@id":"https:\/\/www.tressis.com\/ca\/#website","url":"https:\/\/www.tressis.com\/ca\/","name":"Tressis banca privada","description":"Tressis | Planificaci\u00f3n financiera y gesti\u00f3n de patrimonios","publisher":{"@id":"https:\/\/www.tressis.com\/ca\/#organization"},"potentialAction":[{"@type":"SearchAction","target":{"@type":"EntryPoint","urlTemplate":"https:\/\/www.tressis.com\/ca\/?s={search_term_string}"},"query-input":{"@type":"PropertyValueSpecification","valueRequired":true,"valueName":"search_term_string"}}],"inLanguage":"ca"},{"@type":"Organization","@id":"https:\/\/www.tressis.com\/ca\/#organization","name":"Tressis","url":"https:\/\/www.tressis.com\/ca\/","logo":{"@type":"ImageObject","inLanguage":"ca","@id":"https:\/\/www.tressis.com\/ca\/#\/schema\/logo\/image\/","url":"https:\/\/www.tressis.com\/wp-content\/uploads\/2025\/06\/logo-tressis-112.png","contentUrl":"https:\/\/www.tressis.com\/wp-content\/uploads\/2025\/06\/logo-tressis-112.png","width":112,"height":112,"caption":"Tressis"},"image":{"@id":"https:\/\/www.tressis.com\/ca\/#\/schema\/logo\/image\/"},"sameAs":["https:\/\/www.facebook.com\/Tressis\/","https:\/\/x.com\/TressisSV","https:\/\/www.instagram.com\/tressissv\/?hl=es","https:\/\/linkedin.com\/company\/tressis\/","https:\/\/www.youtube.com\/user\/tressissv","https:\/\/open.spotify.com\/show\/3jmTe1Nf0wqMILl7diWV6h?si=d7112519f13c4593&nd=1"]},{"@type":"Person","@id":"https:\/\/www.tressis.com\/ca\/#\/schema\/person\/56d3b4de0493f088a4ca62a2e0c790ae","name":"Armando","image":{"@type":"ImageObject","inLanguage":"ca","@id":"https:\/\/secure.gravatar.com\/avatar\/6d7efca74644be7dae792b122beab663996c233ae58f101b52769ece1cbf1435?s=96&d=mm&r=g","url":"https:\/\/secure.gravatar.com\/avatar\/6d7efca74644be7dae792b122beab663996c233ae58f101b52769ece1cbf1435?s=96&d=mm&r=g","contentUrl":"https:\/\/secure.gravatar.com\/avatar\/6d7efca74644be7dae792b122beab663996c233ae58f101b52769ece1cbf1435?s=96&d=mm&r=g","caption":"Armando"}}]}},"_links":{"self":[{"href":"https:\/\/www.tressis.com\/ca\/wp-json\/wp\/v2\/posts\/112991","targetHints":{"allow":["GET"]}}],"collection":[{"href":"https:\/\/www.tressis.com\/ca\/wp-json\/wp\/v2\/posts"}],"about":[{"href":"https:\/\/www.tressis.com\/ca\/wp-json\/wp\/v2\/types\/post"}],"author":[{"embeddable":true,"href":"https:\/\/www.tressis.com\/ca\/wp-json\/wp\/v2\/users\/9"}],"replies":[{"embeddable":true,"href":"https:\/\/www.tressis.com\/ca\/wp-json\/wp\/v2\/comments?post=112991"}],"version-history":[{"count":0,"href":"https:\/\/www.tressis.com\/ca\/wp-json\/wp\/v2\/posts\/112991\/revisions"}],"wp:featuredmedia":[{"embeddable":true,"href":"https:\/\/www.tressis.com\/ca\/wp-json\/wp\/v2\/media\/113051"}],"wp:attachment":[{"href":"https:\/\/www.tressis.com\/ca\/wp-json\/wp\/v2\/media?parent=112991"}],"wp:term":[{"taxonomy":"category","embeddable":true,"href":"https:\/\/www.tressis.com\/ca\/wp-json\/wp\/v2\/categories?post=112991"},{"taxonomy":"post_tag","embeddable":true,"href":"https:\/\/www.tressis.com\/ca\/wp-json\/wp\/v2\/tags?post=112991"}],"curies":[{"name":"wp","href":"https:\/\/api.w.org\/{rel}","templated":true}]}}