{"id":112985,"date":"2025-09-16T08:56:25","date_gmt":"2025-09-16T06:56:25","guid":{"rendered":"https:\/\/www.tressis.com\/?p=109519"},"modified":"2025-09-16T08:56:25","modified_gmt":"2025-09-16T06:56:25","slug":"bancos-centrales-protagonistas","status":"publish","type":"post","link":"https:\/\/www.tressis.com\/ca\/blog\/bancos-centrales-protagonistas\/","title":{"rendered":"Los bancos centrales son los protagonistas de la semana"},"content":{"rendered":"<p>La atenci\u00f3n de los mercados se centra esta semana en las reuniones de diversos bancos centrales, siendo la m\u00e1s relevante la que celebrar\u00e1 la Reserva Federal el mi\u00e9rcoles. Tras nueve meses de pausa, se prev\u00e9 un recorte de 25 puntos b\u00e1sicos en los tipos de inter\u00e9s, con la posibilidad de una segunda, y hasta tercera bajada antes de finalizar el a\u00f1o, lo que situar\u00eda el tipo oficial por debajo del 4%. Esta decisi\u00f3n no estar\u00eda motivada por una moderaci\u00f3n de la inflaci\u00f3n \u2014a\u00fan por encima del objetivo\u2014, sino por la creciente debilidad del mercado laboral. Paralelamente, aumenta la presi\u00f3n pol\u00edtica. El presidente Donald Trump afirm\u00f3 este fin de semana que es \u201cel momento de un gran recorte\u201d, lo que ha llevado a algunos analistas a valorar la posibilidad de un recorte de 50 p.b. o una senda de reducci\u00f3n m\u00e1s acelerada en los pr\u00f3ximos meses. Adem\u00e1s, el contexto institucional a\u00f1ade un elemento adicional de incertidumbre. El Tribunal de Apelaciones resolvi\u00f3 ayer que Trump no tiene la autoridad para destituir a Lisa Cook de su cargo como gobernadora de la Reserva Federal, lo que le permitir\u00e1 participar con derecho a voto en la reuni\u00f3n del FOMC de esta semana. Al tiempo, el Senado confirm\u00f3 a Stephen Miran como nuevo miembro de la Junta de Gobernadores de la Fed, habilit\u00e1ndolo tambi\u00e9n para intervenir en la votaci\u00f3n. <strong>La reuni\u00f3n del FOMC ser\u00e1 clave para clarificar el escenario<\/strong>, especialmente a trav\u00e9s de las nuevas proyecciones macroecon\u00f3micas y el &#8220;dot plot&#8221;, que reflejar\u00e1 las expectativas individuales de los miembros sobre la evoluci\u00f3n futura de los tipos.<\/p>\n<p>&nbsp;<\/p>\n<div style=\"text-align: center; margin-bottom: 10px;\"><a href=\"https:\/\/www.tressis.com\/tressis-vision\/?utm_source=web_publica&amp;utm_medium=direct&amp;utm_campaign=descarga_paper&amp;utm_term=tressisvision&amp;utm_content=blog_MMV\" target=\"_blank\" rel=\"noopener\"><img fetchpriority=\"high\" decoding=\"async\" class=\"aligncenter wp-image-67199 size-full\" style=\"aspect-ratio: 400 \/ 177;\" src=\"https:\/\/www.tressis.com\/wp-content\/uploads\/2023\/03\/CTA-Tressis-vision-para-articulos-blog.jpg\" alt=\"Informe mensual - Tressis visi\u00f3n\" width=\"800\" height=\"354\" srcset=\"https:\/\/www.tressis.com\/wp-content\/uploads\/2023\/03\/CTA-Tressis-vision-para-articulos-blog.jpg 800w, https:\/\/www.tressis.com\/wp-content\/uploads\/2023\/03\/CTA-Tressis-vision-para-articulos-blog-300x133.jpg 300w, https:\/\/www.tressis.com\/wp-content\/uploads\/2023\/03\/CTA-Tressis-vision-para-articulos-blog-768x340.jpg 768w\" sizes=\"(max-width: 800px) 100vw, 800px\" \/><\/a><\/div>\n<p>&nbsp;<\/p>\n<p>Tras la Fed, <strong>el jueves ser\u00e1 el turno del Banco de Inglaterra (BoE) y el viernes del Banco de Jap\u00f3n (BoJ)<\/strong>. En ambos casos se espera estabilidad en los tipos. El BoE mantendr\u00eda el tipo de referencia en el 4% tras el recorte de agosto, en un contexto de estancamiento econ\u00f3mico en julio y un repunte en las expectativas de inflaci\u00f3n (3,6% frente al 3,2% en mayo). El BoJ, por su parte, no realizar\u00e1 cambios hasta al menos principios de 2026, manteniendo su postura ultraexpansiva.<\/p>\n<p>&nbsp;<\/p>\n<p>En cuanto al Banco Central Europeo (BCE), el mensaje transmitido el jueves pasado por su presidenta, Christine Lagarde, sugiere una pausa en la senda de recortes de tipos. Lagarde afirm\u00f3 que la pol\u00edtica monetaria se encuentra \u201cen un buen lugar\u201d, dando por concluido el proceso desinflacionario y se\u00f1alando que los riesgos para el crecimiento se han vuelto \u201cm\u00e1s equilibrados\u201d, gracias a la resiliencia de la econom\u00eda dom\u00e9stica. No obstante, el viernes surgieron posturas m\u00e1s moderadas dentro del Consejo de Gobierno. El gobernador del Banco de Finlandia, Olli Rehn, abog\u00f3 por mantener la cautela ante los riesgos deflacionistas derivados del fuerte descenso en los precios de la energ\u00eda. Por su parte, el franc\u00e9s Fran\u00e7ois Villeroy de Galhau, consider\u00f3 que una futura bajada de tipos sigue siendo una opci\u00f3n \u201cposible\u201d. Las recientes declaraciones, sumadas a la mejora en la calificaci\u00f3n crediticia de Espa\u00f1a y Portugal, se reflejaron en el mercado de deuda soberana con el bono espa\u00f1ol a diez a\u00f1os alcanzando una rentabilidad del 3,24%, lo que representa la mayor diferencia hist\u00f3rica frente a su hom\u00f3logo franc\u00e9s, que se situ\u00f3 en el 3,48%. Por su parte, el bono portugu\u00e9s cotiz\u00f3 en el 3,08%, mientras que la deuda alemana retrocedi\u00f3 m\u00e1s de 2 p.b., hasta el 2,68%. En Estados Unidos, la rentabilidad del bono a diez a\u00f1os tambi\u00e9n cedi\u00f3 casi 3 p.b., coloc\u00e1ndose al borde del 4,04%.<\/p>\n<p>&nbsp;<\/p>\n<p><strong>Los principales \u00edndices burs\u00e1tiles mundiales cerraron con signo positivo.<\/strong> El Eurostoxx y el CAC franc\u00e9s aumentaban 0,92%, el DAX alem\u00e1n sub\u00eda un 0,21%, el IBEX un 0,57%, el tecnol\u00f3gico Nasdaq se anotaba un 0,94% hasta los 22.524 enteros, el selectivo S&amp;P 500 se revalorizaba un 0,47% y el Dow Jones sub\u00eda un leve 0,11% por encima de los 46.285 puntos.<\/p>\n<p>&nbsp;<\/p>\n<p>Ayer no se public\u00f3 mucha informaci\u00f3n macroecon\u00f3mica. Por un lado, la eurozona registr\u00f3 en julio un super\u00e1vit comercial de 12.400 millones de euros en t\u00e9rminos mensuales y no desestacionalizados, seg\u00fan datos proporcionados por Eurostat, la oficina estad\u00edstica de la Uni\u00f3n Europea. Por otro lado, en Estados Unidos, el \u00edndice manufacturero Empire State correspondiente a septiembre sorprendi\u00f3 negativamente al situarse en -8,70, muy por debajo de las expectativas del mercado (4,30) y del dato previo (11,90). Adem\u00e1s, el presidente Donald Trump anunci\u00f3 en su red social Truth que se levantar\u00e1 la prohibici\u00f3n sobre la aplicaci\u00f3n TikTok en los Estados Unidos, tras llegar a un acuerdo con China. Aunque a\u00fan no se conocen todos los detalles, todo apunta a que la prohibici\u00f3n que deb\u00eda entrar en vigor el 17 de septiembre no se implementar\u00e1.<\/p>\n<p>&nbsp;<\/p>\n<p>La agenda econ\u00f3mica de hoy incluye indicadores relevantes en ambas regiones. En Estados Unidos se publicar\u00e1n las cifras de ventas minoristas y de producci\u00f3n industrial correspondientes al mes de agosto. En la eurozona, se dar\u00e1 a conocer el \u00edndice ZEW de expectativas de los analistas e inversores, as\u00ed como los datos de producci\u00f3n industrial de julio. Adicionalmente, el Banco de Espa\u00f1a actualizar\u00e1 sus proyecciones econ\u00f3micas.<\/p>\n<p>&nbsp;<\/p>\n<p>\u00a1A por el martes!<\/p>\n<p>&nbsp;<\/p>\n<p><center><strong>Jessica Steuer Barbosa<\/strong><br \/>\nAnalista<\/center><\/p>\n","protected":false},"excerpt":{"rendered":"<p>La atenci\u00f3n de los mercados se centra esta semana en las reuniones de diversos bancos centrales, siendo la m\u00e1s relevante la que celebrar\u00e1 la Reserva Federal el mi\u00e9rcoles. Tras nueve meses de pausa, se prev\u00e9 un recorte de 25 puntos b\u00e1sicos en los tipos de inter\u00e9s, con la posibilidad de una segunda, y hasta tercera [&hellip;]<\/p>\n","protected":false},"author":9,"featured_media":113046,"comment_status":"closed","ping_status":"open","sticky":false,"template":"","format":"standard","meta":{"_acf_changed":false,"footnotes":""},"categories":[9721],"tags":[],"class_list":["post-112985","post","type-post","status-publish","format-standard","has-post-thumbnail","hentry","category-morning-meeting"],"acf":[],"yoast_head":"<!-- This site is optimized with the Yoast SEO plugin v27.5 - https:\/\/yoast.com\/product\/yoast-seo-wordpress\/ -->\n<title>Los bancos centrales son los protagonistas de la semana<\/title>\n<meta name=\"robots\" content=\"index, nofollow, max-snippet:-1, max-image-preview:large, max-video-preview:-1\" \/>\n<link rel=\"canonical\" href=\"https:\/\/www.tressis.com\/ca\/blog\/bancos-centrales-protagonistas\/\" \/>\n<meta property=\"og:locale\" content=\"ca_ES\" \/>\n<meta property=\"og:type\" content=\"article\" \/>\n<meta property=\"og:title\" content=\"Los bancos centrales son los protagonistas de la semana\" \/>\n<meta property=\"og:description\" content=\"La atenci\u00f3n de los mercados se centra esta semana en las reuniones de diversos bancos centrales, siendo la m\u00e1s relevante la que celebrar\u00e1 la Reserva Federal el mi\u00e9rcoles. Tras nueve meses de pausa, se prev\u00e9 un recorte de 25 puntos b\u00e1sicos en los tipos de inter\u00e9s, con la posibilidad de una segunda, y hasta tercera [&hellip;]\" \/>\n<meta property=\"og:url\" content=\"https:\/\/www.tressis.com\/ca\/blog\/bancos-centrales-protagonistas\/\" \/>\n<meta property=\"og:site_name\" content=\"Tressis\" \/>\n<meta property=\"article:publisher\" content=\"https:\/\/www.facebook.com\/Tressis\/\" \/>\n<meta property=\"article:published_time\" content=\"2025-09-16T06:56:25+00:00\" \/>\n<meta property=\"og:image\" content=\"http:\/\/test.tressis.com\/wp-content\/uploads\/2025\/09\/bancos-centrales-protagonistas.webp\" \/>\n\t<meta property=\"og:image:width\" content=\"1200\" \/>\n\t<meta property=\"og:image:height\" content=\"531\" \/>\n\t<meta property=\"og:image:type\" content=\"image\/webp\" \/>\n<meta name=\"author\" content=\"Armando\" \/>\n<meta name=\"twitter:card\" content=\"summary_large_image\" \/>\n<meta name=\"twitter:creator\" content=\"@TressisSV\" \/>\n<meta name=\"twitter:site\" content=\"@TressisSV\" \/>\n<meta name=\"twitter:label1\" content=\"Escrit per\" \/>\n\t<meta name=\"twitter:data1\" content=\"Armando\" \/>\n\t<meta name=\"twitter:label2\" content=\"Temps estimat de lectura\" \/>\n\t<meta name=\"twitter:data2\" content=\"4 minuts\" \/>\n<script type=\"application\/ld+json\" class=\"yoast-schema-graph\">{\"@context\":\"https:\\\/\\\/schema.org\",\"@graph\":[{\"@type\":\"Article\",\"@id\":\"https:\\\/\\\/www.tressis.com\\\/ca\\\/blog\\\/bancos-centrales-protagonistas\\\/#article\",\"isPartOf\":{\"@id\":\"https:\\\/\\\/www.tressis.com\\\/ca\\\/blog\\\/bancos-centrales-protagonistas\\\/\"},\"author\":{\"name\":\"Armando\",\"@id\":\"https:\\\/\\\/www.tressis.com\\\/ca\\\/#\\\/schema\\\/person\\\/56d3b4de0493f088a4ca62a2e0c790ae\"},\"headline\":\"Los bancos centrales son los protagonistas de la semana\",\"datePublished\":\"2025-09-16T06:56:25+00:00\",\"mainEntityOfPage\":{\"@id\":\"https:\\\/\\\/www.tressis.com\\\/ca\\\/blog\\\/bancos-centrales-protagonistas\\\/\"},\"wordCount\":908,\"publisher\":{\"@id\":\"https:\\\/\\\/www.tressis.com\\\/ca\\\/#organization\"},\"image\":{\"@id\":\"https:\\\/\\\/www.tressis.com\\\/ca\\\/blog\\\/bancos-centrales-protagonistas\\\/#primaryimage\"},\"thumbnailUrl\":\"https:\\\/\\\/www.tressis.com\\\/wp-content\\\/uploads\\\/2025\\\/09\\\/bancos-centrales-protagonistas.webp\",\"articleSection\":[\"Morning meeting\"],\"inLanguage\":\"ca\"},{\"@type\":\"WebPage\",\"@id\":\"https:\\\/\\\/www.tressis.com\\\/ca\\\/blog\\\/bancos-centrales-protagonistas\\\/\",\"url\":\"https:\\\/\\\/www.tressis.com\\\/ca\\\/blog\\\/bancos-centrales-protagonistas\\\/\",\"name\":\"Los bancos centrales son los protagonistas de la semana\",\"isPartOf\":{\"@id\":\"https:\\\/\\\/www.tressis.com\\\/ca\\\/#website\"},\"primaryImageOfPage\":{\"@id\":\"https:\\\/\\\/www.tressis.com\\\/ca\\\/blog\\\/bancos-centrales-protagonistas\\\/#primaryimage\"},\"image\":{\"@id\":\"https:\\\/\\\/www.tressis.com\\\/ca\\\/blog\\\/bancos-centrales-protagonistas\\\/#primaryimage\"},\"thumbnailUrl\":\"https:\\\/\\\/www.tressis.com\\\/wp-content\\\/uploads\\\/2025\\\/09\\\/bancos-centrales-protagonistas.webp\",\"datePublished\":\"2025-09-16T06:56:25+00:00\",\"breadcrumb\":{\"@id\":\"https:\\\/\\\/www.tressis.com\\\/ca\\\/blog\\\/bancos-centrales-protagonistas\\\/#breadcrumb\"},\"inLanguage\":\"ca\",\"potentialAction\":[{\"@type\":\"ReadAction\",\"target\":[\"https:\\\/\\\/www.tressis.com\\\/ca\\\/blog\\\/bancos-centrales-protagonistas\\\/\"]}]},{\"@type\":\"ImageObject\",\"inLanguage\":\"ca\",\"@id\":\"https:\\\/\\\/www.tressis.com\\\/ca\\\/blog\\\/bancos-centrales-protagonistas\\\/#primaryimage\",\"url\":\"https:\\\/\\\/www.tressis.com\\\/wp-content\\\/uploads\\\/2025\\\/09\\\/bancos-centrales-protagonistas.webp\",\"contentUrl\":\"https:\\\/\\\/www.tressis.com\\\/wp-content\\\/uploads\\\/2025\\\/09\\\/bancos-centrales-protagonistas.webp\",\"width\":1200,\"height\":531,\"caption\":\"Bancos centrales\"},{\"@type\":\"BreadcrumbList\",\"@id\":\"https:\\\/\\\/www.tressis.com\\\/ca\\\/blog\\\/bancos-centrales-protagonistas\\\/#breadcrumb\",\"itemListElement\":[{\"@type\":\"ListItem\",\"position\":1,\"name\":\"Inicio\",\"item\":\"https:\\\/\\\/www.tressis.com\\\/ca\\\/\"},{\"@type\":\"ListItem\",\"position\":2,\"name\":\"Morning meeting\",\"item\":\"https:\\\/\\\/www.tressis.com\\\/ca\\\/blog\\\/categorias\\\/morning-meeting-ca\\\/\"},{\"@type\":\"ListItem\",\"position\":3,\"name\":\"Los bancos centrales son los protagonistas de la semana\"}]},{\"@type\":\"WebSite\",\"@id\":\"https:\\\/\\\/www.tressis.com\\\/ca\\\/#website\",\"url\":\"https:\\\/\\\/www.tressis.com\\\/ca\\\/\",\"name\":\"Tressis banca privada\",\"description\":\"Tressis | Planificaci\u00f3n financiera y gesti\u00f3n de patrimonios\",\"publisher\":{\"@id\":\"https:\\\/\\\/www.tressis.com\\\/ca\\\/#organization\"},\"potentialAction\":[{\"@type\":\"SearchAction\",\"target\":{\"@type\":\"EntryPoint\",\"urlTemplate\":\"https:\\\/\\\/www.tressis.com\\\/ca\\\/?s={search_term_string}\"},\"query-input\":{\"@type\":\"PropertyValueSpecification\",\"valueRequired\":true,\"valueName\":\"search_term_string\"}}],\"inLanguage\":\"ca\"},{\"@type\":\"Organization\",\"@id\":\"https:\\\/\\\/www.tressis.com\\\/ca\\\/#organization\",\"name\":\"Tressis\",\"url\":\"https:\\\/\\\/www.tressis.com\\\/ca\\\/\",\"logo\":{\"@type\":\"ImageObject\",\"inLanguage\":\"ca\",\"@id\":\"https:\\\/\\\/www.tressis.com\\\/ca\\\/#\\\/schema\\\/logo\\\/image\\\/\",\"url\":\"https:\\\/\\\/www.tressis.com\\\/wp-content\\\/uploads\\\/2025\\\/06\\\/logo-tressis-112.png\",\"contentUrl\":\"https:\\\/\\\/www.tressis.com\\\/wp-content\\\/uploads\\\/2025\\\/06\\\/logo-tressis-112.png\",\"width\":112,\"height\":112,\"caption\":\"Tressis\"},\"image\":{\"@id\":\"https:\\\/\\\/www.tressis.com\\\/ca\\\/#\\\/schema\\\/logo\\\/image\\\/\"},\"sameAs\":[\"https:\\\/\\\/www.facebook.com\\\/Tressis\\\/\",\"https:\\\/\\\/x.com\\\/TressisSV\",\"https:\\\/\\\/www.instagram.com\\\/tressissv\\\/?hl=es\",\"https:\\\/\\\/linkedin.com\\\/company\\\/tressis\\\/\",\"https:\\\/\\\/www.youtube.com\\\/user\\\/tressissv\",\"https:\\\/\\\/open.spotify.com\\\/show\\\/3jmTe1Nf0wqMILl7diWV6h?si=d7112519f13c4593&nd=1\"]},{\"@type\":\"Person\",\"@id\":\"https:\\\/\\\/www.tressis.com\\\/ca\\\/#\\\/schema\\\/person\\\/56d3b4de0493f088a4ca62a2e0c790ae\",\"name\":\"Armando\",\"image\":{\"@type\":\"ImageObject\",\"inLanguage\":\"ca\",\"@id\":\"https:\\\/\\\/secure.gravatar.com\\\/avatar\\\/6d7efca74644be7dae792b122beab663996c233ae58f101b52769ece1cbf1435?s=96&d=mm&r=g\",\"url\":\"https:\\\/\\\/secure.gravatar.com\\\/avatar\\\/6d7efca74644be7dae792b122beab663996c233ae58f101b52769ece1cbf1435?s=96&d=mm&r=g\",\"contentUrl\":\"https:\\\/\\\/secure.gravatar.com\\\/avatar\\\/6d7efca74644be7dae792b122beab663996c233ae58f101b52769ece1cbf1435?s=96&d=mm&r=g\",\"caption\":\"Armando\"}}]}<\/script>\n<!-- \/ Yoast SEO plugin. -->","yoast_head_json":{"title":"Los bancos centrales son los protagonistas de la semana","robots":{"index":"index","follow":"nofollow","max-snippet":"max-snippet:-1","max-image-preview":"max-image-preview:large","max-video-preview":"max-video-preview:-1"},"canonical":"https:\/\/www.tressis.com\/ca\/blog\/bancos-centrales-protagonistas\/","og_locale":"ca_ES","og_type":"article","og_title":"Los bancos centrales son los protagonistas de la semana","og_description":"La atenci\u00f3n de los mercados se centra esta semana en las reuniones de diversos bancos centrales, siendo la m\u00e1s relevante la que celebrar\u00e1 la Reserva Federal el mi\u00e9rcoles. Tras nueve meses de pausa, se prev\u00e9 un recorte de 25 puntos b\u00e1sicos en los tipos de inter\u00e9s, con la posibilidad de una segunda, y hasta tercera [&hellip;]","og_url":"https:\/\/www.tressis.com\/ca\/blog\/bancos-centrales-protagonistas\/","og_site_name":"Tressis","article_publisher":"https:\/\/www.facebook.com\/Tressis\/","article_published_time":"2025-09-16T06:56:25+00:00","og_image":[{"width":1200,"height":531,"url":"http:\/\/test.tressis.com\/wp-content\/uploads\/2025\/09\/bancos-centrales-protagonistas.webp","type":"image\/webp"}],"author":"Armando","twitter_card":"summary_large_image","twitter_creator":"@TressisSV","twitter_site":"@TressisSV","twitter_misc":{"Escrit per":"Armando","Temps estimat de lectura":"4 minuts"},"schema":{"@context":"https:\/\/schema.org","@graph":[{"@type":"Article","@id":"https:\/\/www.tressis.com\/ca\/blog\/bancos-centrales-protagonistas\/#article","isPartOf":{"@id":"https:\/\/www.tressis.com\/ca\/blog\/bancos-centrales-protagonistas\/"},"author":{"name":"Armando","@id":"https:\/\/www.tressis.com\/ca\/#\/schema\/person\/56d3b4de0493f088a4ca62a2e0c790ae"},"headline":"Los bancos centrales son los protagonistas de la semana","datePublished":"2025-09-16T06:56:25+00:00","mainEntityOfPage":{"@id":"https:\/\/www.tressis.com\/ca\/blog\/bancos-centrales-protagonistas\/"},"wordCount":908,"publisher":{"@id":"https:\/\/www.tressis.com\/ca\/#organization"},"image":{"@id":"https:\/\/www.tressis.com\/ca\/blog\/bancos-centrales-protagonistas\/#primaryimage"},"thumbnailUrl":"https:\/\/www.tressis.com\/wp-content\/uploads\/2025\/09\/bancos-centrales-protagonistas.webp","articleSection":["Morning meeting"],"inLanguage":"ca"},{"@type":"WebPage","@id":"https:\/\/www.tressis.com\/ca\/blog\/bancos-centrales-protagonistas\/","url":"https:\/\/www.tressis.com\/ca\/blog\/bancos-centrales-protagonistas\/","name":"Los bancos centrales son los protagonistas de la semana","isPartOf":{"@id":"https:\/\/www.tressis.com\/ca\/#website"},"primaryImageOfPage":{"@id":"https:\/\/www.tressis.com\/ca\/blog\/bancos-centrales-protagonistas\/#primaryimage"},"image":{"@id":"https:\/\/www.tressis.com\/ca\/blog\/bancos-centrales-protagonistas\/#primaryimage"},"thumbnailUrl":"https:\/\/www.tressis.com\/wp-content\/uploads\/2025\/09\/bancos-centrales-protagonistas.webp","datePublished":"2025-09-16T06:56:25+00:00","breadcrumb":{"@id":"https:\/\/www.tressis.com\/ca\/blog\/bancos-centrales-protagonistas\/#breadcrumb"},"inLanguage":"ca","potentialAction":[{"@type":"ReadAction","target":["https:\/\/www.tressis.com\/ca\/blog\/bancos-centrales-protagonistas\/"]}]},{"@type":"ImageObject","inLanguage":"ca","@id":"https:\/\/www.tressis.com\/ca\/blog\/bancos-centrales-protagonistas\/#primaryimage","url":"https:\/\/www.tressis.com\/wp-content\/uploads\/2025\/09\/bancos-centrales-protagonistas.webp","contentUrl":"https:\/\/www.tressis.com\/wp-content\/uploads\/2025\/09\/bancos-centrales-protagonistas.webp","width":1200,"height":531,"caption":"Bancos centrales"},{"@type":"BreadcrumbList","@id":"https:\/\/www.tressis.com\/ca\/blog\/bancos-centrales-protagonistas\/#breadcrumb","itemListElement":[{"@type":"ListItem","position":1,"name":"Inicio","item":"https:\/\/www.tressis.com\/ca\/"},{"@type":"ListItem","position":2,"name":"Morning meeting","item":"https:\/\/www.tressis.com\/ca\/blog\/categorias\/morning-meeting-ca\/"},{"@type":"ListItem","position":3,"name":"Los bancos centrales son los protagonistas de la semana"}]},{"@type":"WebSite","@id":"https:\/\/www.tressis.com\/ca\/#website","url":"https:\/\/www.tressis.com\/ca\/","name":"Tressis banca privada","description":"Tressis | Planificaci\u00f3n financiera y gesti\u00f3n de patrimonios","publisher":{"@id":"https:\/\/www.tressis.com\/ca\/#organization"},"potentialAction":[{"@type":"SearchAction","target":{"@type":"EntryPoint","urlTemplate":"https:\/\/www.tressis.com\/ca\/?s={search_term_string}"},"query-input":{"@type":"PropertyValueSpecification","valueRequired":true,"valueName":"search_term_string"}}],"inLanguage":"ca"},{"@type":"Organization","@id":"https:\/\/www.tressis.com\/ca\/#organization","name":"Tressis","url":"https:\/\/www.tressis.com\/ca\/","logo":{"@type":"ImageObject","inLanguage":"ca","@id":"https:\/\/www.tressis.com\/ca\/#\/schema\/logo\/image\/","url":"https:\/\/www.tressis.com\/wp-content\/uploads\/2025\/06\/logo-tressis-112.png","contentUrl":"https:\/\/www.tressis.com\/wp-content\/uploads\/2025\/06\/logo-tressis-112.png","width":112,"height":112,"caption":"Tressis"},"image":{"@id":"https:\/\/www.tressis.com\/ca\/#\/schema\/logo\/image\/"},"sameAs":["https:\/\/www.facebook.com\/Tressis\/","https:\/\/x.com\/TressisSV","https:\/\/www.instagram.com\/tressissv\/?hl=es","https:\/\/linkedin.com\/company\/tressis\/","https:\/\/www.youtube.com\/user\/tressissv","https:\/\/open.spotify.com\/show\/3jmTe1Nf0wqMILl7diWV6h?si=d7112519f13c4593&nd=1"]},{"@type":"Person","@id":"https:\/\/www.tressis.com\/ca\/#\/schema\/person\/56d3b4de0493f088a4ca62a2e0c790ae","name":"Armando","image":{"@type":"ImageObject","inLanguage":"ca","@id":"https:\/\/secure.gravatar.com\/avatar\/6d7efca74644be7dae792b122beab663996c233ae58f101b52769ece1cbf1435?s=96&d=mm&r=g","url":"https:\/\/secure.gravatar.com\/avatar\/6d7efca74644be7dae792b122beab663996c233ae58f101b52769ece1cbf1435?s=96&d=mm&r=g","contentUrl":"https:\/\/secure.gravatar.com\/avatar\/6d7efca74644be7dae792b122beab663996c233ae58f101b52769ece1cbf1435?s=96&d=mm&r=g","caption":"Armando"}}]}},"_links":{"self":[{"href":"https:\/\/www.tressis.com\/ca\/wp-json\/wp\/v2\/posts\/112985","targetHints":{"allow":["GET"]}}],"collection":[{"href":"https:\/\/www.tressis.com\/ca\/wp-json\/wp\/v2\/posts"}],"about":[{"href":"https:\/\/www.tressis.com\/ca\/wp-json\/wp\/v2\/types\/post"}],"author":[{"embeddable":true,"href":"https:\/\/www.tressis.com\/ca\/wp-json\/wp\/v2\/users\/9"}],"replies":[{"embeddable":true,"href":"https:\/\/www.tressis.com\/ca\/wp-json\/wp\/v2\/comments?post=112985"}],"version-history":[{"count":0,"href":"https:\/\/www.tressis.com\/ca\/wp-json\/wp\/v2\/posts\/112985\/revisions"}],"wp:featuredmedia":[{"embeddable":true,"href":"https:\/\/www.tressis.com\/ca\/wp-json\/wp\/v2\/media\/113046"}],"wp:attachment":[{"href":"https:\/\/www.tressis.com\/ca\/wp-json\/wp\/v2\/media?parent=112985"}],"wp:term":[{"taxonomy":"category","embeddable":true,"href":"https:\/\/www.tressis.com\/ca\/wp-json\/wp\/v2\/categories?post=112985"},{"taxonomy":"post_tag","embeddable":true,"href":"https:\/\/www.tressis.com\/ca\/wp-json\/wp\/v2\/tags?post=112985"}],"curies":[{"name":"wp","href":"https:\/\/api.w.org\/{rel}","templated":true}]}}