{"id":112979,"date":"2025-09-08T09:29:16","date_gmt":"2025-09-08T07:29:16","guid":{"rendered":"https:\/\/www.tressis.com\/?p=109440"},"modified":"2025-09-08T09:29:16","modified_gmt":"2025-09-08T07:29:16","slug":"mercados-irracionales-mas-tiempo","status":"publish","type":"post","link":"https:\/\/www.tressis.com\/ca\/blog\/mercados-irracionales-mas-tiempo\/","title":{"rendered":"\u201cLos mercados pueden permanecer irracionales m\u00e1s tiempo\u201d"},"content":{"rendered":"<p>\u201cLos mercados pueden permanecer irracionales m\u00e1s tiempo del que t\u00fa puedes permanecer solvente\u201d. \u2013 Keynes. Una frase que viene como anillo al dedo tras la monta\u00f1a rusa de la semana pasada.<\/p>\n<p>&nbsp;<\/p>\n<p>Porque, a pesar del tropiezo del viernes, la mayor\u00eda de los \u00edndices burs\u00e1tiles de EE.UU. cerraron la semana en positivo: el Nasdaq Composite avanz\u00f3 un 1,14%, el S&#038;P 500 sum\u00f3 un 0,33%, mientras que el Dow Jones, m\u00e1s expuesto a la econom\u00eda real y menos <i>tech-friendly<\/i>, perdi\u00f3 un 0,32%. Incluso las peque\u00f1as compa\u00f1\u00edas, m\u00e1s sensibles a los movimientos de tipos, cogieron aire gracias al renovado optimismo en torno a una Fed m\u00e1s moderada.<\/p>\n<p>&nbsp;<\/p>\n<div style=\"text-align: center; margin-bottom: 10px;\"><a \nhref=\"https:\/\/www.tressis.com\/tressis-vision\/?utm_source=web_publica&#038;utm_medium=direct&#038;utm_campaign=descarga_paper&#038;utm_term=tressisvision&#038;utm_content=blog_MMV\" \ntarget=\"_blank\" rel=\"noopener\"><img fetchpriority=\"high\" class=\"aligncenter wp-image-67199 size-full\" \nsrc=\"https:\/\/www.tressis.com\/wp-content\/uploads\/2023\/03\/CTA-Tressis-vision-para-articulos-blog.jpg\" \nalt=\"Informe mensual - Tressis visi\u00f3n\" width=\"800\" height=\"354\" style=\"aspect-ratio: 400 \/ 177;\" srcset=\"https:\/\/www.tressis.com\/wp-content\/uploads\/2023\/03\/CTA-Tressis-vision-para-articulos-blog.jpg 800w, https:\/\/www.tressis.com\/wp-content\/uploads\/2023\/03\/CTA-Tressis-vision-para-articulos-blog-300x133.jpg 300w, https:\/\/www.tressis.com\/wp-content\/uploads\/2023\/03\/CTA-Tressis-vision-para-articulos-blog-768x340.jpg 768w\" sizes=\"(max-width: 800px) 100vw, 800px\" \/><\/a><\/div>\n<p>&nbsp;<\/p>\n<h2><strong>El sector tecnol\u00f3gico juega en su propia liga<\/strong><\/h2>\n<p>El sector tecnol\u00f3gico, fatigado las \u00faltimas semanas tras meses de <i>rally<\/i>, tuvo un respiro gracias a Broadcom, cuyos resultados superaron expectativas y recordaron a los inversores que <strong>los semiconductores estrat\u00e9gicos a\u00fan juegan en su propia liga<\/strong>. Sumemos el buen comportamiento de Apple y Alphabet tras el fallo antimonopolio, y se entiende por qu\u00e9 el Nasdaq se desmarc\u00f3 del resto de \u00edndices. En cambio, en el caso europeo, el resultado semanal fue mixto.<\/p>\n<p>&nbsp;<\/p>\n<p>Hasta el viernes al mediod\u00eda, el guion era sencillo: el mercado coqueteaba con los m\u00e1ximos hist\u00f3ricos. Pero decidi\u00f3 complicarse la vida (para eso est\u00e1). Tras abrir en verde, el S&#038;P 500 y compa\u00f1\u00eda se dieron la vuelta al asumir que quiz\u00e1 los recortes de tipos no basten para reanimar un mercado laboral que se enfr\u00eda m\u00e1s r\u00e1pido de lo previsto. El dato estrella de la jornada eran las cifras de creaci\u00f3n de empleo de agosto: 22.000 n\u00f3minas no agr\u00edcolas (vs. 77.000 esperadas), la lectura m\u00e1s baja desde 2020. Para m\u00e1s <b>inri<\/b>, junio se revis\u00f3 tan a la baja que acab\u00f3 resultando negativo (-13.000), algo que no pasaba desde la pandemia. La tasa de paro subi\u00f3 al 4,3%, el nivel m\u00e1s alto desde 2021. En resumen: la narrativa del \u201cmercado laboral indestructible\u201d se tambalea.<\/p>\n<p>&nbsp;<\/p>\n<p>El impacto en el mercado fue inmediato y los futuros ya descuentan al 100% un recorte de 25 p.b. en la reuni\u00f3n del 17 de septiembre, y la probabilidad de un recorte de 50 p.b. subi\u00f3 al 10%. Las tires de la deuda p\u00fablica americana se desplomaron: el diez a\u00f1os marc\u00f3 m\u00ednimos desde abril y el dos a\u00f1os coquete\u00f3 con niveles de 2022.<\/p>\n<p>&nbsp;<\/p>\n<p>Pero el mercado laboral no fue la \u00fanica se\u00f1al de debilidad de la semana: el ISM manufacturero encaden\u00f3 su sexto mes en contracci\u00f3n (48,7 en agosto vs. 49,1 esperado), aunque con un leve respiro en los nuevos pedidos. En contraste, el ISM de servicios sorprendi\u00f3 al alza (52 vs. 50,1), recordando que la econom\u00eda estadounidense sigue teniendo un pie en el crecimiento. Eso s\u00ed, los precios siguen altos, una incomodidad a\u00f1adida para la Fed.<\/p>\n<p>&nbsp;<\/p>\n<p>En otras palabras: <strong>la Fed est\u00e1 atrapada entre la espada de un empleo que se resquebraja y la pared de una inflaci\u00f3n<\/strong> que a\u00fan no da su brazo a torcer. Y es que, \u201c<i>bad news<\/i> es <i>good news<\/i>\u201d \u2026 hasta que deja de serlo.<\/p>\n<p>&nbsp;<\/p>\n<h2><strong>Dimisi\u00f3n del primer ministro japon\u00e9s<\/strong><\/h2>\n<p>En Asia, la sorpresa pol\u00edtica del fin de semana vino de Tokio, donde asistimos a la dimisi\u00f3n de Shigeru Ishiba tras un nuevo rev\u00e9s electoral. Ishiba era visto por los inversores extranjeros como un gran defensor de la disciplina fiscal, y su marcha abre la puerta a una mayor incertidumbre. Por lo que podemos esperar m\u00e1s volatilidad en el yen y presi\u00f3n al alza en las rentabilidades de los bonos de mayor plazo, ya en m\u00e1ximos de varias d\u00e9cadas.<\/p>\n<p>&nbsp;<\/p>\n<h2><strong>La Fed y pol\u00edticas de Washington<\/strong><\/h2>\n<p>En paralelo, la pol\u00edtica de Washington vuelve a escena: el Congreso tiene apenas catorce d\u00edas h\u00e1biles para aprobar la financiaci\u00f3n de la Administraci\u00f3n antes del 30 de septiembre y evitar un <i>shutdown<\/i>. La probabilidad de cierre federal es m\u00e1s alta que en episodios anteriores, dada la falta de cooperaci\u00f3n entre partidos y los incentivos pol\u00edticos de corto plazo. Aunque hist\u00f3ricamente estos episodios apenas dejan huella macroecon\u00f3mica, esta vez el riesgo es que la par\u00e1lisis se prolongue y termine afectando incluso a la publicaci\u00f3n de datos clave, como los de la oficina federal de estad\u00edstica, en un momento en que cada cifra de empleo o inflaci\u00f3n pesa como una losa en la balanza de la Fed. Para los mercados, el mayor peligro no es tanto el impacto directo en el PIB como el recordatorio de la creciente disfunci\u00f3n pol\u00edtica en EE.UU., algo que ya preocupa a agencias de <em>rating<\/em> y a inversores extranjeros en Treasuries. En definitiva, otro factor que puede acentuar la pendiente de la curva y a\u00f1adir volatilidad a un septiembre ya de por s\u00ed cargado.<\/p>\n<p>&nbsp;<\/p>\n<p>En ese mismo frente pol\u00edtico-institucional, el nombramiento de Stephen Miran para cubrir de forma temporal un asiento en la Reserva Federal a\u00f1adi\u00f3 matices al debate sobre la independencia del banco central. En su comparecencia del jueves, Miran insisti\u00f3 en que sus decisiones de pol\u00edtica monetaria se basar\u00e1n en los datos macroecon\u00f3micos y no en directrices de la Casa Blanca, subrayando la importancia de preservar la autonom\u00eda de la Fed. Adem\u00e1s, aclar\u00f3 que podr\u00eda tomar una excedencia no remunerada de su puesto en el Consejo de Asesores Econ\u00f3micos, lo que le permitir\u00eda regresar en 2026 sin pasar por una nueva confirmaci\u00f3n del Senado. Aunque se trata de un mandato breve y sin gran impacto operativo, el episodio recuerda que la pol\u00edtica monetaria est\u00e1 cada vez m\u00e1s expuesta al escrutinio pol\u00edtico en un entorno de m\u00e1xima sensibilidad.<\/p>\n<p>&nbsp;<\/p>\n<h2><strong>Petr\u00f3leo<\/strong><\/h2>\n<p>Por su parte, la OPEP+ volvi\u00f3 a demostrar que la geopol\u00edtica energ\u00e9tica se puede dirimir en una reuni\u00f3n expr\u00e9s: en once minutos decidieron a\u00f1adir 137.000 barriles diarios en octubre, primera entrega de los 1,65 millones que, en teor\u00eda, deb\u00edan seguir fuera de mercado hasta 2026. Con un Brent ya un 12% abajo en lo que va de a\u00f1o, Arabia Saud\u00ed y aliados apuestan por el volumen sobre el precio. <\/p>\n<p>&nbsp;<\/p>\n<h2><strong>Ucrania<\/strong><\/h2>\n<p>Mientras tanto, en Europa, un nuevo ataque ruso sobre Kiev volvi\u00f3 a poner a prueba la resiliencia ucraniana. Zelenski y Macron volvieron a lanzar un mensaje sobre <strong>la necesidad de mejorar la cooperaci\u00f3n defensiva<\/strong>, aunque el mercado sigue clasificando estas noticias en la carpeta de \u201cruido recurrente\u201d. No olvidemos, sin embargo, que la geopol\u00edtica suele colarse por la ventana cuando los inversores creen haberla cerrado con llave.<\/p>\n<p>&nbsp;<\/p>\n<p>La agenda de esta semana viene cargada. En Estados Unidos, los focos estar\u00e1n puestos en el dato de inflaci\u00f3n (IPC del jueves), junto con el PPI, las revisiones de empleo y la confianza del consumidor, todo ello con la Fed en periodo de <i>blackout<\/i> y un mercado pr\u00e1cticamente convencido de que Powell sacar\u00e1 las tijeras en la reuni\u00f3n de la pr\u00f3xima semana. En Europa, el BCE no cambiar\u00e1 los tipos, pero <strong>la atenci\u00f3n se centrar\u00e1 en Francia<\/strong>, donde la crisis pol\u00edtica amenaza con transformarse en un riesgo sist\u00e9mico. En este contexto, las palabras de Lagarde ser\u00e1n analizadas al detalle para comprobar si el banco est\u00e1 dispuesto a ejercer de cortafuegos. Desde Asia llegar\u00e1n las cifras de comercio e inflaci\u00f3n en China, con la sombra persistente de la deflaci\u00f3n, adem\u00e1s del PIB revisado de Jap\u00f3n y decisiones de tipos en Turqu\u00eda e India. Por \u00faltimo, en Latinoam\u00e9rica, el foco se pondr\u00e1 en la inflaci\u00f3n de M\u00e9xico, Brasil y Chile, y en las decisiones de pol\u00edtica monetaria de unos bancos centrales que siguen atrapados en el delicado equilibrio entre recortar para estimular el crecimiento y mantener la credibilidad.<\/p>\n<p>&nbsp;<\/p>\n<p>En resumen, empezamos la semana con los inversores bailando sobre una cuerda floja: esperanza de recortes de tipos en un lado y miedo a que la econom\u00eda se quede sin pulso en el otro, <strong>impulsando al oro hasta m\u00e1ximos hist\u00f3ricos<\/strong> cerca de los 3.600 d\u00f3lares la onza y superando por primera vez los 3.000 euros.<\/p>\n<p>&nbsp;<\/p>\n<p>Buena semana.<\/p>\n<p>&nbsp;<\/p>\n<p><center><strong>Jorge Gonz\u00e1lez G\u00f3mez<\/strong><br \/>\nDirector de An\u00e1lisis<\/center><\/p>\n","protected":false},"excerpt":{"rendered":"<p>\u201cLos mercados pueden permanecer irracionales m\u00e1s tiempo del que t\u00fa puedes permanecer solvente\u201d. \u2013 Keynes. Una frase que viene como anillo al dedo tras la monta\u00f1a rusa de la semana pasada. &nbsp; Porque, a pesar del tropiezo del viernes, la mayor\u00eda de los \u00edndices burs\u00e1tiles de EE.UU. cerraron la semana en positivo: el Nasdaq Composite [&hellip;]<\/p>\n","protected":false},"author":9,"featured_media":113035,"comment_status":"closed","ping_status":"open","sticky":false,"template":"","format":"standard","meta":{"_acf_changed":false,"footnotes":""},"categories":[9721],"tags":[],"class_list":["post-112979","post","type-post","status-publish","format-standard","has-post-thumbnail","hentry","category-morning-meeting"],"acf":[],"yoast_head":"<!-- This site is optimized with the Yoast SEO plugin v27.5 - https:\/\/yoast.com\/product\/yoast-seo-wordpress\/ -->\n<title>\u201cLos mercados pueden permanecer irracionales m\u00e1s tiempo\u201d<\/title>\n<meta name=\"robots\" content=\"index, nofollow, max-snippet:-1, max-image-preview:large, max-video-preview:-1\" \/>\n<link rel=\"canonical\" href=\"https:\/\/www.tressis.com\/ca\/blog\/mercados-irracionales-mas-tiempo\/\" \/>\n<meta property=\"og:locale\" content=\"ca_ES\" \/>\n<meta property=\"og:type\" content=\"article\" \/>\n<meta property=\"og:title\" content=\"\u201cLos mercados pueden permanecer irracionales m\u00e1s tiempo\u201d\" \/>\n<meta property=\"og:description\" content=\"\u201cLos mercados pueden permanecer irracionales m\u00e1s tiempo del que t\u00fa puedes permanecer solvente\u201d. \u2013 Keynes. Una frase que viene como anillo al dedo tras la monta\u00f1a rusa de la semana pasada. &nbsp; Porque, a pesar del tropiezo del viernes, la mayor\u00eda de los \u00edndices burs\u00e1tiles de EE.UU. cerraron la semana en positivo: el Nasdaq Composite [&hellip;]\" \/>\n<meta property=\"og:url\" content=\"https:\/\/www.tressis.com\/ca\/blog\/mercados-irracionales-mas-tiempo\/\" \/>\n<meta property=\"og:site_name\" content=\"Tressis\" \/>\n<meta property=\"article:publisher\" content=\"https:\/\/www.facebook.com\/Tressis\/\" \/>\n<meta property=\"article:published_time\" content=\"2025-09-08T07:29:16+00:00\" \/>\n<meta property=\"og:image\" content=\"http:\/\/test.tressis.com\/wp-content\/uploads\/2025\/09\/mercado-irracional.webp\" \/>\n\t<meta property=\"og:image:width\" content=\"1200\" \/>\n\t<meta property=\"og:image:height\" content=\"531\" \/>\n\t<meta property=\"og:image:type\" content=\"image\/webp\" \/>\n<meta name=\"author\" content=\"Armando\" \/>\n<meta name=\"twitter:card\" content=\"summary_large_image\" \/>\n<meta name=\"twitter:creator\" content=\"@TressisSV\" \/>\n<meta name=\"twitter:site\" content=\"@TressisSV\" \/>\n<meta name=\"twitter:label1\" content=\"Escrit per\" \/>\n\t<meta name=\"twitter:data1\" content=\"Armando\" \/>\n\t<meta name=\"twitter:label2\" content=\"Temps estimat de lectura\" \/>\n\t<meta name=\"twitter:data2\" content=\"7 minuts\" \/>\n<script type=\"application\/ld+json\" class=\"yoast-schema-graph\">{\"@context\":\"https:\\\/\\\/schema.org\",\"@graph\":[{\"@type\":\"Article\",\"@id\":\"https:\\\/\\\/www.tressis.com\\\/ca\\\/blog\\\/mercados-irracionales-mas-tiempo\\\/#article\",\"isPartOf\":{\"@id\":\"https:\\\/\\\/www.tressis.com\\\/ca\\\/blog\\\/mercados-irracionales-mas-tiempo\\\/\"},\"author\":{\"name\":\"Armando\",\"@id\":\"https:\\\/\\\/www.tressis.com\\\/ca\\\/#\\\/schema\\\/person\\\/56d3b4de0493f088a4ca62a2e0c790ae\"},\"headline\":\"\u201cLos mercados pueden permanecer irracionales m\u00e1s tiempo\u201d\",\"datePublished\":\"2025-09-08T07:29:16+00:00\",\"mainEntityOfPage\":{\"@id\":\"https:\\\/\\\/www.tressis.com\\\/ca\\\/blog\\\/mercados-irracionales-mas-tiempo\\\/\"},\"wordCount\":1404,\"publisher\":{\"@id\":\"https:\\\/\\\/www.tressis.com\\\/ca\\\/#organization\"},\"image\":{\"@id\":\"https:\\\/\\\/www.tressis.com\\\/ca\\\/blog\\\/mercados-irracionales-mas-tiempo\\\/#primaryimage\"},\"thumbnailUrl\":\"https:\\\/\\\/www.tressis.com\\\/wp-content\\\/uploads\\\/2025\\\/09\\\/mercado-irracional.webp\",\"articleSection\":[\"Morning meeting\"],\"inLanguage\":\"ca\"},{\"@type\":\"WebPage\",\"@id\":\"https:\\\/\\\/www.tressis.com\\\/ca\\\/blog\\\/mercados-irracionales-mas-tiempo\\\/\",\"url\":\"https:\\\/\\\/www.tressis.com\\\/ca\\\/blog\\\/mercados-irracionales-mas-tiempo\\\/\",\"name\":\"\u201cLos mercados pueden permanecer irracionales m\u00e1s tiempo\u201d\",\"isPartOf\":{\"@id\":\"https:\\\/\\\/www.tressis.com\\\/ca\\\/#website\"},\"primaryImageOfPage\":{\"@id\":\"https:\\\/\\\/www.tressis.com\\\/ca\\\/blog\\\/mercados-irracionales-mas-tiempo\\\/#primaryimage\"},\"image\":{\"@id\":\"https:\\\/\\\/www.tressis.com\\\/ca\\\/blog\\\/mercados-irracionales-mas-tiempo\\\/#primaryimage\"},\"thumbnailUrl\":\"https:\\\/\\\/www.tressis.com\\\/wp-content\\\/uploads\\\/2025\\\/09\\\/mercado-irracional.webp\",\"datePublished\":\"2025-09-08T07:29:16+00:00\",\"breadcrumb\":{\"@id\":\"https:\\\/\\\/www.tressis.com\\\/ca\\\/blog\\\/mercados-irracionales-mas-tiempo\\\/#breadcrumb\"},\"inLanguage\":\"ca\",\"potentialAction\":[{\"@type\":\"ReadAction\",\"target\":[\"https:\\\/\\\/www.tressis.com\\\/ca\\\/blog\\\/mercados-irracionales-mas-tiempo\\\/\"]}]},{\"@type\":\"ImageObject\",\"inLanguage\":\"ca\",\"@id\":\"https:\\\/\\\/www.tressis.com\\\/ca\\\/blog\\\/mercados-irracionales-mas-tiempo\\\/#primaryimage\",\"url\":\"https:\\\/\\\/www.tressis.com\\\/wp-content\\\/uploads\\\/2025\\\/09\\\/mercado-irracional.webp\",\"contentUrl\":\"https:\\\/\\\/www.tressis.com\\\/wp-content\\\/uploads\\\/2025\\\/09\\\/mercado-irracional.webp\",\"width\":1200,\"height\":531},{\"@type\":\"BreadcrumbList\",\"@id\":\"https:\\\/\\\/www.tressis.com\\\/ca\\\/blog\\\/mercados-irracionales-mas-tiempo\\\/#breadcrumb\",\"itemListElement\":[{\"@type\":\"ListItem\",\"position\":1,\"name\":\"Inicio\",\"item\":\"https:\\\/\\\/www.tressis.com\\\/ca\\\/\"},{\"@type\":\"ListItem\",\"position\":2,\"name\":\"Morning meeting\",\"item\":\"https:\\\/\\\/www.tressis.com\\\/ca\\\/blog\\\/categorias\\\/morning-meeting-ca\\\/\"},{\"@type\":\"ListItem\",\"position\":3,\"name\":\"\u201cLos mercados pueden permanecer irracionales m\u00e1s tiempo\u201d\"}]},{\"@type\":\"WebSite\",\"@id\":\"https:\\\/\\\/www.tressis.com\\\/ca\\\/#website\",\"url\":\"https:\\\/\\\/www.tressis.com\\\/ca\\\/\",\"name\":\"Tressis banca privada\",\"description\":\"Tressis | Planificaci\u00f3n financiera y gesti\u00f3n de patrimonios\",\"publisher\":{\"@id\":\"https:\\\/\\\/www.tressis.com\\\/ca\\\/#organization\"},\"potentialAction\":[{\"@type\":\"SearchAction\",\"target\":{\"@type\":\"EntryPoint\",\"urlTemplate\":\"https:\\\/\\\/www.tressis.com\\\/ca\\\/?s={search_term_string}\"},\"query-input\":{\"@type\":\"PropertyValueSpecification\",\"valueRequired\":true,\"valueName\":\"search_term_string\"}}],\"inLanguage\":\"ca\"},{\"@type\":\"Organization\",\"@id\":\"https:\\\/\\\/www.tressis.com\\\/ca\\\/#organization\",\"name\":\"Tressis\",\"url\":\"https:\\\/\\\/www.tressis.com\\\/ca\\\/\",\"logo\":{\"@type\":\"ImageObject\",\"inLanguage\":\"ca\",\"@id\":\"https:\\\/\\\/www.tressis.com\\\/ca\\\/#\\\/schema\\\/logo\\\/image\\\/\",\"url\":\"https:\\\/\\\/www.tressis.com\\\/wp-content\\\/uploads\\\/2025\\\/06\\\/logo-tressis-112.png\",\"contentUrl\":\"https:\\\/\\\/www.tressis.com\\\/wp-content\\\/uploads\\\/2025\\\/06\\\/logo-tressis-112.png\",\"width\":112,\"height\":112,\"caption\":\"Tressis\"},\"image\":{\"@id\":\"https:\\\/\\\/www.tressis.com\\\/ca\\\/#\\\/schema\\\/logo\\\/image\\\/\"},\"sameAs\":[\"https:\\\/\\\/www.facebook.com\\\/Tressis\\\/\",\"https:\\\/\\\/x.com\\\/TressisSV\",\"https:\\\/\\\/www.instagram.com\\\/tressissv\\\/?hl=es\",\"https:\\\/\\\/linkedin.com\\\/company\\\/tressis\\\/\",\"https:\\\/\\\/www.youtube.com\\\/user\\\/tressissv\",\"https:\\\/\\\/open.spotify.com\\\/show\\\/3jmTe1Nf0wqMILl7diWV6h?si=d7112519f13c4593&nd=1\"]},{\"@type\":\"Person\",\"@id\":\"https:\\\/\\\/www.tressis.com\\\/ca\\\/#\\\/schema\\\/person\\\/56d3b4de0493f088a4ca62a2e0c790ae\",\"name\":\"Armando\",\"image\":{\"@type\":\"ImageObject\",\"inLanguage\":\"ca\",\"@id\":\"https:\\\/\\\/secure.gravatar.com\\\/avatar\\\/6d7efca74644be7dae792b122beab663996c233ae58f101b52769ece1cbf1435?s=96&d=mm&r=g\",\"url\":\"https:\\\/\\\/secure.gravatar.com\\\/avatar\\\/6d7efca74644be7dae792b122beab663996c233ae58f101b52769ece1cbf1435?s=96&d=mm&r=g\",\"contentUrl\":\"https:\\\/\\\/secure.gravatar.com\\\/avatar\\\/6d7efca74644be7dae792b122beab663996c233ae58f101b52769ece1cbf1435?s=96&d=mm&r=g\",\"caption\":\"Armando\"}}]}<\/script>\n<!-- \/ Yoast SEO plugin. -->","yoast_head_json":{"title":"\u201cLos mercados pueden permanecer irracionales m\u00e1s tiempo\u201d","robots":{"index":"index","follow":"nofollow","max-snippet":"max-snippet:-1","max-image-preview":"max-image-preview:large","max-video-preview":"max-video-preview:-1"},"canonical":"https:\/\/www.tressis.com\/ca\/blog\/mercados-irracionales-mas-tiempo\/","og_locale":"ca_ES","og_type":"article","og_title":"\u201cLos mercados pueden permanecer irracionales m\u00e1s tiempo\u201d","og_description":"\u201cLos mercados pueden permanecer irracionales m\u00e1s tiempo del que t\u00fa puedes permanecer solvente\u201d. \u2013 Keynes. Una frase que viene como anillo al dedo tras la monta\u00f1a rusa de la semana pasada. &nbsp; Porque, a pesar del tropiezo del viernes, la mayor\u00eda de los \u00edndices burs\u00e1tiles de EE.UU. cerraron la semana en positivo: el Nasdaq Composite [&hellip;]","og_url":"https:\/\/www.tressis.com\/ca\/blog\/mercados-irracionales-mas-tiempo\/","og_site_name":"Tressis","article_publisher":"https:\/\/www.facebook.com\/Tressis\/","article_published_time":"2025-09-08T07:29:16+00:00","og_image":[{"width":1200,"height":531,"url":"http:\/\/test.tressis.com\/wp-content\/uploads\/2025\/09\/mercado-irracional.webp","type":"image\/webp"}],"author":"Armando","twitter_card":"summary_large_image","twitter_creator":"@TressisSV","twitter_site":"@TressisSV","twitter_misc":{"Escrit per":"Armando","Temps estimat de lectura":"7 minuts"},"schema":{"@context":"https:\/\/schema.org","@graph":[{"@type":"Article","@id":"https:\/\/www.tressis.com\/ca\/blog\/mercados-irracionales-mas-tiempo\/#article","isPartOf":{"@id":"https:\/\/www.tressis.com\/ca\/blog\/mercados-irracionales-mas-tiempo\/"},"author":{"name":"Armando","@id":"https:\/\/www.tressis.com\/ca\/#\/schema\/person\/56d3b4de0493f088a4ca62a2e0c790ae"},"headline":"\u201cLos mercados pueden permanecer irracionales m\u00e1s tiempo\u201d","datePublished":"2025-09-08T07:29:16+00:00","mainEntityOfPage":{"@id":"https:\/\/www.tressis.com\/ca\/blog\/mercados-irracionales-mas-tiempo\/"},"wordCount":1404,"publisher":{"@id":"https:\/\/www.tressis.com\/ca\/#organization"},"image":{"@id":"https:\/\/www.tressis.com\/ca\/blog\/mercados-irracionales-mas-tiempo\/#primaryimage"},"thumbnailUrl":"https:\/\/www.tressis.com\/wp-content\/uploads\/2025\/09\/mercado-irracional.webp","articleSection":["Morning meeting"],"inLanguage":"ca"},{"@type":"WebPage","@id":"https:\/\/www.tressis.com\/ca\/blog\/mercados-irracionales-mas-tiempo\/","url":"https:\/\/www.tressis.com\/ca\/blog\/mercados-irracionales-mas-tiempo\/","name":"\u201cLos mercados pueden permanecer irracionales m\u00e1s tiempo\u201d","isPartOf":{"@id":"https:\/\/www.tressis.com\/ca\/#website"},"primaryImageOfPage":{"@id":"https:\/\/www.tressis.com\/ca\/blog\/mercados-irracionales-mas-tiempo\/#primaryimage"},"image":{"@id":"https:\/\/www.tressis.com\/ca\/blog\/mercados-irracionales-mas-tiempo\/#primaryimage"},"thumbnailUrl":"https:\/\/www.tressis.com\/wp-content\/uploads\/2025\/09\/mercado-irracional.webp","datePublished":"2025-09-08T07:29:16+00:00","breadcrumb":{"@id":"https:\/\/www.tressis.com\/ca\/blog\/mercados-irracionales-mas-tiempo\/#breadcrumb"},"inLanguage":"ca","potentialAction":[{"@type":"ReadAction","target":["https:\/\/www.tressis.com\/ca\/blog\/mercados-irracionales-mas-tiempo\/"]}]},{"@type":"ImageObject","inLanguage":"ca","@id":"https:\/\/www.tressis.com\/ca\/blog\/mercados-irracionales-mas-tiempo\/#primaryimage","url":"https:\/\/www.tressis.com\/wp-content\/uploads\/2025\/09\/mercado-irracional.webp","contentUrl":"https:\/\/www.tressis.com\/wp-content\/uploads\/2025\/09\/mercado-irracional.webp","width":1200,"height":531},{"@type":"BreadcrumbList","@id":"https:\/\/www.tressis.com\/ca\/blog\/mercados-irracionales-mas-tiempo\/#breadcrumb","itemListElement":[{"@type":"ListItem","position":1,"name":"Inicio","item":"https:\/\/www.tressis.com\/ca\/"},{"@type":"ListItem","position":2,"name":"Morning meeting","item":"https:\/\/www.tressis.com\/ca\/blog\/categorias\/morning-meeting-ca\/"},{"@type":"ListItem","position":3,"name":"\u201cLos mercados pueden permanecer irracionales m\u00e1s tiempo\u201d"}]},{"@type":"WebSite","@id":"https:\/\/www.tressis.com\/ca\/#website","url":"https:\/\/www.tressis.com\/ca\/","name":"Tressis banca privada","description":"Tressis | Planificaci\u00f3n financiera y gesti\u00f3n de patrimonios","publisher":{"@id":"https:\/\/www.tressis.com\/ca\/#organization"},"potentialAction":[{"@type":"SearchAction","target":{"@type":"EntryPoint","urlTemplate":"https:\/\/www.tressis.com\/ca\/?s={search_term_string}"},"query-input":{"@type":"PropertyValueSpecification","valueRequired":true,"valueName":"search_term_string"}}],"inLanguage":"ca"},{"@type":"Organization","@id":"https:\/\/www.tressis.com\/ca\/#organization","name":"Tressis","url":"https:\/\/www.tressis.com\/ca\/","logo":{"@type":"ImageObject","inLanguage":"ca","@id":"https:\/\/www.tressis.com\/ca\/#\/schema\/logo\/image\/","url":"https:\/\/www.tressis.com\/wp-content\/uploads\/2025\/06\/logo-tressis-112.png","contentUrl":"https:\/\/www.tressis.com\/wp-content\/uploads\/2025\/06\/logo-tressis-112.png","width":112,"height":112,"caption":"Tressis"},"image":{"@id":"https:\/\/www.tressis.com\/ca\/#\/schema\/logo\/image\/"},"sameAs":["https:\/\/www.facebook.com\/Tressis\/","https:\/\/x.com\/TressisSV","https:\/\/www.instagram.com\/tressissv\/?hl=es","https:\/\/linkedin.com\/company\/tressis\/","https:\/\/www.youtube.com\/user\/tressissv","https:\/\/open.spotify.com\/show\/3jmTe1Nf0wqMILl7diWV6h?si=d7112519f13c4593&nd=1"]},{"@type":"Person","@id":"https:\/\/www.tressis.com\/ca\/#\/schema\/person\/56d3b4de0493f088a4ca62a2e0c790ae","name":"Armando","image":{"@type":"ImageObject","inLanguage":"ca","@id":"https:\/\/secure.gravatar.com\/avatar\/6d7efca74644be7dae792b122beab663996c233ae58f101b52769ece1cbf1435?s=96&d=mm&r=g","url":"https:\/\/secure.gravatar.com\/avatar\/6d7efca74644be7dae792b122beab663996c233ae58f101b52769ece1cbf1435?s=96&d=mm&r=g","contentUrl":"https:\/\/secure.gravatar.com\/avatar\/6d7efca74644be7dae792b122beab663996c233ae58f101b52769ece1cbf1435?s=96&d=mm&r=g","caption":"Armando"}}]}},"_links":{"self":[{"href":"https:\/\/www.tressis.com\/ca\/wp-json\/wp\/v2\/posts\/112979","targetHints":{"allow":["GET"]}}],"collection":[{"href":"https:\/\/www.tressis.com\/ca\/wp-json\/wp\/v2\/posts"}],"about":[{"href":"https:\/\/www.tressis.com\/ca\/wp-json\/wp\/v2\/types\/post"}],"author":[{"embeddable":true,"href":"https:\/\/www.tressis.com\/ca\/wp-json\/wp\/v2\/users\/9"}],"replies":[{"embeddable":true,"href":"https:\/\/www.tressis.com\/ca\/wp-json\/wp\/v2\/comments?post=112979"}],"version-history":[{"count":0,"href":"https:\/\/www.tressis.com\/ca\/wp-json\/wp\/v2\/posts\/112979\/revisions"}],"wp:featuredmedia":[{"embeddable":true,"href":"https:\/\/www.tressis.com\/ca\/wp-json\/wp\/v2\/media\/113035"}],"wp:attachment":[{"href":"https:\/\/www.tressis.com\/ca\/wp-json\/wp\/v2\/media?parent=112979"}],"wp:term":[{"taxonomy":"category","embeddable":true,"href":"https:\/\/www.tressis.com\/ca\/wp-json\/wp\/v2\/categories?post=112979"},{"taxonomy":"post_tag","embeddable":true,"href":"https:\/\/www.tressis.com\/ca\/wp-json\/wp\/v2\/tags?post=112979"}],"curies":[{"name":"wp","href":"https:\/\/api.w.org\/{rel}","templated":true}]}}