{"id":110038,"date":"2025-07-22T09:18:01","date_gmt":"2025-07-22T07:18:01","guid":{"rendered":"https:\/\/www.tressis.com\/?p=109131"},"modified":"2025-07-22T09:18:01","modified_gmt":"2025-07-22T07:18:01","slug":"tensiones-bruselas-washington","status":"publish","type":"post","link":"https:\/\/www.tressis.com\/ca\/blog\/tensiones-bruselas-washington\/","title":{"rendered":"Aumentan las tensiones comerciales entre Bruselas y Washington"},"content":{"rendered":"<p>Ayer en el mercado de renta fija, el foco se centr\u00f3 en el fuerte apetito extranjero por la deuda de la eurozona. Seg\u00fan Citi, los inversores internacionales adquirieron 99.700 millones de euros en bonos europeos durante mayo, el mayor volumen mensual desde 2014. Este giro refleja una preferencia creciente por la estabilidad macro del bloque europeo, frente al contexto de mayor volatilidad en EE.UU., condicionado por tensiones geopol\u00edticas y comerciales. Como consecuencia, las rentabilidades se mantuvieron contenidas: el Bund alem\u00e1n a diez a\u00f1os cerr\u00f3 en 2,616\u202f%, mientras que el Treasury estadounidense finaliz\u00f3 en torno el 4,38%. Este entorno sugiere una consolidaci\u00f3n del atractivo relativo del mercado de deuda europeo frente al estadounidense, con flujos t\u00e9cnicos reforzando la presi\u00f3n a la baja sobre los rendimientos del bloque.<\/p>\n<p>&nbsp;<\/p>\n<div style=\"text-align: center; margin-bottom: 10px;\"><a href=\"https:\/\/www.tressis.com\/tressis-vision\/?utm_source=web_publica&#038;utm_medium=direct&#038;utm_campaign=descarga_paper&#038;utm_term=tressisvision&#038;utm_content=blog_MMV\" \ntarget=\"_blank\" rel=\"noopener\"><img fetchpriority=\"high\" class=\"aligncenter wp-image-67199 size-full\" \nsrc=\"https:\/\/www.tressis.com\/wp-content\/uploads\/2023\/03\/CTA-Tressis-vision-para-articulos-blog.jpg\" \nalt=\"Informe mensual - Tressis visi\u00f3n\" width=\"800\" height=\"354\" style=\"aspect-ratio: 400 \/ 177;\" srcset=\"https:\/\/www.tressis.com\/wp-content\/uploads\/2023\/03\/CTA-Tressis-vision-para-articulos-blog.jpg 800w, https:\/\/www.tressis.com\/wp-content\/uploads\/2023\/03\/CTA-Tressis-vision-para-articulos-blog-300x133.jpg 300w, https:\/\/www.tressis.com\/wp-content\/uploads\/2023\/03\/CTA-Tressis-vision-para-articulos-blog-768x340.jpg 768w\" sizes=\"(max-width: 800px) 100vw, 800px\" \/><\/a><\/div>\n<p>&nbsp;<\/p>\n<h2><strong>Negociaciones EE.UU. y eurozona<\/strong><\/h2>\n<p>En paralelo, aumentan las tensiones comerciales entre Bruselas y Washington. Seg\u00fan Reuters, la Uni\u00f3n Europea prepara represalias arancelarias tras el fracaso de las negociaciones con EE.UU. sobre las tarifas al acero y aluminio heredadas de la era Trump. Las autoridades comunitarias advierten que se agota el margen diplom\u00e1tico y est\u00e1n dispuestas a responder si EE.UU. impone nuevos aranceles, lo que a\u00f1ade incertidumbre a los mercados globales y refuerza el atractivo de activos refugio como la deuda <i>core<\/i> europea.<\/p>\n<p>&nbsp;<\/p>\n<h2><strong>Renta variable<\/strong><\/h2>\n<p>En renta variable europea, la sesi\u00f3n fue mixta. El IBEX 35 subi\u00f3 un 0,30\u202f% (14.031,50), acompa\u00f1ado del FTSE 100 con 0,23\u202f% y un DAX casi plano (0,04\u202f%). En cambio, el CAC 40 retrocedi\u00f3 un -0,31\u202f%, y el Euro Stoxx 50 cay\u00f3 un -0,33\u202f%, reflejando cierta prudencia ante la escalada comercial y la falta de catalizadores positivos.<\/p>\n<p>&nbsp;<\/p>\n<h2><strong>Mercado de valores<\/strong><\/h2>\n<p>Wall Street cerr\u00f3 en tono moderadamente positivo. El Nasdaq 100 subi\u00f3 un 0,50%, el Nasdaq Composite un 0,38\u202f%, y el S&#038;P 500 un 0,14\u202f%, mientras que el Dow Jones cedi\u00f3 un leve -0,04\u202f%. El mercado sigue pendiente de los posibles efectos macroecon\u00f3micos de la pol\u00edtica arancelaria de Trump y de los datos de actividad. El \u00edndice de indicadores adelantados de EE.UU. mostr\u00f3 contracci\u00f3n en junio, se\u00f1alando una posible desaceleraci\u00f3n de la econom\u00eda en la segunda mitad del a\u00f1o, lo que podr\u00eda mantener a la Fed en pausa prolongada.<\/p>\n<p>&nbsp;<\/p>\n<h2><strong>En el mercado cripto<\/strong><\/h2>\n<p>Ethereum destac\u00f3 tras superar al bitcoin (BTC) en entradas de capital institucional, seg\u00fan datos semanales. Este movimiento refuerza su papel como activo diversificado dentro del universo digital, impulsado por el inter\u00e9s creciente de gestores tradicionales que apuestan por su mayor utilidad tecnol\u00f3gica frente a BTC.<\/p>\n<p>&nbsp;<\/p>\n<p>Feliz martes.<\/p>\n<p>&nbsp;<\/p>\n<p><center><strong>Pablo Rufo Mingot<\/strong><br \/>\nAnalista<\/center><\/p>\n","protected":false},"excerpt":{"rendered":"<p>Ayer en el mercado de renta fija, el foco se centr\u00f3 en el fuerte apetito extranjero por la deuda de la eurozona. Seg\u00fan Citi, los inversores internacionales adquirieron 99.700 millones de euros en bonos europeos durante mayo, el mayor volumen mensual desde 2014. Este giro refleja una preferencia creciente por la estabilidad macro del bloque [&hellip;]<\/p>\n","protected":false},"author":9,"featured_media":110127,"comment_status":"closed","ping_status":"open","sticky":false,"template":"","format":"standard","meta":{"_acf_changed":false,"footnotes":""},"categories":[9721],"tags":[],"class_list":["post-110038","post","type-post","status-publish","format-standard","has-post-thumbnail","hentry","category-morning-meeting"],"acf":[],"yoast_head":"<!-- This site is optimized with the Yoast SEO plugin v27.5 - https:\/\/yoast.com\/product\/yoast-seo-wordpress\/ -->\n<title>Aumentan las tensiones comerciales entre Bruselas y Washington<\/title>\n<meta name=\"robots\" content=\"index, nofollow, max-snippet:-1, max-image-preview:large, max-video-preview:-1\" \/>\n<link rel=\"canonical\" href=\"https:\/\/www.tressis.com\/ca\/blog\/tensiones-bruselas-washington\/\" \/>\n<meta property=\"og:locale\" content=\"ca_ES\" \/>\n<meta property=\"og:type\" content=\"article\" \/>\n<meta property=\"og:title\" content=\"Aumentan las tensiones comerciales entre Bruselas y Washington\" \/>\n<meta property=\"og:description\" content=\"Ayer en el mercado de renta fija, el foco se centr\u00f3 en el fuerte apetito extranjero por la deuda de la eurozona. Seg\u00fan Citi, los inversores internacionales adquirieron 99.700 millones de euros en bonos europeos durante mayo, el mayor volumen mensual desde 2014. Este giro refleja una preferencia creciente por la estabilidad macro del bloque [&hellip;]\" \/>\n<meta property=\"og:url\" content=\"https:\/\/www.tressis.com\/ca\/blog\/tensiones-bruselas-washington\/\" \/>\n<meta property=\"og:site_name\" content=\"Tressis\" \/>\n<meta property=\"article:publisher\" content=\"https:\/\/www.facebook.com\/Tressis\/\" \/>\n<meta property=\"article:published_time\" content=\"2025-07-22T07:18:01+00:00\" \/>\n<meta property=\"og:image\" content=\"http:\/\/test.tressis.com\/wp-content\/uploads\/2025\/07\/tension-eeuu-euro.webp\" \/>\n\t<meta property=\"og:image:width\" content=\"1200\" \/>\n\t<meta property=\"og:image:height\" content=\"531\" \/>\n\t<meta property=\"og:image:type\" content=\"image\/webp\" \/>\n<meta name=\"author\" content=\"Armando\" \/>\n<meta name=\"twitter:card\" content=\"summary_large_image\" \/>\n<meta name=\"twitter:creator\" content=\"@TressisSV\" \/>\n<meta name=\"twitter:site\" content=\"@TressisSV\" \/>\n<meta name=\"twitter:label1\" content=\"Escrit per\" \/>\n\t<meta name=\"twitter:data1\" content=\"Armando\" \/>\n\t<meta name=\"twitter:label2\" content=\"Temps estimat de lectura\" \/>\n\t<meta name=\"twitter:data2\" content=\"2 minuts\" \/>\n<script type=\"application\/ld+json\" class=\"yoast-schema-graph\">{\"@context\":\"https:\\\/\\\/schema.org\",\"@graph\":[{\"@type\":\"Article\",\"@id\":\"https:\\\/\\\/www.tressis.com\\\/ca\\\/blog\\\/tensiones-bruselas-washington\\\/#article\",\"isPartOf\":{\"@id\":\"https:\\\/\\\/www.tressis.com\\\/ca\\\/blog\\\/tensiones-bruselas-washington\\\/\"},\"author\":{\"name\":\"Armando\",\"@id\":\"https:\\\/\\\/www.tressis.com\\\/ca\\\/#\\\/schema\\\/person\\\/56d3b4de0493f088a4ca62a2e0c790ae\"},\"headline\":\"Aumentan las tensiones comerciales entre Bruselas y Washington\",\"datePublished\":\"2025-07-22T07:18:01+00:00\",\"mainEntityOfPage\":{\"@id\":\"https:\\\/\\\/www.tressis.com\\\/ca\\\/blog\\\/tensiones-bruselas-washington\\\/\"},\"wordCount\":441,\"publisher\":{\"@id\":\"https:\\\/\\\/www.tressis.com\\\/ca\\\/#organization\"},\"image\":{\"@id\":\"https:\\\/\\\/www.tressis.com\\\/ca\\\/blog\\\/tensiones-bruselas-washington\\\/#primaryimage\"},\"thumbnailUrl\":\"https:\\\/\\\/www.tressis.com\\\/wp-content\\\/uploads\\\/2025\\\/07\\\/tension-eeuu-euro.webp\",\"articleSection\":[\"Morning meeting\"],\"inLanguage\":\"ca\"},{\"@type\":\"WebPage\",\"@id\":\"https:\\\/\\\/www.tressis.com\\\/ca\\\/blog\\\/tensiones-bruselas-washington\\\/\",\"url\":\"https:\\\/\\\/www.tressis.com\\\/ca\\\/blog\\\/tensiones-bruselas-washington\\\/\",\"name\":\"Aumentan las tensiones comerciales entre Bruselas y Washington\",\"isPartOf\":{\"@id\":\"https:\\\/\\\/www.tressis.com\\\/ca\\\/#website\"},\"primaryImageOfPage\":{\"@id\":\"https:\\\/\\\/www.tressis.com\\\/ca\\\/blog\\\/tensiones-bruselas-washington\\\/#primaryimage\"},\"image\":{\"@id\":\"https:\\\/\\\/www.tressis.com\\\/ca\\\/blog\\\/tensiones-bruselas-washington\\\/#primaryimage\"},\"thumbnailUrl\":\"https:\\\/\\\/www.tressis.com\\\/wp-content\\\/uploads\\\/2025\\\/07\\\/tension-eeuu-euro.webp\",\"datePublished\":\"2025-07-22T07:18:01+00:00\",\"breadcrumb\":{\"@id\":\"https:\\\/\\\/www.tressis.com\\\/ca\\\/blog\\\/tensiones-bruselas-washington\\\/#breadcrumb\"},\"inLanguage\":\"ca\",\"potentialAction\":[{\"@type\":\"ReadAction\",\"target\":[\"https:\\\/\\\/www.tressis.com\\\/ca\\\/blog\\\/tensiones-bruselas-washington\\\/\"]}]},{\"@type\":\"ImageObject\",\"inLanguage\":\"ca\",\"@id\":\"https:\\\/\\\/www.tressis.com\\\/ca\\\/blog\\\/tensiones-bruselas-washington\\\/#primaryimage\",\"url\":\"https:\\\/\\\/www.tressis.com\\\/wp-content\\\/uploads\\\/2025\\\/07\\\/tension-eeuu-euro.webp\",\"contentUrl\":\"https:\\\/\\\/www.tressis.com\\\/wp-content\\\/uploads\\\/2025\\\/07\\\/tension-eeuu-euro.webp\",\"width\":1200,\"height\":531,\"caption\":\"Tensiones EE.UU. eurozona\"},{\"@type\":\"BreadcrumbList\",\"@id\":\"https:\\\/\\\/www.tressis.com\\\/ca\\\/blog\\\/tensiones-bruselas-washington\\\/#breadcrumb\",\"itemListElement\":[{\"@type\":\"ListItem\",\"position\":1,\"name\":\"Inicio\",\"item\":\"https:\\\/\\\/www.tressis.com\\\/ca\\\/\"},{\"@type\":\"ListItem\",\"position\":2,\"name\":\"Morning meeting\",\"item\":\"https:\\\/\\\/www.tressis.com\\\/ca\\\/blog\\\/categorias\\\/morning-meeting-ca\\\/\"},{\"@type\":\"ListItem\",\"position\":3,\"name\":\"Aumentan las tensiones comerciales entre Bruselas y Washington\"}]},{\"@type\":\"WebSite\",\"@id\":\"https:\\\/\\\/www.tressis.com\\\/ca\\\/#website\",\"url\":\"https:\\\/\\\/www.tressis.com\\\/ca\\\/\",\"name\":\"Tressis banca privada\",\"description\":\"Tressis | Planificaci\u00f3n financiera y gesti\u00f3n de patrimonios\",\"publisher\":{\"@id\":\"https:\\\/\\\/www.tressis.com\\\/ca\\\/#organization\"},\"potentialAction\":[{\"@type\":\"SearchAction\",\"target\":{\"@type\":\"EntryPoint\",\"urlTemplate\":\"https:\\\/\\\/www.tressis.com\\\/ca\\\/?s={search_term_string}\"},\"query-input\":{\"@type\":\"PropertyValueSpecification\",\"valueRequired\":true,\"valueName\":\"search_term_string\"}}],\"inLanguage\":\"ca\"},{\"@type\":\"Organization\",\"@id\":\"https:\\\/\\\/www.tressis.com\\\/ca\\\/#organization\",\"name\":\"Tressis\",\"url\":\"https:\\\/\\\/www.tressis.com\\\/ca\\\/\",\"logo\":{\"@type\":\"ImageObject\",\"inLanguage\":\"ca\",\"@id\":\"https:\\\/\\\/www.tressis.com\\\/ca\\\/#\\\/schema\\\/logo\\\/image\\\/\",\"url\":\"https:\\\/\\\/www.tressis.com\\\/wp-content\\\/uploads\\\/2025\\\/06\\\/logo-tressis-112.png\",\"contentUrl\":\"https:\\\/\\\/www.tressis.com\\\/wp-content\\\/uploads\\\/2025\\\/06\\\/logo-tressis-112.png\",\"width\":112,\"height\":112,\"caption\":\"Tressis\"},\"image\":{\"@id\":\"https:\\\/\\\/www.tressis.com\\\/ca\\\/#\\\/schema\\\/logo\\\/image\\\/\"},\"sameAs\":[\"https:\\\/\\\/www.facebook.com\\\/Tressis\\\/\",\"https:\\\/\\\/x.com\\\/TressisSV\",\"https:\\\/\\\/www.instagram.com\\\/tressissv\\\/?hl=es\",\"https:\\\/\\\/linkedin.com\\\/company\\\/tressis\\\/\",\"https:\\\/\\\/www.youtube.com\\\/user\\\/tressissv\",\"https:\\\/\\\/open.spotify.com\\\/show\\\/3jmTe1Nf0wqMILl7diWV6h?si=d7112519f13c4593&nd=1\"]},{\"@type\":\"Person\",\"@id\":\"https:\\\/\\\/www.tressis.com\\\/ca\\\/#\\\/schema\\\/person\\\/56d3b4de0493f088a4ca62a2e0c790ae\",\"name\":\"Armando\",\"image\":{\"@type\":\"ImageObject\",\"inLanguage\":\"ca\",\"@id\":\"https:\\\/\\\/secure.gravatar.com\\\/avatar\\\/6d7efca74644be7dae792b122beab663996c233ae58f101b52769ece1cbf1435?s=96&d=mm&r=g\",\"url\":\"https:\\\/\\\/secure.gravatar.com\\\/avatar\\\/6d7efca74644be7dae792b122beab663996c233ae58f101b52769ece1cbf1435?s=96&d=mm&r=g\",\"contentUrl\":\"https:\\\/\\\/secure.gravatar.com\\\/avatar\\\/6d7efca74644be7dae792b122beab663996c233ae58f101b52769ece1cbf1435?s=96&d=mm&r=g\",\"caption\":\"Armando\"}}]}<\/script>\n<!-- \/ Yoast SEO plugin. -->","yoast_head_json":{"title":"Aumentan las tensiones comerciales entre Bruselas y Washington","robots":{"index":"index","follow":"nofollow","max-snippet":"max-snippet:-1","max-image-preview":"max-image-preview:large","max-video-preview":"max-video-preview:-1"},"canonical":"https:\/\/www.tressis.com\/ca\/blog\/tensiones-bruselas-washington\/","og_locale":"ca_ES","og_type":"article","og_title":"Aumentan las tensiones comerciales entre Bruselas y Washington","og_description":"Ayer en el mercado de renta fija, el foco se centr\u00f3 en el fuerte apetito extranjero por la deuda de la eurozona. Seg\u00fan Citi, los inversores internacionales adquirieron 99.700 millones de euros en bonos europeos durante mayo, el mayor volumen mensual desde 2014. Este giro refleja una preferencia creciente por la estabilidad macro del bloque [&hellip;]","og_url":"https:\/\/www.tressis.com\/ca\/blog\/tensiones-bruselas-washington\/","og_site_name":"Tressis","article_publisher":"https:\/\/www.facebook.com\/Tressis\/","article_published_time":"2025-07-22T07:18:01+00:00","og_image":[{"width":1200,"height":531,"url":"http:\/\/test.tressis.com\/wp-content\/uploads\/2025\/07\/tension-eeuu-euro.webp","type":"image\/webp"}],"author":"Armando","twitter_card":"summary_large_image","twitter_creator":"@TressisSV","twitter_site":"@TressisSV","twitter_misc":{"Escrit per":"Armando","Temps estimat de lectura":"2 minuts"},"schema":{"@context":"https:\/\/schema.org","@graph":[{"@type":"Article","@id":"https:\/\/www.tressis.com\/ca\/blog\/tensiones-bruselas-washington\/#article","isPartOf":{"@id":"https:\/\/www.tressis.com\/ca\/blog\/tensiones-bruselas-washington\/"},"author":{"name":"Armando","@id":"https:\/\/www.tressis.com\/ca\/#\/schema\/person\/56d3b4de0493f088a4ca62a2e0c790ae"},"headline":"Aumentan las tensiones comerciales entre Bruselas y Washington","datePublished":"2025-07-22T07:18:01+00:00","mainEntityOfPage":{"@id":"https:\/\/www.tressis.com\/ca\/blog\/tensiones-bruselas-washington\/"},"wordCount":441,"publisher":{"@id":"https:\/\/www.tressis.com\/ca\/#organization"},"image":{"@id":"https:\/\/www.tressis.com\/ca\/blog\/tensiones-bruselas-washington\/#primaryimage"},"thumbnailUrl":"https:\/\/www.tressis.com\/wp-content\/uploads\/2025\/07\/tension-eeuu-euro.webp","articleSection":["Morning meeting"],"inLanguage":"ca"},{"@type":"WebPage","@id":"https:\/\/www.tressis.com\/ca\/blog\/tensiones-bruselas-washington\/","url":"https:\/\/www.tressis.com\/ca\/blog\/tensiones-bruselas-washington\/","name":"Aumentan las tensiones comerciales entre Bruselas y Washington","isPartOf":{"@id":"https:\/\/www.tressis.com\/ca\/#website"},"primaryImageOfPage":{"@id":"https:\/\/www.tressis.com\/ca\/blog\/tensiones-bruselas-washington\/#primaryimage"},"image":{"@id":"https:\/\/www.tressis.com\/ca\/blog\/tensiones-bruselas-washington\/#primaryimage"},"thumbnailUrl":"https:\/\/www.tressis.com\/wp-content\/uploads\/2025\/07\/tension-eeuu-euro.webp","datePublished":"2025-07-22T07:18:01+00:00","breadcrumb":{"@id":"https:\/\/www.tressis.com\/ca\/blog\/tensiones-bruselas-washington\/#breadcrumb"},"inLanguage":"ca","potentialAction":[{"@type":"ReadAction","target":["https:\/\/www.tressis.com\/ca\/blog\/tensiones-bruselas-washington\/"]}]},{"@type":"ImageObject","inLanguage":"ca","@id":"https:\/\/www.tressis.com\/ca\/blog\/tensiones-bruselas-washington\/#primaryimage","url":"https:\/\/www.tressis.com\/wp-content\/uploads\/2025\/07\/tension-eeuu-euro.webp","contentUrl":"https:\/\/www.tressis.com\/wp-content\/uploads\/2025\/07\/tension-eeuu-euro.webp","width":1200,"height":531,"caption":"Tensiones EE.UU. eurozona"},{"@type":"BreadcrumbList","@id":"https:\/\/www.tressis.com\/ca\/blog\/tensiones-bruselas-washington\/#breadcrumb","itemListElement":[{"@type":"ListItem","position":1,"name":"Inicio","item":"https:\/\/www.tressis.com\/ca\/"},{"@type":"ListItem","position":2,"name":"Morning meeting","item":"https:\/\/www.tressis.com\/ca\/blog\/categorias\/morning-meeting-ca\/"},{"@type":"ListItem","position":3,"name":"Aumentan las tensiones comerciales entre Bruselas y Washington"}]},{"@type":"WebSite","@id":"https:\/\/www.tressis.com\/ca\/#website","url":"https:\/\/www.tressis.com\/ca\/","name":"Tressis banca privada","description":"Tressis | Planificaci\u00f3n financiera y gesti\u00f3n de patrimonios","publisher":{"@id":"https:\/\/www.tressis.com\/ca\/#organization"},"potentialAction":[{"@type":"SearchAction","target":{"@type":"EntryPoint","urlTemplate":"https:\/\/www.tressis.com\/ca\/?s={search_term_string}"},"query-input":{"@type":"PropertyValueSpecification","valueRequired":true,"valueName":"search_term_string"}}],"inLanguage":"ca"},{"@type":"Organization","@id":"https:\/\/www.tressis.com\/ca\/#organization","name":"Tressis","url":"https:\/\/www.tressis.com\/ca\/","logo":{"@type":"ImageObject","inLanguage":"ca","@id":"https:\/\/www.tressis.com\/ca\/#\/schema\/logo\/image\/","url":"https:\/\/www.tressis.com\/wp-content\/uploads\/2025\/06\/logo-tressis-112.png","contentUrl":"https:\/\/www.tressis.com\/wp-content\/uploads\/2025\/06\/logo-tressis-112.png","width":112,"height":112,"caption":"Tressis"},"image":{"@id":"https:\/\/www.tressis.com\/ca\/#\/schema\/logo\/image\/"},"sameAs":["https:\/\/www.facebook.com\/Tressis\/","https:\/\/x.com\/TressisSV","https:\/\/www.instagram.com\/tressissv\/?hl=es","https:\/\/linkedin.com\/company\/tressis\/","https:\/\/www.youtube.com\/user\/tressissv","https:\/\/open.spotify.com\/show\/3jmTe1Nf0wqMILl7diWV6h?si=d7112519f13c4593&nd=1"]},{"@type":"Person","@id":"https:\/\/www.tressis.com\/ca\/#\/schema\/person\/56d3b4de0493f088a4ca62a2e0c790ae","name":"Armando","image":{"@type":"ImageObject","inLanguage":"ca","@id":"https:\/\/secure.gravatar.com\/avatar\/6d7efca74644be7dae792b122beab663996c233ae58f101b52769ece1cbf1435?s=96&d=mm&r=g","url":"https:\/\/secure.gravatar.com\/avatar\/6d7efca74644be7dae792b122beab663996c233ae58f101b52769ece1cbf1435?s=96&d=mm&r=g","contentUrl":"https:\/\/secure.gravatar.com\/avatar\/6d7efca74644be7dae792b122beab663996c233ae58f101b52769ece1cbf1435?s=96&d=mm&r=g","caption":"Armando"}}]}},"_links":{"self":[{"href":"https:\/\/www.tressis.com\/ca\/wp-json\/wp\/v2\/posts\/110038","targetHints":{"allow":["GET"]}}],"collection":[{"href":"https:\/\/www.tressis.com\/ca\/wp-json\/wp\/v2\/posts"}],"about":[{"href":"https:\/\/www.tressis.com\/ca\/wp-json\/wp\/v2\/types\/post"}],"author":[{"embeddable":true,"href":"https:\/\/www.tressis.com\/ca\/wp-json\/wp\/v2\/users\/9"}],"replies":[{"embeddable":true,"href":"https:\/\/www.tressis.com\/ca\/wp-json\/wp\/v2\/comments?post=110038"}],"version-history":[{"count":0,"href":"https:\/\/www.tressis.com\/ca\/wp-json\/wp\/v2\/posts\/110038\/revisions"}],"wp:featuredmedia":[{"embeddable":true,"href":"https:\/\/www.tressis.com\/ca\/wp-json\/wp\/v2\/media\/110127"}],"wp:attachment":[{"href":"https:\/\/www.tressis.com\/ca\/wp-json\/wp\/v2\/media?parent=110038"}],"wp:term":[{"taxonomy":"category","embeddable":true,"href":"https:\/\/www.tressis.com\/ca\/wp-json\/wp\/v2\/categories?post=110038"},{"taxonomy":"post_tag","embeddable":true,"href":"https:\/\/www.tressis.com\/ca\/wp-json\/wp\/v2\/tags?post=110038"}],"curies":[{"name":"wp","href":"https:\/\/api.w.org\/{rel}","templated":true}]}}