{"id":110030,"date":"2025-07-14T09:32:38","date_gmt":"2025-07-14T07:32:38","guid":{"rendered":"https:\/\/www.tressis.com\/?p=108998"},"modified":"2025-07-14T09:32:38","modified_gmt":"2025-07-14T07:32:38","slug":"expectativa-negociaciones-epistolares","status":"publish","type":"post","link":"https:\/\/www.tressis.com\/ca\/blog\/expectativa-negociaciones-epistolares\/","title":{"rendered":"A la expectativa de las negociaciones epistolares"},"content":{"rendered":"<p>Tras el anuncio de Trump de prorrogar hasta el 1 de agosto la entrada en vigor de los aranceles rec\u00edprocos, la semana pasada estuvo marcada por las misivas recibidas por los socios comerciales de Estados Unidos. En ellas, se indicaba el tipo arancelario al que se exponen de no llegar a un acuerdo previo al d\u00eda se\u00f1alado, as\u00ed como el motivo de este. El porcentaje var\u00eda desde un 25% a sus socios asi\u00e1ticos como Jap\u00f3n y Corea del Sur, pasando por el 30% de la Uni\u00f3n Europea y M\u00e9xico o el 50% de Brasil.<\/p>\n<p>&nbsp;<\/p>\n<p>Los mercados financieros no se inmutaron ante este giro de guion del presidente estadounidense. El \u00edndice de volatilidad VIX, com\u00fanmente conocido como el &#8220;\u00edndice del miedo&#8221;, se situ\u00f3 en torno a los 15,5 puntos, lo que refleja una percepci\u00f3n de riesgo muy contenida. Asimismo, las bolsas europeas lograron cerrar la semana con subidas (Euro Stoxx 1,79%, DAX 1,97%, CAC 40 1,73% y el Ibex 35 0,26%), mientras que las estadounidenses lo hicieron con peque\u00f1as variaciones (S&#038;P 500 -0,31%, Nasdaq -0,08% y Dow Jones -1,02%). De hecho, estas cesiones al otro lado del Atl\u00e1ntico se dieron mayormente en la sesi\u00f3n del viernes. Con todo ello, <strong>muchos parqu\u00e9s como el DAX, el S&#038;P 500 o el Nasdaq se encuentran en m\u00e1ximos hist\u00f3ricos o cerca de estos<\/strong>.<\/p>\n<p>&nbsp;<\/p>\n<div style=\"text-align: center; margin-bottom: 10px;\"><a href=\"https:\/\/www.tressis.com\/tressis-vision\/?utm_source=web_publica&#038;utm_medium=direct&#038;utm_campaign=descarga_paper&#038;utm_term=tressisvision&#038;utm_content=blog_MMV\" \ntarget=\"_blank\" rel=\"noopener\"><img fetchpriority=\"high\" class=\"aligncenter wp-image-67199 size-full\" \nsrc=\"https:\/\/www.tressis.com\/wp-content\/uploads\/2023\/03\/CTA-Tressis-vision-para-articulos-blog.jpg\" \nalt=\"Informe mensual - Tressis visi\u00f3n\" width=\"800\" height=\"354\" style=\"aspect-ratio: 400 \/ 177;\" srcset=\"https:\/\/www.tressis.com\/wp-content\/uploads\/2023\/03\/CTA-Tressis-vision-para-articulos-blog.jpg 800w, https:\/\/www.tressis.com\/wp-content\/uploads\/2023\/03\/CTA-Tressis-vision-para-articulos-blog-300x133.jpg 300w, https:\/\/www.tressis.com\/wp-content\/uploads\/2023\/03\/CTA-Tressis-vision-para-articulos-blog-768x340.jpg 768w\" sizes=\"(max-width: 800px) 100vw, 800px\" \/><\/a><\/div>\n<p>&nbsp;<\/p>\n<p>\u00bfLa nota discordante? El cobre. El arancel del 50% anunciado por la Administraci\u00f3n Trump sobre la importaci\u00f3n de dicha materia prima sorprendi\u00f3 a propios y extra\u00f1os, lo que se tradujo en <strong>un alza de m\u00e1s del 10% del precio de los futuros de este bien b\u00e1sico<\/strong>.<\/p>\n<p>&nbsp;<\/p>\n<h2><strong>Nubes oscuras sobre la Fed<\/strong><\/h2>\n<p>El otro foco de atenci\u00f3n estuvo en la publicaci\u00f3n del acta de la \u00faltima reuni\u00f3n de la Fed. En ella, se muestra que hay una clara divisi\u00f3n dentro del seno de la instituci\u00f3n sobre las bajadas de tipos de inter\u00e9s, con varios miembros esperando recortes en el coste del dinero y otros que consideran que es momento de esperar para ver cu\u00e1l es el impacto de los aranceles en la econom\u00eda real. Entre tanta incertidumbre, Donald Trump aprovech\u00f3 para criticar una vez m\u00e1s a Jerome Powell, llam\u00e1ndole \u201cMr. Too Late\u201d (el se\u00f1or Demasiado Tarde), por no bajar los tipos de inter\u00e9s tal y como estima oportuno el presidente. De hecho, durante el fin de semana ha corrido el rumor de que Powell estar\u00eda pensando en dejar su cargo ante tantos ataques del presidente y por las quejas recibidas por el elevado coste que va a suponer remodelar el edificio de la Reserva Federal. Veremos c\u00f3mo termina este culebr\u00f3n.<\/p>\n<p>&nbsp;<\/p>\n<h2><strong>Macroeconom\u00eda<\/strong><\/h2>\n<p>La macroeconom\u00eda dej\u00f3 se\u00f1ales mixtas en el Viejo Continente. En la zona euro, las ventas minoristas de mayo se contrajeron un 0,7% (vs. -0,6% estimado), mientras que las del mes de abril se revisaron al alza hasta el 0,3%. Por el contrario, la actitud del inversor mejor\u00f3 hasta el 4,5% desde el 1% previo. En Alemania, la producci\u00f3n industrial se recuper\u00f3 un 1,2% en mayo desde el descenso del 1,6% en abril, pero las exportaciones volvieron a contraerse un 1,4%. En Italia, la producci\u00f3n industrial se redujo un 0,7%, lo que deja en agua de borrajas la subida del 0,9% de abril.<\/p>\n<p>&nbsp;<\/p>\n<p>En el caso estadounidense, la agenda fue bastante liviana, con la mencionada acta de la Fed y las peticiones de subsidio por desempleo semanal. Estas fueron ligeramente inferiores a las estimaciones (227.000 vs. 235.000), al tiempo que se revisaron a la baja en 1.000 personas las de la semana anterior (232.000). Esta se\u00f1al refuerza la narrativa de que los empleadores, al menos por ahora, no est\u00e1n dispuestos a despedir a los trabajadores. No obstante, el dato viene acompa\u00f1ado de un contrapunto: las solicitudes recurrentes aumentaron hasta los 1,97 millones, el nivel m\u00e1s alto desde finales de 2021. Esto revela que, aunque hay menos despidos, <strong>encontrar un nuevo empleo est\u00e1 siendo una tarea m\u00e1s compleja para quienes ya est\u00e1n fuera del panorama laboral<\/strong>.<\/p>\n<p>&nbsp;<\/p>\n<h2><strong>Situaci\u00f3n en China<\/strong><\/h2>\n<p>En China, la evoluci\u00f3n de los precios est\u00e1 cogiendo tintes negativos. En junio, el \u00edndice de precios al productor (IPP) se contrajo un 3,6% respecto al mismo mes del a\u00f1o anterior, encadenando 33 meses consecutivos de contracci\u00f3n. En cuanto al \u00edndice de precios al consumidor (IPC), en el mismo per\u00edodo, el coste de la vida aument\u00f3 un 0,1%, una evoluci\u00f3n que estuvo marcada por los est\u00edmulos gubernamentales. En este sentido, <strong>se prev\u00e9 que el Ejecutivo contin\u00fae implementando medidas para impulsar la econom\u00eda y evitar la deflaci\u00f3n<\/strong>.<\/p>\n<p>&nbsp;<\/p>\n<p>Finalmente, <strong>la agenda de la semana viene cargada de citas de relevancia para los inversores<\/strong>. En Estados Unidos conoceremos los datos de inflaci\u00f3n de junio, as\u00ed como las expectativas de precios y la confianza econ\u00f3mica actual y futura de la Universidad de Michigan. En Europa se publicar\u00e1n los datos finales de IPC de Espa\u00f1a y Francia, y la balanza comercial del bloque comunitario. En el Reino Unido tambi\u00e9n ver\u00e1n la luz la evoluci\u00f3n del coste de la vida de junio, la presi\u00f3n salarial y la tasa de desempleo. Desde una perspectiva microecon\u00f3mica, a finales de semana comenzar\u00e1 de manera oficiosa la temporada de resultados con la banca estadounidense dando la campanada de inicio. Se espera que el beneficio por acci\u00f3n aumente un 5% en el segundo trimestre del 2025 para las empresas estadounidenses, mientras que se espera un retroceso de un 2% en el caso de las compa\u00f1\u00edas europeas.<\/p>\n<p>&nbsp;<\/p>\n<p>Feliz semana.<\/p>\n<p>&nbsp;<\/p>\n<p><center><strong>Samuel P\u00e9rez Ogayar<\/strong><br \/>\nAnalista<\/center><\/p>\n","protected":false},"excerpt":{"rendered":"<p>Tras el anuncio de Trump de prorrogar hasta el 1 de agosto la entrada en vigor de los aranceles rec\u00edprocos, la semana pasada estuvo marcada por las misivas recibidas por los socios comerciales de Estados Unidos. En ellas, se indicaba el tipo arancelario al que se exponen de no llegar a un acuerdo previo al [&hellip;]<\/p>\n","protected":false},"author":9,"featured_media":110115,"comment_status":"closed","ping_status":"open","sticky":false,"template":"","format":"standard","meta":{"_acf_changed":false,"footnotes":""},"categories":[9721],"tags":[],"class_list":["post-110030","post","type-post","status-publish","format-standard","has-post-thumbnail","hentry","category-morning-meeting"],"acf":[],"yoast_head":"<!-- This site is optimized with the Yoast SEO plugin v27.5 - https:\/\/yoast.com\/product\/yoast-seo-wordpress\/ -->\n<title>A la expectativa de las negociaciones epistolares<\/title>\n<meta name=\"robots\" content=\"index, nofollow, max-snippet:-1, max-image-preview:large, max-video-preview:-1\" \/>\n<link rel=\"canonical\" href=\"https:\/\/www.tressis.com\/ca\/blog\/expectativa-negociaciones-epistolares\/\" \/>\n<meta property=\"og:locale\" content=\"ca_ES\" \/>\n<meta property=\"og:type\" content=\"article\" \/>\n<meta property=\"og:title\" content=\"A la expectativa de las negociaciones epistolares\" \/>\n<meta property=\"og:description\" content=\"Tras el anuncio de Trump de prorrogar hasta el 1 de agosto la entrada en vigor de los aranceles rec\u00edprocos, la semana pasada estuvo marcada por las misivas recibidas por los socios comerciales de Estados Unidos. En ellas, se indicaba el tipo arancelario al que se exponen de no llegar a un acuerdo previo al [&hellip;]\" \/>\n<meta property=\"og:url\" content=\"https:\/\/www.tressis.com\/ca\/blog\/expectativa-negociaciones-epistolares\/\" \/>\n<meta property=\"og:site_name\" content=\"Tressis\" \/>\n<meta property=\"article:publisher\" content=\"https:\/\/www.facebook.com\/Tressis\/\" \/>\n<meta property=\"article:published_time\" content=\"2025-07-14T07:32:38+00:00\" \/>\n<meta property=\"og:image\" content=\"http:\/\/test.tressis.com\/wp-content\/uploads\/2025\/07\/negociacion-epistolar.webp\" \/>\n\t<meta property=\"og:image:width\" content=\"1200\" \/>\n\t<meta property=\"og:image:height\" content=\"531\" \/>\n\t<meta property=\"og:image:type\" content=\"image\/webp\" \/>\n<meta name=\"author\" content=\"Armando\" \/>\n<meta name=\"twitter:card\" content=\"summary_large_image\" \/>\n<meta name=\"twitter:creator\" content=\"@TressisSV\" \/>\n<meta name=\"twitter:site\" content=\"@TressisSV\" \/>\n<meta name=\"twitter:label1\" content=\"Escrit per\" \/>\n\t<meta name=\"twitter:data1\" content=\"Armando\" \/>\n\t<meta name=\"twitter:label2\" content=\"Temps estimat de lectura\" \/>\n\t<meta name=\"twitter:data2\" content=\"5 minuts\" \/>\n<script type=\"application\/ld+json\" class=\"yoast-schema-graph\">{\"@context\":\"https:\\\/\\\/schema.org\",\"@graph\":[{\"@type\":\"Article\",\"@id\":\"https:\\\/\\\/www.tressis.com\\\/ca\\\/blog\\\/expectativa-negociaciones-epistolares\\\/#article\",\"isPartOf\":{\"@id\":\"https:\\\/\\\/www.tressis.com\\\/ca\\\/blog\\\/expectativa-negociaciones-epistolares\\\/\"},\"author\":{\"name\":\"Armando\",\"@id\":\"https:\\\/\\\/www.tressis.com\\\/ca\\\/#\\\/schema\\\/person\\\/56d3b4de0493f088a4ca62a2e0c790ae\"},\"headline\":\"A la expectativa de las negociaciones epistolares\",\"datePublished\":\"2025-07-14T07:32:38+00:00\",\"mainEntityOfPage\":{\"@id\":\"https:\\\/\\\/www.tressis.com\\\/ca\\\/blog\\\/expectativa-negociaciones-epistolares\\\/\"},\"wordCount\":948,\"publisher\":{\"@id\":\"https:\\\/\\\/www.tressis.com\\\/ca\\\/#organization\"},\"image\":{\"@id\":\"https:\\\/\\\/www.tressis.com\\\/ca\\\/blog\\\/expectativa-negociaciones-epistolares\\\/#primaryimage\"},\"thumbnailUrl\":\"https:\\\/\\\/www.tressis.com\\\/wp-content\\\/uploads\\\/2025\\\/07\\\/negociacion-epistolar.webp\",\"articleSection\":[\"Morning meeting\"],\"inLanguage\":\"ca\"},{\"@type\":\"WebPage\",\"@id\":\"https:\\\/\\\/www.tressis.com\\\/ca\\\/blog\\\/expectativa-negociaciones-epistolares\\\/\",\"url\":\"https:\\\/\\\/www.tressis.com\\\/ca\\\/blog\\\/expectativa-negociaciones-epistolares\\\/\",\"name\":\"A la expectativa de las negociaciones epistolares\",\"isPartOf\":{\"@id\":\"https:\\\/\\\/www.tressis.com\\\/ca\\\/#website\"},\"primaryImageOfPage\":{\"@id\":\"https:\\\/\\\/www.tressis.com\\\/ca\\\/blog\\\/expectativa-negociaciones-epistolares\\\/#primaryimage\"},\"image\":{\"@id\":\"https:\\\/\\\/www.tressis.com\\\/ca\\\/blog\\\/expectativa-negociaciones-epistolares\\\/#primaryimage\"},\"thumbnailUrl\":\"https:\\\/\\\/www.tressis.com\\\/wp-content\\\/uploads\\\/2025\\\/07\\\/negociacion-epistolar.webp\",\"datePublished\":\"2025-07-14T07:32:38+00:00\",\"breadcrumb\":{\"@id\":\"https:\\\/\\\/www.tressis.com\\\/ca\\\/blog\\\/expectativa-negociaciones-epistolares\\\/#breadcrumb\"},\"inLanguage\":\"ca\",\"potentialAction\":[{\"@type\":\"ReadAction\",\"target\":[\"https:\\\/\\\/www.tressis.com\\\/ca\\\/blog\\\/expectativa-negociaciones-epistolares\\\/\"]}]},{\"@type\":\"ImageObject\",\"inLanguage\":\"ca\",\"@id\":\"https:\\\/\\\/www.tressis.com\\\/ca\\\/blog\\\/expectativa-negociaciones-epistolares\\\/#primaryimage\",\"url\":\"https:\\\/\\\/www.tressis.com\\\/wp-content\\\/uploads\\\/2025\\\/07\\\/negociacion-epistolar.webp\",\"contentUrl\":\"https:\\\/\\\/www.tressis.com\\\/wp-content\\\/uploads\\\/2025\\\/07\\\/negociacion-epistolar.webp\",\"width\":1200,\"height\":531,\"caption\":\"Negociaci\u00f3n epistolar\"},{\"@type\":\"BreadcrumbList\",\"@id\":\"https:\\\/\\\/www.tressis.com\\\/ca\\\/blog\\\/expectativa-negociaciones-epistolares\\\/#breadcrumb\",\"itemListElement\":[{\"@type\":\"ListItem\",\"position\":1,\"name\":\"Inicio\",\"item\":\"https:\\\/\\\/www.tressis.com\\\/ca\\\/\"},{\"@type\":\"ListItem\",\"position\":2,\"name\":\"Morning meeting\",\"item\":\"https:\\\/\\\/www.tressis.com\\\/ca\\\/blog\\\/categorias\\\/morning-meeting-ca\\\/\"},{\"@type\":\"ListItem\",\"position\":3,\"name\":\"A la expectativa de las negociaciones epistolares\"}]},{\"@type\":\"WebSite\",\"@id\":\"https:\\\/\\\/www.tressis.com\\\/ca\\\/#website\",\"url\":\"https:\\\/\\\/www.tressis.com\\\/ca\\\/\",\"name\":\"Tressis banca privada\",\"description\":\"Tressis | Planificaci\u00f3n financiera y gesti\u00f3n de patrimonios\",\"publisher\":{\"@id\":\"https:\\\/\\\/www.tressis.com\\\/ca\\\/#organization\"},\"potentialAction\":[{\"@type\":\"SearchAction\",\"target\":{\"@type\":\"EntryPoint\",\"urlTemplate\":\"https:\\\/\\\/www.tressis.com\\\/ca\\\/?s={search_term_string}\"},\"query-input\":{\"@type\":\"PropertyValueSpecification\",\"valueRequired\":true,\"valueName\":\"search_term_string\"}}],\"inLanguage\":\"ca\"},{\"@type\":\"Organization\",\"@id\":\"https:\\\/\\\/www.tressis.com\\\/ca\\\/#organization\",\"name\":\"Tressis\",\"url\":\"https:\\\/\\\/www.tressis.com\\\/ca\\\/\",\"logo\":{\"@type\":\"ImageObject\",\"inLanguage\":\"ca\",\"@id\":\"https:\\\/\\\/www.tressis.com\\\/ca\\\/#\\\/schema\\\/logo\\\/image\\\/\",\"url\":\"https:\\\/\\\/www.tressis.com\\\/wp-content\\\/uploads\\\/2025\\\/06\\\/logo-tressis-112.png\",\"contentUrl\":\"https:\\\/\\\/www.tressis.com\\\/wp-content\\\/uploads\\\/2025\\\/06\\\/logo-tressis-112.png\",\"width\":112,\"height\":112,\"caption\":\"Tressis\"},\"image\":{\"@id\":\"https:\\\/\\\/www.tressis.com\\\/ca\\\/#\\\/schema\\\/logo\\\/image\\\/\"},\"sameAs\":[\"https:\\\/\\\/www.facebook.com\\\/Tressis\\\/\",\"https:\\\/\\\/x.com\\\/TressisSV\",\"https:\\\/\\\/www.instagram.com\\\/tressissv\\\/?hl=es\",\"https:\\\/\\\/linkedin.com\\\/company\\\/tressis\\\/\",\"https:\\\/\\\/www.youtube.com\\\/user\\\/tressissv\",\"https:\\\/\\\/open.spotify.com\\\/show\\\/3jmTe1Nf0wqMILl7diWV6h?si=d7112519f13c4593&nd=1\"]},{\"@type\":\"Person\",\"@id\":\"https:\\\/\\\/www.tressis.com\\\/ca\\\/#\\\/schema\\\/person\\\/56d3b4de0493f088a4ca62a2e0c790ae\",\"name\":\"Armando\",\"image\":{\"@type\":\"ImageObject\",\"inLanguage\":\"ca\",\"@id\":\"https:\\\/\\\/secure.gravatar.com\\\/avatar\\\/6d7efca74644be7dae792b122beab663996c233ae58f101b52769ece1cbf1435?s=96&d=mm&r=g\",\"url\":\"https:\\\/\\\/secure.gravatar.com\\\/avatar\\\/6d7efca74644be7dae792b122beab663996c233ae58f101b52769ece1cbf1435?s=96&d=mm&r=g\",\"contentUrl\":\"https:\\\/\\\/secure.gravatar.com\\\/avatar\\\/6d7efca74644be7dae792b122beab663996c233ae58f101b52769ece1cbf1435?s=96&d=mm&r=g\",\"caption\":\"Armando\"}}]}<\/script>\n<!-- \/ Yoast SEO plugin. -->","yoast_head_json":{"title":"A la expectativa de las negociaciones epistolares","robots":{"index":"index","follow":"nofollow","max-snippet":"max-snippet:-1","max-image-preview":"max-image-preview:large","max-video-preview":"max-video-preview:-1"},"canonical":"https:\/\/www.tressis.com\/ca\/blog\/expectativa-negociaciones-epistolares\/","og_locale":"ca_ES","og_type":"article","og_title":"A la expectativa de las negociaciones epistolares","og_description":"Tras el anuncio de Trump de prorrogar hasta el 1 de agosto la entrada en vigor de los aranceles rec\u00edprocos, la semana pasada estuvo marcada por las misivas recibidas por los socios comerciales de Estados Unidos. En ellas, se indicaba el tipo arancelario al que se exponen de no llegar a un acuerdo previo al [&hellip;]","og_url":"https:\/\/www.tressis.com\/ca\/blog\/expectativa-negociaciones-epistolares\/","og_site_name":"Tressis","article_publisher":"https:\/\/www.facebook.com\/Tressis\/","article_published_time":"2025-07-14T07:32:38+00:00","og_image":[{"width":1200,"height":531,"url":"http:\/\/test.tressis.com\/wp-content\/uploads\/2025\/07\/negociacion-epistolar.webp","type":"image\/webp"}],"author":"Armando","twitter_card":"summary_large_image","twitter_creator":"@TressisSV","twitter_site":"@TressisSV","twitter_misc":{"Escrit per":"Armando","Temps estimat de lectura":"5 minuts"},"schema":{"@context":"https:\/\/schema.org","@graph":[{"@type":"Article","@id":"https:\/\/www.tressis.com\/ca\/blog\/expectativa-negociaciones-epistolares\/#article","isPartOf":{"@id":"https:\/\/www.tressis.com\/ca\/blog\/expectativa-negociaciones-epistolares\/"},"author":{"name":"Armando","@id":"https:\/\/www.tressis.com\/ca\/#\/schema\/person\/56d3b4de0493f088a4ca62a2e0c790ae"},"headline":"A la expectativa de las negociaciones epistolares","datePublished":"2025-07-14T07:32:38+00:00","mainEntityOfPage":{"@id":"https:\/\/www.tressis.com\/ca\/blog\/expectativa-negociaciones-epistolares\/"},"wordCount":948,"publisher":{"@id":"https:\/\/www.tressis.com\/ca\/#organization"},"image":{"@id":"https:\/\/www.tressis.com\/ca\/blog\/expectativa-negociaciones-epistolares\/#primaryimage"},"thumbnailUrl":"https:\/\/www.tressis.com\/wp-content\/uploads\/2025\/07\/negociacion-epistolar.webp","articleSection":["Morning meeting"],"inLanguage":"ca"},{"@type":"WebPage","@id":"https:\/\/www.tressis.com\/ca\/blog\/expectativa-negociaciones-epistolares\/","url":"https:\/\/www.tressis.com\/ca\/blog\/expectativa-negociaciones-epistolares\/","name":"A la expectativa de las negociaciones epistolares","isPartOf":{"@id":"https:\/\/www.tressis.com\/ca\/#website"},"primaryImageOfPage":{"@id":"https:\/\/www.tressis.com\/ca\/blog\/expectativa-negociaciones-epistolares\/#primaryimage"},"image":{"@id":"https:\/\/www.tressis.com\/ca\/blog\/expectativa-negociaciones-epistolares\/#primaryimage"},"thumbnailUrl":"https:\/\/www.tressis.com\/wp-content\/uploads\/2025\/07\/negociacion-epistolar.webp","datePublished":"2025-07-14T07:32:38+00:00","breadcrumb":{"@id":"https:\/\/www.tressis.com\/ca\/blog\/expectativa-negociaciones-epistolares\/#breadcrumb"},"inLanguage":"ca","potentialAction":[{"@type":"ReadAction","target":["https:\/\/www.tressis.com\/ca\/blog\/expectativa-negociaciones-epistolares\/"]}]},{"@type":"ImageObject","inLanguage":"ca","@id":"https:\/\/www.tressis.com\/ca\/blog\/expectativa-negociaciones-epistolares\/#primaryimage","url":"https:\/\/www.tressis.com\/wp-content\/uploads\/2025\/07\/negociacion-epistolar.webp","contentUrl":"https:\/\/www.tressis.com\/wp-content\/uploads\/2025\/07\/negociacion-epistolar.webp","width":1200,"height":531,"caption":"Negociaci\u00f3n epistolar"},{"@type":"BreadcrumbList","@id":"https:\/\/www.tressis.com\/ca\/blog\/expectativa-negociaciones-epistolares\/#breadcrumb","itemListElement":[{"@type":"ListItem","position":1,"name":"Inicio","item":"https:\/\/www.tressis.com\/ca\/"},{"@type":"ListItem","position":2,"name":"Morning meeting","item":"https:\/\/www.tressis.com\/ca\/blog\/categorias\/morning-meeting-ca\/"},{"@type":"ListItem","position":3,"name":"A la expectativa de las negociaciones epistolares"}]},{"@type":"WebSite","@id":"https:\/\/www.tressis.com\/ca\/#website","url":"https:\/\/www.tressis.com\/ca\/","name":"Tressis banca privada","description":"Tressis | Planificaci\u00f3n financiera y gesti\u00f3n de patrimonios","publisher":{"@id":"https:\/\/www.tressis.com\/ca\/#organization"},"potentialAction":[{"@type":"SearchAction","target":{"@type":"EntryPoint","urlTemplate":"https:\/\/www.tressis.com\/ca\/?s={search_term_string}"},"query-input":{"@type":"PropertyValueSpecification","valueRequired":true,"valueName":"search_term_string"}}],"inLanguage":"ca"},{"@type":"Organization","@id":"https:\/\/www.tressis.com\/ca\/#organization","name":"Tressis","url":"https:\/\/www.tressis.com\/ca\/","logo":{"@type":"ImageObject","inLanguage":"ca","@id":"https:\/\/www.tressis.com\/ca\/#\/schema\/logo\/image\/","url":"https:\/\/www.tressis.com\/wp-content\/uploads\/2025\/06\/logo-tressis-112.png","contentUrl":"https:\/\/www.tressis.com\/wp-content\/uploads\/2025\/06\/logo-tressis-112.png","width":112,"height":112,"caption":"Tressis"},"image":{"@id":"https:\/\/www.tressis.com\/ca\/#\/schema\/logo\/image\/"},"sameAs":["https:\/\/www.facebook.com\/Tressis\/","https:\/\/x.com\/TressisSV","https:\/\/www.instagram.com\/tressissv\/?hl=es","https:\/\/linkedin.com\/company\/tressis\/","https:\/\/www.youtube.com\/user\/tressissv","https:\/\/open.spotify.com\/show\/3jmTe1Nf0wqMILl7diWV6h?si=d7112519f13c4593&nd=1"]},{"@type":"Person","@id":"https:\/\/www.tressis.com\/ca\/#\/schema\/person\/56d3b4de0493f088a4ca62a2e0c790ae","name":"Armando","image":{"@type":"ImageObject","inLanguage":"ca","@id":"https:\/\/secure.gravatar.com\/avatar\/6d7efca74644be7dae792b122beab663996c233ae58f101b52769ece1cbf1435?s=96&d=mm&r=g","url":"https:\/\/secure.gravatar.com\/avatar\/6d7efca74644be7dae792b122beab663996c233ae58f101b52769ece1cbf1435?s=96&d=mm&r=g","contentUrl":"https:\/\/secure.gravatar.com\/avatar\/6d7efca74644be7dae792b122beab663996c233ae58f101b52769ece1cbf1435?s=96&d=mm&r=g","caption":"Armando"}}]}},"_links":{"self":[{"href":"https:\/\/www.tressis.com\/ca\/wp-json\/wp\/v2\/posts\/110030","targetHints":{"allow":["GET"]}}],"collection":[{"href":"https:\/\/www.tressis.com\/ca\/wp-json\/wp\/v2\/posts"}],"about":[{"href":"https:\/\/www.tressis.com\/ca\/wp-json\/wp\/v2\/types\/post"}],"author":[{"embeddable":true,"href":"https:\/\/www.tressis.com\/ca\/wp-json\/wp\/v2\/users\/9"}],"replies":[{"embeddable":true,"href":"https:\/\/www.tressis.com\/ca\/wp-json\/wp\/v2\/comments?post=110030"}],"version-history":[{"count":0,"href":"https:\/\/www.tressis.com\/ca\/wp-json\/wp\/v2\/posts\/110030\/revisions"}],"wp:featuredmedia":[{"embeddable":true,"href":"https:\/\/www.tressis.com\/ca\/wp-json\/wp\/v2\/media\/110115"}],"wp:attachment":[{"href":"https:\/\/www.tressis.com\/ca\/wp-json\/wp\/v2\/media?parent=110030"}],"wp:term":[{"taxonomy":"category","embeddable":true,"href":"https:\/\/www.tressis.com\/ca\/wp-json\/wp\/v2\/categories?post=110030"},{"taxonomy":"post_tag","embeddable":true,"href":"https:\/\/www.tressis.com\/ca\/wp-json\/wp\/v2\/tags?post=110030"}],"curies":[{"name":"wp","href":"https:\/\/api.w.org\/{rel}","templated":true}]}}