{"id":110020,"date":"2025-07-07T09:35:41","date_gmt":"2025-07-07T07:35:41","guid":{"rendered":"https:\/\/www.tressis.com\/?p=108703"},"modified":"2025-07-07T09:35:41","modified_gmt":"2025-07-07T07:35:41","slug":"prorroga-negociaciones-comerciales-globales","status":"publish","type":"post","link":"https:\/\/www.tressis.com\/ca\/blog\/prorroga-negociaciones-comerciales-globales\/","title":{"rendered":"Pr\u00f3rroga en las negociaciones comerciales globales"},"content":{"rendered":"<p>El viernes pasado, los mercados cotizaron sin la referencia americana, esa tan necesaria que provoca que, cuando Wall Street cierra por festivo, el resto de los parqu\u00e9s pasen el d\u00eda sin rumbo claro. Pero eso es lo habitual, porque el viernes s\u00ed hubo claras ca\u00eddas en Europa, con los \u00edndices franc\u00e9s (-0,75%) y espa\u00f1ol (-1,48%) a la cabeza, lo cual arrastr\u00f3 al EuroStoxx 50 (-1%).<\/p>\n<p>&nbsp;<\/p>\n<h2><strong>La Casa Blanca presiona a la Fed<\/strong><\/h2>\n<p>Durante la semana pasada, los mercados mantuvieron un tono bastante positivo, a pesar de haber sido una semana reducida por los festivos. En Estados Unidos, la atenci\u00f3n estuvo puesta en la aprobaci\u00f3n de una ambiciosa ley presupuestaria, lo que supuso un alivio para el Gobierno tras dedicarle mucho tiempo y esfuerzo. Adem\u00e1s, ayud\u00f3 a reducir el riesgo de un posible cierre de la Administraci\u00f3n en lo que queda de a\u00f1o. La ley incluy\u00f3 medidas favorables al mercado, como la amortizaci\u00f3n del 100% de inversiones en equipos y estructuras manufactureras, y la deducci\u00f3n inmediata y permanente de gastos en investigaci\u00f3n y desarrollo. Aun as\u00ed, el d\u00e9ficit fiscal sigue siendo elevado, en torno al 7% del PIB y, sin planes claros para recortar gasto o subir impuestos, su reducci\u00f3n depender\u00e1 de c\u00f3mo evolucionen los tipos de inter\u00e9s. De ah\u00ed que la Casa Blanca insista tanto en que la Reserva Federal recorte los tipos tan pronto como el 30 de julio, porque, de momento, el coste de la deuda sigue subiendo.<\/p>\n<p>&nbsp;<\/p>\n<p>En cuanto a la econom\u00eda estadounidense, los datos fueron mixtos. Aunque el informe de empleo fue s\u00f3lido y el paro sigue bajo \u2014en parte por la reducci\u00f3n de la inmigraci\u00f3n\u2014, los aranceles est\u00e1n empezando a pasar factura al consumo y a subir los precios. Esto refuerza las peticiones desde la Casa Blanca para que se bajen los tipos, aunque Jerome Powell, presidente de la Fed, ha rechazado, de nuevo, estas presiones pol\u00edticas.<\/p>\n<p>&nbsp;<\/p>\n<div style=\"text-align: center; margin-bottom: 10px;\"><a href=\"https:\/\/www.tressis.com\/tressis-vision\/?utm_source=web_publica&#038;utm_medium=direct&#038;utm_campaign=descarga_paper&#038;utm_term=tressisvision&#038;utm_content=blog_MMV\" \ntarget=\"_blank\" rel=\"noopener\"><img fetchpriority=\"high\" class=\"aligncenter wp-image-67199 size-full\" \nsrc=\"https:\/\/www.tressis.com\/wp-content\/uploads\/2023\/03\/CTA-Tressis-vision-para-articulos-blog.jpg\" \nalt=\"Informe mensual - Tressis visi\u00f3n\" width=\"800\" height=\"354\" style=\"aspect-ratio: 400 \/ 177;\" srcset=\"https:\/\/www.tressis.com\/wp-content\/uploads\/2023\/03\/CTA-Tressis-vision-para-articulos-blog.jpg 800w, https:\/\/www.tressis.com\/wp-content\/uploads\/2023\/03\/CTA-Tressis-vision-para-articulos-blog-300x133.jpg 300w, https:\/\/www.tressis.com\/wp-content\/uploads\/2023\/03\/CTA-Tressis-vision-para-articulos-blog-768x340.jpg 768w\" sizes=\"(max-width: 800px) 100vw, 800px\" \/><\/a><\/div>\n<p>&nbsp;<\/p>\n<h2><strong>Aranceles y estrategias<\/strong><\/h2>\n<p>En el \u00e1mbito comercial, parece que hay avances con la Uni\u00f3n Europea, que estar\u00eda dispuesta a aceptar un arancel generalizado del 10%. <strong>Esto podr\u00eda allanar el camino para acuerdos similares con Jap\u00f3n, Corea y otros socios.<\/strong> Adem\u00e1s, ayer Trump decid\u00eda retrasar la fecha de entrada efectiva de los aranceles hasta el 1 de agosto, para poder seguir negociando durante este mes. Si se logra un acuerdo, se eliminar\u00eda buena parte de la incertidumbre en torno a los aranceles, algo que las empresas agradecer\u00edan, ya que ahora mismo les resulta dif\u00edcil planificar a medio plazo. Aun as\u00ed, Trump sigue siendo un actor imprevisible. Aunque no siempre sigue una l\u00f3gica aparente, sus t\u00e1cticas est\u00e1n dando resultados: ha logrado concesiones de la OTAN, ha presionado a Canad\u00e1 para retirar su impuesto digital y ha influido en conflictos internacionales. Con los mercados en m\u00e1ximos y la econom\u00eda aguantando, es dif\u00edcil descartar que quiera apretar a\u00fan m\u00e1s si no ve avances r\u00e1pidos, por lo que tendremos que estar pendientes de las cartas que ha anunciado que va a enviar esta semana a sus socios comerciales. En cambio, cuando todo apunta a que mejoran las negociaciones de la UE con Estados Unidos, el ministro de Finanzas franc\u00e9s, \u00c9ric Lombard, advirti\u00f3 que Europa debe reforzar sus barreras para proteger su industria de las importaciones chinas, que amenazan con desindustrializar el continente. Adem\u00e1s, se\u00f1al\u00f3 que se deben ampliar las medidas contra productos chinos en todos los sectores, ante la estrategia de China de dominar m\u00e1s del 50% del mercado global en cada industria.<\/p>\n<p>&nbsp;<\/p>\n<h2><strong>Bonos del Tesoro<\/strong><\/h2>\n<p>En Europa, los rendimientos de los bonos han subido algo por la expectativa de mayor crecimiento y m\u00e1s gasto p\u00fablico, especialmente en defensa y seguridad. Alemania parece decidida a aumentar el gasto, y en pa\u00edses como Italia se est\u00e1 planteando incluso financiar infraestructuras, como un puente entre Sicilia y el continente, con fondos de defensa. Aunque esto podr\u00eda chocar con EE.UU., tambi\u00e9n muestra c\u00f3mo estas inversiones pueden impulsar el crecimiento de forma m\u00e1s general. Por su parte, el secretario del Tesoro de EE.UU., Scott Bessent, indic\u00f3 la pasada semana que aumentar la venta de bonos del Tesoro a largo plazo con los rendimientos actuales no tendr\u00eda sentido, y que el Gobierno podr\u00eda recurrir m\u00e1s a la emisi\u00f3n de letras a corto plazo. Wall Street hab\u00eda anticipado un aumento en la emisi\u00f3n de deuda a largo plazo.<\/p>\n<p>&nbsp;<\/p>\n<h2><strong>Momentos delicados en Francia y Reino Unido<\/strong><\/h2>\n<p>En Francia, el primer ministro super\u00f3 una cuesti\u00f3n de confianza con el respaldo del partido de Le Pen. A corto plazo, no se esperan nuevas mociones, pero existe el riesgo de elecciones anticipadas en verano, lo que podr\u00eda generar inestabilidad en los bonos franceses si la extrema derecha gana terreno. Por su parte, en el Reino Unido, el gobierno de Starmer atraviesa tensiones internas tras el fracaso de una reforma del sistema de bienestar. Aunque ha respaldado a su ministra de Finanzas, su continuidad no est\u00e1 asegurada. La situaci\u00f3n fiscal empeora y podr\u00eda forzar subidas de impuestos, algo dif\u00edcil con el crecimiento estancado. Los inversores siguen cautos, recordando el precedente del episodio de <a href=\"https:\/\/es.wikipedia.org\/wiki\/Liz_Truss\" target=\"_blank\">Truss<\/a>.<\/p>\n<p>&nbsp;<\/p>\n<h2><strong>Mercado de valores<\/strong><\/h2>\n<p>En general, no ha habido grandes movimientos en los mercados esta semana. El d\u00f3lar ha seguido algo d\u00e9bil, los mercados burs\u00e1tiles contin\u00faan subiendo a pesar de las dudas y los diferenciales de cr\u00e9dito se han estrechado. En las materias primas, en l\u00edneas generales el comportamiento fue positivo, frente a la ca\u00edda generalizada que llevan en lo que va de a\u00f1o, con la excepci\u00f3n del oro y la plata. \u00bfLa mala noticia? Que las que m\u00e1s sub\u00edan estos d\u00edas eran las agr\u00edcolas, con el trigo, el az\u00facar y la soja volviendo a poner en duda el futuro de la inflaci\u00f3n.<\/p>\n<p>&nbsp;<\/p>\n<p>Pero, durante el fin de semana, conocimos que la OPEC+ aumentar\u00e1 la producci\u00f3n de petr\u00f3leo m\u00e1s r\u00e1pido de lo previsto en agosto, con un alza de 548.000 barriles diarios, buscando aprovechar la fuerte demanda veraniega y recuperar cuota de mercado. Este giro estrat\u00e9gico liderado por Arabia Saudita podr\u00eda aumentar la sobreoferta global, presionando los precios a la baja en un contexto de crecimiento econ\u00f3mico incierto y excedente de inventarios.<\/p>\n<p>&nbsp;<\/p>\n<p>De cara a los pr\u00f3ximos d\u00edas, el 9 de julio marcaba una fecha clave en las negociaciones comerciales que los inversores llevan tiempo esperando, pero <strong>la decisi\u00f3n de Trump de retrasarla al 1 de agosto deber\u00eda servir de alivio<\/strong>. El comportamiento del mercado en este inicio de trimestre depender\u00e1 de c\u00f3mo evolucionen estas conversaciones y de los datos de inflaci\u00f3n de EE.UU. la semana siguiente. Si se dan varios factores positivos \u2014crecimiento mejor de lo esperado, inflaci\u00f3n controlada, buenos resultados empresariales y bajadas de tipos\u2014, podr\u00edamos ver un buen comportamiento en bonos y acciones en la segunda mitad del a\u00f1o. En este contexto, esta semana estar\u00e1 marcada por relevantes datos macroecon\u00f3micos. Destacan la producci\u00f3n industrial y la balanza comercial de Alemania, as\u00ed como el IPC de junio en Alemania, Francia y China. Adem\u00e1s, se publicar\u00e1n las ventas minoristas de la eurozona, el PIB del Reino Unido y el acta de la \u00faltima reuni\u00f3n de la Reserva Federal. En EE.UU. tambi\u00e9n se esperan cifras de paro semanal, mientras que Espa\u00f1a celebrar\u00e1 una subasta de letras a tres meses. Adem\u00e1s, esta semana conoceremos las cuentas trimestrales de varias aerol\u00edneas como Jet2, Delta o Norwegian, y tendremos que esperar hasta el martes 15 para conocer las cuentas de la banca americana. Por \u00faltimo, hoy tenemos reuni\u00f3n del Eurogrupo.<\/p>\n<p>&nbsp;<\/p>\n<p>Buena semana.<\/p>\n<p>&nbsp;<\/p>\n<p><center><strong>Jorge Gonz\u00e1lez G\u00f3mez<\/strong><br \/>\nDirector de An\u00e1lisis<\/center><\/p>\n","protected":false},"excerpt":{"rendered":"<p>El viernes pasado, los mercados cotizaron sin la referencia americana, esa tan necesaria que provoca que, cuando Wall Street cierra por festivo, el resto de los parqu\u00e9s pasen el d\u00eda sin rumbo claro. Pero eso es lo habitual, porque el viernes s\u00ed hubo claras ca\u00eddas en Europa, con los \u00edndices franc\u00e9s (-0,75%) y espa\u00f1ol (-1,48%) [&hellip;]<\/p>\n","protected":false},"author":9,"featured_media":110102,"comment_status":"closed","ping_status":"open","sticky":false,"template":"","format":"standard","meta":{"_acf_changed":false,"footnotes":""},"categories":[9721],"tags":[],"class_list":["post-110020","post","type-post","status-publish","format-standard","has-post-thumbnail","hentry","category-morning-meeting"],"acf":[],"yoast_head":"<!-- This site is optimized with the Yoast SEO plugin v27.5 - https:\/\/yoast.com\/product\/yoast-seo-wordpress\/ -->\n<title>Pr\u00f3rroga en las negociaciones comerciales globales<\/title>\n<meta name=\"robots\" content=\"index, nofollow, max-snippet:-1, max-image-preview:large, max-video-preview:-1\" \/>\n<link rel=\"canonical\" href=\"https:\/\/www.tressis.com\/ca\/blog\/prorroga-negociaciones-comerciales-globales\/\" \/>\n<meta property=\"og:locale\" content=\"ca_ES\" \/>\n<meta property=\"og:type\" content=\"article\" \/>\n<meta property=\"og:title\" content=\"Pr\u00f3rroga en las negociaciones comerciales globales\" \/>\n<meta property=\"og:description\" content=\"El viernes pasado, los mercados cotizaron sin la referencia americana, esa tan necesaria que provoca que, cuando Wall Street cierra por festivo, el resto de los parqu\u00e9s pasen el d\u00eda sin rumbo claro. Pero eso es lo habitual, porque el viernes s\u00ed hubo claras ca\u00eddas en Europa, con los \u00edndices franc\u00e9s (-0,75%) y espa\u00f1ol (-1,48%) [&hellip;]\" \/>\n<meta property=\"og:url\" content=\"https:\/\/www.tressis.com\/ca\/blog\/prorroga-negociaciones-comerciales-globales\/\" \/>\n<meta property=\"og:site_name\" content=\"Tressis\" \/>\n<meta property=\"article:publisher\" content=\"https:\/\/www.facebook.com\/Tressis\/\" \/>\n<meta property=\"article:published_time\" content=\"2025-07-07T07:35:41+00:00\" \/>\n<meta property=\"og:image\" content=\"http:\/\/test.tressis.com\/wp-content\/uploads\/2025\/07\/negociaciones-comerciales.webp\" \/>\n\t<meta property=\"og:image:width\" content=\"1200\" \/>\n\t<meta property=\"og:image:height\" content=\"531\" \/>\n\t<meta property=\"og:image:type\" content=\"image\/webp\" \/>\n<meta name=\"author\" content=\"Armando\" \/>\n<meta name=\"twitter:card\" content=\"summary_large_image\" \/>\n<meta name=\"twitter:creator\" content=\"@TressisSV\" \/>\n<meta name=\"twitter:site\" content=\"@TressisSV\" \/>\n<meta name=\"twitter:label1\" content=\"Escrit per\" \/>\n\t<meta name=\"twitter:data1\" content=\"Armando\" \/>\n\t<meta name=\"twitter:label2\" content=\"Temps estimat de lectura\" \/>\n\t<meta name=\"twitter:data2\" content=\"7 minuts\" \/>\n<script type=\"application\/ld+json\" class=\"yoast-schema-graph\">{\"@context\":\"https:\\\/\\\/schema.org\",\"@graph\":[{\"@type\":\"Article\",\"@id\":\"https:\\\/\\\/www.tressis.com\\\/ca\\\/blog\\\/prorroga-negociaciones-comerciales-globales\\\/#article\",\"isPartOf\":{\"@id\":\"https:\\\/\\\/www.tressis.com\\\/ca\\\/blog\\\/prorroga-negociaciones-comerciales-globales\\\/\"},\"author\":{\"name\":\"Armando\",\"@id\":\"https:\\\/\\\/www.tressis.com\\\/ca\\\/#\\\/schema\\\/person\\\/56d3b4de0493f088a4ca62a2e0c790ae\"},\"headline\":\"Pr\u00f3rroga en las negociaciones comerciales globales\",\"datePublished\":\"2025-07-07T07:35:41+00:00\",\"mainEntityOfPage\":{\"@id\":\"https:\\\/\\\/www.tressis.com\\\/ca\\\/blog\\\/prorroga-negociaciones-comerciales-globales\\\/\"},\"wordCount\":1342,\"publisher\":{\"@id\":\"https:\\\/\\\/www.tressis.com\\\/ca\\\/#organization\"},\"image\":{\"@id\":\"https:\\\/\\\/www.tressis.com\\\/ca\\\/blog\\\/prorroga-negociaciones-comerciales-globales\\\/#primaryimage\"},\"thumbnailUrl\":\"https:\\\/\\\/www.tressis.com\\\/wp-content\\\/uploads\\\/2025\\\/07\\\/negociaciones-comerciales.webp\",\"articleSection\":[\"Morning meeting\"],\"inLanguage\":\"ca\"},{\"@type\":\"WebPage\",\"@id\":\"https:\\\/\\\/www.tressis.com\\\/ca\\\/blog\\\/prorroga-negociaciones-comerciales-globales\\\/\",\"url\":\"https:\\\/\\\/www.tressis.com\\\/ca\\\/blog\\\/prorroga-negociaciones-comerciales-globales\\\/\",\"name\":\"Pr\u00f3rroga en las negociaciones comerciales globales\",\"isPartOf\":{\"@id\":\"https:\\\/\\\/www.tressis.com\\\/ca\\\/#website\"},\"primaryImageOfPage\":{\"@id\":\"https:\\\/\\\/www.tressis.com\\\/ca\\\/blog\\\/prorroga-negociaciones-comerciales-globales\\\/#primaryimage\"},\"image\":{\"@id\":\"https:\\\/\\\/www.tressis.com\\\/ca\\\/blog\\\/prorroga-negociaciones-comerciales-globales\\\/#primaryimage\"},\"thumbnailUrl\":\"https:\\\/\\\/www.tressis.com\\\/wp-content\\\/uploads\\\/2025\\\/07\\\/negociaciones-comerciales.webp\",\"datePublished\":\"2025-07-07T07:35:41+00:00\",\"breadcrumb\":{\"@id\":\"https:\\\/\\\/www.tressis.com\\\/ca\\\/blog\\\/prorroga-negociaciones-comerciales-globales\\\/#breadcrumb\"},\"inLanguage\":\"ca\",\"potentialAction\":[{\"@type\":\"ReadAction\",\"target\":[\"https:\\\/\\\/www.tressis.com\\\/ca\\\/blog\\\/prorroga-negociaciones-comerciales-globales\\\/\"]}]},{\"@type\":\"ImageObject\",\"inLanguage\":\"ca\",\"@id\":\"https:\\\/\\\/www.tressis.com\\\/ca\\\/blog\\\/prorroga-negociaciones-comerciales-globales\\\/#primaryimage\",\"url\":\"https:\\\/\\\/www.tressis.com\\\/wp-content\\\/uploads\\\/2025\\\/07\\\/negociaciones-comerciales.webp\",\"contentUrl\":\"https:\\\/\\\/www.tressis.com\\\/wp-content\\\/uploads\\\/2025\\\/07\\\/negociaciones-comerciales.webp\",\"width\":1200,\"height\":531,\"caption\":\"Negociaciones comerciales\"},{\"@type\":\"BreadcrumbList\",\"@id\":\"https:\\\/\\\/www.tressis.com\\\/ca\\\/blog\\\/prorroga-negociaciones-comerciales-globales\\\/#breadcrumb\",\"itemListElement\":[{\"@type\":\"ListItem\",\"position\":1,\"name\":\"Inicio\",\"item\":\"https:\\\/\\\/www.tressis.com\\\/ca\\\/\"},{\"@type\":\"ListItem\",\"position\":2,\"name\":\"Morning meeting\",\"item\":\"https:\\\/\\\/www.tressis.com\\\/ca\\\/blog\\\/categorias\\\/morning-meeting-ca\\\/\"},{\"@type\":\"ListItem\",\"position\":3,\"name\":\"Pr\u00f3rroga en las negociaciones comerciales globales\"}]},{\"@type\":\"WebSite\",\"@id\":\"https:\\\/\\\/www.tressis.com\\\/ca\\\/#website\",\"url\":\"https:\\\/\\\/www.tressis.com\\\/ca\\\/\",\"name\":\"Tressis banca privada\",\"description\":\"Tressis | Planificaci\u00f3n financiera y gesti\u00f3n de patrimonios\",\"publisher\":{\"@id\":\"https:\\\/\\\/www.tressis.com\\\/ca\\\/#organization\"},\"potentialAction\":[{\"@type\":\"SearchAction\",\"target\":{\"@type\":\"EntryPoint\",\"urlTemplate\":\"https:\\\/\\\/www.tressis.com\\\/ca\\\/?s={search_term_string}\"},\"query-input\":{\"@type\":\"PropertyValueSpecification\",\"valueRequired\":true,\"valueName\":\"search_term_string\"}}],\"inLanguage\":\"ca\"},{\"@type\":\"Organization\",\"@id\":\"https:\\\/\\\/www.tressis.com\\\/ca\\\/#organization\",\"name\":\"Tressis\",\"url\":\"https:\\\/\\\/www.tressis.com\\\/ca\\\/\",\"logo\":{\"@type\":\"ImageObject\",\"inLanguage\":\"ca\",\"@id\":\"https:\\\/\\\/www.tressis.com\\\/ca\\\/#\\\/schema\\\/logo\\\/image\\\/\",\"url\":\"https:\\\/\\\/www.tressis.com\\\/wp-content\\\/uploads\\\/2025\\\/06\\\/logo-tressis-112.png\",\"contentUrl\":\"https:\\\/\\\/www.tressis.com\\\/wp-content\\\/uploads\\\/2025\\\/06\\\/logo-tressis-112.png\",\"width\":112,\"height\":112,\"caption\":\"Tressis\"},\"image\":{\"@id\":\"https:\\\/\\\/www.tressis.com\\\/ca\\\/#\\\/schema\\\/logo\\\/image\\\/\"},\"sameAs\":[\"https:\\\/\\\/www.facebook.com\\\/Tressis\\\/\",\"https:\\\/\\\/x.com\\\/TressisSV\",\"https:\\\/\\\/www.instagram.com\\\/tressissv\\\/?hl=es\",\"https:\\\/\\\/linkedin.com\\\/company\\\/tressis\\\/\",\"https:\\\/\\\/www.youtube.com\\\/user\\\/tressissv\",\"https:\\\/\\\/open.spotify.com\\\/show\\\/3jmTe1Nf0wqMILl7diWV6h?si=d7112519f13c4593&nd=1\"]},{\"@type\":\"Person\",\"@id\":\"https:\\\/\\\/www.tressis.com\\\/ca\\\/#\\\/schema\\\/person\\\/56d3b4de0493f088a4ca62a2e0c790ae\",\"name\":\"Armando\",\"image\":{\"@type\":\"ImageObject\",\"inLanguage\":\"ca\",\"@id\":\"https:\\\/\\\/secure.gravatar.com\\\/avatar\\\/6d7efca74644be7dae792b122beab663996c233ae58f101b52769ece1cbf1435?s=96&d=mm&r=g\",\"url\":\"https:\\\/\\\/secure.gravatar.com\\\/avatar\\\/6d7efca74644be7dae792b122beab663996c233ae58f101b52769ece1cbf1435?s=96&d=mm&r=g\",\"contentUrl\":\"https:\\\/\\\/secure.gravatar.com\\\/avatar\\\/6d7efca74644be7dae792b122beab663996c233ae58f101b52769ece1cbf1435?s=96&d=mm&r=g\",\"caption\":\"Armando\"}}]}<\/script>\n<!-- \/ Yoast SEO plugin. -->","yoast_head_json":{"title":"Pr\u00f3rroga en las negociaciones comerciales globales","robots":{"index":"index","follow":"nofollow","max-snippet":"max-snippet:-1","max-image-preview":"max-image-preview:large","max-video-preview":"max-video-preview:-1"},"canonical":"https:\/\/www.tressis.com\/ca\/blog\/prorroga-negociaciones-comerciales-globales\/","og_locale":"ca_ES","og_type":"article","og_title":"Pr\u00f3rroga en las negociaciones comerciales globales","og_description":"El viernes pasado, los mercados cotizaron sin la referencia americana, esa tan necesaria que provoca que, cuando Wall Street cierra por festivo, el resto de los parqu\u00e9s pasen el d\u00eda sin rumbo claro. Pero eso es lo habitual, porque el viernes s\u00ed hubo claras ca\u00eddas en Europa, con los \u00edndices franc\u00e9s (-0,75%) y espa\u00f1ol (-1,48%) [&hellip;]","og_url":"https:\/\/www.tressis.com\/ca\/blog\/prorroga-negociaciones-comerciales-globales\/","og_site_name":"Tressis","article_publisher":"https:\/\/www.facebook.com\/Tressis\/","article_published_time":"2025-07-07T07:35:41+00:00","og_image":[{"width":1200,"height":531,"url":"http:\/\/test.tressis.com\/wp-content\/uploads\/2025\/07\/negociaciones-comerciales.webp","type":"image\/webp"}],"author":"Armando","twitter_card":"summary_large_image","twitter_creator":"@TressisSV","twitter_site":"@TressisSV","twitter_misc":{"Escrit per":"Armando","Temps estimat de lectura":"7 minuts"},"schema":{"@context":"https:\/\/schema.org","@graph":[{"@type":"Article","@id":"https:\/\/www.tressis.com\/ca\/blog\/prorroga-negociaciones-comerciales-globales\/#article","isPartOf":{"@id":"https:\/\/www.tressis.com\/ca\/blog\/prorroga-negociaciones-comerciales-globales\/"},"author":{"name":"Armando","@id":"https:\/\/www.tressis.com\/ca\/#\/schema\/person\/56d3b4de0493f088a4ca62a2e0c790ae"},"headline":"Pr\u00f3rroga en las negociaciones comerciales globales","datePublished":"2025-07-07T07:35:41+00:00","mainEntityOfPage":{"@id":"https:\/\/www.tressis.com\/ca\/blog\/prorroga-negociaciones-comerciales-globales\/"},"wordCount":1342,"publisher":{"@id":"https:\/\/www.tressis.com\/ca\/#organization"},"image":{"@id":"https:\/\/www.tressis.com\/ca\/blog\/prorroga-negociaciones-comerciales-globales\/#primaryimage"},"thumbnailUrl":"https:\/\/www.tressis.com\/wp-content\/uploads\/2025\/07\/negociaciones-comerciales.webp","articleSection":["Morning meeting"],"inLanguage":"ca"},{"@type":"WebPage","@id":"https:\/\/www.tressis.com\/ca\/blog\/prorroga-negociaciones-comerciales-globales\/","url":"https:\/\/www.tressis.com\/ca\/blog\/prorroga-negociaciones-comerciales-globales\/","name":"Pr\u00f3rroga en las negociaciones comerciales globales","isPartOf":{"@id":"https:\/\/www.tressis.com\/ca\/#website"},"primaryImageOfPage":{"@id":"https:\/\/www.tressis.com\/ca\/blog\/prorroga-negociaciones-comerciales-globales\/#primaryimage"},"image":{"@id":"https:\/\/www.tressis.com\/ca\/blog\/prorroga-negociaciones-comerciales-globales\/#primaryimage"},"thumbnailUrl":"https:\/\/www.tressis.com\/wp-content\/uploads\/2025\/07\/negociaciones-comerciales.webp","datePublished":"2025-07-07T07:35:41+00:00","breadcrumb":{"@id":"https:\/\/www.tressis.com\/ca\/blog\/prorroga-negociaciones-comerciales-globales\/#breadcrumb"},"inLanguage":"ca","potentialAction":[{"@type":"ReadAction","target":["https:\/\/www.tressis.com\/ca\/blog\/prorroga-negociaciones-comerciales-globales\/"]}]},{"@type":"ImageObject","inLanguage":"ca","@id":"https:\/\/www.tressis.com\/ca\/blog\/prorroga-negociaciones-comerciales-globales\/#primaryimage","url":"https:\/\/www.tressis.com\/wp-content\/uploads\/2025\/07\/negociaciones-comerciales.webp","contentUrl":"https:\/\/www.tressis.com\/wp-content\/uploads\/2025\/07\/negociaciones-comerciales.webp","width":1200,"height":531,"caption":"Negociaciones comerciales"},{"@type":"BreadcrumbList","@id":"https:\/\/www.tressis.com\/ca\/blog\/prorroga-negociaciones-comerciales-globales\/#breadcrumb","itemListElement":[{"@type":"ListItem","position":1,"name":"Inicio","item":"https:\/\/www.tressis.com\/ca\/"},{"@type":"ListItem","position":2,"name":"Morning meeting","item":"https:\/\/www.tressis.com\/ca\/blog\/categorias\/morning-meeting-ca\/"},{"@type":"ListItem","position":3,"name":"Pr\u00f3rroga en las negociaciones comerciales globales"}]},{"@type":"WebSite","@id":"https:\/\/www.tressis.com\/ca\/#website","url":"https:\/\/www.tressis.com\/ca\/","name":"Tressis banca privada","description":"Tressis | Planificaci\u00f3n financiera y gesti\u00f3n de patrimonios","publisher":{"@id":"https:\/\/www.tressis.com\/ca\/#organization"},"potentialAction":[{"@type":"SearchAction","target":{"@type":"EntryPoint","urlTemplate":"https:\/\/www.tressis.com\/ca\/?s={search_term_string}"},"query-input":{"@type":"PropertyValueSpecification","valueRequired":true,"valueName":"search_term_string"}}],"inLanguage":"ca"},{"@type":"Organization","@id":"https:\/\/www.tressis.com\/ca\/#organization","name":"Tressis","url":"https:\/\/www.tressis.com\/ca\/","logo":{"@type":"ImageObject","inLanguage":"ca","@id":"https:\/\/www.tressis.com\/ca\/#\/schema\/logo\/image\/","url":"https:\/\/www.tressis.com\/wp-content\/uploads\/2025\/06\/logo-tressis-112.png","contentUrl":"https:\/\/www.tressis.com\/wp-content\/uploads\/2025\/06\/logo-tressis-112.png","width":112,"height":112,"caption":"Tressis"},"image":{"@id":"https:\/\/www.tressis.com\/ca\/#\/schema\/logo\/image\/"},"sameAs":["https:\/\/www.facebook.com\/Tressis\/","https:\/\/x.com\/TressisSV","https:\/\/www.instagram.com\/tressissv\/?hl=es","https:\/\/linkedin.com\/company\/tressis\/","https:\/\/www.youtube.com\/user\/tressissv","https:\/\/open.spotify.com\/show\/3jmTe1Nf0wqMILl7diWV6h?si=d7112519f13c4593&nd=1"]},{"@type":"Person","@id":"https:\/\/www.tressis.com\/ca\/#\/schema\/person\/56d3b4de0493f088a4ca62a2e0c790ae","name":"Armando","image":{"@type":"ImageObject","inLanguage":"ca","@id":"https:\/\/secure.gravatar.com\/avatar\/6d7efca74644be7dae792b122beab663996c233ae58f101b52769ece1cbf1435?s=96&d=mm&r=g","url":"https:\/\/secure.gravatar.com\/avatar\/6d7efca74644be7dae792b122beab663996c233ae58f101b52769ece1cbf1435?s=96&d=mm&r=g","contentUrl":"https:\/\/secure.gravatar.com\/avatar\/6d7efca74644be7dae792b122beab663996c233ae58f101b52769ece1cbf1435?s=96&d=mm&r=g","caption":"Armando"}}]}},"_links":{"self":[{"href":"https:\/\/www.tressis.com\/ca\/wp-json\/wp\/v2\/posts\/110020","targetHints":{"allow":["GET"]}}],"collection":[{"href":"https:\/\/www.tressis.com\/ca\/wp-json\/wp\/v2\/posts"}],"about":[{"href":"https:\/\/www.tressis.com\/ca\/wp-json\/wp\/v2\/types\/post"}],"author":[{"embeddable":true,"href":"https:\/\/www.tressis.com\/ca\/wp-json\/wp\/v2\/users\/9"}],"replies":[{"embeddable":true,"href":"https:\/\/www.tressis.com\/ca\/wp-json\/wp\/v2\/comments?post=110020"}],"version-history":[{"count":0,"href":"https:\/\/www.tressis.com\/ca\/wp-json\/wp\/v2\/posts\/110020\/revisions"}],"wp:featuredmedia":[{"embeddable":true,"href":"https:\/\/www.tressis.com\/ca\/wp-json\/wp\/v2\/media\/110102"}],"wp:attachment":[{"href":"https:\/\/www.tressis.com\/ca\/wp-json\/wp\/v2\/media?parent=110020"}],"wp:term":[{"taxonomy":"category","embeddable":true,"href":"https:\/\/www.tressis.com\/ca\/wp-json\/wp\/v2\/categories?post=110020"},{"taxonomy":"post_tag","embeddable":true,"href":"https:\/\/www.tressis.com\/ca\/wp-json\/wp\/v2\/tags?post=110020"}],"curies":[{"name":"wp","href":"https:\/\/api.w.org\/{rel}","templated":true}]}}