{"id":110018,"date":"2025-07-03T08:52:15","date_gmt":"2025-07-03T06:52:15","guid":{"rendered":"https:\/\/www.tressis.com\/?p=108660"},"modified":"2025-07-03T08:52:15","modified_gmt":"2025-07-03T06:52:15","slug":"avances-proyecto-presupuestario-eeuu","status":"publish","type":"post","link":"https:\/\/www.tressis.com\/ca\/blog\/avances-proyecto-presupuestario-eeuu\/","title":{"rendered":"Avances por el proyecto presupuestario de Estados Unidos"},"content":{"rendered":"<p>Las bolsas europeas retomaron ayer las subidas, animadas por el avance del proyecto presupuestario en Estados Unidos y las expectativas de acuerdos comerciales antes del 9 de julio, fecha l\u00edmite fijada por la Administraci\u00f3n Trump para suspender los nuevos aranceles. El \u00edndice STOXX 600 repunt\u00f3 un 0,2%, con Par\u00eds a la cabeza (+1%) gracias al buen comportamiento del lujo. LVMH, Moncler y Burberry subieron en torno al 4% despu\u00e9s de que UBS mejorara su recomendaci\u00f3n sobre el sector, al considerar que las ca\u00eddas recientes ofrecen una oportunidad t\u00e1ctica, pese a los riesgos en China.<\/p>\n<p>&nbsp;<\/p>\n<h2><strong>Valores vinculados a renovables<\/strong><\/h2>\n<p>Tambi\u00e9n destacaron los valores vinculados a renovables, <strong>favorecidos por el nuevo texto presupuestario aprobado por el Senado estadounidense<\/strong>, que suaviza los recortes al sector e\u00f3lico. La reactivaci\u00f3n del proyecto <a href=\"https:\/\/www.empirewind.com\/\" target=\"_blank\">Empire Wind<\/a>, frente a la costa de Nueva York, contribuy\u00f3 a disipar los temores sobre el peor escenario posible bajo la presidencia de Trump. Vestas se dispar\u00f3 un 10% y lider\u00f3 las subidas del \u00edndice.<\/p>\n<p>&nbsp;<\/p>\n<div style=\"text-align: center; margin-bottom: 10px;\"><a href=\"https:\/\/www.tressis.com\/tressis-vision\/?utm_source=web_publica&#038;utm_medium=direct&#038;utm_campaign=descarga_paper&#038;utm_term=tressisvision&#038;utm_content=blog_MMV\" \ntarget=\"_blank\" rel=\"noopener\"><img fetchpriority=\"high\" class=\"aligncenter wp-image-67199 size-full\" \nsrc=\"https:\/\/www.tressis.com\/wp-content\/uploads\/2023\/03\/CTA-Tressis-vision-para-articulos-blog.jpg\" \nalt=\"Informe mensual - Tressis visi\u00f3n\" width=\"800\" height=\"354\" style=\"aspect-ratio: 400 \/ 177;\" srcset=\"https:\/\/www.tressis.com\/wp-content\/uploads\/2023\/03\/CTA-Tressis-vision-para-articulos-blog.jpg 800w, https:\/\/www.tressis.com\/wp-content\/uploads\/2023\/03\/CTA-Tressis-vision-para-articulos-blog-300x133.jpg 300w, https:\/\/www.tressis.com\/wp-content\/uploads\/2023\/03\/CTA-Tressis-vision-para-articulos-blog-768x340.jpg 768w\" sizes=\"(max-width: 800px) 100vw, 800px\" \/><\/a><\/div>\n<p>&nbsp;<\/p>\n<h2><strong>Bolsas europeas<\/strong><\/h2>\n<p>El Ibex 35 tambi\u00e9n cerr\u00f3 en positivo (+0,4%), con Sabadell ganando un 5,2% tras conocerse que Santander ha alcanzado un acuerdo para comprar su filial brit\u00e1nica TSB. Por el contrario, los activos brit\u00e1nicos sufrieron una fuerte correcci\u00f3n: la libra, los bonos soberanos y las acciones locales retrocedieron con fuerza, especialmente las de mediana capitalizaci\u00f3n (-1,3%). El motivo fue <strong>el nuevo rev\u00e9s del Gobierno brit\u00e1nico en materia de pol\u00edtica social<\/strong>, que reaviv\u00f3 las dudas sobre la sostenibilidad fiscal.<\/p>\n<p>&nbsp;<\/p>\n<h2><strong>Bolsas estadounidenses<\/strong><\/h2>\n<p>En Wall Street, la jornada comenz\u00f3 con ca\u00eddas tras conocerse un decepcionante dato de empleo privado (ADP), que reflej\u00f3 la primera contracci\u00f3n mensual en m\u00e1s de dos a\u00f1os. Sin embargo, el tono cambi\u00f3 con fuerza despu\u00e9s de que el presidente Trump anunciase un acuerdo comercial con Vietnam que suaviza los aranceles respecto a lo inicialmente previsto. Esto impuls\u00f3 a los \u00edndices a cerrar en m\u00e1ximos hist\u00f3ricos, con el S&#038;P 500 y el Nasdaq liderados por los valores tecnol\u00f3gicos.<\/p>\n<p>&nbsp;<\/p>\n<div style=\"text-align: center; margin-bottom: 10px;\"><img decoding=\"async\" src=\"https:\/\/www.tressis.com\/wp-content\/uploads\/2025\/07\/adp-us-labor.webp\" width=\"600\" height=\"376\" alt=\"ADP v. U.S. Labor dept.\" class=\"wp-image-108665\" style=\"aspect-ratio: 75 \/ 47;\" \/><\/div>\n<p>&nbsp;<\/p>\n<p>Nvidia, Apple y Tesla destacaron especialmente. Esta \u00faltima rebot\u00f3 un 5% pese a haber confirmado una fuerte ca\u00edda de entregas en el segundo trimestre, al considerar algunos analistas que los datos no fueron tan negativos como se tem\u00eda. Tambi\u00e9n fue protagonista Centene, que se desplom\u00f3 un 40% tras retirar su previsi\u00f3n de beneficios para 2025 debido a menores ingresos esperados en sus seguros de salud. El castigo reaviva las dudas sobre la sostenibilidad del modelo de aseguradoras sanitarias en Estados Unidos.<\/p>\n<p>&nbsp;<\/p>\n<h2><strong>El proyecto de ley de Trump<\/strong><\/h2>\n<p>Por otro lado, el proyecto de ley fiscal de Trump sigue avanzando en el Congreso, pese a las advertencias de que podr\u00eda incrementar la deuda p\u00fablica en m\u00e1s de tres billones de d\u00f3lares en la pr\u00f3xima d\u00e9cada. El rendimiento del bono estadounidense a diez a\u00f1os subi\u00f3 ligeramente, mientras que el d\u00f3lar se fortaleci\u00f3 frente a las principales divisas.<\/p>\n<p>&nbsp;<\/p>\n<p>Hoy el foco estar\u00e1 puesto en el informe oficial de empleo de junio en Estados Unidos. Se espera la creaci\u00f3n de unos 110.000 puestos de trabajo y un aumento de la tasa de paro hasta el 4,3%. Un dato d\u00e9bil podr\u00eda reforzar las expectativas de bajadas de tipos ya este verano. Tambi\u00e9n se publicar\u00e1n los pedidos de f\u00e1brica de mayo y el \u00edndice ISM de servicios.<\/p>\n<p>&nbsp;<\/p>\n<p>Feliz jueves.<\/p>\n<p>&nbsp;<\/p>\n<p><center><strong>Jose Francisco Ib\u00e1\u00f1ez<\/strong><br \/>\nAnalista<\/center><\/p>\n","protected":false},"excerpt":{"rendered":"<p>Las bolsas europeas retomaron ayer las subidas, animadas por el avance del proyecto presupuestario en Estados Unidos y las expectativas de acuerdos comerciales antes del 9 de julio, fecha l\u00edmite fijada por la Administraci\u00f3n Trump para suspender los nuevos aranceles. El \u00edndice STOXX 600 repunt\u00f3 un 0,2%, con Par\u00eds a la cabeza (+1%) gracias al [&hellip;]<\/p>\n","protected":false},"author":9,"featured_media":110097,"comment_status":"closed","ping_status":"open","sticky":false,"template":"","format":"standard","meta":{"_acf_changed":false,"footnotes":""},"categories":[9721],"tags":[],"class_list":["post-110018","post","type-post","status-publish","format-standard","has-post-thumbnail","hentry","category-morning-meeting"],"acf":[],"yoast_head":"<!-- This site is optimized with the Yoast SEO plugin v27.5 - https:\/\/yoast.com\/product\/yoast-seo-wordpress\/ -->\n<title>Avances por el proyecto presupuestario de Estados Unidos<\/title>\n<meta name=\"robots\" content=\"index, nofollow, max-snippet:-1, max-image-preview:large, max-video-preview:-1\" \/>\n<link rel=\"canonical\" href=\"https:\/\/www.tressis.com\/ca\/blog\/avances-proyecto-presupuestario-eeuu\/\" \/>\n<meta property=\"og:locale\" content=\"ca_ES\" \/>\n<meta property=\"og:type\" content=\"article\" \/>\n<meta property=\"og:title\" content=\"Avances por el proyecto presupuestario de Estados Unidos\" \/>\n<meta property=\"og:description\" content=\"Las bolsas europeas retomaron ayer las subidas, animadas por el avance del proyecto presupuestario en Estados Unidos y las expectativas de acuerdos comerciales antes del 9 de julio, fecha l\u00edmite fijada por la Administraci\u00f3n Trump para suspender los nuevos aranceles. El \u00edndice STOXX 600 repunt\u00f3 un 0,2%, con Par\u00eds a la cabeza (+1%) gracias al [&hellip;]\" \/>\n<meta property=\"og:url\" content=\"https:\/\/www.tressis.com\/ca\/blog\/avances-proyecto-presupuestario-eeuu\/\" \/>\n<meta property=\"og:site_name\" content=\"Tressis\" \/>\n<meta property=\"article:publisher\" content=\"https:\/\/www.facebook.com\/Tressis\/\" \/>\n<meta property=\"article:published_time\" content=\"2025-07-03T06:52:15+00:00\" \/>\n<meta property=\"og:image\" content=\"http:\/\/test.tressis.com\/wp-content\/uploads\/2025\/07\/presupuestos-eeuu.webp\" \/>\n\t<meta property=\"og:image:width\" content=\"1200\" \/>\n\t<meta property=\"og:image:height\" content=\"531\" \/>\n\t<meta property=\"og:image:type\" content=\"image\/webp\" \/>\n<meta name=\"author\" content=\"Armando\" \/>\n<meta name=\"twitter:card\" content=\"summary_large_image\" \/>\n<meta name=\"twitter:creator\" content=\"@TressisSV\" \/>\n<meta name=\"twitter:site\" content=\"@TressisSV\" \/>\n<meta name=\"twitter:label1\" content=\"Escrit per\" \/>\n\t<meta name=\"twitter:data1\" content=\"Armando\" \/>\n\t<meta name=\"twitter:label2\" content=\"Temps estimat de lectura\" \/>\n\t<meta name=\"twitter:data2\" content=\"3 minuts\" \/>\n<script type=\"application\/ld+json\" class=\"yoast-schema-graph\">{\"@context\":\"https:\\\/\\\/schema.org\",\"@graph\":[{\"@type\":\"Article\",\"@id\":\"https:\\\/\\\/www.tressis.com\\\/ca\\\/blog\\\/avances-proyecto-presupuestario-eeuu\\\/#article\",\"isPartOf\":{\"@id\":\"https:\\\/\\\/www.tressis.com\\\/ca\\\/blog\\\/avances-proyecto-presupuestario-eeuu\\\/\"},\"author\":{\"name\":\"Armando\",\"@id\":\"https:\\\/\\\/www.tressis.com\\\/ca\\\/#\\\/schema\\\/person\\\/56d3b4de0493f088a4ca62a2e0c790ae\"},\"headline\":\"Avances por el proyecto presupuestario de Estados Unidos\",\"datePublished\":\"2025-07-03T06:52:15+00:00\",\"mainEntityOfPage\":{\"@id\":\"https:\\\/\\\/www.tressis.com\\\/ca\\\/blog\\\/avances-proyecto-presupuestario-eeuu\\\/\"},\"wordCount\":587,\"publisher\":{\"@id\":\"https:\\\/\\\/www.tressis.com\\\/ca\\\/#organization\"},\"image\":{\"@id\":\"https:\\\/\\\/www.tressis.com\\\/ca\\\/blog\\\/avances-proyecto-presupuestario-eeuu\\\/#primaryimage\"},\"thumbnailUrl\":\"https:\\\/\\\/www.tressis.com\\\/wp-content\\\/uploads\\\/2025\\\/07\\\/presupuestos-eeuu.webp\",\"articleSection\":[\"Morning meeting\"],\"inLanguage\":\"ca\"},{\"@type\":\"WebPage\",\"@id\":\"https:\\\/\\\/www.tressis.com\\\/ca\\\/blog\\\/avances-proyecto-presupuestario-eeuu\\\/\",\"url\":\"https:\\\/\\\/www.tressis.com\\\/ca\\\/blog\\\/avances-proyecto-presupuestario-eeuu\\\/\",\"name\":\"Avances por el proyecto presupuestario de Estados Unidos\",\"isPartOf\":{\"@id\":\"https:\\\/\\\/www.tressis.com\\\/ca\\\/#website\"},\"primaryImageOfPage\":{\"@id\":\"https:\\\/\\\/www.tressis.com\\\/ca\\\/blog\\\/avances-proyecto-presupuestario-eeuu\\\/#primaryimage\"},\"image\":{\"@id\":\"https:\\\/\\\/www.tressis.com\\\/ca\\\/blog\\\/avances-proyecto-presupuestario-eeuu\\\/#primaryimage\"},\"thumbnailUrl\":\"https:\\\/\\\/www.tressis.com\\\/wp-content\\\/uploads\\\/2025\\\/07\\\/presupuestos-eeuu.webp\",\"datePublished\":\"2025-07-03T06:52:15+00:00\",\"breadcrumb\":{\"@id\":\"https:\\\/\\\/www.tressis.com\\\/ca\\\/blog\\\/avances-proyecto-presupuestario-eeuu\\\/#breadcrumb\"},\"inLanguage\":\"ca\",\"potentialAction\":[{\"@type\":\"ReadAction\",\"target\":[\"https:\\\/\\\/www.tressis.com\\\/ca\\\/blog\\\/avances-proyecto-presupuestario-eeuu\\\/\"]}]},{\"@type\":\"ImageObject\",\"inLanguage\":\"ca\",\"@id\":\"https:\\\/\\\/www.tressis.com\\\/ca\\\/blog\\\/avances-proyecto-presupuestario-eeuu\\\/#primaryimage\",\"url\":\"https:\\\/\\\/www.tressis.com\\\/wp-content\\\/uploads\\\/2025\\\/07\\\/presupuestos-eeuu.webp\",\"contentUrl\":\"https:\\\/\\\/www.tressis.com\\\/wp-content\\\/uploads\\\/2025\\\/07\\\/presupuestos-eeuu.webp\",\"width\":1200,\"height\":531,\"caption\":\"Presupuestos EE.UU.\"},{\"@type\":\"BreadcrumbList\",\"@id\":\"https:\\\/\\\/www.tressis.com\\\/ca\\\/blog\\\/avances-proyecto-presupuestario-eeuu\\\/#breadcrumb\",\"itemListElement\":[{\"@type\":\"ListItem\",\"position\":1,\"name\":\"Inicio\",\"item\":\"https:\\\/\\\/www.tressis.com\\\/ca\\\/\"},{\"@type\":\"ListItem\",\"position\":2,\"name\":\"Morning meeting\",\"item\":\"https:\\\/\\\/www.tressis.com\\\/ca\\\/blog\\\/categorias\\\/morning-meeting-ca\\\/\"},{\"@type\":\"ListItem\",\"position\":3,\"name\":\"Avances por el proyecto presupuestario de Estados Unidos\"}]},{\"@type\":\"WebSite\",\"@id\":\"https:\\\/\\\/www.tressis.com\\\/ca\\\/#website\",\"url\":\"https:\\\/\\\/www.tressis.com\\\/ca\\\/\",\"name\":\"Tressis banca privada\",\"description\":\"Tressis | Planificaci\u00f3n financiera y gesti\u00f3n de patrimonios\",\"publisher\":{\"@id\":\"https:\\\/\\\/www.tressis.com\\\/ca\\\/#organization\"},\"potentialAction\":[{\"@type\":\"SearchAction\",\"target\":{\"@type\":\"EntryPoint\",\"urlTemplate\":\"https:\\\/\\\/www.tressis.com\\\/ca\\\/?s={search_term_string}\"},\"query-input\":{\"@type\":\"PropertyValueSpecification\",\"valueRequired\":true,\"valueName\":\"search_term_string\"}}],\"inLanguage\":\"ca\"},{\"@type\":\"Organization\",\"@id\":\"https:\\\/\\\/www.tressis.com\\\/ca\\\/#organization\",\"name\":\"Tressis\",\"url\":\"https:\\\/\\\/www.tressis.com\\\/ca\\\/\",\"logo\":{\"@type\":\"ImageObject\",\"inLanguage\":\"ca\",\"@id\":\"https:\\\/\\\/www.tressis.com\\\/ca\\\/#\\\/schema\\\/logo\\\/image\\\/\",\"url\":\"https:\\\/\\\/www.tressis.com\\\/wp-content\\\/uploads\\\/2025\\\/06\\\/logo-tressis-112.png\",\"contentUrl\":\"https:\\\/\\\/www.tressis.com\\\/wp-content\\\/uploads\\\/2025\\\/06\\\/logo-tressis-112.png\",\"width\":112,\"height\":112,\"caption\":\"Tressis\"},\"image\":{\"@id\":\"https:\\\/\\\/www.tressis.com\\\/ca\\\/#\\\/schema\\\/logo\\\/image\\\/\"},\"sameAs\":[\"https:\\\/\\\/www.facebook.com\\\/Tressis\\\/\",\"https:\\\/\\\/x.com\\\/TressisSV\",\"https:\\\/\\\/www.instagram.com\\\/tressissv\\\/?hl=es\",\"https:\\\/\\\/linkedin.com\\\/company\\\/tressis\\\/\",\"https:\\\/\\\/www.youtube.com\\\/user\\\/tressissv\",\"https:\\\/\\\/open.spotify.com\\\/show\\\/3jmTe1Nf0wqMILl7diWV6h?si=d7112519f13c4593&nd=1\"]},{\"@type\":\"Person\",\"@id\":\"https:\\\/\\\/www.tressis.com\\\/ca\\\/#\\\/schema\\\/person\\\/56d3b4de0493f088a4ca62a2e0c790ae\",\"name\":\"Armando\",\"image\":{\"@type\":\"ImageObject\",\"inLanguage\":\"ca\",\"@id\":\"https:\\\/\\\/secure.gravatar.com\\\/avatar\\\/6d7efca74644be7dae792b122beab663996c233ae58f101b52769ece1cbf1435?s=96&d=mm&r=g\",\"url\":\"https:\\\/\\\/secure.gravatar.com\\\/avatar\\\/6d7efca74644be7dae792b122beab663996c233ae58f101b52769ece1cbf1435?s=96&d=mm&r=g\",\"contentUrl\":\"https:\\\/\\\/secure.gravatar.com\\\/avatar\\\/6d7efca74644be7dae792b122beab663996c233ae58f101b52769ece1cbf1435?s=96&d=mm&r=g\",\"caption\":\"Armando\"}}]}<\/script>\n<!-- \/ Yoast SEO plugin. -->","yoast_head_json":{"title":"Avances por el proyecto presupuestario de Estados Unidos","robots":{"index":"index","follow":"nofollow","max-snippet":"max-snippet:-1","max-image-preview":"max-image-preview:large","max-video-preview":"max-video-preview:-1"},"canonical":"https:\/\/www.tressis.com\/ca\/blog\/avances-proyecto-presupuestario-eeuu\/","og_locale":"ca_ES","og_type":"article","og_title":"Avances por el proyecto presupuestario de Estados Unidos","og_description":"Las bolsas europeas retomaron ayer las subidas, animadas por el avance del proyecto presupuestario en Estados Unidos y las expectativas de acuerdos comerciales antes del 9 de julio, fecha l\u00edmite fijada por la Administraci\u00f3n Trump para suspender los nuevos aranceles. El \u00edndice STOXX 600 repunt\u00f3 un 0,2%, con Par\u00eds a la cabeza (+1%) gracias al [&hellip;]","og_url":"https:\/\/www.tressis.com\/ca\/blog\/avances-proyecto-presupuestario-eeuu\/","og_site_name":"Tressis","article_publisher":"https:\/\/www.facebook.com\/Tressis\/","article_published_time":"2025-07-03T06:52:15+00:00","og_image":[{"width":1200,"height":531,"url":"http:\/\/test.tressis.com\/wp-content\/uploads\/2025\/07\/presupuestos-eeuu.webp","type":"image\/webp"}],"author":"Armando","twitter_card":"summary_large_image","twitter_creator":"@TressisSV","twitter_site":"@TressisSV","twitter_misc":{"Escrit per":"Armando","Temps estimat de lectura":"3 minuts"},"schema":{"@context":"https:\/\/schema.org","@graph":[{"@type":"Article","@id":"https:\/\/www.tressis.com\/ca\/blog\/avances-proyecto-presupuestario-eeuu\/#article","isPartOf":{"@id":"https:\/\/www.tressis.com\/ca\/blog\/avances-proyecto-presupuestario-eeuu\/"},"author":{"name":"Armando","@id":"https:\/\/www.tressis.com\/ca\/#\/schema\/person\/56d3b4de0493f088a4ca62a2e0c790ae"},"headline":"Avances por el proyecto presupuestario de Estados Unidos","datePublished":"2025-07-03T06:52:15+00:00","mainEntityOfPage":{"@id":"https:\/\/www.tressis.com\/ca\/blog\/avances-proyecto-presupuestario-eeuu\/"},"wordCount":587,"publisher":{"@id":"https:\/\/www.tressis.com\/ca\/#organization"},"image":{"@id":"https:\/\/www.tressis.com\/ca\/blog\/avances-proyecto-presupuestario-eeuu\/#primaryimage"},"thumbnailUrl":"https:\/\/www.tressis.com\/wp-content\/uploads\/2025\/07\/presupuestos-eeuu.webp","articleSection":["Morning meeting"],"inLanguage":"ca"},{"@type":"WebPage","@id":"https:\/\/www.tressis.com\/ca\/blog\/avances-proyecto-presupuestario-eeuu\/","url":"https:\/\/www.tressis.com\/ca\/blog\/avances-proyecto-presupuestario-eeuu\/","name":"Avances por el proyecto presupuestario de Estados Unidos","isPartOf":{"@id":"https:\/\/www.tressis.com\/ca\/#website"},"primaryImageOfPage":{"@id":"https:\/\/www.tressis.com\/ca\/blog\/avances-proyecto-presupuestario-eeuu\/#primaryimage"},"image":{"@id":"https:\/\/www.tressis.com\/ca\/blog\/avances-proyecto-presupuestario-eeuu\/#primaryimage"},"thumbnailUrl":"https:\/\/www.tressis.com\/wp-content\/uploads\/2025\/07\/presupuestos-eeuu.webp","datePublished":"2025-07-03T06:52:15+00:00","breadcrumb":{"@id":"https:\/\/www.tressis.com\/ca\/blog\/avances-proyecto-presupuestario-eeuu\/#breadcrumb"},"inLanguage":"ca","potentialAction":[{"@type":"ReadAction","target":["https:\/\/www.tressis.com\/ca\/blog\/avances-proyecto-presupuestario-eeuu\/"]}]},{"@type":"ImageObject","inLanguage":"ca","@id":"https:\/\/www.tressis.com\/ca\/blog\/avances-proyecto-presupuestario-eeuu\/#primaryimage","url":"https:\/\/www.tressis.com\/wp-content\/uploads\/2025\/07\/presupuestos-eeuu.webp","contentUrl":"https:\/\/www.tressis.com\/wp-content\/uploads\/2025\/07\/presupuestos-eeuu.webp","width":1200,"height":531,"caption":"Presupuestos EE.UU."},{"@type":"BreadcrumbList","@id":"https:\/\/www.tressis.com\/ca\/blog\/avances-proyecto-presupuestario-eeuu\/#breadcrumb","itemListElement":[{"@type":"ListItem","position":1,"name":"Inicio","item":"https:\/\/www.tressis.com\/ca\/"},{"@type":"ListItem","position":2,"name":"Morning meeting","item":"https:\/\/www.tressis.com\/ca\/blog\/categorias\/morning-meeting-ca\/"},{"@type":"ListItem","position":3,"name":"Avances por el proyecto presupuestario de Estados Unidos"}]},{"@type":"WebSite","@id":"https:\/\/www.tressis.com\/ca\/#website","url":"https:\/\/www.tressis.com\/ca\/","name":"Tressis banca privada","description":"Tressis | Planificaci\u00f3n financiera y gesti\u00f3n de patrimonios","publisher":{"@id":"https:\/\/www.tressis.com\/ca\/#organization"},"potentialAction":[{"@type":"SearchAction","target":{"@type":"EntryPoint","urlTemplate":"https:\/\/www.tressis.com\/ca\/?s={search_term_string}"},"query-input":{"@type":"PropertyValueSpecification","valueRequired":true,"valueName":"search_term_string"}}],"inLanguage":"ca"},{"@type":"Organization","@id":"https:\/\/www.tressis.com\/ca\/#organization","name":"Tressis","url":"https:\/\/www.tressis.com\/ca\/","logo":{"@type":"ImageObject","inLanguage":"ca","@id":"https:\/\/www.tressis.com\/ca\/#\/schema\/logo\/image\/","url":"https:\/\/www.tressis.com\/wp-content\/uploads\/2025\/06\/logo-tressis-112.png","contentUrl":"https:\/\/www.tressis.com\/wp-content\/uploads\/2025\/06\/logo-tressis-112.png","width":112,"height":112,"caption":"Tressis"},"image":{"@id":"https:\/\/www.tressis.com\/ca\/#\/schema\/logo\/image\/"},"sameAs":["https:\/\/www.facebook.com\/Tressis\/","https:\/\/x.com\/TressisSV","https:\/\/www.instagram.com\/tressissv\/?hl=es","https:\/\/linkedin.com\/company\/tressis\/","https:\/\/www.youtube.com\/user\/tressissv","https:\/\/open.spotify.com\/show\/3jmTe1Nf0wqMILl7diWV6h?si=d7112519f13c4593&nd=1"]},{"@type":"Person","@id":"https:\/\/www.tressis.com\/ca\/#\/schema\/person\/56d3b4de0493f088a4ca62a2e0c790ae","name":"Armando","image":{"@type":"ImageObject","inLanguage":"ca","@id":"https:\/\/secure.gravatar.com\/avatar\/6d7efca74644be7dae792b122beab663996c233ae58f101b52769ece1cbf1435?s=96&d=mm&r=g","url":"https:\/\/secure.gravatar.com\/avatar\/6d7efca74644be7dae792b122beab663996c233ae58f101b52769ece1cbf1435?s=96&d=mm&r=g","contentUrl":"https:\/\/secure.gravatar.com\/avatar\/6d7efca74644be7dae792b122beab663996c233ae58f101b52769ece1cbf1435?s=96&d=mm&r=g","caption":"Armando"}}]}},"_links":{"self":[{"href":"https:\/\/www.tressis.com\/ca\/wp-json\/wp\/v2\/posts\/110018","targetHints":{"allow":["GET"]}}],"collection":[{"href":"https:\/\/www.tressis.com\/ca\/wp-json\/wp\/v2\/posts"}],"about":[{"href":"https:\/\/www.tressis.com\/ca\/wp-json\/wp\/v2\/types\/post"}],"author":[{"embeddable":true,"href":"https:\/\/www.tressis.com\/ca\/wp-json\/wp\/v2\/users\/9"}],"replies":[{"embeddable":true,"href":"https:\/\/www.tressis.com\/ca\/wp-json\/wp\/v2\/comments?post=110018"}],"version-history":[{"count":0,"href":"https:\/\/www.tressis.com\/ca\/wp-json\/wp\/v2\/posts\/110018\/revisions"}],"wp:featuredmedia":[{"embeddable":true,"href":"https:\/\/www.tressis.com\/ca\/wp-json\/wp\/v2\/media\/110097"}],"wp:attachment":[{"href":"https:\/\/www.tressis.com\/ca\/wp-json\/wp\/v2\/media?parent=110018"}],"wp:term":[{"taxonomy":"category","embeddable":true,"href":"https:\/\/www.tressis.com\/ca\/wp-json\/wp\/v2\/categories?post=110018"},{"taxonomy":"post_tag","embeddable":true,"href":"https:\/\/www.tressis.com\/ca\/wp-json\/wp\/v2\/tags?post=110018"}],"curies":[{"name":"wp","href":"https:\/\/api.w.org\/{rel}","templated":true}]}}