{"id":110016,"date":"2025-07-01T09:08:32","date_gmt":"2025-07-01T07:08:32","guid":{"rendered":"https:\/\/www.tressis.com\/?p=108606"},"modified":"2025-07-01T09:08:32","modified_gmt":"2025-07-01T07:08:32","slug":"optimismo-mercados-junio","status":"publish","type":"post","link":"https:\/\/www.tressis.com\/ca\/blog\/optimismo-mercados-junio\/","title":{"rendered":"Optimismo de los mercados"},"content":{"rendered":"<p>Los mercados de valores europeos y estadounidenses <strong>han afrontado las \u00faltimas sesiones de junio con cierto optimismo<\/strong>, permitiendo a los principales \u00edndices europeos recuperar parte de las p\u00e9rdidas acumuladas durante el mes y a los estadounidenses, en particular el S&#038;P 500 y el Nasdaq Composite, <strong>cerrar en m\u00e1ximos hist\u00f3ricos<\/strong>. Este buen comportamiento burs\u00e1til ha estado respaldado por tres factores clave: el aparente fin del conflicto entre Israel e Ir\u00e1n, el renovado optimismo en torno a las negociaciones comerciales entre EE.UU. y sus principales socios, destacando el acuerdo con China, y las crecientes expectativas de que la Reserva Federal podr\u00e1 retomar pronto el ciclo de bajadas de tipos de inter\u00e9s, presionando a la baja al d\u00f3lar hasta m\u00ednimos de tres a\u00f1os.<\/p>\n<p>&nbsp;<\/p>\n<div style=\"text-align: center; margin-bottom: 10px;\"><a href=\"https:\/\/www.tressis.com\/tressis-vision\/?utm_source=web_publica&#038;utm_medium=direct&#038;utm_campaign=descarga_paper&#038;utm_term=tressisvision&#038;utm_content=blog_MMV\" \ntarget=\"_blank\" rel=\"noopener\"><img fetchpriority=\"high\" class=\"aligncenter wp-image-67199 size-full\" \nsrc=\"https:\/\/www.tressis.com\/wp-content\/uploads\/2023\/03\/CTA-Tressis-vision-para-articulos-blog.jpg\" \nalt=\"Informe mensual - Tressis visi\u00f3n\" width=\"800\" height=\"354\" style=\"aspect-ratio: 400 \/ 177;\" srcset=\"https:\/\/www.tressis.com\/wp-content\/uploads\/2023\/03\/CTA-Tressis-vision-para-articulos-blog.jpg 800w, https:\/\/www.tressis.com\/wp-content\/uploads\/2023\/03\/CTA-Tressis-vision-para-articulos-blog-300x133.jpg 300w, https:\/\/www.tressis.com\/wp-content\/uploads\/2023\/03\/CTA-Tressis-vision-para-articulos-blog-768x340.jpg 768w\" sizes=\"(max-width: 800px) 100vw, 800px\" \/><\/a><\/div>\n<p>&nbsp;<\/p>\n<h2><strong>Optimismo en los mercados<\/strong><\/h2>\n<p>Ayer, la atenci\u00f3n macroecon\u00f3mica se centr\u00f3 en la publicaci\u00f3n del IPC de junio en Alemania e Italia. A pesar del repentino repunte del precio de la energ\u00eda como consecuencia del conflicto en Oriente Medio, <strong>los datos mantienen e incluso mejoran las previsiones en ambas regiones<\/strong>. En Alemania, el IPC interanual disminuy\u00f3 al 2%, frente al 2,1% previo, mientras que en Italia el dato repunt\u00f3 al 1,7% interanual, conforme a lo previsto. Por otro lado, <strong>el acuerdo preliminar alcanzado entre EE.UU. y Canad\u00e1<\/strong> para suspender temporalmente la entrada en vigor del impuesto digital canadiense a\u00f1adi\u00f3 un punto m\u00e1s de optimismo a los mercados, con la vista puesta ahora en la posibilidad de cerrar un acuerdo m\u00e1s amplio antes del 21 de julio.<\/p>\n<p>&nbsp;<\/p>\n<h2><strong>Bolsas europeas<\/strong><\/h2>\n<p>Los mercados europeos cerraron con signo mixto, predominando el tono negativo entre los principales \u00edndices del continente. El IBEX 35 destac\u00f3 como la \u00fanica excepci\u00f3n al avanzar un 0,16%, hasta los 13.991 puntos, apoyado en <strong>el buen comportamiento de algunos valores clave del sector bancario y energ\u00e9tico<\/strong>. En cambio, el DAX alem\u00e1n cay\u00f3 un 0,51%, el CAC 40 franc\u00e9s retrocedi\u00f3 un 0,33% y el FTSE 100 brit\u00e1nico perdi\u00f3 un 0,43%.<\/p>\n<p>&nbsp;<\/p>\n<h2><strong>Bolsa estadounidense<\/strong><\/h2>\n<p>Por su parte, los principales \u00edndices de Wall Street registraron avances moderados, <strong>prolongando el buen tono de las \u00faltimas semanas<\/strong>. El S&#038;P 500 y el Nasdaq Composite subieron un 0,52% y un 0,38%, respectivamente, mientras que el Dow Jones gan\u00f3 un 0,63% y el Russell 2000 un 0,12%. Entre las noticias empresariales m\u00e1s destacadas de la jornada, sobresali\u00f3 el repunte del 3,99% en las acciones de Oracle, tras anunciar un s\u00f3lido arranque de su ejercicio fiscal y mejorar sus previsiones de crecimiento en el segmento de inteligencia artificial, lo que impuls\u00f3 al conjunto del sector tecnol\u00f3gico.<\/p>\n<p>&nbsp;<\/p>\n<h2><strong>Mercado de bonos<\/strong><\/h2>\n<p>En cuanto a los mercados de deuda europeos y estadounidenses, mostraron una evoluci\u00f3n dispar, marcada por la moderaci\u00f3n de la inflaci\u00f3n y las expectativas de recortes de tipos. <strong>En Europa, los rendimientos de los principales pa\u00edses de la eurozona aumentaron<\/strong>. El bono alem\u00e1n a diez a\u00f1os repunt\u00f3 al 2,59% y el bono espa\u00f1ol hasta el 3,23%, mientras que en la periferia se registr\u00f3 mayor estabilidad. En EE.UU., los rendimientos retrocedieron: el bono a diez a\u00f1os cerr\u00f3 en el 4,23%, el de dos a\u00f1os en el 3,72% y el de treinta a\u00f1os se mantuvo en torno al 4,80%. Ante esta estabilidad aparente, los inversores mostraron cierta complacencia ante riesgos como el d\u00e9ficit fiscal estadounidense, las tensiones geopol\u00edticas y los vencimientos del Tesoro, por lo que los analistas recomiendan exposici\u00f3n a deuda de alta calidad y medio plazo como medida de precauci\u00f3n.<\/p>\n<p>&nbsp;<\/p>\n<p>Como curiosidad, se presenta un estudio sobre las nominaciones del presidente de la Reserva Federal por parte del presidente de Estados Unidos. El an\u00e1lisis, que abarca desde 1970, revela que <strong>el mercado tiende a \u201cponer a prueba\u201d a los candidatos en los tres meses posteriores a su nombramiento<\/strong>. Durante ese periodo, el rendimiento de los bonos estadounidenses suele incrementarse significativamente: en promedio, 65 puntos b\u00e1sicos en el bono a dos a\u00f1os y 45 puntos b\u00e1sicos en el bono a diez a\u00f1os. Adem\u00e1s, el d\u00f3lar experimenta una depreciaci\u00f3n media del 2%, mientras que el comportamiento del S&#038;P 500 resulta m\u00e1s err\u00e1tico, sin una tendencia definida. Estos patrones sugieren que los inversores responden con cautela ante los cambios en la direcci\u00f3n de la pol\u00edtica monetaria.<\/p>\n<p>&nbsp;<\/p>\n<div style=\"text-align: center; margin-bottom: 10px;\"><img decoding=\"async\" src=\"https:\/\/www.tressis.com\/wp-content\/uploads\/2025\/07\/bonos-usa-fed.webp\n\" width=\"850\" height=\"785\" alt=\"Bonos EE.UU. y Fed\" class=\"wp-image-108610\" style=\"aspect-ratio: 13\/12;\" \/><\/div>\n<p style=\"text-align: center; margin:20px auto;\" class=\"smallPie\">Fuente: Bank of America.<\/p>\n<p>&nbsp;<\/p>\n<p>De cara a los pr\u00f3ximos d\u00edas, la atenci\u00f3n de los mercados estar\u00e1 centrada en una agenda macroecon\u00f3mica especialmente intensa. Destacan la publicaci\u00f3n de las lecturas finales de junio de los \u00edndices adelantados de actividad, tanto en la eurozona como en el Reino Unido y Estados Unidos. Hoy se conocer\u00e1n los PMI manufactureros y el mi\u00e9rcoles los del sector servicios, mientras que el jueves se publicar\u00e1 el esperado informe de empleo no agr\u00edcola en EE.UU., adelantado un d\u00eda por el festivo del 4 de julio. El consenso prev\u00e9 la creaci\u00f3n de 110.000 empleos y un leve repunte de la tasa de paro hasta el 4,3%, datos que podr\u00edan confirmar las expectativas sobre la pr\u00f3xima reuni\u00f3n del FOMC. Asimismo, en Wall Street se seguir\u00e1 con atenci\u00f3n la evoluci\u00f3n legislativa de la \u201cOne Big Beautiful Bill Act\u201d, el ambicioso proyecto presupuestario del presidente Trump, cuya firma est\u00e1 prevista para el D\u00eda de la Independencia.<\/p>\n<p>&nbsp;<\/p>\n<p>Feliz martes.<\/p>\n<p>&nbsp;<\/p>\n<p><center><strong>Urko Rosel de la Rocha<\/strong><br \/>\nAnalista<\/center><\/p>\n","protected":false},"excerpt":{"rendered":"<p>Los mercados de valores europeos y estadounidenses han afrontado las \u00faltimas sesiones de junio con cierto optimismo, permitiendo a los principales \u00edndices europeos recuperar parte de las p\u00e9rdidas acumuladas durante el mes y a los estadounidenses, en particular el S&#038;P 500 y el Nasdaq Composite, cerrar en m\u00e1ximos hist\u00f3ricos. Este buen comportamiento burs\u00e1til ha estado [&hellip;]<\/p>\n","protected":false},"author":9,"featured_media":110093,"comment_status":"closed","ping_status":"open","sticky":false,"template":"","format":"standard","meta":{"_acf_changed":false,"footnotes":""},"categories":[9721],"tags":[],"class_list":["post-110016","post","type-post","status-publish","format-standard","has-post-thumbnail","hentry","category-morning-meeting"],"acf":[],"yoast_head":"<!-- This site is optimized with the Yoast SEO plugin v27.5 - https:\/\/yoast.com\/product\/yoast-seo-wordpress\/ -->\n<title>Optimismo de los mercados<\/title>\n<meta name=\"robots\" content=\"index, nofollow, max-snippet:-1, max-image-preview:large, max-video-preview:-1\" \/>\n<link rel=\"canonical\" href=\"https:\/\/www.tressis.com\/ca\/blog\/optimismo-mercados-junio\/\" \/>\n<meta property=\"og:locale\" content=\"ca_ES\" \/>\n<meta property=\"og:type\" content=\"article\" \/>\n<meta property=\"og:title\" content=\"Optimismo de los mercados\" \/>\n<meta property=\"og:description\" content=\"Los mercados de valores europeos y estadounidenses han afrontado las \u00faltimas sesiones de junio con cierto optimismo, permitiendo a los principales \u00edndices europeos recuperar parte de las p\u00e9rdidas acumuladas durante el mes y a los estadounidenses, en particular el S&#038;P 500 y el Nasdaq Composite, cerrar en m\u00e1ximos hist\u00f3ricos. Este buen comportamiento burs\u00e1til ha estado [&hellip;]\" \/>\n<meta property=\"og:url\" content=\"https:\/\/www.tressis.com\/ca\/blog\/optimismo-mercados-junio\/\" \/>\n<meta property=\"og:site_name\" content=\"Tressis\" \/>\n<meta property=\"article:publisher\" content=\"https:\/\/www.facebook.com\/Tressis\/\" \/>\n<meta property=\"article:published_time\" content=\"2025-07-01T07:08:32+00:00\" \/>\n<meta property=\"og:image\" content=\"http:\/\/test.tressis.com\/wp-content\/uploads\/2025\/07\/optimismo-mercados.webp\" \/>\n\t<meta property=\"og:image:width\" content=\"1200\" \/>\n\t<meta property=\"og:image:height\" content=\"531\" \/>\n\t<meta property=\"og:image:type\" content=\"image\/webp\" \/>\n<meta name=\"author\" content=\"Armando\" \/>\n<meta name=\"twitter:card\" content=\"summary_large_image\" \/>\n<meta name=\"twitter:creator\" content=\"@TressisSV\" \/>\n<meta name=\"twitter:site\" content=\"@TressisSV\" \/>\n<meta name=\"twitter:label1\" content=\"Escrit per\" \/>\n\t<meta name=\"twitter:data1\" content=\"Armando\" \/>\n\t<meta name=\"twitter:label2\" content=\"Temps estimat de lectura\" \/>\n\t<meta name=\"twitter:data2\" content=\"4 minuts\" \/>\n<script type=\"application\/ld+json\" class=\"yoast-schema-graph\">{\"@context\":\"https:\\\/\\\/schema.org\",\"@graph\":[{\"@type\":\"Article\",\"@id\":\"https:\\\/\\\/www.tressis.com\\\/ca\\\/blog\\\/optimismo-mercados-junio\\\/#article\",\"isPartOf\":{\"@id\":\"https:\\\/\\\/www.tressis.com\\\/ca\\\/blog\\\/optimismo-mercados-junio\\\/\"},\"author\":{\"name\":\"Armando\",\"@id\":\"https:\\\/\\\/www.tressis.com\\\/ca\\\/#\\\/schema\\\/person\\\/56d3b4de0493f088a4ca62a2e0c790ae\"},\"headline\":\"Optimismo de los mercados\",\"datePublished\":\"2025-07-01T07:08:32+00:00\",\"mainEntityOfPage\":{\"@id\":\"https:\\\/\\\/www.tressis.com\\\/ca\\\/blog\\\/optimismo-mercados-junio\\\/\"},\"wordCount\":898,\"publisher\":{\"@id\":\"https:\\\/\\\/www.tressis.com\\\/ca\\\/#organization\"},\"image\":{\"@id\":\"https:\\\/\\\/www.tressis.com\\\/ca\\\/blog\\\/optimismo-mercados-junio\\\/#primaryimage\"},\"thumbnailUrl\":\"https:\\\/\\\/www.tressis.com\\\/wp-content\\\/uploads\\\/2025\\\/07\\\/optimismo-mercados.webp\",\"articleSection\":[\"Morning meeting\"],\"inLanguage\":\"ca\"},{\"@type\":\"WebPage\",\"@id\":\"https:\\\/\\\/www.tressis.com\\\/ca\\\/blog\\\/optimismo-mercados-junio\\\/\",\"url\":\"https:\\\/\\\/www.tressis.com\\\/ca\\\/blog\\\/optimismo-mercados-junio\\\/\",\"name\":\"Optimismo de los mercados\",\"isPartOf\":{\"@id\":\"https:\\\/\\\/www.tressis.com\\\/ca\\\/#website\"},\"primaryImageOfPage\":{\"@id\":\"https:\\\/\\\/www.tressis.com\\\/ca\\\/blog\\\/optimismo-mercados-junio\\\/#primaryimage\"},\"image\":{\"@id\":\"https:\\\/\\\/www.tressis.com\\\/ca\\\/blog\\\/optimismo-mercados-junio\\\/#primaryimage\"},\"thumbnailUrl\":\"https:\\\/\\\/www.tressis.com\\\/wp-content\\\/uploads\\\/2025\\\/07\\\/optimismo-mercados.webp\",\"datePublished\":\"2025-07-01T07:08:32+00:00\",\"breadcrumb\":{\"@id\":\"https:\\\/\\\/www.tressis.com\\\/ca\\\/blog\\\/optimismo-mercados-junio\\\/#breadcrumb\"},\"inLanguage\":\"ca\",\"potentialAction\":[{\"@type\":\"ReadAction\",\"target\":[\"https:\\\/\\\/www.tressis.com\\\/ca\\\/blog\\\/optimismo-mercados-junio\\\/\"]}]},{\"@type\":\"ImageObject\",\"inLanguage\":\"ca\",\"@id\":\"https:\\\/\\\/www.tressis.com\\\/ca\\\/blog\\\/optimismo-mercados-junio\\\/#primaryimage\",\"url\":\"https:\\\/\\\/www.tressis.com\\\/wp-content\\\/uploads\\\/2025\\\/07\\\/optimismo-mercados.webp\",\"contentUrl\":\"https:\\\/\\\/www.tressis.com\\\/wp-content\\\/uploads\\\/2025\\\/07\\\/optimismo-mercados.webp\",\"width\":1200,\"height\":531,\"caption\":\"Optimismo en los mercados\"},{\"@type\":\"BreadcrumbList\",\"@id\":\"https:\\\/\\\/www.tressis.com\\\/ca\\\/blog\\\/optimismo-mercados-junio\\\/#breadcrumb\",\"itemListElement\":[{\"@type\":\"ListItem\",\"position\":1,\"name\":\"Inicio\",\"item\":\"https:\\\/\\\/www.tressis.com\\\/ca\\\/\"},{\"@type\":\"ListItem\",\"position\":2,\"name\":\"Morning meeting\",\"item\":\"https:\\\/\\\/www.tressis.com\\\/ca\\\/blog\\\/categorias\\\/morning-meeting-ca\\\/\"},{\"@type\":\"ListItem\",\"position\":3,\"name\":\"Optimismo de los mercados\"}]},{\"@type\":\"WebSite\",\"@id\":\"https:\\\/\\\/www.tressis.com\\\/ca\\\/#website\",\"url\":\"https:\\\/\\\/www.tressis.com\\\/ca\\\/\",\"name\":\"Tressis banca privada\",\"description\":\"Tressis | Planificaci\u00f3n financiera y gesti\u00f3n de patrimonios\",\"publisher\":{\"@id\":\"https:\\\/\\\/www.tressis.com\\\/ca\\\/#organization\"},\"potentialAction\":[{\"@type\":\"SearchAction\",\"target\":{\"@type\":\"EntryPoint\",\"urlTemplate\":\"https:\\\/\\\/www.tressis.com\\\/ca\\\/?s={search_term_string}\"},\"query-input\":{\"@type\":\"PropertyValueSpecification\",\"valueRequired\":true,\"valueName\":\"search_term_string\"}}],\"inLanguage\":\"ca\"},{\"@type\":\"Organization\",\"@id\":\"https:\\\/\\\/www.tressis.com\\\/ca\\\/#organization\",\"name\":\"Tressis\",\"url\":\"https:\\\/\\\/www.tressis.com\\\/ca\\\/\",\"logo\":{\"@type\":\"ImageObject\",\"inLanguage\":\"ca\",\"@id\":\"https:\\\/\\\/www.tressis.com\\\/ca\\\/#\\\/schema\\\/logo\\\/image\\\/\",\"url\":\"https:\\\/\\\/www.tressis.com\\\/wp-content\\\/uploads\\\/2025\\\/06\\\/logo-tressis-112.png\",\"contentUrl\":\"https:\\\/\\\/www.tressis.com\\\/wp-content\\\/uploads\\\/2025\\\/06\\\/logo-tressis-112.png\",\"width\":112,\"height\":112,\"caption\":\"Tressis\"},\"image\":{\"@id\":\"https:\\\/\\\/www.tressis.com\\\/ca\\\/#\\\/schema\\\/logo\\\/image\\\/\"},\"sameAs\":[\"https:\\\/\\\/www.facebook.com\\\/Tressis\\\/\",\"https:\\\/\\\/x.com\\\/TressisSV\",\"https:\\\/\\\/www.instagram.com\\\/tressissv\\\/?hl=es\",\"https:\\\/\\\/linkedin.com\\\/company\\\/tressis\\\/\",\"https:\\\/\\\/www.youtube.com\\\/user\\\/tressissv\",\"https:\\\/\\\/open.spotify.com\\\/show\\\/3jmTe1Nf0wqMILl7diWV6h?si=d7112519f13c4593&nd=1\"]},{\"@type\":\"Person\",\"@id\":\"https:\\\/\\\/www.tressis.com\\\/ca\\\/#\\\/schema\\\/person\\\/56d3b4de0493f088a4ca62a2e0c790ae\",\"name\":\"Armando\",\"image\":{\"@type\":\"ImageObject\",\"inLanguage\":\"ca\",\"@id\":\"https:\\\/\\\/secure.gravatar.com\\\/avatar\\\/6d7efca74644be7dae792b122beab663996c233ae58f101b52769ece1cbf1435?s=96&d=mm&r=g\",\"url\":\"https:\\\/\\\/secure.gravatar.com\\\/avatar\\\/6d7efca74644be7dae792b122beab663996c233ae58f101b52769ece1cbf1435?s=96&d=mm&r=g\",\"contentUrl\":\"https:\\\/\\\/secure.gravatar.com\\\/avatar\\\/6d7efca74644be7dae792b122beab663996c233ae58f101b52769ece1cbf1435?s=96&d=mm&r=g\",\"caption\":\"Armando\"}}]}<\/script>\n<!-- \/ Yoast SEO plugin. -->","yoast_head_json":{"title":"Optimismo de los mercados","robots":{"index":"index","follow":"nofollow","max-snippet":"max-snippet:-1","max-image-preview":"max-image-preview:large","max-video-preview":"max-video-preview:-1"},"canonical":"https:\/\/www.tressis.com\/ca\/blog\/optimismo-mercados-junio\/","og_locale":"ca_ES","og_type":"article","og_title":"Optimismo de los mercados","og_description":"Los mercados de valores europeos y estadounidenses han afrontado las \u00faltimas sesiones de junio con cierto optimismo, permitiendo a los principales \u00edndices europeos recuperar parte de las p\u00e9rdidas acumuladas durante el mes y a los estadounidenses, en particular el S&#038;P 500 y el Nasdaq Composite, cerrar en m\u00e1ximos hist\u00f3ricos. Este buen comportamiento burs\u00e1til ha estado [&hellip;]","og_url":"https:\/\/www.tressis.com\/ca\/blog\/optimismo-mercados-junio\/","og_site_name":"Tressis","article_publisher":"https:\/\/www.facebook.com\/Tressis\/","article_published_time":"2025-07-01T07:08:32+00:00","og_image":[{"width":1200,"height":531,"url":"http:\/\/test.tressis.com\/wp-content\/uploads\/2025\/07\/optimismo-mercados.webp","type":"image\/webp"}],"author":"Armando","twitter_card":"summary_large_image","twitter_creator":"@TressisSV","twitter_site":"@TressisSV","twitter_misc":{"Escrit per":"Armando","Temps estimat de lectura":"4 minuts"},"schema":{"@context":"https:\/\/schema.org","@graph":[{"@type":"Article","@id":"https:\/\/www.tressis.com\/ca\/blog\/optimismo-mercados-junio\/#article","isPartOf":{"@id":"https:\/\/www.tressis.com\/ca\/blog\/optimismo-mercados-junio\/"},"author":{"name":"Armando","@id":"https:\/\/www.tressis.com\/ca\/#\/schema\/person\/56d3b4de0493f088a4ca62a2e0c790ae"},"headline":"Optimismo de los mercados","datePublished":"2025-07-01T07:08:32+00:00","mainEntityOfPage":{"@id":"https:\/\/www.tressis.com\/ca\/blog\/optimismo-mercados-junio\/"},"wordCount":898,"publisher":{"@id":"https:\/\/www.tressis.com\/ca\/#organization"},"image":{"@id":"https:\/\/www.tressis.com\/ca\/blog\/optimismo-mercados-junio\/#primaryimage"},"thumbnailUrl":"https:\/\/www.tressis.com\/wp-content\/uploads\/2025\/07\/optimismo-mercados.webp","articleSection":["Morning meeting"],"inLanguage":"ca"},{"@type":"WebPage","@id":"https:\/\/www.tressis.com\/ca\/blog\/optimismo-mercados-junio\/","url":"https:\/\/www.tressis.com\/ca\/blog\/optimismo-mercados-junio\/","name":"Optimismo de los mercados","isPartOf":{"@id":"https:\/\/www.tressis.com\/ca\/#website"},"primaryImageOfPage":{"@id":"https:\/\/www.tressis.com\/ca\/blog\/optimismo-mercados-junio\/#primaryimage"},"image":{"@id":"https:\/\/www.tressis.com\/ca\/blog\/optimismo-mercados-junio\/#primaryimage"},"thumbnailUrl":"https:\/\/www.tressis.com\/wp-content\/uploads\/2025\/07\/optimismo-mercados.webp","datePublished":"2025-07-01T07:08:32+00:00","breadcrumb":{"@id":"https:\/\/www.tressis.com\/ca\/blog\/optimismo-mercados-junio\/#breadcrumb"},"inLanguage":"ca","potentialAction":[{"@type":"ReadAction","target":["https:\/\/www.tressis.com\/ca\/blog\/optimismo-mercados-junio\/"]}]},{"@type":"ImageObject","inLanguage":"ca","@id":"https:\/\/www.tressis.com\/ca\/blog\/optimismo-mercados-junio\/#primaryimage","url":"https:\/\/www.tressis.com\/wp-content\/uploads\/2025\/07\/optimismo-mercados.webp","contentUrl":"https:\/\/www.tressis.com\/wp-content\/uploads\/2025\/07\/optimismo-mercados.webp","width":1200,"height":531,"caption":"Optimismo en los mercados"},{"@type":"BreadcrumbList","@id":"https:\/\/www.tressis.com\/ca\/blog\/optimismo-mercados-junio\/#breadcrumb","itemListElement":[{"@type":"ListItem","position":1,"name":"Inicio","item":"https:\/\/www.tressis.com\/ca\/"},{"@type":"ListItem","position":2,"name":"Morning meeting","item":"https:\/\/www.tressis.com\/ca\/blog\/categorias\/morning-meeting-ca\/"},{"@type":"ListItem","position":3,"name":"Optimismo de los mercados"}]},{"@type":"WebSite","@id":"https:\/\/www.tressis.com\/ca\/#website","url":"https:\/\/www.tressis.com\/ca\/","name":"Tressis banca privada","description":"Tressis | Planificaci\u00f3n financiera y gesti\u00f3n de patrimonios","publisher":{"@id":"https:\/\/www.tressis.com\/ca\/#organization"},"potentialAction":[{"@type":"SearchAction","target":{"@type":"EntryPoint","urlTemplate":"https:\/\/www.tressis.com\/ca\/?s={search_term_string}"},"query-input":{"@type":"PropertyValueSpecification","valueRequired":true,"valueName":"search_term_string"}}],"inLanguage":"ca"},{"@type":"Organization","@id":"https:\/\/www.tressis.com\/ca\/#organization","name":"Tressis","url":"https:\/\/www.tressis.com\/ca\/","logo":{"@type":"ImageObject","inLanguage":"ca","@id":"https:\/\/www.tressis.com\/ca\/#\/schema\/logo\/image\/","url":"https:\/\/www.tressis.com\/wp-content\/uploads\/2025\/06\/logo-tressis-112.png","contentUrl":"https:\/\/www.tressis.com\/wp-content\/uploads\/2025\/06\/logo-tressis-112.png","width":112,"height":112,"caption":"Tressis"},"image":{"@id":"https:\/\/www.tressis.com\/ca\/#\/schema\/logo\/image\/"},"sameAs":["https:\/\/www.facebook.com\/Tressis\/","https:\/\/x.com\/TressisSV","https:\/\/www.instagram.com\/tressissv\/?hl=es","https:\/\/linkedin.com\/company\/tressis\/","https:\/\/www.youtube.com\/user\/tressissv","https:\/\/open.spotify.com\/show\/3jmTe1Nf0wqMILl7diWV6h?si=d7112519f13c4593&nd=1"]},{"@type":"Person","@id":"https:\/\/www.tressis.com\/ca\/#\/schema\/person\/56d3b4de0493f088a4ca62a2e0c790ae","name":"Armando","image":{"@type":"ImageObject","inLanguage":"ca","@id":"https:\/\/secure.gravatar.com\/avatar\/6d7efca74644be7dae792b122beab663996c233ae58f101b52769ece1cbf1435?s=96&d=mm&r=g","url":"https:\/\/secure.gravatar.com\/avatar\/6d7efca74644be7dae792b122beab663996c233ae58f101b52769ece1cbf1435?s=96&d=mm&r=g","contentUrl":"https:\/\/secure.gravatar.com\/avatar\/6d7efca74644be7dae792b122beab663996c233ae58f101b52769ece1cbf1435?s=96&d=mm&r=g","caption":"Armando"}}]}},"_links":{"self":[{"href":"https:\/\/www.tressis.com\/ca\/wp-json\/wp\/v2\/posts\/110016","targetHints":{"allow":["GET"]}}],"collection":[{"href":"https:\/\/www.tressis.com\/ca\/wp-json\/wp\/v2\/posts"}],"about":[{"href":"https:\/\/www.tressis.com\/ca\/wp-json\/wp\/v2\/types\/post"}],"author":[{"embeddable":true,"href":"https:\/\/www.tressis.com\/ca\/wp-json\/wp\/v2\/users\/9"}],"replies":[{"embeddable":true,"href":"https:\/\/www.tressis.com\/ca\/wp-json\/wp\/v2\/comments?post=110016"}],"version-history":[{"count":0,"href":"https:\/\/www.tressis.com\/ca\/wp-json\/wp\/v2\/posts\/110016\/revisions"}],"wp:featuredmedia":[{"embeddable":true,"href":"https:\/\/www.tressis.com\/ca\/wp-json\/wp\/v2\/media\/110093"}],"wp:attachment":[{"href":"https:\/\/www.tressis.com\/ca\/wp-json\/wp\/v2\/media?parent=110016"}],"wp:term":[{"taxonomy":"category","embeddable":true,"href":"https:\/\/www.tressis.com\/ca\/wp-json\/wp\/v2\/categories?post=110016"},{"taxonomy":"post_tag","embeddable":true,"href":"https:\/\/www.tressis.com\/ca\/wp-json\/wp\/v2\/tags?post=110016"}],"curies":[{"name":"wp","href":"https:\/\/api.w.org\/{rel}","templated":true}]}}