{"id":110012,"date":"2025-06-25T09:09:56","date_gmt":"2025-06-25T07:09:56","guid":{"rendered":"https:\/\/www.tressis.com\/?p=108503"},"modified":"2025-06-25T09:09:56","modified_gmt":"2025-06-25T07:09:56","slug":"petroleo-refleja-tensa-calma","status":"publish","type":"post","link":"https:\/\/www.tressis.com\/ca\/blog\/petroleo-refleja-tensa-calma\/","title":{"rendered":"El petr\u00f3leo refleja la tensa calma"},"content":{"rendered":"<p>La jornada de ayer estuvo marcada por una aparente distensi\u00f3n en el escenario geopol\u00edtico, que gener\u00f3 un respiro temporal en los mercados financieros, aunque bajo una superficie de tensiones persistentes. El anuncio de un alto el fuego total entre Israel e Ir\u00e1n, mediado por el presidente Donald Trump, alivi\u00f3 los temores de un conflicto regional de mayor escala. Esta noticia provoc\u00f3 una fuerte ca\u00edda en el precio del petr\u00f3leo (-11,52% WTI, -10,63% brent) e impuls\u00f3 el apetito por el riesgo en los principales \u00edndices burs\u00e1tiles, as\u00ed como una depreciaci\u00f3n del d\u00f3lar.<\/p>\n<p>&nbsp;<\/p>\n<div style=\"text-align: center; margin-bottom: 10px;\"><a href=\"https:\/\/www.tressis.com\/tressis-vision\/?utm_source=web_publica&#038;utm_medium=direct&#038;utm_campaign=descarga_paper&#038;utm_term=tressisvision&#038;utm_content=blog_MMV\" \ntarget=\"_blank\" rel=\"noopener\"><img fetchpriority=\"high\" class=\"aligncenter wp-image-67199 size-full\" \nsrc=\"https:\/\/www.tressis.com\/wp-content\/uploads\/2023\/03\/CTA-Tressis-vision-para-articulos-blog.jpg\" \nalt=\"Informe mensual - Tressis visi\u00f3n\" width=\"800\" height=\"354\" style=\"aspect-ratio: 400 \/ 177;\" srcset=\"https:\/\/www.tressis.com\/wp-content\/uploads\/2023\/03\/CTA-Tressis-vision-para-articulos-blog.jpg 800w, https:\/\/www.tressis.com\/wp-content\/uploads\/2023\/03\/CTA-Tressis-vision-para-articulos-blog-300x133.jpg 300w, https:\/\/www.tressis.com\/wp-content\/uploads\/2023\/03\/CTA-Tressis-vision-para-articulos-blog-768x340.jpg 768w\" sizes=\"(max-width: 800px) 100vw, 800px\" \/><\/a><\/div>\n<p>&nbsp;<\/p>\n<h2><strong>Mercados burs\u00e1tiles<\/strong><\/h2>\n<p>En EE.UU., el S&#038;P\u202f500 subi\u00f3 un 1,11%, el Dow Jones gan\u00f3 un 1,19% y el Nasdaq 100 alcanz\u00f3 un nuevo m\u00e1ximo, cerrando en 22.190 puntos. En Europa, el STOXX\u202f600 avanz\u00f3 un 1,11%, el DAX alem\u00e1n subi\u00f3 un 1,60%, el CAC\u202f40 franc\u00e9s un 1,04%, y el IBEX\u202f35 espa\u00f1ol un 1,41%. Entre las compa\u00f1\u00edas m\u00e1s destacadas, NVIDIA subi\u00f3 un 2,59%, impulsada por la continua demanda en el sector de inteligencia artificial, mientras que Uber subi\u00f3 un 7,52% gracias tras el anuncio de su colaboraci\u00f3n con <a href=\"https:\/\/waymo.com\/\" target=\"_blank\">Waymo<\/a> para el lanzamiento de robotaxis en Atlanta.<\/p>\n<p>&nbsp;<\/p>\n<h2><strong>El BTC se recupera<\/strong><\/h2>\n<p>En paralelo, el mercado de criptodivisas experiment\u00f3 fuertes subidas, con Bitcoin recuperando los 105.000 d\u00f3lares. En el siguiente gr\u00e1fico se puede observar c\u00f3mo los nuevos compradores han absorbido las ventas de los inversores a corto plazo en Bitcoin, que se encontraban con beneficios (720.000 BTC). Factor que ha contribuido a su reciente buen comportamiento ante la incertidumbre global.<\/p>\n<p>&nbsp;<\/p>\n<div style=\"text-align: center; margin-bottom: 10px;\"><img decoding=\"async\" src=\"https:\/\/www.tressis.com\/wp-content\/uploads\/2025\/06\/btc-06-2025.webp\" width=\"708\" height=\"399\" alt=\"Bitcoin, junio 2025\" class=\"wp-image-108509\" style=\"aspect-ratio: 236 \/ 133;\" \/><\/div>\n<p style=\"text-align: center; margin:20px auto;\" class=\"smallPie\">Fuente: CryptoQuant.<\/p>\n<p>&nbsp;<\/p>\n<h2><strong>Renta fija<\/strong><\/h2>\n<p>Por su parte, los mercados de deuda estadounidenses registraron un descenso generalizado de rentabilidad, impulsados por expectativas de una postura monetaria m\u00e1s moderada por parte de la Reserva Federal. Los bonos del Tesoro a diez a\u00f1os cerraron con un rendimiento por debajo del 4,3%, marcando un m\u00ednimo de seis semanas, mientras que los bonos a dos a\u00f1os tambi\u00e9n descendieron, reflejando <strong>crecientes apuestas a futuros recortes de tipos<\/strong>. Sin embargo, en la eurozona se registr\u00f3 un peor comportamiento, con la rentabilidad del bono alem\u00e1n a veinte a\u00f1os cercana al 3%.<\/p>\n<p>&nbsp;<\/p>\n<h2><strong>El riesgo cambiario y los tipos de deuda<\/strong><\/h2>\n<p>En cuanto a la renta fija privada, <strong>las grandes compa\u00f1\u00edas estadounidenses est\u00e1n protagonizando un auge sin precedentes en la emisi\u00f3n de bonos en euros<\/strong>. Este fen\u00f3meno se explica principalmente por la divergencia en los tipos de inter\u00e9s, diferencia que permite a las empresas sustituir deuda en d\u00f3lares \u2014con cupones altos y vencimientos m\u00e1s pr\u00f3ximos\u2014 por deuda en euros, m\u00e1s barata y de mayor duraci\u00f3n. Entre enero y mayo de 2025, estas emisiones alcanzaron los 84.000 millones de euros, el mayor volumen desde 2020 y casi igualando el total anual de 2024 (109.000 millones). Gigantes como Alphabet, Pfizer, Visa, AT&#038;T o McDonald&#8217;s lideran esta tendencia, impulsados por una ventana de oportunidad inmejorable en los mercados europeos.<\/p>\n<p>&nbsp;<\/p>\n<div style=\"text-align: center; margin-bottom: 10px;\"><img decoding=\"async\" src=\"https:\/\/www.tressis.com\/wp-content\/uploads\/2025\/06\/bonos-eeuu-06-2025.webp\" width=\"770\" height=\"500\" alt=\"Bonos EE.UU., junio 20025\" class=\"wp-image-108508\" style=\"aspect-ratio: 77 \/ 50;\" \/><\/div>\n<p style=\"text-align: center; margin:20px auto;\" class=\"smallPie\">Fuente: El Economista.<\/p>\n<p>&nbsp;<\/p>\n<p>Hoy comparecer\u00e1 Jerome Powel en el Senado y se espera que hable del estado actual de la econom\u00eda, as\u00ed como de los futuros movimientos en materia de tipos del banco central estadounidense. Adem\u00e1s, conoceremos la publicaci\u00f3n de los datos del PIB de Espa\u00f1a del primer trimestre, los datos de ventas de viviendas nuevas en EE.UU. y los inventarios de petr\u00f3leo crudo de la AIE.<\/p>\n<p>&nbsp;<\/p>\n<p>Feliz mi\u00e9rcoles.<\/p>\n<p>&nbsp;<\/p>\n<p><center><strong>Urko Rosel de la Rocha<\/strong><br \/>\nAnalista<\/center><\/p>\n","protected":false},"excerpt":{"rendered":"<p>La jornada de ayer estuvo marcada por una aparente distensi\u00f3n en el escenario geopol\u00edtico, que gener\u00f3 un respiro temporal en los mercados financieros, aunque bajo una superficie de tensiones persistentes. El anuncio de un alto el fuego total entre Israel e Ir\u00e1n, mediado por el presidente Donald Trump, alivi\u00f3 los temores de un conflicto regional [&hellip;]<\/p>\n","protected":false},"author":9,"featured_media":110087,"comment_status":"closed","ping_status":"open","sticky":false,"template":"","format":"standard","meta":{"_acf_changed":false,"footnotes":""},"categories":[9721],"tags":[],"class_list":["post-110012","post","type-post","status-publish","format-standard","has-post-thumbnail","hentry","category-morning-meeting"],"acf":[],"yoast_head":"<!-- This site is optimized with the Yoast SEO plugin v27.5 - https:\/\/yoast.com\/product\/yoast-seo-wordpress\/ -->\n<title>El petr\u00f3leo refleja la tensa calma<\/title>\n<meta name=\"robots\" content=\"index, nofollow, max-snippet:-1, max-image-preview:large, max-video-preview:-1\" \/>\n<link rel=\"canonical\" href=\"https:\/\/www.tressis.com\/ca\/blog\/petroleo-refleja-tensa-calma\/\" \/>\n<meta property=\"og:locale\" content=\"ca_ES\" \/>\n<meta property=\"og:type\" content=\"article\" \/>\n<meta property=\"og:title\" content=\"El petr\u00f3leo refleja la tensa calma\" \/>\n<meta property=\"og:description\" content=\"La jornada de ayer estuvo marcada por una aparente distensi\u00f3n en el escenario geopol\u00edtico, que gener\u00f3 un respiro temporal en los mercados financieros, aunque bajo una superficie de tensiones persistentes. El anuncio de un alto el fuego total entre Israel e Ir\u00e1n, mediado por el presidente Donald Trump, alivi\u00f3 los temores de un conflicto regional [&hellip;]\" \/>\n<meta property=\"og:url\" content=\"https:\/\/www.tressis.com\/ca\/blog\/petroleo-refleja-tensa-calma\/\" \/>\n<meta property=\"og:site_name\" content=\"Tressis\" \/>\n<meta property=\"article:publisher\" content=\"https:\/\/www.facebook.com\/Tressis\/\" \/>\n<meta property=\"article:published_time\" content=\"2025-06-25T07:09:56+00:00\" \/>\n<meta property=\"og:image\" content=\"http:\/\/test.tressis.com\/wp-content\/uploads\/2025\/06\/estrecho-ormuz.webp\" \/>\n\t<meta property=\"og:image:width\" content=\"1200\" \/>\n\t<meta property=\"og:image:height\" content=\"531\" \/>\n\t<meta property=\"og:image:type\" content=\"image\/webp\" \/>\n<meta name=\"author\" content=\"Armando\" \/>\n<meta name=\"twitter:card\" content=\"summary_large_image\" \/>\n<meta name=\"twitter:creator\" content=\"@TressisSV\" \/>\n<meta name=\"twitter:site\" content=\"@TressisSV\" \/>\n<meta name=\"twitter:label1\" content=\"Escrit per\" \/>\n\t<meta name=\"twitter:data1\" content=\"Armando\" \/>\n\t<meta name=\"twitter:label2\" content=\"Temps estimat de lectura\" \/>\n\t<meta name=\"twitter:data2\" content=\"3 minuts\" \/>\n<script type=\"application\/ld+json\" class=\"yoast-schema-graph\">{\"@context\":\"https:\\\/\\\/schema.org\",\"@graph\":[{\"@type\":\"Article\",\"@id\":\"https:\\\/\\\/www.tressis.com\\\/ca\\\/blog\\\/petroleo-refleja-tensa-calma\\\/#article\",\"isPartOf\":{\"@id\":\"https:\\\/\\\/www.tressis.com\\\/ca\\\/blog\\\/petroleo-refleja-tensa-calma\\\/\"},\"author\":{\"name\":\"Armando\",\"@id\":\"https:\\\/\\\/www.tressis.com\\\/ca\\\/#\\\/schema\\\/person\\\/56d3b4de0493f088a4ca62a2e0c790ae\"},\"headline\":\"El petr\u00f3leo refleja la tensa calma\",\"datePublished\":\"2025-06-25T07:09:56+00:00\",\"mainEntityOfPage\":{\"@id\":\"https:\\\/\\\/www.tressis.com\\\/ca\\\/blog\\\/petroleo-refleja-tensa-calma\\\/\"},\"wordCount\":582,\"publisher\":{\"@id\":\"https:\\\/\\\/www.tressis.com\\\/ca\\\/#organization\"},\"image\":{\"@id\":\"https:\\\/\\\/www.tressis.com\\\/ca\\\/blog\\\/petroleo-refleja-tensa-calma\\\/#primaryimage\"},\"thumbnailUrl\":\"https:\\\/\\\/www.tressis.com\\\/wp-content\\\/uploads\\\/2025\\\/06\\\/estrecho-ormuz.webp\",\"articleSection\":[\"Morning meeting\"],\"inLanguage\":\"ca\"},{\"@type\":\"WebPage\",\"@id\":\"https:\\\/\\\/www.tressis.com\\\/ca\\\/blog\\\/petroleo-refleja-tensa-calma\\\/\",\"url\":\"https:\\\/\\\/www.tressis.com\\\/ca\\\/blog\\\/petroleo-refleja-tensa-calma\\\/\",\"name\":\"El petr\u00f3leo refleja la tensa calma\",\"isPartOf\":{\"@id\":\"https:\\\/\\\/www.tressis.com\\\/ca\\\/#website\"},\"primaryImageOfPage\":{\"@id\":\"https:\\\/\\\/www.tressis.com\\\/ca\\\/blog\\\/petroleo-refleja-tensa-calma\\\/#primaryimage\"},\"image\":{\"@id\":\"https:\\\/\\\/www.tressis.com\\\/ca\\\/blog\\\/petroleo-refleja-tensa-calma\\\/#primaryimage\"},\"thumbnailUrl\":\"https:\\\/\\\/www.tressis.com\\\/wp-content\\\/uploads\\\/2025\\\/06\\\/estrecho-ormuz.webp\",\"datePublished\":\"2025-06-25T07:09:56+00:00\",\"breadcrumb\":{\"@id\":\"https:\\\/\\\/www.tressis.com\\\/ca\\\/blog\\\/petroleo-refleja-tensa-calma\\\/#breadcrumb\"},\"inLanguage\":\"ca\",\"potentialAction\":[{\"@type\":\"ReadAction\",\"target\":[\"https:\\\/\\\/www.tressis.com\\\/ca\\\/blog\\\/petroleo-refleja-tensa-calma\\\/\"]}]},{\"@type\":\"ImageObject\",\"inLanguage\":\"ca\",\"@id\":\"https:\\\/\\\/www.tressis.com\\\/ca\\\/blog\\\/petroleo-refleja-tensa-calma\\\/#primaryimage\",\"url\":\"https:\\\/\\\/www.tressis.com\\\/wp-content\\\/uploads\\\/2025\\\/06\\\/estrecho-ormuz.webp\",\"contentUrl\":\"https:\\\/\\\/www.tressis.com\\\/wp-content\\\/uploads\\\/2025\\\/06\\\/estrecho-ormuz.webp\",\"width\":1200,\"height\":531,\"caption\":\"Estrecho de Ormuz\"},{\"@type\":\"BreadcrumbList\",\"@id\":\"https:\\\/\\\/www.tressis.com\\\/ca\\\/blog\\\/petroleo-refleja-tensa-calma\\\/#breadcrumb\",\"itemListElement\":[{\"@type\":\"ListItem\",\"position\":1,\"name\":\"Inicio\",\"item\":\"https:\\\/\\\/www.tressis.com\\\/ca\\\/\"},{\"@type\":\"ListItem\",\"position\":2,\"name\":\"Morning meeting\",\"item\":\"https:\\\/\\\/www.tressis.com\\\/ca\\\/blog\\\/categorias\\\/morning-meeting-ca\\\/\"},{\"@type\":\"ListItem\",\"position\":3,\"name\":\"El petr\u00f3leo refleja la tensa calma\"}]},{\"@type\":\"WebSite\",\"@id\":\"https:\\\/\\\/www.tressis.com\\\/ca\\\/#website\",\"url\":\"https:\\\/\\\/www.tressis.com\\\/ca\\\/\",\"name\":\"Tressis banca privada\",\"description\":\"Tressis | Planificaci\u00f3n financiera y gesti\u00f3n de patrimonios\",\"publisher\":{\"@id\":\"https:\\\/\\\/www.tressis.com\\\/ca\\\/#organization\"},\"potentialAction\":[{\"@type\":\"SearchAction\",\"target\":{\"@type\":\"EntryPoint\",\"urlTemplate\":\"https:\\\/\\\/www.tressis.com\\\/ca\\\/?s={search_term_string}\"},\"query-input\":{\"@type\":\"PropertyValueSpecification\",\"valueRequired\":true,\"valueName\":\"search_term_string\"}}],\"inLanguage\":\"ca\"},{\"@type\":\"Organization\",\"@id\":\"https:\\\/\\\/www.tressis.com\\\/ca\\\/#organization\",\"name\":\"Tressis\",\"url\":\"https:\\\/\\\/www.tressis.com\\\/ca\\\/\",\"logo\":{\"@type\":\"ImageObject\",\"inLanguage\":\"ca\",\"@id\":\"https:\\\/\\\/www.tressis.com\\\/ca\\\/#\\\/schema\\\/logo\\\/image\\\/\",\"url\":\"https:\\\/\\\/www.tressis.com\\\/wp-content\\\/uploads\\\/2025\\\/06\\\/logo-tressis-112.png\",\"contentUrl\":\"https:\\\/\\\/www.tressis.com\\\/wp-content\\\/uploads\\\/2025\\\/06\\\/logo-tressis-112.png\",\"width\":112,\"height\":112,\"caption\":\"Tressis\"},\"image\":{\"@id\":\"https:\\\/\\\/www.tressis.com\\\/ca\\\/#\\\/schema\\\/logo\\\/image\\\/\"},\"sameAs\":[\"https:\\\/\\\/www.facebook.com\\\/Tressis\\\/\",\"https:\\\/\\\/x.com\\\/TressisSV\",\"https:\\\/\\\/www.instagram.com\\\/tressissv\\\/?hl=es\",\"https:\\\/\\\/linkedin.com\\\/company\\\/tressis\\\/\",\"https:\\\/\\\/www.youtube.com\\\/user\\\/tressissv\",\"https:\\\/\\\/open.spotify.com\\\/show\\\/3jmTe1Nf0wqMILl7diWV6h?si=d7112519f13c4593&nd=1\"]},{\"@type\":\"Person\",\"@id\":\"https:\\\/\\\/www.tressis.com\\\/ca\\\/#\\\/schema\\\/person\\\/56d3b4de0493f088a4ca62a2e0c790ae\",\"name\":\"Armando\",\"image\":{\"@type\":\"ImageObject\",\"inLanguage\":\"ca\",\"@id\":\"https:\\\/\\\/secure.gravatar.com\\\/avatar\\\/6d7efca74644be7dae792b122beab663996c233ae58f101b52769ece1cbf1435?s=96&d=mm&r=g\",\"url\":\"https:\\\/\\\/secure.gravatar.com\\\/avatar\\\/6d7efca74644be7dae792b122beab663996c233ae58f101b52769ece1cbf1435?s=96&d=mm&r=g\",\"contentUrl\":\"https:\\\/\\\/secure.gravatar.com\\\/avatar\\\/6d7efca74644be7dae792b122beab663996c233ae58f101b52769ece1cbf1435?s=96&d=mm&r=g\",\"caption\":\"Armando\"}}]}<\/script>\n<!-- \/ Yoast SEO plugin. -->","yoast_head_json":{"title":"El petr\u00f3leo refleja la tensa calma","robots":{"index":"index","follow":"nofollow","max-snippet":"max-snippet:-1","max-image-preview":"max-image-preview:large","max-video-preview":"max-video-preview:-1"},"canonical":"https:\/\/www.tressis.com\/ca\/blog\/petroleo-refleja-tensa-calma\/","og_locale":"ca_ES","og_type":"article","og_title":"El petr\u00f3leo refleja la tensa calma","og_description":"La jornada de ayer estuvo marcada por una aparente distensi\u00f3n en el escenario geopol\u00edtico, que gener\u00f3 un respiro temporal en los mercados financieros, aunque bajo una superficie de tensiones persistentes. El anuncio de un alto el fuego total entre Israel e Ir\u00e1n, mediado por el presidente Donald Trump, alivi\u00f3 los temores de un conflicto regional [&hellip;]","og_url":"https:\/\/www.tressis.com\/ca\/blog\/petroleo-refleja-tensa-calma\/","og_site_name":"Tressis","article_publisher":"https:\/\/www.facebook.com\/Tressis\/","article_published_time":"2025-06-25T07:09:56+00:00","og_image":[{"width":1200,"height":531,"url":"http:\/\/test.tressis.com\/wp-content\/uploads\/2025\/06\/estrecho-ormuz.webp","type":"image\/webp"}],"author":"Armando","twitter_card":"summary_large_image","twitter_creator":"@TressisSV","twitter_site":"@TressisSV","twitter_misc":{"Escrit per":"Armando","Temps estimat de lectura":"3 minuts"},"schema":{"@context":"https:\/\/schema.org","@graph":[{"@type":"Article","@id":"https:\/\/www.tressis.com\/ca\/blog\/petroleo-refleja-tensa-calma\/#article","isPartOf":{"@id":"https:\/\/www.tressis.com\/ca\/blog\/petroleo-refleja-tensa-calma\/"},"author":{"name":"Armando","@id":"https:\/\/www.tressis.com\/ca\/#\/schema\/person\/56d3b4de0493f088a4ca62a2e0c790ae"},"headline":"El petr\u00f3leo refleja la tensa calma","datePublished":"2025-06-25T07:09:56+00:00","mainEntityOfPage":{"@id":"https:\/\/www.tressis.com\/ca\/blog\/petroleo-refleja-tensa-calma\/"},"wordCount":582,"publisher":{"@id":"https:\/\/www.tressis.com\/ca\/#organization"},"image":{"@id":"https:\/\/www.tressis.com\/ca\/blog\/petroleo-refleja-tensa-calma\/#primaryimage"},"thumbnailUrl":"https:\/\/www.tressis.com\/wp-content\/uploads\/2025\/06\/estrecho-ormuz.webp","articleSection":["Morning meeting"],"inLanguage":"ca"},{"@type":"WebPage","@id":"https:\/\/www.tressis.com\/ca\/blog\/petroleo-refleja-tensa-calma\/","url":"https:\/\/www.tressis.com\/ca\/blog\/petroleo-refleja-tensa-calma\/","name":"El petr\u00f3leo refleja la tensa calma","isPartOf":{"@id":"https:\/\/www.tressis.com\/ca\/#website"},"primaryImageOfPage":{"@id":"https:\/\/www.tressis.com\/ca\/blog\/petroleo-refleja-tensa-calma\/#primaryimage"},"image":{"@id":"https:\/\/www.tressis.com\/ca\/blog\/petroleo-refleja-tensa-calma\/#primaryimage"},"thumbnailUrl":"https:\/\/www.tressis.com\/wp-content\/uploads\/2025\/06\/estrecho-ormuz.webp","datePublished":"2025-06-25T07:09:56+00:00","breadcrumb":{"@id":"https:\/\/www.tressis.com\/ca\/blog\/petroleo-refleja-tensa-calma\/#breadcrumb"},"inLanguage":"ca","potentialAction":[{"@type":"ReadAction","target":["https:\/\/www.tressis.com\/ca\/blog\/petroleo-refleja-tensa-calma\/"]}]},{"@type":"ImageObject","inLanguage":"ca","@id":"https:\/\/www.tressis.com\/ca\/blog\/petroleo-refleja-tensa-calma\/#primaryimage","url":"https:\/\/www.tressis.com\/wp-content\/uploads\/2025\/06\/estrecho-ormuz.webp","contentUrl":"https:\/\/www.tressis.com\/wp-content\/uploads\/2025\/06\/estrecho-ormuz.webp","width":1200,"height":531,"caption":"Estrecho de Ormuz"},{"@type":"BreadcrumbList","@id":"https:\/\/www.tressis.com\/ca\/blog\/petroleo-refleja-tensa-calma\/#breadcrumb","itemListElement":[{"@type":"ListItem","position":1,"name":"Inicio","item":"https:\/\/www.tressis.com\/ca\/"},{"@type":"ListItem","position":2,"name":"Morning meeting","item":"https:\/\/www.tressis.com\/ca\/blog\/categorias\/morning-meeting-ca\/"},{"@type":"ListItem","position":3,"name":"El petr\u00f3leo refleja la tensa calma"}]},{"@type":"WebSite","@id":"https:\/\/www.tressis.com\/ca\/#website","url":"https:\/\/www.tressis.com\/ca\/","name":"Tressis banca privada","description":"Tressis | Planificaci\u00f3n financiera y gesti\u00f3n de patrimonios","publisher":{"@id":"https:\/\/www.tressis.com\/ca\/#organization"},"potentialAction":[{"@type":"SearchAction","target":{"@type":"EntryPoint","urlTemplate":"https:\/\/www.tressis.com\/ca\/?s={search_term_string}"},"query-input":{"@type":"PropertyValueSpecification","valueRequired":true,"valueName":"search_term_string"}}],"inLanguage":"ca"},{"@type":"Organization","@id":"https:\/\/www.tressis.com\/ca\/#organization","name":"Tressis","url":"https:\/\/www.tressis.com\/ca\/","logo":{"@type":"ImageObject","inLanguage":"ca","@id":"https:\/\/www.tressis.com\/ca\/#\/schema\/logo\/image\/","url":"https:\/\/www.tressis.com\/wp-content\/uploads\/2025\/06\/logo-tressis-112.png","contentUrl":"https:\/\/www.tressis.com\/wp-content\/uploads\/2025\/06\/logo-tressis-112.png","width":112,"height":112,"caption":"Tressis"},"image":{"@id":"https:\/\/www.tressis.com\/ca\/#\/schema\/logo\/image\/"},"sameAs":["https:\/\/www.facebook.com\/Tressis\/","https:\/\/x.com\/TressisSV","https:\/\/www.instagram.com\/tressissv\/?hl=es","https:\/\/linkedin.com\/company\/tressis\/","https:\/\/www.youtube.com\/user\/tressissv","https:\/\/open.spotify.com\/show\/3jmTe1Nf0wqMILl7diWV6h?si=d7112519f13c4593&nd=1"]},{"@type":"Person","@id":"https:\/\/www.tressis.com\/ca\/#\/schema\/person\/56d3b4de0493f088a4ca62a2e0c790ae","name":"Armando","image":{"@type":"ImageObject","inLanguage":"ca","@id":"https:\/\/secure.gravatar.com\/avatar\/6d7efca74644be7dae792b122beab663996c233ae58f101b52769ece1cbf1435?s=96&d=mm&r=g","url":"https:\/\/secure.gravatar.com\/avatar\/6d7efca74644be7dae792b122beab663996c233ae58f101b52769ece1cbf1435?s=96&d=mm&r=g","contentUrl":"https:\/\/secure.gravatar.com\/avatar\/6d7efca74644be7dae792b122beab663996c233ae58f101b52769ece1cbf1435?s=96&d=mm&r=g","caption":"Armando"}}]}},"_links":{"self":[{"href":"https:\/\/www.tressis.com\/ca\/wp-json\/wp\/v2\/posts\/110012","targetHints":{"allow":["GET"]}}],"collection":[{"href":"https:\/\/www.tressis.com\/ca\/wp-json\/wp\/v2\/posts"}],"about":[{"href":"https:\/\/www.tressis.com\/ca\/wp-json\/wp\/v2\/types\/post"}],"author":[{"embeddable":true,"href":"https:\/\/www.tressis.com\/ca\/wp-json\/wp\/v2\/users\/9"}],"replies":[{"embeddable":true,"href":"https:\/\/www.tressis.com\/ca\/wp-json\/wp\/v2\/comments?post=110012"}],"version-history":[{"count":0,"href":"https:\/\/www.tressis.com\/ca\/wp-json\/wp\/v2\/posts\/110012\/revisions"}],"wp:featuredmedia":[{"embeddable":true,"href":"https:\/\/www.tressis.com\/ca\/wp-json\/wp\/v2\/media\/110087"}],"wp:attachment":[{"href":"https:\/\/www.tressis.com\/ca\/wp-json\/wp\/v2\/media?parent=110012"}],"wp:term":[{"taxonomy":"category","embeddable":true,"href":"https:\/\/www.tressis.com\/ca\/wp-json\/wp\/v2\/categories?post=110012"},{"taxonomy":"post_tag","embeddable":true,"href":"https:\/\/www.tressis.com\/ca\/wp-json\/wp\/v2\/tags?post=110012"}],"curies":[{"name":"wp","href":"https:\/\/api.w.org\/{rel}","templated":true}]}}