{"id":107958,"date":"2025-05-28T09:07:26","date_gmt":"2025-05-28T07:07:26","guid":{"rendered":"https:\/\/www.tressis.com\/?p=107958"},"modified":"2025-05-28T09:07:26","modified_gmt":"2025-05-28T07:07:26","slug":"acuerdos-comerciales-corto-plazo","status":"publish","type":"post","link":"https:\/\/www.tressis.com\/ca\/blog\/acuerdos-comerciales-corto-plazo\/","title":{"rendered":"Posibles acuerdos comerciales a corto plazo"},"content":{"rendered":"<h2><strong>Posibles acuerdos comerciales a corto plazo<\/strong><\/h2>\n<p>Los mercados burs\u00e1tiles cerraron la jornada de ayer con un tono optimista, encontrando un breve respiro en medio del habitual ruido de fondo. Mientras el mercado a\u00fan diger\u00eda el alivio arancelario, tras el aplazamiento por parte de Estados Unidos de la imposici\u00f3n de aranceles sobre bienes europeos, se sumaron las declaraciones del director del Consejo Econ\u00f3mico Nacional, Kevin Hasset, quien aviv\u00f3 a\u00fan m\u00e1s el optimismo al anticipar posibles acuerdos comerciales a corto plazo.<\/p>\n<p>&nbsp;<\/p>\n<p><center><a href=\"https:\/\/www.tressis.com\/tressis-vision\/?utm_source=web_publica&amp;utm_medium=direct&amp;utm_campaign=descarga_paper&amp;utm_term=tressisvision&amp;utm_content=blog_MMV\" target=\"_blank\" rel=\"noopener\"><img fetchpriority=\"high\" decoding=\"async\" class=\"aligncenter wp-image-67199 size-full\" src=\"https:\/\/www.tressis.com\/wp-content\/uploads\/2023\/03\/CTA-Tressis-vision-para-articulos-blog.jpg\" alt=\"Informe mensual - Tressis visi\u00f3n\" width=\"800\" height=\"354\" srcset=\"https:\/\/www.tressis.com\/wp-content\/uploads\/2023\/03\/CTA-Tressis-vision-para-articulos-blog.jpg 800w, https:\/\/www.tressis.com\/wp-content\/uploads\/2023\/03\/CTA-Tressis-vision-para-articulos-blog-300x133.jpg 300w, https:\/\/www.tressis.com\/wp-content\/uploads\/2023\/03\/CTA-Tressis-vision-para-articulos-blog-768x340.jpg 768w\" sizes=\"(max-width: 800px) 100vw, 800px\" \/><\/a><\/center>&nbsp;<\/p>\n<h2><strong>Las acciones tecnol\u00f3gicas lideraron el impulso alcista<\/strong><\/h2>\n<p>En este contexto de distensi\u00f3n, los principales \u00edndices burs\u00e1tiles respondieron con firmeza. En Europa, el verde domin\u00f3 el tablero: el DAX alem\u00e1n avanz\u00f3 un 0,83%, el FTSE 100 brit\u00e1nico un 0,69%, el FTSE MIB italiano un 0,34% y el IBEX 35 espa\u00f1ol un 0,13%. La \u00fanica nota discordante fue el CAC 40 franc\u00e9s, que cedi\u00f3 un leve 0,02%, lastrado por el descenso de Renault (-2,10%).<\/p>\n<p>&nbsp;<\/p>\n<p>Al otro lado del Atl\u00e1ntico, Wall Street celebr\u00f3 con a\u00fan mayor entusiasmo, tras no abrir el lunes por la festividad del Memorial Day. Las acciones tecnol\u00f3gicas lideraron el impulso alcista: el Nasdaq subi\u00f3 un 2,70% en euros, seguido por el S&amp;P 500 (+2,28%) y el Dow Jones (+2,01%).<\/p>\n<p>&nbsp;<\/p>\n<p><img decoding=\"async\" class=\"aligncenter size-full wp-image-107960\" src=\"https:\/\/www.tressis.com\/wp-content\/uploads\/2025\/05\/valores-acciones-tecnologicas.webp\" alt=\"Valores de las acciones tecnol\u00f3gicas\" width=\"831\" height=\"465\" \/><\/p>\n<p class=\"smallPie\">Fuente: Finviz financial visualizations<\/p>\n<p>&nbsp;<\/p>\n<p>En el plano macroecon\u00f3mico europeo, la jornada dej\u00f3 cifras de especial relevancia. En Alemania, el \u00edndice de clima del consumidor GfK avanz\u00f3 hasta los -19,9 puntos desde los -20,6 previos. Se trata de la tercera mejora consecutiva, lo que sugiere un t\u00edmido repunte en la confianza de los hogares. No obstante, la confianza general sigue siendo negativa. Los encuestados mostraron menor pesimismo en torno a sus expectativas de ingresos; sin embargo, la propensi\u00f3n al consumo sigue contenida.<\/p>\n<p>&nbsp;<\/p>\n<h2><strong>El proceso de desinflaci\u00f3n contin\u00faa afianz\u00e1ndose<\/strong><\/h2>\n<p>En Francia, la inflaci\u00f3n volvi\u00f3 a mostrar signos de moderaci\u00f3n. El \u00edndice de precios al consumidor (IPC) se enfri\u00f3 al 1,7% interanual en mayo, desde el 1,9% del mes anterior, alcanzando as\u00ed su nivel m\u00e1s bajo en 17 meses. Esta ca\u00edda se vio impulsada principalmente por la reducci\u00f3n de los precios de la energ\u00eda (-3,8%) y una menor inflaci\u00f3n de los alimentos, que se situ\u00f3 en el 1,5%. Adem\u00e1s, la inflaci\u00f3n subyacente descendi\u00f3 al 2,2%, reforzando la percepci\u00f3n de que el proceso de desinflaci\u00f3n contin\u00faa afianz\u00e1ndose en la segunda mayor econom\u00eda de la eurozona.<\/p>\n<p>&nbsp;<\/p>\n<h2><strong>Los pedidos de bienes duraderos cayeron en abril<\/strong><\/h2>\n<p>En Estados Unidos, la confianza del consumidor experiment\u00f3 un fuerte repunte en mayo, rompiendo una racha de cinco meses de ca\u00eddas, impulsada por un renovado optimismo sobre las condiciones econ\u00f3micas y las perspectivas comerciales. Seg\u00fan <a href=\"https:\/\/www.conference-board.org\/eu\/\" target=\"_blank\" rel=\"noopener\">The Conference Board<\/a>, el \u00edndice subi\u00f3 12,3 puntos, alcanzando los 98, y superando ampliamente las expectativas (87,1). Por otro lado, los pedidos de bienes duraderos cayeron un 6,3% en abril, revirtiendo el aumento del 7,6% registrado en marzo.<\/p>\n<p>&nbsp;<\/p>\n<h2><strong>Pausa en los movimientos de tipos de inter\u00e9s<\/strong><\/h2>\n<p>El presidente de la Reserva Federal de Minneapolis, Neel Kashkari, abog\u00f3 por una postura m\u00e1s prudente, proponiendo una pausa en los movimientos de tipos de inter\u00e9s hasta contar con mayor claridad sobre los efectos econ\u00f3micos de las tensiones comerciales. Mientras que, desde Europa, el gobernador del banco central de Austria, Robert Holzmann, declar\u00f3 al <em>Financial Times<\/em> que \u201cno ve ninguna raz\u00f3n\u201d para que el BCE recorte los tipos de inter\u00e9s en las reuniones de junio y julio.<\/p>\n<p>&nbsp;<\/p>\n<p>El mercado tambi\u00e9n ofreci\u00f3 ayer una tregua a los bonos del Estado a largo plazo, cuyos rendimientos retrocedieron. En este contexto, el bono a diez a\u00f1os en Alemania se situ\u00f3 en el 2,53%, mientras que en EE.UU. descendi\u00f3 al 4,44%. En el tramo corto, el rendimiento del bono alem\u00e1n aument\u00f3 ligeramente hasta el 1,78%, mientras que en Estados Unidos cay\u00f3 al 3,98%.<\/p>\n<p>&nbsp;<\/p>\n<h2><strong>Jap\u00f3n pierde su posici\u00f3n como principal acreedor mundial<\/strong><\/h2>\n<p>Una de las noticias destacadas viene por parte de Jap\u00f3n: por primera en 34 a\u00f1os ha perdido su posici\u00f3n como principal acreedor neto mundial, superado ahora por Alemania, pese a que sus activos exteriores netos alcanzaron un m\u00e1ximo hist\u00f3rico en 2024. Este cambio se atribuye, en gran medida, a la prolongada depreciaci\u00f3n del yen.<\/p>\n<p>&nbsp;<\/p>\n<p>De cara a la jornada de hoy, la atenci\u00f3n de los mercados estar\u00e1 centrada en los resultados del primer trimestre de Nvidia. Tambi\u00e9n se publicar\u00e1n datos relevantes como el PIB de Francia y la tasa de desempleo en Alemania. Adem\u00e1s, se celebrar\u00e1 la reuni\u00f3n de la OPEP y se conocer\u00e1 las actas del FOMC de la Fed.<\/p>\n<p>&nbsp;<\/p>\n<p>Feliz mi\u00e9rcoles.<\/p>\n<p>&nbsp;<\/p>\n<p><center><strong>Gabriel Antonio Justiniano<\/strong><br \/>\nAnalista<\/center><\/p>\n","protected":false},"excerpt":{"rendered":"<p>Posibles acuerdos comerciales a corto plazo Los mercados burs\u00e1tiles cerraron la jornada de ayer con un tono optimista, encontrando un breve respiro en medio del habitual ruido de fondo. Mientras el mercado a\u00fan diger\u00eda el alivio arancelario, tras el aplazamiento por parte de Estados Unidos de la imposici\u00f3n de aranceles sobre bienes europeos, se sumaron [&hellip;]<\/p>\n","protected":false},"author":4,"featured_media":107967,"comment_status":"closed","ping_status":"open","sticky":false,"template":"","format":"standard","meta":{"_acf_changed":false,"footnotes":""},"categories":[9721],"tags":[],"class_list":["post-107958","post","type-post","status-publish","format-standard","has-post-thumbnail","hentry","category-morning-meeting"],"acf":[],"yoast_head":"<!-- This site is optimized with the Yoast SEO plugin v27.5 - https:\/\/yoast.com\/product\/yoast-seo-wordpress\/ -->\n<title>Posibles acuerdos comerciales a corto plazo<\/title>\n<meta name=\"description\" content=\"El director del Consejo Econ\u00f3mico Nacional aviv\u00f3 a\u00fan m\u00e1s el optimismo al anticipar posibles acuerdos comerciales a corto plazo.\" \/>\n<meta name=\"robots\" content=\"index, follow, max-snippet:-1, max-image-preview:large, max-video-preview:-1\" \/>\n<link rel=\"canonical\" href=\"https:\/\/www.tressis.com\/ca\/blog\/acuerdos-comerciales-corto-plazo\/\" \/>\n<meta property=\"og:locale\" content=\"ca_ES\" \/>\n<meta property=\"og:type\" content=\"article\" \/>\n<meta property=\"og:title\" content=\"Posibles acuerdos comerciales a corto plazo\" \/>\n<meta property=\"og:description\" content=\"El director del Consejo Econ\u00f3mico Nacional aviv\u00f3 a\u00fan m\u00e1s el optimismo al anticipar posibles acuerdos comerciales a corto plazo.\" \/>\n<meta property=\"og:url\" content=\"https:\/\/www.tressis.com\/ca\/blog\/acuerdos-comerciales-corto-plazo\/\" \/>\n<meta property=\"og:site_name\" content=\"Tressis\" \/>\n<meta property=\"article:publisher\" content=\"https:\/\/www.facebook.com\/Tressis\/\" \/>\n<meta property=\"article:published_time\" content=\"2025-05-28T07:07:26+00:00\" \/>\n<meta property=\"og:image\" content=\"http:\/\/test.tressis.com\/wp-content\/uploads\/2025\/05\/acuerdos-comerciales-eeuu-europa.webp\" \/>\n\t<meta property=\"og:image:width\" content=\"1200\" \/>\n\t<meta property=\"og:image:height\" content=\"531\" \/>\n\t<meta property=\"og:image:type\" content=\"image\/webp\" \/>\n<meta name=\"author\" content=\"Lola\" \/>\n<meta name=\"twitter:card\" content=\"summary_large_image\" \/>\n<meta name=\"twitter:creator\" content=\"@TressisSV\" \/>\n<meta name=\"twitter:site\" content=\"@TressisSV\" \/>\n<meta name=\"twitter:label1\" content=\"Escrit per\" \/>\n\t<meta name=\"twitter:data1\" content=\"Lola\" \/>\n\t<meta name=\"twitter:label2\" content=\"Temps estimat de lectura\" \/>\n\t<meta name=\"twitter:data2\" content=\"4 minuts\" \/>\n<script type=\"application\/ld+json\" class=\"yoast-schema-graph\">{\"@context\":\"https:\\\/\\\/schema.org\",\"@graph\":[{\"@type\":\"Article\",\"@id\":\"https:\\\/\\\/www.tressis.com\\\/ca\\\/blog\\\/acuerdos-comerciales-corto-plazo\\\/#article\",\"isPartOf\":{\"@id\":\"https:\\\/\\\/www.tressis.com\\\/ca\\\/blog\\\/acuerdos-comerciales-corto-plazo\\\/\"},\"author\":{\"name\":\"Lola\",\"@id\":\"https:\\\/\\\/www.tressis.com\\\/ca\\\/#\\\/schema\\\/person\\\/b833c1d724d8764920b6d6852c70584e\"},\"headline\":\"Posibles acuerdos comerciales a corto plazo\",\"datePublished\":\"2025-05-28T07:07:26+00:00\",\"mainEntityOfPage\":{\"@id\":\"https:\\\/\\\/www.tressis.com\\\/ca\\\/blog\\\/acuerdos-comerciales-corto-plazo\\\/\"},\"wordCount\":790,\"publisher\":{\"@id\":\"https:\\\/\\\/www.tressis.com\\\/ca\\\/#organization\"},\"image\":{\"@id\":\"https:\\\/\\\/www.tressis.com\\\/ca\\\/blog\\\/acuerdos-comerciales-corto-plazo\\\/#primaryimage\"},\"thumbnailUrl\":\"https:\\\/\\\/www.tressis.com\\\/wp-content\\\/uploads\\\/2025\\\/05\\\/acuerdos-comerciales-eeuu-europa.webp\",\"articleSection\":[\"Morning meeting\"],\"inLanguage\":\"ca\"},{\"@type\":\"WebPage\",\"@id\":\"https:\\\/\\\/www.tressis.com\\\/ca\\\/blog\\\/acuerdos-comerciales-corto-plazo\\\/\",\"url\":\"https:\\\/\\\/www.tressis.com\\\/ca\\\/blog\\\/acuerdos-comerciales-corto-plazo\\\/\",\"name\":\"Posibles acuerdos comerciales a corto plazo\",\"isPartOf\":{\"@id\":\"https:\\\/\\\/www.tressis.com\\\/ca\\\/#website\"},\"primaryImageOfPage\":{\"@id\":\"https:\\\/\\\/www.tressis.com\\\/ca\\\/blog\\\/acuerdos-comerciales-corto-plazo\\\/#primaryimage\"},\"image\":{\"@id\":\"https:\\\/\\\/www.tressis.com\\\/ca\\\/blog\\\/acuerdos-comerciales-corto-plazo\\\/#primaryimage\"},\"thumbnailUrl\":\"https:\\\/\\\/www.tressis.com\\\/wp-content\\\/uploads\\\/2025\\\/05\\\/acuerdos-comerciales-eeuu-europa.webp\",\"datePublished\":\"2025-05-28T07:07:26+00:00\",\"description\":\"El director del Consejo Econ\u00f3mico Nacional aviv\u00f3 a\u00fan m\u00e1s el optimismo al anticipar posibles acuerdos comerciales a corto plazo.\",\"breadcrumb\":{\"@id\":\"https:\\\/\\\/www.tressis.com\\\/ca\\\/blog\\\/acuerdos-comerciales-corto-plazo\\\/#breadcrumb\"},\"inLanguage\":\"ca\",\"potentialAction\":[{\"@type\":\"ReadAction\",\"target\":[\"https:\\\/\\\/www.tressis.com\\\/ca\\\/blog\\\/acuerdos-comerciales-corto-plazo\\\/\"]}]},{\"@type\":\"ImageObject\",\"inLanguage\":\"ca\",\"@id\":\"https:\\\/\\\/www.tressis.com\\\/ca\\\/blog\\\/acuerdos-comerciales-corto-plazo\\\/#primaryimage\",\"url\":\"https:\\\/\\\/www.tressis.com\\\/wp-content\\\/uploads\\\/2025\\\/05\\\/acuerdos-comerciales-eeuu-europa.webp\",\"contentUrl\":\"https:\\\/\\\/www.tressis.com\\\/wp-content\\\/uploads\\\/2025\\\/05\\\/acuerdos-comerciales-eeuu-europa.webp\",\"width\":1200,\"height\":531,\"caption\":\"Posibles acuerdos comerciales en el corto plazo\"},{\"@type\":\"BreadcrumbList\",\"@id\":\"https:\\\/\\\/www.tressis.com\\\/ca\\\/blog\\\/acuerdos-comerciales-corto-plazo\\\/#breadcrumb\",\"itemListElement\":[{\"@type\":\"ListItem\",\"position\":1,\"name\":\"Inicio\",\"item\":\"https:\\\/\\\/www.tressis.com\\\/ca\\\/\"},{\"@type\":\"ListItem\",\"position\":2,\"name\":\"Morning meeting\",\"item\":\"https:\\\/\\\/www.tressis.com\\\/ca\\\/blog\\\/categorias\\\/morning-meeting-ca\\\/\"},{\"@type\":\"ListItem\",\"position\":3,\"name\":\"Posibles acuerdos comerciales a corto plazo\"}]},{\"@type\":\"WebSite\",\"@id\":\"https:\\\/\\\/www.tressis.com\\\/ca\\\/#website\",\"url\":\"https:\\\/\\\/www.tressis.com\\\/ca\\\/\",\"name\":\"Tressis banca privada\",\"description\":\"Tressis | Planificaci\u00f3n financiera y gesti\u00f3n de patrimonios\",\"publisher\":{\"@id\":\"https:\\\/\\\/www.tressis.com\\\/ca\\\/#organization\"},\"potentialAction\":[{\"@type\":\"SearchAction\",\"target\":{\"@type\":\"EntryPoint\",\"urlTemplate\":\"https:\\\/\\\/www.tressis.com\\\/ca\\\/?s={search_term_string}\"},\"query-input\":{\"@type\":\"PropertyValueSpecification\",\"valueRequired\":true,\"valueName\":\"search_term_string\"}}],\"inLanguage\":\"ca\"},{\"@type\":\"Organization\",\"@id\":\"https:\\\/\\\/www.tressis.com\\\/ca\\\/#organization\",\"name\":\"Tressis\",\"url\":\"https:\\\/\\\/www.tressis.com\\\/ca\\\/\",\"logo\":{\"@type\":\"ImageObject\",\"inLanguage\":\"ca\",\"@id\":\"https:\\\/\\\/www.tressis.com\\\/ca\\\/#\\\/schema\\\/logo\\\/image\\\/\",\"url\":\"https:\\\/\\\/www.tressis.com\\\/wp-content\\\/uploads\\\/2025\\\/06\\\/logo-tressis-112.png\",\"contentUrl\":\"https:\\\/\\\/www.tressis.com\\\/wp-content\\\/uploads\\\/2025\\\/06\\\/logo-tressis-112.png\",\"width\":112,\"height\":112,\"caption\":\"Tressis\"},\"image\":{\"@id\":\"https:\\\/\\\/www.tressis.com\\\/ca\\\/#\\\/schema\\\/logo\\\/image\\\/\"},\"sameAs\":[\"https:\\\/\\\/www.facebook.com\\\/Tressis\\\/\",\"https:\\\/\\\/x.com\\\/TressisSV\",\"https:\\\/\\\/www.instagram.com\\\/tressissv\\\/?hl=es\",\"https:\\\/\\\/linkedin.com\\\/company\\\/tressis\\\/\",\"https:\\\/\\\/www.youtube.com\\\/user\\\/tressissv\",\"https:\\\/\\\/open.spotify.com\\\/show\\\/3jmTe1Nf0wqMILl7diWV6h?si=d7112519f13c4593&nd=1\"]},{\"@type\":\"Person\",\"@id\":\"https:\\\/\\\/www.tressis.com\\\/ca\\\/#\\\/schema\\\/person\\\/b833c1d724d8764920b6d6852c70584e\",\"name\":\"Lola\",\"image\":{\"@type\":\"ImageObject\",\"inLanguage\":\"ca\",\"@id\":\"https:\\\/\\\/secure.gravatar.com\\\/avatar\\\/05e646486b23ff45df9649110609c7e31b8c4a3e2821caa23d6317f405e0c51d?s=96&d=mm&r=g\",\"url\":\"https:\\\/\\\/secure.gravatar.com\\\/avatar\\\/05e646486b23ff45df9649110609c7e31b8c4a3e2821caa23d6317f405e0c51d?s=96&d=mm&r=g\",\"contentUrl\":\"https:\\\/\\\/secure.gravatar.com\\\/avatar\\\/05e646486b23ff45df9649110609c7e31b8c4a3e2821caa23d6317f405e0c51d?s=96&d=mm&r=g\",\"caption\":\"Lola\"}}]}<\/script>\n<!-- \/ Yoast SEO plugin. -->","yoast_head_json":{"title":"Posibles acuerdos comerciales a corto plazo","description":"El director del Consejo Econ\u00f3mico Nacional aviv\u00f3 a\u00fan m\u00e1s el optimismo al anticipar posibles acuerdos comerciales a corto plazo.","robots":{"index":"index","follow":"follow","max-snippet":"max-snippet:-1","max-image-preview":"max-image-preview:large","max-video-preview":"max-video-preview:-1"},"canonical":"https:\/\/www.tressis.com\/ca\/blog\/acuerdos-comerciales-corto-plazo\/","og_locale":"ca_ES","og_type":"article","og_title":"Posibles acuerdos comerciales a corto plazo","og_description":"El director del Consejo Econ\u00f3mico Nacional aviv\u00f3 a\u00fan m\u00e1s el optimismo al anticipar posibles acuerdos comerciales a corto plazo.","og_url":"https:\/\/www.tressis.com\/ca\/blog\/acuerdos-comerciales-corto-plazo\/","og_site_name":"Tressis","article_publisher":"https:\/\/www.facebook.com\/Tressis\/","article_published_time":"2025-05-28T07:07:26+00:00","og_image":[{"width":1200,"height":531,"url":"http:\/\/test.tressis.com\/wp-content\/uploads\/2025\/05\/acuerdos-comerciales-eeuu-europa.webp","type":"image\/webp"}],"author":"Lola","twitter_card":"summary_large_image","twitter_creator":"@TressisSV","twitter_site":"@TressisSV","twitter_misc":{"Escrit per":"Lola","Temps estimat de lectura":"4 minuts"},"schema":{"@context":"https:\/\/schema.org","@graph":[{"@type":"Article","@id":"https:\/\/www.tressis.com\/ca\/blog\/acuerdos-comerciales-corto-plazo\/#article","isPartOf":{"@id":"https:\/\/www.tressis.com\/ca\/blog\/acuerdos-comerciales-corto-plazo\/"},"author":{"name":"Lola","@id":"https:\/\/www.tressis.com\/ca\/#\/schema\/person\/b833c1d724d8764920b6d6852c70584e"},"headline":"Posibles acuerdos comerciales a corto plazo","datePublished":"2025-05-28T07:07:26+00:00","mainEntityOfPage":{"@id":"https:\/\/www.tressis.com\/ca\/blog\/acuerdos-comerciales-corto-plazo\/"},"wordCount":790,"publisher":{"@id":"https:\/\/www.tressis.com\/ca\/#organization"},"image":{"@id":"https:\/\/www.tressis.com\/ca\/blog\/acuerdos-comerciales-corto-plazo\/#primaryimage"},"thumbnailUrl":"https:\/\/www.tressis.com\/wp-content\/uploads\/2025\/05\/acuerdos-comerciales-eeuu-europa.webp","articleSection":["Morning meeting"],"inLanguage":"ca"},{"@type":"WebPage","@id":"https:\/\/www.tressis.com\/ca\/blog\/acuerdos-comerciales-corto-plazo\/","url":"https:\/\/www.tressis.com\/ca\/blog\/acuerdos-comerciales-corto-plazo\/","name":"Posibles acuerdos comerciales a corto plazo","isPartOf":{"@id":"https:\/\/www.tressis.com\/ca\/#website"},"primaryImageOfPage":{"@id":"https:\/\/www.tressis.com\/ca\/blog\/acuerdos-comerciales-corto-plazo\/#primaryimage"},"image":{"@id":"https:\/\/www.tressis.com\/ca\/blog\/acuerdos-comerciales-corto-plazo\/#primaryimage"},"thumbnailUrl":"https:\/\/www.tressis.com\/wp-content\/uploads\/2025\/05\/acuerdos-comerciales-eeuu-europa.webp","datePublished":"2025-05-28T07:07:26+00:00","description":"El director del Consejo Econ\u00f3mico Nacional aviv\u00f3 a\u00fan m\u00e1s el optimismo al anticipar posibles acuerdos comerciales a corto plazo.","breadcrumb":{"@id":"https:\/\/www.tressis.com\/ca\/blog\/acuerdos-comerciales-corto-plazo\/#breadcrumb"},"inLanguage":"ca","potentialAction":[{"@type":"ReadAction","target":["https:\/\/www.tressis.com\/ca\/blog\/acuerdos-comerciales-corto-plazo\/"]}]},{"@type":"ImageObject","inLanguage":"ca","@id":"https:\/\/www.tressis.com\/ca\/blog\/acuerdos-comerciales-corto-plazo\/#primaryimage","url":"https:\/\/www.tressis.com\/wp-content\/uploads\/2025\/05\/acuerdos-comerciales-eeuu-europa.webp","contentUrl":"https:\/\/www.tressis.com\/wp-content\/uploads\/2025\/05\/acuerdos-comerciales-eeuu-europa.webp","width":1200,"height":531,"caption":"Posibles acuerdos comerciales en el corto plazo"},{"@type":"BreadcrumbList","@id":"https:\/\/www.tressis.com\/ca\/blog\/acuerdos-comerciales-corto-plazo\/#breadcrumb","itemListElement":[{"@type":"ListItem","position":1,"name":"Inicio","item":"https:\/\/www.tressis.com\/ca\/"},{"@type":"ListItem","position":2,"name":"Morning meeting","item":"https:\/\/www.tressis.com\/ca\/blog\/categorias\/morning-meeting-ca\/"},{"@type":"ListItem","position":3,"name":"Posibles acuerdos comerciales a corto plazo"}]},{"@type":"WebSite","@id":"https:\/\/www.tressis.com\/ca\/#website","url":"https:\/\/www.tressis.com\/ca\/","name":"Tressis banca privada","description":"Tressis | Planificaci\u00f3n financiera y gesti\u00f3n de patrimonios","publisher":{"@id":"https:\/\/www.tressis.com\/ca\/#organization"},"potentialAction":[{"@type":"SearchAction","target":{"@type":"EntryPoint","urlTemplate":"https:\/\/www.tressis.com\/ca\/?s={search_term_string}"},"query-input":{"@type":"PropertyValueSpecification","valueRequired":true,"valueName":"search_term_string"}}],"inLanguage":"ca"},{"@type":"Organization","@id":"https:\/\/www.tressis.com\/ca\/#organization","name":"Tressis","url":"https:\/\/www.tressis.com\/ca\/","logo":{"@type":"ImageObject","inLanguage":"ca","@id":"https:\/\/www.tressis.com\/ca\/#\/schema\/logo\/image\/","url":"https:\/\/www.tressis.com\/wp-content\/uploads\/2025\/06\/logo-tressis-112.png","contentUrl":"https:\/\/www.tressis.com\/wp-content\/uploads\/2025\/06\/logo-tressis-112.png","width":112,"height":112,"caption":"Tressis"},"image":{"@id":"https:\/\/www.tressis.com\/ca\/#\/schema\/logo\/image\/"},"sameAs":["https:\/\/www.facebook.com\/Tressis\/","https:\/\/x.com\/TressisSV","https:\/\/www.instagram.com\/tressissv\/?hl=es","https:\/\/linkedin.com\/company\/tressis\/","https:\/\/www.youtube.com\/user\/tressissv","https:\/\/open.spotify.com\/show\/3jmTe1Nf0wqMILl7diWV6h?si=d7112519f13c4593&nd=1"]},{"@type":"Person","@id":"https:\/\/www.tressis.com\/ca\/#\/schema\/person\/b833c1d724d8764920b6d6852c70584e","name":"Lola","image":{"@type":"ImageObject","inLanguage":"ca","@id":"https:\/\/secure.gravatar.com\/avatar\/05e646486b23ff45df9649110609c7e31b8c4a3e2821caa23d6317f405e0c51d?s=96&d=mm&r=g","url":"https:\/\/secure.gravatar.com\/avatar\/05e646486b23ff45df9649110609c7e31b8c4a3e2821caa23d6317f405e0c51d?s=96&d=mm&r=g","contentUrl":"https:\/\/secure.gravatar.com\/avatar\/05e646486b23ff45df9649110609c7e31b8c4a3e2821caa23d6317f405e0c51d?s=96&d=mm&r=g","caption":"Lola"}}]}},"_links":{"self":[{"href":"https:\/\/www.tressis.com\/ca\/wp-json\/wp\/v2\/posts\/107958","targetHints":{"allow":["GET"]}}],"collection":[{"href":"https:\/\/www.tressis.com\/ca\/wp-json\/wp\/v2\/posts"}],"about":[{"href":"https:\/\/www.tressis.com\/ca\/wp-json\/wp\/v2\/types\/post"}],"author":[{"embeddable":true,"href":"https:\/\/www.tressis.com\/ca\/wp-json\/wp\/v2\/users\/4"}],"replies":[{"embeddable":true,"href":"https:\/\/www.tressis.com\/ca\/wp-json\/wp\/v2\/comments?post=107958"}],"version-history":[{"count":0,"href":"https:\/\/www.tressis.com\/ca\/wp-json\/wp\/v2\/posts\/107958\/revisions"}],"wp:featuredmedia":[{"embeddable":true,"href":"https:\/\/www.tressis.com\/ca\/wp-json\/wp\/v2\/media\/107967"}],"wp:attachment":[{"href":"https:\/\/www.tressis.com\/ca\/wp-json\/wp\/v2\/media?parent=107958"}],"wp:term":[{"taxonomy":"category","embeddable":true,"href":"https:\/\/www.tressis.com\/ca\/wp-json\/wp\/v2\/categories?post=107958"},{"taxonomy":"post_tag","embeddable":true,"href":"https:\/\/www.tressis.com\/ca\/wp-json\/wp\/v2\/tags?post=107958"}],"curies":[{"name":"wp","href":"https:\/\/api.w.org\/{rel}","templated":true}]}}