{"id":106279,"date":"2025-03-13T09:33:42","date_gmt":"2025-03-13T08:33:42","guid":{"rendered":"https:\/\/www.tressis.com\/?p=106279"},"modified":"2025-03-13T11:05:52","modified_gmt":"2025-03-13T10:05:52","slug":"canada-ue-aranceles-de-trump","status":"publish","type":"post","link":"https:\/\/www.tressis.com\/ca\/blog\/canada-ue-aranceles-de-trump\/","title":{"rendered":"Canad\u00e1 y la UE responden a los aranceles de Trump"},"content":{"rendered":"<p>La inflaci\u00f3n estadounidense sorprendi\u00f3 a la baja en febrero. El IPC mensual se qued\u00f3 en el 0,2% (0,3% esperado), misma cifra que la versi\u00f3n subyacente (0,2% vs. 0,3% estimado). De esta forma, los datos anualizados ser\u00edan +2,8% y +3,1%, respectivamente. Llama la atenci\u00f3n la desaceleraci\u00f3n de los servicios de transporte (-0,8%) y la ca\u00edda de los precios de las materias primas energ\u00e9ticas (-0,9%). Aun as\u00ed, los servicios presentan un +4,1% a doce meses:<\/p>\n<p>&nbsp;<\/p>\n<div style=\"text-align: center; margin-bottom: 10px;\"><img decoding=\"async\" src=\"https:\/\/www.tressis.com\/wp-content\/uploads\/2025\/03\/canada-ue-aranceles-de-trump-02.webp\" alt=\"Variaci\u00f3n en precios\" \/><\/div>\n<p style=\"text-align: center; margin:auto 20px;\">Fuente: elaboraci\u00f3n Tressis.<\/p>\n<p>&nbsp;<\/p>\n<h2><strong>Canad\u00e1 y la Uni\u00f3n Europea responden a los aranceles de Trump<\/strong><\/h2>\n<p>En el \u00e1mbito pol\u00edtico, Trump afirm\u00f3 ayer que responder\u00e1n a los aranceles de la Uni\u00f3n Europea y reiter\u00f3 que Estados Unidos mantiene la idea de imponer tarifas rec\u00edprocas con muy poca flexibilidad en los grav\u00e1menes. Sin embargo, tambi\u00e9n se\u00f1al\u00f3 que tiene la autoridad para ajustar dichos aranceles. Por su parte, <a href=\"https:\/\/es.wikipedia.org\/wiki\/Howard_Lutnick\" target=\"_blank\">Howard Lutnick<\/a>, secretario de Comercio, cambi\u00f3 el tono de la semana pasada y asegur\u00f3 que <strong>nada impedir\u00e1 la ampliaci\u00f3n de las tarifas del 25% sobre el acero y el aluminio<\/strong> hasta que se fortalezca la producci\u00f3n nacional. Adem\u00e1s, mencion\u00f3 que el cobre podr\u00eda sumarse a la lista. En respuesta a estas medidas, Canad\u00e1 y la Uni\u00f3n Europea impusieron nuevos aranceles que afectar\u00e1n a productos estadounidenses por valor de unos 50.000 millones de d\u00f3lares. Por ahora, ya hay empresas que han reducido sus proyecciones para 2025.<\/p>\n<p>&nbsp;<\/p>\n<div style=\"text-align: center; margin-bottom: 10px;\"><a href=\"https:\/\/www.tressis.com\/tressis-vision\/?utm_source=web_publica&#038;utm_medium=direct&#038;utm_campaign=descarga_paper&#038;utm_term=tressisvision&#038;utm_content=blog_MMV\" \ntarget=\"_blank\" rel=\"noopener\"><img fetchpriority=\"high\" class=\"aligncenter wp-image-67199 size-full\" \nsrc=\"https:\/\/www.tressis.com\/wp-content\/uploads\/2023\/03\/CTA-Tressis-vision-para-articulos-blog.jpg\" \nalt=\"Informe mensual - Tressis visi\u00f3n\" width=\"800\" height=\"354\" srcset=\"https:\/\/www.tressis.com\/wp-content\/uploads\/2023\/03\/CTA-Tressis-vision-para-articulos-blog.jpg 800w, https:\/\/www.tressis.com\/wp-content\/uploads\/2023\/03\/CTA-Tressis-vision-para-articulos-blog-300x133.jpg 300w, https:\/\/www.tressis.com\/wp-content\/uploads\/2023\/03\/CTA-Tressis-vision-para-articulos-blog-768x340.jpg 768w\" sizes=\"(max-width: 800px) 100vw, 800px\" \/><\/a><\/div>\n<p>&nbsp;<\/p>\n<h2><strong>Mercados de valores<\/strong><\/h2>\n<p>Las bolsas europeas (Euro Stoxx 50 +0,97%, DAX +1,56%) lo hicieron mejor que las estadounidenses (S&#038;P 500 +0,49%, Nasdaq +1,22%, Dow Jones -0,20%), a pesar del rebote de las grandes tecnol\u00f3gicas. La nota negativa se la llev\u00f3 nuestro querido Ibex 35 (-0,57%), lastrado por Inditex (-9%). Al mercado no le gustaron las cifras del gigante textil. Y ello, a pesar de presentar el mayor beneficio neto de su historia (5866 millones de euros) y haber logrado un crecimiento del 9% respecto a 2023. Como consecuencia, el dividendo tambi\u00e9n crecer\u00e1 un 9%. Adem\u00e1s, las colecciones de primavera y verano 2025 han sido bien recibidas por los clientes: las ventas en l\u00ednea aumentaron un 4% entre febrero y marzo. Cifra que puede parecer d\u00e9bil, pero hay que tener en cuenta que febrero de 2024 tuvo un d\u00eda m\u00e1s. De cara a este a\u00f1o esperan un crecimiento de las ventas cercano al 7%, muy superior a sus competidores, pero algo por debajo de lo que auguraban los analistas. As\u00ed que el mercado, como siempre, primero dispara y luego pregunta. <\/p>\n<p>&nbsp;<\/p>\n<h2><strong>Nuevo f\u00e1rmaco contra la obesidad compite por el mercado<\/strong><\/h2>\n<p>Tambi\u00e9n en el \u00e1mbito empresarial, Roche y Zealand han firmado un acuerdo para desarrollar y comercializar conjuntamente la petrelintida, otro an\u00e1logo relacionado con los GLP-1. Los datos cl\u00ednicos actuales indican una mayor tolerabilidad que las opciones de Novo Nordisk y Eli Lilly, pero tambi\u00e9n una eficacia mucho menor. En los \u00faltimos ensayos lograron una p\u00e9rdida de peso promedio del 8,6%, frente al rango del 15 y 20% de Wegovy (Novo Nordisk) y Zepbound (Eli Lilly). El acuerdo, de 5300 millones de d\u00f3lares, busca competir en uno de los mercados con mayor crecimiento estimado para la pr\u00f3xima d\u00e9cada. <\/p>\n<p>&nbsp;<\/p>\n<h2><strong>La probabilidad de recesi\u00f3n en EE.UU. es del 40%<\/strong><\/h2>\n<p>Goldman Sachs ha sido el \u00faltimo en moderar su optimismo sobre la renta variable estadounidense. Han recortado el objetivo del S&#038;P 500 para finales de 2025 de 6500 a 6200, y se\u00f1alan la reducci\u00f3n de las previsiones de crecimiento del PIB, el aumento de los aranceles, la elevada incertidumbre y la reciente liquidaci\u00f3n de posiciones. Sostienen que la recuperaci\u00f3n podr\u00eda requerir una mejora de las perspectivas econ\u00f3micas a partir de mejores datos o cambios en la pol\u00edtica arancelaria. Por otro lado, <a href=\"https:\/\/en.wikipedia.org\/wiki\/Bruce_Kasman\" target=\"_blank\">Bruce Kasman<\/a> \u2014economista jefe de JP Morgan\u2014 afirma que la probabilidad de recesi\u00f3n ha subido hasta el 40%. Cree que la Administraci\u00f3n actual podr\u00eda socavar la confianza en la gobernanza estadounidense. <strong>\u00bfMomento para comprar?<\/strong><\/p>\n<p>&nbsp;<\/p>\n<p>Feliz jueves, y \u00e1nimo a los colchoneros. <span style=\"font-size:1.2em; transform:translateY(-3px); display:inline-block;\">&#x1F3C6;<\/span><\/p>\n<p>&nbsp;<\/p>\n<p><center><strong>V\u00edctor \u00c1lvarez Sanz<\/strong><br \/>\nDirector de renta variable <\/center><\/p>\n","protected":false},"excerpt":{"rendered":"<p>La inflaci\u00f3n estadounidense sorprendi\u00f3 a la baja en febrero. El IPC mensual se qued\u00f3 en el 0,2% (0,3% esperado), misma cifra que la versi\u00f3n subyacente (0,2% vs. 0,3% estimado). De esta forma, los datos anualizados ser\u00edan +2,8% y +3,1%, respectivamente. Llama la atenci\u00f3n la desaceleraci\u00f3n de los servicios de transporte (-0,8%) y la ca\u00edda de [&hellip;]<\/p>\n","protected":false},"author":9,"featured_media":106286,"comment_status":"closed","ping_status":"open","sticky":false,"template":"","format":"standard","meta":{"_acf_changed":false,"footnotes":""},"categories":[9721],"tags":[9894,9925,989,9167,9926],"class_list":["post-106279","post","type-post","status-publish","format-standard","has-post-thumbnail","hentry","category-morning-meeting","tag-acero-y-aluminio","tag-aranceles-trump","tag-canada","tag-el-ibex-35-hoy","tag-petrelintida"],"acf":[],"yoast_head":"<!-- This site is optimized with the Yoast SEO plugin v27.5 - https:\/\/yoast.com\/product\/yoast-seo-wordpress\/ -->\n<title>Canad\u00e1 y la UE responden a los aranceles de Trump<\/title>\n<meta name=\"description\" content=\"Estados Unidos mantiene la idea de imponer tarifas rec\u00edprocas en los aranceles a Canad\u00e1 y la UE con muy poca flexibilidad en los grav\u00e1menes.\" \/>\n<meta name=\"robots\" content=\"index, follow, max-snippet:-1, max-image-preview:large, max-video-preview:-1\" \/>\n<link rel=\"canonical\" href=\"https:\/\/www.tressis.com\/ca\/blog\/canada-ue-aranceles-de-trump\/\" \/>\n<meta property=\"og:locale\" content=\"ca_ES\" \/>\n<meta property=\"og:type\" content=\"article\" \/>\n<meta property=\"og:title\" content=\"Canad\u00e1 y la UE responden a los aranceles de Trump\" \/>\n<meta property=\"og:description\" content=\"Estados Unidos mantiene la idea de imponer tarifas rec\u00edprocas en los aranceles a Canad\u00e1 y la UE con muy poca flexibilidad en los grav\u00e1menes.\" \/>\n<meta property=\"og:url\" content=\"https:\/\/www.tressis.com\/ca\/blog\/canada-ue-aranceles-de-trump\/\" \/>\n<meta property=\"og:site_name\" content=\"Tressis\" \/>\n<meta property=\"article:publisher\" content=\"https:\/\/www.facebook.com\/Tressis\/\" \/>\n<meta property=\"article:published_time\" content=\"2025-03-13T08:33:42+00:00\" \/>\n<meta property=\"article:modified_time\" content=\"2025-03-13T10:05:52+00:00\" \/>\n<meta property=\"og:image\" content=\"https:\/\/www.tressis.com\/wp-content\/uploads\/2025\/03\/canada-ue-aranceles-de-trump-01.webp\" \/>\n\t<meta property=\"og:image:width\" content=\"1200\" \/>\n\t<meta property=\"og:image:height\" content=\"531\" \/>\n\t<meta property=\"og:image:type\" content=\"image\/webp\" \/>\n<meta name=\"author\" content=\"Armando\" \/>\n<meta name=\"twitter:card\" content=\"summary_large_image\" \/>\n<meta name=\"twitter:creator\" content=\"@TressisSV\" \/>\n<meta name=\"twitter:site\" content=\"@TressisSV\" \/>\n<meta name=\"twitter:label1\" content=\"Escrit per\" \/>\n\t<meta name=\"twitter:data1\" content=\"Armando\" \/>\n\t<meta name=\"twitter:label2\" content=\"Temps estimat de lectura\" \/>\n\t<meta name=\"twitter:data2\" content=\"3 minuts\" \/>\n<script type=\"application\/ld+json\" class=\"yoast-schema-graph\">{\"@context\":\"https:\\\/\\\/schema.org\",\"@graph\":[{\"@type\":\"Article\",\"@id\":\"https:\\\/\\\/www.tressis.com\\\/ca\\\/blog\\\/canada-ue-aranceles-de-trump\\\/#article\",\"isPartOf\":{\"@id\":\"https:\\\/\\\/www.tressis.com\\\/ca\\\/blog\\\/canada-ue-aranceles-de-trump\\\/\"},\"author\":{\"name\":\"Armando\",\"@id\":\"https:\\\/\\\/www.tressis.com\\\/ca\\\/#\\\/schema\\\/person\\\/56d3b4de0493f088a4ca62a2e0c790ae\"},\"headline\":\"Canad\u00e1 y la UE responden a los aranceles de Trump\",\"datePublished\":\"2025-03-13T08:33:42+00:00\",\"dateModified\":\"2025-03-13T10:05:52+00:00\",\"mainEntityOfPage\":{\"@id\":\"https:\\\/\\\/www.tressis.com\\\/ca\\\/blog\\\/canada-ue-aranceles-de-trump\\\/\"},\"wordCount\":686,\"publisher\":{\"@id\":\"https:\\\/\\\/www.tressis.com\\\/ca\\\/#organization\"},\"image\":{\"@id\":\"https:\\\/\\\/www.tressis.com\\\/ca\\\/blog\\\/canada-ue-aranceles-de-trump\\\/#primaryimage\"},\"thumbnailUrl\":\"https:\\\/\\\/www.tressis.com\\\/wp-content\\\/uploads\\\/2025\\\/03\\\/canada-ue-aranceles-de-trump-01.webp\",\"keywords\":[\"acero y aluminio\",\"aranceles Trump\",\"Canad\u00e1\",\"el Ibex 35 hoy\",\"petrelintida\"],\"articleSection\":[\"Morning meeting\"],\"inLanguage\":\"ca\"},{\"@type\":\"WebPage\",\"@id\":\"https:\\\/\\\/www.tressis.com\\\/ca\\\/blog\\\/canada-ue-aranceles-de-trump\\\/\",\"url\":\"https:\\\/\\\/www.tressis.com\\\/ca\\\/blog\\\/canada-ue-aranceles-de-trump\\\/\",\"name\":\"Canad\u00e1 y la UE responden a los aranceles de Trump\",\"isPartOf\":{\"@id\":\"https:\\\/\\\/www.tressis.com\\\/ca\\\/#website\"},\"primaryImageOfPage\":{\"@id\":\"https:\\\/\\\/www.tressis.com\\\/ca\\\/blog\\\/canada-ue-aranceles-de-trump\\\/#primaryimage\"},\"image\":{\"@id\":\"https:\\\/\\\/www.tressis.com\\\/ca\\\/blog\\\/canada-ue-aranceles-de-trump\\\/#primaryimage\"},\"thumbnailUrl\":\"https:\\\/\\\/www.tressis.com\\\/wp-content\\\/uploads\\\/2025\\\/03\\\/canada-ue-aranceles-de-trump-01.webp\",\"datePublished\":\"2025-03-13T08:33:42+00:00\",\"dateModified\":\"2025-03-13T10:05:52+00:00\",\"description\":\"Estados Unidos mantiene la idea de imponer tarifas rec\u00edprocas en los aranceles a Canad\u00e1 y la UE con muy poca flexibilidad en los grav\u00e1menes.\",\"breadcrumb\":{\"@id\":\"https:\\\/\\\/www.tressis.com\\\/ca\\\/blog\\\/canada-ue-aranceles-de-trump\\\/#breadcrumb\"},\"inLanguage\":\"ca\",\"potentialAction\":[{\"@type\":\"ReadAction\",\"target\":[\"https:\\\/\\\/www.tressis.com\\\/ca\\\/blog\\\/canada-ue-aranceles-de-trump\\\/\"]}]},{\"@type\":\"ImageObject\",\"inLanguage\":\"ca\",\"@id\":\"https:\\\/\\\/www.tressis.com\\\/ca\\\/blog\\\/canada-ue-aranceles-de-trump\\\/#primaryimage\",\"url\":\"https:\\\/\\\/www.tressis.com\\\/wp-content\\\/uploads\\\/2025\\\/03\\\/canada-ue-aranceles-de-trump-01.webp\",\"contentUrl\":\"https:\\\/\\\/www.tressis.com\\\/wp-content\\\/uploads\\\/2025\\\/03\\\/canada-ue-aranceles-de-trump-01.webp\",\"width\":1200,\"height\":531,\"caption\":\"Canad\u00e1 y UE y aranceles Trump\"},{\"@type\":\"BreadcrumbList\",\"@id\":\"https:\\\/\\\/www.tressis.com\\\/ca\\\/blog\\\/canada-ue-aranceles-de-trump\\\/#breadcrumb\",\"itemListElement\":[{\"@type\":\"ListItem\",\"position\":1,\"name\":\"Inicio\",\"item\":\"https:\\\/\\\/www.tressis.com\\\/ca\\\/\"},{\"@type\":\"ListItem\",\"position\":2,\"name\":\"Morning meeting\",\"item\":\"https:\\\/\\\/www.tressis.com\\\/ca\\\/blog\\\/categorias\\\/morning-meeting-ca\\\/\"},{\"@type\":\"ListItem\",\"position\":3,\"name\":\"Canad\u00e1 y la UE responden a los aranceles de Trump\"}]},{\"@type\":\"WebSite\",\"@id\":\"https:\\\/\\\/www.tressis.com\\\/ca\\\/#website\",\"url\":\"https:\\\/\\\/www.tressis.com\\\/ca\\\/\",\"name\":\"Tressis banca privada\",\"description\":\"Tressis | Planificaci\u00f3n financiera y gesti\u00f3n de patrimonios\",\"publisher\":{\"@id\":\"https:\\\/\\\/www.tressis.com\\\/ca\\\/#organization\"},\"potentialAction\":[{\"@type\":\"SearchAction\",\"target\":{\"@type\":\"EntryPoint\",\"urlTemplate\":\"https:\\\/\\\/www.tressis.com\\\/ca\\\/?s={search_term_string}\"},\"query-input\":{\"@type\":\"PropertyValueSpecification\",\"valueRequired\":true,\"valueName\":\"search_term_string\"}}],\"inLanguage\":\"ca\"},{\"@type\":\"Organization\",\"@id\":\"https:\\\/\\\/www.tressis.com\\\/ca\\\/#organization\",\"name\":\"Tressis\",\"url\":\"https:\\\/\\\/www.tressis.com\\\/ca\\\/\",\"logo\":{\"@type\":\"ImageObject\",\"inLanguage\":\"ca\",\"@id\":\"https:\\\/\\\/www.tressis.com\\\/ca\\\/#\\\/schema\\\/logo\\\/image\\\/\",\"url\":\"https:\\\/\\\/www.tressis.com\\\/wp-content\\\/uploads\\\/2025\\\/06\\\/logo-tressis-112.png\",\"contentUrl\":\"https:\\\/\\\/www.tressis.com\\\/wp-content\\\/uploads\\\/2025\\\/06\\\/logo-tressis-112.png\",\"width\":112,\"height\":112,\"caption\":\"Tressis\"},\"image\":{\"@id\":\"https:\\\/\\\/www.tressis.com\\\/ca\\\/#\\\/schema\\\/logo\\\/image\\\/\"},\"sameAs\":[\"https:\\\/\\\/www.facebook.com\\\/Tressis\\\/\",\"https:\\\/\\\/x.com\\\/TressisSV\",\"https:\\\/\\\/www.instagram.com\\\/tressissv\\\/?hl=es\",\"https:\\\/\\\/linkedin.com\\\/company\\\/tressis\\\/\",\"https:\\\/\\\/www.youtube.com\\\/user\\\/tressissv\",\"https:\\\/\\\/open.spotify.com\\\/show\\\/3jmTe1Nf0wqMILl7diWV6h?si=d7112519f13c4593&nd=1\"]},{\"@type\":\"Person\",\"@id\":\"https:\\\/\\\/www.tressis.com\\\/ca\\\/#\\\/schema\\\/person\\\/56d3b4de0493f088a4ca62a2e0c790ae\",\"name\":\"Armando\",\"image\":{\"@type\":\"ImageObject\",\"inLanguage\":\"ca\",\"@id\":\"https:\\\/\\\/secure.gravatar.com\\\/avatar\\\/6d7efca74644be7dae792b122beab663996c233ae58f101b52769ece1cbf1435?s=96&d=mm&r=g\",\"url\":\"https:\\\/\\\/secure.gravatar.com\\\/avatar\\\/6d7efca74644be7dae792b122beab663996c233ae58f101b52769ece1cbf1435?s=96&d=mm&r=g\",\"contentUrl\":\"https:\\\/\\\/secure.gravatar.com\\\/avatar\\\/6d7efca74644be7dae792b122beab663996c233ae58f101b52769ece1cbf1435?s=96&d=mm&r=g\",\"caption\":\"Armando\"}}]}<\/script>\n<!-- \/ Yoast SEO plugin. -->","yoast_head_json":{"title":"Canad\u00e1 y la UE responden a los aranceles de Trump","description":"Estados Unidos mantiene la idea de imponer tarifas rec\u00edprocas en los aranceles a Canad\u00e1 y la UE con muy poca flexibilidad en los grav\u00e1menes.","robots":{"index":"index","follow":"follow","max-snippet":"max-snippet:-1","max-image-preview":"max-image-preview:large","max-video-preview":"max-video-preview:-1"},"canonical":"https:\/\/www.tressis.com\/ca\/blog\/canada-ue-aranceles-de-trump\/","og_locale":"ca_ES","og_type":"article","og_title":"Canad\u00e1 y la UE responden a los aranceles de Trump","og_description":"Estados Unidos mantiene la idea de imponer tarifas rec\u00edprocas en los aranceles a Canad\u00e1 y la UE con muy poca flexibilidad en los grav\u00e1menes.","og_url":"https:\/\/www.tressis.com\/ca\/blog\/canada-ue-aranceles-de-trump\/","og_site_name":"Tressis","article_publisher":"https:\/\/www.facebook.com\/Tressis\/","article_published_time":"2025-03-13T08:33:42+00:00","article_modified_time":"2025-03-13T10:05:52+00:00","og_image":[{"width":1200,"height":531,"url":"https:\/\/www.tressis.com\/wp-content\/uploads\/2025\/03\/canada-ue-aranceles-de-trump-01.webp","type":"image\/webp"}],"author":"Armando","twitter_card":"summary_large_image","twitter_creator":"@TressisSV","twitter_site":"@TressisSV","twitter_misc":{"Escrit per":"Armando","Temps estimat de lectura":"3 minuts"},"schema":{"@context":"https:\/\/schema.org","@graph":[{"@type":"Article","@id":"https:\/\/www.tressis.com\/ca\/blog\/canada-ue-aranceles-de-trump\/#article","isPartOf":{"@id":"https:\/\/www.tressis.com\/ca\/blog\/canada-ue-aranceles-de-trump\/"},"author":{"name":"Armando","@id":"https:\/\/www.tressis.com\/ca\/#\/schema\/person\/56d3b4de0493f088a4ca62a2e0c790ae"},"headline":"Canad\u00e1 y la UE responden a los aranceles de Trump","datePublished":"2025-03-13T08:33:42+00:00","dateModified":"2025-03-13T10:05:52+00:00","mainEntityOfPage":{"@id":"https:\/\/www.tressis.com\/ca\/blog\/canada-ue-aranceles-de-trump\/"},"wordCount":686,"publisher":{"@id":"https:\/\/www.tressis.com\/ca\/#organization"},"image":{"@id":"https:\/\/www.tressis.com\/ca\/blog\/canada-ue-aranceles-de-trump\/#primaryimage"},"thumbnailUrl":"https:\/\/www.tressis.com\/wp-content\/uploads\/2025\/03\/canada-ue-aranceles-de-trump-01.webp","keywords":["acero y aluminio","aranceles Trump","Canad\u00e1","el Ibex 35 hoy","petrelintida"],"articleSection":["Morning meeting"],"inLanguage":"ca"},{"@type":"WebPage","@id":"https:\/\/www.tressis.com\/ca\/blog\/canada-ue-aranceles-de-trump\/","url":"https:\/\/www.tressis.com\/ca\/blog\/canada-ue-aranceles-de-trump\/","name":"Canad\u00e1 y la UE responden a los aranceles de Trump","isPartOf":{"@id":"https:\/\/www.tressis.com\/ca\/#website"},"primaryImageOfPage":{"@id":"https:\/\/www.tressis.com\/ca\/blog\/canada-ue-aranceles-de-trump\/#primaryimage"},"image":{"@id":"https:\/\/www.tressis.com\/ca\/blog\/canada-ue-aranceles-de-trump\/#primaryimage"},"thumbnailUrl":"https:\/\/www.tressis.com\/wp-content\/uploads\/2025\/03\/canada-ue-aranceles-de-trump-01.webp","datePublished":"2025-03-13T08:33:42+00:00","dateModified":"2025-03-13T10:05:52+00:00","description":"Estados Unidos mantiene la idea de imponer tarifas rec\u00edprocas en los aranceles a Canad\u00e1 y la UE con muy poca flexibilidad en los grav\u00e1menes.","breadcrumb":{"@id":"https:\/\/www.tressis.com\/ca\/blog\/canada-ue-aranceles-de-trump\/#breadcrumb"},"inLanguage":"ca","potentialAction":[{"@type":"ReadAction","target":["https:\/\/www.tressis.com\/ca\/blog\/canada-ue-aranceles-de-trump\/"]}]},{"@type":"ImageObject","inLanguage":"ca","@id":"https:\/\/www.tressis.com\/ca\/blog\/canada-ue-aranceles-de-trump\/#primaryimage","url":"https:\/\/www.tressis.com\/wp-content\/uploads\/2025\/03\/canada-ue-aranceles-de-trump-01.webp","contentUrl":"https:\/\/www.tressis.com\/wp-content\/uploads\/2025\/03\/canada-ue-aranceles-de-trump-01.webp","width":1200,"height":531,"caption":"Canad\u00e1 y UE y aranceles Trump"},{"@type":"BreadcrumbList","@id":"https:\/\/www.tressis.com\/ca\/blog\/canada-ue-aranceles-de-trump\/#breadcrumb","itemListElement":[{"@type":"ListItem","position":1,"name":"Inicio","item":"https:\/\/www.tressis.com\/ca\/"},{"@type":"ListItem","position":2,"name":"Morning meeting","item":"https:\/\/www.tressis.com\/ca\/blog\/categorias\/morning-meeting-ca\/"},{"@type":"ListItem","position":3,"name":"Canad\u00e1 y la UE responden a los aranceles de Trump"}]},{"@type":"WebSite","@id":"https:\/\/www.tressis.com\/ca\/#website","url":"https:\/\/www.tressis.com\/ca\/","name":"Tressis banca privada","description":"Tressis | Planificaci\u00f3n financiera y gesti\u00f3n de patrimonios","publisher":{"@id":"https:\/\/www.tressis.com\/ca\/#organization"},"potentialAction":[{"@type":"SearchAction","target":{"@type":"EntryPoint","urlTemplate":"https:\/\/www.tressis.com\/ca\/?s={search_term_string}"},"query-input":{"@type":"PropertyValueSpecification","valueRequired":true,"valueName":"search_term_string"}}],"inLanguage":"ca"},{"@type":"Organization","@id":"https:\/\/www.tressis.com\/ca\/#organization","name":"Tressis","url":"https:\/\/www.tressis.com\/ca\/","logo":{"@type":"ImageObject","inLanguage":"ca","@id":"https:\/\/www.tressis.com\/ca\/#\/schema\/logo\/image\/","url":"https:\/\/www.tressis.com\/wp-content\/uploads\/2025\/06\/logo-tressis-112.png","contentUrl":"https:\/\/www.tressis.com\/wp-content\/uploads\/2025\/06\/logo-tressis-112.png","width":112,"height":112,"caption":"Tressis"},"image":{"@id":"https:\/\/www.tressis.com\/ca\/#\/schema\/logo\/image\/"},"sameAs":["https:\/\/www.facebook.com\/Tressis\/","https:\/\/x.com\/TressisSV","https:\/\/www.instagram.com\/tressissv\/?hl=es","https:\/\/linkedin.com\/company\/tressis\/","https:\/\/www.youtube.com\/user\/tressissv","https:\/\/open.spotify.com\/show\/3jmTe1Nf0wqMILl7diWV6h?si=d7112519f13c4593&nd=1"]},{"@type":"Person","@id":"https:\/\/www.tressis.com\/ca\/#\/schema\/person\/56d3b4de0493f088a4ca62a2e0c790ae","name":"Armando","image":{"@type":"ImageObject","inLanguage":"ca","@id":"https:\/\/secure.gravatar.com\/avatar\/6d7efca74644be7dae792b122beab663996c233ae58f101b52769ece1cbf1435?s=96&d=mm&r=g","url":"https:\/\/secure.gravatar.com\/avatar\/6d7efca74644be7dae792b122beab663996c233ae58f101b52769ece1cbf1435?s=96&d=mm&r=g","contentUrl":"https:\/\/secure.gravatar.com\/avatar\/6d7efca74644be7dae792b122beab663996c233ae58f101b52769ece1cbf1435?s=96&d=mm&r=g","caption":"Armando"}}]}},"_links":{"self":[{"href":"https:\/\/www.tressis.com\/ca\/wp-json\/wp\/v2\/posts\/106279","targetHints":{"allow":["GET"]}}],"collection":[{"href":"https:\/\/www.tressis.com\/ca\/wp-json\/wp\/v2\/posts"}],"about":[{"href":"https:\/\/www.tressis.com\/ca\/wp-json\/wp\/v2\/types\/post"}],"author":[{"embeddable":true,"href":"https:\/\/www.tressis.com\/ca\/wp-json\/wp\/v2\/users\/9"}],"replies":[{"embeddable":true,"href":"https:\/\/www.tressis.com\/ca\/wp-json\/wp\/v2\/comments?post=106279"}],"version-history":[{"count":17,"href":"https:\/\/www.tressis.com\/ca\/wp-json\/wp\/v2\/posts\/106279\/revisions"}],"predecessor-version":[{"id":106302,"href":"https:\/\/www.tressis.com\/ca\/wp-json\/wp\/v2\/posts\/106279\/revisions\/106302"}],"wp:featuredmedia":[{"embeddable":true,"href":"https:\/\/www.tressis.com\/ca\/wp-json\/wp\/v2\/media\/106286"}],"wp:attachment":[{"href":"https:\/\/www.tressis.com\/ca\/wp-json\/wp\/v2\/media?parent=106279"}],"wp:term":[{"taxonomy":"category","embeddable":true,"href":"https:\/\/www.tressis.com\/ca\/wp-json\/wp\/v2\/categories?post=106279"},{"taxonomy":"post_tag","embeddable":true,"href":"https:\/\/www.tressis.com\/ca\/wp-json\/wp\/v2\/tags?post=106279"}],"curies":[{"name":"wp","href":"https:\/\/api.w.org\/{rel}","templated":true}]}}