{"id":105546,"date":"2025-02-03T09:43:46","date_gmt":"2025-02-03T08:43:46","guid":{"rendered":"https:\/\/www.tressis.com\/?p=105546"},"modified":"2025-02-03T10:20:56","modified_gmt":"2025-02-03T09:20:56","slug":"mas-invierno-primavera-temprana","status":"publish","type":"post","link":"https:\/\/www.tressis.com\/ca\/blog\/mas-invierno-primavera-temprana\/","title":{"rendered":"\u00bfM\u00e1s invierno o primavera temprana?"},"content":{"rendered":"<p>Cada febrero, la marmota Phil sale de su madriguera para darnos su veredicto: \u00bfm\u00e1s invierno o primavera temprana? Este a\u00f1o, Phil ha hablado, y parece que el invierno sigue, al menos en el clima econ\u00f3mico. Si la marmota tuviera pasaporte, probablemente estar\u00eda preocupada por los aranceles de Donald Trump, que \u00faltimamente tiene a sus vecinos Canad\u00e1 y M\u00e9xico en su punto de mira.<\/p>\n<p>&nbsp;<\/p>\n<p>Entre un impuesto del 25% para ellos, un 10% para China, y amenazas de escalada, uno se pregunta si Trump tambi\u00e9n usar\u00e1 a Phil para medir la longitud de las represalias comerciales. Eso s\u00ed, es mejor lidiar con decretos econ\u00f3micos que con misiles: Trump aprovecho el fin de semana para lanzar un ataque contra una c\u00e9lula del ISIS en Somalia, asegurando que uno de sus l\u00edderes ya no est\u00e1 en el tablero. \u00bfSer\u00e1 que el presidente toma decisiones m\u00e1s r\u00e1pido que lo que tarda Phil en ver su sombra?<\/p>\n<p>&nbsp;<\/p>\n<h2><strong>Balance semanal positivo en las bolsas<\/strong><\/h2>\n<p>El viernes no fue ni el mejor ni el peor d\u00eda para los mercados, pero el balance semanal result\u00f3 positivo salvo para el Nasdaq y el S&#038;P 500, que no son cualquiera. La rentabilidad de los bonos baj\u00f3 notablemente: el bono a diez a\u00f1os de EE.UU. cay\u00f3 8 puntos b\u00e1sicos al 4,53%, mientras que el alem\u00e1n se situ\u00f3 en 2,46%. En cuanto al crudo, el WTI disminuy\u00f3 m\u00e1s de 2 d\u00f3lares, cerrando en 72,5 por barril, y el Brent en 76,76. La volatilidad aument\u00f3 y podr\u00eda seguir al alza mientras los mercados digieren las noticias del s\u00e1bado, que podr\u00edan impactar en la confianza en un contexto de expectativas de pol\u00edticas m\u00e1s moderadas. <\/p>\n<p>&nbsp;<\/p>\n<div style=\"text-align: center; margin-bottom: 10px;\"><a href=\"https:\/\/www.tressis.com\/tressis-vision\/?utm_source=web_publica&#038;utm_medium=direct&#038;utm_campaign=descarga_paper&#038;utm_term=tressisvision&#038;utm_content=blog_MMV\" \ntarget=\"_blank\" rel=\"noopener\"><img fetchpriority=\"high\" class=\"aligncenter wp-image-67199 size-full\" \nsrc=\"https:\/\/www.tressis.com\/wp-content\/uploads\/2023\/03\/CTA-Tressis-vision-para-articulos-blog.jpg\" \nalt=\"Informe mensual - Tressis visi\u00f3n\" width=\"800\" height=\"354\" srcset=\"https:\/\/www.tressis.com\/wp-content\/uploads\/2023\/03\/CTA-Tressis-vision-para-articulos-blog.jpg 800w, https:\/\/www.tressis.com\/wp-content\/uploads\/2023\/03\/CTA-Tressis-vision-para-articulos-blog-300x133.jpg 300w, https:\/\/www.tressis.com\/wp-content\/uploads\/2023\/03\/CTA-Tressis-vision-para-articulos-blog-768x340.jpg 768w\" sizes=\"(max-width: 800px) 100vw, 800px\" \/><\/a><\/div>\n<p>&nbsp;<\/p>\n<h2><strong><i>Stormy monday<\/i> en Wall Street<\/strong><\/h2>\n<p>Por ahora los \u00fanicos activos que se han tomado bien las noticias son el d\u00f3lar, que vuelve a cotizar en 1,025 frente al euro, y hasta el oro, que retrocede desde m\u00e1ximos hist\u00f3ricos. Por su parte, los futuros anticipan un nuevo lunes doloroso en Wall Street y el Nikkei japon\u00e9s se est\u00e1 dejando (a las 7 hora espa\u00f1olas) un 2,7%. Los chinos vuelven de la semana de celebraci\u00f3n del a\u00f1o nuevo con ca\u00eddas m\u00e1s moderadas.<\/p>\n<p>&nbsp;<\/p>\n<p>Por otro lado, el viernes conocimos que, en Estados Unidos, los costes laborales crecieron un 0,9% trimestral en los \u00faltimos meses de 2024, reflejando un aumento moderado en salarios y beneficios, pero con la tendencia anual m\u00e1s baja en tres a\u00f1os (3,8%). Los ingresos personales subieron un 0,4% mensual en diciembre, impulsados por los servicios (+0,5%) y el sector p\u00fablico (+0,6%), mientras que <strong>el gasto personal creci\u00f3 un 0,7%, superando expectativas, aunque la tasa de ahorro cay\u00f3 al 3,8%<\/strong>. El \u00edndice PCE subyacente mostr\u00f3 estabilidad anual (2,8%), y el PMI de Chicago mejor\u00f3 a 39,5, aunque sigue se\u00f1alando cierta debilidad empresarial.<\/p>\n<p>&nbsp;<\/p>\n<h2><strong>En Europa<\/strong><\/h2>\n<p>El IPC preliminar en Francia disminuy\u00f3 un 0,2% mensual en enero por la ca\u00edda en precios de bienes (-1,1%), aunque los precios de energ\u00eda y alimentos subieron, manteniendo la inflaci\u00f3n anual en 1,8%. En Alemania, las ventas minoristas cayeron un 1,6% mensual en diciembre, con una ca\u00edda en casi todos los sectores excepto el comercio en l\u00ednea (+4%).<\/p>\n<p>&nbsp;<\/p>\n<h2><strong>Visi\u00f3n de la capacidad empresarial<\/strong><\/h2>\n<p>La temporada de resultados empresariales trajo todo tipo de noticias. Apple ca\u00eda hasta los 236 d\u00f3lares ante las menores ventas en China y del iPhone. Intel decepcion\u00f3 con sus previsiones de ingresos, mientras que Exxon Mobil super\u00f3 las expectativas de ganancias gracias a un fuerte crecimiento en producci\u00f3n, compensando la reducci\u00f3n en los precios del petr\u00f3leo. Chevron increment\u00f3 dividendos a pesar de menores beneficios. Walgreens suspendi\u00f3 su dividendo para conservar efectivo, y AstraZeneca cancel\u00f3 una inversi\u00f3n en una planta de vacunas en el Reino Unido. <a href=\"https:\/\/es.wikipedia.org\/wiki\/AbbVie\" target=\"_blank\">AbbVie<\/a> tuvo su mayor alza en cuatro a\u00f1os tras previsiones optimistas. M\u00e1s del 40% de las empresas de S&#038;P 500 ya han presentado sus resultados, pero esta semana volver\u00e1 a ser muy intensa. Destacan los resultados de empresas como Alphabet, Ferrari, Walt Disney, AstraZeneca y L&#8217;Or\u00e9al, que cubren sectores como tecnolog\u00eda, consumo y salud. <strong>Estas publicaciones dar\u00e1n una visi\u00f3n de la capacidad empresarial para hacer frente a la inflaci\u00f3n<\/strong> y a la incertidumbre econ\u00f3mica.<\/p>\n<p>&nbsp;<\/p>\n<p>Adem\u00e1s, estos d\u00edas estar\u00e1n marcados por indicadores clave como los PMI manufactureros y de servicios en China, Europa y EE.UU., que ofrecer\u00e1n se\u00f1ales sobre la actividad econ\u00f3mica global. La eurozona publicar\u00e1 cifras de inflaci\u00f3n, mientras que en EE.UU. se divulgar\u00e1n datos de empleo, confianza del consumidor y ventas minoristas, que proporcionar\u00e1n pistas sobre el consumo y el mercado laboral. En pol\u00edtica monetaria, el Banco de Inglaterra celebrar\u00e1 una reuni\u00f3n, donde se espera que mantenga los tipos sin cambios. <\/p>\n<p>&nbsp;<\/p>\n<p>Buena semana.<\/p>\n<p>&nbsp;<\/p>\n<p><center><strong>Jorge Gonz\u00e1lez G\u00f3mez<\/strong><br \/>\nDirector de An\u00e1lisis<\/center><\/p>\n","protected":false},"excerpt":{"rendered":"<p>Cada febrero, la marmota Phil sale de su madriguera para darnos su veredicto: \u00bfm\u00e1s invierno o primavera temprana? Este a\u00f1o, Phil ha hablado, y parece que el invierno sigue, al menos en el clima econ\u00f3mico. Si la marmota tuviera pasaporte, probablemente estar\u00eda preocupada por los aranceles de Donald Trump, que \u00faltimamente tiene a sus vecinos [&hellip;]<\/p>\n","protected":false},"author":9,"featured_media":105550,"comment_status":"closed","ping_status":"open","sticky":false,"template":"","format":"standard","meta":{"_acf_changed":false,"footnotes":""},"categories":[9721],"tags":[281,2120,9886,8853],"class_list":["post-105546","post","type-post","status-publish","format-standard","has-post-thumbnail","hentry","category-morning-meeting","tag-aranceles","tag-donald-trump","tag-economico","tag-wti"],"acf":[],"yoast_head":"<!-- This site is optimized with the Yoast SEO plugin v27.5 - https:\/\/yoast.com\/product\/yoast-seo-wordpress\/ -->\n<title>\u00bfM\u00e1s invierno o primavera temprana?<\/title>\n<meta name=\"description\" content=\"Este a\u00f1o parece que el invierno sigue, al menos en el clima econ\u00f3mico. Donald Trump tiene a sus vecinos Canad\u00e1 y M\u00e9xico en su punto de mira.\" \/>\n<meta name=\"robots\" content=\"index, follow, max-snippet:-1, max-image-preview:large, max-video-preview:-1\" \/>\n<link rel=\"canonical\" href=\"https:\/\/www.tressis.com\/ca\/blog\/mas-invierno-primavera-temprana\/\" \/>\n<meta property=\"og:locale\" content=\"ca_ES\" \/>\n<meta property=\"og:type\" content=\"article\" \/>\n<meta property=\"og:title\" content=\"\u00bfM\u00e1s invierno o primavera temprana?\" \/>\n<meta property=\"og:description\" content=\"Este a\u00f1o parece que el invierno sigue, al menos en el clima econ\u00f3mico. Donald Trump tiene a sus vecinos Canad\u00e1 y M\u00e9xico en su punto de mira.\" \/>\n<meta property=\"og:url\" content=\"https:\/\/www.tressis.com\/ca\/blog\/mas-invierno-primavera-temprana\/\" \/>\n<meta property=\"og:site_name\" content=\"Tressis\" \/>\n<meta property=\"article:publisher\" content=\"https:\/\/www.facebook.com\/Tressis\/\" \/>\n<meta property=\"article:published_time\" content=\"2025-02-03T08:43:46+00:00\" \/>\n<meta property=\"article:modified_time\" content=\"2025-02-03T09:20:56+00:00\" \/>\n<meta property=\"og:image\" content=\"https:\/\/www.tressis.com\/wp-content\/uploads\/2025\/02\/mas-invierno-primavera-temprana-01.webp\" \/>\n\t<meta property=\"og:image:width\" content=\"1200\" \/>\n\t<meta property=\"og:image:height\" content=\"531\" \/>\n\t<meta property=\"og:image:type\" content=\"image\/webp\" \/>\n<meta name=\"author\" content=\"Armando\" \/>\n<meta name=\"twitter:card\" content=\"summary_large_image\" \/>\n<meta name=\"twitter:creator\" content=\"@TressisSV\" \/>\n<meta name=\"twitter:site\" content=\"@TressisSV\" \/>\n<meta name=\"twitter:label1\" content=\"Escrit per\" \/>\n\t<meta name=\"twitter:data1\" content=\"Armando\" \/>\n\t<meta name=\"twitter:label2\" content=\"Temps estimat de lectura\" \/>\n\t<meta name=\"twitter:data2\" content=\"4 minuts\" \/>\n<script type=\"application\/ld+json\" class=\"yoast-schema-graph\">{\"@context\":\"https:\\\/\\\/schema.org\",\"@graph\":[{\"@type\":\"Article\",\"@id\":\"https:\\\/\\\/www.tressis.com\\\/ca\\\/blog\\\/mas-invierno-primavera-temprana\\\/#article\",\"isPartOf\":{\"@id\":\"https:\\\/\\\/www.tressis.com\\\/ca\\\/blog\\\/mas-invierno-primavera-temprana\\\/\"},\"author\":{\"name\":\"Armando\",\"@id\":\"https:\\\/\\\/www.tressis.com\\\/ca\\\/#\\\/schema\\\/person\\\/56d3b4de0493f088a4ca62a2e0c790ae\"},\"headline\":\"\u00bfM\u00e1s invierno o primavera temprana?\",\"datePublished\":\"2025-02-03T08:43:46+00:00\",\"dateModified\":\"2025-02-03T09:20:56+00:00\",\"mainEntityOfPage\":{\"@id\":\"https:\\\/\\\/www.tressis.com\\\/ca\\\/blog\\\/mas-invierno-primavera-temprana\\\/\"},\"wordCount\":823,\"publisher\":{\"@id\":\"https:\\\/\\\/www.tressis.com\\\/ca\\\/#organization\"},\"image\":{\"@id\":\"https:\\\/\\\/www.tressis.com\\\/ca\\\/blog\\\/mas-invierno-primavera-temprana\\\/#primaryimage\"},\"thumbnailUrl\":\"https:\\\/\\\/www.tressis.com\\\/wp-content\\\/uploads\\\/2025\\\/02\\\/mas-invierno-primavera-temprana-01.webp\",\"keywords\":[\"aranceles\",\"Donald Trump\",\"econ\u00f3mico\",\"WTI\"],\"articleSection\":[\"Morning meeting\"],\"inLanguage\":\"ca\"},{\"@type\":\"WebPage\",\"@id\":\"https:\\\/\\\/www.tressis.com\\\/ca\\\/blog\\\/mas-invierno-primavera-temprana\\\/\",\"url\":\"https:\\\/\\\/www.tressis.com\\\/ca\\\/blog\\\/mas-invierno-primavera-temprana\\\/\",\"name\":\"\u00bfM\u00e1s invierno o primavera temprana?\",\"isPartOf\":{\"@id\":\"https:\\\/\\\/www.tressis.com\\\/ca\\\/#website\"},\"primaryImageOfPage\":{\"@id\":\"https:\\\/\\\/www.tressis.com\\\/ca\\\/blog\\\/mas-invierno-primavera-temprana\\\/#primaryimage\"},\"image\":{\"@id\":\"https:\\\/\\\/www.tressis.com\\\/ca\\\/blog\\\/mas-invierno-primavera-temprana\\\/#primaryimage\"},\"thumbnailUrl\":\"https:\\\/\\\/www.tressis.com\\\/wp-content\\\/uploads\\\/2025\\\/02\\\/mas-invierno-primavera-temprana-01.webp\",\"datePublished\":\"2025-02-03T08:43:46+00:00\",\"dateModified\":\"2025-02-03T09:20:56+00:00\",\"description\":\"Este a\u00f1o parece que el invierno sigue, al menos en el clima econ\u00f3mico. Donald Trump tiene a sus vecinos Canad\u00e1 y M\u00e9xico en su punto de mira.\",\"breadcrumb\":{\"@id\":\"https:\\\/\\\/www.tressis.com\\\/ca\\\/blog\\\/mas-invierno-primavera-temprana\\\/#breadcrumb\"},\"inLanguage\":\"ca\",\"potentialAction\":[{\"@type\":\"ReadAction\",\"target\":[\"https:\\\/\\\/www.tressis.com\\\/ca\\\/blog\\\/mas-invierno-primavera-temprana\\\/\"]}]},{\"@type\":\"ImageObject\",\"inLanguage\":\"ca\",\"@id\":\"https:\\\/\\\/www.tressis.com\\\/ca\\\/blog\\\/mas-invierno-primavera-temprana\\\/#primaryimage\",\"url\":\"https:\\\/\\\/www.tressis.com\\\/wp-content\\\/uploads\\\/2025\\\/02\\\/mas-invierno-primavera-temprana-01.webp\",\"contentUrl\":\"https:\\\/\\\/www.tressis.com\\\/wp-content\\\/uploads\\\/2025\\\/02\\\/mas-invierno-primavera-temprana-01.webp\",\"width\":1200,\"height\":531,\"caption\":\"M\u00e1s invierno o primavera temprana\"},{\"@type\":\"BreadcrumbList\",\"@id\":\"https:\\\/\\\/www.tressis.com\\\/ca\\\/blog\\\/mas-invierno-primavera-temprana\\\/#breadcrumb\",\"itemListElement\":[{\"@type\":\"ListItem\",\"position\":1,\"name\":\"Inicio\",\"item\":\"https:\\\/\\\/www.tressis.com\\\/ca\\\/\"},{\"@type\":\"ListItem\",\"position\":2,\"name\":\"Morning meeting\",\"item\":\"https:\\\/\\\/www.tressis.com\\\/ca\\\/blog\\\/categorias\\\/morning-meeting-ca\\\/\"},{\"@type\":\"ListItem\",\"position\":3,\"name\":\"\u00bfM\u00e1s invierno o primavera temprana?\"}]},{\"@type\":\"WebSite\",\"@id\":\"https:\\\/\\\/www.tressis.com\\\/ca\\\/#website\",\"url\":\"https:\\\/\\\/www.tressis.com\\\/ca\\\/\",\"name\":\"Tressis banca privada\",\"description\":\"Tressis | Planificaci\u00f3n financiera y gesti\u00f3n de patrimonios\",\"publisher\":{\"@id\":\"https:\\\/\\\/www.tressis.com\\\/ca\\\/#organization\"},\"potentialAction\":[{\"@type\":\"SearchAction\",\"target\":{\"@type\":\"EntryPoint\",\"urlTemplate\":\"https:\\\/\\\/www.tressis.com\\\/ca\\\/?s={search_term_string}\"},\"query-input\":{\"@type\":\"PropertyValueSpecification\",\"valueRequired\":true,\"valueName\":\"search_term_string\"}}],\"inLanguage\":\"ca\"},{\"@type\":\"Organization\",\"@id\":\"https:\\\/\\\/www.tressis.com\\\/ca\\\/#organization\",\"name\":\"Tressis\",\"url\":\"https:\\\/\\\/www.tressis.com\\\/ca\\\/\",\"logo\":{\"@type\":\"ImageObject\",\"inLanguage\":\"ca\",\"@id\":\"https:\\\/\\\/www.tressis.com\\\/ca\\\/#\\\/schema\\\/logo\\\/image\\\/\",\"url\":\"https:\\\/\\\/www.tressis.com\\\/wp-content\\\/uploads\\\/2025\\\/06\\\/logo-tressis-112.png\",\"contentUrl\":\"https:\\\/\\\/www.tressis.com\\\/wp-content\\\/uploads\\\/2025\\\/06\\\/logo-tressis-112.png\",\"width\":112,\"height\":112,\"caption\":\"Tressis\"},\"image\":{\"@id\":\"https:\\\/\\\/www.tressis.com\\\/ca\\\/#\\\/schema\\\/logo\\\/image\\\/\"},\"sameAs\":[\"https:\\\/\\\/www.facebook.com\\\/Tressis\\\/\",\"https:\\\/\\\/x.com\\\/TressisSV\",\"https:\\\/\\\/www.instagram.com\\\/tressissv\\\/?hl=es\",\"https:\\\/\\\/linkedin.com\\\/company\\\/tressis\\\/\",\"https:\\\/\\\/www.youtube.com\\\/user\\\/tressissv\",\"https:\\\/\\\/open.spotify.com\\\/show\\\/3jmTe1Nf0wqMILl7diWV6h?si=d7112519f13c4593&nd=1\"]},{\"@type\":\"Person\",\"@id\":\"https:\\\/\\\/www.tressis.com\\\/ca\\\/#\\\/schema\\\/person\\\/56d3b4de0493f088a4ca62a2e0c790ae\",\"name\":\"Armando\",\"image\":{\"@type\":\"ImageObject\",\"inLanguage\":\"ca\",\"@id\":\"https:\\\/\\\/secure.gravatar.com\\\/avatar\\\/6d7efca74644be7dae792b122beab663996c233ae58f101b52769ece1cbf1435?s=96&d=mm&r=g\",\"url\":\"https:\\\/\\\/secure.gravatar.com\\\/avatar\\\/6d7efca74644be7dae792b122beab663996c233ae58f101b52769ece1cbf1435?s=96&d=mm&r=g\",\"contentUrl\":\"https:\\\/\\\/secure.gravatar.com\\\/avatar\\\/6d7efca74644be7dae792b122beab663996c233ae58f101b52769ece1cbf1435?s=96&d=mm&r=g\",\"caption\":\"Armando\"}}]}<\/script>\n<!-- \/ Yoast SEO plugin. -->","yoast_head_json":{"title":"\u00bfM\u00e1s invierno o primavera temprana?","description":"Este a\u00f1o parece que el invierno sigue, al menos en el clima econ\u00f3mico. Donald Trump tiene a sus vecinos Canad\u00e1 y M\u00e9xico en su punto de mira.","robots":{"index":"index","follow":"follow","max-snippet":"max-snippet:-1","max-image-preview":"max-image-preview:large","max-video-preview":"max-video-preview:-1"},"canonical":"https:\/\/www.tressis.com\/ca\/blog\/mas-invierno-primavera-temprana\/","og_locale":"ca_ES","og_type":"article","og_title":"\u00bfM\u00e1s invierno o primavera temprana?","og_description":"Este a\u00f1o parece que el invierno sigue, al menos en el clima econ\u00f3mico. Donald Trump tiene a sus vecinos Canad\u00e1 y M\u00e9xico en su punto de mira.","og_url":"https:\/\/www.tressis.com\/ca\/blog\/mas-invierno-primavera-temprana\/","og_site_name":"Tressis","article_publisher":"https:\/\/www.facebook.com\/Tressis\/","article_published_time":"2025-02-03T08:43:46+00:00","article_modified_time":"2025-02-03T09:20:56+00:00","og_image":[{"width":1200,"height":531,"url":"https:\/\/www.tressis.com\/wp-content\/uploads\/2025\/02\/mas-invierno-primavera-temprana-01.webp","type":"image\/webp"}],"author":"Armando","twitter_card":"summary_large_image","twitter_creator":"@TressisSV","twitter_site":"@TressisSV","twitter_misc":{"Escrit per":"Armando","Temps estimat de lectura":"4 minuts"},"schema":{"@context":"https:\/\/schema.org","@graph":[{"@type":"Article","@id":"https:\/\/www.tressis.com\/ca\/blog\/mas-invierno-primavera-temprana\/#article","isPartOf":{"@id":"https:\/\/www.tressis.com\/ca\/blog\/mas-invierno-primavera-temprana\/"},"author":{"name":"Armando","@id":"https:\/\/www.tressis.com\/ca\/#\/schema\/person\/56d3b4de0493f088a4ca62a2e0c790ae"},"headline":"\u00bfM\u00e1s invierno o primavera temprana?","datePublished":"2025-02-03T08:43:46+00:00","dateModified":"2025-02-03T09:20:56+00:00","mainEntityOfPage":{"@id":"https:\/\/www.tressis.com\/ca\/blog\/mas-invierno-primavera-temprana\/"},"wordCount":823,"publisher":{"@id":"https:\/\/www.tressis.com\/ca\/#organization"},"image":{"@id":"https:\/\/www.tressis.com\/ca\/blog\/mas-invierno-primavera-temprana\/#primaryimage"},"thumbnailUrl":"https:\/\/www.tressis.com\/wp-content\/uploads\/2025\/02\/mas-invierno-primavera-temprana-01.webp","keywords":["aranceles","Donald Trump","econ\u00f3mico","WTI"],"articleSection":["Morning meeting"],"inLanguage":"ca"},{"@type":"WebPage","@id":"https:\/\/www.tressis.com\/ca\/blog\/mas-invierno-primavera-temprana\/","url":"https:\/\/www.tressis.com\/ca\/blog\/mas-invierno-primavera-temprana\/","name":"\u00bfM\u00e1s invierno o primavera temprana?","isPartOf":{"@id":"https:\/\/www.tressis.com\/ca\/#website"},"primaryImageOfPage":{"@id":"https:\/\/www.tressis.com\/ca\/blog\/mas-invierno-primavera-temprana\/#primaryimage"},"image":{"@id":"https:\/\/www.tressis.com\/ca\/blog\/mas-invierno-primavera-temprana\/#primaryimage"},"thumbnailUrl":"https:\/\/www.tressis.com\/wp-content\/uploads\/2025\/02\/mas-invierno-primavera-temprana-01.webp","datePublished":"2025-02-03T08:43:46+00:00","dateModified":"2025-02-03T09:20:56+00:00","description":"Este a\u00f1o parece que el invierno sigue, al menos en el clima econ\u00f3mico. Donald Trump tiene a sus vecinos Canad\u00e1 y M\u00e9xico en su punto de mira.","breadcrumb":{"@id":"https:\/\/www.tressis.com\/ca\/blog\/mas-invierno-primavera-temprana\/#breadcrumb"},"inLanguage":"ca","potentialAction":[{"@type":"ReadAction","target":["https:\/\/www.tressis.com\/ca\/blog\/mas-invierno-primavera-temprana\/"]}]},{"@type":"ImageObject","inLanguage":"ca","@id":"https:\/\/www.tressis.com\/ca\/blog\/mas-invierno-primavera-temprana\/#primaryimage","url":"https:\/\/www.tressis.com\/wp-content\/uploads\/2025\/02\/mas-invierno-primavera-temprana-01.webp","contentUrl":"https:\/\/www.tressis.com\/wp-content\/uploads\/2025\/02\/mas-invierno-primavera-temprana-01.webp","width":1200,"height":531,"caption":"M\u00e1s invierno o primavera temprana"},{"@type":"BreadcrumbList","@id":"https:\/\/www.tressis.com\/ca\/blog\/mas-invierno-primavera-temprana\/#breadcrumb","itemListElement":[{"@type":"ListItem","position":1,"name":"Inicio","item":"https:\/\/www.tressis.com\/ca\/"},{"@type":"ListItem","position":2,"name":"Morning meeting","item":"https:\/\/www.tressis.com\/ca\/blog\/categorias\/morning-meeting-ca\/"},{"@type":"ListItem","position":3,"name":"\u00bfM\u00e1s invierno o primavera temprana?"}]},{"@type":"WebSite","@id":"https:\/\/www.tressis.com\/ca\/#website","url":"https:\/\/www.tressis.com\/ca\/","name":"Tressis banca privada","description":"Tressis | Planificaci\u00f3n financiera y gesti\u00f3n de patrimonios","publisher":{"@id":"https:\/\/www.tressis.com\/ca\/#organization"},"potentialAction":[{"@type":"SearchAction","target":{"@type":"EntryPoint","urlTemplate":"https:\/\/www.tressis.com\/ca\/?s={search_term_string}"},"query-input":{"@type":"PropertyValueSpecification","valueRequired":true,"valueName":"search_term_string"}}],"inLanguage":"ca"},{"@type":"Organization","@id":"https:\/\/www.tressis.com\/ca\/#organization","name":"Tressis","url":"https:\/\/www.tressis.com\/ca\/","logo":{"@type":"ImageObject","inLanguage":"ca","@id":"https:\/\/www.tressis.com\/ca\/#\/schema\/logo\/image\/","url":"https:\/\/www.tressis.com\/wp-content\/uploads\/2025\/06\/logo-tressis-112.png","contentUrl":"https:\/\/www.tressis.com\/wp-content\/uploads\/2025\/06\/logo-tressis-112.png","width":112,"height":112,"caption":"Tressis"},"image":{"@id":"https:\/\/www.tressis.com\/ca\/#\/schema\/logo\/image\/"},"sameAs":["https:\/\/www.facebook.com\/Tressis\/","https:\/\/x.com\/TressisSV","https:\/\/www.instagram.com\/tressissv\/?hl=es","https:\/\/linkedin.com\/company\/tressis\/","https:\/\/www.youtube.com\/user\/tressissv","https:\/\/open.spotify.com\/show\/3jmTe1Nf0wqMILl7diWV6h?si=d7112519f13c4593&nd=1"]},{"@type":"Person","@id":"https:\/\/www.tressis.com\/ca\/#\/schema\/person\/56d3b4de0493f088a4ca62a2e0c790ae","name":"Armando","image":{"@type":"ImageObject","inLanguage":"ca","@id":"https:\/\/secure.gravatar.com\/avatar\/6d7efca74644be7dae792b122beab663996c233ae58f101b52769ece1cbf1435?s=96&d=mm&r=g","url":"https:\/\/secure.gravatar.com\/avatar\/6d7efca74644be7dae792b122beab663996c233ae58f101b52769ece1cbf1435?s=96&d=mm&r=g","contentUrl":"https:\/\/secure.gravatar.com\/avatar\/6d7efca74644be7dae792b122beab663996c233ae58f101b52769ece1cbf1435?s=96&d=mm&r=g","caption":"Armando"}}]}},"_links":{"self":[{"href":"https:\/\/www.tressis.com\/ca\/wp-json\/wp\/v2\/posts\/105546","targetHints":{"allow":["GET"]}}],"collection":[{"href":"https:\/\/www.tressis.com\/ca\/wp-json\/wp\/v2\/posts"}],"about":[{"href":"https:\/\/www.tressis.com\/ca\/wp-json\/wp\/v2\/types\/post"}],"author":[{"embeddable":true,"href":"https:\/\/www.tressis.com\/ca\/wp-json\/wp\/v2\/users\/9"}],"replies":[{"embeddable":true,"href":"https:\/\/www.tressis.com\/ca\/wp-json\/wp\/v2\/comments?post=105546"}],"version-history":[{"count":12,"href":"https:\/\/www.tressis.com\/ca\/wp-json\/wp\/v2\/posts\/105546\/revisions"}],"predecessor-version":[{"id":105559,"href":"https:\/\/www.tressis.com\/ca\/wp-json\/wp\/v2\/posts\/105546\/revisions\/105559"}],"wp:featuredmedia":[{"embeddable":true,"href":"https:\/\/www.tressis.com\/ca\/wp-json\/wp\/v2\/media\/105550"}],"wp:attachment":[{"href":"https:\/\/www.tressis.com\/ca\/wp-json\/wp\/v2\/media?parent=105546"}],"wp:term":[{"taxonomy":"category","embeddable":true,"href":"https:\/\/www.tressis.com\/ca\/wp-json\/wp\/v2\/categories?post=105546"},{"taxonomy":"post_tag","embeddable":true,"href":"https:\/\/www.tressis.com\/ca\/wp-json\/wp\/v2\/tags?post=105546"}],"curies":[{"name":"wp","href":"https:\/\/api.w.org\/{rel}","templated":true}]}}